{"id":15430,"date":"2014-04-18T08:00:33","date_gmt":"2014-04-18T03:00:33","guid":{"rendered":"http:\/\/www.zerdab.com\/?p=15430"},"modified":"2014-04-17T23:38:54","modified_gmt":"2014-04-17T18:38:54","slug":"z%c9%99rdabda-xeyli-isl%c9%99r-gorulub-v%c9%99-bu-isl%c9%99r-hazirda-da-davam-etdirilir","status":"publish","type":"post","link":"https:\/\/www.zerdab.com\/?p=15430","title":{"rendered":"&#8220;Z\u0259rdabda xeyli i\u015fl\u0259r g\u00f6r\u00fcl\u00fcb v\u0259 bu i\u015fl\u0259r haz\u0131rda da davam etdirilir&#8221;"},"content":{"rendered":"<p><a href=\"http:\/\/www.zerdab.com\/wp-content\/uploads\/2014\/04\/Hesabat.jpg\"><img loading=\"lazy\" decoding=\"async\" class=\"aligncenter size-large wp-image-15431\" alt=\"Z\u0259rdab rayonu\" src=\"http:\/\/www.zerdab.com\/wp-content\/uploads\/2014\/04\/Hesabat-550x365.jpg\" width=\"550\" height=\"365\" \/><\/a> Z\u0259rdab Rayon Heyd\u0259r \u018fliyev M\u0259rk\u0259zind\u0259 \u201cAz\u0259rbaycan Respublikas\u0131 Nazirl\u0259r Kabinetinin 2014-c\u00fc ilin birinci r\u00fcb\u00fcn\u00fcn sosial-iqtisadi inki\u015faf\u0131n\u0131n yekunlar\u0131na v\u0259 qar\u015f\u0131da duran v\u0259zif\u0259l\u0259r\u0259 h\u0259sr olunmu\u015f iclas\u0131nda Respublika Prezidenti c\u0259nab \u0130lham \u018fliyevin nitql\u0259rinin t\u0259l\u0259bl\u0259ri bax\u0131m\u0131ndan cari ilin birinci r\u00fcb\u00fcnd\u0259 rayonda\u00a0 g\u00f6r\u00fcl\u0259n i\u015fl\u0259r v\u0259 qar\u015f\u0131da duran v\u0259zif\u0259l\u0259r haqq\u0131nda\u201d Z\u0259rdab Rayon \u0130cra Hakimiyy\u0259tinin ba\u015f\u00e7\u0131s\u0131 c\u0259nab L\u00fctv\u0259li Babayevin hesabat\u0131na dair geni\u015f \u015fura y\u0131\u011f\u0131nca\u011f\u0131 ke\u00e7irilib.<\/p>\n<p>\u00d6nc\u0259 y\u0131\u011f\u0131ncaq i\u015ftirak\u00e7\u0131lar\u0131 Ulu \u00d6nd\u0259r Heyd\u0259r \u018fliyevin abid\u0259si \u00f6n\u00fcn\u0259 g\u00fcl d\u0259st\u0259l\u0259ri qoyublar. Sonra Rayon \u0130cra Hakimiyy\u0259tinin ba\u015f\u00e7\u0131s\u0131 L\u00fctv\u0259li Babayev hesabat m\u0259ruz\u0259si il\u0259 \u00e7\u0131x\u0131\u015f edib.<\/p>\n<p>Qeyd olunub ki, d\u00f6vl\u0259timizin ba\u015f\u00e7\u0131s\u0131 c\u0259nab \u0130lham \u018fliyevin r\u0259hb\u0259rliyi, y\u00fcks\u0259k diqq\u0259t v\u0259 qay\u011f\u0131s\u0131 say\u0259sind\u0259 2014-c\u00fc ilin birinci r\u00fcb\u00fc \u0259rzind\u0259 respublikam\u0131zda qazan\u0131lan u\u011furlar, \u0259ld\u0259 olunmu\u015f nailiyy\u0259tl\u0259r Z\u0259rdab rayonunun da sosial-iqtisadi h\u0259yat\u0131nda \u00f6z\u00fcn\u00fc g\u00f6st\u0259rib. \u00d6t\u0259n m\u00fcdd\u0259t \u0259rzind\u0259 Z\u0259rdabda xeyli i\u015fl\u0259r g\u00f6r\u00fcl\u00fcb v\u0259 bu i\u015fl\u0259r haz\u0131rda da davam etdirilir.<\/p>\n<p>Z\u0259rdabda b\u00fct\u00fcn sah\u0259l\u0259rin y\u00fcks\u0259k s\u00fcr\u0259tl\u0259 inki\u015faf etm\u0259si, b\u00fct\u00f6vl\u00fckd\u0259 \u0259halinin sosial rifah hal\u0131n\u0131n daha da yax\u015f\u0131la\u015fd\u0131r\u0131lmas\u0131na v\u0259 makroiqtisadi g\u00f6st\u0259ricil\u0259rin art\u0131m dinamikas\u0131na \u00f6z m\u00fcsb\u0259t t\u0259sirini g\u00f6st\u0259rib.<\/p>\n<p>2014-c\u00fc ilin birinci r\u00fcb\u00fcnd\u0259 rayon iqtisadiyyat\u0131n\u0131n \u0259sas sah\u0259l\u0259rind\u0259 14 milyon 213 min manatl\u0131q m\u0259hsul istehsal edilib.<\/p>\n<p>\u0130lin \u0259vv\u0259lind\u0259 4 k\u0259ndd\u0259, o c\u00fcml\u0259d\u0259n \u0130saqba\u011f\u0131, B\u00f6y\u00fck D\u0259kk\u0259, G\u0259lm\u0259 v\u0259 Salahl\u0131 k\u0259ndl\u0259rind\u0259 qaz x\u0259ttinin a\u00e7\u0131l\u0131\u015f\u0131 olub. Art\u0131q 10 ya\u015fay\u0131\u015f m\u0259nt\u0259q\u0259si qazla\u015f\u0131b. Dig\u0259r k\u0259ndl\u0259r\u0259 qaz x\u0259ttinin \u00e7\u0259kili\u015fi davam edir.<\/p>\n<p>Haz\u0131rda \u015f\u0259h\u0259r \u0259halisi, T\u0259z\u0259k\u0259nd v\u0259 Qo\u015faoba k\u0259nd sakinl\u0259ri t\u0259miz i\u00e7m\u0259li bulaq suyundan istifad\u0259 edirl\u0259r. 20 k\u0259ndd\u0259 modul tipli su qur\u011fular\u0131ndan istifad\u0259 olunur.<\/p>\n<p>15-ci m\u0259h\u0259ll\u0259d\u0259 yeni yol \u00e7\u0259kilir. Sahil park\u0131 abadla\u015f\u0131r. Heyd\u0259r \u018fliyev park\u0131n\u0131n i\u015f\u0131qlanma sistemi yenid\u0259n qurulur. Su x\u0259ttinin \u00e7\u0259kili\u015fi zaman\u0131 yarars\u0131z hala sal\u0131nan M\u0259lik M\u0259h\u0259rr\u0259mov, F\u00fczuli, Z\u0259rif\u0259 xan\u0131m \u018fliyeva k\u00fc\u00e7\u0259l\u0259rinin tam asfaltla\u015fmas\u0131na ba\u015flan\u0131l\u0131b. Dig\u0259r k\u00fc\u00e7\u0259l\u0259rin d\u0259 t\u0259miri h\u0259ll olunacaqd\u0131r. M\u0259rk\u0259zi x\u0259st\u0259xana binas\u0131n\u0131n \u0259sasl\u0131 t\u0259miri davam edir.<\/p>\n<p>\u201cAqrolizinq\u201d A\u00e7\u0131q S\u0259hmdar C\u0259miyy\u0259tinin Z\u0259rdab aqroservis filial\u0131 \u00fc\u00e7\u00fcn inzibati bina, tax\u0131l v\u0259 g\u00fcbr\u0259 anbar\u0131, Baytarl\u0131q idar\u0259sinin binas\u0131, Suvarma Sisteml\u0259ri \u0130dar\u0259sinin h\u0259y\u0259tind\u0259 regional ofis binas\u0131, s\u00fcd m\u0259hsullar\u0131 emal\u0131 zavodu istifad\u0259y\u0259 tam haz\u0131rd\u0131r.<\/p>\n<p>\u00dc\u00e7\u00fcnc\u00fc D\u00f6vl\u0259t Proqram\u0131nda 13 madd\u0259 \u00fczr\u0259 16 b\u0259ndd\u0259n ibar\u0259t t\u0259dbirl\u0259rin icras\u0131, o c\u00fcml\u0259d\u0259n yol, m\u0259kt\u0259b, ba\u011f\u00e7a tikintil\u0259ri v\u0259 dig\u0259r m\u0259s\u0259l\u0259l\u0259rin icras\u0131 n\u0259z\u0259rd\u0259 tutulub.<\/p>\n<p>T\u0259hsil, s\u0259hiyy\u0259, m\u0259d\u0259niyy\u0259t sah\u0259sind\u0259 i\u015fl\u0259r u\u011furla davam edir. G\u0259ncl\u0259rl\u0259 i\u015f, onlar\u0131n idmana geni\u015f c\u0259lb olunmas\u0131 daim n\u0259zar\u0259td\u0259dir. K\u0259nd t\u0259s\u0259rr\u00fcfat\u0131 dinamik inki\u015faf edir. Bu il Z\u0259rdabda bol tax\u0131l m\u0259hsulu g\u00f6zl\u0259nilir.<\/p>\n<p>Azt\u0259minatl\u0131 insanlara qay\u011f\u0131 h\u0259mi\u015f\u0259 diqq\u0259t m\u0259rk\u0259zind\u0259 saxlan\u0131l\u0131r.<\/p>\n<p>L\u00fctv\u0259li Babayev qeyd edib ki, rayonda b\u00fct\u00fcn i\u015fl\u0259r u\u011furla icra olunur. Bunlar dem\u0259y\u0259 \u0259sas verir ki, z\u0259rdabl\u0131lar 2014-c\u00fc ild\u0259 d\u0259 \u0259vv\u0259lki ill\u0259rin \u0259n\u0259n\u0259sini qoruyub saxlayacaq, h\u0259r bir sah\u0259d\u0259 yeni u\u011furlara imza at\u0131lacaq. Bunun \u00fc\u00e7\u00fcn h\u0259r bir sah\u0259d\u0259 nizam-intizam y\u00fcks\u0259ldilm\u0259li, m\u0259suliyy\u0259t art\u0131r\u0131lmal\u0131, h\u0259r k\u0259s \u00fcz\u0259rin\u0259 d\u00fc\u015f\u0259n v\u0259zif\u0259ni layiqinc\u0259 yerin\u0259 yetirm\u0259lidir.<\/p>\n<p>Hesabat y\u0131\u011f\u0131nca\u011f\u0131nda dig\u0259r sah\u0259l\u0259rd\u0259 g\u00f6r\u00fcl\u0259n i\u015fl\u0259r d\u0259 \u0259trafl\u0131 t\u0259hlil olunub.<br \/>\nY\u0131\u011f\u0131ncaqda Rayon T\u0259hsil \u015e\u00f6b\u0259sinin m\u00fcdiri Baba Babayev, G\u0259ncl\u0259r v\u0259 \u0130dman \u0130dar\u0259sinin r\u0259isi \u0130lkin \u018fliyev, M\u0259rk\u0259zi Rayon X\u0259st\u0259xanas\u0131n\u0131n ba\u015f h\u0259kimi Ruslan Nem\u0259tov, Rayon \u0130cra Hakimiyy\u0259ti Ba\u015f\u00e7\u0131s\u0131n\u0131n Z\u0259rdab \u015f\u0259h\u0259r inzibati \u0259razi dair\u0259si \u00fczr\u0259 n\u00fcmay\u0259nd\u0259si Hafiz K\u0259rimov v\u0259 dig\u0259rl\u0259ri \u00e7\u0131x\u0131\u015f edibl\u0259r.<\/p>\n<p>Sonda m\u00fcvafiq q\u0259rar q\u0259bul edilib v\u0259 y\u0131\u011f\u0131ncaq i\u015ftirak\u00e7\u0131lar\u0131 ad\u0131ndan \u00d6lk\u0259 Prezidentin\u0259 m\u00fcraci\u0259t \u00fcnvanlan\u0131b.<\/p>\n<p><b>\u00a0<span style=\"color: #0000ff;\">Z\u0259rdab Rayon \u0130cra Hakimiyy\u0259ti<\/span><\/b><\/p>\n<p><a href=\"http:\/\/www.zerdab.com\/wp-content\/uploads\/2014\/04\/Hesabat1.jpg\"><img loading=\"lazy\" decoding=\"async\" class=\"aligncenter size-large wp-image-15432\" alt=\"Z\u0259rdab rayonu\" src=\"http:\/\/www.zerdab.com\/wp-content\/uploads\/2014\/04\/Hesabat1-550x365.jpg\" width=\"550\" height=\"365\" \/><\/a><\/p>\n","protected":false},"excerpt":{"rendered":"<p>Z\u0259rdab Rayon Heyd\u0259r \u018fliyev M\u0259rk\u0259zind\u0259 \u201cAz\u0259rbaycan Respublikas\u0131 Nazirl\u0259r Kabinetinin 2014-c\u00fc ilin birinci r\u00fcb\u00fcn\u00fcn sosial-iqtisadi inki\u015faf\u0131n\u0131n yekunlar\u0131na v\u0259 qar\u015f\u0131da duran v\u0259zif\u0259l\u0259r\u0259 h\u0259sr olunmu\u015f iclas\u0131nda Respublika Prezidenti c\u0259nab \u0130lham \u018fliyevin nitql\u0259rinin t\u0259l\u0259bl\u0259ri bax\u0131m\u0131ndan cari ilin birinci r\u00fcb\u00fcnd\u0259 rayonda\u00a0 g\u00f6r\u00fcl\u0259n i\u015fl\u0259r v\u0259 qar\u015f\u0131da duran v\u0259zif\u0259l\u0259r haqq\u0131nda\u201d Z\u0259rdab Rayon \u0130cra Hakimiyy\u0259tinin ba\u015f\u00e7\u0131s\u0131 c\u0259nab L\u00fctv\u0259li Babayevin hesabat\u0131na dair geni\u015f \u015fura [&hellip;]<\/p>\n","protected":false},"author":1,"featured_media":0,"comment_status":"open","ping_status":"open","sticky":false,"template":"","format":"standard","meta":{"footnotes":""},"categories":[21],"tags":[],"class_list":{"0":"post-15430","1":"post","2":"type-post","3":"status-publish","4":"format-standard","6":"category-zrdab"},"yoast_head":"<!-- This site is optimized with the Yoast SEO plugin v27.0 - https:\/\/yoast.com\/product\/yoast-seo-wordpress\/ -->\n<title>&quot;Z\u0259rdabda xeyli i\u015fl\u0259r g\u00f6r\u00fcl\u00fcb v\u0259 bu i\u015fl\u0259r haz\u0131rda da davam etdirilir&quot; - Z\u0259rdab.com<\/title>\n<meta name=\"robots\" content=\"index, follow, max-snippet:-1, max-image-preview:large, max-video-preview:-1\" \/>\n<link rel=\"canonical\" href=\"https:\/\/www.zerdab.com\/?p=15430\" \/>\n<meta property=\"og:locale\" content=\"az_AZ\" \/>\n<meta property=\"og:type\" content=\"article\" \/>\n<meta property=\"og:title\" content=\"&quot;Z\u0259rdabda xeyli i\u015fl\u0259r g\u00f6r\u00fcl\u00fcb v\u0259 bu i\u015fl\u0259r haz\u0131rda da davam etdirilir&quot; - Z\u0259rdab.com\" \/>\n<meta property=\"og:description\" content=\"Z\u0259rdab Rayon Heyd\u0259r \u018fliyev M\u0259rk\u0259zind\u0259 \u201cAz\u0259rbaycan Respublikas\u0131 Nazirl\u0259r Kabinetinin 2014-c\u00fc ilin birinci r\u00fcb\u00fcn\u00fcn sosial-iqtisadi inki\u015faf\u0131n\u0131n yekunlar\u0131na v\u0259 qar\u015f\u0131da duran v\u0259zif\u0259l\u0259r\u0259 h\u0259sr olunmu\u015f iclas\u0131nda Respublika Prezidenti c\u0259nab \u0130lham \u018fliyevin nitql\u0259rinin t\u0259l\u0259bl\u0259ri bax\u0131m\u0131ndan cari ilin birinci r\u00fcb\u00fcnd\u0259 rayonda\u00a0 g\u00f6r\u00fcl\u0259n i\u015fl\u0259r v\u0259 qar\u015f\u0131da duran v\u0259zif\u0259l\u0259r haqq\u0131nda\u201d Z\u0259rdab Rayon \u0130cra Hakimiyy\u0259tinin ba\u015f\u00e7\u0131s\u0131 c\u0259nab L\u00fctv\u0259li Babayevin hesabat\u0131na dair geni\u015f \u015fura [&hellip;]\" \/>\n<meta property=\"og:url\" content=\"https:\/\/www.zerdab.com\/?p=15430\" \/>\n<meta property=\"og:site_name\" content=\"Z\u0259rdab.com\" \/>\n<meta property=\"article:published_time\" content=\"2014-04-18T03:00:33+00:00\" \/>\n<meta property=\"og:image\" content=\"http:\/\/www.zerdab.com\/wp-content\/uploads\/2014\/04\/Hesabat-550x365.jpg\" \/>\n<meta name=\"author\" content=\"admin\" \/>\n<meta name=\"twitter:card\" content=\"summary_large_image\" \/>\n<meta name=\"twitter:label1\" content=\"Written by\" \/>\n\t<meta name=\"twitter:data1\" content=\"admin\" \/>\n\t<meta name=\"twitter:label2\" content=\"Est. reading time\" \/>\n\t<meta name=\"twitter:data2\" content=\"4 minutes\" \/>\n<script type=\"application\/ld+json\" class=\"yoast-schema-graph\">{\"@context\":\"https:\/\/schema.org\",\"@graph\":[{\"@type\":\"Article\",\"@id\":\"https:\/\/www.zerdab.com\/?p=15430#article\",\"isPartOf\":{\"@id\":\"https:\/\/www.zerdab.com\/?p=15430\"},\"author\":{\"name\":\"admin\",\"@id\":\"https:\/\/www.zerdab.com\/#\/schema\/person\/97079b7570c1e89ec0d9e138c3672136\"},\"headline\":\"&#8220;Z\u0259rdabda xeyli i\u015fl\u0259r g\u00f6r\u00fcl\u00fcb v\u0259 bu i\u015fl\u0259r haz\u0131rda da davam etdirilir&#8221;\",\"datePublished\":\"2014-04-18T03:00:33+00:00\",\"mainEntityOfPage\":{\"@id\":\"https:\/\/www.zerdab.com\/?p=15430\"},\"wordCount\":857,\"commentCount\":0,\"image\":{\"@id\":\"https:\/\/www.zerdab.com\/?p=15430#primaryimage\"},\"thumbnailUrl\":\"http:\/\/www.zerdab.com\/wp-content\/uploads\/2014\/04\/Hesabat-550x365.jpg\",\"articleSection\":[\"C\u018fM\u0130YY\u018fT\"],\"inLanguage\":\"az\",\"potentialAction\":[{\"@type\":\"CommentAction\",\"name\":\"Comment\",\"target\":[\"https:\/\/www.zerdab.com\/?p=15430#respond\"]}]},{\"@type\":\"WebPage\",\"@id\":\"https:\/\/www.zerdab.com\/?p=15430\",\"url\":\"https:\/\/www.zerdab.com\/?p=15430\",\"name\":\"\\\"Z\u0259rdabda xeyli i\u015fl\u0259r g\u00f6r\u00fcl\u00fcb v\u0259 bu i\u015fl\u0259r haz\u0131rda da davam etdirilir\\\" - Z\u0259rdab.com\",\"isPartOf\":{\"@id\":\"https:\/\/www.zerdab.com\/#website\"},\"primaryImageOfPage\":{\"@id\":\"https:\/\/www.zerdab.com\/?p=15430#primaryimage\"},\"image\":{\"@id\":\"https:\/\/www.zerdab.com\/?p=15430#primaryimage\"},\"thumbnailUrl\":\"http:\/\/www.zerdab.com\/wp-content\/uploads\/2014\/04\/Hesabat-550x365.jpg\",\"datePublished\":\"2014-04-18T03:00:33+00:00\",\"author\":{\"@id\":\"https:\/\/www.zerdab.com\/#\/schema\/person\/97079b7570c1e89ec0d9e138c3672136\"},\"breadcrumb\":{\"@id\":\"https:\/\/www.zerdab.com\/?p=15430#breadcrumb\"},\"inLanguage\":\"az\",\"potentialAction\":[{\"@type\":\"ReadAction\",\"target\":[\"https:\/\/www.zerdab.com\/?p=15430\"]}]},{\"@type\":\"ImageObject\",\"inLanguage\":\"az\",\"@id\":\"https:\/\/www.zerdab.com\/?p=15430#primaryimage\",\"url\":\"\",\"contentUrl\":\"\"},{\"@type\":\"BreadcrumbList\",\"@id\":\"https:\/\/www.zerdab.com\/?p=15430#breadcrumb\",\"itemListElement\":[{\"@type\":\"ListItem\",\"position\":1,\"name\":\"Home\",\"item\":\"https:\/\/www.zerdab.com\/\"},{\"@type\":\"ListItem\",\"position\":2,\"name\":\"&#8220;Z\u0259rdabda xeyli i\u015fl\u0259r g\u00f6r\u00fcl\u00fcb v\u0259 bu i\u015fl\u0259r haz\u0131rda da davam etdirilir&#8221;\"}]},{\"@type\":\"WebSite\",\"@id\":\"https:\/\/www.zerdab.com\/#website\",\"url\":\"https:\/\/www.zerdab.com\/\",\"name\":\"Z\u0259rdab.com\",\"description\":\"\",\"potentialAction\":[{\"@type\":\"SearchAction\",\"target\":{\"@type\":\"EntryPoint\",\"urlTemplate\":\"https:\/\/www.zerdab.com\/?s={search_term_string}\"},\"query-input\":{\"@type\":\"PropertyValueSpecification\",\"valueRequired\":true,\"valueName\":\"search_term_string\"}}],\"inLanguage\":\"az\"},{\"@type\":\"Person\",\"@id\":\"https:\/\/www.zerdab.com\/#\/schema\/person\/97079b7570c1e89ec0d9e138c3672136\",\"name\":\"admin\",\"image\":{\"@type\":\"ImageObject\",\"inLanguage\":\"az\",\"@id\":\"https:\/\/www.zerdab.com\/#\/schema\/person\/image\/\",\"url\":\"https:\/\/secure.gravatar.com\/avatar\/d9c52a9a27c32119cb6679a077fa3e2779e5f822c451cbf01098004361d466ec?s=96&d=mm&r=g\",\"contentUrl\":\"https:\/\/secure.gravatar.com\/avatar\/d9c52a9a27c32119cb6679a077fa3e2779e5f822c451cbf01098004361d466ec?s=96&d=mm&r=g\",\"caption\":\"admin\"},\"url\":\"https:\/\/www.zerdab.com\/?author=1\"}]}<\/script>\n<!-- \/ Yoast SEO plugin. -->","yoast_head_json":{"title":"\"Z\u0259rdabda xeyli i\u015fl\u0259r g\u00f6r\u00fcl\u00fcb v\u0259 bu i\u015fl\u0259r haz\u0131rda da davam etdirilir\" - Z\u0259rdab.com","robots":{"index":"index","follow":"follow","max-snippet":"max-snippet:-1","max-image-preview":"max-image-preview:large","max-video-preview":"max-video-preview:-1"},"canonical":"https:\/\/www.zerdab.com\/?p=15430","og_locale":"az_AZ","og_type":"article","og_title":"\"Z\u0259rdabda xeyli i\u015fl\u0259r g\u00f6r\u00fcl\u00fcb v\u0259 bu i\u015fl\u0259r haz\u0131rda da davam etdirilir\" - Z\u0259rdab.com","og_description":"Z\u0259rdab Rayon Heyd\u0259r \u018fliyev M\u0259rk\u0259zind\u0259 \u201cAz\u0259rbaycan Respublikas\u0131 Nazirl\u0259r Kabinetinin 2014-c\u00fc ilin birinci r\u00fcb\u00fcn\u00fcn sosial-iqtisadi inki\u015faf\u0131n\u0131n yekunlar\u0131na v\u0259 qar\u015f\u0131da duran v\u0259zif\u0259l\u0259r\u0259 h\u0259sr olunmu\u015f iclas\u0131nda Respublika Prezidenti c\u0259nab \u0130lham \u018fliyevin nitql\u0259rinin t\u0259l\u0259bl\u0259ri bax\u0131m\u0131ndan cari ilin birinci r\u00fcb\u00fcnd\u0259 rayonda\u00a0 g\u00f6r\u00fcl\u0259n i\u015fl\u0259r v\u0259 qar\u015f\u0131da duran v\u0259zif\u0259l\u0259r haqq\u0131nda\u201d Z\u0259rdab Rayon \u0130cra Hakimiyy\u0259tinin ba\u015f\u00e7\u0131s\u0131 c\u0259nab L\u00fctv\u0259li Babayevin hesabat\u0131na dair geni\u015f \u015fura [&hellip;]","og_url":"https:\/\/www.zerdab.com\/?p=15430","og_site_name":"Z\u0259rdab.com","article_published_time":"2014-04-18T03:00:33+00:00","og_image":[{"url":"http:\/\/www.zerdab.com\/wp-content\/uploads\/2014\/04\/Hesabat-550x365.jpg","type":"","width":"","height":""}],"author":"admin","twitter_card":"summary_large_image","twitter_misc":{"Written by":"admin","Est. reading time":"4 minutes"},"schema":{"@context":"https:\/\/schema.org","@graph":[{"@type":"Article","@id":"https:\/\/www.zerdab.com\/?p=15430#article","isPartOf":{"@id":"https:\/\/www.zerdab.com\/?p=15430"},"author":{"name":"admin","@id":"https:\/\/www.zerdab.com\/#\/schema\/person\/97079b7570c1e89ec0d9e138c3672136"},"headline":"&#8220;Z\u0259rdabda xeyli i\u015fl\u0259r g\u00f6r\u00fcl\u00fcb v\u0259 bu i\u015fl\u0259r haz\u0131rda da davam etdirilir&#8221;","datePublished":"2014-04-18T03:00:33+00:00","mainEntityOfPage":{"@id":"https:\/\/www.zerdab.com\/?p=15430"},"wordCount":857,"commentCount":0,"image":{"@id":"https:\/\/www.zerdab.com\/?p=15430#primaryimage"},"thumbnailUrl":"http:\/\/www.zerdab.com\/wp-content\/uploads\/2014\/04\/Hesabat-550x365.jpg","articleSection":["C\u018fM\u0130YY\u018fT"],"inLanguage":"az","potentialAction":[{"@type":"CommentAction","name":"Comment","target":["https:\/\/www.zerdab.com\/?p=15430#respond"]}]},{"@type":"WebPage","@id":"https:\/\/www.zerdab.com\/?p=15430","url":"https:\/\/www.zerdab.com\/?p=15430","name":"\"Z\u0259rdabda xeyli i\u015fl\u0259r g\u00f6r\u00fcl\u00fcb v\u0259 bu i\u015fl\u0259r haz\u0131rda da davam etdirilir\" - Z\u0259rdab.com","isPartOf":{"@id":"https:\/\/www.zerdab.com\/#website"},"primaryImageOfPage":{"@id":"https:\/\/www.zerdab.com\/?p=15430#primaryimage"},"image":{"@id":"https:\/\/www.zerdab.com\/?p=15430#primaryimage"},"thumbnailUrl":"http:\/\/www.zerdab.com\/wp-content\/uploads\/2014\/04\/Hesabat-550x365.jpg","datePublished":"2014-04-18T03:00:33+00:00","author":{"@id":"https:\/\/www.zerdab.com\/#\/schema\/person\/97079b7570c1e89ec0d9e138c3672136"},"breadcrumb":{"@id":"https:\/\/www.zerdab.com\/?p=15430#breadcrumb"},"inLanguage":"az","potentialAction":[{"@type":"ReadAction","target":["https:\/\/www.zerdab.com\/?p=15430"]}]},{"@type":"ImageObject","inLanguage":"az","@id":"https:\/\/www.zerdab.com\/?p=15430#primaryimage","url":"","contentUrl":""},{"@type":"BreadcrumbList","@id":"https:\/\/www.zerdab.com\/?p=15430#breadcrumb","itemListElement":[{"@type":"ListItem","position":1,"name":"Home","item":"https:\/\/www.zerdab.com\/"},{"@type":"ListItem","position":2,"name":"&#8220;Z\u0259rdabda xeyli i\u015fl\u0259r g\u00f6r\u00fcl\u00fcb v\u0259 bu i\u015fl\u0259r haz\u0131rda da davam etdirilir&#8221;"}]},{"@type":"WebSite","@id":"https:\/\/www.zerdab.com\/#website","url":"https:\/\/www.zerdab.com\/","name":"Z\u0259rdab.com","description":"","potentialAction":[{"@type":"SearchAction","target":{"@type":"EntryPoint","urlTemplate":"https:\/\/www.zerdab.com\/?s={search_term_string}"},"query-input":{"@type":"PropertyValueSpecification","valueRequired":true,"valueName":"search_term_string"}}],"inLanguage":"az"},{"@type":"Person","@id":"https:\/\/www.zerdab.com\/#\/schema\/person\/97079b7570c1e89ec0d9e138c3672136","name":"admin","image":{"@type":"ImageObject","inLanguage":"az","@id":"https:\/\/www.zerdab.com\/#\/schema\/person\/image\/","url":"https:\/\/secure.gravatar.com\/avatar\/d9c52a9a27c32119cb6679a077fa3e2779e5f822c451cbf01098004361d466ec?s=96&d=mm&r=g","contentUrl":"https:\/\/secure.gravatar.com\/avatar\/d9c52a9a27c32119cb6679a077fa3e2779e5f822c451cbf01098004361d466ec?s=96&d=mm&r=g","caption":"admin"},"url":"https:\/\/www.zerdab.com\/?author=1"}]}},"_links":{"self":[{"href":"https:\/\/www.zerdab.com\/index.php?rest_route=\/wp\/v2\/posts\/15430","targetHints":{"allow":["GET"]}}],"collection":[{"href":"https:\/\/www.zerdab.com\/index.php?rest_route=\/wp\/v2\/posts"}],"about":[{"href":"https:\/\/www.zerdab.com\/index.php?rest_route=\/wp\/v2\/types\/post"}],"author":[{"embeddable":true,"href":"https:\/\/www.zerdab.com\/index.php?rest_route=\/wp\/v2\/users\/1"}],"replies":[{"embeddable":true,"href":"https:\/\/www.zerdab.com\/index.php?rest_route=%2Fwp%2Fv2%2Fcomments&post=15430"}],"version-history":[{"count":1,"href":"https:\/\/www.zerdab.com\/index.php?rest_route=\/wp\/v2\/posts\/15430\/revisions"}],"predecessor-version":[{"id":15433,"href":"https:\/\/www.zerdab.com\/index.php?rest_route=\/wp\/v2\/posts\/15430\/revisions\/15433"}],"wp:attachment":[{"href":"https:\/\/www.zerdab.com\/index.php?rest_route=%2Fwp%2Fv2%2Fmedia&parent=15430"}],"wp:term":[{"taxonomy":"category","embeddable":true,"href":"https:\/\/www.zerdab.com\/index.php?rest_route=%2Fwp%2Fv2%2Fcategories&post=15430"},{"taxonomy":"post_tag","embeddable":true,"href":"https:\/\/www.zerdab.com\/index.php?rest_route=%2Fwp%2Fv2%2Ftags&post=15430"}],"curies":[{"name":"wp","href":"https:\/\/api.w.org\/{rel}","templated":true}]}}