{"id":15468,"date":"2014-04-22T08:20:26","date_gmt":"2014-04-22T03:20:26","guid":{"rendered":"http:\/\/www.zerdab.com\/?p=15468"},"modified":"2014-04-21T23:41:11","modified_gmt":"2014-04-21T18:41:11","slug":"az%c9%99rbaycana-basucaligi-g%c9%99tirmis-h%c9%99myerlimiz-zaman-%c9%99liyev","status":"publish","type":"post","link":"https:\/\/www.zerdab.com\/?p=15468","title":{"rendered":"Az\u0259rbaycana ba\u015fucal\u0131\u011f\u0131 g\u0259tirmi\u015f h\u0259myerlimiz &#8211; Zaman \u018fliyev"},"content":{"rendered":"<figure id=\"attachment_15469\" aria-describedby=\"caption-attachment-15469\" style=\"width: 400px\" class=\"wp-caption aligncenter\"><a href=\"http:\/\/www.zerdab.com\/wp-content\/uploads\/2014\/04\/Zaman-\u018fliyev.jpg\"><img loading=\"lazy\" decoding=\"async\" class=\"size-medium wp-image-15469\" alt=\"Zaman \u018fliyev\" src=\"http:\/\/www.zerdab.com\/wp-content\/uploads\/2014\/04\/Zaman-\u018fliyev-400x479.jpg\" width=\"400\" height=\"479\" \/><\/a><figcaption id=\"caption-attachment-15469\" class=\"wp-caption-text\"><span style=\"color: #0000ff;\"><strong>Zaman \u018fliyev<\/strong><\/span><\/figcaption><\/figure>\n<p>Bir m\u00fcdd\u0259t \u00f6nc\u0259 Zerdab.com sayt\u0131nda &#8220;Z\u0259rdab\u0131n f\u0259xri ziyal\u0131lar\u0131ndan biri v\u0259fat etdi&#8221; ba\u015fl\u0131ql\u0131 yaz\u0131 yay\u0131mlanm\u0131\u015fd\u0131. Yaz\u0131da<b> <\/b>Z\u0259rdab rayonunun f\u0259xri ziyal\u0131lar\u0131ndan olan v\u0259 uzun ill\u0259r Rusiya Federasiyas\u0131n\u0131n Moskva \u015f\u0259h\u0259rind\u0259 ya\u015fam\u0131\u015f Zaman \u018fliyevin v\u0259fat etdiyi bildirilirdi. Bu g\u00fcnl\u0259rd\u0259 Zerdab.com sayt\u0131na Zaman \u018fliyev bar\u0259sind\u0259 06 aprel 2003-c\u00fc il tarixind\u0259 &#8220;Xalq Q\u0259zeti&#8221;nd\u0259 d\u0259rc olunmu\u015f bir m\u0259qal\u0259 t\u0259qdim edilib. Maraql\u0131 olaca\u011f\u0131n\u0131 n\u0259z\u0259r\u0259 al\u0131b &#8220;S\u0131naq u\u00e7u\u015flar\u0131na h\u0259myerlimiz n\u0259zar\u0259t edir&#8221; ba\u015fl\u0131ql\u0131 h\u0259min yaz\u0131n\u0131 oldu\u011fu kimi oxucular\u0131m\u0131za t\u0259qdim edirik.<\/p>\n<p>&#8211; D\u00fcnya Az\u0259rbaycanl\u0131lar\u0131n\u0131n I qurultay\u0131ndan sonra xarici \u00f6lk\u0259l\u0259rd\u0259 diasporalar\u0131m\u0131z\u0131n formala\u015fmas\u0131 s\u00fcr\u0259tl\u0259nmi\u015f, bu vacib i\u015f geni\u015f v\u00fcs\u0259t alm\u0131\u015fd\u0131r. Getdikc\u0259 daha \u00e7ox soyda\u015flar\u0131m\u0131z diaspor h\u0259r\u0259kat\u0131na qo\u015fulur, m\u00fcst\u0259qil Az\u0259rbaycan namin\u0259 \u0259ll\u0259rind\u0259n g\u0259l\u0259ni \u0259sirg\u0259mirl\u0259r. Rusiyan\u0131n paytaxt\u0131 Moskva \u015f\u0259h\u0259rind\u0259ki diasporumuzun f\u0259al \u00fczvl\u0259rind\u0259n biri d\u0259 Zaman \u018fliyevdir. Taleyin h\u00f6km\u00fc il\u0259 Rusiyada m\u0259skunla\u015fm\u0131\u015f soyda\u015f\u0131m\u0131z\u0131n \u00f6m\u00fcr yoluna n\u0259z\u0259r salanda q\u00fcr\u00fcr duymaya bilmir\u0259m.<\/p>\n<p>Z\u0259rdabda do\u011fulub boya-ba\u015fa \u00e7atm\u0131\u015f Zaman \u018fliyev orta m\u0259kt\u0259bi bitir\u0259nd\u0259n sonra X\u0259z\u0259r G\u0259mi\u00e7iliyi \u0130dar\u0259sinin g\u0259mil\u0259rind\u0259 \u00e7al\u0131\u015fm\u0131\u015f v\u0259 1962-ci ild\u0259 istehsalatdan ayr\u0131lmadan Bak\u0131 D\u0259niz\u00e7ilik M\u0259kt\u0259bin\u0259 daxil olmu\u015f v\u0259 &#8220;radiorabit\u0259 v\u0259 elektroradionaviqasiya&#8221; ixtisas\u0131na yiy\u0259l\u0259nmi\u015fdir. H\u0259myerlimiz 1970-ci ild\u0259 Moskvaya k\u00f6\u00e7\u0259r\u0259k P. Suxov ad\u0131na Aviasiya M\u00fc\u0259ssis\u0259sin\u0259 i\u015f\u0259 d\u00fcz\u0259lir. Moskva Elektrotexniki Rabit\u0259 \u0130nstitutunda ikinci t\u0259hsil al\u0131r. \u0130\u015fl\u0259diyi aviasiya m\u00fc\u0259ssis\u0259sind\u0259 aviasiya texnikas\u0131n\u0131n s\u0131naqlar\u0131nda f\u0259al i\u015ftirak edir.<\/p>\n<p>Zaman \u018fliyev 1974-c\u00fc ild\u0259 Elmi-T\u0259dqiqat U\u00e7u\u015f S\u0131naqlar\u0131 M\u0259rk\u0259zin\u0259 d\u0259v\u0259t alaraq m\u00fch\u0259ndis-eksperimentator, t\u0259hsilini ba\u015fa vurduqdan sonra Aviasiya S\u0259nayesi Nazirliyinin u\u00e7u\u015f hey\u0259tinin haz\u0131rl\u0131\u011f\u0131 m\u0259rk\u0259zind\u0259 1-ci d\u0259r\u0259c\u0259li aviasiya texnikas\u0131n\u0131n u\u00e7u\u015f s\u0131naqlar\u0131 \u00fczr\u0259 apar\u0131c\u0131 m\u00fch\u0259ndis v\u0259zif\u0259l\u0259rind\u0259 \u00e7al\u0131\u015f\u0131r.<\/p>\n<p>Soyda\u015f\u0131m\u0131z qazand\u0131\u011f\u0131 nailiyy\u0259tl\u0259rl\u0259 kifay\u0259tl\u0259nm\u0259y\u0259r\u0259k yeni zirv\u0259l\u0259r f\u0259th etm\u0259kl\u0259 biz az\u0259rbaycanl\u0131lar bar\u0259d\u0259 m\u00fcxt\u0259lif dair\u0259l\u0259rd\u0259 formala\u015fm\u0131\u015f m\u0259nfi m\u00fcnasib\u0259t stereotipl\u0259rini s\u0131nd\u0131rmaq yolunda b\u00f6y\u00fck add\u0131mlar at\u0131r. O, 1998-ci ild\u0259 M\u00fcdafi\u0259 S\u0259nayesi Sah\u0259 Akademiyas\u0131n\u0131n kurslar\u0131n\u0131 &#8220;9000 seriyal\u0131 \u0130SO Beyn\u0259lxalq sertifikasiya sisteminin t\u0259l\u0259bl\u0259ri \u00fczr\u0259 keyfiyy\u0259tinin daxili auditi&#8221; ixtisas\u0131na yiy\u0259l\u0259nir, bir il sonra is\u0259 &#8220;Beyn\u0259lxalq menecment keyfiyy\u0259t v\u0259 sertifikasiya m\u0259hk\u0259m\u0259sind\u0259&#8221; kurs ke\u00e7\u0259r\u0259k s\u00f6z\u00fcged\u0259n Beyn\u0259lxalq sertifikasiya sistemi \u00fczr\u0259 sertifikat al\u0131r.<\/p>\n<p>N\u0259hay\u0259t, bu q\u0259d\u0259r m\u0259qs\u0259dy\u00f6nl\u00fc \u00e7al\u0131\u015fmalardan sonra h\u0259myerlimizi Elmi-T\u0259dqiqat U\u00e7u\u015f-S\u0131naq M\u0259rk\u0259zind\u0259 keyfiyy\u0259t \u00fczr\u0259 direktor t\u0259yin edirl\u0259r. Bu, az\u0259rbaycanl\u0131lar\u0131n fitri istedad\u0131na, i\u015f qabiliyy\u0259tin\u0259 veril\u0259n y\u00fcks\u0259k qiym\u0259tdir. D\u00fcn\u0259n\u0259d\u0259k az\u0259rbaycanl\u0131lara elmd\u0259, texnikada, n\u0259 gizl\u0259d\u0259k, \u015f\u00fcbh\u0259 il\u0259 yana\u015fanlar bu g\u00fcn soyda\u015f\u0131m\u0131z\u0131 strateji bir sah\u0259d\u0259 apar\u0131c\u0131 ekspert kimi q\u0259bul edirl\u0259r.<\/p>\n<p>Az\u0259rbaycan xalq\u0131n\u0131n bizim yax\u015f\u0131 tan\u0131mad\u0131\u011f\u0131m\u0131z bu c\u00fcr o\u011fullar\u0131 \u00e7oxdur. Onlar\u0131 tale b\u00fct\u00fcn d\u00fcnyaya s\u0259p\u0259l\u0259s\u0259 d\u0259, daim \u00fcr\u0259kl\u0259ri do\u011fma V\u0259t\u0259nl\u0259 vurur. Onlar V\u0259t\u0259n namin\u0259 xeyirli i\u015fl\u0259r g\u00f6rm\u0259y\u0259 h\u0259r an haz\u0131rd\u0131lar. Bel\u0259 h\u0259mv\u0259t\u0259nl\u0259rimizin biri d\u0259 haqq\u0131nda s\u00f6hb\u0259t a\u00e7d\u0131\u011f\u0131m\u0131z Zaman \u018fliyevdir&#8221;.<\/p>\n<p><span style=\"color: #0000ff;\"><strong>Xalq Q\u0259zeti 06 aprel 2003-c\u00fc il <\/strong><\/span><\/p>\n<p><span style=\"color: #0000ff;\"><strong>\u2116 76 (24341)<\/strong><\/span><\/p>\n","protected":false},"excerpt":{"rendered":"<p>Bir m\u00fcdd\u0259t \u00f6nc\u0259 Zerdab.com sayt\u0131nda &#8220;Z\u0259rdab\u0131n f\u0259xri ziyal\u0131lar\u0131ndan biri v\u0259fat etdi&#8221; ba\u015fl\u0131ql\u0131 yaz\u0131 yay\u0131mlanm\u0131\u015fd\u0131. Yaz\u0131da Z\u0259rdab rayonunun f\u0259xri ziyal\u0131lar\u0131ndan olan v\u0259 uzun ill\u0259r Rusiya Federasiyas\u0131n\u0131n Moskva \u015f\u0259h\u0259rind\u0259 ya\u015fam\u0131\u015f Zaman \u018fliyevin v\u0259fat etdiyi bildirilirdi. Bu g\u00fcnl\u0259rd\u0259 Zerdab.com sayt\u0131na Zaman \u018fliyev bar\u0259sind\u0259 06 aprel 2003-c\u00fc il tarixind\u0259 &#8220;Xalq Q\u0259zeti&#8221;nd\u0259 d\u0259rc olunmu\u015f bir m\u0259qal\u0259 t\u0259qdim edilib. Maraql\u0131 olaca\u011f\u0131n\u0131 [&hellip;]<\/p>\n","protected":false},"author":1,"featured_media":0,"comment_status":"open","ping_status":"open","sticky":false,"template":"","format":"standard","meta":{"footnotes":""},"categories":[7],"tags":[],"class_list":{"0":"post-15468","1":"post","2":"type-post","3":"status-publish","4":"format-standard","6":"category-ziyalilar"},"yoast_head":"<!-- This site is optimized with the Yoast SEO plugin v27.0 - https:\/\/yoast.com\/product\/yoast-seo-wordpress\/ -->\n<title>Az\u0259rbaycana ba\u015fucal\u0131\u011f\u0131 g\u0259tirmi\u015f h\u0259myerlimiz - Zaman \u018fliyev - Z\u0259rdab.com<\/title>\n<meta name=\"robots\" content=\"index, follow, max-snippet:-1, max-image-preview:large, max-video-preview:-1\" \/>\n<link rel=\"canonical\" href=\"https:\/\/www.zerdab.com\/?p=15468\" \/>\n<meta property=\"og:locale\" content=\"az_AZ\" \/>\n<meta property=\"og:type\" content=\"article\" \/>\n<meta property=\"og:title\" content=\"Az\u0259rbaycana ba\u015fucal\u0131\u011f\u0131 g\u0259tirmi\u015f h\u0259myerlimiz - Zaman \u018fliyev - Z\u0259rdab.com\" \/>\n<meta property=\"og:description\" content=\"Bir m\u00fcdd\u0259t \u00f6nc\u0259 Zerdab.com sayt\u0131nda &#8220;Z\u0259rdab\u0131n f\u0259xri ziyal\u0131lar\u0131ndan biri v\u0259fat etdi&#8221; ba\u015fl\u0131ql\u0131 yaz\u0131 yay\u0131mlanm\u0131\u015fd\u0131. Yaz\u0131da Z\u0259rdab rayonunun f\u0259xri ziyal\u0131lar\u0131ndan olan v\u0259 uzun ill\u0259r Rusiya Federasiyas\u0131n\u0131n Moskva \u015f\u0259h\u0259rind\u0259 ya\u015fam\u0131\u015f Zaman \u018fliyevin v\u0259fat etdiyi bildirilirdi. Bu g\u00fcnl\u0259rd\u0259 Zerdab.com sayt\u0131na Zaman \u018fliyev bar\u0259sind\u0259 06 aprel 2003-c\u00fc il tarixind\u0259 &#8220;Xalq Q\u0259zeti&#8221;nd\u0259 d\u0259rc olunmu\u015f bir m\u0259qal\u0259 t\u0259qdim edilib. Maraql\u0131 olaca\u011f\u0131n\u0131 [&hellip;]\" \/>\n<meta property=\"og:url\" content=\"https:\/\/www.zerdab.com\/?p=15468\" \/>\n<meta property=\"og:site_name\" content=\"Z\u0259rdab.com\" \/>\n<meta property=\"article:published_time\" content=\"2014-04-22T03:20:26+00:00\" \/>\n<meta name=\"author\" content=\"admin\" \/>\n<meta name=\"twitter:card\" content=\"summary_large_image\" \/>\n<meta name=\"twitter:label1\" content=\"Written by\" \/>\n\t<meta name=\"twitter:data1\" content=\"admin\" \/>\n\t<meta name=\"twitter:label2\" content=\"Est. reading time\" \/>\n\t<meta name=\"twitter:data2\" content=\"3 minutes\" \/>\n<script type=\"application\/ld+json\" class=\"yoast-schema-graph\">{\"@context\":\"https:\/\/schema.org\",\"@graph\":[{\"@type\":\"Article\",\"@id\":\"https:\/\/www.zerdab.com\/?p=15468#article\",\"isPartOf\":{\"@id\":\"https:\/\/www.zerdab.com\/?p=15468\"},\"author\":{\"name\":\"admin\",\"@id\":\"https:\/\/www.zerdab.com\/#\/schema\/person\/97079b7570c1e89ec0d9e138c3672136\"},\"headline\":\"Az\u0259rbaycana ba\u015fucal\u0131\u011f\u0131 g\u0259tirmi\u015f h\u0259myerlimiz &#8211; Zaman \u018fliyev\",\"datePublished\":\"2014-04-22T03:20:26+00:00\",\"mainEntityOfPage\":{\"@id\":\"https:\/\/www.zerdab.com\/?p=15468\"},\"wordCount\":702,\"commentCount\":0,\"articleSection\":[\"F\u018fXRL\u018fR\u0130M\u0130Z\"],\"inLanguage\":\"az\",\"potentialAction\":[{\"@type\":\"CommentAction\",\"name\":\"Comment\",\"target\":[\"https:\/\/www.zerdab.com\/?p=15468#respond\"]}]},{\"@type\":\"WebPage\",\"@id\":\"https:\/\/www.zerdab.com\/?p=15468\",\"url\":\"https:\/\/www.zerdab.com\/?p=15468\",\"name\":\"Az\u0259rbaycana ba\u015fucal\u0131\u011f\u0131 g\u0259tirmi\u015f h\u0259myerlimiz - Zaman \u018fliyev - Z\u0259rdab.com\",\"isPartOf\":{\"@id\":\"https:\/\/www.zerdab.com\/#website\"},\"datePublished\":\"2014-04-22T03:20:26+00:00\",\"author\":{\"@id\":\"https:\/\/www.zerdab.com\/#\/schema\/person\/97079b7570c1e89ec0d9e138c3672136\"},\"breadcrumb\":{\"@id\":\"https:\/\/www.zerdab.com\/?p=15468#breadcrumb\"},\"inLanguage\":\"az\",\"potentialAction\":[{\"@type\":\"ReadAction\",\"target\":[\"https:\/\/www.zerdab.com\/?p=15468\"]}]},{\"@type\":\"BreadcrumbList\",\"@id\":\"https:\/\/www.zerdab.com\/?p=15468#breadcrumb\",\"itemListElement\":[{\"@type\":\"ListItem\",\"position\":1,\"name\":\"Home\",\"item\":\"https:\/\/www.zerdab.com\/\"},{\"@type\":\"ListItem\",\"position\":2,\"name\":\"Az\u0259rbaycana ba\u015fucal\u0131\u011f\u0131 g\u0259tirmi\u015f h\u0259myerlimiz &#8211; Zaman \u018fliyev\"}]},{\"@type\":\"WebSite\",\"@id\":\"https:\/\/www.zerdab.com\/#website\",\"url\":\"https:\/\/www.zerdab.com\/\",\"name\":\"Z\u0259rdab.com\",\"description\":\"\",\"potentialAction\":[{\"@type\":\"SearchAction\",\"target\":{\"@type\":\"EntryPoint\",\"urlTemplate\":\"https:\/\/www.zerdab.com\/?s={search_term_string}\"},\"query-input\":{\"@type\":\"PropertyValueSpecification\",\"valueRequired\":true,\"valueName\":\"search_term_string\"}}],\"inLanguage\":\"az\"},{\"@type\":\"Person\",\"@id\":\"https:\/\/www.zerdab.com\/#\/schema\/person\/97079b7570c1e89ec0d9e138c3672136\",\"name\":\"admin\",\"image\":{\"@type\":\"ImageObject\",\"inLanguage\":\"az\",\"@id\":\"https:\/\/www.zerdab.com\/#\/schema\/person\/image\/\",\"url\":\"https:\/\/secure.gravatar.com\/avatar\/d9c52a9a27c32119cb6679a077fa3e2779e5f822c451cbf01098004361d466ec?s=96&d=mm&r=g\",\"contentUrl\":\"https:\/\/secure.gravatar.com\/avatar\/d9c52a9a27c32119cb6679a077fa3e2779e5f822c451cbf01098004361d466ec?s=96&d=mm&r=g\",\"caption\":\"admin\"},\"url\":\"https:\/\/www.zerdab.com\/?author=1\"}]}<\/script>\n<!-- \/ Yoast SEO plugin. -->","yoast_head_json":{"title":"Az\u0259rbaycana ba\u015fucal\u0131\u011f\u0131 g\u0259tirmi\u015f h\u0259myerlimiz - Zaman \u018fliyev - Z\u0259rdab.com","robots":{"index":"index","follow":"follow","max-snippet":"max-snippet:-1","max-image-preview":"max-image-preview:large","max-video-preview":"max-video-preview:-1"},"canonical":"https:\/\/www.zerdab.com\/?p=15468","og_locale":"az_AZ","og_type":"article","og_title":"Az\u0259rbaycana ba\u015fucal\u0131\u011f\u0131 g\u0259tirmi\u015f h\u0259myerlimiz - Zaman \u018fliyev - Z\u0259rdab.com","og_description":"Bir m\u00fcdd\u0259t \u00f6nc\u0259 Zerdab.com sayt\u0131nda &#8220;Z\u0259rdab\u0131n f\u0259xri ziyal\u0131lar\u0131ndan biri v\u0259fat etdi&#8221; ba\u015fl\u0131ql\u0131 yaz\u0131 yay\u0131mlanm\u0131\u015fd\u0131. Yaz\u0131da Z\u0259rdab rayonunun f\u0259xri ziyal\u0131lar\u0131ndan olan v\u0259 uzun ill\u0259r Rusiya Federasiyas\u0131n\u0131n Moskva \u015f\u0259h\u0259rind\u0259 ya\u015fam\u0131\u015f Zaman \u018fliyevin v\u0259fat etdiyi bildirilirdi. Bu g\u00fcnl\u0259rd\u0259 Zerdab.com sayt\u0131na Zaman \u018fliyev bar\u0259sind\u0259 06 aprel 2003-c\u00fc il tarixind\u0259 &#8220;Xalq Q\u0259zeti&#8221;nd\u0259 d\u0259rc olunmu\u015f bir m\u0259qal\u0259 t\u0259qdim edilib. Maraql\u0131 olaca\u011f\u0131n\u0131 [&hellip;]","og_url":"https:\/\/www.zerdab.com\/?p=15468","og_site_name":"Z\u0259rdab.com","article_published_time":"2014-04-22T03:20:26+00:00","author":"admin","twitter_card":"summary_large_image","twitter_misc":{"Written by":"admin","Est. reading time":"3 minutes"},"schema":{"@context":"https:\/\/schema.org","@graph":[{"@type":"Article","@id":"https:\/\/www.zerdab.com\/?p=15468#article","isPartOf":{"@id":"https:\/\/www.zerdab.com\/?p=15468"},"author":{"name":"admin","@id":"https:\/\/www.zerdab.com\/#\/schema\/person\/97079b7570c1e89ec0d9e138c3672136"},"headline":"Az\u0259rbaycana ba\u015fucal\u0131\u011f\u0131 g\u0259tirmi\u015f h\u0259myerlimiz &#8211; Zaman \u018fliyev","datePublished":"2014-04-22T03:20:26+00:00","mainEntityOfPage":{"@id":"https:\/\/www.zerdab.com\/?p=15468"},"wordCount":702,"commentCount":0,"articleSection":["F\u018fXRL\u018fR\u0130M\u0130Z"],"inLanguage":"az","potentialAction":[{"@type":"CommentAction","name":"Comment","target":["https:\/\/www.zerdab.com\/?p=15468#respond"]}]},{"@type":"WebPage","@id":"https:\/\/www.zerdab.com\/?p=15468","url":"https:\/\/www.zerdab.com\/?p=15468","name":"Az\u0259rbaycana ba\u015fucal\u0131\u011f\u0131 g\u0259tirmi\u015f h\u0259myerlimiz - Zaman \u018fliyev - Z\u0259rdab.com","isPartOf":{"@id":"https:\/\/www.zerdab.com\/#website"},"datePublished":"2014-04-22T03:20:26+00:00","author":{"@id":"https:\/\/www.zerdab.com\/#\/schema\/person\/97079b7570c1e89ec0d9e138c3672136"},"breadcrumb":{"@id":"https:\/\/www.zerdab.com\/?p=15468#breadcrumb"},"inLanguage":"az","potentialAction":[{"@type":"ReadAction","target":["https:\/\/www.zerdab.com\/?p=15468"]}]},{"@type":"BreadcrumbList","@id":"https:\/\/www.zerdab.com\/?p=15468#breadcrumb","itemListElement":[{"@type":"ListItem","position":1,"name":"Home","item":"https:\/\/www.zerdab.com\/"},{"@type":"ListItem","position":2,"name":"Az\u0259rbaycana ba\u015fucal\u0131\u011f\u0131 g\u0259tirmi\u015f h\u0259myerlimiz &#8211; Zaman \u018fliyev"}]},{"@type":"WebSite","@id":"https:\/\/www.zerdab.com\/#website","url":"https:\/\/www.zerdab.com\/","name":"Z\u0259rdab.com","description":"","potentialAction":[{"@type":"SearchAction","target":{"@type":"EntryPoint","urlTemplate":"https:\/\/www.zerdab.com\/?s={search_term_string}"},"query-input":{"@type":"PropertyValueSpecification","valueRequired":true,"valueName":"search_term_string"}}],"inLanguage":"az"},{"@type":"Person","@id":"https:\/\/www.zerdab.com\/#\/schema\/person\/97079b7570c1e89ec0d9e138c3672136","name":"admin","image":{"@type":"ImageObject","inLanguage":"az","@id":"https:\/\/www.zerdab.com\/#\/schema\/person\/image\/","url":"https:\/\/secure.gravatar.com\/avatar\/d9c52a9a27c32119cb6679a077fa3e2779e5f822c451cbf01098004361d466ec?s=96&d=mm&r=g","contentUrl":"https:\/\/secure.gravatar.com\/avatar\/d9c52a9a27c32119cb6679a077fa3e2779e5f822c451cbf01098004361d466ec?s=96&d=mm&r=g","caption":"admin"},"url":"https:\/\/www.zerdab.com\/?author=1"}]}},"_links":{"self":[{"href":"https:\/\/www.zerdab.com\/index.php?rest_route=\/wp\/v2\/posts\/15468","targetHints":{"allow":["GET"]}}],"collection":[{"href":"https:\/\/www.zerdab.com\/index.php?rest_route=\/wp\/v2\/posts"}],"about":[{"href":"https:\/\/www.zerdab.com\/index.php?rest_route=\/wp\/v2\/types\/post"}],"author":[{"embeddable":true,"href":"https:\/\/www.zerdab.com\/index.php?rest_route=\/wp\/v2\/users\/1"}],"replies":[{"embeddable":true,"href":"https:\/\/www.zerdab.com\/index.php?rest_route=%2Fwp%2Fv2%2Fcomments&post=15468"}],"version-history":[{"count":1,"href":"https:\/\/www.zerdab.com\/index.php?rest_route=\/wp\/v2\/posts\/15468\/revisions"}],"predecessor-version":[{"id":15470,"href":"https:\/\/www.zerdab.com\/index.php?rest_route=\/wp\/v2\/posts\/15468\/revisions\/15470"}],"wp:attachment":[{"href":"https:\/\/www.zerdab.com\/index.php?rest_route=%2Fwp%2Fv2%2Fmedia&parent=15468"}],"wp:term":[{"taxonomy":"category","embeddable":true,"href":"https:\/\/www.zerdab.com\/index.php?rest_route=%2Fwp%2Fv2%2Fcategories&post=15468"},{"taxonomy":"post_tag","embeddable":true,"href":"https:\/\/www.zerdab.com\/index.php?rest_route=%2Fwp%2Fv2%2Ftags&post=15468"}],"curies":[{"name":"wp","href":"https:\/\/api.w.org\/{rel}","templated":true}]}}