{"id":15566,"date":"2014-04-29T08:15:41","date_gmt":"2014-04-29T03:15:41","guid":{"rendered":"http:\/\/www.zerdab.com\/?p=15566"},"modified":"2014-04-29T08:20:23","modified_gmt":"2014-04-29T03:20:23","slug":"z%c9%99rdab-rayonuna-ayrilan-v%c9%99saitl%c9%99r-muzakir%c9%99-olundu","status":"publish","type":"post","link":"https:\/\/www.zerdab.com\/?p=15566","title":{"rendered":"Z\u0259rdab rayonuna ayr\u0131lan v\u0259saitl\u0259r m\u00fczakir\u0259 olundu"},"content":{"rendered":"<p><a href=\"http:\/\/www.zerdab.com\/wp-content\/uploads\/2014\/04\/Rayon.jpg\"><img loading=\"lazy\" decoding=\"async\" class=\"aligncenter size-full wp-image-15571\" alt=\"Z\u0259rdab rayonu\" src=\"http:\/\/www.zerdab.com\/wp-content\/uploads\/2014\/04\/Rayon.jpg\" width=\"300\" height=\"168\" \/><\/a>Hesablama Palatas\u0131n\u0131n Kollegiya iclas\u0131 ke\u00e7irilib. Zerdab.com sayt\u0131 x\u0259b\u0259r verir ki, iclasda Bak\u0131 \u015f\u0259h\u0259rind\u0259 bir s\u0131ra m\u00fcxt\u0259lif sah\u0259l\u0259r \u00fczr\u0259 ayr\u0131lan v\u0259saitl\u0259rin proqnozla\u015fd\u0131r\u0131lmas\u0131 v\u0259 istifad\u0259sin\u0259 dair h\u0259yata ke\u00e7irilmi\u015f audit t\u0259dbirl\u0259rinin n\u0259tic\u0259l\u0259ri \u00fczr\u0259 hesabatlar v\u0259 r\u0259yl\u0259r m\u00fczakir\u0259 olunub.<\/p>\n<p>Eyni zamanda kollegiya iclas\u0131nda d\u00f6vl\u0259t b\u00fcdc\u0259sinin d\u00f6vl\u0259t \u0259sasl\u0131 v\u0259sait qoyulu\u015fundan Z\u0259rdab\u00a0 rayon \u0130cra Hakimiyy\u0259tin\u0259 ayr\u0131lan v\u0259saitl\u0259rd\u0259n istifad\u0259y\u0259 v\u0259 Vergil\u0259r Nazirliyi il\u0259 birg\u0259 \u201cHolcim (Az\u0259rbaycan)\u201d t\u0259r\u0259find\u0259n d\u00f6vl\u0259t b\u00fcdc\u0259sinin g\u0259lirl\u0259rinin hesablan\u0131lmas\u0131 v\u0259 d\u00f6vl\u0259t b\u00fcdc\u0259sin\u0259 \u00f6d\u0259nilm\u0259sinin qanunvericiliy\u0259 uy\u011funlu\u011funa dair audit proqramlar\u0131 m\u00fczakir\u0259 edil\u0259r\u0259k t\u0259sdiq olunub. Kollegiyada Palatan\u0131n cari f\u0259aliyy\u0259ti il\u0259 ba\u011fl\u0131 bir s\u0131ra m\u0259s\u0259l\u0259l\u0259r d\u0259 m\u00fczakir\u0259 edilib.<\/p>\n<p>Zerdab.com<\/p>\n","protected":false},"excerpt":{"rendered":"<p>Hesablama Palatas\u0131n\u0131n Kollegiya iclas\u0131 ke\u00e7irilib. Zerdab.com sayt\u0131 x\u0259b\u0259r verir ki, iclasda Bak\u0131 \u015f\u0259h\u0259rind\u0259 bir s\u0131ra m\u00fcxt\u0259lif sah\u0259l\u0259r \u00fczr\u0259 ayr\u0131lan v\u0259saitl\u0259rin proqnozla\u015fd\u0131r\u0131lmas\u0131 v\u0259 istifad\u0259sin\u0259 dair h\u0259yata ke\u00e7irilmi\u015f audit t\u0259dbirl\u0259rinin n\u0259tic\u0259l\u0259ri \u00fczr\u0259 hesabatlar v\u0259 r\u0259yl\u0259r m\u00fczakir\u0259 olunub. Eyni zamanda kollegiya iclas\u0131nda d\u00f6vl\u0259t b\u00fcdc\u0259sinin d\u00f6vl\u0259t \u0259sasl\u0131 v\u0259sait qoyulu\u015fundan Z\u0259rdab\u00a0 rayon \u0130cra Hakimiyy\u0259tin\u0259 ayr\u0131lan v\u0259saitl\u0259rd\u0259n istifad\u0259y\u0259 v\u0259 Vergil\u0259r Nazirliyi [&hellip;]<\/p>\n","protected":false},"author":1,"featured_media":0,"comment_status":"open","ping_status":"open","sticky":false,"template":"","format":"standard","meta":{"footnotes":""},"categories":[5],"tags":[],"class_list":{"0":"post-15566","1":"post","2":"type-post","3":"status-publish","4":"format-standard","6":"category-knd"},"yoast_head":"<!-- This site is optimized with the Yoast SEO plugin v27.0 - https:\/\/yoast.com\/product\/yoast-seo-wordpress\/ -->\n<title>Z\u0259rdab rayonuna ayr\u0131lan v\u0259saitl\u0259r m\u00fczakir\u0259 olundu - Z\u0259rdab.com<\/title>\n<meta name=\"robots\" content=\"index, follow, max-snippet:-1, max-image-preview:large, max-video-preview:-1\" \/>\n<link rel=\"canonical\" href=\"https:\/\/www.zerdab.com\/?p=15566\" \/>\n<meta property=\"og:locale\" content=\"az_AZ\" \/>\n<meta property=\"og:type\" content=\"article\" \/>\n<meta property=\"og:title\" content=\"Z\u0259rdab rayonuna ayr\u0131lan v\u0259saitl\u0259r m\u00fczakir\u0259 olundu - Z\u0259rdab.com\" \/>\n<meta property=\"og:description\" content=\"Hesablama Palatas\u0131n\u0131n Kollegiya iclas\u0131 ke\u00e7irilib. Zerdab.com sayt\u0131 x\u0259b\u0259r verir ki, iclasda Bak\u0131 \u015f\u0259h\u0259rind\u0259 bir s\u0131ra m\u00fcxt\u0259lif sah\u0259l\u0259r \u00fczr\u0259 ayr\u0131lan v\u0259saitl\u0259rin proqnozla\u015fd\u0131r\u0131lmas\u0131 v\u0259 istifad\u0259sin\u0259 dair h\u0259yata ke\u00e7irilmi\u015f audit t\u0259dbirl\u0259rinin n\u0259tic\u0259l\u0259ri \u00fczr\u0259 hesabatlar v\u0259 r\u0259yl\u0259r m\u00fczakir\u0259 olunub. Eyni zamanda kollegiya iclas\u0131nda d\u00f6vl\u0259t b\u00fcdc\u0259sinin d\u00f6vl\u0259t \u0259sasl\u0131 v\u0259sait qoyulu\u015fundan Z\u0259rdab\u00a0 rayon \u0130cra Hakimiyy\u0259tin\u0259 ayr\u0131lan v\u0259saitl\u0259rd\u0259n istifad\u0259y\u0259 v\u0259 Vergil\u0259r Nazirliyi [&hellip;]\" \/>\n<meta property=\"og:url\" content=\"https:\/\/www.zerdab.com\/?p=15566\" \/>\n<meta property=\"og:site_name\" content=\"Z\u0259rdab.com\" \/>\n<meta property=\"article:published_time\" content=\"2014-04-29T03:15:41+00:00\" \/>\n<meta property=\"article:modified_time\" content=\"2014-04-29T03:20:23+00:00\" \/>\n<meta property=\"og:image\" content=\"http:\/\/www.zerdab.com\/wp-content\/uploads\/2014\/04\/Rayon.jpg\" \/>\n<meta name=\"author\" content=\"admin\" \/>\n<meta name=\"twitter:card\" content=\"summary_large_image\" \/>\n<meta name=\"twitter:label1\" content=\"Written by\" \/>\n\t<meta name=\"twitter:data1\" content=\"admin\" \/>\n\t<meta name=\"twitter:label2\" content=\"Est. reading time\" \/>\n\t<meta name=\"twitter:data2\" content=\"1 minute\" \/>\n<script type=\"application\/ld+json\" class=\"yoast-schema-graph\">{\"@context\":\"https:\/\/schema.org\",\"@graph\":[{\"@type\":\"Article\",\"@id\":\"https:\/\/www.zerdab.com\/?p=15566#article\",\"isPartOf\":{\"@id\":\"https:\/\/www.zerdab.com\/?p=15566\"},\"author\":{\"name\":\"admin\",\"@id\":\"https:\/\/www.zerdab.com\/#\/schema\/person\/97079b7570c1e89ec0d9e138c3672136\"},\"headline\":\"Z\u0259rdab rayonuna ayr\u0131lan v\u0259saitl\u0259r m\u00fczakir\u0259 olundu\",\"datePublished\":\"2014-04-29T03:15:41+00:00\",\"dateModified\":\"2014-04-29T03:20:23+00:00\",\"mainEntityOfPage\":{\"@id\":\"https:\/\/www.zerdab.com\/?p=15566\"},\"wordCount\":181,\"commentCount\":0,\"image\":{\"@id\":\"https:\/\/www.zerdab.com\/?p=15566#primaryimage\"},\"thumbnailUrl\":\"http:\/\/www.zerdab.com\/wp-content\/uploads\/2014\/04\/Rayon.jpg\",\"articleSection\":[\"X\u018fB\u018fRL\u018fR\"],\"inLanguage\":\"az\",\"potentialAction\":[{\"@type\":\"CommentAction\",\"name\":\"Comment\",\"target\":[\"https:\/\/www.zerdab.com\/?p=15566#respond\"]}]},{\"@type\":\"WebPage\",\"@id\":\"https:\/\/www.zerdab.com\/?p=15566\",\"url\":\"https:\/\/www.zerdab.com\/?p=15566\",\"name\":\"Z\u0259rdab rayonuna ayr\u0131lan v\u0259saitl\u0259r m\u00fczakir\u0259 olundu - Z\u0259rdab.com\",\"isPartOf\":{\"@id\":\"https:\/\/www.zerdab.com\/#website\"},\"primaryImageOfPage\":{\"@id\":\"https:\/\/www.zerdab.com\/?p=15566#primaryimage\"},\"image\":{\"@id\":\"https:\/\/www.zerdab.com\/?p=15566#primaryimage\"},\"thumbnailUrl\":\"http:\/\/www.zerdab.com\/wp-content\/uploads\/2014\/04\/Rayon.jpg\",\"datePublished\":\"2014-04-29T03:15:41+00:00\",\"dateModified\":\"2014-04-29T03:20:23+00:00\",\"author\":{\"@id\":\"https:\/\/www.zerdab.com\/#\/schema\/person\/97079b7570c1e89ec0d9e138c3672136\"},\"breadcrumb\":{\"@id\":\"https:\/\/www.zerdab.com\/?p=15566#breadcrumb\"},\"inLanguage\":\"az\",\"potentialAction\":[{\"@type\":\"ReadAction\",\"target\":[\"https:\/\/www.zerdab.com\/?p=15566\"]}]},{\"@type\":\"ImageObject\",\"inLanguage\":\"az\",\"@id\":\"https:\/\/www.zerdab.com\/?p=15566#primaryimage\",\"url\":\"http:\/\/www.zerdab.com\/wp-content\/uploads\/2014\/04\/Rayon.jpg\",\"contentUrl\":\"http:\/\/www.zerdab.com\/wp-content\/uploads\/2014\/04\/Rayon.jpg\"},{\"@type\":\"BreadcrumbList\",\"@id\":\"https:\/\/www.zerdab.com\/?p=15566#breadcrumb\",\"itemListElement\":[{\"@type\":\"ListItem\",\"position\":1,\"name\":\"Home\",\"item\":\"https:\/\/www.zerdab.com\/\"},{\"@type\":\"ListItem\",\"position\":2,\"name\":\"Z\u0259rdab rayonuna ayr\u0131lan v\u0259saitl\u0259r m\u00fczakir\u0259 olundu\"}]},{\"@type\":\"WebSite\",\"@id\":\"https:\/\/www.zerdab.com\/#website\",\"url\":\"https:\/\/www.zerdab.com\/\",\"name\":\"Z\u0259rdab.com\",\"description\":\"\",\"potentialAction\":[{\"@type\":\"SearchAction\",\"target\":{\"@type\":\"EntryPoint\",\"urlTemplate\":\"https:\/\/www.zerdab.com\/?s={search_term_string}\"},\"query-input\":{\"@type\":\"PropertyValueSpecification\",\"valueRequired\":true,\"valueName\":\"search_term_string\"}}],\"inLanguage\":\"az\"},{\"@type\":\"Person\",\"@id\":\"https:\/\/www.zerdab.com\/#\/schema\/person\/97079b7570c1e89ec0d9e138c3672136\",\"name\":\"admin\",\"image\":{\"@type\":\"ImageObject\",\"inLanguage\":\"az\",\"@id\":\"https:\/\/www.zerdab.com\/#\/schema\/person\/image\/\",\"url\":\"https:\/\/secure.gravatar.com\/avatar\/d9c52a9a27c32119cb6679a077fa3e2779e5f822c451cbf01098004361d466ec?s=96&d=mm&r=g\",\"contentUrl\":\"https:\/\/secure.gravatar.com\/avatar\/d9c52a9a27c32119cb6679a077fa3e2779e5f822c451cbf01098004361d466ec?s=96&d=mm&r=g\",\"caption\":\"admin\"},\"url\":\"https:\/\/www.zerdab.com\/?author=1\"}]}<\/script>\n<!-- \/ Yoast SEO plugin. -->","yoast_head_json":{"title":"Z\u0259rdab rayonuna ayr\u0131lan v\u0259saitl\u0259r m\u00fczakir\u0259 olundu - Z\u0259rdab.com","robots":{"index":"index","follow":"follow","max-snippet":"max-snippet:-1","max-image-preview":"max-image-preview:large","max-video-preview":"max-video-preview:-1"},"canonical":"https:\/\/www.zerdab.com\/?p=15566","og_locale":"az_AZ","og_type":"article","og_title":"Z\u0259rdab rayonuna ayr\u0131lan v\u0259saitl\u0259r m\u00fczakir\u0259 olundu - Z\u0259rdab.com","og_description":"Hesablama Palatas\u0131n\u0131n Kollegiya iclas\u0131 ke\u00e7irilib. Zerdab.com sayt\u0131 x\u0259b\u0259r verir ki, iclasda Bak\u0131 \u015f\u0259h\u0259rind\u0259 bir s\u0131ra m\u00fcxt\u0259lif sah\u0259l\u0259r \u00fczr\u0259 ayr\u0131lan v\u0259saitl\u0259rin proqnozla\u015fd\u0131r\u0131lmas\u0131 v\u0259 istifad\u0259sin\u0259 dair h\u0259yata ke\u00e7irilmi\u015f audit t\u0259dbirl\u0259rinin n\u0259tic\u0259l\u0259ri \u00fczr\u0259 hesabatlar v\u0259 r\u0259yl\u0259r m\u00fczakir\u0259 olunub. Eyni zamanda kollegiya iclas\u0131nda d\u00f6vl\u0259t b\u00fcdc\u0259sinin d\u00f6vl\u0259t \u0259sasl\u0131 v\u0259sait qoyulu\u015fundan Z\u0259rdab\u00a0 rayon \u0130cra Hakimiyy\u0259tin\u0259 ayr\u0131lan v\u0259saitl\u0259rd\u0259n istifad\u0259y\u0259 v\u0259 Vergil\u0259r Nazirliyi [&hellip;]","og_url":"https:\/\/www.zerdab.com\/?p=15566","og_site_name":"Z\u0259rdab.com","article_published_time":"2014-04-29T03:15:41+00:00","article_modified_time":"2014-04-29T03:20:23+00:00","og_image":[{"url":"http:\/\/www.zerdab.com\/wp-content\/uploads\/2014\/04\/Rayon.jpg","type":"","width":"","height":""}],"author":"admin","twitter_card":"summary_large_image","twitter_misc":{"Written by":"admin","Est. reading time":"1 minute"},"schema":{"@context":"https:\/\/schema.org","@graph":[{"@type":"Article","@id":"https:\/\/www.zerdab.com\/?p=15566#article","isPartOf":{"@id":"https:\/\/www.zerdab.com\/?p=15566"},"author":{"name":"admin","@id":"https:\/\/www.zerdab.com\/#\/schema\/person\/97079b7570c1e89ec0d9e138c3672136"},"headline":"Z\u0259rdab rayonuna ayr\u0131lan v\u0259saitl\u0259r m\u00fczakir\u0259 olundu","datePublished":"2014-04-29T03:15:41+00:00","dateModified":"2014-04-29T03:20:23+00:00","mainEntityOfPage":{"@id":"https:\/\/www.zerdab.com\/?p=15566"},"wordCount":181,"commentCount":0,"image":{"@id":"https:\/\/www.zerdab.com\/?p=15566#primaryimage"},"thumbnailUrl":"http:\/\/www.zerdab.com\/wp-content\/uploads\/2014\/04\/Rayon.jpg","articleSection":["X\u018fB\u018fRL\u018fR"],"inLanguage":"az","potentialAction":[{"@type":"CommentAction","name":"Comment","target":["https:\/\/www.zerdab.com\/?p=15566#respond"]}]},{"@type":"WebPage","@id":"https:\/\/www.zerdab.com\/?p=15566","url":"https:\/\/www.zerdab.com\/?p=15566","name":"Z\u0259rdab rayonuna ayr\u0131lan v\u0259saitl\u0259r m\u00fczakir\u0259 olundu - Z\u0259rdab.com","isPartOf":{"@id":"https:\/\/www.zerdab.com\/#website"},"primaryImageOfPage":{"@id":"https:\/\/www.zerdab.com\/?p=15566#primaryimage"},"image":{"@id":"https:\/\/www.zerdab.com\/?p=15566#primaryimage"},"thumbnailUrl":"http:\/\/www.zerdab.com\/wp-content\/uploads\/2014\/04\/Rayon.jpg","datePublished":"2014-04-29T03:15:41+00:00","dateModified":"2014-04-29T03:20:23+00:00","author":{"@id":"https:\/\/www.zerdab.com\/#\/schema\/person\/97079b7570c1e89ec0d9e138c3672136"},"breadcrumb":{"@id":"https:\/\/www.zerdab.com\/?p=15566#breadcrumb"},"inLanguage":"az","potentialAction":[{"@type":"ReadAction","target":["https:\/\/www.zerdab.com\/?p=15566"]}]},{"@type":"ImageObject","inLanguage":"az","@id":"https:\/\/www.zerdab.com\/?p=15566#primaryimage","url":"http:\/\/www.zerdab.com\/wp-content\/uploads\/2014\/04\/Rayon.jpg","contentUrl":"http:\/\/www.zerdab.com\/wp-content\/uploads\/2014\/04\/Rayon.jpg"},{"@type":"BreadcrumbList","@id":"https:\/\/www.zerdab.com\/?p=15566#breadcrumb","itemListElement":[{"@type":"ListItem","position":1,"name":"Home","item":"https:\/\/www.zerdab.com\/"},{"@type":"ListItem","position":2,"name":"Z\u0259rdab rayonuna ayr\u0131lan v\u0259saitl\u0259r m\u00fczakir\u0259 olundu"}]},{"@type":"WebSite","@id":"https:\/\/www.zerdab.com\/#website","url":"https:\/\/www.zerdab.com\/","name":"Z\u0259rdab.com","description":"","potentialAction":[{"@type":"SearchAction","target":{"@type":"EntryPoint","urlTemplate":"https:\/\/www.zerdab.com\/?s={search_term_string}"},"query-input":{"@type":"PropertyValueSpecification","valueRequired":true,"valueName":"search_term_string"}}],"inLanguage":"az"},{"@type":"Person","@id":"https:\/\/www.zerdab.com\/#\/schema\/person\/97079b7570c1e89ec0d9e138c3672136","name":"admin","image":{"@type":"ImageObject","inLanguage":"az","@id":"https:\/\/www.zerdab.com\/#\/schema\/person\/image\/","url":"https:\/\/secure.gravatar.com\/avatar\/d9c52a9a27c32119cb6679a077fa3e2779e5f822c451cbf01098004361d466ec?s=96&d=mm&r=g","contentUrl":"https:\/\/secure.gravatar.com\/avatar\/d9c52a9a27c32119cb6679a077fa3e2779e5f822c451cbf01098004361d466ec?s=96&d=mm&r=g","caption":"admin"},"url":"https:\/\/www.zerdab.com\/?author=1"}]}},"_links":{"self":[{"href":"https:\/\/www.zerdab.com\/index.php?rest_route=\/wp\/v2\/posts\/15566","targetHints":{"allow":["GET"]}}],"collection":[{"href":"https:\/\/www.zerdab.com\/index.php?rest_route=\/wp\/v2\/posts"}],"about":[{"href":"https:\/\/www.zerdab.com\/index.php?rest_route=\/wp\/v2\/types\/post"}],"author":[{"embeddable":true,"href":"https:\/\/www.zerdab.com\/index.php?rest_route=\/wp\/v2\/users\/1"}],"replies":[{"embeddable":true,"href":"https:\/\/www.zerdab.com\/index.php?rest_route=%2Fwp%2Fv2%2Fcomments&post=15566"}],"version-history":[{"count":3,"href":"https:\/\/www.zerdab.com\/index.php?rest_route=\/wp\/v2\/posts\/15566\/revisions"}],"predecessor-version":[{"id":15572,"href":"https:\/\/www.zerdab.com\/index.php?rest_route=\/wp\/v2\/posts\/15566\/revisions\/15572"}],"wp:attachment":[{"href":"https:\/\/www.zerdab.com\/index.php?rest_route=%2Fwp%2Fv2%2Fmedia&parent=15566"}],"wp:term":[{"taxonomy":"category","embeddable":true,"href":"https:\/\/www.zerdab.com\/index.php?rest_route=%2Fwp%2Fv2%2Fcategories&post=15566"},{"taxonomy":"post_tag","embeddable":true,"href":"https:\/\/www.zerdab.com\/index.php?rest_route=%2Fwp%2Fv2%2Ftags&post=15566"}],"curies":[{"name":"wp","href":"https:\/\/api.w.org\/{rel}","templated":true}]}}