{"id":15596,"date":"2014-05-03T08:00:26","date_gmt":"2014-05-03T03:00:26","guid":{"rendered":"http:\/\/www.zerdab.com\/?p=15596"},"modified":"2014-05-03T00:07:23","modified_gmt":"2014-05-02T19:07:23","slug":"z%c9%99rdabda-ulu-ond%c9%99rin-f%c9%99aliyy%c9%99ti-il%c9%99-bagli-aciq-d%c9%99rsl%c9%99r%c9%99-yekun-vuruldu","status":"publish","type":"post","link":"https:\/\/www.zerdab.com\/?p=15596","title":{"rendered":"Z\u0259rdabda Ulu \u00f6nd\u0259rin f\u0259aliyy\u0259ti il\u0259 ba\u011fl\u0131 a\u00e7\u0131q d\u0259rsl\u0259r\u0259 yekun vuruldu"},"content":{"rendered":"<p><a href=\"http:\/\/www.zerdab.com\/wp-content\/uploads\/2014\/05\/Z\u0259rdab-Rayon-T\u0259hsil-\u015e\u00f6b\u0259si.jpg\"><img loading=\"lazy\" decoding=\"async\" class=\"aligncenter size-full wp-image-15597\" alt=\"Z\u0259rdab Rayon T\u0259hsil \u015e\u00f6b\u0259si\" src=\"http:\/\/www.zerdab.com\/wp-content\/uploads\/2014\/05\/Z\u0259rdab-Rayon-T\u0259hsil-\u015e\u00f6b\u0259si.jpg\" width=\"400\" height=\"267\" \/><\/a>Z\u0259rdabdak\u0131 Heyd\u0259r \u018fliyev M\u0259rk\u0259zind\u0259 rayonun \u00fcmumt\u0259hsil m\u0259kt\u0259bl\u0259rinin XI sinif \u015fagirdl\u0259ri \u00fc\u00e7\u00fcn t\u0259dris olunan \u201cUlu \u00f6nd\u0259r Heyd\u0259r \u018fliyev m\u00fcst\u0259qil Az\u0259rbaycan\u0131n memar\u0131 v\u0259 qurucusudur\u201d v\u0259 \u201c\u00dcmummilli lider Heyd\u0259r \u018fliyevin ideyalar\u0131 m\u00fcasir Az\u0259rbaycan\u0131n sosial-iqtisadi inki\u015faf\u0131n\u0131n t\u0259minat\u00e7\u0131s\u0131d\u0131r\u201d m\u00f6vzular\u0131nda a\u00e7\u0131q d\u0259rsl\u0259r\u0259 yekun vuruldu. T\u0259dris prosesin\u0259 Z\u0259rdab Rayon T\u0259hsil\u00a0 \u015e\u00f6b\u0259sini m\u00fcdiri, filologiya elml\u0259ri doktoru Baba Babayevin r\u0259hb\u0259rliyi il\u0259 y\u00fcks\u0259k pe\u015f\u0259karl\u0131\u011f\u0131, elmi-n\u0259z\u0259ri biliyi, metodiki haz\u0131rl\u0131\u011f\u0131 il\u0259 f\u0259rql\u0259n\u0259n qabaqc\u0131l m\u00fc\u0259lliml\u0259r c\u0259lb edilmi\u015fl\u0259r. Rayon T\u0259hsil \u015e\u00f6b\u0259sinin m\u00fcdiri Baba Babayev m\u00fcnt\u0259z\u0259m olaraq d\u0259rsl\u0259rd\u0259 i\u015ftirak etmi\u015f, \u00fcmummilli lider Heyd\u0259r \u018fliyevin n\u0259sill\u0259r\u0259 n\u00fcmun\u0259 olan m\u0259nal\u0131 \u00f6m\u00fcr yolundan geni\u015f b\u0259hs etmi\u015fdir. Dahi \u015f\u0259xsiyy\u0259tin xalq\u0131m\u0131z v\u0259 d\u00f6vl\u0259t\u00e7iliyimiz qar\u015f\u0131s\u0131ndak\u0131 \u0259v\u0259zsiz tarixi xidm\u0259tl\u0259ri \u015fagirdl\u0259rin n\u0259z\u0259rin\u0259 \u00e7atd\u0131r\u0131lm\u0131\u015fd\u0131r. Z\u0259rdab Rayon \u0130cra Hakimiyy\u0259tinin ba\u015f\u00e7\u0131s\u0131 L\u00fctv\u0259li Babayev d\u0259rsl\u0259rin daha m\u00fct\u0259\u015f\u0259kkil ke\u00e7irilm\u0259si \u00fc\u00e7\u00fcn qay\u011f\u0131s\u0131n\u0131 \u0259sirg\u0259m\u0259mi\u015fdir.<\/p>\n<p>Rayonun t\u0259cr\u00fcb\u0259li m\u00fc\u0259lliml\u0259ri t\u0259r\u0259find\u0259n t\u0259dris edil\u0259n d\u0259rsl\u0259r canl\u0131 \u00fcnsiyy\u0259t v\u0259 \u015fagirdl\u0259rin y\u00fcks\u0259k f\u0259all\u0131\u011f\u0131 \u015f\u0259raitind\u0259 ke\u00e7ib.<br \/>\n\u00dcmummilli liderin h\u0259yat\u0131n\u0131n Moskva ill\u0259ri il\u0259 ba\u011fl\u0131 m\u0259lumatlar\u0131 diqq\u0259tl\u0259 dinl\u0259y\u0259n \u015fagirdl\u0259r x\u00fcsusil\u0259 Ulu \u00f6nd\u0259rin Az\u0259rbaycanda ikinci d\u0259f\u0259 hakimiyy\u0259t\u0259 qay\u0131d\u0131\u015f\u0131ndan sonra f\u0259aliyy\u0259ti il\u0259 \u0259laq\u0259dar m\u0259lumatlara b\u00f6y\u00fck maraq g\u00f6st\u0259ribl\u0259r. M\u0259lumat verilib ki, dahi r\u0259hb\u0259r Heyd\u0259r \u018fliyevin \u00f6t\u0259n \u0259srin 90-c\u0131 ill\u0259rinin \u0259vv\u0259ll\u0259rind\u0259 erm\u0259ni t\u0259cav\u00fcz\u00fc \u015f\u0259raitind\u0259 dem\u0259k olar ki, sahibsiz qalm\u0131\u015f Az\u0259rbaycanda m\u00fcst\u0259qil d\u00f6vl\u0259t quruculu\u011fu sah\u0259sind\u0259 f\u0259aliyy\u0259ti \u00f6l\u00e7\u00fcy\u0259g\u0259lm\u0259z olub. Xalq\u0131m\u0131z\u0131n bu b\u00f6y\u00fck o\u011flunun f\u0259dakarl\u0131\u011f\u0131 v\u0259 uzaqg\u00f6r\u0259nliyi say\u0259sind\u0259 m\u00f6vcud probleml\u0259r aradan qald\u0131r\u0131l\u0131b v\u0259 \u00f6lk\u0259miz inki\u015faf yoluna \u00e7\u0131x\u0131b. Ulu \u00f6nd\u0259rin v\u0259 onun layiqli davam\u00e7\u0131s\u0131 Prezident \u0130lham \u018fliyevin uzaqg\u00f6r\u0259n siyas\u0259tl\u0259ri v\u0259 m\u0259qs\u0259dy\u00f6nl\u00fc f\u0259aliyy\u0259tl\u0259ri n\u0259tic\u0259sind\u0259 bu g\u00fcn Az\u0259rbaycan iqtisadi v\u0259 h\u0259rbi q\u00fcdr\u0259ti il\u0259 regionun apar\u0131c\u0131 d\u00f6vl\u0259tin\u0259 \u00e7evrilib.<br \/>\nB\u00fct\u00fcn bu m\u0259s\u0259l\u0259l\u0259r bar\u0259d\u0259 \u0259trafl\u0131 m\u0259lumatlar \u015fagirdl\u0259r t\u0259r\u0259find\u0259n b\u00f6y\u00fck maraqla qar\u015f\u0131lan\u0131b.<\/p>\n<p style=\"text-align: left;\">\u00a0 \u00a0 \u00a0 \u00a0 \u00a0 \u00a0 \u00a0 \u00a0 \u00a0 \u00a0 \u00a0 \u00a0 \u00a0 \u00a0 \u00a0 \u00a0 \u00a0 \u00a0 \u00a0 \u00a0 \u00a0\u00a0 \u00a0\u00a0\u00a0\u00a0\u00a0\u00a0\u00a0\u00a0\u00a0\u00a0\u00a0\u00a0\u00a0\u00a0\u00a0\u00a0\u00a0\u00a0\u00a0\u00a0\u00a0\u00a0\u00a0\u00a0\u00a0\u00a0\u00a0\u00a0\u00a0\u00a0\u00a0\u00a0\u00a0\u00a0\u00a0\u00a0\u00a0\u00a0\u00a0\u00a0\u00a0\u00a0\u00a0\u00a0\u00a0\u00a0\u00a0\u00a0\u00a0\u00a0\u00a0\u00a0\u00a0\u00a0\u00a0\u00a0\u00a0\u00a0\u00a0\u00a0\u00a0\u00a0\u00a0\u00a0\u00a0\u00a0\u00a0\u00a0\u00a0\u00a0\u00a0\u00a0\u00a0\u00a0\u00a0\u00a0\u00a0\u00a0\u00a0\u00a0\u00a0\u00a0\u00a0\u00a0\u00a0\u00a0\u00a0\u00a0\u00a0\u00a0\u00a0\u00a0\u00a0\u00a0\u00a0\u00a0\u00a0\u00a0\u00a0\u00a0\u00a0\u00a0\u00a0<span style=\"color: #0000ff;\"> <b>Z<\/b><b>\u0259<\/b><b>rdab Rayon T<\/b><b>\u0259<\/b><b>hsil <\/b><b>\u015e\u00f6<\/b><b>b<\/b><b>\u0259<\/b><b>si<\/b><\/span><\/p>\n","protected":false},"excerpt":{"rendered":"<p>Z\u0259rdabdak\u0131 Heyd\u0259r \u018fliyev M\u0259rk\u0259zind\u0259 rayonun \u00fcmumt\u0259hsil m\u0259kt\u0259bl\u0259rinin XI sinif \u015fagirdl\u0259ri \u00fc\u00e7\u00fcn t\u0259dris olunan \u201cUlu \u00f6nd\u0259r Heyd\u0259r \u018fliyev m\u00fcst\u0259qil Az\u0259rbaycan\u0131n memar\u0131 v\u0259 qurucusudur\u201d v\u0259 \u201c\u00dcmummilli lider Heyd\u0259r \u018fliyevin ideyalar\u0131 m\u00fcasir Az\u0259rbaycan\u0131n sosial-iqtisadi inki\u015faf\u0131n\u0131n t\u0259minat\u00e7\u0131s\u0131d\u0131r\u201d m\u00f6vzular\u0131nda a\u00e7\u0131q d\u0259rsl\u0259r\u0259 yekun vuruldu. T\u0259dris prosesin\u0259 Z\u0259rdab Rayon T\u0259hsil\u00a0 \u015e\u00f6b\u0259sini m\u00fcdiri, filologiya elml\u0259ri doktoru Baba Babayevin r\u0259hb\u0259rliyi il\u0259 y\u00fcks\u0259k pe\u015f\u0259karl\u0131\u011f\u0131, elmi-n\u0259z\u0259ri [&hellip;]<\/p>\n","protected":false},"author":1,"featured_media":0,"comment_status":"open","ping_status":"open","sticky":false,"template":"","format":"standard","meta":{"footnotes":""},"categories":[21],"tags":[],"class_list":{"0":"post-15596","1":"post","2":"type-post","3":"status-publish","4":"format-standard","6":"category-zrdab"},"yoast_head":"<!-- This site is optimized with the Yoast SEO plugin v27.0 - https:\/\/yoast.com\/product\/yoast-seo-wordpress\/ -->\n<title>Z\u0259rdabda Ulu \u00f6nd\u0259rin f\u0259aliyy\u0259ti il\u0259 ba\u011fl\u0131 a\u00e7\u0131q d\u0259rsl\u0259r\u0259 yekun vuruldu - Z\u0259rdab.com<\/title>\n<meta name=\"robots\" content=\"index, follow, max-snippet:-1, max-image-preview:large, max-video-preview:-1\" \/>\n<link rel=\"canonical\" href=\"https:\/\/www.zerdab.com\/?p=15596\" \/>\n<meta property=\"og:locale\" content=\"az_AZ\" \/>\n<meta property=\"og:type\" content=\"article\" \/>\n<meta property=\"og:title\" content=\"Z\u0259rdabda Ulu \u00f6nd\u0259rin f\u0259aliyy\u0259ti il\u0259 ba\u011fl\u0131 a\u00e7\u0131q d\u0259rsl\u0259r\u0259 yekun vuruldu - Z\u0259rdab.com\" \/>\n<meta property=\"og:description\" content=\"Z\u0259rdabdak\u0131 Heyd\u0259r \u018fliyev M\u0259rk\u0259zind\u0259 rayonun \u00fcmumt\u0259hsil m\u0259kt\u0259bl\u0259rinin XI sinif \u015fagirdl\u0259ri \u00fc\u00e7\u00fcn t\u0259dris olunan \u201cUlu \u00f6nd\u0259r Heyd\u0259r \u018fliyev m\u00fcst\u0259qil Az\u0259rbaycan\u0131n memar\u0131 v\u0259 qurucusudur\u201d v\u0259 \u201c\u00dcmummilli lider Heyd\u0259r \u018fliyevin ideyalar\u0131 m\u00fcasir Az\u0259rbaycan\u0131n sosial-iqtisadi inki\u015faf\u0131n\u0131n t\u0259minat\u00e7\u0131s\u0131d\u0131r\u201d m\u00f6vzular\u0131nda a\u00e7\u0131q d\u0259rsl\u0259r\u0259 yekun vuruldu. T\u0259dris prosesin\u0259 Z\u0259rdab Rayon T\u0259hsil\u00a0 \u015e\u00f6b\u0259sini m\u00fcdiri, filologiya elml\u0259ri doktoru Baba Babayevin r\u0259hb\u0259rliyi il\u0259 y\u00fcks\u0259k pe\u015f\u0259karl\u0131\u011f\u0131, elmi-n\u0259z\u0259ri [&hellip;]\" \/>\n<meta property=\"og:url\" content=\"https:\/\/www.zerdab.com\/?p=15596\" \/>\n<meta property=\"og:site_name\" content=\"Z\u0259rdab.com\" \/>\n<meta property=\"article:published_time\" content=\"2014-05-03T03:00:26+00:00\" \/>\n<meta name=\"author\" content=\"admin\" \/>\n<meta name=\"twitter:card\" content=\"summary_large_image\" \/>\n<meta name=\"twitter:label1\" content=\"Written by\" \/>\n\t<meta name=\"twitter:data1\" content=\"admin\" \/>\n\t<meta name=\"twitter:label2\" content=\"Est. reading time\" \/>\n\t<meta name=\"twitter:data2\" content=\"2 minutes\" \/>\n<script type=\"application\/ld+json\" class=\"yoast-schema-graph\">{\"@context\":\"https:\/\/schema.org\",\"@graph\":[{\"@type\":\"Article\",\"@id\":\"https:\/\/www.zerdab.com\/?p=15596#article\",\"isPartOf\":{\"@id\":\"https:\/\/www.zerdab.com\/?p=15596\"},\"author\":{\"name\":\"admin\",\"@id\":\"https:\/\/www.zerdab.com\/#\/schema\/person\/97079b7570c1e89ec0d9e138c3672136\"},\"headline\":\"Z\u0259rdabda Ulu \u00f6nd\u0259rin f\u0259aliyy\u0259ti il\u0259 ba\u011fl\u0131 a\u00e7\u0131q d\u0259rsl\u0259r\u0259 yekun vuruldu\",\"datePublished\":\"2014-05-03T03:00:26+00:00\",\"mainEntityOfPage\":{\"@id\":\"https:\/\/www.zerdab.com\/?p=15596\"},\"wordCount\":495,\"commentCount\":0,\"articleSection\":[\"C\u018fM\u0130YY\u018fT\"],\"inLanguage\":\"az\",\"potentialAction\":[{\"@type\":\"CommentAction\",\"name\":\"Comment\",\"target\":[\"https:\/\/www.zerdab.com\/?p=15596#respond\"]}]},{\"@type\":\"WebPage\",\"@id\":\"https:\/\/www.zerdab.com\/?p=15596\",\"url\":\"https:\/\/www.zerdab.com\/?p=15596\",\"name\":\"Z\u0259rdabda Ulu \u00f6nd\u0259rin f\u0259aliyy\u0259ti il\u0259 ba\u011fl\u0131 a\u00e7\u0131q d\u0259rsl\u0259r\u0259 yekun vuruldu - Z\u0259rdab.com\",\"isPartOf\":{\"@id\":\"https:\/\/www.zerdab.com\/#website\"},\"datePublished\":\"2014-05-03T03:00:26+00:00\",\"author\":{\"@id\":\"https:\/\/www.zerdab.com\/#\/schema\/person\/97079b7570c1e89ec0d9e138c3672136\"},\"breadcrumb\":{\"@id\":\"https:\/\/www.zerdab.com\/?p=15596#breadcrumb\"},\"inLanguage\":\"az\",\"potentialAction\":[{\"@type\":\"ReadAction\",\"target\":[\"https:\/\/www.zerdab.com\/?p=15596\"]}]},{\"@type\":\"BreadcrumbList\",\"@id\":\"https:\/\/www.zerdab.com\/?p=15596#breadcrumb\",\"itemListElement\":[{\"@type\":\"ListItem\",\"position\":1,\"name\":\"Home\",\"item\":\"https:\/\/www.zerdab.com\/\"},{\"@type\":\"ListItem\",\"position\":2,\"name\":\"Z\u0259rdabda Ulu \u00f6nd\u0259rin f\u0259aliyy\u0259ti il\u0259 ba\u011fl\u0131 a\u00e7\u0131q d\u0259rsl\u0259r\u0259 yekun vuruldu\"}]},{\"@type\":\"WebSite\",\"@id\":\"https:\/\/www.zerdab.com\/#website\",\"url\":\"https:\/\/www.zerdab.com\/\",\"name\":\"Z\u0259rdab.com\",\"description\":\"\",\"potentialAction\":[{\"@type\":\"SearchAction\",\"target\":{\"@type\":\"EntryPoint\",\"urlTemplate\":\"https:\/\/www.zerdab.com\/?s={search_term_string}\"},\"query-input\":{\"@type\":\"PropertyValueSpecification\",\"valueRequired\":true,\"valueName\":\"search_term_string\"}}],\"inLanguage\":\"az\"},{\"@type\":\"Person\",\"@id\":\"https:\/\/www.zerdab.com\/#\/schema\/person\/97079b7570c1e89ec0d9e138c3672136\",\"name\":\"admin\",\"image\":{\"@type\":\"ImageObject\",\"inLanguage\":\"az\",\"@id\":\"https:\/\/www.zerdab.com\/#\/schema\/person\/image\/\",\"url\":\"https:\/\/secure.gravatar.com\/avatar\/d9c52a9a27c32119cb6679a077fa3e2779e5f822c451cbf01098004361d466ec?s=96&d=mm&r=g\",\"contentUrl\":\"https:\/\/secure.gravatar.com\/avatar\/d9c52a9a27c32119cb6679a077fa3e2779e5f822c451cbf01098004361d466ec?s=96&d=mm&r=g\",\"caption\":\"admin\"},\"url\":\"https:\/\/www.zerdab.com\/?author=1\"}]}<\/script>\n<!-- \/ Yoast SEO plugin. -->","yoast_head_json":{"title":"Z\u0259rdabda Ulu \u00f6nd\u0259rin f\u0259aliyy\u0259ti il\u0259 ba\u011fl\u0131 a\u00e7\u0131q d\u0259rsl\u0259r\u0259 yekun vuruldu - Z\u0259rdab.com","robots":{"index":"index","follow":"follow","max-snippet":"max-snippet:-1","max-image-preview":"max-image-preview:large","max-video-preview":"max-video-preview:-1"},"canonical":"https:\/\/www.zerdab.com\/?p=15596","og_locale":"az_AZ","og_type":"article","og_title":"Z\u0259rdabda Ulu \u00f6nd\u0259rin f\u0259aliyy\u0259ti il\u0259 ba\u011fl\u0131 a\u00e7\u0131q d\u0259rsl\u0259r\u0259 yekun vuruldu - Z\u0259rdab.com","og_description":"Z\u0259rdabdak\u0131 Heyd\u0259r \u018fliyev M\u0259rk\u0259zind\u0259 rayonun \u00fcmumt\u0259hsil m\u0259kt\u0259bl\u0259rinin XI sinif \u015fagirdl\u0259ri \u00fc\u00e7\u00fcn t\u0259dris olunan \u201cUlu \u00f6nd\u0259r Heyd\u0259r \u018fliyev m\u00fcst\u0259qil Az\u0259rbaycan\u0131n memar\u0131 v\u0259 qurucusudur\u201d v\u0259 \u201c\u00dcmummilli lider Heyd\u0259r \u018fliyevin ideyalar\u0131 m\u00fcasir Az\u0259rbaycan\u0131n sosial-iqtisadi inki\u015faf\u0131n\u0131n t\u0259minat\u00e7\u0131s\u0131d\u0131r\u201d m\u00f6vzular\u0131nda a\u00e7\u0131q d\u0259rsl\u0259r\u0259 yekun vuruldu. T\u0259dris prosesin\u0259 Z\u0259rdab Rayon T\u0259hsil\u00a0 \u015e\u00f6b\u0259sini m\u00fcdiri, filologiya elml\u0259ri doktoru Baba Babayevin r\u0259hb\u0259rliyi il\u0259 y\u00fcks\u0259k pe\u015f\u0259karl\u0131\u011f\u0131, elmi-n\u0259z\u0259ri [&hellip;]","og_url":"https:\/\/www.zerdab.com\/?p=15596","og_site_name":"Z\u0259rdab.com","article_published_time":"2014-05-03T03:00:26+00:00","author":"admin","twitter_card":"summary_large_image","twitter_misc":{"Written by":"admin","Est. reading time":"2 minutes"},"schema":{"@context":"https:\/\/schema.org","@graph":[{"@type":"Article","@id":"https:\/\/www.zerdab.com\/?p=15596#article","isPartOf":{"@id":"https:\/\/www.zerdab.com\/?p=15596"},"author":{"name":"admin","@id":"https:\/\/www.zerdab.com\/#\/schema\/person\/97079b7570c1e89ec0d9e138c3672136"},"headline":"Z\u0259rdabda Ulu \u00f6nd\u0259rin f\u0259aliyy\u0259ti il\u0259 ba\u011fl\u0131 a\u00e7\u0131q d\u0259rsl\u0259r\u0259 yekun vuruldu","datePublished":"2014-05-03T03:00:26+00:00","mainEntityOfPage":{"@id":"https:\/\/www.zerdab.com\/?p=15596"},"wordCount":495,"commentCount":0,"articleSection":["C\u018fM\u0130YY\u018fT"],"inLanguage":"az","potentialAction":[{"@type":"CommentAction","name":"Comment","target":["https:\/\/www.zerdab.com\/?p=15596#respond"]}]},{"@type":"WebPage","@id":"https:\/\/www.zerdab.com\/?p=15596","url":"https:\/\/www.zerdab.com\/?p=15596","name":"Z\u0259rdabda Ulu \u00f6nd\u0259rin f\u0259aliyy\u0259ti il\u0259 ba\u011fl\u0131 a\u00e7\u0131q d\u0259rsl\u0259r\u0259 yekun vuruldu - Z\u0259rdab.com","isPartOf":{"@id":"https:\/\/www.zerdab.com\/#website"},"datePublished":"2014-05-03T03:00:26+00:00","author":{"@id":"https:\/\/www.zerdab.com\/#\/schema\/person\/97079b7570c1e89ec0d9e138c3672136"},"breadcrumb":{"@id":"https:\/\/www.zerdab.com\/?p=15596#breadcrumb"},"inLanguage":"az","potentialAction":[{"@type":"ReadAction","target":["https:\/\/www.zerdab.com\/?p=15596"]}]},{"@type":"BreadcrumbList","@id":"https:\/\/www.zerdab.com\/?p=15596#breadcrumb","itemListElement":[{"@type":"ListItem","position":1,"name":"Home","item":"https:\/\/www.zerdab.com\/"},{"@type":"ListItem","position":2,"name":"Z\u0259rdabda Ulu \u00f6nd\u0259rin f\u0259aliyy\u0259ti il\u0259 ba\u011fl\u0131 a\u00e7\u0131q d\u0259rsl\u0259r\u0259 yekun vuruldu"}]},{"@type":"WebSite","@id":"https:\/\/www.zerdab.com\/#website","url":"https:\/\/www.zerdab.com\/","name":"Z\u0259rdab.com","description":"","potentialAction":[{"@type":"SearchAction","target":{"@type":"EntryPoint","urlTemplate":"https:\/\/www.zerdab.com\/?s={search_term_string}"},"query-input":{"@type":"PropertyValueSpecification","valueRequired":true,"valueName":"search_term_string"}}],"inLanguage":"az"},{"@type":"Person","@id":"https:\/\/www.zerdab.com\/#\/schema\/person\/97079b7570c1e89ec0d9e138c3672136","name":"admin","image":{"@type":"ImageObject","inLanguage":"az","@id":"https:\/\/www.zerdab.com\/#\/schema\/person\/image\/","url":"https:\/\/secure.gravatar.com\/avatar\/d9c52a9a27c32119cb6679a077fa3e2779e5f822c451cbf01098004361d466ec?s=96&d=mm&r=g","contentUrl":"https:\/\/secure.gravatar.com\/avatar\/d9c52a9a27c32119cb6679a077fa3e2779e5f822c451cbf01098004361d466ec?s=96&d=mm&r=g","caption":"admin"},"url":"https:\/\/www.zerdab.com\/?author=1"}]}},"_links":{"self":[{"href":"https:\/\/www.zerdab.com\/index.php?rest_route=\/wp\/v2\/posts\/15596","targetHints":{"allow":["GET"]}}],"collection":[{"href":"https:\/\/www.zerdab.com\/index.php?rest_route=\/wp\/v2\/posts"}],"about":[{"href":"https:\/\/www.zerdab.com\/index.php?rest_route=\/wp\/v2\/types\/post"}],"author":[{"embeddable":true,"href":"https:\/\/www.zerdab.com\/index.php?rest_route=\/wp\/v2\/users\/1"}],"replies":[{"embeddable":true,"href":"https:\/\/www.zerdab.com\/index.php?rest_route=%2Fwp%2Fv2%2Fcomments&post=15596"}],"version-history":[{"count":1,"href":"https:\/\/www.zerdab.com\/index.php?rest_route=\/wp\/v2\/posts\/15596\/revisions"}],"predecessor-version":[{"id":15598,"href":"https:\/\/www.zerdab.com\/index.php?rest_route=\/wp\/v2\/posts\/15596\/revisions\/15598"}],"wp:attachment":[{"href":"https:\/\/www.zerdab.com\/index.php?rest_route=%2Fwp%2Fv2%2Fmedia&parent=15596"}],"wp:term":[{"taxonomy":"category","embeddable":true,"href":"https:\/\/www.zerdab.com\/index.php?rest_route=%2Fwp%2Fv2%2Fcategories&post=15596"},{"taxonomy":"post_tag","embeddable":true,"href":"https:\/\/www.zerdab.com\/index.php?rest_route=%2Fwp%2Fv2%2Ftags&post=15596"}],"curies":[{"name":"wp","href":"https:\/\/api.w.org\/{rel}","templated":true}]}}