{"id":15625,"date":"2014-05-05T08:30:37","date_gmt":"2014-05-05T03:30:37","guid":{"rendered":"http:\/\/www.zerdab.com\/?p=15625"},"modified":"2021-10-08T13:21:06","modified_gmt":"2021-10-08T09:21:06","slug":"z%c9%99rdabin-gizli-qalmis-tarixi-yeni-faktlar-uz%c9%99-cixir-foto","status":"publish","type":"post","link":"https:\/\/www.zerdab.com\/?p=15625","title":{"rendered":"Z\u0259rdab\u0131n gizli qalm\u0131\u015f tarixi &#8211; Maraql\u0131 faktlar"},"content":{"rendered":"<p><b><span style=\"color: #0000ff;\">Sar\u0131qaya ya\u015fay\u0131\u015f yeri (Z\u0259rdab rayonu).<\/span> <\/b>Sar\u0131qaya k\u0259ndi \u0259razisind\u0259 2013-c\u00fc ild\u0259 T.V.\u018fliyev t\u0259r\u0259find\u0259n arxeoloji t\u0259dqiqat i\u015fl\u0259ri apar\u0131lm\u0131\u015fd\u0131r. Burada yerl\u0259\u015fmi\u015f k\u0259ndtipli ya\u015fay\u0131\u015f yerinin XI \u2013 XIII \u0259srl\u0259r\u0259 aid oldu\u011fu m\u0259lum olsa da, ya\u015fay\u0131\u015f yerinin qurulu\u015fu v\u0259 co\u011frafi m\u00f6vqeyi bir n\u00f6v T\u0259rk\u0259\u015f k\u0259ndi \u0259razisind\u0259ki Tikanl\u0131 Qoruq ya\u015fay\u0131\u015f yerini xat\u0131rlad\u0131r. Bu iki abid\u0259ni bir-birind\u0259n stratiqrafiyas\u0131 f\u0259rql\u0259ndirir. \u018frazi c\u0259nub-\u015f\u0259rq t\u0259r\u0259fd\u0259n K\u00fcr \u00e7ay\u0131 il\u0259 s\u0259rh\u0259dl\u0259nir. H\u00fcnd\u00fcr qayal\u0131qdan k\u0259nd\u0259 do\u011fru ya\u015fay\u0131\u015f yerinin izl\u0259ri a\u015fkar olunmu\u015fdur. Torpa\u011f\u0131n\u0131n r\u0259ngi sar\u0131 oldu\u011fu \u00fc\u00e7\u00fcn \u0259razinin haz\u0131rki ad\u0131 Sar\u0131qayad\u0131r.<\/p>\n<p>A\u011fcab\u0259di \u0259razisind\u0259 T.R.\u018fliyevin r\u0259hb\u0259rliyi il\u0259 h\u0259yata ke\u00e7iril\u0259n arxeoloji t\u0259dqiqat i\u015fl\u0259ri n\u0259tic\u0259sind\u0259 Salmanb\u0259yli k\u0259ndi \u0259razisind\u0259 Qalat\u0259p\u0259 abid\u0259si \u00f6yr\u0259nilmi\u015fdir. Strabonun \u201cCo\u011frafiya\u201d \u0259s\u0259rind\u0259 ad\u0131 ke\u00e7\u0259n Ayniana antik alban \u015f\u0259h\u0259rinin qal\u0131qlar\u0131 olan abid\u0259d\u0259 \u015f\u0259h\u0259r yerinin olmas\u0131 bir daha t\u0259sdiq olunmu\u015fdur. Xat\u0131rladaq ki, bu \u015f\u0259h\u0259rl\u0259 K\u00fcr\u00fcn \u015fimal\u0131n\u0131 birl\u0259\u015fdir\u0259n ticar\u0259t yolunun Z\u0259rdab rayonu \u0259razisind\u0259 Sar\u0131qayadan ke\u00e7m\u0259si g\u00fcman olunur.<\/p>\n<p>Z\u0259rdab rayonunun Xanm\u0259mm\u0259dli k\u0259ndi \u0259razisind\u0259n t\u0259s\u0259rr\u00fcfat i\u015fl\u0259ri zaman\u0131 1973-c\u00fc ild\u0259 k\u0259ndin c\u0259nub-q\u0259rbind\u0259 meliorasiya i\u015fl\u0259ri zaman\u0131 1,5 m d\u0259rinlikd\u0259 k\u00fcp q\u0259bir a\u015fkar olunmu\u015fdur. F.Osmanov bu q\u0259biri e.\u0259. II \u2013 I \u0259srl\u0259r\u0259 aid etmi\u015fdir. Skelet yar\u0131mb\u00fck\u00fcl\u00fc v\u0259ziyy\u0259td\u0259 qoyulmu\u015f, yan\u0131ndan serdolik muncuqlar, korroziyaya u\u011fram\u0131\u015f q\u0131sa x\u0259nc\u0259r, sad\u0259 nax\u0131\u015fs\u0131z gil qablar tap\u0131lm\u0131\u015fd\u0131r. M\u0259rhumun al\u0131n hiss\u0259sin\u0259 sikk\u0259 qoyulmu\u015fdur. Numizmatik material Parfiya Ar\u015fakil\u0259rind\u0259n olan I Oroda m\u0259xsusdur (e.\u0259. II \u0259sr). Sikk\u0259nin aversind\u0259 h\u00f6kmdar I Orodun ad\u0131, reversind\u0259 is\u0259 g\u00fcn\u0259\u015f t\u0259svir olunmu\u015fdur. Q\u0259bird\u0259n 1 m k\u0259narda ocaq izl\u0259ri d\u0259 tap\u0131lm\u0131\u015fd\u0131r. \u018frazinin dig\u0259r hiss\u0259sind\u0259 \u00fcz\u0259rind\u0259 \u0259r\u0259b \u0259lifbas\u0131 il\u0259 yaz\u0131 olan m\u0259i\u015f\u0259t qablar\u0131 v\u0259 \u00e7\u0131raqlar da a\u015fkar olunmu\u015fdur. Az\u0259rbaycan Respublikas\u0131 Nazirl\u0259r kabinetinin 2 avqust 2001-ci il tarixli 132 n\u00f6mr\u0259li q\u0259rar\u0131 il\u0259 Xanm\u0259mm\u0259dli k\u00fcp q\u0259birl\u0259ri nekropolu \u00f6lk\u0259 \u0259h\u0259miyy\u0259tli da\u015f\u0131nmaz tarix v\u0259 m\u0259d\u0259niyy\u0259t abid\u0259l\u0259rinin siyah\u0131s\u0131na daxil edilmi\u015fdir.<\/p>\n<p>Z\u0259rdab rayonunun T\u0259z\u0259k\u0259nd \u0259razisind\u0259n t\u0259s\u0259rr\u00fcfat i\u015fl\u0259ri zaman\u0131 keramika n\u00fcmun\u0259l\u0259ri \u0259ld\u0259 olunmu\u015f, 2012-ci ild\u0259 is\u0259 yer \u015fumlama prosesi zaman\u0131 ki\u00e7ik k\u00fcp q\u0259bir d\u0259 da\u011f\u0131d\u0131lm\u0131\u015fd\u0131r. Qeyd etdiyimiz maddi m\u0259d\u0259niyy\u0259t n\u00fcmun\u0259l\u0259ri k\u0259ndin \u0259kin sah\u0259l\u0259rinin yerl\u0259\u015fdiyi \u0259razid\u0259, Z\u0259rdab \u2013 D\u0259li Qu\u015f\u00e7u yolunun sa\u011f hiss\u0259sind\u0259 \u00fcz\u0259 \u00e7\u0131xar\u0131lm\u0131\u015fd\u0131r. Bo\u011faz hiss\u0259si dar olan tayqulp qab is\u0259 son antik \u2013 ilk orta \u0259srl\u0259rin ba\u015flan\u011f\u0131c\u0131na aiddir. 2013-c\u00fc ild\u0259 apar\u0131lm\u0131\u015f arxeoloji k\u0259\u015ffiyyat v\u0259 \u00e7\u00f6l-t\u0259dqiqat i\u015fl\u0259ri deyil\u0259nl\u0259ri bir daha t\u0259sdiq edir.<\/p>\n<p style=\"text-align: left;\" align=\"center\"><span style=\"color: #0000ff;\"><strong>\u018fliyev Taleh Vasif o\u011flu. AMEA Arxeologiya v\u0259 Etnoqrafiya \u0130nstitutunun elmi i\u015f\u00e7i, dissertant<\/strong><\/span><\/p>\n<p style=\"text-align: left;\"><span style=\"color: #0000ff;\"><strong><a href=\"mailto:taleh.ali@mail.ru\"><span style=\"color: #0000ff;\">taleh.ali@mail.ru<\/span><\/a><\/strong><\/span><\/p>\n","protected":false},"excerpt":{"rendered":"<p>Sar\u0131qaya ya\u015fay\u0131\u015f yeri (Z\u0259rdab rayonu). Sar\u0131qaya k\u0259ndi \u0259razisind\u0259 2013-c\u00fc ild\u0259 T.V.\u018fliyev t\u0259r\u0259find\u0259n arxeoloji t\u0259dqiqat i\u015fl\u0259ri apar\u0131lm\u0131\u015fd\u0131r. Burada yerl\u0259\u015fmi\u015f k\u0259ndtipli ya\u015fay\u0131\u015f yerinin XI \u2013 XIII \u0259srl\u0259r\u0259 aid oldu\u011fu m\u0259lum olsa da, ya\u015fay\u0131\u015f yerinin qurulu\u015fu v\u0259 co\u011frafi m\u00f6vqeyi bir n\u00f6v T\u0259rk\u0259\u015f k\u0259ndi \u0259razisind\u0259ki Tikanl\u0131 Qoruq ya\u015fay\u0131\u015f yerini xat\u0131rlad\u0131r. Bu iki abid\u0259ni bir-birind\u0259n stratiqrafiyas\u0131 f\u0259rql\u0259ndirir. \u018frazi c\u0259nub-\u015f\u0259rq t\u0259r\u0259fd\u0259n [&hellip;]<\/p>\n","protected":false},"author":1,"featured_media":29168,"comment_status":"open","ping_status":"open","sticky":false,"template":"","format":"standard","meta":{"footnotes":""},"categories":[1],"tags":[],"class_list":{"0":"post-15625","1":"post","2":"type-post","3":"status-publish","4":"format-standard","5":"has-post-thumbnail","7":"category-tarix"},"yoast_head":"<!-- This site is optimized with the Yoast SEO plugin v27.0 - https:\/\/yoast.com\/product\/yoast-seo-wordpress\/ -->\n<title>Z\u0259rdab\u0131n gizli qalm\u0131\u015f tarixi - Maraql\u0131 faktlar - Z\u0259rdab.com<\/title>\n<meta name=\"robots\" content=\"index, follow, max-snippet:-1, max-image-preview:large, max-video-preview:-1\" \/>\n<link rel=\"canonical\" href=\"https:\/\/www.zerdab.com\/?p=15625\" \/>\n<meta property=\"og:locale\" content=\"az_AZ\" \/>\n<meta property=\"og:type\" content=\"article\" \/>\n<meta property=\"og:title\" content=\"Z\u0259rdab\u0131n gizli qalm\u0131\u015f tarixi - Maraql\u0131 faktlar - Z\u0259rdab.com\" \/>\n<meta property=\"og:description\" content=\"Sar\u0131qaya ya\u015fay\u0131\u015f yeri (Z\u0259rdab rayonu). Sar\u0131qaya k\u0259ndi \u0259razisind\u0259 2013-c\u00fc ild\u0259 T.V.\u018fliyev t\u0259r\u0259find\u0259n arxeoloji t\u0259dqiqat i\u015fl\u0259ri apar\u0131lm\u0131\u015fd\u0131r. Burada yerl\u0259\u015fmi\u015f k\u0259ndtipli ya\u015fay\u0131\u015f yerinin XI \u2013 XIII \u0259srl\u0259r\u0259 aid oldu\u011fu m\u0259lum olsa da, ya\u015fay\u0131\u015f yerinin qurulu\u015fu v\u0259 co\u011frafi m\u00f6vqeyi bir n\u00f6v T\u0259rk\u0259\u015f k\u0259ndi \u0259razisind\u0259ki Tikanl\u0131 Qoruq ya\u015fay\u0131\u015f yerini xat\u0131rlad\u0131r. Bu iki abid\u0259ni bir-birind\u0259n stratiqrafiyas\u0131 f\u0259rql\u0259ndirir. \u018frazi c\u0259nub-\u015f\u0259rq t\u0259r\u0259fd\u0259n [&hellip;]\" \/>\n<meta property=\"og:url\" content=\"https:\/\/www.zerdab.com\/?p=15625\" \/>\n<meta property=\"og:site_name\" content=\"Z\u0259rdab.com\" \/>\n<meta property=\"article:published_time\" content=\"2014-05-05T03:30:37+00:00\" \/>\n<meta property=\"article:modified_time\" content=\"2021-10-08T09:21:06+00:00\" \/>\n<meta property=\"og:image\" content=\"https:\/\/www.zerdab.com\/wp-content\/uploads\/2014\/05\/zerdab-sariqaya-kur-zerdab.jpg\" \/>\n\t<meta property=\"og:image:width\" content=\"2048\" \/>\n\t<meta property=\"og:image:height\" content=\"1152\" \/>\n\t<meta property=\"og:image:type\" content=\"image\/jpeg\" \/>\n<meta name=\"author\" content=\"admin\" \/>\n<meta name=\"twitter:card\" content=\"summary_large_image\" \/>\n<meta name=\"twitter:label1\" content=\"Written by\" \/>\n\t<meta name=\"twitter:data1\" content=\"admin\" \/>\n\t<meta name=\"twitter:label2\" content=\"Est. reading time\" \/>\n\t<meta name=\"twitter:data2\" content=\"3 minutes\" \/>\n<script type=\"application\/ld+json\" class=\"yoast-schema-graph\">{\"@context\":\"https:\/\/schema.org\",\"@graph\":[{\"@type\":\"Article\",\"@id\":\"https:\/\/www.zerdab.com\/?p=15625#article\",\"isPartOf\":{\"@id\":\"https:\/\/www.zerdab.com\/?p=15625\"},\"author\":{\"name\":\"admin\",\"@id\":\"https:\/\/www.zerdab.com\/#\/schema\/person\/97079b7570c1e89ec0d9e138c3672136\"},\"headline\":\"Z\u0259rdab\u0131n gizli qalm\u0131\u015f tarixi &#8211; Maraql\u0131 faktlar\",\"datePublished\":\"2014-05-05T03:30:37+00:00\",\"dateModified\":\"2021-10-08T09:21:06+00:00\",\"mainEntityOfPage\":{\"@id\":\"https:\/\/www.zerdab.com\/?p=15625\"},\"wordCount\":587,\"commentCount\":0,\"image\":{\"@id\":\"https:\/\/www.zerdab.com\/?p=15625#primaryimage\"},\"thumbnailUrl\":\"https:\/\/www.zerdab.com\/wp-content\/uploads\/2014\/05\/zerdab-sariqaya-kur-zerdab.jpg\",\"articleSection\":[\"Z\u018fRDABIN TAR\u0130X\u0130\"],\"inLanguage\":\"az\",\"potentialAction\":[{\"@type\":\"CommentAction\",\"name\":\"Comment\",\"target\":[\"https:\/\/www.zerdab.com\/?p=15625#respond\"]}]},{\"@type\":\"WebPage\",\"@id\":\"https:\/\/www.zerdab.com\/?p=15625\",\"url\":\"https:\/\/www.zerdab.com\/?p=15625\",\"name\":\"Z\u0259rdab\u0131n gizli qalm\u0131\u015f tarixi - Maraql\u0131 faktlar - Z\u0259rdab.com\",\"isPartOf\":{\"@id\":\"https:\/\/www.zerdab.com\/#website\"},\"primaryImageOfPage\":{\"@id\":\"https:\/\/www.zerdab.com\/?p=15625#primaryimage\"},\"image\":{\"@id\":\"https:\/\/www.zerdab.com\/?p=15625#primaryimage\"},\"thumbnailUrl\":\"https:\/\/www.zerdab.com\/wp-content\/uploads\/2014\/05\/zerdab-sariqaya-kur-zerdab.jpg\",\"datePublished\":\"2014-05-05T03:30:37+00:00\",\"dateModified\":\"2021-10-08T09:21:06+00:00\",\"author\":{\"@id\":\"https:\/\/www.zerdab.com\/#\/schema\/person\/97079b7570c1e89ec0d9e138c3672136\"},\"breadcrumb\":{\"@id\":\"https:\/\/www.zerdab.com\/?p=15625#breadcrumb\"},\"inLanguage\":\"az\",\"potentialAction\":[{\"@type\":\"ReadAction\",\"target\":[\"https:\/\/www.zerdab.com\/?p=15625\"]}]},{\"@type\":\"ImageObject\",\"inLanguage\":\"az\",\"@id\":\"https:\/\/www.zerdab.com\/?p=15625#primaryimage\",\"url\":\"https:\/\/www.zerdab.com\/wp-content\/uploads\/2014\/05\/zerdab-sariqaya-kur-zerdab.jpg\",\"contentUrl\":\"https:\/\/www.zerdab.com\/wp-content\/uploads\/2014\/05\/zerdab-sariqaya-kur-zerdab.jpg\",\"width\":2048,\"height\":1152,\"caption\":\"zerdab-sariqaya-kur-zerdab\"},{\"@type\":\"BreadcrumbList\",\"@id\":\"https:\/\/www.zerdab.com\/?p=15625#breadcrumb\",\"itemListElement\":[{\"@type\":\"ListItem\",\"position\":1,\"name\":\"Home\",\"item\":\"https:\/\/www.zerdab.com\/\"},{\"@type\":\"ListItem\",\"position\":2,\"name\":\"Z\u0259rdab\u0131n gizli qalm\u0131\u015f tarixi &#8211; Maraql\u0131 faktlar\"}]},{\"@type\":\"WebSite\",\"@id\":\"https:\/\/www.zerdab.com\/#website\",\"url\":\"https:\/\/www.zerdab.com\/\",\"name\":\"Z\u0259rdab.com\",\"description\":\"\",\"potentialAction\":[{\"@type\":\"SearchAction\",\"target\":{\"@type\":\"EntryPoint\",\"urlTemplate\":\"https:\/\/www.zerdab.com\/?s={search_term_string}\"},\"query-input\":{\"@type\":\"PropertyValueSpecification\",\"valueRequired\":true,\"valueName\":\"search_term_string\"}}],\"inLanguage\":\"az\"},{\"@type\":\"Person\",\"@id\":\"https:\/\/www.zerdab.com\/#\/schema\/person\/97079b7570c1e89ec0d9e138c3672136\",\"name\":\"admin\",\"image\":{\"@type\":\"ImageObject\",\"inLanguage\":\"az\",\"@id\":\"https:\/\/www.zerdab.com\/#\/schema\/person\/image\/\",\"url\":\"https:\/\/secure.gravatar.com\/avatar\/d9c52a9a27c32119cb6679a077fa3e2779e5f822c451cbf01098004361d466ec?s=96&d=mm&r=g\",\"contentUrl\":\"https:\/\/secure.gravatar.com\/avatar\/d9c52a9a27c32119cb6679a077fa3e2779e5f822c451cbf01098004361d466ec?s=96&d=mm&r=g\",\"caption\":\"admin\"},\"url\":\"https:\/\/www.zerdab.com\/?author=1\"}]}<\/script>\n<!-- \/ Yoast SEO plugin. -->","yoast_head_json":{"title":"Z\u0259rdab\u0131n gizli qalm\u0131\u015f tarixi - Maraql\u0131 faktlar - Z\u0259rdab.com","robots":{"index":"index","follow":"follow","max-snippet":"max-snippet:-1","max-image-preview":"max-image-preview:large","max-video-preview":"max-video-preview:-1"},"canonical":"https:\/\/www.zerdab.com\/?p=15625","og_locale":"az_AZ","og_type":"article","og_title":"Z\u0259rdab\u0131n gizli qalm\u0131\u015f tarixi - Maraql\u0131 faktlar - Z\u0259rdab.com","og_description":"Sar\u0131qaya ya\u015fay\u0131\u015f yeri (Z\u0259rdab rayonu). Sar\u0131qaya k\u0259ndi \u0259razisind\u0259 2013-c\u00fc ild\u0259 T.V.\u018fliyev t\u0259r\u0259find\u0259n arxeoloji t\u0259dqiqat i\u015fl\u0259ri apar\u0131lm\u0131\u015fd\u0131r. Burada yerl\u0259\u015fmi\u015f k\u0259ndtipli ya\u015fay\u0131\u015f yerinin XI \u2013 XIII \u0259srl\u0259r\u0259 aid oldu\u011fu m\u0259lum olsa da, ya\u015fay\u0131\u015f yerinin qurulu\u015fu v\u0259 co\u011frafi m\u00f6vqeyi bir n\u00f6v T\u0259rk\u0259\u015f k\u0259ndi \u0259razisind\u0259ki Tikanl\u0131 Qoruq ya\u015fay\u0131\u015f yerini xat\u0131rlad\u0131r. Bu iki abid\u0259ni bir-birind\u0259n stratiqrafiyas\u0131 f\u0259rql\u0259ndirir. \u018frazi c\u0259nub-\u015f\u0259rq t\u0259r\u0259fd\u0259n [&hellip;]","og_url":"https:\/\/www.zerdab.com\/?p=15625","og_site_name":"Z\u0259rdab.com","article_published_time":"2014-05-05T03:30:37+00:00","article_modified_time":"2021-10-08T09:21:06+00:00","og_image":[{"width":2048,"height":1152,"url":"https:\/\/www.zerdab.com\/wp-content\/uploads\/2014\/05\/zerdab-sariqaya-kur-zerdab.jpg","type":"image\/jpeg"}],"author":"admin","twitter_card":"summary_large_image","twitter_misc":{"Written by":"admin","Est. reading time":"3 minutes"},"schema":{"@context":"https:\/\/schema.org","@graph":[{"@type":"Article","@id":"https:\/\/www.zerdab.com\/?p=15625#article","isPartOf":{"@id":"https:\/\/www.zerdab.com\/?p=15625"},"author":{"name":"admin","@id":"https:\/\/www.zerdab.com\/#\/schema\/person\/97079b7570c1e89ec0d9e138c3672136"},"headline":"Z\u0259rdab\u0131n gizli qalm\u0131\u015f tarixi &#8211; Maraql\u0131 faktlar","datePublished":"2014-05-05T03:30:37+00:00","dateModified":"2021-10-08T09:21:06+00:00","mainEntityOfPage":{"@id":"https:\/\/www.zerdab.com\/?p=15625"},"wordCount":587,"commentCount":0,"image":{"@id":"https:\/\/www.zerdab.com\/?p=15625#primaryimage"},"thumbnailUrl":"https:\/\/www.zerdab.com\/wp-content\/uploads\/2014\/05\/zerdab-sariqaya-kur-zerdab.jpg","articleSection":["Z\u018fRDABIN TAR\u0130X\u0130"],"inLanguage":"az","potentialAction":[{"@type":"CommentAction","name":"Comment","target":["https:\/\/www.zerdab.com\/?p=15625#respond"]}]},{"@type":"WebPage","@id":"https:\/\/www.zerdab.com\/?p=15625","url":"https:\/\/www.zerdab.com\/?p=15625","name":"Z\u0259rdab\u0131n gizli qalm\u0131\u015f tarixi - Maraql\u0131 faktlar - Z\u0259rdab.com","isPartOf":{"@id":"https:\/\/www.zerdab.com\/#website"},"primaryImageOfPage":{"@id":"https:\/\/www.zerdab.com\/?p=15625#primaryimage"},"image":{"@id":"https:\/\/www.zerdab.com\/?p=15625#primaryimage"},"thumbnailUrl":"https:\/\/www.zerdab.com\/wp-content\/uploads\/2014\/05\/zerdab-sariqaya-kur-zerdab.jpg","datePublished":"2014-05-05T03:30:37+00:00","dateModified":"2021-10-08T09:21:06+00:00","author":{"@id":"https:\/\/www.zerdab.com\/#\/schema\/person\/97079b7570c1e89ec0d9e138c3672136"},"breadcrumb":{"@id":"https:\/\/www.zerdab.com\/?p=15625#breadcrumb"},"inLanguage":"az","potentialAction":[{"@type":"ReadAction","target":["https:\/\/www.zerdab.com\/?p=15625"]}]},{"@type":"ImageObject","inLanguage":"az","@id":"https:\/\/www.zerdab.com\/?p=15625#primaryimage","url":"https:\/\/www.zerdab.com\/wp-content\/uploads\/2014\/05\/zerdab-sariqaya-kur-zerdab.jpg","contentUrl":"https:\/\/www.zerdab.com\/wp-content\/uploads\/2014\/05\/zerdab-sariqaya-kur-zerdab.jpg","width":2048,"height":1152,"caption":"zerdab-sariqaya-kur-zerdab"},{"@type":"BreadcrumbList","@id":"https:\/\/www.zerdab.com\/?p=15625#breadcrumb","itemListElement":[{"@type":"ListItem","position":1,"name":"Home","item":"https:\/\/www.zerdab.com\/"},{"@type":"ListItem","position":2,"name":"Z\u0259rdab\u0131n gizli qalm\u0131\u015f tarixi &#8211; Maraql\u0131 faktlar"}]},{"@type":"WebSite","@id":"https:\/\/www.zerdab.com\/#website","url":"https:\/\/www.zerdab.com\/","name":"Z\u0259rdab.com","description":"","potentialAction":[{"@type":"SearchAction","target":{"@type":"EntryPoint","urlTemplate":"https:\/\/www.zerdab.com\/?s={search_term_string}"},"query-input":{"@type":"PropertyValueSpecification","valueRequired":true,"valueName":"search_term_string"}}],"inLanguage":"az"},{"@type":"Person","@id":"https:\/\/www.zerdab.com\/#\/schema\/person\/97079b7570c1e89ec0d9e138c3672136","name":"admin","image":{"@type":"ImageObject","inLanguage":"az","@id":"https:\/\/www.zerdab.com\/#\/schema\/person\/image\/","url":"https:\/\/secure.gravatar.com\/avatar\/d9c52a9a27c32119cb6679a077fa3e2779e5f822c451cbf01098004361d466ec?s=96&d=mm&r=g","contentUrl":"https:\/\/secure.gravatar.com\/avatar\/d9c52a9a27c32119cb6679a077fa3e2779e5f822c451cbf01098004361d466ec?s=96&d=mm&r=g","caption":"admin"},"url":"https:\/\/www.zerdab.com\/?author=1"}]}},"_links":{"self":[{"href":"https:\/\/www.zerdab.com\/index.php?rest_route=\/wp\/v2\/posts\/15625","targetHints":{"allow":["GET"]}}],"collection":[{"href":"https:\/\/www.zerdab.com\/index.php?rest_route=\/wp\/v2\/posts"}],"about":[{"href":"https:\/\/www.zerdab.com\/index.php?rest_route=\/wp\/v2\/types\/post"}],"author":[{"embeddable":true,"href":"https:\/\/www.zerdab.com\/index.php?rest_route=\/wp\/v2\/users\/1"}],"replies":[{"embeddable":true,"href":"https:\/\/www.zerdab.com\/index.php?rest_route=%2Fwp%2Fv2%2Fcomments&post=15625"}],"version-history":[{"count":4,"href":"https:\/\/www.zerdab.com\/index.php?rest_route=\/wp\/v2\/posts\/15625\/revisions"}],"predecessor-version":[{"id":29174,"href":"https:\/\/www.zerdab.com\/index.php?rest_route=\/wp\/v2\/posts\/15625\/revisions\/29174"}],"wp:featuredmedia":[{"embeddable":true,"href":"https:\/\/www.zerdab.com\/index.php?rest_route=\/wp\/v2\/media\/29168"}],"wp:attachment":[{"href":"https:\/\/www.zerdab.com\/index.php?rest_route=%2Fwp%2Fv2%2Fmedia&parent=15625"}],"wp:term":[{"taxonomy":"category","embeddable":true,"href":"https:\/\/www.zerdab.com\/index.php?rest_route=%2Fwp%2Fv2%2Fcategories&post=15625"},{"taxonomy":"post_tag","embeddable":true,"href":"https:\/\/www.zerdab.com\/index.php?rest_route=%2Fwp%2Fv2%2Ftags&post=15625"}],"curies":[{"name":"wp","href":"https:\/\/api.w.org\/{rel}","templated":true}]}}