{"id":15684,"date":"2014-05-07T16:00:08","date_gmt":"2014-05-07T11:00:08","guid":{"rendered":"http:\/\/www.zerdab.com\/?p=15684"},"modified":"2014-05-26T21:38:53","modified_gmt":"2014-05-26T16:38:53","slug":"z%c9%99rdabda-usaqlarin-yaradiciliq-f%c9%99aliyy%c9%99tl%c9%99rin%c9%99-baxis-kecirildi","status":"publish","type":"post","link":"https:\/\/www.zerdab.com\/?p=15684","title":{"rendered":"Z\u0259rdabda u\u015faqlar\u0131n yarad\u0131c\u0131l\u0131q f\u0259aliyy\u0259tl\u0259rin\u0259 bax\u0131\u015f ke\u00e7irildi"},"content":{"rendered":"<p><a href=\"http:\/\/www.zerdab.com\/wp-content\/uploads\/2014\/05\/Z\u0259rdab3.jpg\"><img loading=\"lazy\" decoding=\"async\" class=\"aligncenter size-large wp-image-15687\" alt=\"Z\u0259rdab\" src=\"http:\/\/www.zerdab.com\/wp-content\/uploads\/2014\/05\/Z\u0259rdab3-343x550.jpg\" width=\"343\" height=\"550\" \/><\/a>07 may 2014-c\u00fc il tarixd\u0259 Z\u0259rdab \u015f\u0259h\u0259rind\u0259ki Heyd\u0259r \u018fliyev park\u0131nda Ulu \u00d6nd\u0259rin anadan olmas\u0131n\u0131n 91-ci ild\u00f6n\u00fcm\u00fc m\u00fcnasib\u0259til\u0259 rayonda f\u0259aliyy\u0259t g\u00f6st\u0259r\u0259n k\u00f6rp\u0259l\u0259r evi-u\u015faq ba\u011f\u00e7alar\u0131n\u0131n u\u015faqlar\u0131n\u0131n yarad\u0131c\u0131l\u0131q f\u0259aliyy\u0259tl\u0259rin\u0259 bax\u0131\u015f ke\u00e7irildi. T\u0259dbird\u0259 rayonda f\u0259aliyy\u0259t g\u00f6st\u0259r\u0259n 19 k\u00f6rp\u0259l\u0259r evi-u\u015faq ba\u011f\u00e7as\u0131 i\u015ftirak etdi.<\/p>\n<p>M\u0259rasim i\u015ftirak\u00e7\u0131lar\u0131 \u00f6nc\u0259 \u00dcmummilli lider Heyd\u0259r \u018fliyevin abid\u0259si \u00f6n\u00fcn\u0259 g\u00fcl-\u00e7i\u00e7\u0259k d\u0259st\u0259l\u0259ri qoydular.<\/p>\n<p>T\u0259dbird\u0259 \u00e7\u0131x\u0131\u015f ed\u0259n Z\u0259rdab Rayon \u0130cra Hakimiyy\u0259tinin ba\u015f\u00e7\u0131s\u0131 c\u0259nab L\u00fctv\u0259li Babayev Ulu \u00d6nd\u0259rin f\u0259aliyy\u0259ti il\u0259 ba\u011fl\u0131 i\u015ftirak\u00e7\u0131lara m\u0259lumat verdi. Bildirdi ki, <strong>H. \u018fliyev \u015f\u0259xsiyy\u0259tinin dahiliyi, onun \u0259v\u0259zolunmazl\u0131\u011f\u0131n\u0131 s\u00fcbut ed\u0259n \u0259n birinci fakt m\u0259hz odur ki,<\/strong><b>\u00a0<\/b><strong>o b\u00f6y\u00fckl\u0259r\u0259 n\u0259 q\u0259d\u0259r s\u0259rt v\u0259 t\u0259l\u0259bkar idis\u0259, eyni zamanda u\u015faqlara qar\u015f\u0131 son d\u0259r\u0259c\u0259 n\u0259zak\u0259tli v\u0259<\/strong><b>\u00a0<\/b><strong>m\u0259rh\u0259m\u0259tli idi. O, u\u015faqlar\u0131 h\u0259dsiz sevgi il\u0259 sevir v\u0259 onlar\u0131n h\u0259r birin\u0259 \u00f6z balas\u0131 kimi m\u00fcnasib\u0259t<\/strong><b>\u00a0<\/b><strong>b\u0259sl\u0259yirdi. Heyd\u0259r \u018fliyev u\u015faqlar\u0131n t\u0259hsilin\u0259, onlar\u0131n savadl\u0131 v\u0259 c\u0259miyy\u0259t \u00fc\u00e7\u00fcn yararl\u0131 olmalar\u0131na \u00e7al\u0131\u015f\u0131rd\u0131. O, h\u0259r zaman &#8220;U\u015faqlar bizim g\u0259l\u0259c\u0259yimizdir&#8221; deyirdi v\u0259 vur\u011fulay\u0131rd\u0131 ki, \u0259g\u0259r bir d\u00f6vl\u0259t \u00f6z g\u0259l\u0259c\u0259yini i\u015f\u0131ql\u0131, parlaq g\u00f6rm\u0259k ist\u0259yirs\u0259 g\u0259r\u0259k u\u015faqlara x\u00fcsusi diqq\u0259t yetirsin. Bu da Heyd\u0259r \u018fliyev siyas\u0259tinin \u0259sas istiqam\u0259tl\u0259rind\u0259n biridir. Natiq daha sonra qeyd etdi ki, bu siyas\u0259t haz\u0131rda \u00f6lk\u0259 Prezidenti c\u0259nab \u0130lham \u018fliyev t\u0259r\u0259find\u0259n u\u011furla davam etdirilir. <\/strong>\u00d6lk\u0259mizd\u0259 m\u0259kt\u0259b\u0259q\u0259d\u0259r t\u0259hsilin inki\u015faf\u0131na g\u00f6st\u0259ril\u0259n diqq\u0259t v\u0259 qay\u011f\u0131 bizim rayonumuzda da \u00f6z n\u0259tic\u0259sini g\u00f6st\u0259rm\u0259kd\u0259dir. Son ill\u0259r rayonda f\u0259aliyy\u0259t g\u00f6st\u0259r\u0259n k\u00f6rp\u0259l\u0259r evi-u\u015faq ba\u011f\u00e7alar\u0131n\u0131n maddi-texniki bazas\u0131n\u0131n m\u00f6hk\u0259ml\u0259ndirilm\u0259si v\u0259 kadrlar\u0131n keyfiyy\u0259t t\u0259rkibinin yax\u015f\u0131la\u015fd\u0131r\u0131lmas\u0131 istiqam\u0259tind\u0259 xeyli i\u015f g\u00f6r\u00fclm\u00fc\u015fd\u00fcr. \u015e\u0259h\u0259r 1, 2, 3 n\u00f6mr\u0259li k\u00f6rp\u0259l\u0259r evi-u\u015faq ba\u011f\u00e7alar\u0131n\u0131n yerl\u0259\u015fdiyi binalar \u0259sasl\u0131 t\u0259mir edilmi\u015f, Qoruqba\u011f\u0131 k\u0259ndind\u0259 k\u00f6rp\u0259l\u0259r evi-u\u015faq ba\u011f\u00e7as\u0131 \u00fc\u00e7\u00fcn yeni bina tikilib istifad\u0259y\u0259 verilmi\u015f, B\u00f6y\u00fck D\u0259kk\u0259 k\u0259nd k\u00f6rp\u0259l\u0259r evi-u\u015faq ba\u011f\u00e7as\u0131n\u0131n yerl\u0259\u015fdiyi bina yenid\u0259n qurulmu\u015f v\u0259 \u0259sasl\u0131 t\u0259mir edilmi\u015f, ba\u011f\u00e7an\u0131n b\u00fct\u00fcn inventar v\u0259 avadanl\u0131qlar\u0131 yenil\u0259ri il\u0259 \u0259v\u0259z edilmi\u015fdir. Haz\u0131rda D\u0259kk\u0259oba k\u0259nd k\u00f6rp\u0259l\u0259r evi-u\u015faq ba\u011f\u00e7as\u0131n\u0131n binas\u0131nda t\u0259mir i\u015fl\u0259ri apar\u0131l\u0131r. Z\u0259rdab \u015f\u0259h\u0259ri \u0259razisind\u0259 Heyd\u0259r \u018fliyev Fondunun t\u0259\u015f\u0259bb\u00fcs\u00fc il\u0259 2 \u0259d\u0259d k\u00f6rp\u0259l\u0259r evi-u\u015faq ba\u011f\u00e7as\u0131 tikilir.<\/p>\n<p>Daha sonra ba\u011f\u00e7a u\u015faqlar\u0131n\u0131n \u0259l i\u015fl\u0259rind\u0259n ibar\u0259t s\u0259rgiy\u0259, onlar\u0131n haz\u0131rlad\u0131qlar\u0131 r\u0259qs v\u0259 musiqi n\u00f6mr\u0259l\u0259rin\u0259, dig\u0259r yarad\u0131c\u0131l\u0131q f\u0259aliyy\u0259tl\u0259rin\u0259 bax\u0131\u015f ke\u00e7irildi.<\/p>\n<p>T\u0259dbir konsert proqram\u0131 il\u0259 davam etdirildi.<\/p>\n<p><span style=\"color: #0000ff;\"><b>Z\u0259rdab Rayon \u0130cra Hakimiyy\u0259ti<a href=\"http:\/\/www.zerdab.com\/wp-content\/uploads\/2014\/05\/Z\u0259rdab1.jpg\"><img loading=\"lazy\" decoding=\"async\" class=\"aligncenter size-large wp-image-15685\" alt=\"Z\u0259rdab\" src=\"http:\/\/www.zerdab.com\/wp-content\/uploads\/2014\/05\/Z\u0259rdab1-550x365.jpg\" width=\"550\" height=\"365\" \/><\/a><a href=\"http:\/\/www.zerdab.com\/wp-content\/uploads\/2014\/05\/Z\u0259rdab2.jpg\"><img loading=\"lazy\" decoding=\"async\" class=\"aligncenter size-large wp-image-15686\" alt=\"Z\u0259rdab\" src=\"http:\/\/www.zerdab.com\/wp-content\/uploads\/2014\/05\/Z\u0259rdab2-550x365.jpg\" width=\"550\" height=\"365\" \/><\/a><a href=\"http:\/\/www.zerdab.com\/wp-content\/uploads\/2014\/05\/Z\u0259rdab4.jpg\"><img loading=\"lazy\" decoding=\"async\" class=\"aligncenter size-large wp-image-15688\" alt=\"Z\u0259rdab\" src=\"http:\/\/www.zerdab.com\/wp-content\/uploads\/2014\/05\/Z\u0259rdab4-550x365.jpg\" width=\"550\" height=\"365\" \/><\/a><\/b><\/span><a href=\"http:\/\/www.zerdab.com\/wp-content\/uploads\/2014\/05\/Zerdab41.jpg\"><img loading=\"lazy\" decoding=\"async\" class=\"aligncenter size-large wp-image-15741\" alt=\"Z\u0259rdab\" src=\"http:\/\/www.zerdab.com\/wp-content\/uploads\/2014\/05\/Zerdab41-550x365.jpg\" width=\"550\" height=\"365\" \/><\/a><\/p>\n","protected":false},"excerpt":{"rendered":"<p>07 may 2014-c\u00fc il tarixd\u0259 Z\u0259rdab \u015f\u0259h\u0259rind\u0259ki Heyd\u0259r \u018fliyev park\u0131nda Ulu \u00d6nd\u0259rin anadan olmas\u0131n\u0131n 91-ci ild\u00f6n\u00fcm\u00fc m\u00fcnasib\u0259til\u0259 rayonda f\u0259aliyy\u0259t g\u00f6st\u0259r\u0259n k\u00f6rp\u0259l\u0259r evi-u\u015faq ba\u011f\u00e7alar\u0131n\u0131n u\u015faqlar\u0131n\u0131n yarad\u0131c\u0131l\u0131q f\u0259aliyy\u0259tl\u0259rin\u0259 bax\u0131\u015f ke\u00e7irildi. T\u0259dbird\u0259 rayonda f\u0259aliyy\u0259t g\u00f6st\u0259r\u0259n 19 k\u00f6rp\u0259l\u0259r evi-u\u015faq ba\u011f\u00e7as\u0131 i\u015ftirak etdi. M\u0259rasim i\u015ftirak\u00e7\u0131lar\u0131 \u00f6nc\u0259 \u00dcmummilli lider Heyd\u0259r \u018fliyevin abid\u0259si \u00f6n\u00fcn\u0259 g\u00fcl-\u00e7i\u00e7\u0259k d\u0259st\u0259l\u0259ri qoydular. T\u0259dbird\u0259 \u00e7\u0131x\u0131\u015f ed\u0259n Z\u0259rdab Rayon [&hellip;]<\/p>\n","protected":false},"author":1,"featured_media":0,"comment_status":"open","ping_status":"open","sticky":false,"template":"","format":"standard","meta":{"footnotes":""},"categories":[21],"tags":[],"class_list":{"0":"post-15684","1":"post","2":"type-post","3":"status-publish","4":"format-standard","6":"category-zrdab"},"yoast_head":"<!-- This site is optimized with the Yoast SEO plugin v27.0 - https:\/\/yoast.com\/product\/yoast-seo-wordpress\/ -->\n<title>Z\u0259rdabda u\u015faqlar\u0131n yarad\u0131c\u0131l\u0131q f\u0259aliyy\u0259tl\u0259rin\u0259 bax\u0131\u015f ke\u00e7irildi - Z\u0259rdab.com<\/title>\n<meta name=\"robots\" content=\"index, follow, max-snippet:-1, max-image-preview:large, max-video-preview:-1\" \/>\n<link rel=\"canonical\" href=\"https:\/\/www.zerdab.com\/?p=15684\" \/>\n<meta property=\"og:locale\" content=\"az_AZ\" \/>\n<meta property=\"og:type\" content=\"article\" \/>\n<meta property=\"og:title\" content=\"Z\u0259rdabda u\u015faqlar\u0131n yarad\u0131c\u0131l\u0131q f\u0259aliyy\u0259tl\u0259rin\u0259 bax\u0131\u015f ke\u00e7irildi - Z\u0259rdab.com\" \/>\n<meta property=\"og:description\" content=\"07 may 2014-c\u00fc il tarixd\u0259 Z\u0259rdab \u015f\u0259h\u0259rind\u0259ki Heyd\u0259r \u018fliyev park\u0131nda Ulu \u00d6nd\u0259rin anadan olmas\u0131n\u0131n 91-ci ild\u00f6n\u00fcm\u00fc m\u00fcnasib\u0259til\u0259 rayonda f\u0259aliyy\u0259t g\u00f6st\u0259r\u0259n k\u00f6rp\u0259l\u0259r evi-u\u015faq ba\u011f\u00e7alar\u0131n\u0131n u\u015faqlar\u0131n\u0131n yarad\u0131c\u0131l\u0131q f\u0259aliyy\u0259tl\u0259rin\u0259 bax\u0131\u015f ke\u00e7irildi. T\u0259dbird\u0259 rayonda f\u0259aliyy\u0259t g\u00f6st\u0259r\u0259n 19 k\u00f6rp\u0259l\u0259r evi-u\u015faq ba\u011f\u00e7as\u0131 i\u015ftirak etdi. M\u0259rasim i\u015ftirak\u00e7\u0131lar\u0131 \u00f6nc\u0259 \u00dcmummilli lider Heyd\u0259r \u018fliyevin abid\u0259si \u00f6n\u00fcn\u0259 g\u00fcl-\u00e7i\u00e7\u0259k d\u0259st\u0259l\u0259ri qoydular. T\u0259dbird\u0259 \u00e7\u0131x\u0131\u015f ed\u0259n Z\u0259rdab Rayon [&hellip;]\" \/>\n<meta property=\"og:url\" content=\"https:\/\/www.zerdab.com\/?p=15684\" \/>\n<meta property=\"og:site_name\" content=\"Z\u0259rdab.com\" \/>\n<meta property=\"article:published_time\" content=\"2014-05-07T11:00:08+00:00\" \/>\n<meta property=\"article:modified_time\" content=\"2014-05-26T16:38:53+00:00\" \/>\n<meta property=\"og:image\" content=\"http:\/\/www.zerdab.com\/wp-content\/uploads\/2014\/05\/Zerdab41-550x365.jpg\" \/>\n<meta name=\"author\" content=\"admin\" \/>\n<meta name=\"twitter:card\" content=\"summary_large_image\" \/>\n<meta name=\"twitter:label1\" content=\"Written by\" \/>\n\t<meta name=\"twitter:data1\" content=\"admin\" \/>\n\t<meta name=\"twitter:label2\" content=\"Est. reading time\" \/>\n\t<meta name=\"twitter:data2\" content=\"3 minutes\" \/>\n<script type=\"application\/ld+json\" class=\"yoast-schema-graph\">{\"@context\":\"https:\/\/schema.org\",\"@graph\":[{\"@type\":\"Article\",\"@id\":\"https:\/\/www.zerdab.com\/?p=15684#article\",\"isPartOf\":{\"@id\":\"https:\/\/www.zerdab.com\/?p=15684\"},\"author\":{\"name\":\"admin\",\"@id\":\"https:\/\/www.zerdab.com\/#\/schema\/person\/97079b7570c1e89ec0d9e138c3672136\"},\"headline\":\"Z\u0259rdabda u\u015faqlar\u0131n yarad\u0131c\u0131l\u0131q f\u0259aliyy\u0259tl\u0259rin\u0259 bax\u0131\u015f ke\u00e7irildi\",\"datePublished\":\"2014-05-07T11:00:08+00:00\",\"dateModified\":\"2014-05-26T16:38:53+00:00\",\"mainEntityOfPage\":{\"@id\":\"https:\/\/www.zerdab.com\/?p=15684\"},\"wordCount\":616,\"commentCount\":7,\"image\":{\"@id\":\"https:\/\/www.zerdab.com\/?p=15684#primaryimage\"},\"thumbnailUrl\":\"http:\/\/www.zerdab.com\/wp-content\/uploads\/2014\/05\/Zerdab41-550x365.jpg\",\"articleSection\":[\"C\u018fM\u0130YY\u018fT\"],\"inLanguage\":\"az\",\"potentialAction\":[{\"@type\":\"CommentAction\",\"name\":\"Comment\",\"target\":[\"https:\/\/www.zerdab.com\/?p=15684#respond\"]}]},{\"@type\":\"WebPage\",\"@id\":\"https:\/\/www.zerdab.com\/?p=15684\",\"url\":\"https:\/\/www.zerdab.com\/?p=15684\",\"name\":\"Z\u0259rdabda u\u015faqlar\u0131n yarad\u0131c\u0131l\u0131q f\u0259aliyy\u0259tl\u0259rin\u0259 bax\u0131\u015f ke\u00e7irildi - Z\u0259rdab.com\",\"isPartOf\":{\"@id\":\"https:\/\/www.zerdab.com\/#website\"},\"primaryImageOfPage\":{\"@id\":\"https:\/\/www.zerdab.com\/?p=15684#primaryimage\"},\"image\":{\"@id\":\"https:\/\/www.zerdab.com\/?p=15684#primaryimage\"},\"thumbnailUrl\":\"http:\/\/www.zerdab.com\/wp-content\/uploads\/2014\/05\/Zerdab41-550x365.jpg\",\"datePublished\":\"2014-05-07T11:00:08+00:00\",\"dateModified\":\"2014-05-26T16:38:53+00:00\",\"author\":{\"@id\":\"https:\/\/www.zerdab.com\/#\/schema\/person\/97079b7570c1e89ec0d9e138c3672136\"},\"breadcrumb\":{\"@id\":\"https:\/\/www.zerdab.com\/?p=15684#breadcrumb\"},\"inLanguage\":\"az\",\"potentialAction\":[{\"@type\":\"ReadAction\",\"target\":[\"https:\/\/www.zerdab.com\/?p=15684\"]}]},{\"@type\":\"ImageObject\",\"inLanguage\":\"az\",\"@id\":\"https:\/\/www.zerdab.com\/?p=15684#primaryimage\",\"url\":\"\",\"contentUrl\":\"\"},{\"@type\":\"BreadcrumbList\",\"@id\":\"https:\/\/www.zerdab.com\/?p=15684#breadcrumb\",\"itemListElement\":[{\"@type\":\"ListItem\",\"position\":1,\"name\":\"Home\",\"item\":\"https:\/\/www.zerdab.com\/\"},{\"@type\":\"ListItem\",\"position\":2,\"name\":\"Z\u0259rdabda u\u015faqlar\u0131n yarad\u0131c\u0131l\u0131q f\u0259aliyy\u0259tl\u0259rin\u0259 bax\u0131\u015f ke\u00e7irildi\"}]},{\"@type\":\"WebSite\",\"@id\":\"https:\/\/www.zerdab.com\/#website\",\"url\":\"https:\/\/www.zerdab.com\/\",\"name\":\"Z\u0259rdab.com\",\"description\":\"\",\"potentialAction\":[{\"@type\":\"SearchAction\",\"target\":{\"@type\":\"EntryPoint\",\"urlTemplate\":\"https:\/\/www.zerdab.com\/?s={search_term_string}\"},\"query-input\":{\"@type\":\"PropertyValueSpecification\",\"valueRequired\":true,\"valueName\":\"search_term_string\"}}],\"inLanguage\":\"az\"},{\"@type\":\"Person\",\"@id\":\"https:\/\/www.zerdab.com\/#\/schema\/person\/97079b7570c1e89ec0d9e138c3672136\",\"name\":\"admin\",\"image\":{\"@type\":\"ImageObject\",\"inLanguage\":\"az\",\"@id\":\"https:\/\/www.zerdab.com\/#\/schema\/person\/image\/\",\"url\":\"https:\/\/secure.gravatar.com\/avatar\/d9c52a9a27c32119cb6679a077fa3e2779e5f822c451cbf01098004361d466ec?s=96&d=mm&r=g\",\"contentUrl\":\"https:\/\/secure.gravatar.com\/avatar\/d9c52a9a27c32119cb6679a077fa3e2779e5f822c451cbf01098004361d466ec?s=96&d=mm&r=g\",\"caption\":\"admin\"},\"url\":\"https:\/\/www.zerdab.com\/?author=1\"}]}<\/script>\n<!-- \/ Yoast SEO plugin. -->","yoast_head_json":{"title":"Z\u0259rdabda u\u015faqlar\u0131n yarad\u0131c\u0131l\u0131q f\u0259aliyy\u0259tl\u0259rin\u0259 bax\u0131\u015f ke\u00e7irildi - Z\u0259rdab.com","robots":{"index":"index","follow":"follow","max-snippet":"max-snippet:-1","max-image-preview":"max-image-preview:large","max-video-preview":"max-video-preview:-1"},"canonical":"https:\/\/www.zerdab.com\/?p=15684","og_locale":"az_AZ","og_type":"article","og_title":"Z\u0259rdabda u\u015faqlar\u0131n yarad\u0131c\u0131l\u0131q f\u0259aliyy\u0259tl\u0259rin\u0259 bax\u0131\u015f ke\u00e7irildi - Z\u0259rdab.com","og_description":"07 may 2014-c\u00fc il tarixd\u0259 Z\u0259rdab \u015f\u0259h\u0259rind\u0259ki Heyd\u0259r \u018fliyev park\u0131nda Ulu \u00d6nd\u0259rin anadan olmas\u0131n\u0131n 91-ci ild\u00f6n\u00fcm\u00fc m\u00fcnasib\u0259til\u0259 rayonda f\u0259aliyy\u0259t g\u00f6st\u0259r\u0259n k\u00f6rp\u0259l\u0259r evi-u\u015faq ba\u011f\u00e7alar\u0131n\u0131n u\u015faqlar\u0131n\u0131n yarad\u0131c\u0131l\u0131q f\u0259aliyy\u0259tl\u0259rin\u0259 bax\u0131\u015f ke\u00e7irildi. T\u0259dbird\u0259 rayonda f\u0259aliyy\u0259t g\u00f6st\u0259r\u0259n 19 k\u00f6rp\u0259l\u0259r evi-u\u015faq ba\u011f\u00e7as\u0131 i\u015ftirak etdi. M\u0259rasim i\u015ftirak\u00e7\u0131lar\u0131 \u00f6nc\u0259 \u00dcmummilli lider Heyd\u0259r \u018fliyevin abid\u0259si \u00f6n\u00fcn\u0259 g\u00fcl-\u00e7i\u00e7\u0259k d\u0259st\u0259l\u0259ri qoydular. T\u0259dbird\u0259 \u00e7\u0131x\u0131\u015f ed\u0259n Z\u0259rdab Rayon [&hellip;]","og_url":"https:\/\/www.zerdab.com\/?p=15684","og_site_name":"Z\u0259rdab.com","article_published_time":"2014-05-07T11:00:08+00:00","article_modified_time":"2014-05-26T16:38:53+00:00","og_image":[{"url":"http:\/\/www.zerdab.com\/wp-content\/uploads\/2014\/05\/Zerdab41-550x365.jpg","type":"","width":"","height":""}],"author":"admin","twitter_card":"summary_large_image","twitter_misc":{"Written by":"admin","Est. reading time":"3 minutes"},"schema":{"@context":"https:\/\/schema.org","@graph":[{"@type":"Article","@id":"https:\/\/www.zerdab.com\/?p=15684#article","isPartOf":{"@id":"https:\/\/www.zerdab.com\/?p=15684"},"author":{"name":"admin","@id":"https:\/\/www.zerdab.com\/#\/schema\/person\/97079b7570c1e89ec0d9e138c3672136"},"headline":"Z\u0259rdabda u\u015faqlar\u0131n yarad\u0131c\u0131l\u0131q f\u0259aliyy\u0259tl\u0259rin\u0259 bax\u0131\u015f ke\u00e7irildi","datePublished":"2014-05-07T11:00:08+00:00","dateModified":"2014-05-26T16:38:53+00:00","mainEntityOfPage":{"@id":"https:\/\/www.zerdab.com\/?p=15684"},"wordCount":616,"commentCount":7,"image":{"@id":"https:\/\/www.zerdab.com\/?p=15684#primaryimage"},"thumbnailUrl":"http:\/\/www.zerdab.com\/wp-content\/uploads\/2014\/05\/Zerdab41-550x365.jpg","articleSection":["C\u018fM\u0130YY\u018fT"],"inLanguage":"az","potentialAction":[{"@type":"CommentAction","name":"Comment","target":["https:\/\/www.zerdab.com\/?p=15684#respond"]}]},{"@type":"WebPage","@id":"https:\/\/www.zerdab.com\/?p=15684","url":"https:\/\/www.zerdab.com\/?p=15684","name":"Z\u0259rdabda u\u015faqlar\u0131n yarad\u0131c\u0131l\u0131q f\u0259aliyy\u0259tl\u0259rin\u0259 bax\u0131\u015f ke\u00e7irildi - Z\u0259rdab.com","isPartOf":{"@id":"https:\/\/www.zerdab.com\/#website"},"primaryImageOfPage":{"@id":"https:\/\/www.zerdab.com\/?p=15684#primaryimage"},"image":{"@id":"https:\/\/www.zerdab.com\/?p=15684#primaryimage"},"thumbnailUrl":"http:\/\/www.zerdab.com\/wp-content\/uploads\/2014\/05\/Zerdab41-550x365.jpg","datePublished":"2014-05-07T11:00:08+00:00","dateModified":"2014-05-26T16:38:53+00:00","author":{"@id":"https:\/\/www.zerdab.com\/#\/schema\/person\/97079b7570c1e89ec0d9e138c3672136"},"breadcrumb":{"@id":"https:\/\/www.zerdab.com\/?p=15684#breadcrumb"},"inLanguage":"az","potentialAction":[{"@type":"ReadAction","target":["https:\/\/www.zerdab.com\/?p=15684"]}]},{"@type":"ImageObject","inLanguage":"az","@id":"https:\/\/www.zerdab.com\/?p=15684#primaryimage","url":"","contentUrl":""},{"@type":"BreadcrumbList","@id":"https:\/\/www.zerdab.com\/?p=15684#breadcrumb","itemListElement":[{"@type":"ListItem","position":1,"name":"Home","item":"https:\/\/www.zerdab.com\/"},{"@type":"ListItem","position":2,"name":"Z\u0259rdabda u\u015faqlar\u0131n yarad\u0131c\u0131l\u0131q f\u0259aliyy\u0259tl\u0259rin\u0259 bax\u0131\u015f ke\u00e7irildi"}]},{"@type":"WebSite","@id":"https:\/\/www.zerdab.com\/#website","url":"https:\/\/www.zerdab.com\/","name":"Z\u0259rdab.com","description":"","potentialAction":[{"@type":"SearchAction","target":{"@type":"EntryPoint","urlTemplate":"https:\/\/www.zerdab.com\/?s={search_term_string}"},"query-input":{"@type":"PropertyValueSpecification","valueRequired":true,"valueName":"search_term_string"}}],"inLanguage":"az"},{"@type":"Person","@id":"https:\/\/www.zerdab.com\/#\/schema\/person\/97079b7570c1e89ec0d9e138c3672136","name":"admin","image":{"@type":"ImageObject","inLanguage":"az","@id":"https:\/\/www.zerdab.com\/#\/schema\/person\/image\/","url":"https:\/\/secure.gravatar.com\/avatar\/d9c52a9a27c32119cb6679a077fa3e2779e5f822c451cbf01098004361d466ec?s=96&d=mm&r=g","contentUrl":"https:\/\/secure.gravatar.com\/avatar\/d9c52a9a27c32119cb6679a077fa3e2779e5f822c451cbf01098004361d466ec?s=96&d=mm&r=g","caption":"admin"},"url":"https:\/\/www.zerdab.com\/?author=1"}]}},"_links":{"self":[{"href":"https:\/\/www.zerdab.com\/index.php?rest_route=\/wp\/v2\/posts\/15684","targetHints":{"allow":["GET"]}}],"collection":[{"href":"https:\/\/www.zerdab.com\/index.php?rest_route=\/wp\/v2\/posts"}],"about":[{"href":"https:\/\/www.zerdab.com\/index.php?rest_route=\/wp\/v2\/types\/post"}],"author":[{"embeddable":true,"href":"https:\/\/www.zerdab.com\/index.php?rest_route=\/wp\/v2\/users\/1"}],"replies":[{"embeddable":true,"href":"https:\/\/www.zerdab.com\/index.php?rest_route=%2Fwp%2Fv2%2Fcomments&post=15684"}],"version-history":[{"count":3,"href":"https:\/\/www.zerdab.com\/index.php?rest_route=\/wp\/v2\/posts\/15684\/revisions"}],"predecessor-version":[{"id":15945,"href":"https:\/\/www.zerdab.com\/index.php?rest_route=\/wp\/v2\/posts\/15684\/revisions\/15945"}],"wp:attachment":[{"href":"https:\/\/www.zerdab.com\/index.php?rest_route=%2Fwp%2Fv2%2Fmedia&parent=15684"}],"wp:term":[{"taxonomy":"category","embeddable":true,"href":"https:\/\/www.zerdab.com\/index.php?rest_route=%2Fwp%2Fv2%2Fcategories&post=15684"},{"taxonomy":"post_tag","embeddable":true,"href":"https:\/\/www.zerdab.com\/index.php?rest_route=%2Fwp%2Fv2%2Ftags&post=15684"}],"curies":[{"name":"wp","href":"https:\/\/api.w.org\/{rel}","templated":true}]}}