{"id":15702,"date":"2014-05-08T13:09:04","date_gmt":"2014-05-08T08:09:04","guid":{"rendered":"http:\/\/www.zerdab.com\/?p=15702"},"modified":"2014-05-08T13:09:04","modified_gmt":"2014-05-08T08:09:04","slug":"z%c9%99rdabda-susadan-olan-m%c9%99cburi-kockunl%c9%99rl%c9%99-gorus-kecirildi","status":"publish","type":"post","link":"https:\/\/www.zerdab.com\/?p=15702","title":{"rendered":"Z\u0259rdabda \u015eu\u015fadan olan m\u0259cburi k\u00f6\u00e7k\u00fcnl\u0259rl\u0259 g\u00f6r\u00fc\u015f ke\u00e7irildi"},"content":{"rendered":"<p align=\"center\"><span style=\"font-size: 14px; line-height: 1.5em;\"><a href=\"http:\/\/www.zerdab.com\/wp-content\/uploads\/2014\/05\/Zerdab4.jpg\"><img loading=\"lazy\" decoding=\"async\" class=\"aligncenter size-large wp-image-15704\" alt=\"Zerdab\" src=\"http:\/\/www.zerdab.com\/wp-content\/uploads\/2014\/05\/Zerdab4-550x365.jpg\" width=\"550\" height=\"365\" \/><\/a>08 may 2014-c\u00fc il tarixd\u0259 \u015eu\u015fa \u015f\u0259h\u0259rinin i\u015f\u011fal olunmas\u0131n\u0131n 22-ci ild\u00f6n\u00fcm\u00fc m\u00fcnasib\u0259til\u0259 Z\u0259rdab Rayon \u0130cra Hakimiyy\u0259tind\u0259 \u015eu\u015fadan olan m\u0259cburi k\u00f6\u00e7k\u00fcnl\u0259rl\u0259 g\u00f6r\u00fc\u015f ke\u00e7irildi.<\/span><\/p>\n<p>G\u00f6r\u00fc\u015fd\u0259 \u00e7\u0131x\u0131\u015f ed\u0259n Z\u0259rdab rayon icra hakimiyy\u0259tinin ba\u015f\u00e7\u0131s\u0131 L\u00fctv\u0259li Babayev bildirdi ki, rayon \u0259razisind\u0259ki m\u00fc\u0259ssis\u0259l\u0259rin \u0259m\u0259k kollektivl\u0259rind\u0259 \u015eu\u015fan\u0131n i\u015f\u011fal\u0131 il\u0259 ba\u011fl\u0131 silsil\u0259 t\u0259dbirl\u0259r ke\u00e7irilib. Bu g\u00fcn is\u0259 m\u0259hz \u015eu\u015fa rayonundan olan m\u0259cburi k\u00f6\u00e7k\u00fcnl\u0259rl\u0259 g\u00f6r\u00fc\u015f ke\u00e7irilir.<\/p>\n<p>L\u00fctv\u0259li Babayev qeyd etdi ki, ba\u015fdan-ba\u015fa tarixi abid\u0259l\u0259r \u015f\u0259h\u0259ri, musiqi m\u0259d\u0259niyy\u0259timizin be\u015fiyi, t\u0259bii\u00a0 al\u0131nmaz qala olan \u015eu\u015fan\u0131n i\u015f\u011fal\u0131ndan 22 il ke\u00e7ir.<\/p>\n<p>B\u00fct\u00fcn d\u00fcnyan\u0131n, beyn\u0259lxalq t\u0259\u015fkilatlar\u0131n i\u015f\u011fal\u00e7\u0131 \u00f6lk\u0259 kimi tan\u0131d\u0131\u011f\u0131 Erm\u0259nistan\u0131n silahl\u0131 q\u00fcvv\u0259l\u0259ri bu \u015f\u0259h\u0259rd\u0259 Az\u0259rbaycan xalq\u0131n\u0131n izl\u0259rini silm\u0259k, onu unutdurmaq \u00fc\u00e7\u00fcn \u0259n a\u011flag\u0259lm\u0259z cinay\u0259tl\u0259r\u0259 \u0259l atm\u0131\u015flar. Qaraba\u011f xanl\u0131\u011f\u0131n\u0131n paytaxt\u0131 olmu\u015f \u015eu\u015fa \u015f\u0259h\u0259rinin qiym\u0259tli tarixi abid\u0259l\u0259rini da\u011f\u0131d\u0131r, milli arxitekturas\u0131n\u0131 silib, ist\u0259dikl\u0259ri kimi yenid\u0259n qurma\u011fa c\u0259hd edirl\u0259r.\u00a0\u00a0 Nadir tarix-memarl\u0131q tikilil\u0259ri, q\u0259dim abid\u0259l\u0259r, inanc yerl\u0259ri, ya\u015fay\u0131\u015f binalar\u0131, h\u0259tta m\u0259zarl\u0131qlar da\u011f\u0131d\u0131lm\u0131\u015f, z\u0259ngin muzey v\u0259 kitabxanalar\u0131 muzeyl\u0259ri talan edilmi\u015f, bir vaxtlar t\u0259krarolunmaz t\u0259bi\u0259tin\u0259 g\u00f6r\u0259 \u00abQafqaz\u0131n c\u0259nn\u0259ti\u00bb adland\u0131r\u0131lan yerl\u0259r xarabazara \u00e7evrilmi\u015fdir.<\/p>\n<p><strong>\u015eu\u015fan\u0131n i\u015f\u011fal\u0131<\/strong><b>\u00a0 <\/b><strong>n\u0259tic\u0259sind\u0259<\/strong><b>\u00a0 <\/b><strong>\u015f\u0259h\u0259rd\u0259 195 n\u0259f\u0259r Az\u0259rbaycan v\u0259t\u0259nda\u015f\u0131<\/strong><b> <\/b><strong>x\u00fcsusi amans\u0131zl\u0131qla<\/strong><b> <\/b><strong>q\u0259tl\u0259 yetirilmi\u015f, 165 n\u0259f\u0259r yaralanm\u0131\u015f, onlardan 150 n\u0259f\u0259ri<\/strong><b> <\/b><strong>\u0259lil olmu\u015f, 552 k\u00f6rp\u0259<\/strong><b> <\/b><strong>valideynl\u0259rini<\/strong><b> <\/b><strong>itirmi\u015f, 20 mind\u0259n art\u0131q \u0259hali is\u0259 do\u011fma<\/strong><b> <\/b><strong>yuvas\u0131n\u0131<\/strong><b> <\/b><strong>t\u0259rk<\/strong><b> <\/b><strong>ed\u0259r\u0259k<\/strong><b> <\/b><strong>m\u0259cburi k\u00f6\u00e7k\u00fcn v\u0259ziyy\u0259tin\u0259 d\u00fc\u015fm\u00fc\u015fd\u00fcr.<\/strong><b> <\/b><strong>\u018fsir<\/strong><b> <\/b><strong>v\u0259<\/strong><b> <\/b><strong>girov<\/strong><b> <\/b><strong>g\u00f6t\u00fcr\u00fclm\u00fc\u015f<\/strong><b> <\/b><strong>58 az\u0259rbaycanl\u0131n\u0131n<\/strong><b> <\/b><strong>taleyi bar\u0259d\u0259 bu g\u00fcn\u0259 q\u0259d\u0259r m\u0259lumat yoxdur.<\/strong><\/p>\n<p>\u00dcmummilli liderimiz Heyd\u0259r \u018fliyevin hakimiyy\u0259t\u0259 g\u0259li\u015find\u0259n sonra m\u0259cburi k\u00f6\u00e7k\u00fcn h\u0259yat\u0131 ya\u015fayan insanlar\u0131n h\u0259yat \u015f\u0259raitinin yax\u015f\u0131la\u015fd\u0131r\u0131lmas\u0131 \u00fc\u00e7\u00fcn z\u0259ruri olan b\u00fct\u00fcn t\u0259dbirl\u0259r g\u00f6r\u00fclm\u00fc\u015fd\u00fcr.<\/p>\n<p>Haz\u0131rda c\u0259nab Prezident, Ali Ba\u015f Komandan \u0130lham \u018fliyev t\u0259r\u0259find\u0259n d\u0259 bu t\u0259dbirl\u0259r u\u011furla h\u0259yata ke\u00e7irilir.<\/p>\n<p>\u0130cra ba\u015f\u00e7\u0131s\u0131 bildirdi ki, Ali Ba\u015f Komandan\u0131m\u0131z, m\u00f6ht\u0259r\u0259m Prezidentimiz c\u0259nab \u0130lham \u018fliyevin diplomatik s\u0259yi n\u0259tic\u0259sind\u0259 i\u015f\u011fal olunmu\u015f b\u00fct\u00fcn torpaqlar\u0131m\u0131z, o c\u00fcml\u0259d\u0259n \u015eu\u015fa \u015f\u0259h\u0259ri yax\u0131n vaxtlarda i\u015f\u011faldan azad olunacaqd\u0131r.<\/p>\n<p>G\u00f6r\u00fc\u015fd\u0259 \u00e7\u0131x\u0131\u015f ed\u0259n m\u0259cburi k\u00f6\u00e7k\u00fcnl\u0259r daim onlara g\u00f6st\u0259ril\u0259n diqq\u0259t v\u0259 qay\u011f\u0131ya g\u00f6r\u0259 \u00f6lk\u0259 ba\u015f\u00e7\u0131s\u0131na minn\u0259tdarl\u0131qlar\u0131n\u0131 bildirdil\u0259r.<\/p>\n<p>Sonda m\u0259cburi k\u00f6\u00e7k\u00fcn ail\u0259l\u0259rin\u0259 maddi yard\u0131mlar olundu.<\/p>\n<p><span style=\"color: #0000ff;\"><b>Z\u0259rdab Rayon \u0130cra Hakimiyy\u0259ti<\/b><\/span><\/p>\n<p><a href=\"http:\/\/www.zerdab.com\/wp-content\/uploads\/2014\/05\/Zerdab11.jpg\"><img loading=\"lazy\" decoding=\"async\" class=\"aligncenter size-large wp-image-15705\" alt=\"Zerdab\" src=\"http:\/\/www.zerdab.com\/wp-content\/uploads\/2014\/05\/Zerdab11-550x365.jpg\" width=\"550\" height=\"365\" \/><a href=\"http:\/\/www.zerdab.com\/wp-content\/uploads\/2014\/05\/Zerdab21.jpg\"><img loading=\"lazy\" decoding=\"async\" class=\"aligncenter size-large wp-image-15706\" alt=\"Zerdab\" src=\"http:\/\/www.zerdab.com\/wp-content\/uploads\/2014\/05\/Zerdab21-550x365.jpg\" width=\"550\" height=\"365\" \/><\/a><a href=\"http:\/\/www.zerdab.com\/wp-content\/uploads\/2014\/05\/Zerdab31.jpg\"><img loading=\"lazy\" decoding=\"async\" class=\"aligncenter size-large wp-image-15703\" alt=\"Zerdab\" src=\"http:\/\/www.zerdab.com\/wp-content\/uploads\/2014\/05\/Zerdab31-550x365.jpg\" width=\"550\" height=\"365\" \/><\/a><\/a><\/p>\n","protected":false},"excerpt":{"rendered":"<p>08 may 2014-c\u00fc il tarixd\u0259 \u015eu\u015fa \u015f\u0259h\u0259rinin i\u015f\u011fal olunmas\u0131n\u0131n 22-ci ild\u00f6n\u00fcm\u00fc m\u00fcnasib\u0259til\u0259 Z\u0259rdab Rayon \u0130cra Hakimiyy\u0259tind\u0259 \u015eu\u015fadan olan m\u0259cburi k\u00f6\u00e7k\u00fcnl\u0259rl\u0259 g\u00f6r\u00fc\u015f ke\u00e7irildi. G\u00f6r\u00fc\u015fd\u0259 \u00e7\u0131x\u0131\u015f ed\u0259n Z\u0259rdab rayon icra hakimiyy\u0259tinin ba\u015f\u00e7\u0131s\u0131 L\u00fctv\u0259li Babayev bildirdi ki, rayon \u0259razisind\u0259ki m\u00fc\u0259ssis\u0259l\u0259rin \u0259m\u0259k kollektivl\u0259rind\u0259 \u015eu\u015fan\u0131n i\u015f\u011fal\u0131 il\u0259 ba\u011fl\u0131 silsil\u0259 t\u0259dbirl\u0259r ke\u00e7irilib. Bu g\u00fcn is\u0259 m\u0259hz \u015eu\u015fa rayonundan olan m\u0259cburi k\u00f6\u00e7k\u00fcnl\u0259rl\u0259 [&hellip;]<\/p>\n","protected":false},"author":1,"featured_media":0,"comment_status":"open","ping_status":"open","sticky":false,"template":"","format":"standard","meta":{"footnotes":""},"categories":[21],"tags":[],"class_list":{"0":"post-15702","1":"post","2":"type-post","3":"status-publish","4":"format-standard","6":"category-zrdab"},"yoast_head":"<!-- This site is optimized with the Yoast SEO plugin v27.0 - https:\/\/yoast.com\/product\/yoast-seo-wordpress\/ -->\n<title>Z\u0259rdabda \u015eu\u015fadan olan m\u0259cburi k\u00f6\u00e7k\u00fcnl\u0259rl\u0259 g\u00f6r\u00fc\u015f ke\u00e7irildi - Z\u0259rdab.com<\/title>\n<meta name=\"robots\" content=\"index, follow, max-snippet:-1, max-image-preview:large, max-video-preview:-1\" \/>\n<link rel=\"canonical\" href=\"https:\/\/www.zerdab.com\/?p=15702\" \/>\n<meta property=\"og:locale\" content=\"az_AZ\" \/>\n<meta property=\"og:type\" content=\"article\" \/>\n<meta property=\"og:title\" content=\"Z\u0259rdabda \u015eu\u015fadan olan m\u0259cburi k\u00f6\u00e7k\u00fcnl\u0259rl\u0259 g\u00f6r\u00fc\u015f ke\u00e7irildi - Z\u0259rdab.com\" \/>\n<meta property=\"og:description\" content=\"08 may 2014-c\u00fc il tarixd\u0259 \u015eu\u015fa \u015f\u0259h\u0259rinin i\u015f\u011fal olunmas\u0131n\u0131n 22-ci ild\u00f6n\u00fcm\u00fc m\u00fcnasib\u0259til\u0259 Z\u0259rdab Rayon \u0130cra Hakimiyy\u0259tind\u0259 \u015eu\u015fadan olan m\u0259cburi k\u00f6\u00e7k\u00fcnl\u0259rl\u0259 g\u00f6r\u00fc\u015f ke\u00e7irildi. G\u00f6r\u00fc\u015fd\u0259 \u00e7\u0131x\u0131\u015f ed\u0259n Z\u0259rdab rayon icra hakimiyy\u0259tinin ba\u015f\u00e7\u0131s\u0131 L\u00fctv\u0259li Babayev bildirdi ki, rayon \u0259razisind\u0259ki m\u00fc\u0259ssis\u0259l\u0259rin \u0259m\u0259k kollektivl\u0259rind\u0259 \u015eu\u015fan\u0131n i\u015f\u011fal\u0131 il\u0259 ba\u011fl\u0131 silsil\u0259 t\u0259dbirl\u0259r ke\u00e7irilib. Bu g\u00fcn is\u0259 m\u0259hz \u015eu\u015fa rayonundan olan m\u0259cburi k\u00f6\u00e7k\u00fcnl\u0259rl\u0259 [&hellip;]\" \/>\n<meta property=\"og:url\" content=\"https:\/\/www.zerdab.com\/?p=15702\" \/>\n<meta property=\"og:site_name\" content=\"Z\u0259rdab.com\" \/>\n<meta property=\"article:published_time\" content=\"2014-05-08T08:09:04+00:00\" \/>\n<meta property=\"og:image\" content=\"http:\/\/www.zerdab.com\/wp-content\/uploads\/2014\/05\/Zerdab4-550x365.jpg\" \/>\n<meta name=\"author\" content=\"admin\" \/>\n<meta name=\"twitter:card\" content=\"summary_large_image\" \/>\n<meta name=\"twitter:label1\" content=\"Written by\" \/>\n\t<meta name=\"twitter:data1\" content=\"admin\" \/>\n\t<meta name=\"twitter:label2\" content=\"Est. reading time\" \/>\n\t<meta name=\"twitter:data2\" content=\"3 minutes\" \/>\n<script type=\"application\/ld+json\" class=\"yoast-schema-graph\">{\"@context\":\"https:\/\/schema.org\",\"@graph\":[{\"@type\":\"Article\",\"@id\":\"https:\/\/www.zerdab.com\/?p=15702#article\",\"isPartOf\":{\"@id\":\"https:\/\/www.zerdab.com\/?p=15702\"},\"author\":{\"name\":\"admin\",\"@id\":\"https:\/\/www.zerdab.com\/#\/schema\/person\/97079b7570c1e89ec0d9e138c3672136\"},\"headline\":\"Z\u0259rdabda \u015eu\u015fadan olan m\u0259cburi k\u00f6\u00e7k\u00fcnl\u0259rl\u0259 g\u00f6r\u00fc\u015f ke\u00e7irildi\",\"datePublished\":\"2014-05-08T08:09:04+00:00\",\"mainEntityOfPage\":{\"@id\":\"https:\/\/www.zerdab.com\/?p=15702\"},\"wordCount\":565,\"commentCount\":0,\"image\":{\"@id\":\"https:\/\/www.zerdab.com\/?p=15702#primaryimage\"},\"thumbnailUrl\":\"http:\/\/www.zerdab.com\/wp-content\/uploads\/2014\/05\/Zerdab4-550x365.jpg\",\"articleSection\":[\"C\u018fM\u0130YY\u018fT\"],\"inLanguage\":\"az\",\"potentialAction\":[{\"@type\":\"CommentAction\",\"name\":\"Comment\",\"target\":[\"https:\/\/www.zerdab.com\/?p=15702#respond\"]}]},{\"@type\":\"WebPage\",\"@id\":\"https:\/\/www.zerdab.com\/?p=15702\",\"url\":\"https:\/\/www.zerdab.com\/?p=15702\",\"name\":\"Z\u0259rdabda \u015eu\u015fadan olan m\u0259cburi k\u00f6\u00e7k\u00fcnl\u0259rl\u0259 g\u00f6r\u00fc\u015f ke\u00e7irildi - Z\u0259rdab.com\",\"isPartOf\":{\"@id\":\"https:\/\/www.zerdab.com\/#website\"},\"primaryImageOfPage\":{\"@id\":\"https:\/\/www.zerdab.com\/?p=15702#primaryimage\"},\"image\":{\"@id\":\"https:\/\/www.zerdab.com\/?p=15702#primaryimage\"},\"thumbnailUrl\":\"http:\/\/www.zerdab.com\/wp-content\/uploads\/2014\/05\/Zerdab4-550x365.jpg\",\"datePublished\":\"2014-05-08T08:09:04+00:00\",\"author\":{\"@id\":\"https:\/\/www.zerdab.com\/#\/schema\/person\/97079b7570c1e89ec0d9e138c3672136\"},\"breadcrumb\":{\"@id\":\"https:\/\/www.zerdab.com\/?p=15702#breadcrumb\"},\"inLanguage\":\"az\",\"potentialAction\":[{\"@type\":\"ReadAction\",\"target\":[\"https:\/\/www.zerdab.com\/?p=15702\"]}]},{\"@type\":\"ImageObject\",\"inLanguage\":\"az\",\"@id\":\"https:\/\/www.zerdab.com\/?p=15702#primaryimage\",\"url\":\"\",\"contentUrl\":\"\"},{\"@type\":\"BreadcrumbList\",\"@id\":\"https:\/\/www.zerdab.com\/?p=15702#breadcrumb\",\"itemListElement\":[{\"@type\":\"ListItem\",\"position\":1,\"name\":\"Home\",\"item\":\"https:\/\/www.zerdab.com\/\"},{\"@type\":\"ListItem\",\"position\":2,\"name\":\"Z\u0259rdabda \u015eu\u015fadan olan m\u0259cburi k\u00f6\u00e7k\u00fcnl\u0259rl\u0259 g\u00f6r\u00fc\u015f ke\u00e7irildi\"}]},{\"@type\":\"WebSite\",\"@id\":\"https:\/\/www.zerdab.com\/#website\",\"url\":\"https:\/\/www.zerdab.com\/\",\"name\":\"Z\u0259rdab.com\",\"description\":\"\",\"potentialAction\":[{\"@type\":\"SearchAction\",\"target\":{\"@type\":\"EntryPoint\",\"urlTemplate\":\"https:\/\/www.zerdab.com\/?s={search_term_string}\"},\"query-input\":{\"@type\":\"PropertyValueSpecification\",\"valueRequired\":true,\"valueName\":\"search_term_string\"}}],\"inLanguage\":\"az\"},{\"@type\":\"Person\",\"@id\":\"https:\/\/www.zerdab.com\/#\/schema\/person\/97079b7570c1e89ec0d9e138c3672136\",\"name\":\"admin\",\"image\":{\"@type\":\"ImageObject\",\"inLanguage\":\"az\",\"@id\":\"https:\/\/www.zerdab.com\/#\/schema\/person\/image\/\",\"url\":\"https:\/\/secure.gravatar.com\/avatar\/d9c52a9a27c32119cb6679a077fa3e2779e5f822c451cbf01098004361d466ec?s=96&d=mm&r=g\",\"contentUrl\":\"https:\/\/secure.gravatar.com\/avatar\/d9c52a9a27c32119cb6679a077fa3e2779e5f822c451cbf01098004361d466ec?s=96&d=mm&r=g\",\"caption\":\"admin\"},\"url\":\"https:\/\/www.zerdab.com\/?author=1\"}]}<\/script>\n<!-- \/ Yoast SEO plugin. -->","yoast_head_json":{"title":"Z\u0259rdabda \u015eu\u015fadan olan m\u0259cburi k\u00f6\u00e7k\u00fcnl\u0259rl\u0259 g\u00f6r\u00fc\u015f ke\u00e7irildi - Z\u0259rdab.com","robots":{"index":"index","follow":"follow","max-snippet":"max-snippet:-1","max-image-preview":"max-image-preview:large","max-video-preview":"max-video-preview:-1"},"canonical":"https:\/\/www.zerdab.com\/?p=15702","og_locale":"az_AZ","og_type":"article","og_title":"Z\u0259rdabda \u015eu\u015fadan olan m\u0259cburi k\u00f6\u00e7k\u00fcnl\u0259rl\u0259 g\u00f6r\u00fc\u015f ke\u00e7irildi - Z\u0259rdab.com","og_description":"08 may 2014-c\u00fc il tarixd\u0259 \u015eu\u015fa \u015f\u0259h\u0259rinin i\u015f\u011fal olunmas\u0131n\u0131n 22-ci ild\u00f6n\u00fcm\u00fc m\u00fcnasib\u0259til\u0259 Z\u0259rdab Rayon \u0130cra Hakimiyy\u0259tind\u0259 \u015eu\u015fadan olan m\u0259cburi k\u00f6\u00e7k\u00fcnl\u0259rl\u0259 g\u00f6r\u00fc\u015f ke\u00e7irildi. G\u00f6r\u00fc\u015fd\u0259 \u00e7\u0131x\u0131\u015f ed\u0259n Z\u0259rdab rayon icra hakimiyy\u0259tinin ba\u015f\u00e7\u0131s\u0131 L\u00fctv\u0259li Babayev bildirdi ki, rayon \u0259razisind\u0259ki m\u00fc\u0259ssis\u0259l\u0259rin \u0259m\u0259k kollektivl\u0259rind\u0259 \u015eu\u015fan\u0131n i\u015f\u011fal\u0131 il\u0259 ba\u011fl\u0131 silsil\u0259 t\u0259dbirl\u0259r ke\u00e7irilib. Bu g\u00fcn is\u0259 m\u0259hz \u015eu\u015fa rayonundan olan m\u0259cburi k\u00f6\u00e7k\u00fcnl\u0259rl\u0259 [&hellip;]","og_url":"https:\/\/www.zerdab.com\/?p=15702","og_site_name":"Z\u0259rdab.com","article_published_time":"2014-05-08T08:09:04+00:00","og_image":[{"url":"http:\/\/www.zerdab.com\/wp-content\/uploads\/2014\/05\/Zerdab4-550x365.jpg","type":"","width":"","height":""}],"author":"admin","twitter_card":"summary_large_image","twitter_misc":{"Written by":"admin","Est. reading time":"3 minutes"},"schema":{"@context":"https:\/\/schema.org","@graph":[{"@type":"Article","@id":"https:\/\/www.zerdab.com\/?p=15702#article","isPartOf":{"@id":"https:\/\/www.zerdab.com\/?p=15702"},"author":{"name":"admin","@id":"https:\/\/www.zerdab.com\/#\/schema\/person\/97079b7570c1e89ec0d9e138c3672136"},"headline":"Z\u0259rdabda \u015eu\u015fadan olan m\u0259cburi k\u00f6\u00e7k\u00fcnl\u0259rl\u0259 g\u00f6r\u00fc\u015f ke\u00e7irildi","datePublished":"2014-05-08T08:09:04+00:00","mainEntityOfPage":{"@id":"https:\/\/www.zerdab.com\/?p=15702"},"wordCount":565,"commentCount":0,"image":{"@id":"https:\/\/www.zerdab.com\/?p=15702#primaryimage"},"thumbnailUrl":"http:\/\/www.zerdab.com\/wp-content\/uploads\/2014\/05\/Zerdab4-550x365.jpg","articleSection":["C\u018fM\u0130YY\u018fT"],"inLanguage":"az","potentialAction":[{"@type":"CommentAction","name":"Comment","target":["https:\/\/www.zerdab.com\/?p=15702#respond"]}]},{"@type":"WebPage","@id":"https:\/\/www.zerdab.com\/?p=15702","url":"https:\/\/www.zerdab.com\/?p=15702","name":"Z\u0259rdabda \u015eu\u015fadan olan m\u0259cburi k\u00f6\u00e7k\u00fcnl\u0259rl\u0259 g\u00f6r\u00fc\u015f ke\u00e7irildi - Z\u0259rdab.com","isPartOf":{"@id":"https:\/\/www.zerdab.com\/#website"},"primaryImageOfPage":{"@id":"https:\/\/www.zerdab.com\/?p=15702#primaryimage"},"image":{"@id":"https:\/\/www.zerdab.com\/?p=15702#primaryimage"},"thumbnailUrl":"http:\/\/www.zerdab.com\/wp-content\/uploads\/2014\/05\/Zerdab4-550x365.jpg","datePublished":"2014-05-08T08:09:04+00:00","author":{"@id":"https:\/\/www.zerdab.com\/#\/schema\/person\/97079b7570c1e89ec0d9e138c3672136"},"breadcrumb":{"@id":"https:\/\/www.zerdab.com\/?p=15702#breadcrumb"},"inLanguage":"az","potentialAction":[{"@type":"ReadAction","target":["https:\/\/www.zerdab.com\/?p=15702"]}]},{"@type":"ImageObject","inLanguage":"az","@id":"https:\/\/www.zerdab.com\/?p=15702#primaryimage","url":"","contentUrl":""},{"@type":"BreadcrumbList","@id":"https:\/\/www.zerdab.com\/?p=15702#breadcrumb","itemListElement":[{"@type":"ListItem","position":1,"name":"Home","item":"https:\/\/www.zerdab.com\/"},{"@type":"ListItem","position":2,"name":"Z\u0259rdabda \u015eu\u015fadan olan m\u0259cburi k\u00f6\u00e7k\u00fcnl\u0259rl\u0259 g\u00f6r\u00fc\u015f ke\u00e7irildi"}]},{"@type":"WebSite","@id":"https:\/\/www.zerdab.com\/#website","url":"https:\/\/www.zerdab.com\/","name":"Z\u0259rdab.com","description":"","potentialAction":[{"@type":"SearchAction","target":{"@type":"EntryPoint","urlTemplate":"https:\/\/www.zerdab.com\/?s={search_term_string}"},"query-input":{"@type":"PropertyValueSpecification","valueRequired":true,"valueName":"search_term_string"}}],"inLanguage":"az"},{"@type":"Person","@id":"https:\/\/www.zerdab.com\/#\/schema\/person\/97079b7570c1e89ec0d9e138c3672136","name":"admin","image":{"@type":"ImageObject","inLanguage":"az","@id":"https:\/\/www.zerdab.com\/#\/schema\/person\/image\/","url":"https:\/\/secure.gravatar.com\/avatar\/d9c52a9a27c32119cb6679a077fa3e2779e5f822c451cbf01098004361d466ec?s=96&d=mm&r=g","contentUrl":"https:\/\/secure.gravatar.com\/avatar\/d9c52a9a27c32119cb6679a077fa3e2779e5f822c451cbf01098004361d466ec?s=96&d=mm&r=g","caption":"admin"},"url":"https:\/\/www.zerdab.com\/?author=1"}]}},"_links":{"self":[{"href":"https:\/\/www.zerdab.com\/index.php?rest_route=\/wp\/v2\/posts\/15702","targetHints":{"allow":["GET"]}}],"collection":[{"href":"https:\/\/www.zerdab.com\/index.php?rest_route=\/wp\/v2\/posts"}],"about":[{"href":"https:\/\/www.zerdab.com\/index.php?rest_route=\/wp\/v2\/types\/post"}],"author":[{"embeddable":true,"href":"https:\/\/www.zerdab.com\/index.php?rest_route=\/wp\/v2\/users\/1"}],"replies":[{"embeddable":true,"href":"https:\/\/www.zerdab.com\/index.php?rest_route=%2Fwp%2Fv2%2Fcomments&post=15702"}],"version-history":[{"count":1,"href":"https:\/\/www.zerdab.com\/index.php?rest_route=\/wp\/v2\/posts\/15702\/revisions"}],"predecessor-version":[{"id":15707,"href":"https:\/\/www.zerdab.com\/index.php?rest_route=\/wp\/v2\/posts\/15702\/revisions\/15707"}],"wp:attachment":[{"href":"https:\/\/www.zerdab.com\/index.php?rest_route=%2Fwp%2Fv2%2Fmedia&parent=15702"}],"wp:term":[{"taxonomy":"category","embeddable":true,"href":"https:\/\/www.zerdab.com\/index.php?rest_route=%2Fwp%2Fv2%2Fcategories&post=15702"},{"taxonomy":"post_tag","embeddable":true,"href":"https:\/\/www.zerdab.com\/index.php?rest_route=%2Fwp%2Fv2%2Ftags&post=15702"}],"curies":[{"name":"wp","href":"https:\/\/api.w.org\/{rel}","templated":true}]}}