{"id":15723,"date":"2014-05-09T17:33:16","date_gmt":"2014-05-09T12:33:16","guid":{"rendered":"http:\/\/www.zerdab.com\/?p=15723"},"modified":"2014-05-09T17:33:16","modified_gmt":"2014-05-09T12:33:16","slug":"z%c9%99rdabda-fasizm-uz%c9%99rind%c9%99-q%c9%99l%c9%99b%c9%99nin-ildonumu-qeyd-olundu","status":"publish","type":"post","link":"https:\/\/www.zerdab.com\/?p=15723","title":{"rendered":"Z\u0259rdabda fa\u015fizm \u00fcz\u0259rind\u0259 q\u0259l\u0259b\u0259nin ild\u00f6n\u00fcm\u00fc qeyd olundu"},"content":{"rendered":"<p><a href=\"http:\/\/www.zerdab.com\/wp-content\/uploads\/2014\/05\/fa\u015fizm-\u00fcz\u0259rind\u0259-q\u0259l\u0259b\u0259.jpg\"><img loading=\"lazy\" decoding=\"async\" class=\"aligncenter size-large wp-image-15724\" alt=\"fa\u015fizm \u00fcz\u0259rind\u0259 q\u0259l\u0259b\u0259\" src=\"http:\/\/www.zerdab.com\/wp-content\/uploads\/2014\/05\/fa\u015fizm-\u00fcz\u0259rind\u0259-q\u0259l\u0259b\u0259-550x427.jpg\" width=\"550\" height=\"427\" \/><\/a>9 may 2014-c\u00fc il tarixd\u0259 Z\u0259rdab \u015f\u0259h\u0259rind\u0259, K\u00fcr \u00e7ay\u0131 sahilind\u0259ki Q\u0259l\u0259b\u0259 meydan\u0131nda 1941-1945-ci ill\u0259r B\u00f6y\u00fck V\u0259t\u0259n M\u00fcharib\u0259sind\u0259 fa\u015fizm \u00fcz\u0259rind\u0259 q\u0259l\u0259b\u0259nin 69-cu ild\u00f6n\u00fcm\u00fc m\u00fcnasib\u0259til\u0259 \u00fcmumrayon m\u0259rasimi ke\u00e7irildi. T\u0259dbir i\u015ftirak\u00e7\u0131lar\u0131 \u0259vv\u0259lc\u0259 1941-1945-ci ill\u0259r m\u00fcharib\u0259sind\u0259 h\u0259lak olmu\u015f z\u0259rdabl\u0131lar\u0131n xatir\u0259sin\u0259 ucald\u0131lm\u0131\u015f abid\u0259 kompleksi \u00f6n\u00fcn\u0259, sonra is\u0259 Z\u0259rdab rayonundan olan Sovet \u0130ttifaq\u0131 Q\u0259hr\u0259man\u0131 M\u0259lik M\u0259h\u0259rr\u0259movun b\u00fcst\u00fc \u00f6n\u00fcn\u0259 g\u00fcl d\u0259st\u0259l\u0259ri qoydular.<\/p>\n<p>Z\u0259rdab rayon icra hakimiyy\u0259tinin ba\u015f\u00e7\u0131s\u0131 L\u00fctv\u0259li Babayev m\u0259rasimd\u0259 \u00e7\u0131x\u0131\u015f etdi. Bildirdi ki, \u0130kinci D\u00fcnya m\u00fcharib\u0259si ill\u0259ri b\u0259\u015f\u0259riyy\u0259t \u00fc\u00e7\u00fcn \u0259n a\u011f\u0131r v\u0259 d\u0259h\u015f\u0259tli bir d\u00f6vr olub. M\u00fcharib\u0259 ill\u0259rind\u0259 xalq\u0131m\u0131z h\u0259m c\u0259bh\u0259 b\u00f6lg\u0259l\u0259rind\u0259, h\u0259m d\u0259 arxa c\u0259bh\u0259d\u0259 b\u00f6y\u00fck q\u0259hr\u0259manl\u0131qlar g\u00f6st\u0259rib.\u00a0Bu q\u0259hr\u0259manlar aras\u0131nda z\u0259rdabl\u0131lar da \u00e7ox olub. M\u00fcharib\u0259d\u0259 Z\u0259rdabdan 3384 n\u0259f\u0259r i\u015ftirak etmi\u015f, onlardan 1407 n\u0259f\u0259r geri d\u00f6nm\u0259mi\u015fdir. H\u0259myerlil\u0259rimiz olan M\u0259lik M\u0259h\u0259rr\u0259mov Sovet \u0130ttifaq\u0131 Q\u0259hr\u0259man\u0131 ad\u0131na layiq g\u00f6r\u00fcl\u00fcb, Muradal\u0131 Heyd\u0259rov is\u0259 \u201c\u015e\u00f6hr\u0259t\u201d ordeninin h\u0259r 3 d\u0259r\u0259c\u0259si il\u0259 t\u0259ltif edilib. 2011-ci ild\u0259 is\u0259 o, Prezident t\u0259qa\u00fcd\u00fcn\u0259 layiq g\u00f6r\u00fcl\u00fcb.<\/p>\n<p>Natiq qeyd etdi ki, \u00f6lk\u0259miz haz\u0131rda m\u00fcharib\u0259 \u015f\u0259raitind\u0259 olmas\u0131na baxmayaraq d\u00f6vl\u0259timizin ba\u015f\u00e7\u0131s\u0131 b\u00fct\u00fcn insanlara, x\u00fcsusil\u0259, m\u00fcharib\u0259 veteranlar\u0131na, onlar\u0131n sosial probleml\u0259rinin h\u0259llin\u0259 y\u00fcks\u0259k diqq\u0259t v\u0259 qay\u011f\u0131 g\u00f6st\u0259rir. D\u00f6vl\u0259t ba\u015f\u00e7\u0131s\u0131n\u0131n \u201c1941-1945-ci ill\u0259r B\u00f6y\u00fck V\u0259t\u0259n m\u00fcharib\u0259si i\u015ftirak\u00e7\u0131lar\u0131na, h\u0259lak olmu\u015f v\u0259 ya sonralar v\u0259fat etmi\u015f d\u00f6y\u00fc\u015f\u00e7\u00fcl\u0259rin dul arvadlar\u0131na, arxa c\u0259bh\u0259d\u0259 f\u0259dakar \u0259m\u0259yin\u0259 g\u00f6r\u0259 orden v\u0259 medallarla t\u0259ltif edilmi\u015f \u015f\u0259xsl\u0259r\u0259 bird\u0259f\u0259lik maddi yard\u0131m verilm\u0259si bar\u0259d\u0259\u201d 30 aprel 2014-c\u00fc il tarixli s\u0259r\u0259ncam\u0131 il\u0259 veteranlara 700 manat, arxa c\u0259bh\u0259d\u0259 \u00e7al\u0131\u015fanlara 300 manat v\u0259saitin verilm\u0259si d\u0259 bu diqq\u0259t v\u0259 qay\u011f\u0131n\u0131n \u0259yani t\u0259zah\u00fcr\u00fcd\u00fcr<\/p>\n<p>\u0130cra ba\u015f\u00e7\u0131s\u0131 bildirdi ki, Ali Ba\u015f Komandan\u0131m\u0131z\u0131n Az\u0259rbaycan\u0131n m\u00fcdafi\u0259 q\u00fcdr\u0259tinin m\u00f6hk\u0259ml\u0259ndirilm\u0259sin\u0259 g\u00f6st\u0259rdiyi diqq\u0259t v\u0259 qay\u011f\u0131 h\u0259r bir az\u0259rbaycanl\u0131n\u0131 \u00fcr\u0259kd\u0259n sevindirir. Bizim Erm\u0259nistan\u0131 susdurma\u011fa qadir ordumuz var. Lakin inan\u0131r\u0131q ki, Erm\u0259nistan-Az\u0259rbaycan-Da\u011fl\u0131q Qaraba\u011f problemi c\u0259nab \u0130lham \u018fliyevin m\u00fcdrik siyas\u0259ti il\u0259 s\u00fclh yolu il\u0259 \u00f6z h\u0259llini tapacaqd\u0131r.<\/p>\n<p>T\u0259dbird\u0259 i\u015ftirak ed\u0259n \u201c\u015e\u00f6hr\u0259t\u201d ordenli, \u0259m\u0259kdar elm xadimi, g\u00f6rk\u0259mli akademik Teymur B\u00fcnyatov \u00e7\u0131x\u0131\u015f ed\u0259r\u0259k m\u00fcharib\u0259 veteranlar\u0131n\u0131 bayram m\u00fcnasib\u0259til\u0259 t\u0259brik etdi.<\/p>\n<p>Sonra B\u00f6y\u00fck V\u0259t\u0259n M\u00fcharib\u0259si veteranlar\u0131na maddi yard\u0131mlar t\u0259qdim olundu.<\/p>\n<p>\u201cC\u0259surlar\u201d h\u0259rbi-idman v\u0259 turizm oyunlar\u0131 \u00fczr\u0259 respublika final\u0131n\u0131n qalibi olmu\u015f rayonun G\u0259lm\u0259 k\u0259nd tam orta m\u0259kt\u0259binin komanda \u00fczvl\u0259ri veteranlar\u0131 t\u0259brik etdil\u0259r v\u0259 onlar\u0131n estafetini layiqinc\u0259 davam etdirdikl\u0259rini bildirdil\u0259r.<\/p>\n<p>M\u0259rasimd\u0259 Rayon Veteranlar \u015euras\u0131n\u0131n s\u0259dri H\u00fcseyn H\u0259s\u0259nov v\u0259 3 \u201c\u015e\u00f6hr\u0259t\u201d ordenli veteran, Prezident t\u0259qa\u00fcd\u00e7\u00fcs\u00fc Muradal\u0131 Heyd\u0259rov \u00e7\u0131x\u0131\u015f etdil\u0259r. \u00c7\u0131x\u0131\u015f ed\u0259nl\u0259r m\u00fcharib\u0259 veteranlar\u0131na g\u00f6st\u0259ril\u0259n diqq\u0259t v\u0259 qay\u011f\u0131ya g\u00f6r\u0259 \u00f6lk\u0259 ba\u015f\u00e7\u0131s\u0131na minn\u0259tdarl\u0131qlar\u0131n\u0131 bildirdil\u0259r.<\/p>\n<p>T\u0259dbir konsert proqram\u0131 il\u0259 davam etdirildi.<\/p>\n<p><b>Z\u0259rdab Rayon \u0130cra Hakimiyy\u0259ti<a href=\"http:\/\/www.zerdab.com\/wp-content\/uploads\/2014\/05\/fa\u015fizm-\u00fcz\u0259rind\u0259-q\u0259l\u0259b\u02591.jpg\"><img loading=\"lazy\" decoding=\"async\" class=\"aligncenter size-large wp-image-15725\" alt=\"fa\u015fizm \u00fcz\u0259rind\u0259 q\u0259l\u0259b\u0259\" src=\"http:\/\/www.zerdab.com\/wp-content\/uploads\/2014\/05\/fa\u015fizm-\u00fcz\u0259rind\u0259-q\u0259l\u0259b\u02591-550x365.jpg\" width=\"550\" height=\"365\" \/><\/a><a href=\"http:\/\/www.zerdab.com\/wp-content\/uploads\/2014\/05\/fa\u015fizm-\u00fcz\u0259rind\u0259-q\u0259l\u0259b\u02592.jpg\"><img loading=\"lazy\" decoding=\"async\" class=\"aligncenter size-large wp-image-15726\" alt=\"fa\u015fizm \u00fcz\u0259rind\u0259 q\u0259l\u0259b\u0259\" src=\"http:\/\/www.zerdab.com\/wp-content\/uploads\/2014\/05\/fa\u015fizm-\u00fcz\u0259rind\u0259-q\u0259l\u0259b\u02592-550x365.jpg\" width=\"550\" height=\"365\" \/><\/a><\/b><\/p>\n","protected":false},"excerpt":{"rendered":"<p>9 may 2014-c\u00fc il tarixd\u0259 Z\u0259rdab \u015f\u0259h\u0259rind\u0259, K\u00fcr \u00e7ay\u0131 sahilind\u0259ki Q\u0259l\u0259b\u0259 meydan\u0131nda 1941-1945-ci ill\u0259r B\u00f6y\u00fck V\u0259t\u0259n M\u00fcharib\u0259sind\u0259 fa\u015fizm \u00fcz\u0259rind\u0259 q\u0259l\u0259b\u0259nin 69-cu ild\u00f6n\u00fcm\u00fc m\u00fcnasib\u0259til\u0259 \u00fcmumrayon m\u0259rasimi ke\u00e7irildi. T\u0259dbir i\u015ftirak\u00e7\u0131lar\u0131 \u0259vv\u0259lc\u0259 1941-1945-ci ill\u0259r m\u00fcharib\u0259sind\u0259 h\u0259lak olmu\u015f z\u0259rdabl\u0131lar\u0131n xatir\u0259sin\u0259 ucald\u0131lm\u0131\u015f abid\u0259 kompleksi \u00f6n\u00fcn\u0259, sonra is\u0259 Z\u0259rdab rayonundan olan Sovet \u0130ttifaq\u0131 Q\u0259hr\u0259man\u0131 M\u0259lik M\u0259h\u0259rr\u0259movun b\u00fcst\u00fc \u00f6n\u00fcn\u0259 g\u00fcl d\u0259st\u0259l\u0259ri qoydular. [&hellip;]<\/p>\n","protected":false},"author":1,"featured_media":0,"comment_status":"open","ping_status":"open","sticky":false,"template":"","format":"standard","meta":{"footnotes":""},"categories":[21],"tags":[],"class_list":{"0":"post-15723","1":"post","2":"type-post","3":"status-publish","4":"format-standard","6":"category-zrdab"},"yoast_head":"<!-- This site is optimized with the Yoast SEO plugin v27.0 - https:\/\/yoast.com\/product\/yoast-seo-wordpress\/ -->\n<title>Z\u0259rdabda fa\u015fizm \u00fcz\u0259rind\u0259 q\u0259l\u0259b\u0259nin ild\u00f6n\u00fcm\u00fc qeyd olundu - Z\u0259rdab.com<\/title>\n<meta name=\"robots\" content=\"index, follow, max-snippet:-1, max-image-preview:large, max-video-preview:-1\" \/>\n<link rel=\"canonical\" href=\"https:\/\/www.zerdab.com\/?p=15723\" \/>\n<meta property=\"og:locale\" content=\"az_AZ\" \/>\n<meta property=\"og:type\" content=\"article\" \/>\n<meta property=\"og:title\" content=\"Z\u0259rdabda fa\u015fizm \u00fcz\u0259rind\u0259 q\u0259l\u0259b\u0259nin ild\u00f6n\u00fcm\u00fc qeyd olundu - Z\u0259rdab.com\" \/>\n<meta property=\"og:description\" content=\"9 may 2014-c\u00fc il tarixd\u0259 Z\u0259rdab \u015f\u0259h\u0259rind\u0259, K\u00fcr \u00e7ay\u0131 sahilind\u0259ki Q\u0259l\u0259b\u0259 meydan\u0131nda 1941-1945-ci ill\u0259r B\u00f6y\u00fck V\u0259t\u0259n M\u00fcharib\u0259sind\u0259 fa\u015fizm \u00fcz\u0259rind\u0259 q\u0259l\u0259b\u0259nin 69-cu ild\u00f6n\u00fcm\u00fc m\u00fcnasib\u0259til\u0259 \u00fcmumrayon m\u0259rasimi ke\u00e7irildi. T\u0259dbir i\u015ftirak\u00e7\u0131lar\u0131 \u0259vv\u0259lc\u0259 1941-1945-ci ill\u0259r m\u00fcharib\u0259sind\u0259 h\u0259lak olmu\u015f z\u0259rdabl\u0131lar\u0131n xatir\u0259sin\u0259 ucald\u0131lm\u0131\u015f abid\u0259 kompleksi \u00f6n\u00fcn\u0259, sonra is\u0259 Z\u0259rdab rayonundan olan Sovet \u0130ttifaq\u0131 Q\u0259hr\u0259man\u0131 M\u0259lik M\u0259h\u0259rr\u0259movun b\u00fcst\u00fc \u00f6n\u00fcn\u0259 g\u00fcl d\u0259st\u0259l\u0259ri qoydular. [&hellip;]\" \/>\n<meta property=\"og:url\" content=\"https:\/\/www.zerdab.com\/?p=15723\" \/>\n<meta property=\"og:site_name\" content=\"Z\u0259rdab.com\" \/>\n<meta property=\"article:published_time\" content=\"2014-05-09T12:33:16+00:00\" \/>\n<meta name=\"author\" content=\"admin\" \/>\n<meta name=\"twitter:card\" content=\"summary_large_image\" \/>\n<meta name=\"twitter:label1\" content=\"Written by\" \/>\n\t<meta name=\"twitter:data1\" content=\"admin\" \/>\n\t<meta name=\"twitter:label2\" content=\"Est. reading time\" \/>\n\t<meta name=\"twitter:data2\" content=\"3 minutes\" \/>\n<script type=\"application\/ld+json\" class=\"yoast-schema-graph\">{\"@context\":\"https:\/\/schema.org\",\"@graph\":[{\"@type\":\"Article\",\"@id\":\"https:\/\/www.zerdab.com\/?p=15723#article\",\"isPartOf\":{\"@id\":\"https:\/\/www.zerdab.com\/?p=15723\"},\"author\":{\"name\":\"admin\",\"@id\":\"https:\/\/www.zerdab.com\/#\/schema\/person\/97079b7570c1e89ec0d9e138c3672136\"},\"headline\":\"Z\u0259rdabda fa\u015fizm \u00fcz\u0259rind\u0259 q\u0259l\u0259b\u0259nin ild\u00f6n\u00fcm\u00fc qeyd olundu\",\"datePublished\":\"2014-05-09T12:33:16+00:00\",\"mainEntityOfPage\":{\"@id\":\"https:\/\/www.zerdab.com\/?p=15723\"},\"wordCount\":676,\"commentCount\":0,\"articleSection\":[\"C\u018fM\u0130YY\u018fT\"],\"inLanguage\":\"az\",\"potentialAction\":[{\"@type\":\"CommentAction\",\"name\":\"Comment\",\"target\":[\"https:\/\/www.zerdab.com\/?p=15723#respond\"]}]},{\"@type\":\"WebPage\",\"@id\":\"https:\/\/www.zerdab.com\/?p=15723\",\"url\":\"https:\/\/www.zerdab.com\/?p=15723\",\"name\":\"Z\u0259rdabda fa\u015fizm \u00fcz\u0259rind\u0259 q\u0259l\u0259b\u0259nin ild\u00f6n\u00fcm\u00fc qeyd olundu - Z\u0259rdab.com\",\"isPartOf\":{\"@id\":\"https:\/\/www.zerdab.com\/#website\"},\"datePublished\":\"2014-05-09T12:33:16+00:00\",\"author\":{\"@id\":\"https:\/\/www.zerdab.com\/#\/schema\/person\/97079b7570c1e89ec0d9e138c3672136\"},\"breadcrumb\":{\"@id\":\"https:\/\/www.zerdab.com\/?p=15723#breadcrumb\"},\"inLanguage\":\"az\",\"potentialAction\":[{\"@type\":\"ReadAction\",\"target\":[\"https:\/\/www.zerdab.com\/?p=15723\"]}]},{\"@type\":\"BreadcrumbList\",\"@id\":\"https:\/\/www.zerdab.com\/?p=15723#breadcrumb\",\"itemListElement\":[{\"@type\":\"ListItem\",\"position\":1,\"name\":\"Home\",\"item\":\"https:\/\/www.zerdab.com\/\"},{\"@type\":\"ListItem\",\"position\":2,\"name\":\"Z\u0259rdabda fa\u015fizm \u00fcz\u0259rind\u0259 q\u0259l\u0259b\u0259nin ild\u00f6n\u00fcm\u00fc qeyd olundu\"}]},{\"@type\":\"WebSite\",\"@id\":\"https:\/\/www.zerdab.com\/#website\",\"url\":\"https:\/\/www.zerdab.com\/\",\"name\":\"Z\u0259rdab.com\",\"description\":\"\",\"potentialAction\":[{\"@type\":\"SearchAction\",\"target\":{\"@type\":\"EntryPoint\",\"urlTemplate\":\"https:\/\/www.zerdab.com\/?s={search_term_string}\"},\"query-input\":{\"@type\":\"PropertyValueSpecification\",\"valueRequired\":true,\"valueName\":\"search_term_string\"}}],\"inLanguage\":\"az\"},{\"@type\":\"Person\",\"@id\":\"https:\/\/www.zerdab.com\/#\/schema\/person\/97079b7570c1e89ec0d9e138c3672136\",\"name\":\"admin\",\"image\":{\"@type\":\"ImageObject\",\"inLanguage\":\"az\",\"@id\":\"https:\/\/www.zerdab.com\/#\/schema\/person\/image\/\",\"url\":\"https:\/\/secure.gravatar.com\/avatar\/d9c52a9a27c32119cb6679a077fa3e2779e5f822c451cbf01098004361d466ec?s=96&d=mm&r=g\",\"contentUrl\":\"https:\/\/secure.gravatar.com\/avatar\/d9c52a9a27c32119cb6679a077fa3e2779e5f822c451cbf01098004361d466ec?s=96&d=mm&r=g\",\"caption\":\"admin\"},\"url\":\"https:\/\/www.zerdab.com\/?author=1\"}]}<\/script>\n<!-- \/ Yoast SEO plugin. -->","yoast_head_json":{"title":"Z\u0259rdabda fa\u015fizm \u00fcz\u0259rind\u0259 q\u0259l\u0259b\u0259nin ild\u00f6n\u00fcm\u00fc qeyd olundu - Z\u0259rdab.com","robots":{"index":"index","follow":"follow","max-snippet":"max-snippet:-1","max-image-preview":"max-image-preview:large","max-video-preview":"max-video-preview:-1"},"canonical":"https:\/\/www.zerdab.com\/?p=15723","og_locale":"az_AZ","og_type":"article","og_title":"Z\u0259rdabda fa\u015fizm \u00fcz\u0259rind\u0259 q\u0259l\u0259b\u0259nin ild\u00f6n\u00fcm\u00fc qeyd olundu - Z\u0259rdab.com","og_description":"9 may 2014-c\u00fc il tarixd\u0259 Z\u0259rdab \u015f\u0259h\u0259rind\u0259, K\u00fcr \u00e7ay\u0131 sahilind\u0259ki Q\u0259l\u0259b\u0259 meydan\u0131nda 1941-1945-ci ill\u0259r B\u00f6y\u00fck V\u0259t\u0259n M\u00fcharib\u0259sind\u0259 fa\u015fizm \u00fcz\u0259rind\u0259 q\u0259l\u0259b\u0259nin 69-cu ild\u00f6n\u00fcm\u00fc m\u00fcnasib\u0259til\u0259 \u00fcmumrayon m\u0259rasimi ke\u00e7irildi. T\u0259dbir i\u015ftirak\u00e7\u0131lar\u0131 \u0259vv\u0259lc\u0259 1941-1945-ci ill\u0259r m\u00fcharib\u0259sind\u0259 h\u0259lak olmu\u015f z\u0259rdabl\u0131lar\u0131n xatir\u0259sin\u0259 ucald\u0131lm\u0131\u015f abid\u0259 kompleksi \u00f6n\u00fcn\u0259, sonra is\u0259 Z\u0259rdab rayonundan olan Sovet \u0130ttifaq\u0131 Q\u0259hr\u0259man\u0131 M\u0259lik M\u0259h\u0259rr\u0259movun b\u00fcst\u00fc \u00f6n\u00fcn\u0259 g\u00fcl d\u0259st\u0259l\u0259ri qoydular. [&hellip;]","og_url":"https:\/\/www.zerdab.com\/?p=15723","og_site_name":"Z\u0259rdab.com","article_published_time":"2014-05-09T12:33:16+00:00","author":"admin","twitter_card":"summary_large_image","twitter_misc":{"Written by":"admin","Est. reading time":"3 minutes"},"schema":{"@context":"https:\/\/schema.org","@graph":[{"@type":"Article","@id":"https:\/\/www.zerdab.com\/?p=15723#article","isPartOf":{"@id":"https:\/\/www.zerdab.com\/?p=15723"},"author":{"name":"admin","@id":"https:\/\/www.zerdab.com\/#\/schema\/person\/97079b7570c1e89ec0d9e138c3672136"},"headline":"Z\u0259rdabda fa\u015fizm \u00fcz\u0259rind\u0259 q\u0259l\u0259b\u0259nin ild\u00f6n\u00fcm\u00fc qeyd olundu","datePublished":"2014-05-09T12:33:16+00:00","mainEntityOfPage":{"@id":"https:\/\/www.zerdab.com\/?p=15723"},"wordCount":676,"commentCount":0,"articleSection":["C\u018fM\u0130YY\u018fT"],"inLanguage":"az","potentialAction":[{"@type":"CommentAction","name":"Comment","target":["https:\/\/www.zerdab.com\/?p=15723#respond"]}]},{"@type":"WebPage","@id":"https:\/\/www.zerdab.com\/?p=15723","url":"https:\/\/www.zerdab.com\/?p=15723","name":"Z\u0259rdabda fa\u015fizm \u00fcz\u0259rind\u0259 q\u0259l\u0259b\u0259nin ild\u00f6n\u00fcm\u00fc qeyd olundu - Z\u0259rdab.com","isPartOf":{"@id":"https:\/\/www.zerdab.com\/#website"},"datePublished":"2014-05-09T12:33:16+00:00","author":{"@id":"https:\/\/www.zerdab.com\/#\/schema\/person\/97079b7570c1e89ec0d9e138c3672136"},"breadcrumb":{"@id":"https:\/\/www.zerdab.com\/?p=15723#breadcrumb"},"inLanguage":"az","potentialAction":[{"@type":"ReadAction","target":["https:\/\/www.zerdab.com\/?p=15723"]}]},{"@type":"BreadcrumbList","@id":"https:\/\/www.zerdab.com\/?p=15723#breadcrumb","itemListElement":[{"@type":"ListItem","position":1,"name":"Home","item":"https:\/\/www.zerdab.com\/"},{"@type":"ListItem","position":2,"name":"Z\u0259rdabda fa\u015fizm \u00fcz\u0259rind\u0259 q\u0259l\u0259b\u0259nin ild\u00f6n\u00fcm\u00fc qeyd olundu"}]},{"@type":"WebSite","@id":"https:\/\/www.zerdab.com\/#website","url":"https:\/\/www.zerdab.com\/","name":"Z\u0259rdab.com","description":"","potentialAction":[{"@type":"SearchAction","target":{"@type":"EntryPoint","urlTemplate":"https:\/\/www.zerdab.com\/?s={search_term_string}"},"query-input":{"@type":"PropertyValueSpecification","valueRequired":true,"valueName":"search_term_string"}}],"inLanguage":"az"},{"@type":"Person","@id":"https:\/\/www.zerdab.com\/#\/schema\/person\/97079b7570c1e89ec0d9e138c3672136","name":"admin","image":{"@type":"ImageObject","inLanguage":"az","@id":"https:\/\/www.zerdab.com\/#\/schema\/person\/image\/","url":"https:\/\/secure.gravatar.com\/avatar\/d9c52a9a27c32119cb6679a077fa3e2779e5f822c451cbf01098004361d466ec?s=96&d=mm&r=g","contentUrl":"https:\/\/secure.gravatar.com\/avatar\/d9c52a9a27c32119cb6679a077fa3e2779e5f822c451cbf01098004361d466ec?s=96&d=mm&r=g","caption":"admin"},"url":"https:\/\/www.zerdab.com\/?author=1"}]}},"_links":{"self":[{"href":"https:\/\/www.zerdab.com\/index.php?rest_route=\/wp\/v2\/posts\/15723","targetHints":{"allow":["GET"]}}],"collection":[{"href":"https:\/\/www.zerdab.com\/index.php?rest_route=\/wp\/v2\/posts"}],"about":[{"href":"https:\/\/www.zerdab.com\/index.php?rest_route=\/wp\/v2\/types\/post"}],"author":[{"embeddable":true,"href":"https:\/\/www.zerdab.com\/index.php?rest_route=\/wp\/v2\/users\/1"}],"replies":[{"embeddable":true,"href":"https:\/\/www.zerdab.com\/index.php?rest_route=%2Fwp%2Fv2%2Fcomments&post=15723"}],"version-history":[{"count":1,"href":"https:\/\/www.zerdab.com\/index.php?rest_route=\/wp\/v2\/posts\/15723\/revisions"}],"predecessor-version":[{"id":15727,"href":"https:\/\/www.zerdab.com\/index.php?rest_route=\/wp\/v2\/posts\/15723\/revisions\/15727"}],"wp:attachment":[{"href":"https:\/\/www.zerdab.com\/index.php?rest_route=%2Fwp%2Fv2%2Fmedia&parent=15723"}],"wp:term":[{"taxonomy":"category","embeddable":true,"href":"https:\/\/www.zerdab.com\/index.php?rest_route=%2Fwp%2Fv2%2Fcategories&post=15723"},{"taxonomy":"post_tag","embeddable":true,"href":"https:\/\/www.zerdab.com\/index.php?rest_route=%2Fwp%2Fv2%2Ftags&post=15723"}],"curies":[{"name":"wp","href":"https:\/\/api.w.org\/{rel}","templated":true}]}}