{"id":15735,"date":"2014-05-10T15:41:23","date_gmt":"2014-05-10T10:41:23","guid":{"rendered":"http:\/\/www.zerdab.com\/?p=15735"},"modified":"2014-05-10T15:43:46","modified_gmt":"2014-05-10T10:43:46","slug":"ulu-ond%c9%99rin-91-ci-ildonumu-z%c9%99rdabda-silsil%c9%99-t%c9%99dbirl%c9%99rl%c9%99-yadda-qaldi","status":"publish","type":"post","link":"https:\/\/www.zerdab.com\/?p=15735","title":{"rendered":"Ulu \u00d6nd\u0259rin 91-ci ild\u00f6n\u00fcm\u00fc Z\u0259rdabda silsil\u0259 t\u0259dbirl\u0259rl\u0259 yadda qald\u0131"},"content":{"rendered":"<p align=\"center\"><span style=\"font-size: 14px; line-height: 1.5em;\"><a href=\"http:\/\/www.zerdab.com\/wp-content\/uploads\/2014\/05\/Zerdab5.jpg\"><img loading=\"lazy\" decoding=\"async\" class=\"aligncenter size-large wp-image-15737\" alt=\"Z\u0259rdab\" src=\"http:\/\/www.zerdab.com\/wp-content\/uploads\/2014\/05\/Zerdab5-550x365.jpg\" width=\"550\" height=\"365\" \/><\/a><\/span><\/p>\n<p>Z\u0259rdab Rayon \u0130cra Hakimiyy\u0259tind\u0259 t\u0259sdiq olunmu\u015f t\u0259dbirl\u0259r plan\u0131na uy\u011fun olaraq Ulu \u00d6nd\u0259r Heyd\u0259r \u018fliyevin anadan olmas\u0131n\u0131n 91-ci ild\u00f6n\u00fcm\u00fc m\u00fcnasib\u0259til\u0259 rayonda silsil\u0259 t\u0259dbirl\u0259r ke\u00e7irilib. Rayonun D\u0259kk\u0259oba k\u0259ndind\u0259 \u0259sasl\u0131 t\u0259mir olunmu\u015f 35 yerlik k\u00f6rp\u0259l\u0259r evi-u\u015faq ba\u011f\u00e7as\u0131n\u0131n binas\u0131n\u0131n, 35 yerlik B\u00f6y\u00fck D\u0259kk\u0259 k\u0259nd k\u00f6rp\u0259l\u0259r evi-u\u015faq ba\u011f\u00e7as\u0131n\u0131n yeni korpusunun, \u0259sasl\u0131 t\u0259mir olunmu\u015f 80 \u015fagird yerlik Otmanoba k\u0259nd \u00fcmumi orta m\u0259kt\u0259b binas\u0131n\u0131n a\u00e7\u0131l\u0131\u015f m\u0259rasiml\u0259ri ke\u00e7irilib. Sonra \u015f\u0259h\u0259rin \u201c32 hektar\u201d adlanan \u0259razisind\u0259 Heyd\u0259r \u018fliyev Fondunun t\u0259\u015f\u0259bb\u00fcs\u00fc il\u0259 in\u015fa olunan 50 yerlik k\u00f6rp\u0259l\u0259r evi-u\u015faq ba\u011f\u00e7as\u0131 binas\u0131n\u0131n t\u0259m\u0259lqoyma m\u0259rasimi ke\u00e7irilib. M\u0259rasiml\u0259rd\u0259 i\u015ftirak ed\u0259n Z\u0259rdab Rayon \u0130cra Hakimiyy\u0259tinin ba\u015f\u00e7\u0131s\u0131 L\u00fctv\u0259li Babayev bildirib ki, \u00f6lk\u0259 Prezidenti c\u0259nab \u0130lham \u018fliyevin qar\u015f\u0131ya qoydu\u011fu m\u00fch\u00fcm v\u0259zif\u0259l\u0259r, verdiyi tap\u015f\u0131r\u0131q v\u0259 t\u00f6vsiy\u0259l\u0259r Z\u0259rdab rayonunda da b\u00f6y\u00fck diqq\u0259t, s\u0259y v\u0259 ard\u0131c\u0131ll\u0131qla h\u0259yata ke\u00e7irilir. Qeyd edildi ki, elm v\u0259 t\u0259hsil c\u0259miyy\u0259td\u0259 bir \u00e7ox probleml\u0259rin h\u0259llind\u0259 m\u00fch\u00fcm rol oynay\u0131r.\u00a0D\u00fcny\u0259vi t\u0259hsil\u0259 inteqrasiya yolunu se\u00e7\u0259n Az\u0259rbaycan Respublikas\u0131nda bu sah\u0259y\u0259 x\u00fcsusi diqq\u0259tin yetirilm\u0259si bel\u0259 n\u0259tic\u0259y\u0259 g\u0259lm\u0259y\u0259 \u0259sas verir ki, \u00f6lk\u0259d\u0259 elm v\u0259 t\u0259hsil probleml\u0259ri \u00fcmumi inki\u015faf v\u0259 d\u00f6vl\u0259t siyas\u0259ti il\u0259 v\u0259hd\u0259t t\u0259\u015fkil edir.\u00a0 Bu m\u0259nada ulu \u00f6nd\u0259r Heyd\u0259r \u018fliyevin respublikaya r\u0259hb\u0259rlik etdiyi d\u00f6vrd\u0259 realla\u015fd\u0131r\u0131lan t\u0259hsil siyas\u0259tinin d\u00fcn\u0259nin\u0259 v\u0259 bu g\u00fcn\u00fcn\u0259 diqq\u0259t yetirm\u0259k kifay\u0259tdir. \u0130cra ba\u015f\u00e7\u0131s\u0131 vur\u011fulad\u0131 ki, son ill\u0259r \u00f6lk\u0259mizd\u0259 t\u0259hsil sisteminin maddi-texniki bazas\u0131n\u0131n m\u00f6hk\u0259ml\u0259ndirilm\u0259si sah\u0259sind\u0259 \u0259sasl\u0131 t\u0259dbirl\u0259r h\u0259yata ke\u00e7irilir. Ulu \u00f6nd\u0259r Heyd\u0259r \u018fliyevin t\u0259hsil sistemind\u0259 ba\u015flad\u0131\u011f\u0131 islahatlar n\u0259tic\u0259sind\u0259 \u00f6lk\u0259d\u0259 t\u0259hsil m\u00fc\u0259ssis\u0259l\u0259ri \u00fc\u00e7\u00fcn yeni binalar\u0131n in\u015fas\u0131, t\u0259miri v\u0259 yeni avadanl\u0131qlarla t\u0259chiz edilm\u0259si sah\u0259sind\u0259 xeyli i\u015f g\u00f6r\u00fcl\u00fcr. Haz\u0131rda \u00f6lk\u0259 \u0259razisind\u0259 yeni\u00a0t\u0259hsil m\u00fc\u0259ssis\u0259l\u0259rinin\u00a0tikintisi,\u00a0\u0259lav\u0259 korpuslar\u0131n in\u015fas\u0131, onlar\u0131n \u0259sasl\u0131 t\u0259miri,\u00a0m\u00fcasir\u00a0avadanl\u0131qlarla\u00a0t\u0259minat\u0131 sah\u0259sind\u0259 davaml\u0131 i\u015fl\u0259r g\u00f6r\u00fcl\u00fcr. Bu\u00a0g\u00fcn\u00a0Az\u0259rbaycan\u0131n el\u0259\u00a0regionu\u00a0yoxdur\u00a0ki,\u00a0orada\u00a0h\u0259r hans\u0131 bir t\u0259hsil m\u00fc\u0259ssis\u0259si \u00fc\u00e7\u00fcn bina tikilm\u0259sin,\u00a0m\u00f6vcud\u00a0binalar t\u0259mir edilm\u0259sin.<\/p>\n<p align=\"center\">\n<p>Daha sonra t\u0259dbirl\u0259r Heyd\u0259r \u018fliyev park\u0131nda davam etdirilib. Z\u0259rdabl\u0131lar Ulu \u00d6nd\u0259rin abid\u0259si \u00f6n\u00fcn\u0259 g\u00fcl-\u00e7i\u00e7\u0259k d\u0259st\u0259l\u0259ri qoyublar. M\u0259rasimd\u0259 rayon r\u0259hb\u0259rliyi, idar\u0259, m\u00fc\u0259ssis\u0259 v\u0259 t\u0259\u015fkilatlar\u0131n \u0259m\u0259k kollektivl\u0259ri, rayon ictimaiyy\u0259tinin n\u00fcmay\u0259nd\u0259l\u0259ri i\u015ftirak edibl\u0259r.<\/p>\n<p align=\"center\">\n<p>\u00dcmummilli liderin h\u0259yat v\u0259 f\u0259aliyy\u0259ti bar\u0259d\u0259 m\u0259lumat ver\u0259n Rayon \u0130cra Hakimiyy\u0259tinin ba\u015f\u00e7\u0131s\u0131 qeyd edib ki, 1969-cu ild\u0259 siyasi hakimiyy\u0259t\u0259 \u201cQoy \u0259dal\u0259t z\u0259f\u0259r \u00e7als\u0131n\u201d devizi il\u0259 g\u0259l\u0259n Heyd\u0259r \u018fliyev saf \u0259m\u0259ll\u0259ri il\u0259 b\u00fct\u00fcn \u00f6mr\u00fcn\u00fc \u00f6z do\u011fma xalq\u0131na ba\u011f\u0131\u015flad\u0131\u011f\u0131na g\u00f6r\u0259 dahilik zirv\u0259sini f\u0259th etmi\u015f, Az\u0259rbaycan tarixin\u0259 \u00f6z \u015f\u0259r\u0259fli ad\u0131n\u0131 q\u0131z\u0131l h\u0259rfl\u0259rl\u0259 yazm\u0131\u015fd\u0131r. Az\u0259rbaycan\u0131n son onillikl\u0259r \u0259rzind\u0259 qazand\u0131\u011f\u0131 u\u011furlar Ulu \u00d6nd\u0259r Heyd\u0259r \u018fliyevin h\u0259yat v\u0259 f\u0259aliyy\u0259ti il\u0259 birba\u015fa ba\u011fl\u0131d\u0131r. Onun Az\u0259rbaycan\u0131n r\u0259hb\u0259ri se\u00e7ilm\u0259si \u0259slind\u0259 \u00e7a\u011fda\u015f tariximiz\u0259 \u00f6lk\u0259mizin s\u00fcr\u0259tli v\u0259 uzunm\u00fcdd\u0259tli inki\u015faf\u0131n\u0131n \u0259sas\u0131n\u0131n qoyulmas\u0131\u00a0 kimi daxil olmu\u015fdur. Heyd\u0259r \u018fliyev el\u0259 dahi \u015f\u0259xsiyy\u0259tl\u0259rd\u0259ndir ki, onun ke\u00e7diyi h\u0259yat yolu xalq\u0131n\u0131n d\u00fcn\u0259nini, bu g\u00fcn\u00fcn\u00fc v\u0259 sabah\u0131n\u0131 ayd\u0131n g\u00f6st\u0259rir. 45 il \u00f6nc\u0259 Ulu \u00d6nd\u0259rin respublikam\u0131zda ilk d\u0259f\u0259 siyasi r\u0259hb\u0259rliy\u0259 g\u0259lm\u0259si Az\u0259rbaycanda b\u00f6y\u00fck iqtisadi, elmi v\u0259 \u0259d\u0259bi-m\u0259d\u0259ni inki\u015fafa, m\u00fcst\u0259qil d\u00fc\u015f\u00fcnc\u0259y\u0259 yol a\u00e7m\u0131\u015fd\u0131r. T\u0259sad\u00fcfi deyil ki, h\u0259min ill\u0259r respublikam\u0131z\u0131n intibah d\u00f6vr\u00fc kimi s\u0259ciyy\u0259l\u0259nir. V\u0259 t\u0259biidir ki, bug\u00fcnk\u00fc M\u00fcst\u0259qil Az\u0259rbaycan Heyd\u0259r \u018fliyevin \u015fah \u0259s\u0259ri adland\u0131r\u0131l\u0131r.<\/p>\n<p align=\"center\">\n<p>Bildirildi ki, \u00e7ox g\u0259rgin i\u015f rejimin\u0259 baxmayaraq Ulu \u00d6nd\u0259r Heyd\u0259r \u018fliyev tez-tez respublikan\u0131n b\u00f6lg\u0259l\u0259rind\u0259 olma\u011fa v\u0259 \u0259hali il\u0259 yerl\u0259rd\u0259 g\u00f6r\u00fc\u015fl\u0259r\u0259 d\u0259 vaxt tap\u0131rd\u0131. 29 may 1978-ci ild\u0259 Ulu \u00d6nd\u0259r Heyd\u0259r \u018fliyevin K\u00fcr \u00e7ay\u0131n\u0131n h\u0259ddind\u0259n \u00e7ox qalxmas\u0131 il\u0259 ba\u011fl\u0131 m\u0259hz Z\u0259rdaba s\u0259f\u0259rini v\u0259 onun xilaskarl\u0131q missiyas\u0131n\u0131 z\u0259rdabl\u0131lar bu g\u00fcn d\u0259 d\u0259rin minn\u0259tdarl\u0131q hissi il\u0259 xat\u0131rlay\u0131rlar. Qeyd olundu ki, Ulu \u00d6nd\u0259r Heyd\u0259r \u018fliyevin \u0259n b\u00f6y\u00fck xidm\u0259tl\u0259rind\u0259n biri d\u0259 \u00f6z\u00fcnd\u0259n sonra xalq\u0131na layiqinc\u0259 xidm\u0259t ed\u0259 bil\u0259c\u0259k bir siyasi varis yeti\u015fdirm\u0259sidir. 2003-c\u00fc, 2008-ci v\u0259 2013-c\u00fc ill\u0259rd\u0259 Ulu \u00d6nd\u0259rin layiqli varisi \u0130lham \u018fliyevin Az\u0259rbaycan Respublikas\u0131n\u0131n Prezidenti se\u00e7ilm\u0259si Heyd\u0259r \u018fliyev yolunun d\u00fczg\u00fcnl\u00fcy\u00fcn\u00fc, Heyd\u0259r \u018fliyev ideyalar\u0131n\u0131n \u00f6lm\u0259zliyini, bu siyasi kursun m\u00f6ht\u0259r\u0259m Prezidentimiz t\u0259r\u0259find\u0259n u\u011furla davam etdirilm\u0259sini bir daha t\u0259sdiql\u0259di. \u00d6lk\u0259 Prezidentinin h\u0259yata ke\u00e7irdiyi d\u00fczg\u00fcn sosial-iqtisadi inki\u015faf strategiyas\u0131 n\u0259tic\u0259sind\u0259 \u00f6lk\u0259miz g\u00fcn\u00fc-g\u00fcnd\u0259n inki\u015faf edir, \u00e7i\u00e7\u0259kl\u0259nir. Natiq qeyd etdi ki, Ulu \u00d6nd\u0259rimiz Heyd\u0259r \u018fliyevin \u0259ziz xatir\u0259si b\u00fct\u00fcn Az\u0259rbaycan xalq\u0131 kimi z\u0259rdabl\u0131lar\u0131n da q\u0259lbind\u0259 \u0259b\u0259di ya\u015fayacaq v\u0259 Az\u0259rbaycan xalq\u0131n\u0131 daha xo\u015fb\u0259xt g\u00fcnl\u0259r\u0259 qovu\u015fduracaqd\u0131r.<\/p>\n<p align=\"center\">\n<p>T\u0259dbirl\u0259rd\u0259 \u201c\u015e\u00f6hr\u0259t\u201d ordenli, \u0259m\u0259kdar elm xadimi, g\u00f6rk\u0259mli akademik Teymur B\u00fcnyatov i\u015ftirak v\u0259 \u00e7\u0131x\u0131\u015f etdi.<\/p>\n<p align=\"center\">\n<p>Daha sonra rayonun t\u0259hsil, m\u0259d\u0259ni-maarif m\u00fc\u0259ssis\u0259l\u0259rinin b\u0259dii \u00f6zf\u0259aliyy\u0259t yarad\u0131c\u0131l\u0131qlar\u0131na v\u0259 parkda t\u0259\u015fkil olunmu\u015f kitab bayram\u0131na bax\u0131\u015f ke\u00e7irildi.<\/p>\n<p align=\"center\">\n<p>M\u0259rasim rayonun inc\u0259s\u0259n\u0259t ustalar\u0131n\u0131n i\u015ftirak\u0131 il\u0259 t\u0259\u015fkil olunmu\u015f b\u00f6y\u00fck konsert proqram\u0131 il\u0259 davam etdirildi.<\/p>\n<p align=\"center\">\n<p>\u00a0<span style=\"color: #0000ff;\"><b style=\"font-size: 14px; line-height: 1.5em;\">Z\u0259rdab Rayon \u0130cra Hakimiyy\u0259ti<\/b><\/span><\/p>\n<p align=\"center\"><span style=\"font-size: 14px; line-height: 1.5em;\">\u00a0<\/span><\/p>\n<p><a href=\"http:\/\/www.zerdab.com\/wp-content\/uploads\/2014\/05\/Zerdab5.jpg\"><img loading=\"lazy\" decoding=\"async\" class=\"aligncenter size-large wp-image-15737\" alt=\"Z\u0259rdab\" src=\"http:\/\/www.zerdab.com\/wp-content\/uploads\/2014\/05\/Zerdab5-550x365.jpg\" width=\"550\" height=\"365\" \/><\/a> <a href=\"http:\/\/www.zerdab.com\/wp-content\/uploads\/2014\/05\/Zerdab12.jpg\"><img loading=\"lazy\" decoding=\"async\" class=\"aligncenter size-large wp-image-15738\" alt=\"Z\u0259rdab\" src=\"http:\/\/www.zerdab.com\/wp-content\/uploads\/2014\/05\/Zerdab12-550x365.jpg\" width=\"550\" height=\"365\" \/><\/a> <a href=\"http:\/\/www.zerdab.com\/wp-content\/uploads\/2014\/05\/Zerdab22.jpg\"><img loading=\"lazy\" decoding=\"async\" class=\"aligncenter size-large wp-image-15739\" alt=\"Z\u0259rdab\" src=\"http:\/\/www.zerdab.com\/wp-content\/uploads\/2014\/05\/Zerdab22-550x365.jpg\" width=\"550\" height=\"365\" \/><\/a> <a href=\"http:\/\/www.zerdab.com\/wp-content\/uploads\/2014\/05\/Zerdab32.jpg\"><img loading=\"lazy\" decoding=\"async\" class=\"aligncenter size-large wp-image-15740\" alt=\"Z\u0259rdab\" src=\"http:\/\/www.zerdab.com\/wp-content\/uploads\/2014\/05\/Zerdab32-550x365.jpg\" width=\"550\" height=\"365\" \/><\/a> <a href=\"http:\/\/www.zerdab.com\/wp-content\/uploads\/2014\/05\/Zerdab41.jpg\"><img loading=\"lazy\" decoding=\"async\" class=\"aligncenter size-large wp-image-15741\" alt=\"Z\u0259rdab\" src=\"http:\/\/www.zerdab.com\/wp-content\/uploads\/2014\/05\/Zerdab41-550x365.jpg\" width=\"550\" height=\"365\" \/><\/a> <a href=\"http:\/\/www.zerdab.com\/wp-content\/uploads\/2014\/05\/Zerdab51.jpg\"><img loading=\"lazy\" decoding=\"async\" class=\"aligncenter size-large wp-image-15742\" alt=\"Z\u0259rdab\" src=\"http:\/\/www.zerdab.com\/wp-content\/uploads\/2014\/05\/Zerdab51-550x365.jpg\" width=\"550\" height=\"365\" \/><\/a> <a href=\"http:\/\/www.zerdab.com\/wp-content\/uploads\/2014\/05\/Zerdab6.jpg\"><img loading=\"lazy\" decoding=\"async\" class=\"aligncenter size-large wp-image-15743\" alt=\"Z\u0259rdab\" src=\"http:\/\/www.zerdab.com\/wp-content\/uploads\/2014\/05\/Zerdab6-550x365.jpg\" width=\"550\" height=\"365\" \/><\/a> <a href=\"http:\/\/www.zerdab.com\/wp-content\/uploads\/2014\/05\/Zerdab7.jpg\"><img loading=\"lazy\" decoding=\"async\" class=\"aligncenter size-large wp-image-15744\" alt=\"Z\u0259rdab\" src=\"http:\/\/www.zerdab.com\/wp-content\/uploads\/2014\/05\/Zerdab7-550x365.jpg\" width=\"550\" height=\"365\" \/><\/a> <a href=\"http:\/\/www.zerdab.com\/wp-content\/uploads\/2014\/05\/Zerdab8.jpg\"><img loading=\"lazy\" decoding=\"async\" class=\"aligncenter size-large wp-image-15745\" alt=\"Z\u0259rdab\" src=\"http:\/\/www.zerdab.com\/wp-content\/uploads\/2014\/05\/Zerdab8-550x365.jpg\" width=\"550\" height=\"365\" \/><\/a> <a href=\"http:\/\/www.zerdab.com\/wp-content\/uploads\/2014\/05\/Zerdab9.jpg\"><img loading=\"lazy\" decoding=\"async\" class=\"aligncenter size-large wp-image-15746\" alt=\"Z\u0259rdab\" src=\"http:\/\/www.zerdab.com\/wp-content\/uploads\/2014\/05\/Zerdab9-550x365.jpg\" width=\"550\" height=\"365\" \/><\/a><a href=\"http:\/\/www.zerdab.com\/wp-content\/uploads\/2014\/05\/Zerdab10.jpg\"><img loading=\"lazy\" decoding=\"async\" class=\"aligncenter size-large wp-image-15736\" alt=\"Z\u0259rdab\" src=\"http:\/\/www.zerdab.com\/wp-content\/uploads\/2014\/05\/Zerdab10-550x365.jpg\" width=\"550\" height=\"365\" \/><\/a><\/p>\n","protected":false},"excerpt":{"rendered":"<p>Z\u0259rdab Rayon \u0130cra Hakimiyy\u0259tind\u0259 t\u0259sdiq olunmu\u015f t\u0259dbirl\u0259r plan\u0131na uy\u011fun olaraq Ulu \u00d6nd\u0259r Heyd\u0259r \u018fliyevin anadan olmas\u0131n\u0131n 91-ci ild\u00f6n\u00fcm\u00fc m\u00fcnasib\u0259til\u0259 rayonda silsil\u0259 t\u0259dbirl\u0259r ke\u00e7irilib. Rayonun D\u0259kk\u0259oba k\u0259ndind\u0259 \u0259sasl\u0131 t\u0259mir olunmu\u015f 35 yerlik k\u00f6rp\u0259l\u0259r evi-u\u015faq ba\u011f\u00e7as\u0131n\u0131n binas\u0131n\u0131n, 35 yerlik B\u00f6y\u00fck D\u0259kk\u0259 k\u0259nd k\u00f6rp\u0259l\u0259r evi-u\u015faq ba\u011f\u00e7as\u0131n\u0131n yeni korpusunun, \u0259sasl\u0131 t\u0259mir olunmu\u015f 80 \u015fagird yerlik Otmanoba k\u0259nd \u00fcmumi orta [&hellip;]<\/p>\n","protected":false},"author":1,"featured_media":0,"comment_status":"open","ping_status":"open","sticky":false,"template":"","format":"standard","meta":{"footnotes":""},"categories":[21],"tags":[],"class_list":{"0":"post-15735","1":"post","2":"type-post","3":"status-publish","4":"format-standard","6":"category-zrdab"},"yoast_head":"<!-- This site is optimized with the Yoast SEO plugin v27.0 - https:\/\/yoast.com\/product\/yoast-seo-wordpress\/ -->\n<title>Ulu \u00d6nd\u0259rin 91-ci ild\u00f6n\u00fcm\u00fc Z\u0259rdabda silsil\u0259 t\u0259dbirl\u0259rl\u0259 yadda qald\u0131 - Z\u0259rdab.com<\/title>\n<meta name=\"robots\" content=\"index, follow, max-snippet:-1, max-image-preview:large, max-video-preview:-1\" \/>\n<link rel=\"canonical\" href=\"https:\/\/www.zerdab.com\/?p=15735\" \/>\n<meta property=\"og:locale\" content=\"az_AZ\" \/>\n<meta property=\"og:type\" content=\"article\" \/>\n<meta property=\"og:title\" content=\"Ulu \u00d6nd\u0259rin 91-ci ild\u00f6n\u00fcm\u00fc Z\u0259rdabda silsil\u0259 t\u0259dbirl\u0259rl\u0259 yadda qald\u0131 - Z\u0259rdab.com\" \/>\n<meta property=\"og:description\" content=\"Z\u0259rdab Rayon \u0130cra Hakimiyy\u0259tind\u0259 t\u0259sdiq olunmu\u015f t\u0259dbirl\u0259r plan\u0131na uy\u011fun olaraq Ulu \u00d6nd\u0259r Heyd\u0259r \u018fliyevin anadan olmas\u0131n\u0131n 91-ci ild\u00f6n\u00fcm\u00fc m\u00fcnasib\u0259til\u0259 rayonda silsil\u0259 t\u0259dbirl\u0259r ke\u00e7irilib. Rayonun D\u0259kk\u0259oba k\u0259ndind\u0259 \u0259sasl\u0131 t\u0259mir olunmu\u015f 35 yerlik k\u00f6rp\u0259l\u0259r evi-u\u015faq ba\u011f\u00e7as\u0131n\u0131n binas\u0131n\u0131n, 35 yerlik B\u00f6y\u00fck D\u0259kk\u0259 k\u0259nd k\u00f6rp\u0259l\u0259r evi-u\u015faq ba\u011f\u00e7as\u0131n\u0131n yeni korpusunun, \u0259sasl\u0131 t\u0259mir olunmu\u015f 80 \u015fagird yerlik Otmanoba k\u0259nd \u00fcmumi orta [&hellip;]\" \/>\n<meta property=\"og:url\" content=\"https:\/\/www.zerdab.com\/?p=15735\" \/>\n<meta property=\"og:site_name\" content=\"Z\u0259rdab.com\" \/>\n<meta property=\"article:published_time\" content=\"2014-05-10T10:41:23+00:00\" \/>\n<meta property=\"article:modified_time\" content=\"2014-05-10T10:43:46+00:00\" \/>\n<meta property=\"og:image\" content=\"http:\/\/www.zerdab.com\/wp-content\/uploads\/2014\/05\/Zerdab5-550x365.jpg\" \/>\n<meta name=\"author\" content=\"admin\" \/>\n<meta name=\"twitter:card\" content=\"summary_large_image\" \/>\n<meta name=\"twitter:label1\" content=\"Written by\" \/>\n\t<meta name=\"twitter:data1\" content=\"admin\" \/>\n\t<meta name=\"twitter:label2\" content=\"Est. reading time\" \/>\n\t<meta name=\"twitter:data2\" content=\"6 minutes\" \/>\n<script type=\"application\/ld+json\" class=\"yoast-schema-graph\">{\"@context\":\"https:\/\/schema.org\",\"@graph\":[{\"@type\":\"Article\",\"@id\":\"https:\/\/www.zerdab.com\/?p=15735#article\",\"isPartOf\":{\"@id\":\"https:\/\/www.zerdab.com\/?p=15735\"},\"author\":{\"name\":\"admin\",\"@id\":\"https:\/\/www.zerdab.com\/#\/schema\/person\/97079b7570c1e89ec0d9e138c3672136\"},\"headline\":\"Ulu \u00d6nd\u0259rin 91-ci ild\u00f6n\u00fcm\u00fc Z\u0259rdabda silsil\u0259 t\u0259dbirl\u0259rl\u0259 yadda qald\u0131\",\"datePublished\":\"2014-05-10T10:41:23+00:00\",\"dateModified\":\"2014-05-10T10:43:46+00:00\",\"mainEntityOfPage\":{\"@id\":\"https:\/\/www.zerdab.com\/?p=15735\"},\"wordCount\":1167,\"commentCount\":1,\"image\":{\"@id\":\"https:\/\/www.zerdab.com\/?p=15735#primaryimage\"},\"thumbnailUrl\":\"http:\/\/www.zerdab.com\/wp-content\/uploads\/2014\/05\/Zerdab5-550x365.jpg\",\"articleSection\":[\"C\u018fM\u0130YY\u018fT\"],\"inLanguage\":\"az\",\"potentialAction\":[{\"@type\":\"CommentAction\",\"name\":\"Comment\",\"target\":[\"https:\/\/www.zerdab.com\/?p=15735#respond\"]}]},{\"@type\":\"WebPage\",\"@id\":\"https:\/\/www.zerdab.com\/?p=15735\",\"url\":\"https:\/\/www.zerdab.com\/?p=15735\",\"name\":\"Ulu \u00d6nd\u0259rin 91-ci ild\u00f6n\u00fcm\u00fc Z\u0259rdabda silsil\u0259 t\u0259dbirl\u0259rl\u0259 yadda qald\u0131 - Z\u0259rdab.com\",\"isPartOf\":{\"@id\":\"https:\/\/www.zerdab.com\/#website\"},\"primaryImageOfPage\":{\"@id\":\"https:\/\/www.zerdab.com\/?p=15735#primaryimage\"},\"image\":{\"@id\":\"https:\/\/www.zerdab.com\/?p=15735#primaryimage\"},\"thumbnailUrl\":\"http:\/\/www.zerdab.com\/wp-content\/uploads\/2014\/05\/Zerdab5-550x365.jpg\",\"datePublished\":\"2014-05-10T10:41:23+00:00\",\"dateModified\":\"2014-05-10T10:43:46+00:00\",\"author\":{\"@id\":\"https:\/\/www.zerdab.com\/#\/schema\/person\/97079b7570c1e89ec0d9e138c3672136\"},\"breadcrumb\":{\"@id\":\"https:\/\/www.zerdab.com\/?p=15735#breadcrumb\"},\"inLanguage\":\"az\",\"potentialAction\":[{\"@type\":\"ReadAction\",\"target\":[\"https:\/\/www.zerdab.com\/?p=15735\"]}]},{\"@type\":\"ImageObject\",\"inLanguage\":\"az\",\"@id\":\"https:\/\/www.zerdab.com\/?p=15735#primaryimage\",\"url\":\"\",\"contentUrl\":\"\"},{\"@type\":\"BreadcrumbList\",\"@id\":\"https:\/\/www.zerdab.com\/?p=15735#breadcrumb\",\"itemListElement\":[{\"@type\":\"ListItem\",\"position\":1,\"name\":\"Home\",\"item\":\"https:\/\/www.zerdab.com\/\"},{\"@type\":\"ListItem\",\"position\":2,\"name\":\"Ulu \u00d6nd\u0259rin 91-ci ild\u00f6n\u00fcm\u00fc Z\u0259rdabda silsil\u0259 t\u0259dbirl\u0259rl\u0259 yadda qald\u0131\"}]},{\"@type\":\"WebSite\",\"@id\":\"https:\/\/www.zerdab.com\/#website\",\"url\":\"https:\/\/www.zerdab.com\/\",\"name\":\"Z\u0259rdab.com\",\"description\":\"\",\"potentialAction\":[{\"@type\":\"SearchAction\",\"target\":{\"@type\":\"EntryPoint\",\"urlTemplate\":\"https:\/\/www.zerdab.com\/?s={search_term_string}\"},\"query-input\":{\"@type\":\"PropertyValueSpecification\",\"valueRequired\":true,\"valueName\":\"search_term_string\"}}],\"inLanguage\":\"az\"},{\"@type\":\"Person\",\"@id\":\"https:\/\/www.zerdab.com\/#\/schema\/person\/97079b7570c1e89ec0d9e138c3672136\",\"name\":\"admin\",\"image\":{\"@type\":\"ImageObject\",\"inLanguage\":\"az\",\"@id\":\"https:\/\/www.zerdab.com\/#\/schema\/person\/image\/\",\"url\":\"https:\/\/secure.gravatar.com\/avatar\/d9c52a9a27c32119cb6679a077fa3e2779e5f822c451cbf01098004361d466ec?s=96&d=mm&r=g\",\"contentUrl\":\"https:\/\/secure.gravatar.com\/avatar\/d9c52a9a27c32119cb6679a077fa3e2779e5f822c451cbf01098004361d466ec?s=96&d=mm&r=g\",\"caption\":\"admin\"},\"url\":\"https:\/\/www.zerdab.com\/?author=1\"}]}<\/script>\n<!-- \/ Yoast SEO plugin. -->","yoast_head_json":{"title":"Ulu \u00d6nd\u0259rin 91-ci ild\u00f6n\u00fcm\u00fc Z\u0259rdabda silsil\u0259 t\u0259dbirl\u0259rl\u0259 yadda qald\u0131 - Z\u0259rdab.com","robots":{"index":"index","follow":"follow","max-snippet":"max-snippet:-1","max-image-preview":"max-image-preview:large","max-video-preview":"max-video-preview:-1"},"canonical":"https:\/\/www.zerdab.com\/?p=15735","og_locale":"az_AZ","og_type":"article","og_title":"Ulu \u00d6nd\u0259rin 91-ci ild\u00f6n\u00fcm\u00fc Z\u0259rdabda silsil\u0259 t\u0259dbirl\u0259rl\u0259 yadda qald\u0131 - Z\u0259rdab.com","og_description":"Z\u0259rdab Rayon \u0130cra Hakimiyy\u0259tind\u0259 t\u0259sdiq olunmu\u015f t\u0259dbirl\u0259r plan\u0131na uy\u011fun olaraq Ulu \u00d6nd\u0259r Heyd\u0259r \u018fliyevin anadan olmas\u0131n\u0131n 91-ci ild\u00f6n\u00fcm\u00fc m\u00fcnasib\u0259til\u0259 rayonda silsil\u0259 t\u0259dbirl\u0259r ke\u00e7irilib. Rayonun D\u0259kk\u0259oba k\u0259ndind\u0259 \u0259sasl\u0131 t\u0259mir olunmu\u015f 35 yerlik k\u00f6rp\u0259l\u0259r evi-u\u015faq ba\u011f\u00e7as\u0131n\u0131n binas\u0131n\u0131n, 35 yerlik B\u00f6y\u00fck D\u0259kk\u0259 k\u0259nd k\u00f6rp\u0259l\u0259r evi-u\u015faq ba\u011f\u00e7as\u0131n\u0131n yeni korpusunun, \u0259sasl\u0131 t\u0259mir olunmu\u015f 80 \u015fagird yerlik Otmanoba k\u0259nd \u00fcmumi orta [&hellip;]","og_url":"https:\/\/www.zerdab.com\/?p=15735","og_site_name":"Z\u0259rdab.com","article_published_time":"2014-05-10T10:41:23+00:00","article_modified_time":"2014-05-10T10:43:46+00:00","og_image":[{"url":"http:\/\/www.zerdab.com\/wp-content\/uploads\/2014\/05\/Zerdab5-550x365.jpg","type":"","width":"","height":""}],"author":"admin","twitter_card":"summary_large_image","twitter_misc":{"Written by":"admin","Est. reading time":"6 minutes"},"schema":{"@context":"https:\/\/schema.org","@graph":[{"@type":"Article","@id":"https:\/\/www.zerdab.com\/?p=15735#article","isPartOf":{"@id":"https:\/\/www.zerdab.com\/?p=15735"},"author":{"name":"admin","@id":"https:\/\/www.zerdab.com\/#\/schema\/person\/97079b7570c1e89ec0d9e138c3672136"},"headline":"Ulu \u00d6nd\u0259rin 91-ci ild\u00f6n\u00fcm\u00fc Z\u0259rdabda silsil\u0259 t\u0259dbirl\u0259rl\u0259 yadda qald\u0131","datePublished":"2014-05-10T10:41:23+00:00","dateModified":"2014-05-10T10:43:46+00:00","mainEntityOfPage":{"@id":"https:\/\/www.zerdab.com\/?p=15735"},"wordCount":1167,"commentCount":1,"image":{"@id":"https:\/\/www.zerdab.com\/?p=15735#primaryimage"},"thumbnailUrl":"http:\/\/www.zerdab.com\/wp-content\/uploads\/2014\/05\/Zerdab5-550x365.jpg","articleSection":["C\u018fM\u0130YY\u018fT"],"inLanguage":"az","potentialAction":[{"@type":"CommentAction","name":"Comment","target":["https:\/\/www.zerdab.com\/?p=15735#respond"]}]},{"@type":"WebPage","@id":"https:\/\/www.zerdab.com\/?p=15735","url":"https:\/\/www.zerdab.com\/?p=15735","name":"Ulu \u00d6nd\u0259rin 91-ci ild\u00f6n\u00fcm\u00fc Z\u0259rdabda silsil\u0259 t\u0259dbirl\u0259rl\u0259 yadda qald\u0131 - Z\u0259rdab.com","isPartOf":{"@id":"https:\/\/www.zerdab.com\/#website"},"primaryImageOfPage":{"@id":"https:\/\/www.zerdab.com\/?p=15735#primaryimage"},"image":{"@id":"https:\/\/www.zerdab.com\/?p=15735#primaryimage"},"thumbnailUrl":"http:\/\/www.zerdab.com\/wp-content\/uploads\/2014\/05\/Zerdab5-550x365.jpg","datePublished":"2014-05-10T10:41:23+00:00","dateModified":"2014-05-10T10:43:46+00:00","author":{"@id":"https:\/\/www.zerdab.com\/#\/schema\/person\/97079b7570c1e89ec0d9e138c3672136"},"breadcrumb":{"@id":"https:\/\/www.zerdab.com\/?p=15735#breadcrumb"},"inLanguage":"az","potentialAction":[{"@type":"ReadAction","target":["https:\/\/www.zerdab.com\/?p=15735"]}]},{"@type":"ImageObject","inLanguage":"az","@id":"https:\/\/www.zerdab.com\/?p=15735#primaryimage","url":"","contentUrl":""},{"@type":"BreadcrumbList","@id":"https:\/\/www.zerdab.com\/?p=15735#breadcrumb","itemListElement":[{"@type":"ListItem","position":1,"name":"Home","item":"https:\/\/www.zerdab.com\/"},{"@type":"ListItem","position":2,"name":"Ulu \u00d6nd\u0259rin 91-ci ild\u00f6n\u00fcm\u00fc Z\u0259rdabda silsil\u0259 t\u0259dbirl\u0259rl\u0259 yadda qald\u0131"}]},{"@type":"WebSite","@id":"https:\/\/www.zerdab.com\/#website","url":"https:\/\/www.zerdab.com\/","name":"Z\u0259rdab.com","description":"","potentialAction":[{"@type":"SearchAction","target":{"@type":"EntryPoint","urlTemplate":"https:\/\/www.zerdab.com\/?s={search_term_string}"},"query-input":{"@type":"PropertyValueSpecification","valueRequired":true,"valueName":"search_term_string"}}],"inLanguage":"az"},{"@type":"Person","@id":"https:\/\/www.zerdab.com\/#\/schema\/person\/97079b7570c1e89ec0d9e138c3672136","name":"admin","image":{"@type":"ImageObject","inLanguage":"az","@id":"https:\/\/www.zerdab.com\/#\/schema\/person\/image\/","url":"https:\/\/secure.gravatar.com\/avatar\/d9c52a9a27c32119cb6679a077fa3e2779e5f822c451cbf01098004361d466ec?s=96&d=mm&r=g","contentUrl":"https:\/\/secure.gravatar.com\/avatar\/d9c52a9a27c32119cb6679a077fa3e2779e5f822c451cbf01098004361d466ec?s=96&d=mm&r=g","caption":"admin"},"url":"https:\/\/www.zerdab.com\/?author=1"}]}},"_links":{"self":[{"href":"https:\/\/www.zerdab.com\/index.php?rest_route=\/wp\/v2\/posts\/15735","targetHints":{"allow":["GET"]}}],"collection":[{"href":"https:\/\/www.zerdab.com\/index.php?rest_route=\/wp\/v2\/posts"}],"about":[{"href":"https:\/\/www.zerdab.com\/index.php?rest_route=\/wp\/v2\/types\/post"}],"author":[{"embeddable":true,"href":"https:\/\/www.zerdab.com\/index.php?rest_route=\/wp\/v2\/users\/1"}],"replies":[{"embeddable":true,"href":"https:\/\/www.zerdab.com\/index.php?rest_route=%2Fwp%2Fv2%2Fcomments&post=15735"}],"version-history":[{"count":4,"href":"https:\/\/www.zerdab.com\/index.php?rest_route=\/wp\/v2\/posts\/15735\/revisions"}],"predecessor-version":[{"id":15749,"href":"https:\/\/www.zerdab.com\/index.php?rest_route=\/wp\/v2\/posts\/15735\/revisions\/15749"}],"wp:attachment":[{"href":"https:\/\/www.zerdab.com\/index.php?rest_route=%2Fwp%2Fv2%2Fmedia&parent=15735"}],"wp:term":[{"taxonomy":"category","embeddable":true,"href":"https:\/\/www.zerdab.com\/index.php?rest_route=%2Fwp%2Fv2%2Fcategories&post=15735"},{"taxonomy":"post_tag","embeddable":true,"href":"https:\/\/www.zerdab.com\/index.php?rest_route=%2Fwp%2Fv2%2Ftags&post=15735"}],"curies":[{"name":"wp","href":"https:\/\/api.w.org\/{rel}","templated":true}]}}