{"id":15872,"date":"2014-05-19T12:58:31","date_gmt":"2014-05-19T07:58:31","guid":{"rendered":"http:\/\/www.zerdab.com\/?p=15872"},"modified":"2014-05-19T13:00:20","modified_gmt":"2014-05-19T08:00:20","slug":"z%c9%99rdab-rayon-tarix-diyarsunasliq-muzeyin%c9%99-yeni-eksponat-bagislandi","status":"publish","type":"post","link":"https:\/\/www.zerdab.com\/?p=15872","title":{"rendered":"Z\u0259rdab Rayon Tarix-Diyar\u015f\u00fcnasl\u0131q Muzeyin\u0259 yeni eksponat ba\u011f\u0131\u015fland\u0131"},"content":{"rendered":"<p><span style=\"font-size: 14px; line-height: 1.5em;\"><a href=\"http:\/\/www.zerdab.com\/wp-content\/uploads\/2014\/05\/Z\u0259rdab-Rayon-Tarix-D\u0130yar\u015f\u00fcnasl\u0131q-Muzeyi.jpg\"><img loading=\"lazy\" decoding=\"async\" class=\"aligncenter size-large wp-image-15877\" alt=\"Z\u0259rdab Rayon Tarix D\u0130yar\u015f\u00fcnasl\u0131q Muzeyi\" src=\"http:\/\/www.zerdab.com\/wp-content\/uploads\/2014\/05\/Z\u0259rdab-Rayon-Tarix-D\u0130yar\u015f\u00fcnasl\u0131q-Muzeyi-550x513.jpg\" width=\"550\" height=\"513\" \/><\/a>Z\u0259rdab Rayon Tarix-Diyar\u015f\u00fcnasl\u0131q Muzeyind\u0259 &#8220;Muzeyl\u0259r tariximizi ya\u015fad\u0131r&#8221; adl\u0131 t\u0259dbir ke\u00e7irildi. T\u0259dbiri muzeyin direktoru \u015eahnaz Mustafayeva a\u00e7araq qonaqlar\u0131 salamlad\u0131 v\u0259 muzey i\u015f\u00e7il\u0259rini 18 may &#8220;Beyn\u0259lxalq Muzeyl\u0259r G\u00fcn\u00fc&#8221; m\u00fcnasib\u0259ti il\u0259 t\u0259brik etdi. Qeyd etdi ki, Az\u0259rbaycan q\u0259dim v\u0259\u00a0 \u00f6z\u00fcn\u0259m\u0259xsus m\u0259d\u0259niyy\u0259t\u0259 malik bir \u00f6lk\u0259dir. M\u0259d\u0259ni irsin qorunmas\u0131 h\u0259r bir d\u00f6vl\u0259tin apard\u0131\u011f\u0131 siyas\u0259tin t\u0259rkib hiss\u0259sidir. Bu sah\u0259d\u0259 m\u00fch\u00fcm rolu &#8211; bu irsi m\u00fchafiz\u0259 ed\u0259n v\u0259 bilikl\u0259ri yayan muzeyl\u0259r oynay\u0131r. Muzeyin i\u015f\u00e7il\u0259ri \u015e\u0259lal\u0259 \u018fliyeva v\u0259 Ayb\u0259niz Abdullayeva Z\u0259rdab rayonunun tarixi, apar\u0131lan arxeololi t\u0259dqiqatlar haqq\u0131nda maraql\u0131 \u00e7\u0131x\u0131\u015flar etdil\u0259r. T\u0259dbird\u0259 \u015e\u0259h\u0259r 1 sayl\u0131\u00a0 v\u0259 2 sayl\u0131 m\u0259kt\u0259bl\u0259rin \u015fagirdl\u0259rinin ifas\u0131nda tarixi abid\u0259l\u0259rimiz haqq\u0131nda maraql\u0131 \u015feirl\u0259r s\u00f6yl\u0259ndi. Z\u0259rdab \u015f\u0259h\u0259r Heyd\u0259r \u018fliyev M\u0259rk\u0259zinin direktoru K\u00f6n\u00fcl R\u0259himova, H\u0259s\u0259n B\u0259y Z\u0259rdabi Muzeyinin direktoru V\u0259fa Bayramova, Veteranlar klubunun direktoru S. M\u00fcrs\u0259liyeva, M\u0259d\u0259niyy\u0259t evinin direktoru E. M\u0259mm\u0259dova, M\u0259rk\u0259zi Kitabxana Sisteminin i\u015f\u00e7isi Ofeliya xan\u0131m v\u0259 muzey i\u015fini \u00e7ox sev\u0259n rayon sakini, g\u0259nc m\u00fct\u0259x\u0259sis Aynur\u0259 xan\u0131m v\u0259 &#8220;\u018fkin\u00e7i&#8221; q\u0259zetinin \u0259m\u0259kda\u015f\u0131 \u018fl\u0259kb\u0259r K\u0259rimov \u00e7\u0131x\u0131\u015f ed\u0259r\u0259k muzeyin \u0259m\u0259kda\u015flar\u0131n\u0131 Muzeyl\u0259r g\u00fcn\u00fc v\u0259 Tarix Diyar\u015f\u00fcnasl\u0131q Muzeyinin f\u0259aliyy\u0259tinin 30 illiyi m\u00fcnasib\u0259ti il\u0259 t\u0259brik etdil\u0259r. Muzeyin foyesind\u0259 ke\u00e7mi\u015fimizd\u0259n b\u0259hs ed\u0259n s\u0259rgi t\u0259\u015fkil olundu. Rayon sakinl\u0259ri Mirvari v\u0259 Aynur\u0259 xan\u0131m muzey\u0259 eksponat h\u0259diyy\u0259 etdil\u0259r. T\u0259dbirin sonunda xatir\u0259 fotolar\u0131 \u00e7\u0259kildi. \u00a0<\/span><\/p>\n<p><strong><span style=\"color: #0000ff;\">Z\u0259rdab Rayon Tarix-Diyar\u015f\u00fcnasl\u0131q Muzeyi<\/span><a href=\"http:\/\/www.zerdab.com\/wp-content\/uploads\/2014\/05\/Z\u0259rdab-Rayon-Tarix-D\u0130yar\u015f\u00fcnasl\u0131q-Muzeyi1.jpg\"><img loading=\"lazy\" decoding=\"async\" class=\"aligncenter size-large wp-image-15878\" alt=\"Z\u0259rdab Rayon Tarix D\u0130yar\u015f\u00fcnasl\u0131q Muzeyi\" src=\"http:\/\/www.zerdab.com\/wp-content\/uploads\/2014\/05\/Z\u0259rdab-Rayon-Tarix-D\u0130yar\u015f\u00fcnasl\u0131q-Muzeyi1-550x376.jpg\" width=\"550\" height=\"376\" \/><\/a><a href=\"http:\/\/www.zerdab.com\/wp-content\/uploads\/2014\/05\/Z\u0259rdab-Rayon-Tarix-D\u0130yar\u015f\u00fcnasl\u0131q-Muzeyi3.jpg\"><img loading=\"lazy\" decoding=\"async\" class=\"aligncenter size-large wp-image-15874\" alt=\"Z\u0259rdab Rayon Tarix D\u0130yar\u015f\u00fcnasl\u0131q Muzeyi\" src=\"http:\/\/www.zerdab.com\/wp-content\/uploads\/2014\/05\/Z\u0259rdab-Rayon-Tarix-D\u0130yar\u015f\u00fcnasl\u0131q-Muzeyi3-550x309.jpg\" width=\"550\" height=\"309\" \/><\/a><a href=\"http:\/\/www.zerdab.com\/wp-content\/uploads\/2014\/05\/Z\u0259rdab-Rayon-Tarix-D\u0130yar\u015f\u00fcnasl\u0131q-Muzeyi6.jpg\"><img loading=\"lazy\" decoding=\"async\" class=\"aligncenter size-large wp-image-15876\" alt=\"Z\u0259rdab Rayon Tarix D\u0130yar\u015f\u00fcnasl\u0131q Muzeyi\" src=\"http:\/\/www.zerdab.com\/wp-content\/uploads\/2014\/05\/Z\u0259rdab-Rayon-Tarix-D\u0130yar\u015f\u00fcnasl\u0131q-Muzeyi6-412x550.jpg\" width=\"412\" height=\"550\" \/><\/a><a href=\"http:\/\/www.zerdab.com\/wp-content\/uploads\/2014\/05\/Z\u0259rdab-Rayon-Tarix-D\u0130yar\u015f\u00fcnasl\u0131q-Muzeyi7.jpg\"><img loading=\"lazy\" decoding=\"async\" class=\"aligncenter size-large wp-image-15873\" alt=\"Z\u0259rdab Rayon Tarix D\u0130yar\u015f\u00fcnasl\u0131q Muzeyi\" src=\"http:\/\/www.zerdab.com\/wp-content\/uploads\/2014\/05\/Z\u0259rdab-Rayon-Tarix-D\u0130yar\u015f\u00fcnasl\u0131q-Muzeyi7-550x412.jpg\" width=\"550\" height=\"412\" \/><\/a><\/strong><\/p>\n","protected":false},"excerpt":{"rendered":"<p>Z\u0259rdab Rayon Tarix-Diyar\u015f\u00fcnasl\u0131q Muzeyind\u0259 &#8220;Muzeyl\u0259r tariximizi ya\u015fad\u0131r&#8221; adl\u0131 t\u0259dbir ke\u00e7irildi. T\u0259dbiri muzeyin direktoru \u015eahnaz Mustafayeva a\u00e7araq qonaqlar\u0131 salamlad\u0131 v\u0259 muzey i\u015f\u00e7il\u0259rini 18 may &#8220;Beyn\u0259lxalq Muzeyl\u0259r G\u00fcn\u00fc&#8221; m\u00fcnasib\u0259ti il\u0259 t\u0259brik etdi. Qeyd etdi ki, Az\u0259rbaycan q\u0259dim v\u0259\u00a0 \u00f6z\u00fcn\u0259m\u0259xsus m\u0259d\u0259niyy\u0259t\u0259 malik bir \u00f6lk\u0259dir. M\u0259d\u0259ni irsin qorunmas\u0131 h\u0259r bir d\u00f6vl\u0259tin apard\u0131\u011f\u0131 siyas\u0259tin t\u0259rkib hiss\u0259sidir. Bu sah\u0259d\u0259 m\u00fch\u00fcm rolu [&hellip;]<\/p>\n","protected":false},"author":1,"featured_media":0,"comment_status":"open","ping_status":"open","sticky":false,"template":"","format":"standard","meta":{"footnotes":""},"categories":[1],"tags":[],"class_list":{"0":"post-15872","1":"post","2":"type-post","3":"status-publish","4":"format-standard","6":"category-tarix"},"yoast_head":"<!-- This site is optimized with the Yoast SEO plugin v27.0 - https:\/\/yoast.com\/product\/yoast-seo-wordpress\/ -->\n<title>Z\u0259rdab Rayon Tarix-Diyar\u015f\u00fcnasl\u0131q Muzeyin\u0259 yeni eksponat ba\u011f\u0131\u015fland\u0131 - Z\u0259rdab.com<\/title>\n<meta name=\"robots\" content=\"index, follow, max-snippet:-1, max-image-preview:large, max-video-preview:-1\" \/>\n<link rel=\"canonical\" href=\"https:\/\/www.zerdab.com\/?p=15872\" \/>\n<meta property=\"og:locale\" content=\"az_AZ\" \/>\n<meta property=\"og:type\" content=\"article\" \/>\n<meta property=\"og:title\" content=\"Z\u0259rdab Rayon Tarix-Diyar\u015f\u00fcnasl\u0131q Muzeyin\u0259 yeni eksponat ba\u011f\u0131\u015fland\u0131 - Z\u0259rdab.com\" \/>\n<meta property=\"og:description\" content=\"Z\u0259rdab Rayon Tarix-Diyar\u015f\u00fcnasl\u0131q Muzeyind\u0259 &#8220;Muzeyl\u0259r tariximizi ya\u015fad\u0131r&#8221; adl\u0131 t\u0259dbir ke\u00e7irildi. T\u0259dbiri muzeyin direktoru \u015eahnaz Mustafayeva a\u00e7araq qonaqlar\u0131 salamlad\u0131 v\u0259 muzey i\u015f\u00e7il\u0259rini 18 may &#8220;Beyn\u0259lxalq Muzeyl\u0259r G\u00fcn\u00fc&#8221; m\u00fcnasib\u0259ti il\u0259 t\u0259brik etdi. Qeyd etdi ki, Az\u0259rbaycan q\u0259dim v\u0259\u00a0 \u00f6z\u00fcn\u0259m\u0259xsus m\u0259d\u0259niyy\u0259t\u0259 malik bir \u00f6lk\u0259dir. M\u0259d\u0259ni irsin qorunmas\u0131 h\u0259r bir d\u00f6vl\u0259tin apard\u0131\u011f\u0131 siyas\u0259tin t\u0259rkib hiss\u0259sidir. Bu sah\u0259d\u0259 m\u00fch\u00fcm rolu [&hellip;]\" \/>\n<meta property=\"og:url\" content=\"https:\/\/www.zerdab.com\/?p=15872\" \/>\n<meta property=\"og:site_name\" content=\"Z\u0259rdab.com\" \/>\n<meta property=\"article:published_time\" content=\"2014-05-19T07:58:31+00:00\" \/>\n<meta property=\"article:modified_time\" content=\"2014-05-19T08:00:20+00:00\" \/>\n<meta name=\"author\" content=\"admin\" \/>\n<meta name=\"twitter:card\" content=\"summary_large_image\" \/>\n<meta name=\"twitter:label1\" content=\"Written by\" \/>\n\t<meta name=\"twitter:data1\" content=\"admin\" \/>\n\t<meta name=\"twitter:label2\" content=\"Est. reading time\" \/>\n\t<meta name=\"twitter:data2\" content=\"2 minutes\" \/>\n<script type=\"application\/ld+json\" class=\"yoast-schema-graph\">{\"@context\":\"https:\/\/schema.org\",\"@graph\":[{\"@type\":\"Article\",\"@id\":\"https:\/\/www.zerdab.com\/?p=15872#article\",\"isPartOf\":{\"@id\":\"https:\/\/www.zerdab.com\/?p=15872\"},\"author\":{\"name\":\"admin\",\"@id\":\"https:\/\/www.zerdab.com\/#\/schema\/person\/97079b7570c1e89ec0d9e138c3672136\"},\"headline\":\"Z\u0259rdab Rayon Tarix-Diyar\u015f\u00fcnasl\u0131q Muzeyin\u0259 yeni eksponat ba\u011f\u0131\u015fland\u0131\",\"datePublished\":\"2014-05-19T07:58:31+00:00\",\"dateModified\":\"2014-05-19T08:00:20+00:00\",\"mainEntityOfPage\":{\"@id\":\"https:\/\/www.zerdab.com\/?p=15872\"},\"wordCount\":329,\"commentCount\":1,\"articleSection\":[\"Z\u018fRDABIN TAR\u0130X\u0130\"],\"inLanguage\":\"az\",\"potentialAction\":[{\"@type\":\"CommentAction\",\"name\":\"Comment\",\"target\":[\"https:\/\/www.zerdab.com\/?p=15872#respond\"]}]},{\"@type\":\"WebPage\",\"@id\":\"https:\/\/www.zerdab.com\/?p=15872\",\"url\":\"https:\/\/www.zerdab.com\/?p=15872\",\"name\":\"Z\u0259rdab Rayon Tarix-Diyar\u015f\u00fcnasl\u0131q Muzeyin\u0259 yeni eksponat ba\u011f\u0131\u015fland\u0131 - Z\u0259rdab.com\",\"isPartOf\":{\"@id\":\"https:\/\/www.zerdab.com\/#website\"},\"datePublished\":\"2014-05-19T07:58:31+00:00\",\"dateModified\":\"2014-05-19T08:00:20+00:00\",\"author\":{\"@id\":\"https:\/\/www.zerdab.com\/#\/schema\/person\/97079b7570c1e89ec0d9e138c3672136\"},\"breadcrumb\":{\"@id\":\"https:\/\/www.zerdab.com\/?p=15872#breadcrumb\"},\"inLanguage\":\"az\",\"potentialAction\":[{\"@type\":\"ReadAction\",\"target\":[\"https:\/\/www.zerdab.com\/?p=15872\"]}]},{\"@type\":\"BreadcrumbList\",\"@id\":\"https:\/\/www.zerdab.com\/?p=15872#breadcrumb\",\"itemListElement\":[{\"@type\":\"ListItem\",\"position\":1,\"name\":\"Home\",\"item\":\"https:\/\/www.zerdab.com\/\"},{\"@type\":\"ListItem\",\"position\":2,\"name\":\"Z\u0259rdab Rayon Tarix-Diyar\u015f\u00fcnasl\u0131q Muzeyin\u0259 yeni eksponat ba\u011f\u0131\u015fland\u0131\"}]},{\"@type\":\"WebSite\",\"@id\":\"https:\/\/www.zerdab.com\/#website\",\"url\":\"https:\/\/www.zerdab.com\/\",\"name\":\"Z\u0259rdab.com\",\"description\":\"\",\"potentialAction\":[{\"@type\":\"SearchAction\",\"target\":{\"@type\":\"EntryPoint\",\"urlTemplate\":\"https:\/\/www.zerdab.com\/?s={search_term_string}\"},\"query-input\":{\"@type\":\"PropertyValueSpecification\",\"valueRequired\":true,\"valueName\":\"search_term_string\"}}],\"inLanguage\":\"az\"},{\"@type\":\"Person\",\"@id\":\"https:\/\/www.zerdab.com\/#\/schema\/person\/97079b7570c1e89ec0d9e138c3672136\",\"name\":\"admin\",\"image\":{\"@type\":\"ImageObject\",\"inLanguage\":\"az\",\"@id\":\"https:\/\/www.zerdab.com\/#\/schema\/person\/image\/\",\"url\":\"https:\/\/secure.gravatar.com\/avatar\/d9c52a9a27c32119cb6679a077fa3e2779e5f822c451cbf01098004361d466ec?s=96&d=mm&r=g\",\"contentUrl\":\"https:\/\/secure.gravatar.com\/avatar\/d9c52a9a27c32119cb6679a077fa3e2779e5f822c451cbf01098004361d466ec?s=96&d=mm&r=g\",\"caption\":\"admin\"},\"url\":\"https:\/\/www.zerdab.com\/?author=1\"}]}<\/script>\n<!-- \/ Yoast SEO plugin. -->","yoast_head_json":{"title":"Z\u0259rdab Rayon Tarix-Diyar\u015f\u00fcnasl\u0131q Muzeyin\u0259 yeni eksponat ba\u011f\u0131\u015fland\u0131 - Z\u0259rdab.com","robots":{"index":"index","follow":"follow","max-snippet":"max-snippet:-1","max-image-preview":"max-image-preview:large","max-video-preview":"max-video-preview:-1"},"canonical":"https:\/\/www.zerdab.com\/?p=15872","og_locale":"az_AZ","og_type":"article","og_title":"Z\u0259rdab Rayon Tarix-Diyar\u015f\u00fcnasl\u0131q Muzeyin\u0259 yeni eksponat ba\u011f\u0131\u015fland\u0131 - Z\u0259rdab.com","og_description":"Z\u0259rdab Rayon Tarix-Diyar\u015f\u00fcnasl\u0131q Muzeyind\u0259 &#8220;Muzeyl\u0259r tariximizi ya\u015fad\u0131r&#8221; adl\u0131 t\u0259dbir ke\u00e7irildi. T\u0259dbiri muzeyin direktoru \u015eahnaz Mustafayeva a\u00e7araq qonaqlar\u0131 salamlad\u0131 v\u0259 muzey i\u015f\u00e7il\u0259rini 18 may &#8220;Beyn\u0259lxalq Muzeyl\u0259r G\u00fcn\u00fc&#8221; m\u00fcnasib\u0259ti il\u0259 t\u0259brik etdi. Qeyd etdi ki, Az\u0259rbaycan q\u0259dim v\u0259\u00a0 \u00f6z\u00fcn\u0259m\u0259xsus m\u0259d\u0259niyy\u0259t\u0259 malik bir \u00f6lk\u0259dir. M\u0259d\u0259ni irsin qorunmas\u0131 h\u0259r bir d\u00f6vl\u0259tin apard\u0131\u011f\u0131 siyas\u0259tin t\u0259rkib hiss\u0259sidir. Bu sah\u0259d\u0259 m\u00fch\u00fcm rolu [&hellip;]","og_url":"https:\/\/www.zerdab.com\/?p=15872","og_site_name":"Z\u0259rdab.com","article_published_time":"2014-05-19T07:58:31+00:00","article_modified_time":"2014-05-19T08:00:20+00:00","author":"admin","twitter_card":"summary_large_image","twitter_misc":{"Written by":"admin","Est. reading time":"2 minutes"},"schema":{"@context":"https:\/\/schema.org","@graph":[{"@type":"Article","@id":"https:\/\/www.zerdab.com\/?p=15872#article","isPartOf":{"@id":"https:\/\/www.zerdab.com\/?p=15872"},"author":{"name":"admin","@id":"https:\/\/www.zerdab.com\/#\/schema\/person\/97079b7570c1e89ec0d9e138c3672136"},"headline":"Z\u0259rdab Rayon Tarix-Diyar\u015f\u00fcnasl\u0131q Muzeyin\u0259 yeni eksponat ba\u011f\u0131\u015fland\u0131","datePublished":"2014-05-19T07:58:31+00:00","dateModified":"2014-05-19T08:00:20+00:00","mainEntityOfPage":{"@id":"https:\/\/www.zerdab.com\/?p=15872"},"wordCount":329,"commentCount":1,"articleSection":["Z\u018fRDABIN TAR\u0130X\u0130"],"inLanguage":"az","potentialAction":[{"@type":"CommentAction","name":"Comment","target":["https:\/\/www.zerdab.com\/?p=15872#respond"]}]},{"@type":"WebPage","@id":"https:\/\/www.zerdab.com\/?p=15872","url":"https:\/\/www.zerdab.com\/?p=15872","name":"Z\u0259rdab Rayon Tarix-Diyar\u015f\u00fcnasl\u0131q Muzeyin\u0259 yeni eksponat ba\u011f\u0131\u015fland\u0131 - Z\u0259rdab.com","isPartOf":{"@id":"https:\/\/www.zerdab.com\/#website"},"datePublished":"2014-05-19T07:58:31+00:00","dateModified":"2014-05-19T08:00:20+00:00","author":{"@id":"https:\/\/www.zerdab.com\/#\/schema\/person\/97079b7570c1e89ec0d9e138c3672136"},"breadcrumb":{"@id":"https:\/\/www.zerdab.com\/?p=15872#breadcrumb"},"inLanguage":"az","potentialAction":[{"@type":"ReadAction","target":["https:\/\/www.zerdab.com\/?p=15872"]}]},{"@type":"BreadcrumbList","@id":"https:\/\/www.zerdab.com\/?p=15872#breadcrumb","itemListElement":[{"@type":"ListItem","position":1,"name":"Home","item":"https:\/\/www.zerdab.com\/"},{"@type":"ListItem","position":2,"name":"Z\u0259rdab Rayon Tarix-Diyar\u015f\u00fcnasl\u0131q Muzeyin\u0259 yeni eksponat ba\u011f\u0131\u015fland\u0131"}]},{"@type":"WebSite","@id":"https:\/\/www.zerdab.com\/#website","url":"https:\/\/www.zerdab.com\/","name":"Z\u0259rdab.com","description":"","potentialAction":[{"@type":"SearchAction","target":{"@type":"EntryPoint","urlTemplate":"https:\/\/www.zerdab.com\/?s={search_term_string}"},"query-input":{"@type":"PropertyValueSpecification","valueRequired":true,"valueName":"search_term_string"}}],"inLanguage":"az"},{"@type":"Person","@id":"https:\/\/www.zerdab.com\/#\/schema\/person\/97079b7570c1e89ec0d9e138c3672136","name":"admin","image":{"@type":"ImageObject","inLanguage":"az","@id":"https:\/\/www.zerdab.com\/#\/schema\/person\/image\/","url":"https:\/\/secure.gravatar.com\/avatar\/d9c52a9a27c32119cb6679a077fa3e2779e5f822c451cbf01098004361d466ec?s=96&d=mm&r=g","contentUrl":"https:\/\/secure.gravatar.com\/avatar\/d9c52a9a27c32119cb6679a077fa3e2779e5f822c451cbf01098004361d466ec?s=96&d=mm&r=g","caption":"admin"},"url":"https:\/\/www.zerdab.com\/?author=1"}]}},"_links":{"self":[{"href":"https:\/\/www.zerdab.com\/index.php?rest_route=\/wp\/v2\/posts\/15872","targetHints":{"allow":["GET"]}}],"collection":[{"href":"https:\/\/www.zerdab.com\/index.php?rest_route=\/wp\/v2\/posts"}],"about":[{"href":"https:\/\/www.zerdab.com\/index.php?rest_route=\/wp\/v2\/types\/post"}],"author":[{"embeddable":true,"href":"https:\/\/www.zerdab.com\/index.php?rest_route=\/wp\/v2\/users\/1"}],"replies":[{"embeddable":true,"href":"https:\/\/www.zerdab.com\/index.php?rest_route=%2Fwp%2Fv2%2Fcomments&post=15872"}],"version-history":[{"count":2,"href":"https:\/\/www.zerdab.com\/index.php?rest_route=\/wp\/v2\/posts\/15872\/revisions"}],"predecessor-version":[{"id":15880,"href":"https:\/\/www.zerdab.com\/index.php?rest_route=\/wp\/v2\/posts\/15872\/revisions\/15880"}],"wp:attachment":[{"href":"https:\/\/www.zerdab.com\/index.php?rest_route=%2Fwp%2Fv2%2Fmedia&parent=15872"}],"wp:term":[{"taxonomy":"category","embeddable":true,"href":"https:\/\/www.zerdab.com\/index.php?rest_route=%2Fwp%2Fv2%2Fcategories&post=15872"},{"taxonomy":"post_tag","embeddable":true,"href":"https:\/\/www.zerdab.com\/index.php?rest_route=%2Fwp%2Fv2%2Ftags&post=15872"}],"curies":[{"name":"wp","href":"https:\/\/api.w.org\/{rel}","templated":true}]}}