{"id":15906,"date":"2014-05-21T14:52:17","date_gmt":"2014-05-21T09:52:17","guid":{"rendered":"http:\/\/www.zerdab.com\/?p=15906"},"modified":"2014-05-21T14:56:32","modified_gmt":"2014-05-21T09:56:32","slug":"dovl%c9%99t-sosial-mudafi%c9%99-fondunun-s%c9%99dri-z%c9%99rdabda-pensiyacilarla-gorusub","status":"publish","type":"post","link":"https:\/\/www.zerdab.com\/?p=15906","title":{"rendered":"D\u00f6vl\u0259t Sosial M\u00fcdafi\u0259 Fondunun s\u0259dri Z\u0259rdabda pensiya\u00e7\u0131larla g\u00f6r\u00fc\u015fd\u00fc"},"content":{"rendered":"<p><a href=\"http:\/\/www.zerdab.com\/wp-content\/uploads\/2014\/05\/Zerdab15.jpg\"><img loading=\"lazy\" decoding=\"async\" class=\"aligncenter size-full wp-image-15907\" alt=\"Zerdab\" src=\"http:\/\/www.zerdab.com\/wp-content\/uploads\/2014\/05\/Zerdab15.jpg\" width=\"410\" height=\"307\" \/><\/a>D\u00f6vl\u0259t Sosial M\u00fcdafi\u0259 Fondunun (DSMF) s\u0259dri Elman Mehdiyev may\u0131n 21-d\u0259 Z\u0259rdabda 11 rayondan olan m\u0259cburi d\u00f6vl\u0259t sosial s\u0131\u011forta \u00f6d\u0259yicil\u0259ri v\u0259 pensiya\u00e7\u0131lar \u00fc\u00e7\u00fcn q\u0259bul ke\u00e7irib.<\/p>\n<p>Fondun \u0130ctimaiyy\u0259tl\u0259 \u0259laq\u0259l\u0259r sektorundan Zerdab.com sayt\u0131na veril\u0259n m\u0259lumata g\u00f6r\u0259, DSMF s\u0259drinin q\u0259buluna g\u0259l\u0259n Z\u0259rdab, A\u011fcab\u0259di, B\u0259rd\u0259, T\u0259rt\u0259r, A\u011fdam, Beyl\u0259qan, Xocav\u0259nd, Xocal\u0131, La\u00e7\u0131n, \u0130mi\u015fli v\u0259 F\u00fczuli rayonlar\u0131n\u0131n sakinl\u0259ri \u0259sas\u0259n pensiya t\u0259yinat\u0131, pensiyalar\u0131n yenid\u0259n hesablanmas\u0131n\u0131n bir s\u0131ra h\u00fcquqi aspektl\u0259ri, o c\u00fcml\u0259d\u0259n \u0259yani t\u0259hsil m\u00fcdd\u0259tinin staja daxil edilm\u0259si, d\u00f6vl\u0259t qulluq\u00e7usu kimi pensiya t\u0259yin olunmas\u0131, m\u00fcvafiq arxiv s\u0259n\u0259dl\u0259rinin olmamas\u0131 s\u0259b\u0259bind\u0259n ke\u00e7mi\u015f sovet d\u00f6vr\u00fcnd\u0259 i\u015fl\u0259dikl\u0259ri m\u00fcdd\u0259tin \u0259m\u0259k stajlar\u0131na \u0259lav\u0259 edilm\u0259m\u0259si kimi m\u0259s\u0259l\u0259l\u0259rl\u0259 ba\u011fl\u0131 m\u00fcraci\u0259t edibl\u0259r.<\/p>\n<p>G\u00f6r\u00fc\u015f zaman\u0131, h\u0259m\u00e7inin ba\u015fqa d\u00f6vl\u0259tl\u0259rin \u0259razisind\u0259 qazan\u0131lm\u0131\u015f i\u015f m\u00fcdd\u0259tl\u0259rinin s\u0131\u011forta staj\u0131na daxil edilm\u0259si, \u0259m\u0259k pensiyas\u0131 n\u00f6v\u00fcn\u00fcn d\u0259yi\u015fdirilm\u0259si v\u0259 dig\u0259r m\u0259s\u0259l\u0259l\u0259rl\u0259 ba\u011fl\u0131 t\u0259klif v\u0259 \u015fikay\u0259tl\u0259r dinl\u0259nilib.<\/p>\n<p>Qeyd ed\u0259k ki, v\u0259t\u0259nda\u015flar\u0131n rahatl\u0131\u011f\u0131n\u0131n t\u0259min olunmas\u0131 m\u0259qs\u0259dil\u0259 DSMF-nin r\u0259smi internet sayt\u0131nda q\u0259bula \u0259vv\u0259lc\u0259d\u0259n yaz\u0131lmaq imkan\u0131 yarad\u0131l\u0131b, q\u0259bulda i\u015ftirak ed\u0259nl\u0259rin Fondun rayon \u015f\u00f6b\u0259l\u0259rinin inzibati binalar\u0131n\u0131n qar\u015f\u0131s\u0131ndan x\u00fcsusi ayr\u0131lm\u0131\u015f n\u0259qliyyatla q\u0259bulun ke\u00e7irildiyi \u00fcnvana apar\u0131l\u0131b-g\u0259tirilm\u0259si t\u0259min olunub.<\/p>\n<p>M\u0259cburi d\u00f6vl\u0259t sosial s\u0131\u011forta \u00f6d\u0259yicil\u0259ri v\u0259 pensiya\u00e7\u0131lar\u0131n i\u015ftirak\u0131 il\u0259 ke\u00e7iril\u0259n q\u0259bul zaman\u0131 \u00fcmumilikd\u0259 40-d\u0259k v\u0259t\u0259nda\u015f\u0131n m\u00fcraci\u0259tin\u0259 bax\u0131l\u0131b. &#8220;A\u00e7\u0131q qap\u0131&#8221; \u015f\u0259raitind\u0259 davam etdiril\u0259n g\u00f6r\u00fc\u015fd\u0259 h\u0259r bir v\u0259t\u0259nda\u015f\u0131n m\u00fcraci\u0259ti diqq\u0259tl\u0259 dinl\u0259nilib, onlar\u0131n probleml\u0259rinin h\u0259lli il\u0259 ba\u011fl\u0131 m\u00fcvafiq t\u0259dbirl\u0259rin g\u00f6r\u00fclm\u0259si \u00fc\u00e7\u00fcn tap\u015f\u0131r\u0131qlar verilib, el\u0259c\u0259 d\u0259 Fondun s\u0259lahiyy\u0259tl\u0259rin\u0259 aid olmayan m\u0259s\u0259l\u0259l\u0259rl\u0259 ba\u011fl\u0131 v\u0259t\u0259nda\u015flarla laz\u0131mi izahat i\u015fi apar\u0131lmaqla, aidiyy\u0259ti orqanlara m\u00fcraci\u0259t edilm\u0259si q\u0259rara al\u0131n\u0131b.<\/p>\n<p>Q\u0259bulda i\u015ftirak ed\u0259n sakinl\u0259r Prezident \u0130lham \u018fliyevin tap\u015f\u0131r\u0131q v\u0259 t\u00f6vsiy\u0259l\u0259rin\u0259 uy\u011fun olaraq m\u0259rk\u0259zi icra hakimiyy\u0259ti orqanlar\u0131n\u0131n r\u0259hb\u0259rl\u0259ri t\u0259r\u0259find\u0259n m\u00fct\u0259madi olaraq b\u00f6lg\u0259l\u0259rd\u0259 v\u0259t\u0259nda\u015flar\u0131n q\u0259bulunun t\u0259\u015fkilind\u0259n raz\u0131 qald\u0131qlar\u0131n\u0131 vur\u011fulayaraq, onlara g\u00f6st\u0259ril\u0259n y\u00fcks\u0259k diqq\u0259t v\u0259 qay\u011f\u0131ya g\u00f6r\u0259 d\u00f6vl\u0259t ba\u015f\u00e7\u0131s\u0131na \u00f6z minn\u0259tdarl\u0131qlar\u0131n\u0131 ifad\u0259 edibl\u0259r.<\/p>\n<p>Zerdab.com<\/p>\n","protected":false},"excerpt":{"rendered":"<p>D\u00f6vl\u0259t Sosial M\u00fcdafi\u0259 Fondunun (DSMF) s\u0259dri Elman Mehdiyev may\u0131n 21-d\u0259 Z\u0259rdabda 11 rayondan olan m\u0259cburi d\u00f6vl\u0259t sosial s\u0131\u011forta \u00f6d\u0259yicil\u0259ri v\u0259 pensiya\u00e7\u0131lar \u00fc\u00e7\u00fcn q\u0259bul ke\u00e7irib. Fondun \u0130ctimaiyy\u0259tl\u0259 \u0259laq\u0259l\u0259r sektorundan Zerdab.com sayt\u0131na veril\u0259n m\u0259lumata g\u00f6r\u0259, DSMF s\u0259drinin q\u0259buluna g\u0259l\u0259n Z\u0259rdab, A\u011fcab\u0259di, B\u0259rd\u0259, T\u0259rt\u0259r, A\u011fdam, Beyl\u0259qan, Xocav\u0259nd, Xocal\u0131, La\u00e7\u0131n, \u0130mi\u015fli v\u0259 F\u00fczuli rayonlar\u0131n\u0131n sakinl\u0259ri \u0259sas\u0259n pensiya t\u0259yinat\u0131, pensiyalar\u0131n [&hellip;]<\/p>\n","protected":false},"author":1,"featured_media":0,"comment_status":"open","ping_status":"open","sticky":false,"template":"","format":"standard","meta":{"footnotes":""},"categories":[21],"tags":[],"class_list":{"0":"post-15906","1":"post","2":"type-post","3":"status-publish","4":"format-standard","6":"category-zrdab"},"yoast_head":"<!-- This site is optimized with the Yoast SEO plugin v27.0 - https:\/\/yoast.com\/product\/yoast-seo-wordpress\/ -->\n<title>D\u00f6vl\u0259t Sosial M\u00fcdafi\u0259 Fondunun s\u0259dri Z\u0259rdabda pensiya\u00e7\u0131larla g\u00f6r\u00fc\u015fd\u00fc - Z\u0259rdab.com<\/title>\n<meta name=\"robots\" content=\"index, follow, max-snippet:-1, max-image-preview:large, max-video-preview:-1\" \/>\n<link rel=\"canonical\" href=\"https:\/\/www.zerdab.com\/?p=15906\" \/>\n<meta property=\"og:locale\" content=\"az_AZ\" \/>\n<meta property=\"og:type\" content=\"article\" \/>\n<meta property=\"og:title\" content=\"D\u00f6vl\u0259t Sosial M\u00fcdafi\u0259 Fondunun s\u0259dri Z\u0259rdabda pensiya\u00e7\u0131larla g\u00f6r\u00fc\u015fd\u00fc - Z\u0259rdab.com\" \/>\n<meta property=\"og:description\" content=\"D\u00f6vl\u0259t Sosial M\u00fcdafi\u0259 Fondunun (DSMF) s\u0259dri Elman Mehdiyev may\u0131n 21-d\u0259 Z\u0259rdabda 11 rayondan olan m\u0259cburi d\u00f6vl\u0259t sosial s\u0131\u011forta \u00f6d\u0259yicil\u0259ri v\u0259 pensiya\u00e7\u0131lar \u00fc\u00e7\u00fcn q\u0259bul ke\u00e7irib. Fondun \u0130ctimaiyy\u0259tl\u0259 \u0259laq\u0259l\u0259r sektorundan Zerdab.com sayt\u0131na veril\u0259n m\u0259lumata g\u00f6r\u0259, DSMF s\u0259drinin q\u0259buluna g\u0259l\u0259n Z\u0259rdab, A\u011fcab\u0259di, B\u0259rd\u0259, T\u0259rt\u0259r, A\u011fdam, Beyl\u0259qan, Xocav\u0259nd, Xocal\u0131, La\u00e7\u0131n, \u0130mi\u015fli v\u0259 F\u00fczuli rayonlar\u0131n\u0131n sakinl\u0259ri \u0259sas\u0259n pensiya t\u0259yinat\u0131, pensiyalar\u0131n [&hellip;]\" \/>\n<meta property=\"og:url\" content=\"https:\/\/www.zerdab.com\/?p=15906\" \/>\n<meta property=\"og:site_name\" content=\"Z\u0259rdab.com\" \/>\n<meta property=\"article:published_time\" content=\"2014-05-21T09:52:17+00:00\" \/>\n<meta property=\"article:modified_time\" content=\"2014-05-21T09:56:32+00:00\" \/>\n<meta property=\"og:image\" content=\"http:\/\/www.zerdab.com\/wp-content\/uploads\/2014\/05\/Zerdab15.jpg\" \/>\n<meta name=\"author\" content=\"admin\" \/>\n<meta name=\"twitter:card\" content=\"summary_large_image\" \/>\n<meta name=\"twitter:label1\" content=\"Written by\" \/>\n\t<meta name=\"twitter:data1\" content=\"admin\" \/>\n\t<meta name=\"twitter:label2\" content=\"Est. reading time\" \/>\n\t<meta name=\"twitter:data2\" content=\"3 minutes\" \/>\n<script type=\"application\/ld+json\" class=\"yoast-schema-graph\">{\"@context\":\"https:\/\/schema.org\",\"@graph\":[{\"@type\":\"Article\",\"@id\":\"https:\/\/www.zerdab.com\/?p=15906#article\",\"isPartOf\":{\"@id\":\"https:\/\/www.zerdab.com\/?p=15906\"},\"author\":{\"name\":\"admin\",\"@id\":\"https:\/\/www.zerdab.com\/#\/schema\/person\/97079b7570c1e89ec0d9e138c3672136\"},\"headline\":\"D\u00f6vl\u0259t Sosial M\u00fcdafi\u0259 Fondunun s\u0259dri Z\u0259rdabda pensiya\u00e7\u0131larla g\u00f6r\u00fc\u015fd\u00fc\",\"datePublished\":\"2014-05-21T09:52:17+00:00\",\"dateModified\":\"2014-05-21T09:56:32+00:00\",\"mainEntityOfPage\":{\"@id\":\"https:\/\/www.zerdab.com\/?p=15906\"},\"wordCount\":547,\"commentCount\":1,\"image\":{\"@id\":\"https:\/\/www.zerdab.com\/?p=15906#primaryimage\"},\"thumbnailUrl\":\"http:\/\/www.zerdab.com\/wp-content\/uploads\/2014\/05\/Zerdab15.jpg\",\"articleSection\":[\"C\u018fM\u0130YY\u018fT\"],\"inLanguage\":\"az\",\"potentialAction\":[{\"@type\":\"CommentAction\",\"name\":\"Comment\",\"target\":[\"https:\/\/www.zerdab.com\/?p=15906#respond\"]}]},{\"@type\":\"WebPage\",\"@id\":\"https:\/\/www.zerdab.com\/?p=15906\",\"url\":\"https:\/\/www.zerdab.com\/?p=15906\",\"name\":\"D\u00f6vl\u0259t Sosial M\u00fcdafi\u0259 Fondunun s\u0259dri Z\u0259rdabda pensiya\u00e7\u0131larla g\u00f6r\u00fc\u015fd\u00fc - Z\u0259rdab.com\",\"isPartOf\":{\"@id\":\"https:\/\/www.zerdab.com\/#website\"},\"primaryImageOfPage\":{\"@id\":\"https:\/\/www.zerdab.com\/?p=15906#primaryimage\"},\"image\":{\"@id\":\"https:\/\/www.zerdab.com\/?p=15906#primaryimage\"},\"thumbnailUrl\":\"http:\/\/www.zerdab.com\/wp-content\/uploads\/2014\/05\/Zerdab15.jpg\",\"datePublished\":\"2014-05-21T09:52:17+00:00\",\"dateModified\":\"2014-05-21T09:56:32+00:00\",\"author\":{\"@id\":\"https:\/\/www.zerdab.com\/#\/schema\/person\/97079b7570c1e89ec0d9e138c3672136\"},\"breadcrumb\":{\"@id\":\"https:\/\/www.zerdab.com\/?p=15906#breadcrumb\"},\"inLanguage\":\"az\",\"potentialAction\":[{\"@type\":\"ReadAction\",\"target\":[\"https:\/\/www.zerdab.com\/?p=15906\"]}]},{\"@type\":\"ImageObject\",\"inLanguage\":\"az\",\"@id\":\"https:\/\/www.zerdab.com\/?p=15906#primaryimage\",\"url\":\"http:\/\/www.zerdab.com\/wp-content\/uploads\/2014\/05\/Zerdab15.jpg\",\"contentUrl\":\"http:\/\/www.zerdab.com\/wp-content\/uploads\/2014\/05\/Zerdab15.jpg\"},{\"@type\":\"BreadcrumbList\",\"@id\":\"https:\/\/www.zerdab.com\/?p=15906#breadcrumb\",\"itemListElement\":[{\"@type\":\"ListItem\",\"position\":1,\"name\":\"Home\",\"item\":\"https:\/\/www.zerdab.com\/\"},{\"@type\":\"ListItem\",\"position\":2,\"name\":\"D\u00f6vl\u0259t Sosial M\u00fcdafi\u0259 Fondunun s\u0259dri Z\u0259rdabda pensiya\u00e7\u0131larla g\u00f6r\u00fc\u015fd\u00fc\"}]},{\"@type\":\"WebSite\",\"@id\":\"https:\/\/www.zerdab.com\/#website\",\"url\":\"https:\/\/www.zerdab.com\/\",\"name\":\"Z\u0259rdab.com\",\"description\":\"\",\"potentialAction\":[{\"@type\":\"SearchAction\",\"target\":{\"@type\":\"EntryPoint\",\"urlTemplate\":\"https:\/\/www.zerdab.com\/?s={search_term_string}\"},\"query-input\":{\"@type\":\"PropertyValueSpecification\",\"valueRequired\":true,\"valueName\":\"search_term_string\"}}],\"inLanguage\":\"az\"},{\"@type\":\"Person\",\"@id\":\"https:\/\/www.zerdab.com\/#\/schema\/person\/97079b7570c1e89ec0d9e138c3672136\",\"name\":\"admin\",\"image\":{\"@type\":\"ImageObject\",\"inLanguage\":\"az\",\"@id\":\"https:\/\/www.zerdab.com\/#\/schema\/person\/image\/\",\"url\":\"https:\/\/secure.gravatar.com\/avatar\/d9c52a9a27c32119cb6679a077fa3e2779e5f822c451cbf01098004361d466ec?s=96&d=mm&r=g\",\"contentUrl\":\"https:\/\/secure.gravatar.com\/avatar\/d9c52a9a27c32119cb6679a077fa3e2779e5f822c451cbf01098004361d466ec?s=96&d=mm&r=g\",\"caption\":\"admin\"},\"url\":\"https:\/\/www.zerdab.com\/?author=1\"}]}<\/script>\n<!-- \/ Yoast SEO plugin. -->","yoast_head_json":{"title":"D\u00f6vl\u0259t Sosial M\u00fcdafi\u0259 Fondunun s\u0259dri Z\u0259rdabda pensiya\u00e7\u0131larla g\u00f6r\u00fc\u015fd\u00fc - Z\u0259rdab.com","robots":{"index":"index","follow":"follow","max-snippet":"max-snippet:-1","max-image-preview":"max-image-preview:large","max-video-preview":"max-video-preview:-1"},"canonical":"https:\/\/www.zerdab.com\/?p=15906","og_locale":"az_AZ","og_type":"article","og_title":"D\u00f6vl\u0259t Sosial M\u00fcdafi\u0259 Fondunun s\u0259dri Z\u0259rdabda pensiya\u00e7\u0131larla g\u00f6r\u00fc\u015fd\u00fc - Z\u0259rdab.com","og_description":"D\u00f6vl\u0259t Sosial M\u00fcdafi\u0259 Fondunun (DSMF) s\u0259dri Elman Mehdiyev may\u0131n 21-d\u0259 Z\u0259rdabda 11 rayondan olan m\u0259cburi d\u00f6vl\u0259t sosial s\u0131\u011forta \u00f6d\u0259yicil\u0259ri v\u0259 pensiya\u00e7\u0131lar \u00fc\u00e7\u00fcn q\u0259bul ke\u00e7irib. Fondun \u0130ctimaiyy\u0259tl\u0259 \u0259laq\u0259l\u0259r sektorundan Zerdab.com sayt\u0131na veril\u0259n m\u0259lumata g\u00f6r\u0259, DSMF s\u0259drinin q\u0259buluna g\u0259l\u0259n Z\u0259rdab, A\u011fcab\u0259di, B\u0259rd\u0259, T\u0259rt\u0259r, A\u011fdam, Beyl\u0259qan, Xocav\u0259nd, Xocal\u0131, La\u00e7\u0131n, \u0130mi\u015fli v\u0259 F\u00fczuli rayonlar\u0131n\u0131n sakinl\u0259ri \u0259sas\u0259n pensiya t\u0259yinat\u0131, pensiyalar\u0131n [&hellip;]","og_url":"https:\/\/www.zerdab.com\/?p=15906","og_site_name":"Z\u0259rdab.com","article_published_time":"2014-05-21T09:52:17+00:00","article_modified_time":"2014-05-21T09:56:32+00:00","og_image":[{"url":"http:\/\/www.zerdab.com\/wp-content\/uploads\/2014\/05\/Zerdab15.jpg","type":"","width":"","height":""}],"author":"admin","twitter_card":"summary_large_image","twitter_misc":{"Written by":"admin","Est. reading time":"3 minutes"},"schema":{"@context":"https:\/\/schema.org","@graph":[{"@type":"Article","@id":"https:\/\/www.zerdab.com\/?p=15906#article","isPartOf":{"@id":"https:\/\/www.zerdab.com\/?p=15906"},"author":{"name":"admin","@id":"https:\/\/www.zerdab.com\/#\/schema\/person\/97079b7570c1e89ec0d9e138c3672136"},"headline":"D\u00f6vl\u0259t Sosial M\u00fcdafi\u0259 Fondunun s\u0259dri Z\u0259rdabda pensiya\u00e7\u0131larla g\u00f6r\u00fc\u015fd\u00fc","datePublished":"2014-05-21T09:52:17+00:00","dateModified":"2014-05-21T09:56:32+00:00","mainEntityOfPage":{"@id":"https:\/\/www.zerdab.com\/?p=15906"},"wordCount":547,"commentCount":1,"image":{"@id":"https:\/\/www.zerdab.com\/?p=15906#primaryimage"},"thumbnailUrl":"http:\/\/www.zerdab.com\/wp-content\/uploads\/2014\/05\/Zerdab15.jpg","articleSection":["C\u018fM\u0130YY\u018fT"],"inLanguage":"az","potentialAction":[{"@type":"CommentAction","name":"Comment","target":["https:\/\/www.zerdab.com\/?p=15906#respond"]}]},{"@type":"WebPage","@id":"https:\/\/www.zerdab.com\/?p=15906","url":"https:\/\/www.zerdab.com\/?p=15906","name":"D\u00f6vl\u0259t Sosial M\u00fcdafi\u0259 Fondunun s\u0259dri Z\u0259rdabda pensiya\u00e7\u0131larla g\u00f6r\u00fc\u015fd\u00fc - Z\u0259rdab.com","isPartOf":{"@id":"https:\/\/www.zerdab.com\/#website"},"primaryImageOfPage":{"@id":"https:\/\/www.zerdab.com\/?p=15906#primaryimage"},"image":{"@id":"https:\/\/www.zerdab.com\/?p=15906#primaryimage"},"thumbnailUrl":"http:\/\/www.zerdab.com\/wp-content\/uploads\/2014\/05\/Zerdab15.jpg","datePublished":"2014-05-21T09:52:17+00:00","dateModified":"2014-05-21T09:56:32+00:00","author":{"@id":"https:\/\/www.zerdab.com\/#\/schema\/person\/97079b7570c1e89ec0d9e138c3672136"},"breadcrumb":{"@id":"https:\/\/www.zerdab.com\/?p=15906#breadcrumb"},"inLanguage":"az","potentialAction":[{"@type":"ReadAction","target":["https:\/\/www.zerdab.com\/?p=15906"]}]},{"@type":"ImageObject","inLanguage":"az","@id":"https:\/\/www.zerdab.com\/?p=15906#primaryimage","url":"http:\/\/www.zerdab.com\/wp-content\/uploads\/2014\/05\/Zerdab15.jpg","contentUrl":"http:\/\/www.zerdab.com\/wp-content\/uploads\/2014\/05\/Zerdab15.jpg"},{"@type":"BreadcrumbList","@id":"https:\/\/www.zerdab.com\/?p=15906#breadcrumb","itemListElement":[{"@type":"ListItem","position":1,"name":"Home","item":"https:\/\/www.zerdab.com\/"},{"@type":"ListItem","position":2,"name":"D\u00f6vl\u0259t Sosial M\u00fcdafi\u0259 Fondunun s\u0259dri Z\u0259rdabda pensiya\u00e7\u0131larla g\u00f6r\u00fc\u015fd\u00fc"}]},{"@type":"WebSite","@id":"https:\/\/www.zerdab.com\/#website","url":"https:\/\/www.zerdab.com\/","name":"Z\u0259rdab.com","description":"","potentialAction":[{"@type":"SearchAction","target":{"@type":"EntryPoint","urlTemplate":"https:\/\/www.zerdab.com\/?s={search_term_string}"},"query-input":{"@type":"PropertyValueSpecification","valueRequired":true,"valueName":"search_term_string"}}],"inLanguage":"az"},{"@type":"Person","@id":"https:\/\/www.zerdab.com\/#\/schema\/person\/97079b7570c1e89ec0d9e138c3672136","name":"admin","image":{"@type":"ImageObject","inLanguage":"az","@id":"https:\/\/www.zerdab.com\/#\/schema\/person\/image\/","url":"https:\/\/secure.gravatar.com\/avatar\/d9c52a9a27c32119cb6679a077fa3e2779e5f822c451cbf01098004361d466ec?s=96&d=mm&r=g","contentUrl":"https:\/\/secure.gravatar.com\/avatar\/d9c52a9a27c32119cb6679a077fa3e2779e5f822c451cbf01098004361d466ec?s=96&d=mm&r=g","caption":"admin"},"url":"https:\/\/www.zerdab.com\/?author=1"}]}},"_links":{"self":[{"href":"https:\/\/www.zerdab.com\/index.php?rest_route=\/wp\/v2\/posts\/15906","targetHints":{"allow":["GET"]}}],"collection":[{"href":"https:\/\/www.zerdab.com\/index.php?rest_route=\/wp\/v2\/posts"}],"about":[{"href":"https:\/\/www.zerdab.com\/index.php?rest_route=\/wp\/v2\/types\/post"}],"author":[{"embeddable":true,"href":"https:\/\/www.zerdab.com\/index.php?rest_route=\/wp\/v2\/users\/1"}],"replies":[{"embeddable":true,"href":"https:\/\/www.zerdab.com\/index.php?rest_route=%2Fwp%2Fv2%2Fcomments&post=15906"}],"version-history":[{"count":3,"href":"https:\/\/www.zerdab.com\/index.php?rest_route=\/wp\/v2\/posts\/15906\/revisions"}],"predecessor-version":[{"id":15910,"href":"https:\/\/www.zerdab.com\/index.php?rest_route=\/wp\/v2\/posts\/15906\/revisions\/15910"}],"wp:attachment":[{"href":"https:\/\/www.zerdab.com\/index.php?rest_route=%2Fwp%2Fv2%2Fmedia&parent=15906"}],"wp:term":[{"taxonomy":"category","embeddable":true,"href":"https:\/\/www.zerdab.com\/index.php?rest_route=%2Fwp%2Fv2%2Fcategories&post=15906"},{"taxonomy":"post_tag","embeddable":true,"href":"https:\/\/www.zerdab.com\/index.php?rest_route=%2Fwp%2Fv2%2Ftags&post=15906"}],"curies":[{"name":"wp","href":"https:\/\/api.w.org\/{rel}","templated":true}]}}