{"id":15921,"date":"2014-05-22T11:45:36","date_gmt":"2014-05-22T06:45:36","guid":{"rendered":"http:\/\/www.zerdab.com\/?p=15921"},"modified":"2014-05-23T00:37:23","modified_gmt":"2014-05-22T19:37:23","slug":"avtomobil-q%c9%99zasinda-2-korp%c9%99sini-itir%c9%99n-ail%c9%99nin-qohumu-yeni-faktlar-aciqladi","status":"publish","type":"post","link":"https:\/\/www.zerdab.com\/?p=15921","title":{"rendered":"Avtomobil q\u0259zas\u0131nda 2 k\u00f6rp\u0259sini itir\u0259n ail\u0259nin qohumundan yeni faktlar"},"content":{"rendered":"<p><span style=\"font-size: 14px; line-height: 1.5em;\"><a href=\"http:\/\/www.zerdab.com\/wp-content\/uploads\/2014\/05\/Zerdab14.jpg\"><img loading=\"lazy\" decoding=\"async\" class=\"aligncenter size-large wp-image-15884\" alt=\"Zerdab\" src=\"http:\/\/www.zerdab.com\/wp-content\/uploads\/2014\/05\/Zerdab14-550x411.jpg\" width=\"550\" height=\"411\" \/><\/a>K\u00fcrd\u0259mir rayonunda a\u011f\u0131r avtomobil q\u0259zas\u0131n\u0131n ba\u015f verm\u0259si bar\u0259d\u0259 Zerdab.com sayt\u0131nda APA-ya istinad\u0259n x\u0259b\u0259r vermi\u015fdik. Qeyd etmi\u015fdik ki, hadis\u0259 may\u0131n 19-da s\u0259h\u0259r saat 8:00 rad\u0259l\u0259rind\u0259 K\u00fcrd\u0259mir-\u0130mi\u015fli yolunda qeyd\u0259 al\u0131n\u0131b. Bel\u0259 ki, Z\u0259rdab rayon sakini, 1986-c\u0131 il t\u0259v\u0259ll\u00fcdl\u00fc Zalov Akif \u0130mran o\u011flunun idar\u0259 etdiyi &#8220;Opel&#8221; markal\u0131 minik ma\u015f\u0131n\u0131 s\u00fcr\u0259tl\u0259 h\u0259r\u0259k\u0259td\u0259 olark\u0259n s\u00fcr\u00fcc\u00fc idar\u0259etm\u0259ni itirib v\u0259 ma\u015f\u0131n yoldan \u00e7\u0131xaraq k\u00f6rp\u00fcn\u00fcn \u00fcst\u00fcnd\u0259n su kanal\u0131na d\u00fc\u015f\u00fcb.<\/span><\/p>\n<p>Hadis\u0259 n\u0259tic\u0259sind\u0259 s\u00fcr\u00fcc\u00fc Akif Zalov v\u0259 h\u0259yat yolda\u015f\u0131, 1989-cu il t\u0259v\u0259ll\u00fcdl\u00fc Zalova S\u0259bin\u0259 Yusif q\u0131z\u0131 m\u00fcxt\u0259lif d\u0259r\u0259c\u0259li b\u0259d\u0259n x\u0259sar\u0259tl\u0259ri al\u0131b, onlar\u0131n iki azya\u015fl\u0131 \u00f6vlad\u0131 &#8211; 2010-cu il t\u0259v\u0259ll\u00fcdl\u00fc N\u0259rgiz Zalova v\u0259 2011-ci il t\u0259v\u0259ll\u00fcdl\u00fc R\u00fcf\u0259t Zalov d\u00fcnyas\u0131 d\u0259yi\u015fib.<\/p>\n<p>Faktla ba\u011fl\u0131 K\u00fcrd\u0259mir rayon Polis \u015e\u00f6b\u0259si t\u0259r\u0259find\u0259n ara\u015fd\u0131rma apar\u0131l\u0131r.<\/p>\n<p>Hadis\u0259 il\u0259 ba\u011fl\u0131 Zerdab.com sayt\u0131nda yay\u0131mlanan x\u0259b\u0259r\u0259 \u015f\u0259rh yazan &#8211; q\u0259zaya u\u011fram\u0131\u015f ail\u0259nin yax\u0131n qohumu, Z\u0259rdab rayonunun \u015eahh\u00fcseynli k\u0259ndind\u0259n olan Qurban S\u00fcleymanov maraql\u0131 m\u0259lumat a\u00e7\u0131qlay\u0131b. Onun yazd\u0131qlar\u0131n\u0131 oldu\u011fu kimi oxucular\u0131m\u0131za t\u0259qdim edirik: &#8220;H\u0259min x\u0259b\u0259r\u0259 b\u00fct\u00fcn \u015f\u0259rh yazan v\u0259 ba\u015fsa\u011fl\u0131\u011f\u0131 ver\u0259n insanlara d\u0259rin t\u0259\u015f\u0259kk\u00fcr\u00fcm\u00fc bildirir\u0259m. Allah \u00f6l\u0259nl\u0259riniz\u0259 r\u0259hm\u0259t etsin. Bu k\u00f6rp\u0259 Z\u0259rdabl\u0131 balalar\u0131 m\u0259nim \u0259zizl\u0259rim &#8211; xalam\u0131n n\u0259v\u0259l\u0259ri idi. Allah he\u00e7 bir ata-anaya bel\u0259 d\u0259h\u015f\u0259tli faci\u0259 ya\u015fatmas\u0131n. Xalam o\u011flunun c\u0259mi 2 balas\u0131 var idi, h\u0259r 2-si d\u0259 faci\u0259li \u015f\u0259kild\u0259 d\u00fcnyas\u0131n\u0131 d\u0259yi\u015fdi. Uca TANRI onlar\u0131 c\u0259nn\u0259t\u0259 apard\u0131. Xalam o\u011flu Akif v\u0259 h\u0259yat yolda\u015f\u0131 \u015e\u0259bn\u0259m\u0259, el\u0259c\u0259 d\u0259 b\u00fct\u00fcn ail\u0259 \u00fczvl\u0259rin\u0259 &#8211; x\u00fcsus\u0259n d\u0259 bu hadis\u0259d\u0259n d\u0259h\u015f\u0259tli d\u0259r\u0259c\u0259d\u0259 sars\u0131lan xalam\u0131n h\u0259yat yolda\u015f\u0131 \u0130mrana, dig\u0259r babas\u0131 Yusif\u0259, n\u0259n\u0259l\u0259rin\u0259, xalam o\u011flu \u0130krama d\u0259rin h\u00fcznl\u0259 ba\u015f sa\u011fl\u0131\u011f\u0131 verir, uca R\u018fBB\u0130M\u0130ZD\u018fN s\u0259br arzulay\u0131ram. K\u00f6rp\u0259 balam\u0131z N\u0259rgiz ki\u00e7ik ya\u015f\u0131na uy\u011fun olmayan istedad\u0131, ilahi t\u0259r\u0259find\u0259n b\u0259x\u015f edilmi\u015f v\u0259 b\u00f6y\u00fckl\u0259r\u0259 xas qabiliyy\u0259ti, \u015firinliyi il\u0259 ya\u015f\u0131dlar\u0131ndan f\u0259rql\u0259nirdi. El\u0259c\u0259 d\u0259 R\u00fcf\u0259t balam\u0131z. \u00c7ox t\u0259\u0259ss\u00fcf ki, qism\u0259t bel\u0259 oldu. Bu hadis\u0259d\u0259n d\u0259qiq m\u0259lumatl\u0131 olan bir qohum kimi bunu oxucular\u0131m\u0131za \u00e7atd\u0131rma\u011f\u0131 \u00f6z\u00fcm\u0259 borc bilir\u0259m ki, bir g\u0259nc Az\u0259rbaycan ail\u0259sinin ba\u015f\u0131na g\u0259l\u0259n bu faci\u0259y\u0259 \u0259ks\u0259r informasiya m\u0259nb\u0259l\u0259rind\u0259 bildirildiyi kimi, y\u00fcks\u0259k s\u00fcr\u0259t deyil, qar\u015f\u0131 t\u0259r\u0259fd\u0259n \u00e7ox s\u00fcr\u0259tl\u0259 v\u0259 gur yanan uzaq i\u015f\u0131qlar\u0131n\u0131 d\u0259f\u0259l\u0259rl\u0259 x\u0259b\u0259rdarl\u0131q edilm\u0259sin\u0259 baxmayaraq, yax\u0131n i\u015f\u0131qlarla he\u00e7 c\u00fcr\u0259 \u0259v\u0259zl\u0259m\u0259d\u0259n g\u0259l\u0259n v\u0259 k\u00f6rp\u00fcn\u00fcn \u00fcstund\u0259 xalam o\u011flunun idar\u0259 etdiyi &#8220;Opel&#8221; markal\u0131 minik avtomobilini s\u0131xaraq v\u0259 toxunaraq kanala atan m\u0259suliyy\u0259tsiz bir s\u00fcr\u00fcc\u00fcn\u00fcn idar\u0259 etdiyi &#8220;Kamaz&#8221; markal\u0131 ma\u015f\u0131n s\u0259b\u0259b olmu\u015fdur. \u0130nsaallah, haqq-\u0259dal\u0259t \u00f6z yerini tutar, g\u00fcnahkar c\u0259zas\u0131n\u0131 alar. Allah r\u0259hm\u0259t etsin, s\u0259br versin! AM\u0130N! D\u0259rin h\u00fcznl\u0259, Qurban S\u00fcleymanov &#8211; \u015eahh\u00fcseynli&#8221;.<\/p>\n<p>Zerdab.com<a href=\"http:\/\/www.zerdab.com\/wp-content\/uploads\/2014\/05\/Zerdab52.jpg\"><img loading=\"lazy\" decoding=\"async\" class=\"aligncenter size-large wp-image-15888\" alt=\"Zerdab\" src=\"http:\/\/www.zerdab.com\/wp-content\/uploads\/2014\/05\/Zerdab52-550x411.jpg\" width=\"550\" height=\"411\" \/><\/a><a href=\"http:\/\/www.zerdab.com\/wp-content\/uploads\/2014\/05\/Zerdab23.jpg\"><img loading=\"lazy\" decoding=\"async\" class=\"aligncenter size-large wp-image-15885\" alt=\"Zerdab\" src=\"http:\/\/www.zerdab.com\/wp-content\/uploads\/2014\/05\/Zerdab23-550x411.jpg\" width=\"550\" height=\"411\" \/><\/a><\/p>\n","protected":false},"excerpt":{"rendered":"<p>K\u00fcrd\u0259mir rayonunda a\u011f\u0131r avtomobil q\u0259zas\u0131n\u0131n ba\u015f verm\u0259si bar\u0259d\u0259 Zerdab.com sayt\u0131nda APA-ya istinad\u0259n x\u0259b\u0259r vermi\u015fdik. Qeyd etmi\u015fdik ki, hadis\u0259 may\u0131n 19-da s\u0259h\u0259r saat 8:00 rad\u0259l\u0259rind\u0259 K\u00fcrd\u0259mir-\u0130mi\u015fli yolunda qeyd\u0259 al\u0131n\u0131b. Bel\u0259 ki, Z\u0259rdab rayon sakini, 1986-c\u0131 il t\u0259v\u0259ll\u00fcdl\u00fc Zalov Akif \u0130mran o\u011flunun idar\u0259 etdiyi &#8220;Opel&#8221; markal\u0131 minik ma\u015f\u0131n\u0131 s\u00fcr\u0259tl\u0259 h\u0259r\u0259k\u0259td\u0259 olark\u0259n s\u00fcr\u00fcc\u00fc idar\u0259etm\u0259ni itirib v\u0259 ma\u015f\u0131n yoldan [&hellip;]<\/p>\n","protected":false},"author":1,"featured_media":0,"comment_status":"open","ping_status":"open","sticky":false,"template":"","format":"standard","meta":{"footnotes":""},"categories":[46],"tags":[],"class_list":{"0":"post-15921","1":"post","2":"type-post","3":"status-publish","4":"format-standard","6":"category-hadis"},"yoast_head":"<!-- This site is optimized with the Yoast SEO plugin v27.0 - https:\/\/yoast.com\/product\/yoast-seo-wordpress\/ -->\n<title>Avtomobil q\u0259zas\u0131nda 2 k\u00f6rp\u0259sini itir\u0259n ail\u0259nin qohumundan yeni faktlar - Z\u0259rdab.com<\/title>\n<meta name=\"robots\" content=\"index, follow, max-snippet:-1, max-image-preview:large, max-video-preview:-1\" \/>\n<link rel=\"canonical\" href=\"https:\/\/www.zerdab.com\/?p=15921\" \/>\n<meta property=\"og:locale\" content=\"az_AZ\" \/>\n<meta property=\"og:type\" content=\"article\" \/>\n<meta property=\"og:title\" content=\"Avtomobil q\u0259zas\u0131nda 2 k\u00f6rp\u0259sini itir\u0259n ail\u0259nin qohumundan yeni faktlar - Z\u0259rdab.com\" \/>\n<meta property=\"og:description\" content=\"K\u00fcrd\u0259mir rayonunda a\u011f\u0131r avtomobil q\u0259zas\u0131n\u0131n ba\u015f verm\u0259si bar\u0259d\u0259 Zerdab.com sayt\u0131nda APA-ya istinad\u0259n x\u0259b\u0259r vermi\u015fdik. Qeyd etmi\u015fdik ki, hadis\u0259 may\u0131n 19-da s\u0259h\u0259r saat 8:00 rad\u0259l\u0259rind\u0259 K\u00fcrd\u0259mir-\u0130mi\u015fli yolunda qeyd\u0259 al\u0131n\u0131b. Bel\u0259 ki, Z\u0259rdab rayon sakini, 1986-c\u0131 il t\u0259v\u0259ll\u00fcdl\u00fc Zalov Akif \u0130mran o\u011flunun idar\u0259 etdiyi &#8220;Opel&#8221; markal\u0131 minik ma\u015f\u0131n\u0131 s\u00fcr\u0259tl\u0259 h\u0259r\u0259k\u0259td\u0259 olark\u0259n s\u00fcr\u00fcc\u00fc idar\u0259etm\u0259ni itirib v\u0259 ma\u015f\u0131n yoldan [&hellip;]\" \/>\n<meta property=\"og:url\" content=\"https:\/\/www.zerdab.com\/?p=15921\" \/>\n<meta property=\"og:site_name\" content=\"Z\u0259rdab.com\" \/>\n<meta property=\"article:published_time\" content=\"2014-05-22T06:45:36+00:00\" \/>\n<meta property=\"article:modified_time\" content=\"2014-05-22T19:37:23+00:00\" \/>\n<meta property=\"og:image\" content=\"http:\/\/www.zerdab.com\/wp-content\/uploads\/2014\/05\/Zerdab14-550x411.jpg\" \/>\n<meta name=\"author\" content=\"admin\" \/>\n<meta name=\"twitter:card\" content=\"summary_large_image\" \/>\n<meta name=\"twitter:label1\" content=\"Written by\" \/>\n\t<meta name=\"twitter:data1\" content=\"admin\" \/>\n\t<meta name=\"twitter:label2\" content=\"Est. reading time\" \/>\n\t<meta name=\"twitter:data2\" content=\"3 minutes\" \/>\n<script type=\"application\/ld+json\" class=\"yoast-schema-graph\">{\"@context\":\"https:\/\/schema.org\",\"@graph\":[{\"@type\":\"Article\",\"@id\":\"https:\/\/www.zerdab.com\/?p=15921#article\",\"isPartOf\":{\"@id\":\"https:\/\/www.zerdab.com\/?p=15921\"},\"author\":{\"name\":\"admin\",\"@id\":\"https:\/\/www.zerdab.com\/#\/schema\/person\/97079b7570c1e89ec0d9e138c3672136\"},\"headline\":\"Avtomobil q\u0259zas\u0131nda 2 k\u00f6rp\u0259sini itir\u0259n ail\u0259nin qohumundan yeni faktlar\",\"datePublished\":\"2014-05-22T06:45:36+00:00\",\"dateModified\":\"2014-05-22T19:37:23+00:00\",\"mainEntityOfPage\":{\"@id\":\"https:\/\/www.zerdab.com\/?p=15921\"},\"wordCount\":665,\"commentCount\":10,\"image\":{\"@id\":\"https:\/\/www.zerdab.com\/?p=15921#primaryimage\"},\"thumbnailUrl\":\"http:\/\/www.zerdab.com\/wp-content\/uploads\/2014\/05\/Zerdab14-550x411.jpg\",\"articleSection\":[\"HAD\u0130S\u018f\"],\"inLanguage\":\"az\",\"potentialAction\":[{\"@type\":\"CommentAction\",\"name\":\"Comment\",\"target\":[\"https:\/\/www.zerdab.com\/?p=15921#respond\"]}]},{\"@type\":\"WebPage\",\"@id\":\"https:\/\/www.zerdab.com\/?p=15921\",\"url\":\"https:\/\/www.zerdab.com\/?p=15921\",\"name\":\"Avtomobil q\u0259zas\u0131nda 2 k\u00f6rp\u0259sini itir\u0259n ail\u0259nin qohumundan yeni faktlar - Z\u0259rdab.com\",\"isPartOf\":{\"@id\":\"https:\/\/www.zerdab.com\/#website\"},\"primaryImageOfPage\":{\"@id\":\"https:\/\/www.zerdab.com\/?p=15921#primaryimage\"},\"image\":{\"@id\":\"https:\/\/www.zerdab.com\/?p=15921#primaryimage\"},\"thumbnailUrl\":\"http:\/\/www.zerdab.com\/wp-content\/uploads\/2014\/05\/Zerdab14-550x411.jpg\",\"datePublished\":\"2014-05-22T06:45:36+00:00\",\"dateModified\":\"2014-05-22T19:37:23+00:00\",\"author\":{\"@id\":\"https:\/\/www.zerdab.com\/#\/schema\/person\/97079b7570c1e89ec0d9e138c3672136\"},\"breadcrumb\":{\"@id\":\"https:\/\/www.zerdab.com\/?p=15921#breadcrumb\"},\"inLanguage\":\"az\",\"potentialAction\":[{\"@type\":\"ReadAction\",\"target\":[\"https:\/\/www.zerdab.com\/?p=15921\"]}]},{\"@type\":\"ImageObject\",\"inLanguage\":\"az\",\"@id\":\"https:\/\/www.zerdab.com\/?p=15921#primaryimage\",\"url\":\"\",\"contentUrl\":\"\"},{\"@type\":\"BreadcrumbList\",\"@id\":\"https:\/\/www.zerdab.com\/?p=15921#breadcrumb\",\"itemListElement\":[{\"@type\":\"ListItem\",\"position\":1,\"name\":\"Home\",\"item\":\"https:\/\/www.zerdab.com\/\"},{\"@type\":\"ListItem\",\"position\":2,\"name\":\"Avtomobil q\u0259zas\u0131nda 2 k\u00f6rp\u0259sini itir\u0259n ail\u0259nin qohumundan yeni faktlar\"}]},{\"@type\":\"WebSite\",\"@id\":\"https:\/\/www.zerdab.com\/#website\",\"url\":\"https:\/\/www.zerdab.com\/\",\"name\":\"Z\u0259rdab.com\",\"description\":\"\",\"potentialAction\":[{\"@type\":\"SearchAction\",\"target\":{\"@type\":\"EntryPoint\",\"urlTemplate\":\"https:\/\/www.zerdab.com\/?s={search_term_string}\"},\"query-input\":{\"@type\":\"PropertyValueSpecification\",\"valueRequired\":true,\"valueName\":\"search_term_string\"}}],\"inLanguage\":\"az\"},{\"@type\":\"Person\",\"@id\":\"https:\/\/www.zerdab.com\/#\/schema\/person\/97079b7570c1e89ec0d9e138c3672136\",\"name\":\"admin\",\"image\":{\"@type\":\"ImageObject\",\"inLanguage\":\"az\",\"@id\":\"https:\/\/www.zerdab.com\/#\/schema\/person\/image\/\",\"url\":\"https:\/\/secure.gravatar.com\/avatar\/d9c52a9a27c32119cb6679a077fa3e2779e5f822c451cbf01098004361d466ec?s=96&d=mm&r=g\",\"contentUrl\":\"https:\/\/secure.gravatar.com\/avatar\/d9c52a9a27c32119cb6679a077fa3e2779e5f822c451cbf01098004361d466ec?s=96&d=mm&r=g\",\"caption\":\"admin\"},\"url\":\"https:\/\/www.zerdab.com\/?author=1\"}]}<\/script>\n<!-- \/ Yoast SEO plugin. -->","yoast_head_json":{"title":"Avtomobil q\u0259zas\u0131nda 2 k\u00f6rp\u0259sini itir\u0259n ail\u0259nin qohumundan yeni faktlar - Z\u0259rdab.com","robots":{"index":"index","follow":"follow","max-snippet":"max-snippet:-1","max-image-preview":"max-image-preview:large","max-video-preview":"max-video-preview:-1"},"canonical":"https:\/\/www.zerdab.com\/?p=15921","og_locale":"az_AZ","og_type":"article","og_title":"Avtomobil q\u0259zas\u0131nda 2 k\u00f6rp\u0259sini itir\u0259n ail\u0259nin qohumundan yeni faktlar - Z\u0259rdab.com","og_description":"K\u00fcrd\u0259mir rayonunda a\u011f\u0131r avtomobil q\u0259zas\u0131n\u0131n ba\u015f verm\u0259si bar\u0259d\u0259 Zerdab.com sayt\u0131nda APA-ya istinad\u0259n x\u0259b\u0259r vermi\u015fdik. Qeyd etmi\u015fdik ki, hadis\u0259 may\u0131n 19-da s\u0259h\u0259r saat 8:00 rad\u0259l\u0259rind\u0259 K\u00fcrd\u0259mir-\u0130mi\u015fli yolunda qeyd\u0259 al\u0131n\u0131b. Bel\u0259 ki, Z\u0259rdab rayon sakini, 1986-c\u0131 il t\u0259v\u0259ll\u00fcdl\u00fc Zalov Akif \u0130mran o\u011flunun idar\u0259 etdiyi &#8220;Opel&#8221; markal\u0131 minik ma\u015f\u0131n\u0131 s\u00fcr\u0259tl\u0259 h\u0259r\u0259k\u0259td\u0259 olark\u0259n s\u00fcr\u00fcc\u00fc idar\u0259etm\u0259ni itirib v\u0259 ma\u015f\u0131n yoldan [&hellip;]","og_url":"https:\/\/www.zerdab.com\/?p=15921","og_site_name":"Z\u0259rdab.com","article_published_time":"2014-05-22T06:45:36+00:00","article_modified_time":"2014-05-22T19:37:23+00:00","og_image":[{"url":"http:\/\/www.zerdab.com\/wp-content\/uploads\/2014\/05\/Zerdab14-550x411.jpg","type":"","width":"","height":""}],"author":"admin","twitter_card":"summary_large_image","twitter_misc":{"Written by":"admin","Est. reading time":"3 minutes"},"schema":{"@context":"https:\/\/schema.org","@graph":[{"@type":"Article","@id":"https:\/\/www.zerdab.com\/?p=15921#article","isPartOf":{"@id":"https:\/\/www.zerdab.com\/?p=15921"},"author":{"name":"admin","@id":"https:\/\/www.zerdab.com\/#\/schema\/person\/97079b7570c1e89ec0d9e138c3672136"},"headline":"Avtomobil q\u0259zas\u0131nda 2 k\u00f6rp\u0259sini itir\u0259n ail\u0259nin qohumundan yeni faktlar","datePublished":"2014-05-22T06:45:36+00:00","dateModified":"2014-05-22T19:37:23+00:00","mainEntityOfPage":{"@id":"https:\/\/www.zerdab.com\/?p=15921"},"wordCount":665,"commentCount":10,"image":{"@id":"https:\/\/www.zerdab.com\/?p=15921#primaryimage"},"thumbnailUrl":"http:\/\/www.zerdab.com\/wp-content\/uploads\/2014\/05\/Zerdab14-550x411.jpg","articleSection":["HAD\u0130S\u018f"],"inLanguage":"az","potentialAction":[{"@type":"CommentAction","name":"Comment","target":["https:\/\/www.zerdab.com\/?p=15921#respond"]}]},{"@type":"WebPage","@id":"https:\/\/www.zerdab.com\/?p=15921","url":"https:\/\/www.zerdab.com\/?p=15921","name":"Avtomobil q\u0259zas\u0131nda 2 k\u00f6rp\u0259sini itir\u0259n ail\u0259nin qohumundan yeni faktlar - Z\u0259rdab.com","isPartOf":{"@id":"https:\/\/www.zerdab.com\/#website"},"primaryImageOfPage":{"@id":"https:\/\/www.zerdab.com\/?p=15921#primaryimage"},"image":{"@id":"https:\/\/www.zerdab.com\/?p=15921#primaryimage"},"thumbnailUrl":"http:\/\/www.zerdab.com\/wp-content\/uploads\/2014\/05\/Zerdab14-550x411.jpg","datePublished":"2014-05-22T06:45:36+00:00","dateModified":"2014-05-22T19:37:23+00:00","author":{"@id":"https:\/\/www.zerdab.com\/#\/schema\/person\/97079b7570c1e89ec0d9e138c3672136"},"breadcrumb":{"@id":"https:\/\/www.zerdab.com\/?p=15921#breadcrumb"},"inLanguage":"az","potentialAction":[{"@type":"ReadAction","target":["https:\/\/www.zerdab.com\/?p=15921"]}]},{"@type":"ImageObject","inLanguage":"az","@id":"https:\/\/www.zerdab.com\/?p=15921#primaryimage","url":"","contentUrl":""},{"@type":"BreadcrumbList","@id":"https:\/\/www.zerdab.com\/?p=15921#breadcrumb","itemListElement":[{"@type":"ListItem","position":1,"name":"Home","item":"https:\/\/www.zerdab.com\/"},{"@type":"ListItem","position":2,"name":"Avtomobil q\u0259zas\u0131nda 2 k\u00f6rp\u0259sini itir\u0259n ail\u0259nin qohumundan yeni faktlar"}]},{"@type":"WebSite","@id":"https:\/\/www.zerdab.com\/#website","url":"https:\/\/www.zerdab.com\/","name":"Z\u0259rdab.com","description":"","potentialAction":[{"@type":"SearchAction","target":{"@type":"EntryPoint","urlTemplate":"https:\/\/www.zerdab.com\/?s={search_term_string}"},"query-input":{"@type":"PropertyValueSpecification","valueRequired":true,"valueName":"search_term_string"}}],"inLanguage":"az"},{"@type":"Person","@id":"https:\/\/www.zerdab.com\/#\/schema\/person\/97079b7570c1e89ec0d9e138c3672136","name":"admin","image":{"@type":"ImageObject","inLanguage":"az","@id":"https:\/\/www.zerdab.com\/#\/schema\/person\/image\/","url":"https:\/\/secure.gravatar.com\/avatar\/d9c52a9a27c32119cb6679a077fa3e2779e5f822c451cbf01098004361d466ec?s=96&d=mm&r=g","contentUrl":"https:\/\/secure.gravatar.com\/avatar\/d9c52a9a27c32119cb6679a077fa3e2779e5f822c451cbf01098004361d466ec?s=96&d=mm&r=g","caption":"admin"},"url":"https:\/\/www.zerdab.com\/?author=1"}]}},"_links":{"self":[{"href":"https:\/\/www.zerdab.com\/index.php?rest_route=\/wp\/v2\/posts\/15921","targetHints":{"allow":["GET"]}}],"collection":[{"href":"https:\/\/www.zerdab.com\/index.php?rest_route=\/wp\/v2\/posts"}],"about":[{"href":"https:\/\/www.zerdab.com\/index.php?rest_route=\/wp\/v2\/types\/post"}],"author":[{"embeddable":true,"href":"https:\/\/www.zerdab.com\/index.php?rest_route=\/wp\/v2\/users\/1"}],"replies":[{"embeddable":true,"href":"https:\/\/www.zerdab.com\/index.php?rest_route=%2Fwp%2Fv2%2Fcomments&post=15921"}],"version-history":[{"count":3,"href":"https:\/\/www.zerdab.com\/index.php?rest_route=\/wp\/v2\/posts\/15921\/revisions"}],"predecessor-version":[{"id":15934,"href":"https:\/\/www.zerdab.com\/index.php?rest_route=\/wp\/v2\/posts\/15921\/revisions\/15934"}],"wp:attachment":[{"href":"https:\/\/www.zerdab.com\/index.php?rest_route=%2Fwp%2Fv2%2Fmedia&parent=15921"}],"wp:term":[{"taxonomy":"category","embeddable":true,"href":"https:\/\/www.zerdab.com\/index.php?rest_route=%2Fwp%2Fv2%2Fcategories&post=15921"},{"taxonomy":"post_tag","embeddable":true,"href":"https:\/\/www.zerdab.com\/index.php?rest_route=%2Fwp%2Fv2%2Ftags&post=15921"}],"curies":[{"name":"wp","href":"https:\/\/api.w.org\/{rel}","templated":true}]}}