{"id":15946,"date":"2014-05-27T12:07:52","date_gmt":"2014-05-27T07:07:52","guid":{"rendered":"http:\/\/www.zerdab.com\/?p=15946"},"modified":"2014-05-27T12:08:38","modified_gmt":"2014-05-27T07:08:38","slug":"z%c9%99rdabda-28-may-respublika-gunu-qeyd-olundu","status":"publish","type":"post","link":"https:\/\/www.zerdab.com\/?p=15946","title":{"rendered":"Z\u0259rdabda 28 may Respublika G\u00fcn\u00fc qeyd olundu"},"content":{"rendered":"<p align=\"center\"><span style=\"font-size: 14px; line-height: 1.5em;\"><a href=\"http:\/\/www.zerdab.com\/wp-content\/uploads\/2014\/05\/Zerdab24.jpg\"><img loading=\"lazy\" decoding=\"async\" class=\"aligncenter size-large wp-image-15950\" alt=\"Zerdab\" src=\"http:\/\/www.zerdab.com\/wp-content\/uploads\/2014\/05\/Zerdab24-550x426.jpg\" width=\"550\" height=\"426\" \/><\/a>27 may 2014-c\u00fc il tarixd\u0259 Z\u0259rdabda Heyd\u0259r \u018fliyev park\u0131nda 28 May Respublika G\u00fcn\u00fc m\u00fcnasib\u0259til\u0259 \u00fcmumrayon t\u0259dbiri ke\u00e7irildi. T\u0259dbir i\u015ftirak\u00e7\u0131lar\u0131 \u00f6nc\u0259 Ulu \u00f6nd\u0259r Heyd\u0259r \u018fliyevin abid\u0259si \u00f6n\u00fcn\u0259 g\u00fcl v\u0259 \u00e7i\u00e7\u0259k d\u0259st\u0259l\u0259ri qoydular v\u0259 Heyd\u0259r \u018fliyev M\u0259rk\u0259zi il\u0259 tan\u0131\u015f oldular.<\/span><\/p>\n<p>T\u0259dbird\u0259 \u00e7\u0131x\u0131\u015f ed\u0259n Z\u0259rdab Rayon \u0130cra Hakimiyy\u0259tinin ba\u015f\u00e7\u0131s\u0131 L\u00fctv\u0259li Babayev 28 May Respublika G\u00fcn\u00fc bar\u0259d\u0259 \u0259trafl\u0131 m\u0259lumat verdi. Bildirdi ki, 1918-ci il may\u0131n 28-d\u0259 m\u00fcs\u0259lman \u015f\u0259rqind\u0259 ilk d\u0259f\u0259 Az\u0259rbaycan Xalq C\u00fcmhuriyy\u0259ti yaranm\u0131\u015f v\u0259 bu tarix xalq\u0131m\u0131z\u0131n h\u0259yat\u0131nda \u0259n unudulmaz g\u00fcnl\u0259rd\u0259n biridir. Ya\u015fad\u0131\u011f\u0131 23 ay \u0259rzind\u0259 Demokratik Respublikan\u0131n g\u00f6rd\u00fcy\u00fc i\u015fl\u0259r, yarad\u0131lan t\u0259sisatlar, q\u0259bul edil\u0259n d\u00f6vl\u0259t r\u0259mzl\u0259ri tariximizin \u0259n yaddaqalan s\u0259hif\u0259l\u0259ridir. H\u0259min q\u0131sa d\u00f6vr \u0259rzind\u0259 Demokratik Respublikan\u0131n \u015f\u0259r\u0259fli f\u0259aliyy\u0259ti Az\u0259rbaycan xalq\u0131n\u0131n arzu v\u0259 ist\u0259kl\u0259rini m\u00fcst\u0259qillik \u015f\u0259raitind\u0259 h\u0259yata ke\u00e7irm\u0259k iqtidar\u0131nda oldu\u011funu \u0259yani n\u00fcmayi\u015f etdirmi\u015fdir. T\u0259\u0259ss\u00fcfl\u0259r olsun ki, yarad\u0131lan ilk m\u00fcst\u0259qil d\u00f6vl\u0259timizin \u00f6mr\u00fc az olmu\u015fdur. 1920-ci il aprelin 28-d\u0259 Az\u0259rbaycan Xalq C\u00fcmhuriyy\u0259ti s\u00fcquta u\u011frad\u0131lm\u0131\u015fd\u0131r. Lakin xalq\u0131m\u0131z\u0131n q\u0259lbind\u0259 azadl\u0131q arzusu, m\u0259\u015f\u0259li he\u00e7 vaxt s\u00f6nm\u0259mi\u015fdir. 70 ild\u0259n sonra, 1990-c\u0131 ilin \u0259vv\u0259ll\u0259rind\u0259 xalq\u0131m\u0131z\u0131n yenid\u0259n m\u00fcst\u0259qil olmaq u\u011frundak\u0131 m\u00fcbariz\u0259si \u00f6z b\u0259hr\u0259sini vermi\u015f, Az\u0259rbaycan 1991-ci il oktyabr\u0131n 18-d\u0259 \u00f6z m\u00fcst\u0259qilliyini b\u0259rpa etmi\u015fdir. Yenid\u0259n qazan\u0131lm\u0131\u015f m\u00fcst\u0259qilliyin ilk ill\u0259rind\u0259 \u00f6lk\u0259miz a\u011f\u0131r g\u00fcnl\u0259r ya\u015fam\u0131\u015f, h\u0259tta m\u00fcst\u0259qilliyini itirm\u0259k t\u0259hl\u00fck\u0259si il\u0259 \u00fczl\u0259\u015fmi\u015fdir. Bel\u0259 bir \u00e7\u0259tin v\u0259 s\u0131naql\u0131 g\u00fcnl\u0259rd\u0259 xalq\u0131m\u0131z\u0131n t\u0259kidli t\u0259l\u0259bi v\u0259 xahi\u015fi il\u0259 yenid\u0259n respublikaya r\u0259hb\u0259rliy\u0259 qay\u0131dan xalq\u0131m\u0131z\u0131n \u00fcmummilli lideri, g\u00f6rk\u0259mli siyasi v\u0259 d\u00f6vl\u0259t xadimi Heyd\u0259r \u018fliyevin apard\u0131\u011f\u0131 m\u00fcdrik v\u0259 q\u0259tiyy\u0259tli siyas\u0259t n\u0259tic\u0259sind\u0259 m\u00fcst\u0259qilliyimizin \u0259b\u0259diliyi v\u0259 sars\u0131lmazl\u0131\u011f\u0131 t\u0259min olundu, Az\u0259rbaycan \u00f6z\u00fcn\u00fcn h\u0259rt\u0259r\u0259fli inki\u015faf\u0131n\u0131n yeni m\u0259rh\u0259l\u0259sin\u0259 q\u0259d\u0259m qoydu. \u00c7ox f\u0259r\u0259hli hald\u0131r ki, bu m\u00fcdrik siyas\u0259t M\u00f6ht\u0259r\u0259m Prezidentimiz c\u0259nab \u0130lham \u018fliyev t\u0259r\u0259find\u0259n u\u011furla davam etdirilir. Haz\u0131rda m\u00fcst\u0259qil Az\u0259rbaycan d\u00fcnyan\u0131n inki\u015faf etmi\u015f \u00f6lk\u0259l\u0259ri s\u0131ras\u0131na daxil olmu\u015f, m\u00f6t\u0259b\u0259r Beyn\u0259lxalq t\u0259\u015fkilatlar\u0131n tam h\u00fcquqlu \u00fczv\u00fc olmu\u015fdur. Az\u0259rbaycan xalq\u0131, o c\u00fcml\u0259d\u0259n, z\u0259rdabl\u0131lar c\u0259nab prezidentimizin h\u0259yata ke\u00e7irdiyi m\u00fcdrik siyas\u0259ti \u00fcr\u0259kd\u0259n b\u0259y\u0259nir, \u0259traf\u0131nda s\u0131x birl\u0259\u015firl\u0259r.<\/p>\n<p>Bir s\u00f6zl\u0259, Az\u0259rbaycan bu g\u00fcn \u00f6z inki\u015faf\u0131n\u0131n \u0259sl t\u0259r\u0259qqi d\u00f6vr\u00fcn\u00fc ya\u015fay\u0131r. Bu t\u0259r\u0259qqi Z\u0259rdabdan da yan ke\u00e7m\u0259mi\u015f, son d\u00f6vrd\u0259 Z\u0259rdabda n\u0259z\u0259r\u0259\u00e7arpacaq d\u0259r\u0259c\u0259d\u0259 tikinti-quruculuq i\u015fl\u0259ri g\u00f6r\u00fclm\u00fc\u015f, insanlar\u0131n sosial probleml\u0259rinin h\u0259llin\u0259 diqq\u0259t v\u0259 qay\u011f\u0131 xeyli art\u0131r\u0131lm\u0131\u015fd\u0131r.<\/p>\n<p>B\u00fct\u00fcn g\u00f6r\u00fcl\u0259n i\u015fl\u0259r\u0259, Z\u0259rdaba v\u0259 z\u0259rdabl\u0131lara g\u00f6st\u0259rdiyi diqq\u0259t v\u0259 qay\u011f\u0131ya g\u00f6r\u0259 z\u0259rdabl\u0131lar \u0259b\u0259diya\u015far Heyd\u0259r \u018fliyev ideyalar\u0131n\u0131 layiqinc\u0259 davam etdir\u0259n m\u00f6ht\u0259r\u0259m Prezidentimiz c\u0259nab \u0130lham \u018fliyev\u0259 minn\u0259tdard\u0131rlar. \u0130cra ba\u015f\u00e7\u0131s\u0131 sonda bir daha b\u00fct\u00fcn rayon sakinl\u0259rini 28 May Respublika\u00a0 G\u00fcn\u00fc m\u00fcnasib\u0259til\u0259 bir daha \u00fcr\u0259kd\u0259n t\u0259brik etdi.<\/p>\n<p><span style=\"color: #0000ff;\"><strong>Z\u0259rdab Rayon \u0130cra Hakimiyy\u0259ti<a href=\"http:\/\/www.zerdab.com\/wp-content\/uploads\/2014\/05\/Zerdab18.jpg\"><img loading=\"lazy\" decoding=\"async\" class=\"aligncenter size-large wp-image-15948\" alt=\"Zerdab\" src=\"http:\/\/www.zerdab.com\/wp-content\/uploads\/2014\/05\/Zerdab18-412x550.jpg\" width=\"412\" height=\"550\" \/><\/a><a href=\"http:\/\/www.zerdab.com\/wp-content\/uploads\/2014\/05\/Zerdab24.jpg\"><img loading=\"lazy\" decoding=\"async\" class=\"aligncenter size-large wp-image-15950\" alt=\"Zerdab\" src=\"http:\/\/www.zerdab.com\/wp-content\/uploads\/2014\/05\/Zerdab24-550x426.jpg\" width=\"550\" height=\"426\" \/><\/a><a href=\"http:\/\/www.zerdab.com\/wp-content\/uploads\/2014\/05\/Zerdab19.jpg\"><img loading=\"lazy\" decoding=\"async\" class=\"aligncenter size-large wp-image-15949\" alt=\"Zerdab\" src=\"http:\/\/www.zerdab.com\/wp-content\/uploads\/2014\/05\/Zerdab19-550x412.jpg\" width=\"550\" height=\"412\" \/><\/a><a href=\"http:\/\/www.zerdab.com\/wp-content\/uploads\/2014\/05\/Zerdab35.jpg\"><img loading=\"lazy\" decoding=\"async\" class=\"aligncenter size-large wp-image-15947\" alt=\"Zerdab\" src=\"http:\/\/www.zerdab.com\/wp-content\/uploads\/2014\/05\/Zerdab35-550x412.jpg\" width=\"550\" height=\"412\" \/><\/a><\/strong><\/span><\/p>\n","protected":false},"excerpt":{"rendered":"<p>27 may 2014-c\u00fc il tarixd\u0259 Z\u0259rdabda Heyd\u0259r \u018fliyev park\u0131nda 28 May Respublika G\u00fcn\u00fc m\u00fcnasib\u0259til\u0259 \u00fcmumrayon t\u0259dbiri ke\u00e7irildi. T\u0259dbir i\u015ftirak\u00e7\u0131lar\u0131 \u00f6nc\u0259 Ulu \u00f6nd\u0259r Heyd\u0259r \u018fliyevin abid\u0259si \u00f6n\u00fcn\u0259 g\u00fcl v\u0259 \u00e7i\u00e7\u0259k d\u0259st\u0259l\u0259ri qoydular v\u0259 Heyd\u0259r \u018fliyev M\u0259rk\u0259zi il\u0259 tan\u0131\u015f oldular. T\u0259dbird\u0259 \u00e7\u0131x\u0131\u015f ed\u0259n Z\u0259rdab Rayon \u0130cra Hakimiyy\u0259tinin ba\u015f\u00e7\u0131s\u0131 L\u00fctv\u0259li Babayev 28 May Respublika G\u00fcn\u00fc bar\u0259d\u0259 \u0259trafl\u0131 m\u0259lumat [&hellip;]<\/p>\n","protected":false},"author":1,"featured_media":0,"comment_status":"open","ping_status":"open","sticky":false,"template":"","format":"standard","meta":{"footnotes":""},"categories":[21],"tags":[],"class_list":{"0":"post-15946","1":"post","2":"type-post","3":"status-publish","4":"format-standard","6":"category-zrdab"},"yoast_head":"<!-- This site is optimized with the Yoast SEO plugin v27.0 - https:\/\/yoast.com\/product\/yoast-seo-wordpress\/ -->\n<title>Z\u0259rdabda 28 may Respublika G\u00fcn\u00fc qeyd olundu - Z\u0259rdab.com<\/title>\n<meta name=\"robots\" content=\"index, follow, max-snippet:-1, max-image-preview:large, max-video-preview:-1\" \/>\n<link rel=\"canonical\" href=\"https:\/\/www.zerdab.com\/?p=15946\" \/>\n<meta property=\"og:locale\" content=\"az_AZ\" \/>\n<meta property=\"og:type\" content=\"article\" \/>\n<meta property=\"og:title\" content=\"Z\u0259rdabda 28 may Respublika G\u00fcn\u00fc qeyd olundu - Z\u0259rdab.com\" \/>\n<meta property=\"og:description\" content=\"27 may 2014-c\u00fc il tarixd\u0259 Z\u0259rdabda Heyd\u0259r \u018fliyev park\u0131nda 28 May Respublika G\u00fcn\u00fc m\u00fcnasib\u0259til\u0259 \u00fcmumrayon t\u0259dbiri ke\u00e7irildi. T\u0259dbir i\u015ftirak\u00e7\u0131lar\u0131 \u00f6nc\u0259 Ulu \u00f6nd\u0259r Heyd\u0259r \u018fliyevin abid\u0259si \u00f6n\u00fcn\u0259 g\u00fcl v\u0259 \u00e7i\u00e7\u0259k d\u0259st\u0259l\u0259ri qoydular v\u0259 Heyd\u0259r \u018fliyev M\u0259rk\u0259zi il\u0259 tan\u0131\u015f oldular. T\u0259dbird\u0259 \u00e7\u0131x\u0131\u015f ed\u0259n Z\u0259rdab Rayon \u0130cra Hakimiyy\u0259tinin ba\u015f\u00e7\u0131s\u0131 L\u00fctv\u0259li Babayev 28 May Respublika G\u00fcn\u00fc bar\u0259d\u0259 \u0259trafl\u0131 m\u0259lumat [&hellip;]\" \/>\n<meta property=\"og:url\" content=\"https:\/\/www.zerdab.com\/?p=15946\" \/>\n<meta property=\"og:site_name\" content=\"Z\u0259rdab.com\" \/>\n<meta property=\"article:published_time\" content=\"2014-05-27T07:07:52+00:00\" \/>\n<meta property=\"article:modified_time\" content=\"2014-05-27T07:08:38+00:00\" \/>\n<meta property=\"og:image\" content=\"http:\/\/www.zerdab.com\/wp-content\/uploads\/2014\/05\/Zerdab24-550x426.jpg\" \/>\n<meta name=\"author\" content=\"admin\" \/>\n<meta name=\"twitter:card\" content=\"summary_large_image\" \/>\n<meta name=\"twitter:label1\" content=\"Written by\" \/>\n\t<meta name=\"twitter:data1\" content=\"admin\" \/>\n\t<meta name=\"twitter:label2\" content=\"Est. reading time\" \/>\n\t<meta name=\"twitter:data2\" content=\"3 minutes\" \/>\n<script type=\"application\/ld+json\" class=\"yoast-schema-graph\">{\"@context\":\"https:\/\/schema.org\",\"@graph\":[{\"@type\":\"Article\",\"@id\":\"https:\/\/www.zerdab.com\/?p=15946#article\",\"isPartOf\":{\"@id\":\"https:\/\/www.zerdab.com\/?p=15946\"},\"author\":{\"name\":\"admin\",\"@id\":\"https:\/\/www.zerdab.com\/#\/schema\/person\/97079b7570c1e89ec0d9e138c3672136\"},\"headline\":\"Z\u0259rdabda 28 may Respublika G\u00fcn\u00fc qeyd olundu\",\"datePublished\":\"2014-05-27T07:07:52+00:00\",\"dateModified\":\"2014-05-27T07:08:38+00:00\",\"mainEntityOfPage\":{\"@id\":\"https:\/\/www.zerdab.com\/?p=15946\"},\"wordCount\":690,\"commentCount\":0,\"image\":{\"@id\":\"https:\/\/www.zerdab.com\/?p=15946#primaryimage\"},\"thumbnailUrl\":\"http:\/\/www.zerdab.com\/wp-content\/uploads\/2014\/05\/Zerdab24-550x426.jpg\",\"articleSection\":[\"C\u018fM\u0130YY\u018fT\"],\"inLanguage\":\"az\",\"potentialAction\":[{\"@type\":\"CommentAction\",\"name\":\"Comment\",\"target\":[\"https:\/\/www.zerdab.com\/?p=15946#respond\"]}]},{\"@type\":\"WebPage\",\"@id\":\"https:\/\/www.zerdab.com\/?p=15946\",\"url\":\"https:\/\/www.zerdab.com\/?p=15946\",\"name\":\"Z\u0259rdabda 28 may Respublika G\u00fcn\u00fc qeyd olundu - Z\u0259rdab.com\",\"isPartOf\":{\"@id\":\"https:\/\/www.zerdab.com\/#website\"},\"primaryImageOfPage\":{\"@id\":\"https:\/\/www.zerdab.com\/?p=15946#primaryimage\"},\"image\":{\"@id\":\"https:\/\/www.zerdab.com\/?p=15946#primaryimage\"},\"thumbnailUrl\":\"http:\/\/www.zerdab.com\/wp-content\/uploads\/2014\/05\/Zerdab24-550x426.jpg\",\"datePublished\":\"2014-05-27T07:07:52+00:00\",\"dateModified\":\"2014-05-27T07:08:38+00:00\",\"author\":{\"@id\":\"https:\/\/www.zerdab.com\/#\/schema\/person\/97079b7570c1e89ec0d9e138c3672136\"},\"breadcrumb\":{\"@id\":\"https:\/\/www.zerdab.com\/?p=15946#breadcrumb\"},\"inLanguage\":\"az\",\"potentialAction\":[{\"@type\":\"ReadAction\",\"target\":[\"https:\/\/www.zerdab.com\/?p=15946\"]}]},{\"@type\":\"ImageObject\",\"inLanguage\":\"az\",\"@id\":\"https:\/\/www.zerdab.com\/?p=15946#primaryimage\",\"url\":\"\",\"contentUrl\":\"\"},{\"@type\":\"BreadcrumbList\",\"@id\":\"https:\/\/www.zerdab.com\/?p=15946#breadcrumb\",\"itemListElement\":[{\"@type\":\"ListItem\",\"position\":1,\"name\":\"Home\",\"item\":\"https:\/\/www.zerdab.com\/\"},{\"@type\":\"ListItem\",\"position\":2,\"name\":\"Z\u0259rdabda 28 may Respublika G\u00fcn\u00fc qeyd olundu\"}]},{\"@type\":\"WebSite\",\"@id\":\"https:\/\/www.zerdab.com\/#website\",\"url\":\"https:\/\/www.zerdab.com\/\",\"name\":\"Z\u0259rdab.com\",\"description\":\"\",\"potentialAction\":[{\"@type\":\"SearchAction\",\"target\":{\"@type\":\"EntryPoint\",\"urlTemplate\":\"https:\/\/www.zerdab.com\/?s={search_term_string}\"},\"query-input\":{\"@type\":\"PropertyValueSpecification\",\"valueRequired\":true,\"valueName\":\"search_term_string\"}}],\"inLanguage\":\"az\"},{\"@type\":\"Person\",\"@id\":\"https:\/\/www.zerdab.com\/#\/schema\/person\/97079b7570c1e89ec0d9e138c3672136\",\"name\":\"admin\",\"image\":{\"@type\":\"ImageObject\",\"inLanguage\":\"az\",\"@id\":\"https:\/\/www.zerdab.com\/#\/schema\/person\/image\/\",\"url\":\"https:\/\/secure.gravatar.com\/avatar\/d9c52a9a27c32119cb6679a077fa3e2779e5f822c451cbf01098004361d466ec?s=96&d=mm&r=g\",\"contentUrl\":\"https:\/\/secure.gravatar.com\/avatar\/d9c52a9a27c32119cb6679a077fa3e2779e5f822c451cbf01098004361d466ec?s=96&d=mm&r=g\",\"caption\":\"admin\"},\"url\":\"https:\/\/www.zerdab.com\/?author=1\"}]}<\/script>\n<!-- \/ Yoast SEO plugin. -->","yoast_head_json":{"title":"Z\u0259rdabda 28 may Respublika G\u00fcn\u00fc qeyd olundu - Z\u0259rdab.com","robots":{"index":"index","follow":"follow","max-snippet":"max-snippet:-1","max-image-preview":"max-image-preview:large","max-video-preview":"max-video-preview:-1"},"canonical":"https:\/\/www.zerdab.com\/?p=15946","og_locale":"az_AZ","og_type":"article","og_title":"Z\u0259rdabda 28 may Respublika G\u00fcn\u00fc qeyd olundu - Z\u0259rdab.com","og_description":"27 may 2014-c\u00fc il tarixd\u0259 Z\u0259rdabda Heyd\u0259r \u018fliyev park\u0131nda 28 May Respublika G\u00fcn\u00fc m\u00fcnasib\u0259til\u0259 \u00fcmumrayon t\u0259dbiri ke\u00e7irildi. T\u0259dbir i\u015ftirak\u00e7\u0131lar\u0131 \u00f6nc\u0259 Ulu \u00f6nd\u0259r Heyd\u0259r \u018fliyevin abid\u0259si \u00f6n\u00fcn\u0259 g\u00fcl v\u0259 \u00e7i\u00e7\u0259k d\u0259st\u0259l\u0259ri qoydular v\u0259 Heyd\u0259r \u018fliyev M\u0259rk\u0259zi il\u0259 tan\u0131\u015f oldular. T\u0259dbird\u0259 \u00e7\u0131x\u0131\u015f ed\u0259n Z\u0259rdab Rayon \u0130cra Hakimiyy\u0259tinin ba\u015f\u00e7\u0131s\u0131 L\u00fctv\u0259li Babayev 28 May Respublika G\u00fcn\u00fc bar\u0259d\u0259 \u0259trafl\u0131 m\u0259lumat [&hellip;]","og_url":"https:\/\/www.zerdab.com\/?p=15946","og_site_name":"Z\u0259rdab.com","article_published_time":"2014-05-27T07:07:52+00:00","article_modified_time":"2014-05-27T07:08:38+00:00","og_image":[{"url":"http:\/\/www.zerdab.com\/wp-content\/uploads\/2014\/05\/Zerdab24-550x426.jpg","type":"","width":"","height":""}],"author":"admin","twitter_card":"summary_large_image","twitter_misc":{"Written by":"admin","Est. reading time":"3 minutes"},"schema":{"@context":"https:\/\/schema.org","@graph":[{"@type":"Article","@id":"https:\/\/www.zerdab.com\/?p=15946#article","isPartOf":{"@id":"https:\/\/www.zerdab.com\/?p=15946"},"author":{"name":"admin","@id":"https:\/\/www.zerdab.com\/#\/schema\/person\/97079b7570c1e89ec0d9e138c3672136"},"headline":"Z\u0259rdabda 28 may Respublika G\u00fcn\u00fc qeyd olundu","datePublished":"2014-05-27T07:07:52+00:00","dateModified":"2014-05-27T07:08:38+00:00","mainEntityOfPage":{"@id":"https:\/\/www.zerdab.com\/?p=15946"},"wordCount":690,"commentCount":0,"image":{"@id":"https:\/\/www.zerdab.com\/?p=15946#primaryimage"},"thumbnailUrl":"http:\/\/www.zerdab.com\/wp-content\/uploads\/2014\/05\/Zerdab24-550x426.jpg","articleSection":["C\u018fM\u0130YY\u018fT"],"inLanguage":"az","potentialAction":[{"@type":"CommentAction","name":"Comment","target":["https:\/\/www.zerdab.com\/?p=15946#respond"]}]},{"@type":"WebPage","@id":"https:\/\/www.zerdab.com\/?p=15946","url":"https:\/\/www.zerdab.com\/?p=15946","name":"Z\u0259rdabda 28 may Respublika G\u00fcn\u00fc qeyd olundu - Z\u0259rdab.com","isPartOf":{"@id":"https:\/\/www.zerdab.com\/#website"},"primaryImageOfPage":{"@id":"https:\/\/www.zerdab.com\/?p=15946#primaryimage"},"image":{"@id":"https:\/\/www.zerdab.com\/?p=15946#primaryimage"},"thumbnailUrl":"http:\/\/www.zerdab.com\/wp-content\/uploads\/2014\/05\/Zerdab24-550x426.jpg","datePublished":"2014-05-27T07:07:52+00:00","dateModified":"2014-05-27T07:08:38+00:00","author":{"@id":"https:\/\/www.zerdab.com\/#\/schema\/person\/97079b7570c1e89ec0d9e138c3672136"},"breadcrumb":{"@id":"https:\/\/www.zerdab.com\/?p=15946#breadcrumb"},"inLanguage":"az","potentialAction":[{"@type":"ReadAction","target":["https:\/\/www.zerdab.com\/?p=15946"]}]},{"@type":"ImageObject","inLanguage":"az","@id":"https:\/\/www.zerdab.com\/?p=15946#primaryimage","url":"","contentUrl":""},{"@type":"BreadcrumbList","@id":"https:\/\/www.zerdab.com\/?p=15946#breadcrumb","itemListElement":[{"@type":"ListItem","position":1,"name":"Home","item":"https:\/\/www.zerdab.com\/"},{"@type":"ListItem","position":2,"name":"Z\u0259rdabda 28 may Respublika G\u00fcn\u00fc qeyd olundu"}]},{"@type":"WebSite","@id":"https:\/\/www.zerdab.com\/#website","url":"https:\/\/www.zerdab.com\/","name":"Z\u0259rdab.com","description":"","potentialAction":[{"@type":"SearchAction","target":{"@type":"EntryPoint","urlTemplate":"https:\/\/www.zerdab.com\/?s={search_term_string}"},"query-input":{"@type":"PropertyValueSpecification","valueRequired":true,"valueName":"search_term_string"}}],"inLanguage":"az"},{"@type":"Person","@id":"https:\/\/www.zerdab.com\/#\/schema\/person\/97079b7570c1e89ec0d9e138c3672136","name":"admin","image":{"@type":"ImageObject","inLanguage":"az","@id":"https:\/\/www.zerdab.com\/#\/schema\/person\/image\/","url":"https:\/\/secure.gravatar.com\/avatar\/d9c52a9a27c32119cb6679a077fa3e2779e5f822c451cbf01098004361d466ec?s=96&d=mm&r=g","contentUrl":"https:\/\/secure.gravatar.com\/avatar\/d9c52a9a27c32119cb6679a077fa3e2779e5f822c451cbf01098004361d466ec?s=96&d=mm&r=g","caption":"admin"},"url":"https:\/\/www.zerdab.com\/?author=1"}]}},"_links":{"self":[{"href":"https:\/\/www.zerdab.com\/index.php?rest_route=\/wp\/v2\/posts\/15946","targetHints":{"allow":["GET"]}}],"collection":[{"href":"https:\/\/www.zerdab.com\/index.php?rest_route=\/wp\/v2\/posts"}],"about":[{"href":"https:\/\/www.zerdab.com\/index.php?rest_route=\/wp\/v2\/types\/post"}],"author":[{"embeddable":true,"href":"https:\/\/www.zerdab.com\/index.php?rest_route=\/wp\/v2\/users\/1"}],"replies":[{"embeddable":true,"href":"https:\/\/www.zerdab.com\/index.php?rest_route=%2Fwp%2Fv2%2Fcomments&post=15946"}],"version-history":[{"count":2,"href":"https:\/\/www.zerdab.com\/index.php?rest_route=\/wp\/v2\/posts\/15946\/revisions"}],"predecessor-version":[{"id":15952,"href":"https:\/\/www.zerdab.com\/index.php?rest_route=\/wp\/v2\/posts\/15946\/revisions\/15952"}],"wp:attachment":[{"href":"https:\/\/www.zerdab.com\/index.php?rest_route=%2Fwp%2Fv2%2Fmedia&parent=15946"}],"wp:term":[{"taxonomy":"category","embeddable":true,"href":"https:\/\/www.zerdab.com\/index.php?rest_route=%2Fwp%2Fv2%2Fcategories&post=15946"},{"taxonomy":"post_tag","embeddable":true,"href":"https:\/\/www.zerdab.com\/index.php?rest_route=%2Fwp%2Fv2%2Ftags&post=15946"}],"curies":[{"name":"wp","href":"https:\/\/api.w.org\/{rel}","templated":true}]}}