{"id":15967,"date":"2014-05-30T08:30:21","date_gmt":"2014-05-30T03:30:21","guid":{"rendered":"http:\/\/www.zerdab.com\/?p=15967"},"modified":"2014-05-29T23:37:41","modified_gmt":"2014-05-29T18:37:41","slug":"dini-qurumlarla-is-uzr%c9%99-dovl%c9%99t-komit%c9%99si-z%c9%99rdabda-t%c9%99dbir-kecirdi","status":"publish","type":"post","link":"https:\/\/www.zerdab.com\/?p=15967","title":{"rendered":"Dini Qurumlarla \u0130\u015f \u00fczr\u0259 D\u00f6vl\u0259t Komit\u0259si Z\u0259rdabda t\u0259dbir ke\u00e7irdi"},"content":{"rendered":"<p><a href=\"http:\/\/www.zerdab.com\/wp-content\/uploads\/2014\/05\/zerdab-din.jpg\"><img loading=\"lazy\" decoding=\"async\" class=\"aligncenter size-large wp-image-15968\" alt=\"Zerdab\" src=\"http:\/\/www.zerdab.com\/wp-content\/uploads\/2014\/05\/zerdab-din-365x550.jpg\" width=\"365\" height=\"550\" \/><\/a>\u00a0Z\u0259rdab rayonunda Dini Qurumlarla \u0130\u015f \u00fczr\u0259 D\u00f6vl\u0259t Komit\u0259si v\u0259 Z\u0259rdab rayon \u0130cra Hakimiyy\u0259tinin t\u0259\u015fkilat\u00e7\u0131l\u0131\u011f\u0131 il\u0259 &#8220;Milli-m\u0259n\u0259vi v\u0259 \u0259n\u0259n\u0259vi d\u0259y\u0259rl\u0259rin qorunmas\u0131&#8221; m\u00f6vzusunda konfrans ke\u00e7irilib. Konfransda rayonun dini icmalar\u0131n\u0131n s\u0259drl\u0259ri, din xadiml\u0259ri, ziyal\u0131lar, el\u0259c\u0259 d\u0259 f\u0259al ictimaiyy\u0259t n\u00fcmay\u0259nd\u0259l\u0259ri i\u015ftirak edib.<\/p>\n<p>Konfrans\u0131 giri\u015f s\u00f6z\u00fc il\u0259 a\u00e7an Z\u0259rdab Rayon \u0130cra Hakimiyy\u0259ti Ba\u015f\u00e7\u0131s\u0131n\u0131n m\u00fcavini P\u0259rvin Mahmudova konfrans\u0131n ke\u00e7irilm\u0259si m\u0259qs\u0259dini a\u00e7\u0131qlay\u0131b: &#8220;Konfrans\u0131n \u0259sas m\u0259qs\u0259di d\u00f6vl\u0259t-din m\u00fcnasib\u0259tl\u0259rinin daha y\u00fcks\u0259k s\u0259viyy\u0259d\u0259 t\u0259nziml\u0259nm\u0259si, dini maarifl\u0259ndirm\u0259 i\u015finin t\u0259\u015fkili v\u0259 apar\u0131lmas\u0131, h\u0259m\u00e7inin dini icmalar\u0131n c\u0259miyy\u0259td\u0259 radikalizm meyll\u0259rinin qar\u015f\u0131s\u0131n\u0131n al\u0131nmas\u0131 v\u0259 sosial probleml\u0259rinin h\u0259lli prosesin\u0259 c\u0259lb olunmas\u0131d\u0131r&#8221;.<\/p>\n<p>Natiq bu istiqam\u0259td\u0259 \u00fcmummilli lider Heyd\u0259r \u018fliyevin m\u00fcst\u0259sna xidm\u0259tl\u0259rini qeyd edib v\u0259 haz\u0131rda \u00f6lk\u0259 Prezidenti c\u0259nab \u0130lham \u018fliyevin milli-m\u0259n\u0259vi d\u0259y\u0259rl\u0259rimizin, dinimizin inki\u015faf\u0131 \u00fc\u00e7\u00fcn h\u0259yata ke\u00e7irdiyi i\u015fl\u0259rd\u0259n dan\u0131\u015f\u0131b, d\u00f6vl\u0259tin din siyas\u0259tinin pozitiv d\u00fcny\u0259vi\u00e7ilik \u0259sas\u0131nda quruldu\u011funu vur\u011fulay\u0131b. Onun s\u00f6zl\u0259rin\u0259 g\u00f6r\u0259, bunun n\u00fcmun\u0259si olaraq d\u00f6vl\u0259t ba\u015f\u00e7\u0131s\u0131n\u0131n qay\u011f\u0131s\u0131 n\u0259tic\u0259sind\u0259 son 10 il \u0259rzind\u0259 \u00f6lk\u0259d\u0259 216 m\u0259scidd\u0259 in\u015fa v\u0259 \u0259sasl\u0131 t\u0259mir v\u0259 yenid\u0259n qurma i\u015fl\u0259ri apar\u0131l\u0131b, o c\u00fcml\u0259d\u0259n d\u00f6vl\u0259t v\u0259saiti hesab\u0131na 10 m\u0259scid tikilib v\u0259 ya \u0259sasl\u0131 b\u0259rpa olunub.<\/p>\n<p>Sonra Dini Qurumlarla \u0130\u015f \u00fczr\u0259 D\u00f6vl\u0259t Komit\u0259sinin s\u0259dr m\u00fcavini G\u00fcnd\u00fcz \u0130smay\u0131lov \u00a0\u00a0\u201cMilli-m\u0259n\u0259vi d\u0259y\u0259rl\u0259rin qorunmas\u0131\u201d m\u00f6vzusunda \u00e7\u0131x\u0131\u015f edib. Natiq qeyd edib ki, son vaxtlarda radikal dini c\u0259r\u0259yanlar v\u0259 h\u0259r\u0259k\u0259tl\u0259rin qar\u015f\u0131s\u0131n\u0131n al\u0131nmas\u0131 istiqam\u0259tind\u0259 m\u00fch\u00fcm i\u015fl\u0259r h\u0259yata ke\u00e7irilib. Bildirib ki, bu istiqam\u0259td\u0259 son d\u00f6vrd\u0259 10-dan \u00e7ox q\u0131sam\u00fcdd\u0259tli t\u0259lim kurslar\u0131 ke\u00e7irilib, 10-a yax\u0131n \u0259d\u0259biyyat n\u0259\u015fr edilib, bir s\u0131ra dini icmalar\u0131n yenid\u0259n d\u00f6vl\u0259t qeydiyyat\u0131na d\u0259st\u0259k verilib, icmalar\u0131n nizamnam\u0259l\u0259rinin qanunvericiliy\u0259 uy\u011funlu\u011funun yoxlanmas\u0131 i\u015fl\u0259rinin mexanizmi haz\u0131rlan\u0131b v\u0259 t\u0259tbiq edilib.<\/p>\n<p>M\u0259ruz\u0259 \u0259traf\u0131nda Dini Qurumlarla \u0130\u015f \u00fczr\u0259 D\u00f6vl\u0259t Komit\u0259sinin \u015eirvan b\u00f6lg\u0259si \u00fczr\u0259 \u015f\u00f6b\u0259 m\u00fcdiri Nizami M\u0259mm\u0259dov v\u0259 rayon ictimaiyy\u0259tinin n\u00fcmay\u0259nd\u0259l\u0259ri, din xadiml\u0259ri \u00e7\u0131x\u0131\u015f edibl\u0259r.<\/p>\n<p><span style=\"color: #0000ff;\"><b>Z\u0259rdab Rayon \u0130cra Hakimiyy\u0259ti<\/b><\/span><\/p>\n<p><a href=\"http:\/\/www.zerdab.com\/wp-content\/uploads\/2014\/05\/zerdab-din1.jpg\"><img loading=\"lazy\" decoding=\"async\" class=\"aligncenter size-large wp-image-15969\" alt=\"Zerdab\" src=\"http:\/\/www.zerdab.com\/wp-content\/uploads\/2014\/05\/zerdab-din1-550x365.jpg\" width=\"550\" height=\"365\" \/><\/a><a href=\"http:\/\/www.zerdab.com\/wp-content\/uploads\/2014\/05\/zerdab-din2.jpg\"><img loading=\"lazy\" decoding=\"async\" class=\"aligncenter size-large wp-image-15970\" alt=\"Zerdab\" src=\"http:\/\/www.zerdab.com\/wp-content\/uploads\/2014\/05\/zerdab-din2-550x365.jpg\" width=\"550\" height=\"365\" \/><\/a><\/p>\n","protected":false},"excerpt":{"rendered":"<p>\u00a0Z\u0259rdab rayonunda Dini Qurumlarla \u0130\u015f \u00fczr\u0259 D\u00f6vl\u0259t Komit\u0259si v\u0259 Z\u0259rdab rayon \u0130cra Hakimiyy\u0259tinin t\u0259\u015fkilat\u00e7\u0131l\u0131\u011f\u0131 il\u0259 &#8220;Milli-m\u0259n\u0259vi v\u0259 \u0259n\u0259n\u0259vi d\u0259y\u0259rl\u0259rin qorunmas\u0131&#8221; m\u00f6vzusunda konfrans ke\u00e7irilib. Konfransda rayonun dini icmalar\u0131n\u0131n s\u0259drl\u0259ri, din xadiml\u0259ri, ziyal\u0131lar, el\u0259c\u0259 d\u0259 f\u0259al ictimaiyy\u0259t n\u00fcmay\u0259nd\u0259l\u0259ri i\u015ftirak edib. Konfrans\u0131 giri\u015f s\u00f6z\u00fc il\u0259 a\u00e7an Z\u0259rdab Rayon \u0130cra Hakimiyy\u0259ti Ba\u015f\u00e7\u0131s\u0131n\u0131n m\u00fcavini P\u0259rvin Mahmudova konfrans\u0131n ke\u00e7irilm\u0259si m\u0259qs\u0259dini a\u00e7\u0131qlay\u0131b: [&hellip;]<\/p>\n","protected":false},"author":1,"featured_media":0,"comment_status":"open","ping_status":"open","sticky":false,"template":"","format":"standard","meta":{"footnotes":""},"categories":[21],"tags":[],"class_list":{"0":"post-15967","1":"post","2":"type-post","3":"status-publish","4":"format-standard","6":"category-zrdab"},"yoast_head":"<!-- This site is optimized with the Yoast SEO plugin v27.0 - https:\/\/yoast.com\/product\/yoast-seo-wordpress\/ -->\n<title>Dini Qurumlarla \u0130\u015f \u00fczr\u0259 D\u00f6vl\u0259t Komit\u0259si Z\u0259rdabda t\u0259dbir ke\u00e7irdi - Z\u0259rdab.com<\/title>\n<meta name=\"robots\" content=\"index, follow, max-snippet:-1, max-image-preview:large, max-video-preview:-1\" \/>\n<link rel=\"canonical\" href=\"https:\/\/www.zerdab.com\/?p=15967\" \/>\n<meta property=\"og:locale\" content=\"az_AZ\" \/>\n<meta property=\"og:type\" content=\"article\" \/>\n<meta property=\"og:title\" content=\"Dini Qurumlarla \u0130\u015f \u00fczr\u0259 D\u00f6vl\u0259t Komit\u0259si Z\u0259rdabda t\u0259dbir ke\u00e7irdi - Z\u0259rdab.com\" \/>\n<meta property=\"og:description\" content=\"\u00a0Z\u0259rdab rayonunda Dini Qurumlarla \u0130\u015f \u00fczr\u0259 D\u00f6vl\u0259t Komit\u0259si v\u0259 Z\u0259rdab rayon \u0130cra Hakimiyy\u0259tinin t\u0259\u015fkilat\u00e7\u0131l\u0131\u011f\u0131 il\u0259 &#8220;Milli-m\u0259n\u0259vi v\u0259 \u0259n\u0259n\u0259vi d\u0259y\u0259rl\u0259rin qorunmas\u0131&#8221; m\u00f6vzusunda konfrans ke\u00e7irilib. Konfransda rayonun dini icmalar\u0131n\u0131n s\u0259drl\u0259ri, din xadiml\u0259ri, ziyal\u0131lar, el\u0259c\u0259 d\u0259 f\u0259al ictimaiyy\u0259t n\u00fcmay\u0259nd\u0259l\u0259ri i\u015ftirak edib. Konfrans\u0131 giri\u015f s\u00f6z\u00fc il\u0259 a\u00e7an Z\u0259rdab Rayon \u0130cra Hakimiyy\u0259ti Ba\u015f\u00e7\u0131s\u0131n\u0131n m\u00fcavini P\u0259rvin Mahmudova konfrans\u0131n ke\u00e7irilm\u0259si m\u0259qs\u0259dini a\u00e7\u0131qlay\u0131b: [&hellip;]\" \/>\n<meta property=\"og:url\" content=\"https:\/\/www.zerdab.com\/?p=15967\" \/>\n<meta property=\"og:site_name\" content=\"Z\u0259rdab.com\" \/>\n<meta property=\"article:published_time\" content=\"2014-05-30T03:30:21+00:00\" \/>\n<meta property=\"og:image\" content=\"http:\/\/www.zerdab.com\/wp-content\/uploads\/2014\/05\/zerdab-din-365x550.jpg\" \/>\n<meta name=\"author\" content=\"admin\" \/>\n<meta name=\"twitter:card\" content=\"summary_large_image\" \/>\n<meta name=\"twitter:label1\" content=\"Written by\" \/>\n\t<meta name=\"twitter:data1\" content=\"admin\" \/>\n\t<meta name=\"twitter:label2\" content=\"Est. reading time\" \/>\n\t<meta name=\"twitter:data2\" content=\"2 minutes\" \/>\n<script type=\"application\/ld+json\" class=\"yoast-schema-graph\">{\"@context\":\"https:\/\/schema.org\",\"@graph\":[{\"@type\":\"Article\",\"@id\":\"https:\/\/www.zerdab.com\/?p=15967#article\",\"isPartOf\":{\"@id\":\"https:\/\/www.zerdab.com\/?p=15967\"},\"author\":{\"name\":\"admin\",\"@id\":\"https:\/\/www.zerdab.com\/#\/schema\/person\/97079b7570c1e89ec0d9e138c3672136\"},\"headline\":\"Dini Qurumlarla \u0130\u015f \u00fczr\u0259 D\u00f6vl\u0259t Komit\u0259si Z\u0259rdabda t\u0259dbir ke\u00e7irdi\",\"datePublished\":\"2014-05-30T03:30:21+00:00\",\"mainEntityOfPage\":{\"@id\":\"https:\/\/www.zerdab.com\/?p=15967\"},\"wordCount\":486,\"commentCount\":0,\"image\":{\"@id\":\"https:\/\/www.zerdab.com\/?p=15967#primaryimage\"},\"thumbnailUrl\":\"http:\/\/www.zerdab.com\/wp-content\/uploads\/2014\/05\/zerdab-din-365x550.jpg\",\"articleSection\":[\"C\u018fM\u0130YY\u018fT\"],\"inLanguage\":\"az\",\"potentialAction\":[{\"@type\":\"CommentAction\",\"name\":\"Comment\",\"target\":[\"https:\/\/www.zerdab.com\/?p=15967#respond\"]}]},{\"@type\":\"WebPage\",\"@id\":\"https:\/\/www.zerdab.com\/?p=15967\",\"url\":\"https:\/\/www.zerdab.com\/?p=15967\",\"name\":\"Dini Qurumlarla \u0130\u015f \u00fczr\u0259 D\u00f6vl\u0259t Komit\u0259si Z\u0259rdabda t\u0259dbir ke\u00e7irdi - Z\u0259rdab.com\",\"isPartOf\":{\"@id\":\"https:\/\/www.zerdab.com\/#website\"},\"primaryImageOfPage\":{\"@id\":\"https:\/\/www.zerdab.com\/?p=15967#primaryimage\"},\"image\":{\"@id\":\"https:\/\/www.zerdab.com\/?p=15967#primaryimage\"},\"thumbnailUrl\":\"http:\/\/www.zerdab.com\/wp-content\/uploads\/2014\/05\/zerdab-din-365x550.jpg\",\"datePublished\":\"2014-05-30T03:30:21+00:00\",\"author\":{\"@id\":\"https:\/\/www.zerdab.com\/#\/schema\/person\/97079b7570c1e89ec0d9e138c3672136\"},\"breadcrumb\":{\"@id\":\"https:\/\/www.zerdab.com\/?p=15967#breadcrumb\"},\"inLanguage\":\"az\",\"potentialAction\":[{\"@type\":\"ReadAction\",\"target\":[\"https:\/\/www.zerdab.com\/?p=15967\"]}]},{\"@type\":\"ImageObject\",\"inLanguage\":\"az\",\"@id\":\"https:\/\/www.zerdab.com\/?p=15967#primaryimage\",\"url\":\"\",\"contentUrl\":\"\"},{\"@type\":\"BreadcrumbList\",\"@id\":\"https:\/\/www.zerdab.com\/?p=15967#breadcrumb\",\"itemListElement\":[{\"@type\":\"ListItem\",\"position\":1,\"name\":\"Home\",\"item\":\"https:\/\/www.zerdab.com\/\"},{\"@type\":\"ListItem\",\"position\":2,\"name\":\"Dini Qurumlarla \u0130\u015f \u00fczr\u0259 D\u00f6vl\u0259t Komit\u0259si Z\u0259rdabda t\u0259dbir ke\u00e7irdi\"}]},{\"@type\":\"WebSite\",\"@id\":\"https:\/\/www.zerdab.com\/#website\",\"url\":\"https:\/\/www.zerdab.com\/\",\"name\":\"Z\u0259rdab.com\",\"description\":\"\",\"potentialAction\":[{\"@type\":\"SearchAction\",\"target\":{\"@type\":\"EntryPoint\",\"urlTemplate\":\"https:\/\/www.zerdab.com\/?s={search_term_string}\"},\"query-input\":{\"@type\":\"PropertyValueSpecification\",\"valueRequired\":true,\"valueName\":\"search_term_string\"}}],\"inLanguage\":\"az\"},{\"@type\":\"Person\",\"@id\":\"https:\/\/www.zerdab.com\/#\/schema\/person\/97079b7570c1e89ec0d9e138c3672136\",\"name\":\"admin\",\"image\":{\"@type\":\"ImageObject\",\"inLanguage\":\"az\",\"@id\":\"https:\/\/www.zerdab.com\/#\/schema\/person\/image\/\",\"url\":\"https:\/\/secure.gravatar.com\/avatar\/d9c52a9a27c32119cb6679a077fa3e2779e5f822c451cbf01098004361d466ec?s=96&d=mm&r=g\",\"contentUrl\":\"https:\/\/secure.gravatar.com\/avatar\/d9c52a9a27c32119cb6679a077fa3e2779e5f822c451cbf01098004361d466ec?s=96&d=mm&r=g\",\"caption\":\"admin\"},\"url\":\"https:\/\/www.zerdab.com\/?author=1\"}]}<\/script>\n<!-- \/ Yoast SEO plugin. -->","yoast_head_json":{"title":"Dini Qurumlarla \u0130\u015f \u00fczr\u0259 D\u00f6vl\u0259t Komit\u0259si Z\u0259rdabda t\u0259dbir ke\u00e7irdi - Z\u0259rdab.com","robots":{"index":"index","follow":"follow","max-snippet":"max-snippet:-1","max-image-preview":"max-image-preview:large","max-video-preview":"max-video-preview:-1"},"canonical":"https:\/\/www.zerdab.com\/?p=15967","og_locale":"az_AZ","og_type":"article","og_title":"Dini Qurumlarla \u0130\u015f \u00fczr\u0259 D\u00f6vl\u0259t Komit\u0259si Z\u0259rdabda t\u0259dbir ke\u00e7irdi - Z\u0259rdab.com","og_description":"\u00a0Z\u0259rdab rayonunda Dini Qurumlarla \u0130\u015f \u00fczr\u0259 D\u00f6vl\u0259t Komit\u0259si v\u0259 Z\u0259rdab rayon \u0130cra Hakimiyy\u0259tinin t\u0259\u015fkilat\u00e7\u0131l\u0131\u011f\u0131 il\u0259 &#8220;Milli-m\u0259n\u0259vi v\u0259 \u0259n\u0259n\u0259vi d\u0259y\u0259rl\u0259rin qorunmas\u0131&#8221; m\u00f6vzusunda konfrans ke\u00e7irilib. Konfransda rayonun dini icmalar\u0131n\u0131n s\u0259drl\u0259ri, din xadiml\u0259ri, ziyal\u0131lar, el\u0259c\u0259 d\u0259 f\u0259al ictimaiyy\u0259t n\u00fcmay\u0259nd\u0259l\u0259ri i\u015ftirak edib. Konfrans\u0131 giri\u015f s\u00f6z\u00fc il\u0259 a\u00e7an Z\u0259rdab Rayon \u0130cra Hakimiyy\u0259ti Ba\u015f\u00e7\u0131s\u0131n\u0131n m\u00fcavini P\u0259rvin Mahmudova konfrans\u0131n ke\u00e7irilm\u0259si m\u0259qs\u0259dini a\u00e7\u0131qlay\u0131b: [&hellip;]","og_url":"https:\/\/www.zerdab.com\/?p=15967","og_site_name":"Z\u0259rdab.com","article_published_time":"2014-05-30T03:30:21+00:00","og_image":[{"url":"http:\/\/www.zerdab.com\/wp-content\/uploads\/2014\/05\/zerdab-din-365x550.jpg","type":"","width":"","height":""}],"author":"admin","twitter_card":"summary_large_image","twitter_misc":{"Written by":"admin","Est. reading time":"2 minutes"},"schema":{"@context":"https:\/\/schema.org","@graph":[{"@type":"Article","@id":"https:\/\/www.zerdab.com\/?p=15967#article","isPartOf":{"@id":"https:\/\/www.zerdab.com\/?p=15967"},"author":{"name":"admin","@id":"https:\/\/www.zerdab.com\/#\/schema\/person\/97079b7570c1e89ec0d9e138c3672136"},"headline":"Dini Qurumlarla \u0130\u015f \u00fczr\u0259 D\u00f6vl\u0259t Komit\u0259si Z\u0259rdabda t\u0259dbir ke\u00e7irdi","datePublished":"2014-05-30T03:30:21+00:00","mainEntityOfPage":{"@id":"https:\/\/www.zerdab.com\/?p=15967"},"wordCount":486,"commentCount":0,"image":{"@id":"https:\/\/www.zerdab.com\/?p=15967#primaryimage"},"thumbnailUrl":"http:\/\/www.zerdab.com\/wp-content\/uploads\/2014\/05\/zerdab-din-365x550.jpg","articleSection":["C\u018fM\u0130YY\u018fT"],"inLanguage":"az","potentialAction":[{"@type":"CommentAction","name":"Comment","target":["https:\/\/www.zerdab.com\/?p=15967#respond"]}]},{"@type":"WebPage","@id":"https:\/\/www.zerdab.com\/?p=15967","url":"https:\/\/www.zerdab.com\/?p=15967","name":"Dini Qurumlarla \u0130\u015f \u00fczr\u0259 D\u00f6vl\u0259t Komit\u0259si Z\u0259rdabda t\u0259dbir ke\u00e7irdi - Z\u0259rdab.com","isPartOf":{"@id":"https:\/\/www.zerdab.com\/#website"},"primaryImageOfPage":{"@id":"https:\/\/www.zerdab.com\/?p=15967#primaryimage"},"image":{"@id":"https:\/\/www.zerdab.com\/?p=15967#primaryimage"},"thumbnailUrl":"http:\/\/www.zerdab.com\/wp-content\/uploads\/2014\/05\/zerdab-din-365x550.jpg","datePublished":"2014-05-30T03:30:21+00:00","author":{"@id":"https:\/\/www.zerdab.com\/#\/schema\/person\/97079b7570c1e89ec0d9e138c3672136"},"breadcrumb":{"@id":"https:\/\/www.zerdab.com\/?p=15967#breadcrumb"},"inLanguage":"az","potentialAction":[{"@type":"ReadAction","target":["https:\/\/www.zerdab.com\/?p=15967"]}]},{"@type":"ImageObject","inLanguage":"az","@id":"https:\/\/www.zerdab.com\/?p=15967#primaryimage","url":"","contentUrl":""},{"@type":"BreadcrumbList","@id":"https:\/\/www.zerdab.com\/?p=15967#breadcrumb","itemListElement":[{"@type":"ListItem","position":1,"name":"Home","item":"https:\/\/www.zerdab.com\/"},{"@type":"ListItem","position":2,"name":"Dini Qurumlarla \u0130\u015f \u00fczr\u0259 D\u00f6vl\u0259t Komit\u0259si Z\u0259rdabda t\u0259dbir ke\u00e7irdi"}]},{"@type":"WebSite","@id":"https:\/\/www.zerdab.com\/#website","url":"https:\/\/www.zerdab.com\/","name":"Z\u0259rdab.com","description":"","potentialAction":[{"@type":"SearchAction","target":{"@type":"EntryPoint","urlTemplate":"https:\/\/www.zerdab.com\/?s={search_term_string}"},"query-input":{"@type":"PropertyValueSpecification","valueRequired":true,"valueName":"search_term_string"}}],"inLanguage":"az"},{"@type":"Person","@id":"https:\/\/www.zerdab.com\/#\/schema\/person\/97079b7570c1e89ec0d9e138c3672136","name":"admin","image":{"@type":"ImageObject","inLanguage":"az","@id":"https:\/\/www.zerdab.com\/#\/schema\/person\/image\/","url":"https:\/\/secure.gravatar.com\/avatar\/d9c52a9a27c32119cb6679a077fa3e2779e5f822c451cbf01098004361d466ec?s=96&d=mm&r=g","contentUrl":"https:\/\/secure.gravatar.com\/avatar\/d9c52a9a27c32119cb6679a077fa3e2779e5f822c451cbf01098004361d466ec?s=96&d=mm&r=g","caption":"admin"},"url":"https:\/\/www.zerdab.com\/?author=1"}]}},"_links":{"self":[{"href":"https:\/\/www.zerdab.com\/index.php?rest_route=\/wp\/v2\/posts\/15967","targetHints":{"allow":["GET"]}}],"collection":[{"href":"https:\/\/www.zerdab.com\/index.php?rest_route=\/wp\/v2\/posts"}],"about":[{"href":"https:\/\/www.zerdab.com\/index.php?rest_route=\/wp\/v2\/types\/post"}],"author":[{"embeddable":true,"href":"https:\/\/www.zerdab.com\/index.php?rest_route=\/wp\/v2\/users\/1"}],"replies":[{"embeddable":true,"href":"https:\/\/www.zerdab.com\/index.php?rest_route=%2Fwp%2Fv2%2Fcomments&post=15967"}],"version-history":[{"count":1,"href":"https:\/\/www.zerdab.com\/index.php?rest_route=\/wp\/v2\/posts\/15967\/revisions"}],"predecessor-version":[{"id":15971,"href":"https:\/\/www.zerdab.com\/index.php?rest_route=\/wp\/v2\/posts\/15967\/revisions\/15971"}],"wp:attachment":[{"href":"https:\/\/www.zerdab.com\/index.php?rest_route=%2Fwp%2Fv2%2Fmedia&parent=15967"}],"wp:term":[{"taxonomy":"category","embeddable":true,"href":"https:\/\/www.zerdab.com\/index.php?rest_route=%2Fwp%2Fv2%2Fcategories&post=15967"},{"taxonomy":"post_tag","embeddable":true,"href":"https:\/\/www.zerdab.com\/index.php?rest_route=%2Fwp%2Fv2%2Ftags&post=15967"}],"curies":[{"name":"wp","href":"https:\/\/api.w.org\/{rel}","templated":true}]}}