{"id":15977,"date":"2014-05-30T22:31:57","date_gmt":"2014-05-30T17:31:57","guid":{"rendered":"http:\/\/www.zerdab.com\/?p=15977"},"modified":"2014-05-30T22:31:57","modified_gmt":"2014-05-30T17:31:57","slug":"z%c9%99rdab-rayon-heyd%c9%99r-%c9%99liyev-m%c9%99rk%c9%99zind%c9%99-t%c9%99dbir-2","status":"publish","type":"post","link":"https:\/\/www.zerdab.com\/?p=15977","title":{"rendered":"Z\u0259rdab rayon Heyd\u0259r \u018fliyev M\u0259rk\u0259zind\u0259 t\u0259dbir"},"content":{"rendered":"<p><a href=\"http:\/\/www.zerdab.com\/wp-content\/uploads\/2014\/05\/Z\u0259rdab-rayon-Heyd\u0259r-\u018fliyev-M\u0259rk\u0259zi.jpg\"><img loading=\"lazy\" decoding=\"async\" class=\"aligncenter size-large wp-image-15978\" alt=\" Z\u0259rdab rayon Heyd\u0259r \u018fliyev M\u0259rk\u0259zi\" src=\"http:\/\/www.zerdab.com\/wp-content\/uploads\/2014\/05\/Z\u0259rdab-rayon-Heyd\u0259r-\u018fliyev-M\u0259rk\u0259zi-550x366.jpg\" width=\"550\" height=\"366\" \/><\/a>\u00dcmummilli liderimiz Heyd\u0259r \u018fliyevin anadan olmas\u0131n\u0131n 91-ci ild\u00f6n\u00fcm\u00fc il\u0259 \u0259laq\u0259dar Z\u0259rdab rayon Heyd\u0259r \u018fliyev M\u0259rk\u0259zind\u0259 ke\u00e7iril\u0259n silsil\u0259 t\u0259dbirl\u0259rin davam\u0131 olaraq \u201cAz\u0259rbaycan\u0131n \u00f6z\u00fc q\u0259d\u0259r \u0259b\u0259di olan \u015f\u0259xsiyy\u0259t\u201d adl\u0131 t\u0259dbir ke\u00e7irildi.<br \/>\n\u0130lk olaraq t\u0259dbir i\u015ftirak\u00e7\u0131lar\u0131 Heyd\u0259r \u018fliyev M\u0259rk\u0259zind\u0259 Ulu \u00d6nd\u0259rin \u015f\u0259r\u0259fli \u00f6m\u00fcr yolunun, g\u00f6rk\u0259mli siyasi v\u0259 d\u00f6vl\u0259t xadimi kimi m\u00f6ht\u0259\u015f\u0259m f\u0259aliyy\u0259tinin m\u00fcxt\u0259lif m\u0259rh\u0259l\u0259l\u0259rini \u0259ks etdir\u0259n eksponatlar v\u0259 kitab s\u0259rgil\u0259ri il\u0259 tan\u0131\u015f oldular.<br \/>\nM\u0259rk\u0259zin direktoru K\u00f6n\u00fcl R\u0259himova t\u0259dbiri giri\u015f s\u00f6z\u00fc il\u0259 a\u00e7araq qeyd etdi ki, d\u00fcnya \u015f\u00f6hr\u0259tli siyas\u0259t\u00e7i, g\u00f6rk\u0259mli d\u00f6vl\u0259t xadimi, tariximiz\u0259 qurucu xilaskar kimi daxil olmu\u015f Ulu \u00d6nd\u0259r Heyd\u0259r \u018fliyev xalq\u0131m\u0131z\u0131n taleyind\u0259, ictimai-siyasi, m\u0259n\u0259vi h\u0259yat\u0131nda misilsiz rolu olan dahi bir \u015f\u0259xsiyy\u0259tdir.<br \/>\nT\u0259dbird\u0259 dig\u0259r \u00e7\u0131x\u0131\u015f ed\u0259nl\u0259r \u00fcmummilli lider Heyd\u0259r \u018fliyevin Az\u0259rbaycan xalq\u0131n\u0131n inki\u015faf\u0131nda, d\u00fcnya \u00f6lk\u0259l\u0259ri aras\u0131nda tan\u0131nmas\u0131nda misilsiz xidm\u0259tl\u0259rind\u0259n s\u00f6z a\u00e7d\u0131lar. Bildirdil\u0259r ki, Heyd\u0259r \u018fliyevin r\u0259hb\u0259r v\u0259 lider kimi tarixi f\u0259aliyy\u0259ti n\u0259sill\u0259r \u00fc\u00e7\u00fcn b\u00f6y\u00fck bir m\u0259kt\u0259bdir. Qeyd olundu ki, \u00dcmummilli liderin \u0259sas\u0131n\u0131 qoydu\u011fu u\u011furlu sosial-iqtisadi x\u0259tt art\u0131q 11 ildir ki, \u00f6lk\u0259 Prezidenti c\u0259nab \u0130lham \u018fliyev t\u0259r\u0259find\u0259n m\u0259qs\u0259dy\u00f6nl\u00fc \u015f\u0259kild\u0259 davam etdirilir, sosial-iqtisadi sah\u0259d\u0259 b\u00f6y\u00fck ir\u0259lil\u0259yi\u015fl\u0259r\u0259 nail olunur.<br \/>\nDaha sonra m\u0259kt\u0259blil\u0259rin ifas\u0131nda \u00fcmummili lider\u0259 h\u0259sr olunan \u015feirl\u0259r dinl\u0259nildi.<\/p>\n<p><strong><span style=\"color: #0000ff;\">Z\u0259rdab rayon Heyd\u0259r \u018fliyev M\u0259rk\u0259zi<\/span><\/strong><\/p>\n","protected":false},"excerpt":{"rendered":"<p>\u00dcmummilli liderimiz Heyd\u0259r \u018fliyevin anadan olmas\u0131n\u0131n 91-ci ild\u00f6n\u00fcm\u00fc il\u0259 \u0259laq\u0259dar Z\u0259rdab rayon Heyd\u0259r \u018fliyev M\u0259rk\u0259zind\u0259 ke\u00e7iril\u0259n silsil\u0259 t\u0259dbirl\u0259rin davam\u0131 olaraq \u201cAz\u0259rbaycan\u0131n \u00f6z\u00fc q\u0259d\u0259r \u0259b\u0259di olan \u015f\u0259xsiyy\u0259t\u201d adl\u0131 t\u0259dbir ke\u00e7irildi. \u0130lk olaraq t\u0259dbir i\u015ftirak\u00e7\u0131lar\u0131 Heyd\u0259r \u018fliyev M\u0259rk\u0259zind\u0259 Ulu \u00d6nd\u0259rin \u015f\u0259r\u0259fli \u00f6m\u00fcr yolunun, g\u00f6rk\u0259mli siyasi v\u0259 d\u00f6vl\u0259t xadimi kimi m\u00f6ht\u0259\u015f\u0259m f\u0259aliyy\u0259tinin m\u00fcxt\u0259lif m\u0259rh\u0259l\u0259l\u0259rini \u0259ks etdir\u0259n eksponatlar v\u0259 [&hellip;]<\/p>\n","protected":false},"author":1,"featured_media":0,"comment_status":"open","ping_status":"open","sticky":false,"template":"","format":"standard","meta":{"footnotes":""},"categories":[5],"tags":[],"class_list":{"0":"post-15977","1":"post","2":"type-post","3":"status-publish","4":"format-standard","6":"category-knd"},"yoast_head":"<!-- This site is optimized with the Yoast SEO plugin v27.0 - https:\/\/yoast.com\/product\/yoast-seo-wordpress\/ -->\n<title>Z\u0259rdab rayon Heyd\u0259r \u018fliyev M\u0259rk\u0259zind\u0259 t\u0259dbir - Z\u0259rdab.com<\/title>\n<meta name=\"robots\" content=\"index, follow, max-snippet:-1, max-image-preview:large, max-video-preview:-1\" \/>\n<link rel=\"canonical\" href=\"https:\/\/www.zerdab.com\/?p=15977\" \/>\n<meta property=\"og:locale\" content=\"az_AZ\" \/>\n<meta property=\"og:type\" content=\"article\" \/>\n<meta property=\"og:title\" content=\"Z\u0259rdab rayon Heyd\u0259r \u018fliyev M\u0259rk\u0259zind\u0259 t\u0259dbir - Z\u0259rdab.com\" \/>\n<meta property=\"og:description\" content=\"\u00dcmummilli liderimiz Heyd\u0259r \u018fliyevin anadan olmas\u0131n\u0131n 91-ci ild\u00f6n\u00fcm\u00fc il\u0259 \u0259laq\u0259dar Z\u0259rdab rayon Heyd\u0259r \u018fliyev M\u0259rk\u0259zind\u0259 ke\u00e7iril\u0259n silsil\u0259 t\u0259dbirl\u0259rin davam\u0131 olaraq \u201cAz\u0259rbaycan\u0131n \u00f6z\u00fc q\u0259d\u0259r \u0259b\u0259di olan \u015f\u0259xsiyy\u0259t\u201d adl\u0131 t\u0259dbir ke\u00e7irildi. \u0130lk olaraq t\u0259dbir i\u015ftirak\u00e7\u0131lar\u0131 Heyd\u0259r \u018fliyev M\u0259rk\u0259zind\u0259 Ulu \u00d6nd\u0259rin \u015f\u0259r\u0259fli \u00f6m\u00fcr yolunun, g\u00f6rk\u0259mli siyasi v\u0259 d\u00f6vl\u0259t xadimi kimi m\u00f6ht\u0259\u015f\u0259m f\u0259aliyy\u0259tinin m\u00fcxt\u0259lif m\u0259rh\u0259l\u0259l\u0259rini \u0259ks etdir\u0259n eksponatlar v\u0259 [&hellip;]\" \/>\n<meta property=\"og:url\" content=\"https:\/\/www.zerdab.com\/?p=15977\" \/>\n<meta property=\"og:site_name\" content=\"Z\u0259rdab.com\" \/>\n<meta property=\"article:published_time\" content=\"2014-05-30T17:31:57+00:00\" \/>\n<meta name=\"author\" content=\"admin\" \/>\n<meta name=\"twitter:card\" content=\"summary_large_image\" \/>\n<meta name=\"twitter:label1\" content=\"Written by\" \/>\n\t<meta name=\"twitter:data1\" content=\"admin\" \/>\n\t<meta name=\"twitter:label2\" content=\"Est. reading time\" \/>\n\t<meta name=\"twitter:data2\" content=\"2 minutes\" \/>\n<script type=\"application\/ld+json\" class=\"yoast-schema-graph\">{\"@context\":\"https:\/\/schema.org\",\"@graph\":[{\"@type\":\"Article\",\"@id\":\"https:\/\/www.zerdab.com\/?p=15977#article\",\"isPartOf\":{\"@id\":\"https:\/\/www.zerdab.com\/?p=15977\"},\"author\":{\"name\":\"admin\",\"@id\":\"https:\/\/www.zerdab.com\/#\/schema\/person\/97079b7570c1e89ec0d9e138c3672136\"},\"headline\":\"Z\u0259rdab rayon Heyd\u0259r \u018fliyev M\u0259rk\u0259zind\u0259 t\u0259dbir\",\"datePublished\":\"2014-05-30T17:31:57+00:00\",\"mainEntityOfPage\":{\"@id\":\"https:\/\/www.zerdab.com\/?p=15977\"},\"wordCount\":326,\"commentCount\":0,\"articleSection\":[\"X\u018fB\u018fRL\u018fR\"],\"inLanguage\":\"az\",\"potentialAction\":[{\"@type\":\"CommentAction\",\"name\":\"Comment\",\"target\":[\"https:\/\/www.zerdab.com\/?p=15977#respond\"]}]},{\"@type\":\"WebPage\",\"@id\":\"https:\/\/www.zerdab.com\/?p=15977\",\"url\":\"https:\/\/www.zerdab.com\/?p=15977\",\"name\":\"Z\u0259rdab rayon Heyd\u0259r \u018fliyev M\u0259rk\u0259zind\u0259 t\u0259dbir - Z\u0259rdab.com\",\"isPartOf\":{\"@id\":\"https:\/\/www.zerdab.com\/#website\"},\"datePublished\":\"2014-05-30T17:31:57+00:00\",\"author\":{\"@id\":\"https:\/\/www.zerdab.com\/#\/schema\/person\/97079b7570c1e89ec0d9e138c3672136\"},\"breadcrumb\":{\"@id\":\"https:\/\/www.zerdab.com\/?p=15977#breadcrumb\"},\"inLanguage\":\"az\",\"potentialAction\":[{\"@type\":\"ReadAction\",\"target\":[\"https:\/\/www.zerdab.com\/?p=15977\"]}]},{\"@type\":\"BreadcrumbList\",\"@id\":\"https:\/\/www.zerdab.com\/?p=15977#breadcrumb\",\"itemListElement\":[{\"@type\":\"ListItem\",\"position\":1,\"name\":\"Home\",\"item\":\"https:\/\/www.zerdab.com\/\"},{\"@type\":\"ListItem\",\"position\":2,\"name\":\"Z\u0259rdab rayon Heyd\u0259r \u018fliyev M\u0259rk\u0259zind\u0259 t\u0259dbir\"}]},{\"@type\":\"WebSite\",\"@id\":\"https:\/\/www.zerdab.com\/#website\",\"url\":\"https:\/\/www.zerdab.com\/\",\"name\":\"Z\u0259rdab.com\",\"description\":\"\",\"potentialAction\":[{\"@type\":\"SearchAction\",\"target\":{\"@type\":\"EntryPoint\",\"urlTemplate\":\"https:\/\/www.zerdab.com\/?s={search_term_string}\"},\"query-input\":{\"@type\":\"PropertyValueSpecification\",\"valueRequired\":true,\"valueName\":\"search_term_string\"}}],\"inLanguage\":\"az\"},{\"@type\":\"Person\",\"@id\":\"https:\/\/www.zerdab.com\/#\/schema\/person\/97079b7570c1e89ec0d9e138c3672136\",\"name\":\"admin\",\"image\":{\"@type\":\"ImageObject\",\"inLanguage\":\"az\",\"@id\":\"https:\/\/www.zerdab.com\/#\/schema\/person\/image\/\",\"url\":\"https:\/\/secure.gravatar.com\/avatar\/d9c52a9a27c32119cb6679a077fa3e2779e5f822c451cbf01098004361d466ec?s=96&d=mm&r=g\",\"contentUrl\":\"https:\/\/secure.gravatar.com\/avatar\/d9c52a9a27c32119cb6679a077fa3e2779e5f822c451cbf01098004361d466ec?s=96&d=mm&r=g\",\"caption\":\"admin\"},\"url\":\"https:\/\/www.zerdab.com\/?author=1\"}]}<\/script>\n<!-- \/ Yoast SEO plugin. -->","yoast_head_json":{"title":"Z\u0259rdab rayon Heyd\u0259r \u018fliyev M\u0259rk\u0259zind\u0259 t\u0259dbir - Z\u0259rdab.com","robots":{"index":"index","follow":"follow","max-snippet":"max-snippet:-1","max-image-preview":"max-image-preview:large","max-video-preview":"max-video-preview:-1"},"canonical":"https:\/\/www.zerdab.com\/?p=15977","og_locale":"az_AZ","og_type":"article","og_title":"Z\u0259rdab rayon Heyd\u0259r \u018fliyev M\u0259rk\u0259zind\u0259 t\u0259dbir - Z\u0259rdab.com","og_description":"\u00dcmummilli liderimiz Heyd\u0259r \u018fliyevin anadan olmas\u0131n\u0131n 91-ci ild\u00f6n\u00fcm\u00fc il\u0259 \u0259laq\u0259dar Z\u0259rdab rayon Heyd\u0259r \u018fliyev M\u0259rk\u0259zind\u0259 ke\u00e7iril\u0259n silsil\u0259 t\u0259dbirl\u0259rin davam\u0131 olaraq \u201cAz\u0259rbaycan\u0131n \u00f6z\u00fc q\u0259d\u0259r \u0259b\u0259di olan \u015f\u0259xsiyy\u0259t\u201d adl\u0131 t\u0259dbir ke\u00e7irildi. \u0130lk olaraq t\u0259dbir i\u015ftirak\u00e7\u0131lar\u0131 Heyd\u0259r \u018fliyev M\u0259rk\u0259zind\u0259 Ulu \u00d6nd\u0259rin \u015f\u0259r\u0259fli \u00f6m\u00fcr yolunun, g\u00f6rk\u0259mli siyasi v\u0259 d\u00f6vl\u0259t xadimi kimi m\u00f6ht\u0259\u015f\u0259m f\u0259aliyy\u0259tinin m\u00fcxt\u0259lif m\u0259rh\u0259l\u0259l\u0259rini \u0259ks etdir\u0259n eksponatlar v\u0259 [&hellip;]","og_url":"https:\/\/www.zerdab.com\/?p=15977","og_site_name":"Z\u0259rdab.com","article_published_time":"2014-05-30T17:31:57+00:00","author":"admin","twitter_card":"summary_large_image","twitter_misc":{"Written by":"admin","Est. reading time":"2 minutes"},"schema":{"@context":"https:\/\/schema.org","@graph":[{"@type":"Article","@id":"https:\/\/www.zerdab.com\/?p=15977#article","isPartOf":{"@id":"https:\/\/www.zerdab.com\/?p=15977"},"author":{"name":"admin","@id":"https:\/\/www.zerdab.com\/#\/schema\/person\/97079b7570c1e89ec0d9e138c3672136"},"headline":"Z\u0259rdab rayon Heyd\u0259r \u018fliyev M\u0259rk\u0259zind\u0259 t\u0259dbir","datePublished":"2014-05-30T17:31:57+00:00","mainEntityOfPage":{"@id":"https:\/\/www.zerdab.com\/?p=15977"},"wordCount":326,"commentCount":0,"articleSection":["X\u018fB\u018fRL\u018fR"],"inLanguage":"az","potentialAction":[{"@type":"CommentAction","name":"Comment","target":["https:\/\/www.zerdab.com\/?p=15977#respond"]}]},{"@type":"WebPage","@id":"https:\/\/www.zerdab.com\/?p=15977","url":"https:\/\/www.zerdab.com\/?p=15977","name":"Z\u0259rdab rayon Heyd\u0259r \u018fliyev M\u0259rk\u0259zind\u0259 t\u0259dbir - Z\u0259rdab.com","isPartOf":{"@id":"https:\/\/www.zerdab.com\/#website"},"datePublished":"2014-05-30T17:31:57+00:00","author":{"@id":"https:\/\/www.zerdab.com\/#\/schema\/person\/97079b7570c1e89ec0d9e138c3672136"},"breadcrumb":{"@id":"https:\/\/www.zerdab.com\/?p=15977#breadcrumb"},"inLanguage":"az","potentialAction":[{"@type":"ReadAction","target":["https:\/\/www.zerdab.com\/?p=15977"]}]},{"@type":"BreadcrumbList","@id":"https:\/\/www.zerdab.com\/?p=15977#breadcrumb","itemListElement":[{"@type":"ListItem","position":1,"name":"Home","item":"https:\/\/www.zerdab.com\/"},{"@type":"ListItem","position":2,"name":"Z\u0259rdab rayon Heyd\u0259r \u018fliyev M\u0259rk\u0259zind\u0259 t\u0259dbir"}]},{"@type":"WebSite","@id":"https:\/\/www.zerdab.com\/#website","url":"https:\/\/www.zerdab.com\/","name":"Z\u0259rdab.com","description":"","potentialAction":[{"@type":"SearchAction","target":{"@type":"EntryPoint","urlTemplate":"https:\/\/www.zerdab.com\/?s={search_term_string}"},"query-input":{"@type":"PropertyValueSpecification","valueRequired":true,"valueName":"search_term_string"}}],"inLanguage":"az"},{"@type":"Person","@id":"https:\/\/www.zerdab.com\/#\/schema\/person\/97079b7570c1e89ec0d9e138c3672136","name":"admin","image":{"@type":"ImageObject","inLanguage":"az","@id":"https:\/\/www.zerdab.com\/#\/schema\/person\/image\/","url":"https:\/\/secure.gravatar.com\/avatar\/d9c52a9a27c32119cb6679a077fa3e2779e5f822c451cbf01098004361d466ec?s=96&d=mm&r=g","contentUrl":"https:\/\/secure.gravatar.com\/avatar\/d9c52a9a27c32119cb6679a077fa3e2779e5f822c451cbf01098004361d466ec?s=96&d=mm&r=g","caption":"admin"},"url":"https:\/\/www.zerdab.com\/?author=1"}]}},"_links":{"self":[{"href":"https:\/\/www.zerdab.com\/index.php?rest_route=\/wp\/v2\/posts\/15977","targetHints":{"allow":["GET"]}}],"collection":[{"href":"https:\/\/www.zerdab.com\/index.php?rest_route=\/wp\/v2\/posts"}],"about":[{"href":"https:\/\/www.zerdab.com\/index.php?rest_route=\/wp\/v2\/types\/post"}],"author":[{"embeddable":true,"href":"https:\/\/www.zerdab.com\/index.php?rest_route=\/wp\/v2\/users\/1"}],"replies":[{"embeddable":true,"href":"https:\/\/www.zerdab.com\/index.php?rest_route=%2Fwp%2Fv2%2Fcomments&post=15977"}],"version-history":[{"count":1,"href":"https:\/\/www.zerdab.com\/index.php?rest_route=\/wp\/v2\/posts\/15977\/revisions"}],"predecessor-version":[{"id":15979,"href":"https:\/\/www.zerdab.com\/index.php?rest_route=\/wp\/v2\/posts\/15977\/revisions\/15979"}],"wp:attachment":[{"href":"https:\/\/www.zerdab.com\/index.php?rest_route=%2Fwp%2Fv2%2Fmedia&parent=15977"}],"wp:term":[{"taxonomy":"category","embeddable":true,"href":"https:\/\/www.zerdab.com\/index.php?rest_route=%2Fwp%2Fv2%2Fcategories&post=15977"},{"taxonomy":"post_tag","embeddable":true,"href":"https:\/\/www.zerdab.com\/index.php?rest_route=%2Fwp%2Fv2%2Ftags&post=15977"}],"curies":[{"name":"wp","href":"https:\/\/api.w.org\/{rel}","templated":true}]}}