{"id":16075,"date":"2014-06-11T08:00:36","date_gmt":"2014-06-11T03:00:36","guid":{"rendered":"http:\/\/www.zerdab.com\/?p=16075"},"modified":"2018-12-01T12:14:37","modified_gmt":"2018-12-01T08:14:37","slug":"k%c9%99nd%c9%99bil-s%c9%99hidl%c9%99rinin-%c9%99n-kiciyi-vusal-musayev","status":"publish","type":"post","link":"https:\/\/www.zerdab.com\/?p=16075","title":{"rendered":"K\u0259nd\u0259bil \u015f\u0259hidl\u0259rinin \u0259n ki\u00e7iyi: V\u00fcsal Musayev"},"content":{"rendered":"<p><strong>YA\u015eASAYDI\u00a0 BU AY 35 YA\u015eI TAMAM OLACAQDI&#8230;<\/strong><\/p>\n<p>K\u018fND\u018fB\u0130L \u015e\u018fH\u0130DL\u018fR\u0130N\u0130N \u018fN K\u0130\u00c7\u0130Y\u0130 : V\u00dcSAL NAM\u0130Z\u018fD O\u011eLU MUSAYEV<\/p>\n<p><span style=\"color: #0000ff;\"><strong>H\u0259yat \u00fc\u00e7\u00fcn do\u011fulmu\u015fuq ,<\/strong><\/span><\/p>\n<p><span style=\"color: #0000ff;\"><strong>V\u0259t\u0259n \u00fc\u00e7\u00fcn \u00f6lm\u0259liyik! \u2013 \u00dclvi B\u00fcnyadzad\u0259 .<\/strong><\/span><\/p>\n<p>&#8230;H\u0259yat biz\u0259 m\u00fcft\u0259 verilmir. Biz onu l\u0259yaq\u0259tl\u0259 ya\u015fay\u0131b \u00f6l\u00fcm\u00fcn p\u0259nc\u0259sind\u0259n \u0259b\u0259diyy\u0259t\u0259 aparmaq \u00fc\u00e7\u00fcn b\u00f6y\u00fck m\u00fcbariz\u0259l\u0259rd\u0259n ke\u00e7m\u0259li oluruq. H\u0259l\u0259 1988-ci ild\u0259n Erm\u0259nistan\u0131n Az\u0259rbaycan torpaqlar\u0131n\u0131n b\u00fct\u00f6vl\u00fcy\u00fcn\u0259 qar\u015f\u0131 h\u0259yata ke\u00e7irm\u0259y\u0259 ba\u015flad\u0131\u011f\u0131 \u0259dal\u0259tsiz m\u00fcharib\u0259si \u00f6z\u00fcn\u00fc V\u0259t\u0259n u\u011frunda f\u0259da etm\u0259y\u0259 haz\u0131r olan o\u011fullar\u0131m\u0131z\u0131 \u00e7ox sars\u0131tm\u0131\u015fd\u0131. Bir qar\u0131\u015f torpa\u011f\u0131m\u0131z\u0131 bel\u0259 m\u0259nfur qon\u015fuya verm\u0259k ist\u0259m\u0259y\u0259n qeyr\u0259tli o\u011fullar\u0131m\u0131z \u201cT\u0259ki V\u0259t\u0259n ya\u015fas\u0131n&#8221; dey\u0259 tarixi d\u00fc\u015fm\u0259nl\u0259rimizl\u0259 vuru\u015fmaqdan \u00f6tr\u00fc m\u00fcharib\u0259 zonas\u0131na yollan\u0131rd\u0131lar. Az\u0259rbaycan\u0131n igid \u00f6vladlar\u0131 do\u011fma Qaraba\u011f\u0131m\u0131z\u0131 d\u00fc\u015fm\u0259n\u0259 t\u0259slim etm\u0259m\u0259k \u00fc\u00e7\u00fcn \u00f6lk\u0259mizin b\u00fct\u00fcn b\u00f6lg\u0259l\u0259rind\u0259n k\u00f6n\u00fcll\u00fc olaraq c\u0259bh\u0259y\u0259 &#8220;ax\u0131\u015f\u0131rd\u0131lar&#8221;. Lakin ruslar\u0131n erm\u0259nil\u0259r\u0259 havadarl\u0131\u011f\u0131 n\u0259tic\u0259sind\u0259 1990-c\u0131 ill\u0259rin \u0259vv\u0259ll\u0259rind\u0259\u00a0 Erm\u0259nistan Az\u0259rbaycan\u0131n bir \u00e7ox ya\u015fay\u0131\u015f m\u0259nt\u0259q\u0259l\u0259rini i\u015f\u011fal etdi v\u0259 1 milyondan \u00e7ox insan \u00f6z yurd yuvalar\u0131ndan did\u0259rgin d\u00fc\u015fd\u00fc. M\u00fcharib\u0259 aparan Az\u0259rbaycan v\u0259 Erm\u0259nistan t\u0259r\u0259fl\u0259ri il\u0259 apar\u0131lan dan\u0131\u015f\u0131qlar\u0131n n\u0259tic\u0259si olaraq 1994-c\u00fc il may\u0131n 8-d\u0259 t\u0259r\u0259fl\u0259r aras\u0131nda at\u0259\u015fk\u0259sin \u0259ld\u0259 edilm\u0259si bar\u0259d\u0259 imzalanm\u0131\u015f \u201cBi\u015fkek protokolu&#8221; may\u0131n 12-d\u0259 q\u00fcvv\u0259y\u0259 mindi v\u0259 h\u0259min g\u00fcn c\u0259bh\u0259 x\u0259ttind\u0259 aktiv h\u0259rbi \u0259m\u0259liyyatlar dayand\u0131r\u0131ld\u0131. Buna baxmayaraq d\u00fc\u015fm\u0259n at\u0259\u015fk\u0259si pozaraq bizim h\u0259rbi hiss\u0259l\u0259rimiz\u0259 v\u0259 \u0259sg\u0259rl\u0259rimiz\u0259 z\u0259rb\u0259l\u0259r endirm\u0259kd\u0259 davam edirdi. V\u00fcsal Musayev bel\u0259 bir vaxtda \u2013 1997\u2013ci ilin pay\u0131z\u0131nda \u0259sg\u0259ri xidm\u0259tini yerin\u0259 yetirm\u0259k \u00fc\u00e7\u00fcn h\u0259rbi hiss\u0259y\u0259 getdi. Do\u011fuldu\u011fu Z\u0259rdab rayonunun K\u0259nd\u0259bil k\u0259ndi V\u00fcsal\u0131 \u0259sl igid kimi yeti\u015fdir\u0259 bilmi\u015fdi. G\u0259nc o\u011flan 18 ya\u015f\u0131na \u00e7atanda art\u0131q k\u0259ndl\u0259rind\u0259n 5 n\u0259f\u0259r \u015f\u0259hid olmu\u015fdu:<\/p>\n<p>1. \u00c7ingiz Qas\u0131mov (1973-1992 ),<\/p>\n<p>2. El\u00e7in Hac\u0131yev (1970-1993),<\/p>\n<p>3. Namiq Qas\u0131mov (1973-1993),<\/p>\n<p>4. V\u00fcqar Abdullayev (1973-1993),<\/p>\n<p>5. D\u0259yan\u0259t \u0130smay\u0131lov (1975-1994).<\/p>\n<p>V\u00fcsal Musayev is\u0259 1979-cu ilin iyun ay\u0131nda K\u0259nd\u0259bild\u0259 do\u011fulmu\u015fdu. 1998-ci ilin 10 may\u0131nda \u015f\u0259hidlik zirv\u0259sin\u0259 yeti\u015f\u0259n V\u00fcsal G\u0259nd\u0259bil \u015f\u0259hidl\u0259rinin ya\u015fca \u0259n ki\u00e7iyi idi. V\u00fcsal el\u0259 ail\u0259d\u0259 d\u0259 sonbe\u015fik idi: N\u0259zak\u0259t, M\u0259hruz\u0259, Emin v\u0259 V\u00fcsal. N\u0259zak\u0259t M\u0259h\u0259rr\u0259mova ail\u0259 qurmas\u0131 il\u0259 \u0259laq\u0259dar haz\u0131rda Z\u0259rdabda ya\u015fay\u0131r, Z\u0259rdab rayon m\u0259d\u0259niyy\u0259t evi n\u0259zdind\u0259 f\u0259aliyy\u0259t g\u00f6st\u0259r\u0259n Veteranlar klubunda metodist v\u0259zif\u0259sind\u0259 \u00e7al\u0131\u015f\u0131r. V\u00fcsal\u0131n b\u00f6y\u00fck qarda\u015f\u0131 Emin h\u0259rbi xidm\u0259tini d\u00f6y\u00fc\u015f b\u00f6lg\u0259sind\u0259 &#8211; Qaraba\u011fda yerin\u0259 yetirib do\u011fma k\u0259ndl\u0259rin\u0259 qay\u0131tm\u0131\u015fd\u0131. Amma V\u00fcsal h\u0259rbi xidm\u0259tini Qaraba\u011fda yerin\u0259 yetirib do\u011fma k\u0259nd\u0259, \u00f6z ail\u0259sin\u0259 qay\u0131da bilm\u0259di. Atas\u0131 Namiz\u0259d Musayev V\u00fcsal\u0131n yoxlu\u011funa d\u00f6z\u0259nm\u0259di. 2009-cu ild\u0259 v\u0259fat etdi. Onu da \u015f\u0259hid o\u011flu V\u00fcsal\u0131n uyudu\u011fu K\u0259nd\u0259bil q\u0259birstanl\u0131\u011f\u0131nda d\u0259fn etdil\u0259r. B\u00f6y\u00fck bac\u0131s\u0131 N\u0259zak\u0259t xan\u0131m deyir: &#8220;Ail\u0259mizin sonbe\u015fiyi V\u00fcsal k\u0259ndimizd\u0259ki orta m\u0259kt\u0259bi bitirmi\u015fdi. B\u00f6y\u00fck bac\u0131 v\u0259 qarda\u015flar\u0131m\u0131z\u0131n h\u0259r biri m\u00fcxt\u0259lif m\u0259kt\u0259bl\u0259rd\u0259 t\u0259hsil ald\u0131qlar\u0131 \u00fc\u00e7\u00fcn V\u00fcsal valideyinl\u0259rimizin yan\u0131nda qal\u0131rd\u0131. R\u0259hm\u0259tlik atam\u0131n v\u0259 anam S\u00fcdab\u0259 xan\u0131m\u0131n qay\u011f\u0131s\u0131n\u0131 \u00e7\u0259kirdi. Ail\u0259canl\u0131 v\u0259 qohumsev\u0259n idi. K\u0259ndlil\u0259rimizl\u0259 h\u0259r d\u0259f\u0259 qar\u015f\u0131la\u015fanda onlarla el\u0259 s\u0259mimi davran\u0131rd\u0131 ki, sanki \u0259n \u0259ziz insan\u0131n\u0131 g\u00f6r\u00fcrd\u00fc. B\u0259lk\u0259 el\u0259 buna g\u00f6r\u0259 V\u00fcsal F\u00fczuli rayonunun Alxanl\u0131 k\u0259ndind\u0259 h\u0259rbi xidm\u0259tini yerin\u0259 yetir\u0259rk\u0259n \u015f\u0259hid olub k\u0259ndimiz\u0259 g\u0259tiril\u0259nd\u0259 b\u00fct\u00fcn K\u0259nd\u0259bil camaat\u0131 g\u00f6z ya\u015f\u0131 t\u00f6k\u00fcb \u0259zizini itirmi\u015f kimi a\u011flad\u0131. V\u00fcsal\u0131n n\u0259\u015fini h\u0259rbi hiss\u0259d\u0259n evimiz\u0259 g\u0259tir\u0259n komandiri v\u0259 \u0259sg\u0259r yolda\u015flar\u0131 biz\u0259 onun \u015f\u0259hidlik kitab\u00e7as\u0131n\u0131 t\u0259qdim ed\u0259rk\u0259n onu da dedil\u0259r ki, V\u00fcsal Musayev \u00fcz\u0259rin\u0259 d\u00fc\u015f\u0259n b\u00fct\u00fcn tap\u015f\u0131r\u0131qlar\u0131 layiqinc\u0259 yerin\u0259 yetirdi. Buna g\u00f6r\u0259 d\u0259f\u0259l\u0259rl\u0259 f\u0259xri f\u0259rmanlara layiq g\u00f6r\u00fcl\u00fcb, ail\u0259sin\u0259 t\u0259\u015f\u0259kk\u00fcr m\u0259ktublar\u0131 g\u00f6nd\u0259rmi\u015fik&#8221;.<\/p>\n<p>&#8230;N\u0259zak\u0259t xan\u0131m\u0131n \u00fcr\u0259yi dolu idi. O, S\u00fcdab\u0259 anan\u0131n da k\u0259d\u0259r dolu o\u011ful h\u0259sr\u0259tind\u0259n xeyli dan\u0131\u015fd\u0131. Dan\u0131\u015fd\u0131qca k\u00f6vr\u0259ldi.<\/p>\n<p>K\u0259nd\u0259bil \u015f\u0259hidl\u0259rinin \u0259n ki\u00e7iyi, Musayevl\u0259r ail\u0259sinin sonbe\u015fiyi V\u00fcsal c\u0259mi 7 ay \u0259sg\u0259ri xidm\u0259td\u0259 oldu. Xidm\u0259ti borcunu yerin\u0259 yetir\u0259rk\u0259n 1998-ci ilin 10 may\u0131nda 20 ya\u015f\u0131na 20 g\u00fcn qalm\u0131\u015f Qaraba\u011fda \u2013 F\u00fczuli rayonunun Alxanl\u0131 k\u0259ndind\u0259 \u015f\u0259hid oldu. Allah r\u0259hm\u0259t el\u0259sin! V\u0259t\u0259n sa\u011f olsun!<\/p>\n<p><span style=\"color: #0000ff;\"><strong>T\u018fRLAN ABDULLAYEVA, &#8220;\u018fK\u0130N\u00c7\u0130&#8221;N\u0130N M\u00dcXB\u0130R\u0130<\/strong><\/span><\/p>\n","protected":false},"excerpt":{"rendered":"<p>YA\u015eASAYDI\u00a0 BU AY 35 YA\u015eI TAMAM OLACAQDI&#8230; K\u018fND\u018fB\u0130L \u015e\u018fH\u0130DL\u018fR\u0130N\u0130N \u018fN K\u0130\u00c7\u0130Y\u0130 : V\u00dcSAL NAM\u0130Z\u018fD O\u011eLU MUSAYEV H\u0259yat \u00fc\u00e7\u00fcn do\u011fulmu\u015fuq , V\u0259t\u0259n \u00fc\u00e7\u00fcn \u00f6lm\u0259liyik! \u2013 \u00dclvi B\u00fcnyadzad\u0259 . &#8230;H\u0259yat biz\u0259 m\u00fcft\u0259 verilmir. Biz onu l\u0259yaq\u0259tl\u0259 ya\u015fay\u0131b \u00f6l\u00fcm\u00fcn p\u0259nc\u0259sind\u0259n \u0259b\u0259diyy\u0259t\u0259 aparmaq \u00fc\u00e7\u00fcn b\u00f6y\u00fck m\u00fcbariz\u0259l\u0259rd\u0259n ke\u00e7m\u0259li oluruq. H\u0259l\u0259 1988-ci ild\u0259n Erm\u0259nistan\u0131n Az\u0259rbaycan torpaqlar\u0131n\u0131n b\u00fct\u00f6vl\u00fcy\u00fcn\u0259 qar\u015f\u0131 h\u0259yata ke\u00e7irm\u0259y\u0259 ba\u015flad\u0131\u011f\u0131 [&hellip;]<\/p>\n","protected":false},"author":1,"featured_media":26241,"comment_status":"open","ping_status":"open","sticky":false,"template":"","format":"standard","meta":{"footnotes":""},"categories":[63,37],"tags":[],"class_list":{"0":"post-16075","1":"post","2":"type-post","3":"status-publish","4":"format-standard","5":"has-post-thumbnail","7":"category-manset","8":"category-shidlrimiz"},"yoast_head":"<!-- This site is optimized with the Yoast SEO plugin v27.0 - https:\/\/yoast.com\/product\/yoast-seo-wordpress\/ -->\n<title>K\u0259nd\u0259bil \u015f\u0259hidl\u0259rinin \u0259n ki\u00e7iyi: V\u00fcsal Musayev - Z\u0259rdab.com<\/title>\n<meta name=\"robots\" content=\"index, follow, max-snippet:-1, max-image-preview:large, max-video-preview:-1\" \/>\n<link rel=\"canonical\" href=\"https:\/\/www.zerdab.com\/?p=16075\" \/>\n<meta property=\"og:locale\" content=\"az_AZ\" \/>\n<meta property=\"og:type\" content=\"article\" \/>\n<meta property=\"og:title\" content=\"K\u0259nd\u0259bil \u015f\u0259hidl\u0259rinin \u0259n ki\u00e7iyi: V\u00fcsal Musayev - Z\u0259rdab.com\" \/>\n<meta property=\"og:description\" content=\"YA\u015eASAYDI\u00a0 BU AY 35 YA\u015eI TAMAM OLACAQDI&#8230; K\u018fND\u018fB\u0130L \u015e\u018fH\u0130DL\u018fR\u0130N\u0130N \u018fN K\u0130\u00c7\u0130Y\u0130 : V\u00dcSAL NAM\u0130Z\u018fD O\u011eLU MUSAYEV H\u0259yat \u00fc\u00e7\u00fcn do\u011fulmu\u015fuq , V\u0259t\u0259n \u00fc\u00e7\u00fcn \u00f6lm\u0259liyik! \u2013 \u00dclvi B\u00fcnyadzad\u0259 . &#8230;H\u0259yat biz\u0259 m\u00fcft\u0259 verilmir. Biz onu l\u0259yaq\u0259tl\u0259 ya\u015fay\u0131b \u00f6l\u00fcm\u00fcn p\u0259nc\u0259sind\u0259n \u0259b\u0259diyy\u0259t\u0259 aparmaq \u00fc\u00e7\u00fcn b\u00f6y\u00fck m\u00fcbariz\u0259l\u0259rd\u0259n ke\u00e7m\u0259li oluruq. H\u0259l\u0259 1988-ci ild\u0259n Erm\u0259nistan\u0131n Az\u0259rbaycan torpaqlar\u0131n\u0131n b\u00fct\u00f6vl\u00fcy\u00fcn\u0259 qar\u015f\u0131 h\u0259yata ke\u00e7irm\u0259y\u0259 ba\u015flad\u0131\u011f\u0131 [&hellip;]\" \/>\n<meta property=\"og:url\" content=\"https:\/\/www.zerdab.com\/?p=16075\" \/>\n<meta property=\"og:site_name\" content=\"Z\u0259rdab.com\" \/>\n<meta property=\"article:published_time\" content=\"2014-06-11T03:00:36+00:00\" \/>\n<meta property=\"article:modified_time\" content=\"2018-12-01T08:14:37+00:00\" \/>\n<meta property=\"og:image\" content=\"https:\/\/www.zerdab.com\/wp-content\/uploads\/2014\/06\/zerdab-gendebil-sehid-kendebil.jpg\" \/>\n\t<meta property=\"og:image:width\" content=\"706\" \/>\n\t<meta property=\"og:image:height\" content=\"439\" \/>\n\t<meta property=\"og:image:type\" content=\"image\/jpeg\" \/>\n<meta name=\"author\" content=\"admin\" \/>\n<meta name=\"twitter:card\" content=\"summary_large_image\" \/>\n<meta name=\"twitter:label1\" content=\"Written by\" \/>\n\t<meta name=\"twitter:data1\" content=\"admin\" \/>\n\t<meta name=\"twitter:label2\" content=\"Est. reading time\" \/>\n\t<meta name=\"twitter:data2\" content=\"5 minutes\" \/>\n<script type=\"application\/ld+json\" class=\"yoast-schema-graph\">{\"@context\":\"https:\/\/schema.org\",\"@graph\":[{\"@type\":\"Article\",\"@id\":\"https:\/\/www.zerdab.com\/?p=16075#article\",\"isPartOf\":{\"@id\":\"https:\/\/www.zerdab.com\/?p=16075\"},\"author\":{\"name\":\"admin\",\"@id\":\"https:\/\/www.zerdab.com\/#\/schema\/person\/97079b7570c1e89ec0d9e138c3672136\"},\"headline\":\"K\u0259nd\u0259bil \u015f\u0259hidl\u0259rinin \u0259n ki\u00e7iyi: V\u00fcsal Musayev\",\"datePublished\":\"2014-06-11T03:00:36+00:00\",\"dateModified\":\"2018-12-01T08:14:37+00:00\",\"mainEntityOfPage\":{\"@id\":\"https:\/\/www.zerdab.com\/?p=16075\"},\"wordCount\":984,\"commentCount\":12,\"image\":{\"@id\":\"https:\/\/www.zerdab.com\/?p=16075#primaryimage\"},\"thumbnailUrl\":\"https:\/\/www.zerdab.com\/wp-content\/uploads\/2014\/06\/zerdab-gendebil-sehid-kendebil.jpg\",\"articleSection\":[\"MAN\u015eET\",\"\u015e\u018fH\u0130DL\u018fR\u0130M\u0130Z\"],\"inLanguage\":\"az\",\"potentialAction\":[{\"@type\":\"CommentAction\",\"name\":\"Comment\",\"target\":[\"https:\/\/www.zerdab.com\/?p=16075#respond\"]}]},{\"@type\":\"WebPage\",\"@id\":\"https:\/\/www.zerdab.com\/?p=16075\",\"url\":\"https:\/\/www.zerdab.com\/?p=16075\",\"name\":\"K\u0259nd\u0259bil \u015f\u0259hidl\u0259rinin \u0259n ki\u00e7iyi: V\u00fcsal Musayev - Z\u0259rdab.com\",\"isPartOf\":{\"@id\":\"https:\/\/www.zerdab.com\/#website\"},\"primaryImageOfPage\":{\"@id\":\"https:\/\/www.zerdab.com\/?p=16075#primaryimage\"},\"image\":{\"@id\":\"https:\/\/www.zerdab.com\/?p=16075#primaryimage\"},\"thumbnailUrl\":\"https:\/\/www.zerdab.com\/wp-content\/uploads\/2014\/06\/zerdab-gendebil-sehid-kendebil.jpg\",\"datePublished\":\"2014-06-11T03:00:36+00:00\",\"dateModified\":\"2018-12-01T08:14:37+00:00\",\"author\":{\"@id\":\"https:\/\/www.zerdab.com\/#\/schema\/person\/97079b7570c1e89ec0d9e138c3672136\"},\"breadcrumb\":{\"@id\":\"https:\/\/www.zerdab.com\/?p=16075#breadcrumb\"},\"inLanguage\":\"az\",\"potentialAction\":[{\"@type\":\"ReadAction\",\"target\":[\"https:\/\/www.zerdab.com\/?p=16075\"]}]},{\"@type\":\"ImageObject\",\"inLanguage\":\"az\",\"@id\":\"https:\/\/www.zerdab.com\/?p=16075#primaryimage\",\"url\":\"https:\/\/www.zerdab.com\/wp-content\/uploads\/2014\/06\/zerdab-gendebil-sehid-kendebil.jpg\",\"contentUrl\":\"https:\/\/www.zerdab.com\/wp-content\/uploads\/2014\/06\/zerdab-gendebil-sehid-kendebil.jpg\",\"width\":706,\"height\":439,\"caption\":\"zerdab-gendebil-sehid-kendebil\"},{\"@type\":\"BreadcrumbList\",\"@id\":\"https:\/\/www.zerdab.com\/?p=16075#breadcrumb\",\"itemListElement\":[{\"@type\":\"ListItem\",\"position\":1,\"name\":\"Home\",\"item\":\"https:\/\/www.zerdab.com\/\"},{\"@type\":\"ListItem\",\"position\":2,\"name\":\"K\u0259nd\u0259bil \u015f\u0259hidl\u0259rinin \u0259n ki\u00e7iyi: V\u00fcsal Musayev\"}]},{\"@type\":\"WebSite\",\"@id\":\"https:\/\/www.zerdab.com\/#website\",\"url\":\"https:\/\/www.zerdab.com\/\",\"name\":\"Z\u0259rdab.com\",\"description\":\"\",\"potentialAction\":[{\"@type\":\"SearchAction\",\"target\":{\"@type\":\"EntryPoint\",\"urlTemplate\":\"https:\/\/www.zerdab.com\/?s={search_term_string}\"},\"query-input\":{\"@type\":\"PropertyValueSpecification\",\"valueRequired\":true,\"valueName\":\"search_term_string\"}}],\"inLanguage\":\"az\"},{\"@type\":\"Person\",\"@id\":\"https:\/\/www.zerdab.com\/#\/schema\/person\/97079b7570c1e89ec0d9e138c3672136\",\"name\":\"admin\",\"image\":{\"@type\":\"ImageObject\",\"inLanguage\":\"az\",\"@id\":\"https:\/\/www.zerdab.com\/#\/schema\/person\/image\/\",\"url\":\"https:\/\/secure.gravatar.com\/avatar\/d9c52a9a27c32119cb6679a077fa3e2779e5f822c451cbf01098004361d466ec?s=96&d=mm&r=g\",\"contentUrl\":\"https:\/\/secure.gravatar.com\/avatar\/d9c52a9a27c32119cb6679a077fa3e2779e5f822c451cbf01098004361d466ec?s=96&d=mm&r=g\",\"caption\":\"admin\"},\"url\":\"https:\/\/www.zerdab.com\/?author=1\"}]}<\/script>\n<!-- \/ Yoast SEO plugin. -->","yoast_head_json":{"title":"K\u0259nd\u0259bil \u015f\u0259hidl\u0259rinin \u0259n ki\u00e7iyi: V\u00fcsal Musayev - Z\u0259rdab.com","robots":{"index":"index","follow":"follow","max-snippet":"max-snippet:-1","max-image-preview":"max-image-preview:large","max-video-preview":"max-video-preview:-1"},"canonical":"https:\/\/www.zerdab.com\/?p=16075","og_locale":"az_AZ","og_type":"article","og_title":"K\u0259nd\u0259bil \u015f\u0259hidl\u0259rinin \u0259n ki\u00e7iyi: V\u00fcsal Musayev - Z\u0259rdab.com","og_description":"YA\u015eASAYDI\u00a0 BU AY 35 YA\u015eI TAMAM OLACAQDI&#8230; K\u018fND\u018fB\u0130L \u015e\u018fH\u0130DL\u018fR\u0130N\u0130N \u018fN K\u0130\u00c7\u0130Y\u0130 : V\u00dcSAL NAM\u0130Z\u018fD O\u011eLU MUSAYEV H\u0259yat \u00fc\u00e7\u00fcn do\u011fulmu\u015fuq , V\u0259t\u0259n \u00fc\u00e7\u00fcn \u00f6lm\u0259liyik! \u2013 \u00dclvi B\u00fcnyadzad\u0259 . &#8230;H\u0259yat biz\u0259 m\u00fcft\u0259 verilmir. Biz onu l\u0259yaq\u0259tl\u0259 ya\u015fay\u0131b \u00f6l\u00fcm\u00fcn p\u0259nc\u0259sind\u0259n \u0259b\u0259diyy\u0259t\u0259 aparmaq \u00fc\u00e7\u00fcn b\u00f6y\u00fck m\u00fcbariz\u0259l\u0259rd\u0259n ke\u00e7m\u0259li oluruq. H\u0259l\u0259 1988-ci ild\u0259n Erm\u0259nistan\u0131n Az\u0259rbaycan torpaqlar\u0131n\u0131n b\u00fct\u00f6vl\u00fcy\u00fcn\u0259 qar\u015f\u0131 h\u0259yata ke\u00e7irm\u0259y\u0259 ba\u015flad\u0131\u011f\u0131 [&hellip;]","og_url":"https:\/\/www.zerdab.com\/?p=16075","og_site_name":"Z\u0259rdab.com","article_published_time":"2014-06-11T03:00:36+00:00","article_modified_time":"2018-12-01T08:14:37+00:00","og_image":[{"width":706,"height":439,"url":"https:\/\/www.zerdab.com\/wp-content\/uploads\/2014\/06\/zerdab-gendebil-sehid-kendebil.jpg","type":"image\/jpeg"}],"author":"admin","twitter_card":"summary_large_image","twitter_misc":{"Written by":"admin","Est. reading time":"5 minutes"},"schema":{"@context":"https:\/\/schema.org","@graph":[{"@type":"Article","@id":"https:\/\/www.zerdab.com\/?p=16075#article","isPartOf":{"@id":"https:\/\/www.zerdab.com\/?p=16075"},"author":{"name":"admin","@id":"https:\/\/www.zerdab.com\/#\/schema\/person\/97079b7570c1e89ec0d9e138c3672136"},"headline":"K\u0259nd\u0259bil \u015f\u0259hidl\u0259rinin \u0259n ki\u00e7iyi: V\u00fcsal Musayev","datePublished":"2014-06-11T03:00:36+00:00","dateModified":"2018-12-01T08:14:37+00:00","mainEntityOfPage":{"@id":"https:\/\/www.zerdab.com\/?p=16075"},"wordCount":984,"commentCount":12,"image":{"@id":"https:\/\/www.zerdab.com\/?p=16075#primaryimage"},"thumbnailUrl":"https:\/\/www.zerdab.com\/wp-content\/uploads\/2014\/06\/zerdab-gendebil-sehid-kendebil.jpg","articleSection":["MAN\u015eET","\u015e\u018fH\u0130DL\u018fR\u0130M\u0130Z"],"inLanguage":"az","potentialAction":[{"@type":"CommentAction","name":"Comment","target":["https:\/\/www.zerdab.com\/?p=16075#respond"]}]},{"@type":"WebPage","@id":"https:\/\/www.zerdab.com\/?p=16075","url":"https:\/\/www.zerdab.com\/?p=16075","name":"K\u0259nd\u0259bil \u015f\u0259hidl\u0259rinin \u0259n ki\u00e7iyi: V\u00fcsal Musayev - Z\u0259rdab.com","isPartOf":{"@id":"https:\/\/www.zerdab.com\/#website"},"primaryImageOfPage":{"@id":"https:\/\/www.zerdab.com\/?p=16075#primaryimage"},"image":{"@id":"https:\/\/www.zerdab.com\/?p=16075#primaryimage"},"thumbnailUrl":"https:\/\/www.zerdab.com\/wp-content\/uploads\/2014\/06\/zerdab-gendebil-sehid-kendebil.jpg","datePublished":"2014-06-11T03:00:36+00:00","dateModified":"2018-12-01T08:14:37+00:00","author":{"@id":"https:\/\/www.zerdab.com\/#\/schema\/person\/97079b7570c1e89ec0d9e138c3672136"},"breadcrumb":{"@id":"https:\/\/www.zerdab.com\/?p=16075#breadcrumb"},"inLanguage":"az","potentialAction":[{"@type":"ReadAction","target":["https:\/\/www.zerdab.com\/?p=16075"]}]},{"@type":"ImageObject","inLanguage":"az","@id":"https:\/\/www.zerdab.com\/?p=16075#primaryimage","url":"https:\/\/www.zerdab.com\/wp-content\/uploads\/2014\/06\/zerdab-gendebil-sehid-kendebil.jpg","contentUrl":"https:\/\/www.zerdab.com\/wp-content\/uploads\/2014\/06\/zerdab-gendebil-sehid-kendebil.jpg","width":706,"height":439,"caption":"zerdab-gendebil-sehid-kendebil"},{"@type":"BreadcrumbList","@id":"https:\/\/www.zerdab.com\/?p=16075#breadcrumb","itemListElement":[{"@type":"ListItem","position":1,"name":"Home","item":"https:\/\/www.zerdab.com\/"},{"@type":"ListItem","position":2,"name":"K\u0259nd\u0259bil \u015f\u0259hidl\u0259rinin \u0259n ki\u00e7iyi: V\u00fcsal Musayev"}]},{"@type":"WebSite","@id":"https:\/\/www.zerdab.com\/#website","url":"https:\/\/www.zerdab.com\/","name":"Z\u0259rdab.com","description":"","potentialAction":[{"@type":"SearchAction","target":{"@type":"EntryPoint","urlTemplate":"https:\/\/www.zerdab.com\/?s={search_term_string}"},"query-input":{"@type":"PropertyValueSpecification","valueRequired":true,"valueName":"search_term_string"}}],"inLanguage":"az"},{"@type":"Person","@id":"https:\/\/www.zerdab.com\/#\/schema\/person\/97079b7570c1e89ec0d9e138c3672136","name":"admin","image":{"@type":"ImageObject","inLanguage":"az","@id":"https:\/\/www.zerdab.com\/#\/schema\/person\/image\/","url":"https:\/\/secure.gravatar.com\/avatar\/d9c52a9a27c32119cb6679a077fa3e2779e5f822c451cbf01098004361d466ec?s=96&d=mm&r=g","contentUrl":"https:\/\/secure.gravatar.com\/avatar\/d9c52a9a27c32119cb6679a077fa3e2779e5f822c451cbf01098004361d466ec?s=96&d=mm&r=g","caption":"admin"},"url":"https:\/\/www.zerdab.com\/?author=1"}]}},"_links":{"self":[{"href":"https:\/\/www.zerdab.com\/index.php?rest_route=\/wp\/v2\/posts\/16075","targetHints":{"allow":["GET"]}}],"collection":[{"href":"https:\/\/www.zerdab.com\/index.php?rest_route=\/wp\/v2\/posts"}],"about":[{"href":"https:\/\/www.zerdab.com\/index.php?rest_route=\/wp\/v2\/types\/post"}],"author":[{"embeddable":true,"href":"https:\/\/www.zerdab.com\/index.php?rest_route=\/wp\/v2\/users\/1"}],"replies":[{"embeddable":true,"href":"https:\/\/www.zerdab.com\/index.php?rest_route=%2Fwp%2Fv2%2Fcomments&post=16075"}],"version-history":[{"count":2,"href":"https:\/\/www.zerdab.com\/index.php?rest_route=\/wp\/v2\/posts\/16075\/revisions"}],"predecessor-version":[{"id":26242,"href":"https:\/\/www.zerdab.com\/index.php?rest_route=\/wp\/v2\/posts\/16075\/revisions\/26242"}],"wp:featuredmedia":[{"embeddable":true,"href":"https:\/\/www.zerdab.com\/index.php?rest_route=\/wp\/v2\/media\/26241"}],"wp:attachment":[{"href":"https:\/\/www.zerdab.com\/index.php?rest_route=%2Fwp%2Fv2%2Fmedia&parent=16075"}],"wp:term":[{"taxonomy":"category","embeddable":true,"href":"https:\/\/www.zerdab.com\/index.php?rest_route=%2Fwp%2Fv2%2Fcategories&post=16075"},{"taxonomy":"post_tag","embeddable":true,"href":"https:\/\/www.zerdab.com\/index.php?rest_route=%2Fwp%2Fv2%2Ftags&post=16075"}],"curies":[{"name":"wp","href":"https:\/\/api.w.org\/{rel}","templated":true}]}}