{"id":16094,"date":"2014-06-14T12:55:46","date_gmt":"2014-06-14T07:55:46","guid":{"rendered":"http:\/\/www.zerdab.com\/?p=16094"},"modified":"2014-06-14T12:58:52","modified_gmt":"2014-06-14T07:58:52","slug":"z%c9%99rdabda-milli-qurtulus-gunu-qeyd-edildi-fotolar","status":"publish","type":"post","link":"https:\/\/www.zerdab.com\/?p=16094","title":{"rendered":"Z\u018fRDABDA M\u0130LL\u0130 QURTULU\u015e G\u00dcN\u00dc QEYD ED\u0130LD\u0130-FOTOLAR"},"content":{"rendered":"<p><a href=\"http:\/\/www.zerdab.com\/wp-content\/uploads\/2014\/06\/Milli-Qurtulu\u015f-Z\u0259rdab.jpg\"><img loading=\"lazy\" decoding=\"async\" class=\"aligncenter size-large wp-image-16096\" alt=\"Z\u0259rdab\" src=\"http:\/\/www.zerdab.com\/wp-content\/uploads\/2014\/06\/Milli-Qurtulu\u015f-Z\u0259rdab-550x365.jpg\" width=\"550\" height=\"365\" \/><\/a>\u00a0\u00a0\u00a0\u00a0 Z\u0259rdabda 15 iyun Milli Qurtulu\u015f g\u00fcn\u00fc m\u00fcnasib\u0259til\u0259 \u00fcmumrayon y\u0131\u011f\u0131nca\u011f\u0131 ke\u00e7irildi. T\u0259dbir i\u015ftirak\u00e7\u0131lar\u0131 \u0259vv\u0259lc\u0259 Ulu \u00d6nd\u0259r Heyd\u0259r \u018fliyevin abid\u0259si \u00f6n\u00fcn\u0259 g\u00fcl d\u0259st\u0259l\u0259ri qoydular. Daha sonra i\u015ftirak\u00e7\u0131lar Heyd\u0259r \u018fliyev M\u0259rk\u0259zi il\u0259 tan\u0131\u015f oldular.<a href=\"http:\/\/www.zerdab.com\/wp-content\/uploads\/2014\/06\/Milli-Qurtulu\u015f-Z\u0259rdab2.jpg\"><img loading=\"lazy\" decoding=\"async\" class=\"aligncenter size-large wp-image-16098\" alt=\"Z\u0259rdab\" src=\"http:\/\/www.zerdab.com\/wp-content\/uploads\/2014\/06\/Milli-Qurtulu\u015f-Z\u0259rdab2-550x365.jpg\" width=\"550\" height=\"365\" \/><\/a><\/p>\n<p>T\u0259dbiri giri\u015f s\u00f6z\u00fc il\u0259 a\u00e7an Z\u0259rdab Rayon \u0130cra Hakimiyy\u0259tinin ba\u015f\u00e7\u0131s\u0131 L\u00fctv\u0259li Babayev vur\u011fulad\u0131 ki, bu g\u00fcnl\u0259r q\u0259dirbil\u0259n xalq\u0131m\u0131z Az\u0259rbaycan\u0131n \u0259n yeni tarixind\u0259 m\u00fcst\u0259sna yeri olan Milli Qurtulu\u015f G\u00fcn\u00fcn\u00fcn 21-ci ild\u00f6n\u00fcm\u00fcn\u00fc b\u00f6y\u00fck t\u0259nt\u0259n\u0259 v\u0259\u00a0 sevinc hissi il\u0259 bayram edir. Tariximiz\u0259 Milli Qurtulu\u015f G\u00fcn\u00fc kimi daxil olmu\u015f 1993-c\u00fc ilin 15 iyun g\u00fcn\u00fc onu qiym\u0259tl\u0259ndir\u0259nl\u0259r, d\u0259rind\u0259n d\u0259rk ed\u0259nl\u0259r \u00fc\u00e7\u00fcn \u00e7ox \u0259zizdir. V\u0259t\u0259nini, xalq\u0131n\u0131 sev\u0259n h\u0259min \u00e7\u0259tin, a\u011fr\u0131l\u0131 g\u00fcnl\u0259rin d\u0259h\u015f\u0259tl\u0259rini ya\u015fayan, hadis\u0259l\u0259ri g\u00f6zl\u0259ri il\u0259 g\u00f6r\u0259n insanlar \u00fc\u00e7\u00fcn 15 iyun \u0259sl qurtulu\u015f tarixidir. Bu tarixi yaradan is\u0259 yen\u0259 d\u0259 Az\u0259rbaycan\u0131n inki\u015faf\u0131nda, m\u00fcst\u0259qilliyind\u0259, g\u0259l\u0259c\u0259yind\u0259 m\u00fcst\u0259sna rol oynayan, daim xalq\u0131na arxalanan v\u0259 xalqa arxa olan Heyd\u0259r \u018fliyevdir.<a href=\"http:\/\/www.zerdab.com\/wp-content\/uploads\/2014\/06\/Milli-Qurtulu\u015f-Z\u0259rdab3.jpg\"><img loading=\"lazy\" decoding=\"async\" class=\"aligncenter size-large wp-image-16099\" alt=\"Z\u0259rdab\" src=\"http:\/\/www.zerdab.com\/wp-content\/uploads\/2014\/06\/Milli-Qurtulu\u015f-Z\u0259rdab3-550x365.jpg\" width=\"550\" height=\"365\" \/><\/a><\/p>\n<p>L\u00fctv\u0259li Babayev\u00a0qeyd etdi ki, Heyd\u0259r \u018fliyevin xalq\u0131m\u0131z\u0131n v\u0259 tariximizin qar\u015f\u0131s\u0131nda \u0259n b\u00f6y\u00fck xidm\u0259tl\u0259ri k\u0259skin geosiyasi ziddiyy\u0259tl\u0259rin m\u00f6vcud oldu\u011fu bir \u015f\u0259raitd\u0259 Az\u0259rbaycan\u00a0 d\u00f6vl\u0259t\u00e7iliyini xilas etm\u0259sind\u0259, Az\u0259rbaycan varl\u0131\u011f\u0131n\u0131 par\u00e7alan\u0131b yox olmaq t\u0259hl\u00fck\u0259sind\u0259n qurtarmaqda idi. D\u00f6vl\u0259timizin qorunub saxlan\u0131lmas\u0131 is\u0259 azadl\u0131\u011f\u0131m\u0131z\u0131n, m\u00fcst\u0259qilliyimizin qorunub saxlanmas\u0131 dem\u0259kdir, qurtulu\u015f dem\u0259kdir.<a href=\"http:\/\/www.zerdab.com\/wp-content\/uploads\/2014\/06\/Milli-Qurtulu\u015f-Z\u0259rdab1.jpg\"><img loading=\"lazy\" decoding=\"async\" class=\"aligncenter size-large wp-image-16097\" alt=\"Z\u0259rdab\" src=\"http:\/\/www.zerdab.com\/wp-content\/uploads\/2014\/06\/Milli-Qurtulu\u015f-Z\u0259rdab1-550x365.jpg\" width=\"550\" height=\"365\" \/><\/a><\/p>\n<p>\u00dcmummilli liderimiz Heyd\u0259r \u018fliyevin xalq\u0131n t\u0259kidli xahi\u015fi il\u0259 1993-c\u00fc il iyunun 15-d\u0259 respublikan\u0131n siyasi hakimiyy\u0259tin\u0259 r\u0259hb\u0259rliy\u0259 yenid\u0259n qay\u0131tmas\u0131 xalq\u0131m\u0131z\u0131n \u00e7ox\u0259srlik tarixin\u0259 d\u00f6vl\u0259t\u00e7iliyimizin Qurtulu\u015f Tarixi kimi daxil oldu. Sonralar, y\u0259ni 1997-ci il iyunun 27-d\u0259 \u00f6lk\u0259nin ali qanunvericilik orqan\u0131 xalq\u0131n \u0259n m\u00fcxt\u0259lif t\u0259b\u0259q\u0259l\u0259rinin arzu v\u0259 ist\u0259kl\u0259rini n\u0259z\u0259r\u0259 alaraq Ulu \u00d6nd\u0259r Heyd\u0259r \u018fliyevin hakimiyy\u0259t\u0259 qay\u0131td\u0131\u011f\u0131 15 iyun g\u00fcn\u00fcn\u00fc \u00abMilli Qurtulu\u015f G\u00fcn\u00fc\u00bb elan etmi\u015fdir.<a href=\"http:\/\/www.zerdab.com\/wp-content\/uploads\/2014\/06\/Milli-Qurtulu\u015f-Z\u0259rdab4.jpg\"><img loading=\"lazy\" decoding=\"async\" class=\"aligncenter size-large wp-image-16100\" alt=\"Z\u0259rdab\" src=\"http:\/\/www.zerdab.com\/wp-content\/uploads\/2014\/06\/Milli-Qurtulu\u015f-Z\u0259rdab4-550x427.jpg\" width=\"550\" height=\"427\" \/><\/a><\/p>\n<p>\u0130cra ba\u015f\u00e7\u0131s\u0131 bildirdi ki, M\u00fcst\u0259qil Az\u0259rbaycan\u0131n ilk Konstitusiyas\u0131n\u0131n yarad\u0131c\u0131s\u0131 olan Heyd\u0259r \u018fliyev demokratik, h\u00fcquqi d\u00f6vl\u0259t quruculu\u011fu istiqam\u0259tind\u0259 ard\u0131c\u0131l siyas\u0259t yerid\u0259r\u0259k, \u00f6lk\u0259d\u0259 insan h\u00fcquq v\u0259 azadl\u0131qlar\u0131n\u0131n b\u0259rq\u0259rar olmas\u0131 \u00fc\u00e7\u00fcn \u0259sasl\u0131 z\u0259min yaratd\u0131. \u00dcmummilli lider Heyd\u0259r \u018fliyevin m\u00fc\u0259yy\u0259n etdiyi strateji x\u0259tt bu g\u00fcn onun siyasi kursunun davam\u00e7\u0131s\u0131 m\u00f6ht\u0259r\u0259m Prezidentimiz \u0130lham \u018fliyev t\u0259r\u0259find\u0259n u\u011furla davam etdirilir. \u00d6lk\u0259mizin sosial-iqtisadi, siyasi, m\u0259d\u0259ni h\u0259yat\u0131nda m\u00fch\u00fcm v\u0259 g\u0259l\u0259c\u0259y\u0259 y\u00f6n\u0259lmi\u015f u\u011furlu add\u0131mlar at\u0131l\u0131r. Az\u0259rbaycan y\u00fcks\u0259k s\u00fcr\u0259tl\u0259 inki\u015faf edir. Bir s\u00f6zl\u0259, \u00fcmummilli lider Heyd\u0259r \u018fliyevin siyas\u0259ti ya\u015fay\u0131r v\u0259 u\u011furla h\u0259yata ke\u00e7irilir.<a href=\"http:\/\/www.zerdab.com\/wp-content\/uploads\/2014\/06\/Milli-Qurtulu\u015f-Z\u0259rdab5.jpg\"><img loading=\"lazy\" decoding=\"async\" class=\"aligncenter size-large wp-image-16101\" alt=\"Z\u0259rdab\" src=\"http:\/\/www.zerdab.com\/wp-content\/uploads\/2014\/06\/Milli-Qurtulu\u015f-Z\u0259rdab5-550x365.jpg\" width=\"550\" height=\"365\" \/><\/a><\/p>\n<p>O d\u00f6vrd\u0259 ba\u015f ver\u0259n hadis\u0259l\u0259rin t\u0259hlili g\u00f6st\u0259rir ki, \u0259g\u0259r 1993-c\u00fc ilin iyununda xalq\u0131n d\u0259v\u0259ti il\u0259 \u00fcmummilli liderimiz Heyd\u0259r \u018fliyev yenid\u0259n hakimiyy\u0259t\u0259 qay\u0131tmasayd\u0131, bu g\u00fcn Az\u0259rbaycan\u0131n m\u00fcst\u0259qilliyind\u0259n s\u00f6hb\u0259t a\u00e7maq m\u00fcmk\u00fcn olmayacaqd\u0131. Ona g\u00f6r\u0259 d\u0259 15 iyun 1993-c\u00fc il m\u00fcasir tariximizd\u0259 m\u00fch\u00fcm m\u0259rh\u0259l\u0259nin ba\u015flan\u011f\u0131c\u0131 kimi xarakteriz\u0259 edilir.<\/p>\n<p>Heyd\u0259r \u018fliyev M\u0259rk\u0259zind\u0259 Ulu \u00d6nd\u0259rin h\u0259yat v\u0259 f\u0259aliyy\u0259ti il\u0259 ba\u011fl\u0131 film n\u00fcmayi\u015f olundu.<\/p>\n<p>Ax\u015fam saatlar\u0131nda rayonun musiqi kollektivl\u0259rinin Heyd\u0259r \u018fliyev park\u0131nda konsert proqram\u0131 t\u0259\u015fkil edil\u0259c\u0259kdir.<\/p>\n<p><span style=\"color: #0000ff;\"><b>Z\u0259rdab Rayon \u0130cra Hakimiyy\u0259ti<a href=\"http:\/\/www.zerdab.com\/wp-content\/uploads\/2014\/06\/Milli-Qurtulu\u015f-Z\u0259rdab1.jpg\"><img loading=\"lazy\" decoding=\"async\" class=\"aligncenter size-large wp-image-16097\" alt=\"Z\u0259rdab\" src=\"http:\/\/www.zerdab.com\/wp-content\/uploads\/2014\/06\/Milli-Qurtulu\u015f-Z\u0259rdab1-550x365.jpg\" width=\"550\" height=\"365\" \/><\/a><\/b><\/span><\/p>\n","protected":false},"excerpt":{"rendered":"<p>\u00a0\u00a0\u00a0\u00a0 Z\u0259rdabda 15 iyun Milli Qurtulu\u015f g\u00fcn\u00fc m\u00fcnasib\u0259til\u0259 \u00fcmumrayon y\u0131\u011f\u0131nca\u011f\u0131 ke\u00e7irildi. T\u0259dbir i\u015ftirak\u00e7\u0131lar\u0131 \u0259vv\u0259lc\u0259 Ulu \u00d6nd\u0259r Heyd\u0259r \u018fliyevin abid\u0259si \u00f6n\u00fcn\u0259 g\u00fcl d\u0259st\u0259l\u0259ri qoydular. Daha sonra i\u015ftirak\u00e7\u0131lar Heyd\u0259r \u018fliyev M\u0259rk\u0259zi il\u0259 tan\u0131\u015f oldular. T\u0259dbiri giri\u015f s\u00f6z\u00fc il\u0259 a\u00e7an Z\u0259rdab Rayon \u0130cra Hakimiyy\u0259tinin ba\u015f\u00e7\u0131s\u0131 L\u00fctv\u0259li Babayev vur\u011fulad\u0131 ki, bu g\u00fcnl\u0259r q\u0259dirbil\u0259n xalq\u0131m\u0131z Az\u0259rbaycan\u0131n \u0259n yeni tarixind\u0259 m\u00fcst\u0259sna [&hellip;]<\/p>\n","protected":false},"author":1,"featured_media":0,"comment_status":"open","ping_status":"open","sticky":false,"template":"","format":"standard","meta":{"footnotes":""},"categories":[5],"tags":[],"class_list":{"0":"post-16094","1":"post","2":"type-post","3":"status-publish","4":"format-standard","6":"category-knd"},"yoast_head":"<!-- This site is optimized with the Yoast SEO plugin v27.0 - https:\/\/yoast.com\/product\/yoast-seo-wordpress\/ -->\n<title>Z\u018fRDABDA M\u0130LL\u0130 QURTULU\u015e G\u00dcN\u00dc QEYD ED\u0130LD\u0130-FOTOLAR - Z\u0259rdab.com<\/title>\n<meta name=\"robots\" content=\"index, follow, max-snippet:-1, max-image-preview:large, max-video-preview:-1\" \/>\n<link rel=\"canonical\" href=\"https:\/\/www.zerdab.com\/?p=16094\" \/>\n<meta property=\"og:locale\" content=\"az_AZ\" \/>\n<meta property=\"og:type\" content=\"article\" \/>\n<meta property=\"og:title\" content=\"Z\u018fRDABDA M\u0130LL\u0130 QURTULU\u015e G\u00dcN\u00dc QEYD ED\u0130LD\u0130-FOTOLAR - Z\u0259rdab.com\" \/>\n<meta property=\"og:description\" content=\"\u00a0\u00a0\u00a0\u00a0 Z\u0259rdabda 15 iyun Milli Qurtulu\u015f g\u00fcn\u00fc m\u00fcnasib\u0259til\u0259 \u00fcmumrayon y\u0131\u011f\u0131nca\u011f\u0131 ke\u00e7irildi. T\u0259dbir i\u015ftirak\u00e7\u0131lar\u0131 \u0259vv\u0259lc\u0259 Ulu \u00d6nd\u0259r Heyd\u0259r \u018fliyevin abid\u0259si \u00f6n\u00fcn\u0259 g\u00fcl d\u0259st\u0259l\u0259ri qoydular. Daha sonra i\u015ftirak\u00e7\u0131lar Heyd\u0259r \u018fliyev M\u0259rk\u0259zi il\u0259 tan\u0131\u015f oldular. T\u0259dbiri giri\u015f s\u00f6z\u00fc il\u0259 a\u00e7an Z\u0259rdab Rayon \u0130cra Hakimiyy\u0259tinin ba\u015f\u00e7\u0131s\u0131 L\u00fctv\u0259li Babayev vur\u011fulad\u0131 ki, bu g\u00fcnl\u0259r q\u0259dirbil\u0259n xalq\u0131m\u0131z Az\u0259rbaycan\u0131n \u0259n yeni tarixind\u0259 m\u00fcst\u0259sna [&hellip;]\" \/>\n<meta property=\"og:url\" content=\"https:\/\/www.zerdab.com\/?p=16094\" \/>\n<meta property=\"og:site_name\" content=\"Z\u0259rdab.com\" \/>\n<meta property=\"article:published_time\" content=\"2014-06-14T07:55:46+00:00\" \/>\n<meta property=\"article:modified_time\" content=\"2014-06-14T07:58:52+00:00\" \/>\n<meta name=\"author\" content=\"admin\" \/>\n<meta name=\"twitter:card\" content=\"summary_large_image\" \/>\n<meta name=\"twitter:label1\" content=\"Written by\" \/>\n\t<meta name=\"twitter:data1\" content=\"admin\" \/>\n\t<meta name=\"twitter:label2\" content=\"Est. reading time\" \/>\n\t<meta name=\"twitter:data2\" content=\"3 minutes\" \/>\n<script type=\"application\/ld+json\" class=\"yoast-schema-graph\">{\"@context\":\"https:\/\/schema.org\",\"@graph\":[{\"@type\":\"Article\",\"@id\":\"https:\/\/www.zerdab.com\/?p=16094#article\",\"isPartOf\":{\"@id\":\"https:\/\/www.zerdab.com\/?p=16094\"},\"author\":{\"name\":\"admin\",\"@id\":\"https:\/\/www.zerdab.com\/#\/schema\/person\/97079b7570c1e89ec0d9e138c3672136\"},\"headline\":\"Z\u018fRDABDA M\u0130LL\u0130 QURTULU\u015e G\u00dcN\u00dc QEYD ED\u0130LD\u0130-FOTOLAR\",\"datePublished\":\"2014-06-14T07:55:46+00:00\",\"dateModified\":\"2014-06-14T07:58:52+00:00\",\"mainEntityOfPage\":{\"@id\":\"https:\/\/www.zerdab.com\/?p=16094\"},\"wordCount\":695,\"commentCount\":3,\"articleSection\":[\"X\u018fB\u018fRL\u018fR\"],\"inLanguage\":\"az\",\"potentialAction\":[{\"@type\":\"CommentAction\",\"name\":\"Comment\",\"target\":[\"https:\/\/www.zerdab.com\/?p=16094#respond\"]}]},{\"@type\":\"WebPage\",\"@id\":\"https:\/\/www.zerdab.com\/?p=16094\",\"url\":\"https:\/\/www.zerdab.com\/?p=16094\",\"name\":\"Z\u018fRDABDA M\u0130LL\u0130 QURTULU\u015e G\u00dcN\u00dc QEYD ED\u0130LD\u0130-FOTOLAR - Z\u0259rdab.com\",\"isPartOf\":{\"@id\":\"https:\/\/www.zerdab.com\/#website\"},\"datePublished\":\"2014-06-14T07:55:46+00:00\",\"dateModified\":\"2014-06-14T07:58:52+00:00\",\"author\":{\"@id\":\"https:\/\/www.zerdab.com\/#\/schema\/person\/97079b7570c1e89ec0d9e138c3672136\"},\"breadcrumb\":{\"@id\":\"https:\/\/www.zerdab.com\/?p=16094#breadcrumb\"},\"inLanguage\":\"az\",\"potentialAction\":[{\"@type\":\"ReadAction\",\"target\":[\"https:\/\/www.zerdab.com\/?p=16094\"]}]},{\"@type\":\"BreadcrumbList\",\"@id\":\"https:\/\/www.zerdab.com\/?p=16094#breadcrumb\",\"itemListElement\":[{\"@type\":\"ListItem\",\"position\":1,\"name\":\"Home\",\"item\":\"https:\/\/www.zerdab.com\/\"},{\"@type\":\"ListItem\",\"position\":2,\"name\":\"Z\u018fRDABDA M\u0130LL\u0130 QURTULU\u015e G\u00dcN\u00dc QEYD ED\u0130LD\u0130-FOTOLAR\"}]},{\"@type\":\"WebSite\",\"@id\":\"https:\/\/www.zerdab.com\/#website\",\"url\":\"https:\/\/www.zerdab.com\/\",\"name\":\"Z\u0259rdab.com\",\"description\":\"\",\"potentialAction\":[{\"@type\":\"SearchAction\",\"target\":{\"@type\":\"EntryPoint\",\"urlTemplate\":\"https:\/\/www.zerdab.com\/?s={search_term_string}\"},\"query-input\":{\"@type\":\"PropertyValueSpecification\",\"valueRequired\":true,\"valueName\":\"search_term_string\"}}],\"inLanguage\":\"az\"},{\"@type\":\"Person\",\"@id\":\"https:\/\/www.zerdab.com\/#\/schema\/person\/97079b7570c1e89ec0d9e138c3672136\",\"name\":\"admin\",\"image\":{\"@type\":\"ImageObject\",\"inLanguage\":\"az\",\"@id\":\"https:\/\/www.zerdab.com\/#\/schema\/person\/image\/\",\"url\":\"https:\/\/secure.gravatar.com\/avatar\/d9c52a9a27c32119cb6679a077fa3e2779e5f822c451cbf01098004361d466ec?s=96&d=mm&r=g\",\"contentUrl\":\"https:\/\/secure.gravatar.com\/avatar\/d9c52a9a27c32119cb6679a077fa3e2779e5f822c451cbf01098004361d466ec?s=96&d=mm&r=g\",\"caption\":\"admin\"},\"url\":\"https:\/\/www.zerdab.com\/?author=1\"}]}<\/script>\n<!-- \/ Yoast SEO plugin. -->","yoast_head_json":{"title":"Z\u018fRDABDA M\u0130LL\u0130 QURTULU\u015e G\u00dcN\u00dc QEYD ED\u0130LD\u0130-FOTOLAR - Z\u0259rdab.com","robots":{"index":"index","follow":"follow","max-snippet":"max-snippet:-1","max-image-preview":"max-image-preview:large","max-video-preview":"max-video-preview:-1"},"canonical":"https:\/\/www.zerdab.com\/?p=16094","og_locale":"az_AZ","og_type":"article","og_title":"Z\u018fRDABDA M\u0130LL\u0130 QURTULU\u015e G\u00dcN\u00dc QEYD ED\u0130LD\u0130-FOTOLAR - Z\u0259rdab.com","og_description":"\u00a0\u00a0\u00a0\u00a0 Z\u0259rdabda 15 iyun Milli Qurtulu\u015f g\u00fcn\u00fc m\u00fcnasib\u0259til\u0259 \u00fcmumrayon y\u0131\u011f\u0131nca\u011f\u0131 ke\u00e7irildi. T\u0259dbir i\u015ftirak\u00e7\u0131lar\u0131 \u0259vv\u0259lc\u0259 Ulu \u00d6nd\u0259r Heyd\u0259r \u018fliyevin abid\u0259si \u00f6n\u00fcn\u0259 g\u00fcl d\u0259st\u0259l\u0259ri qoydular. Daha sonra i\u015ftirak\u00e7\u0131lar Heyd\u0259r \u018fliyev M\u0259rk\u0259zi il\u0259 tan\u0131\u015f oldular. T\u0259dbiri giri\u015f s\u00f6z\u00fc il\u0259 a\u00e7an Z\u0259rdab Rayon \u0130cra Hakimiyy\u0259tinin ba\u015f\u00e7\u0131s\u0131 L\u00fctv\u0259li Babayev vur\u011fulad\u0131 ki, bu g\u00fcnl\u0259r q\u0259dirbil\u0259n xalq\u0131m\u0131z Az\u0259rbaycan\u0131n \u0259n yeni tarixind\u0259 m\u00fcst\u0259sna [&hellip;]","og_url":"https:\/\/www.zerdab.com\/?p=16094","og_site_name":"Z\u0259rdab.com","article_published_time":"2014-06-14T07:55:46+00:00","article_modified_time":"2014-06-14T07:58:52+00:00","author":"admin","twitter_card":"summary_large_image","twitter_misc":{"Written by":"admin","Est. reading time":"3 minutes"},"schema":{"@context":"https:\/\/schema.org","@graph":[{"@type":"Article","@id":"https:\/\/www.zerdab.com\/?p=16094#article","isPartOf":{"@id":"https:\/\/www.zerdab.com\/?p=16094"},"author":{"name":"admin","@id":"https:\/\/www.zerdab.com\/#\/schema\/person\/97079b7570c1e89ec0d9e138c3672136"},"headline":"Z\u018fRDABDA M\u0130LL\u0130 QURTULU\u015e G\u00dcN\u00dc QEYD ED\u0130LD\u0130-FOTOLAR","datePublished":"2014-06-14T07:55:46+00:00","dateModified":"2014-06-14T07:58:52+00:00","mainEntityOfPage":{"@id":"https:\/\/www.zerdab.com\/?p=16094"},"wordCount":695,"commentCount":3,"articleSection":["X\u018fB\u018fRL\u018fR"],"inLanguage":"az","potentialAction":[{"@type":"CommentAction","name":"Comment","target":["https:\/\/www.zerdab.com\/?p=16094#respond"]}]},{"@type":"WebPage","@id":"https:\/\/www.zerdab.com\/?p=16094","url":"https:\/\/www.zerdab.com\/?p=16094","name":"Z\u018fRDABDA M\u0130LL\u0130 QURTULU\u015e G\u00dcN\u00dc QEYD ED\u0130LD\u0130-FOTOLAR - Z\u0259rdab.com","isPartOf":{"@id":"https:\/\/www.zerdab.com\/#website"},"datePublished":"2014-06-14T07:55:46+00:00","dateModified":"2014-06-14T07:58:52+00:00","author":{"@id":"https:\/\/www.zerdab.com\/#\/schema\/person\/97079b7570c1e89ec0d9e138c3672136"},"breadcrumb":{"@id":"https:\/\/www.zerdab.com\/?p=16094#breadcrumb"},"inLanguage":"az","potentialAction":[{"@type":"ReadAction","target":["https:\/\/www.zerdab.com\/?p=16094"]}]},{"@type":"BreadcrumbList","@id":"https:\/\/www.zerdab.com\/?p=16094#breadcrumb","itemListElement":[{"@type":"ListItem","position":1,"name":"Home","item":"https:\/\/www.zerdab.com\/"},{"@type":"ListItem","position":2,"name":"Z\u018fRDABDA M\u0130LL\u0130 QURTULU\u015e G\u00dcN\u00dc QEYD ED\u0130LD\u0130-FOTOLAR"}]},{"@type":"WebSite","@id":"https:\/\/www.zerdab.com\/#website","url":"https:\/\/www.zerdab.com\/","name":"Z\u0259rdab.com","description":"","potentialAction":[{"@type":"SearchAction","target":{"@type":"EntryPoint","urlTemplate":"https:\/\/www.zerdab.com\/?s={search_term_string}"},"query-input":{"@type":"PropertyValueSpecification","valueRequired":true,"valueName":"search_term_string"}}],"inLanguage":"az"},{"@type":"Person","@id":"https:\/\/www.zerdab.com\/#\/schema\/person\/97079b7570c1e89ec0d9e138c3672136","name":"admin","image":{"@type":"ImageObject","inLanguage":"az","@id":"https:\/\/www.zerdab.com\/#\/schema\/person\/image\/","url":"https:\/\/secure.gravatar.com\/avatar\/d9c52a9a27c32119cb6679a077fa3e2779e5f822c451cbf01098004361d466ec?s=96&d=mm&r=g","contentUrl":"https:\/\/secure.gravatar.com\/avatar\/d9c52a9a27c32119cb6679a077fa3e2779e5f822c451cbf01098004361d466ec?s=96&d=mm&r=g","caption":"admin"},"url":"https:\/\/www.zerdab.com\/?author=1"}]}},"_links":{"self":[{"href":"https:\/\/www.zerdab.com\/index.php?rest_route=\/wp\/v2\/posts\/16094","targetHints":{"allow":["GET"]}}],"collection":[{"href":"https:\/\/www.zerdab.com\/index.php?rest_route=\/wp\/v2\/posts"}],"about":[{"href":"https:\/\/www.zerdab.com\/index.php?rest_route=\/wp\/v2\/types\/post"}],"author":[{"embeddable":true,"href":"https:\/\/www.zerdab.com\/index.php?rest_route=\/wp\/v2\/users\/1"}],"replies":[{"embeddable":true,"href":"https:\/\/www.zerdab.com\/index.php?rest_route=%2Fwp%2Fv2%2Fcomments&post=16094"}],"version-history":[{"count":2,"href":"https:\/\/www.zerdab.com\/index.php?rest_route=\/wp\/v2\/posts\/16094\/revisions"}],"predecessor-version":[{"id":16103,"href":"https:\/\/www.zerdab.com\/index.php?rest_route=\/wp\/v2\/posts\/16094\/revisions\/16103"}],"wp:attachment":[{"href":"https:\/\/www.zerdab.com\/index.php?rest_route=%2Fwp%2Fv2%2Fmedia&parent=16094"}],"wp:term":[{"taxonomy":"category","embeddable":true,"href":"https:\/\/www.zerdab.com\/index.php?rest_route=%2Fwp%2Fv2%2Fcategories&post=16094"},{"taxonomy":"post_tag","embeddable":true,"href":"https:\/\/www.zerdab.com\/index.php?rest_route=%2Fwp%2Fv2%2Ftags&post=16094"}],"curies":[{"name":"wp","href":"https:\/\/api.w.org\/{rel}","templated":true}]}}