{"id":16107,"date":"2014-06-13T18:30:46","date_gmt":"2014-06-13T13:30:46","guid":{"rendered":"http:\/\/www.zerdab.com\/?p=16107"},"modified":"2014-06-14T18:33:46","modified_gmt":"2014-06-14T13:33:46","slug":"z%c9%99rdab-rayon-heyd%c9%99r-%c9%99liyev-m%c9%99rk%c9%99zind%c9%99-t%c9%99dbir-3","status":"publish","type":"post","link":"https:\/\/www.zerdab.com\/?p=16107","title":{"rendered":"Z\u0259rdab rayon Heyd\u0259r \u018fliyev M\u0259rk\u0259zind\u0259 t\u0259dbir"},"content":{"rendered":"<p><a href=\"http:\/\/www.zerdab.com\/wp-content\/uploads\/2014\/06\/Z\u0259rdab-rayon-Heyd\u0259r-\u018fliyev-M\u0259rk\u0259zi.jpg\"><img loading=\"lazy\" decoding=\"async\" class=\"aligncenter size-large wp-image-16108\" alt=\"Z\u0259rdab rayon Heyd\u0259r \u018fliyev M\u0259rk\u0259zi\" src=\"http:\/\/www.zerdab.com\/wp-content\/uploads\/2014\/06\/Z\u0259rdab-rayon-Heyd\u0259r-\u018fliyev-M\u0259rk\u0259zi-550x366.jpg\" width=\"550\" height=\"366\" \/><\/a>Z\u0259rdab rayon\u00a0 Heyd\u0259r \u018fliyev M\u0259rk\u0259zind\u0259 15 \u0130yun Milli Qurtulu\u015f g\u00fcn\u00fcn\u0259 h\u0259sr olunmu\u015f \u201cMilli qurtulu\u015fdan ba\u015flanan inki\u015faf\u201d m\u00f6vzusunda d\u0259yirmi masa ke\u00e7irildi. &#8220;M\u00fcst\u0259qil Az\u0259rbaycan g\u00fcn\u00fc-g\u00fcnd\u0259n m\u00f6hk\u0259ml\u0259n\u0259c\u0259k, inki\u015faf ed\u0259c\u0259k v\u0259 m\u00fcst\u0259qilliyini he\u00e7 vaxt \u0259ld\u0259n verm\u0259y\u0259c\u0259kdir!&#8221; m\u00f6vzusunda s\u0259rgi t\u0259dbir i\u015ftirak\u00e7\u0131lar\u0131na t\u0259qdim olundu.<br \/>\nT\u0259dbiri giri\u015f s\u00f6z\u00fc il\u0259\u00a0 Heyd\u0259r \u018fliyev M\u0259rk\u0259zinin direktoru K\u00f6n\u00fcl R\u0259himova a\u00e7araq\u00a0 &#8220;Milli Qurtulu\u015fumuzun z\u0259f\u0259r y\u00fcr\u00fc\u015f\u00fc&#8221; m\u00f6vzusunda\u00a0 \u00e7\u0131x\u0131\u015f etdi. Bildirdi ki, \u00f6t\u0259n \u0259srin sonlar\u0131nda \u00f6lk\u0259miz m\u00fcst\u0259qilliyini \u0259ld\u0259 ets\u0259 d\u0259, bu m\u00fcst\u0259qillik \u00e7ox k\u00f6vr\u0259k olmu\u015f, yaln\u0131z Ulu \u00d6nd\u0259rin 1993-c\u00fc ild\u0259 xalq\u0131n t\u0259kidli t\u0259l\u0259bi il\u0259 siyasi hakimiyy\u0259t\u0259 qay\u0131d\u0131\u015f\u0131ndan sonra Az\u0259rbaycan\u0131n t\u0259hl\u00fck\u0259sizliyi, h\u0259rt\u0259r\u0259fli inki\u015faf\u0131 t\u0259min edilmi\u015fdir. Tarix \u00fc\u00e7\u00fcn \u00e7ox q\u0131sa bir d\u00f6vrd\u0259 \u00f6lk\u0259mizd\u0259 b\u00fct\u00fcn sah\u0259l\u0259ri \u0259hat\u0259 ed\u0259n k\u00f6kl\u00fc islahatlar apar\u0131lm\u0131\u015f, n\u0259tic\u0259d\u0259, Az\u0259rbaycan siyasi, iqtisadi, h\u0259rbi n\u00fcfuzu il\u0259 d\u00fcnyan\u0131n inki\u015faf etmi\u015f \u00f6lk\u0259l\u0259ri s\u0131ras\u0131nda \u00f6z layiqli yerini tutmu\u015fdur. Heyd\u0259r \u018fliyev siyas\u0259tinin u\u011furla davam etdirilm\u0259sinin n\u0259tic\u0259sidir ki, indi Az\u0259rbaycan ist\u0259r regionda, ist\u0259rs\u0259 d\u0259 d\u00fcnyada s\u00f6z sahibin\u0259 malik \u00f6lk\u0259l\u0259rd\u0259n birin\u0259 \u00e7evrilmi\u015fdir. F\u0259r\u0259hl\u0259 vur\u011fulanm\u0131\u015fd\u0131r ki, Ulu \u00d6nd\u0259rin siyasi kursu bu g\u00fcn m\u00f6ht\u0259r\u0259m Prezidentimiz c\u0259nab \u0130lham \u018fliyev t\u0259r\u0259find\u0259n u\u011furla davam v\u0259 inki\u015faf etdirilir.<br \/>\nDig\u0259r \u00e7\u0131x\u0131\u015f ed\u0259nl\u0259r 15 iyun tarixinin Az\u0259rbaycan xalq\u0131n\u0131n \u015f\u00fcurunda ger\u00e7\u0259k milli qurtulu\u015f g\u00fcn\u00fc kimi h\u0259kk olundu\u011funu bildirdil\u0259r.<br \/>\nT\u0259dbirin sonunda &#8220;Heyd\u0259r \u018fliyev v\u0259 m\u00fcst\u0259qil Az\u0259rbaycan Respublikas\u0131&#8221; m\u00f6vzusunda filim n\u00fcmayi\u015f olundu.<\/p>\n<p><span style=\"color: #0000ff;\"><strong>Z\u0259rdab rayon\u00a0 Heyd\u0259r \u018fliyev M\u0259rk\u0259zi<\/strong><\/span><\/p>\n","protected":false},"excerpt":{"rendered":"<p>Z\u0259rdab rayon\u00a0 Heyd\u0259r \u018fliyev M\u0259rk\u0259zind\u0259 15 \u0130yun Milli Qurtulu\u015f g\u00fcn\u00fcn\u0259 h\u0259sr olunmu\u015f \u201cMilli qurtulu\u015fdan ba\u015flanan inki\u015faf\u201d m\u00f6vzusunda d\u0259yirmi masa ke\u00e7irildi. &#8220;M\u00fcst\u0259qil Az\u0259rbaycan g\u00fcn\u00fc-g\u00fcnd\u0259n m\u00f6hk\u0259ml\u0259n\u0259c\u0259k, inki\u015faf ed\u0259c\u0259k v\u0259 m\u00fcst\u0259qilliyini he\u00e7 vaxt \u0259ld\u0259n verm\u0259y\u0259c\u0259kdir!&#8221; m\u00f6vzusunda s\u0259rgi t\u0259dbir i\u015ftirak\u00e7\u0131lar\u0131na t\u0259qdim olundu. T\u0259dbiri giri\u015f s\u00f6z\u00fc il\u0259\u00a0 Heyd\u0259r \u018fliyev M\u0259rk\u0259zinin direktoru K\u00f6n\u00fcl R\u0259himova a\u00e7araq\u00a0 &#8220;Milli Qurtulu\u015fumuzun z\u0259f\u0259r y\u00fcr\u00fc\u015f\u00fc&#8221; m\u00f6vzusunda\u00a0 \u00e7\u0131x\u0131\u015f [&hellip;]<\/p>\n","protected":false},"author":1,"featured_media":0,"comment_status":"open","ping_status":"open","sticky":false,"template":"","format":"standard","meta":{"footnotes":""},"categories":[21],"tags":[],"class_list":{"0":"post-16107","1":"post","2":"type-post","3":"status-publish","4":"format-standard","6":"category-zrdab"},"yoast_head":"<!-- This site is optimized with the Yoast SEO plugin v27.0 - https:\/\/yoast.com\/product\/yoast-seo-wordpress\/ -->\n<title>Z\u0259rdab rayon Heyd\u0259r \u018fliyev M\u0259rk\u0259zind\u0259 t\u0259dbir - Z\u0259rdab.com<\/title>\n<meta name=\"robots\" content=\"index, follow, max-snippet:-1, max-image-preview:large, max-video-preview:-1\" \/>\n<link rel=\"canonical\" href=\"https:\/\/www.zerdab.com\/?p=16107\" \/>\n<meta property=\"og:locale\" content=\"az_AZ\" \/>\n<meta property=\"og:type\" content=\"article\" \/>\n<meta property=\"og:title\" content=\"Z\u0259rdab rayon Heyd\u0259r \u018fliyev M\u0259rk\u0259zind\u0259 t\u0259dbir - Z\u0259rdab.com\" \/>\n<meta property=\"og:description\" content=\"Z\u0259rdab rayon\u00a0 Heyd\u0259r \u018fliyev M\u0259rk\u0259zind\u0259 15 \u0130yun Milli Qurtulu\u015f g\u00fcn\u00fcn\u0259 h\u0259sr olunmu\u015f \u201cMilli qurtulu\u015fdan ba\u015flanan inki\u015faf\u201d m\u00f6vzusunda d\u0259yirmi masa ke\u00e7irildi. &#8220;M\u00fcst\u0259qil Az\u0259rbaycan g\u00fcn\u00fc-g\u00fcnd\u0259n m\u00f6hk\u0259ml\u0259n\u0259c\u0259k, inki\u015faf ed\u0259c\u0259k v\u0259 m\u00fcst\u0259qilliyini he\u00e7 vaxt \u0259ld\u0259n verm\u0259y\u0259c\u0259kdir!&#8221; m\u00f6vzusunda s\u0259rgi t\u0259dbir i\u015ftirak\u00e7\u0131lar\u0131na t\u0259qdim olundu. T\u0259dbiri giri\u015f s\u00f6z\u00fc il\u0259\u00a0 Heyd\u0259r \u018fliyev M\u0259rk\u0259zinin direktoru K\u00f6n\u00fcl R\u0259himova a\u00e7araq\u00a0 &#8220;Milli Qurtulu\u015fumuzun z\u0259f\u0259r y\u00fcr\u00fc\u015f\u00fc&#8221; m\u00f6vzusunda\u00a0 \u00e7\u0131x\u0131\u015f [&hellip;]\" \/>\n<meta property=\"og:url\" content=\"https:\/\/www.zerdab.com\/?p=16107\" \/>\n<meta property=\"og:site_name\" content=\"Z\u0259rdab.com\" \/>\n<meta property=\"article:published_time\" content=\"2014-06-13T13:30:46+00:00\" \/>\n<meta property=\"article:modified_time\" content=\"2014-06-14T13:33:46+00:00\" \/>\n<meta name=\"author\" content=\"admin\" \/>\n<meta name=\"twitter:card\" content=\"summary_large_image\" \/>\n<meta name=\"twitter:label1\" content=\"Written by\" \/>\n\t<meta name=\"twitter:data1\" content=\"admin\" \/>\n\t<meta name=\"twitter:label2\" content=\"Est. reading time\" \/>\n\t<meta name=\"twitter:data2\" content=\"2 minutes\" \/>\n<script type=\"application\/ld+json\" class=\"yoast-schema-graph\">{\"@context\":\"https:\/\/schema.org\",\"@graph\":[{\"@type\":\"Article\",\"@id\":\"https:\/\/www.zerdab.com\/?p=16107#article\",\"isPartOf\":{\"@id\":\"https:\/\/www.zerdab.com\/?p=16107\"},\"author\":{\"name\":\"admin\",\"@id\":\"https:\/\/www.zerdab.com\/#\/schema\/person\/97079b7570c1e89ec0d9e138c3672136\"},\"headline\":\"Z\u0259rdab rayon Heyd\u0259r \u018fliyev M\u0259rk\u0259zind\u0259 t\u0259dbir\",\"datePublished\":\"2014-06-13T13:30:46+00:00\",\"dateModified\":\"2014-06-14T13:33:46+00:00\",\"mainEntityOfPage\":{\"@id\":\"https:\/\/www.zerdab.com\/?p=16107\"},\"wordCount\":364,\"commentCount\":0,\"articleSection\":[\"C\u018fM\u0130YY\u018fT\"],\"inLanguage\":\"az\",\"potentialAction\":[{\"@type\":\"CommentAction\",\"name\":\"Comment\",\"target\":[\"https:\/\/www.zerdab.com\/?p=16107#respond\"]}]},{\"@type\":\"WebPage\",\"@id\":\"https:\/\/www.zerdab.com\/?p=16107\",\"url\":\"https:\/\/www.zerdab.com\/?p=16107\",\"name\":\"Z\u0259rdab rayon Heyd\u0259r \u018fliyev M\u0259rk\u0259zind\u0259 t\u0259dbir - Z\u0259rdab.com\",\"isPartOf\":{\"@id\":\"https:\/\/www.zerdab.com\/#website\"},\"datePublished\":\"2014-06-13T13:30:46+00:00\",\"dateModified\":\"2014-06-14T13:33:46+00:00\",\"author\":{\"@id\":\"https:\/\/www.zerdab.com\/#\/schema\/person\/97079b7570c1e89ec0d9e138c3672136\"},\"breadcrumb\":{\"@id\":\"https:\/\/www.zerdab.com\/?p=16107#breadcrumb\"},\"inLanguage\":\"az\",\"potentialAction\":[{\"@type\":\"ReadAction\",\"target\":[\"https:\/\/www.zerdab.com\/?p=16107\"]}]},{\"@type\":\"BreadcrumbList\",\"@id\":\"https:\/\/www.zerdab.com\/?p=16107#breadcrumb\",\"itemListElement\":[{\"@type\":\"ListItem\",\"position\":1,\"name\":\"Home\",\"item\":\"https:\/\/www.zerdab.com\/\"},{\"@type\":\"ListItem\",\"position\":2,\"name\":\"Z\u0259rdab rayon Heyd\u0259r \u018fliyev M\u0259rk\u0259zind\u0259 t\u0259dbir\"}]},{\"@type\":\"WebSite\",\"@id\":\"https:\/\/www.zerdab.com\/#website\",\"url\":\"https:\/\/www.zerdab.com\/\",\"name\":\"Z\u0259rdab.com\",\"description\":\"\",\"potentialAction\":[{\"@type\":\"SearchAction\",\"target\":{\"@type\":\"EntryPoint\",\"urlTemplate\":\"https:\/\/www.zerdab.com\/?s={search_term_string}\"},\"query-input\":{\"@type\":\"PropertyValueSpecification\",\"valueRequired\":true,\"valueName\":\"search_term_string\"}}],\"inLanguage\":\"az\"},{\"@type\":\"Person\",\"@id\":\"https:\/\/www.zerdab.com\/#\/schema\/person\/97079b7570c1e89ec0d9e138c3672136\",\"name\":\"admin\",\"image\":{\"@type\":\"ImageObject\",\"inLanguage\":\"az\",\"@id\":\"https:\/\/www.zerdab.com\/#\/schema\/person\/image\/\",\"url\":\"https:\/\/secure.gravatar.com\/avatar\/d9c52a9a27c32119cb6679a077fa3e2779e5f822c451cbf01098004361d466ec?s=96&d=mm&r=g\",\"contentUrl\":\"https:\/\/secure.gravatar.com\/avatar\/d9c52a9a27c32119cb6679a077fa3e2779e5f822c451cbf01098004361d466ec?s=96&d=mm&r=g\",\"caption\":\"admin\"},\"url\":\"https:\/\/www.zerdab.com\/?author=1\"}]}<\/script>\n<!-- \/ Yoast SEO plugin. -->","yoast_head_json":{"title":"Z\u0259rdab rayon Heyd\u0259r \u018fliyev M\u0259rk\u0259zind\u0259 t\u0259dbir - Z\u0259rdab.com","robots":{"index":"index","follow":"follow","max-snippet":"max-snippet:-1","max-image-preview":"max-image-preview:large","max-video-preview":"max-video-preview:-1"},"canonical":"https:\/\/www.zerdab.com\/?p=16107","og_locale":"az_AZ","og_type":"article","og_title":"Z\u0259rdab rayon Heyd\u0259r \u018fliyev M\u0259rk\u0259zind\u0259 t\u0259dbir - Z\u0259rdab.com","og_description":"Z\u0259rdab rayon\u00a0 Heyd\u0259r \u018fliyev M\u0259rk\u0259zind\u0259 15 \u0130yun Milli Qurtulu\u015f g\u00fcn\u00fcn\u0259 h\u0259sr olunmu\u015f \u201cMilli qurtulu\u015fdan ba\u015flanan inki\u015faf\u201d m\u00f6vzusunda d\u0259yirmi masa ke\u00e7irildi. &#8220;M\u00fcst\u0259qil Az\u0259rbaycan g\u00fcn\u00fc-g\u00fcnd\u0259n m\u00f6hk\u0259ml\u0259n\u0259c\u0259k, inki\u015faf ed\u0259c\u0259k v\u0259 m\u00fcst\u0259qilliyini he\u00e7 vaxt \u0259ld\u0259n verm\u0259y\u0259c\u0259kdir!&#8221; m\u00f6vzusunda s\u0259rgi t\u0259dbir i\u015ftirak\u00e7\u0131lar\u0131na t\u0259qdim olundu. T\u0259dbiri giri\u015f s\u00f6z\u00fc il\u0259\u00a0 Heyd\u0259r \u018fliyev M\u0259rk\u0259zinin direktoru K\u00f6n\u00fcl R\u0259himova a\u00e7araq\u00a0 &#8220;Milli Qurtulu\u015fumuzun z\u0259f\u0259r y\u00fcr\u00fc\u015f\u00fc&#8221; m\u00f6vzusunda\u00a0 \u00e7\u0131x\u0131\u015f [&hellip;]","og_url":"https:\/\/www.zerdab.com\/?p=16107","og_site_name":"Z\u0259rdab.com","article_published_time":"2014-06-13T13:30:46+00:00","article_modified_time":"2014-06-14T13:33:46+00:00","author":"admin","twitter_card":"summary_large_image","twitter_misc":{"Written by":"admin","Est. reading time":"2 minutes"},"schema":{"@context":"https:\/\/schema.org","@graph":[{"@type":"Article","@id":"https:\/\/www.zerdab.com\/?p=16107#article","isPartOf":{"@id":"https:\/\/www.zerdab.com\/?p=16107"},"author":{"name":"admin","@id":"https:\/\/www.zerdab.com\/#\/schema\/person\/97079b7570c1e89ec0d9e138c3672136"},"headline":"Z\u0259rdab rayon Heyd\u0259r \u018fliyev M\u0259rk\u0259zind\u0259 t\u0259dbir","datePublished":"2014-06-13T13:30:46+00:00","dateModified":"2014-06-14T13:33:46+00:00","mainEntityOfPage":{"@id":"https:\/\/www.zerdab.com\/?p=16107"},"wordCount":364,"commentCount":0,"articleSection":["C\u018fM\u0130YY\u018fT"],"inLanguage":"az","potentialAction":[{"@type":"CommentAction","name":"Comment","target":["https:\/\/www.zerdab.com\/?p=16107#respond"]}]},{"@type":"WebPage","@id":"https:\/\/www.zerdab.com\/?p=16107","url":"https:\/\/www.zerdab.com\/?p=16107","name":"Z\u0259rdab rayon Heyd\u0259r \u018fliyev M\u0259rk\u0259zind\u0259 t\u0259dbir - Z\u0259rdab.com","isPartOf":{"@id":"https:\/\/www.zerdab.com\/#website"},"datePublished":"2014-06-13T13:30:46+00:00","dateModified":"2014-06-14T13:33:46+00:00","author":{"@id":"https:\/\/www.zerdab.com\/#\/schema\/person\/97079b7570c1e89ec0d9e138c3672136"},"breadcrumb":{"@id":"https:\/\/www.zerdab.com\/?p=16107#breadcrumb"},"inLanguage":"az","potentialAction":[{"@type":"ReadAction","target":["https:\/\/www.zerdab.com\/?p=16107"]}]},{"@type":"BreadcrumbList","@id":"https:\/\/www.zerdab.com\/?p=16107#breadcrumb","itemListElement":[{"@type":"ListItem","position":1,"name":"Home","item":"https:\/\/www.zerdab.com\/"},{"@type":"ListItem","position":2,"name":"Z\u0259rdab rayon Heyd\u0259r \u018fliyev M\u0259rk\u0259zind\u0259 t\u0259dbir"}]},{"@type":"WebSite","@id":"https:\/\/www.zerdab.com\/#website","url":"https:\/\/www.zerdab.com\/","name":"Z\u0259rdab.com","description":"","potentialAction":[{"@type":"SearchAction","target":{"@type":"EntryPoint","urlTemplate":"https:\/\/www.zerdab.com\/?s={search_term_string}"},"query-input":{"@type":"PropertyValueSpecification","valueRequired":true,"valueName":"search_term_string"}}],"inLanguage":"az"},{"@type":"Person","@id":"https:\/\/www.zerdab.com\/#\/schema\/person\/97079b7570c1e89ec0d9e138c3672136","name":"admin","image":{"@type":"ImageObject","inLanguage":"az","@id":"https:\/\/www.zerdab.com\/#\/schema\/person\/image\/","url":"https:\/\/secure.gravatar.com\/avatar\/d9c52a9a27c32119cb6679a077fa3e2779e5f822c451cbf01098004361d466ec?s=96&d=mm&r=g","contentUrl":"https:\/\/secure.gravatar.com\/avatar\/d9c52a9a27c32119cb6679a077fa3e2779e5f822c451cbf01098004361d466ec?s=96&d=mm&r=g","caption":"admin"},"url":"https:\/\/www.zerdab.com\/?author=1"}]}},"_links":{"self":[{"href":"https:\/\/www.zerdab.com\/index.php?rest_route=\/wp\/v2\/posts\/16107","targetHints":{"allow":["GET"]}}],"collection":[{"href":"https:\/\/www.zerdab.com\/index.php?rest_route=\/wp\/v2\/posts"}],"about":[{"href":"https:\/\/www.zerdab.com\/index.php?rest_route=\/wp\/v2\/types\/post"}],"author":[{"embeddable":true,"href":"https:\/\/www.zerdab.com\/index.php?rest_route=\/wp\/v2\/users\/1"}],"replies":[{"embeddable":true,"href":"https:\/\/www.zerdab.com\/index.php?rest_route=%2Fwp%2Fv2%2Fcomments&post=16107"}],"version-history":[{"count":2,"href":"https:\/\/www.zerdab.com\/index.php?rest_route=\/wp\/v2\/posts\/16107\/revisions"}],"predecessor-version":[{"id":16110,"href":"https:\/\/www.zerdab.com\/index.php?rest_route=\/wp\/v2\/posts\/16107\/revisions\/16110"}],"wp:attachment":[{"href":"https:\/\/www.zerdab.com\/index.php?rest_route=%2Fwp%2Fv2%2Fmedia&parent=16107"}],"wp:term":[{"taxonomy":"category","embeddable":true,"href":"https:\/\/www.zerdab.com\/index.php?rest_route=%2Fwp%2Fv2%2Fcategories&post=16107"},{"taxonomy":"post_tag","embeddable":true,"href":"https:\/\/www.zerdab.com\/index.php?rest_route=%2Fwp%2Fv2%2Ftags&post=16107"}],"curies":[{"name":"wp","href":"https:\/\/api.w.org\/{rel}","templated":true}]}}