{"id":16159,"date":"2014-06-23T12:18:44","date_gmt":"2014-06-23T07:18:44","guid":{"rendered":"http:\/\/www.zerdab.com\/?p=16159"},"modified":"2014-06-25T09:51:25","modified_gmt":"2014-06-25T04:51:25","slug":"z%c9%99rdabda-dovl%c9%99t-qulluqcularinin-pes%c9%99-bayrami-qeyd-olundu-fotolar","status":"publish","type":"post","link":"https:\/\/www.zerdab.com\/?p=16159","title":{"rendered":"Z\u0259rdabda d\u00f6vl\u0259t qulluq\u00e7ular\u0131n\u0131n pe\u015f\u0259 bayram\u0131 qeyd olundu"},"content":{"rendered":"<p><a href=\"http:\/\/www.zerdab.com\/wp-content\/uploads\/2014\/06\/Z\u0259rdab2.jpg\"><img loading=\"lazy\" decoding=\"async\" class=\"aligncenter size-large wp-image-16161\" alt=\"Z\u0259rdab\" src=\"http:\/\/www.zerdab.com\/wp-content\/uploads\/2014\/06\/Z\u0259rdab2-550x365.jpg\" width=\"550\" height=\"365\" \/><\/a><b style=\"color: #0000ff; font-size: 14px; line-height: 1.5em;\"><\/b><\/p>\n<p>23 iyun &#8211; D\u00f6vl\u0259t Qulluq\u00e7ular\u0131n\u0131n pe\u015f\u0259 bayram\u0131 Z\u0259rdabda qeyd olunub. Z\u0259rdab rayonunun idar\u0259, m\u00fc\u0259ssis\u0259 v\u0259 t\u0259\u015fkilatlar\u0131nda \u00e7al\u0131\u015fan d\u00f6vl\u0259t qulluq\u00e7ular\u0131 \u00fcmummilli liderimiz Heyd\u0259r \u018fliyevin abid\u0259si \u00f6n\u00fcn\u0259 g\u00fcl-\u00e7i\u00e7\u0259k d\u0259st\u0259l\u0259ri d\u00fcz\u00fcbl\u0259r. D\u00f6vl\u0259t qulluq\u00e7ular\u0131n\u0131n pe\u015f\u0259 bayram\u0131 m\u00fcnasib\u0259til\u0259 t\u0259\u015fkil olunan toplant\u0131da Z\u0259rdab rayon icra hakimiyy\u0259tinin ba\u015f\u00e7\u0131s\u0131 L\u00fctv\u0259li Babayev \u201cXalqa v\u0259 d\u00f6vl\u0259t\u0259 layiqli xidm\u0259t n\u00fcmun\u0259si\u201d m\u00f6vzusunda m\u0259ruz\u0259 edib. Bildirib ki, d\u00f6vl\u0259tin daxili v\u0259 xarici siyas\u0259tinin h\u0259yata ke\u00e7irilm\u0259sind\u0259 m\u00fch\u00fcm rol oynayan d\u00f6vl\u0259t qulluq\u00e7ular\u0131n\u0131n pe\u015f\u0259 bayramlar\u0131n\u0131n t\u0259sdiq edilm\u0259si m\u00fch\u00fcm hadis\u0259 olmaqla, bu sah\u0259d\u0259 \u00e7al\u0131\u015fan insanlar\u0131n c\u0259miyy\u0259tin ictimai-siyasi, sosial-iqtisadi v\u0259 m\u0259d\u0259ni h\u0259yat\u0131ndak\u0131 m\u00fcst\u0259sna roluna veril\u0259n y\u00fcks\u0259k qiym\u0259tdir. H\u0259r bir d\u00f6vl\u0259td\u0259 siyasi sistemin mahiyy\u0259tini onun d\u00f6vl\u0259t m\u0259murlar\u0131n\u0131n f\u0259aliyy\u0259ti formala\u015fd\u0131r\u0131r. Etimad g\u00f6st\u0259ril\u0259r\u0259k ir\u0259li \u00e7\u0259kil\u0259n d\u00f6vl\u0259t m\u0259muru yerind\u0259 olanda, xalq\u0131n m\u0259nafeyi namin\u0259 \u0259zml\u0259 i\u015fl\u0259y\u0259nd\u0259 d\u00f6vl\u0259t idar\u0259\u00e7ilik sisteminin se\u00e7ki v\u0259 i\u015fl\u0259k mexanizml\u0259r \u00fcz\u0259rind\u0259 qurmaq da asan olur. Az\u0259rbaycan\u0131n d\u00f6vl\u0259t\u00e7ilik tarixind\u0259 b\u00f6y\u00fck rolu olan \u00fcmummilli liderimiz Heyd\u0259r \u018fliyev kadr se\u00e7imind\u0259 t\u0259kc\u0259 ideya-siyasi, intellektual meyarlara deyil, eyni zamanda milli-m\u0259n\u0259vi d\u0259y\u0259rl\u0259r\u0259 \u0259saslan\u0131b. Y\u00fcks\u0259k i\u015fg\u00fczar, savadl\u0131, qabiliyy\u0259tli v\u0259 m\u0259n\u0259vi keyfiyy\u0259tl\u0259ri, \u0259qid\u0259 t\u0259mizliyi il\u0259 c\u0259miyy\u0259t\u0259, d\u00f6vl\u0259t\u0259 xeyir ver\u0259 bil\u0259c\u0259k istedadl\u0131 kadrlar\u0131n d\u00f6vl\u0259t idar\u0259\u00e7iliyind\u0259 ir\u0259li \u00e7\u0259kilm\u0259si, onlar\u0131n s\u0259m\u0259r\u0259li f\u0259aliyy\u0259tin\u0259 imkan v\u0259 \u015f\u0259raitin yarad\u0131lmas\u0131 m\u0259s\u0259l\u0259si ulu \u00f6nd\u0259rimizin d\u00f6vl\u0259t\u00e7ilik ideyas\u0131n\u0131n ba\u015fl\u0131ca m\u0259zmunu olub. Haz\u0131rda \u00f6lk\u0259 Prezidenti c\u0259nab \u0130lham \u018fliyev d\u0259 kadrlar\u0131n m\u0259suliyy\u0259tin\u0259, onlar\u0131n d\u00f6vl\u0259t v\u0259 ictimaiyy\u0259t qar\u015f\u0131s\u0131nda da\u015f\u0131d\u0131\u011f\u0131 h\u00fcquqi, m\u0259n\u0259vi \u00f6hd\u0259likl\u0259r m\u0259s\u0259l\u0259sin\u0259 ciddi \u00f6n\u0259m verir. Bu g\u00fcn Az\u0259rbaycan Prezidenti yan\u0131nda D\u00f6vl\u0259t \u0130dar\u0259\u00e7ilik Akademiyas\u0131 d\u00f6vr\u00fcn v\u0259zif\u0259l\u0259rini h\u0259ll etm\u0259y\u0259 qadir m\u00fcasir, yeni t\u0259hsil v\u0259 elm m\u0259rk\u0259zi olmaqla d\u00f6vl\u0259t quruculu\u011fu prosesinin t\u0259kmill\u0259\u015fdirilm\u0259si \u00fc\u00e7\u00fcn kadrlar haz\u0131rlay\u0131r. Haz\u0131rda Z\u0259rdabda 12 t\u0259\u015fkilatda 200 n\u0259f\u0259rd\u0259n \u00e7ox d\u00f6vl\u0259t qulluq\u00e7usu f\u0259aliyy\u0259t g\u00f6st\u0259rir. T\u0259kc\u0259 Rayon \u0130cra Hakimiyy\u0259tind\u0259 30 n\u0259f\u0259rd\u0259n \u00e7ox d\u00f6vl\u0259t qulluq\u00e7usu \u00e7al\u0131\u015f\u0131r ki, onlar\u0131n da 60 faizini g\u0259ncl\u0259r t\u0259\u015fkil edir.<\/p>\n<p>Bir qrup f\u0259al d\u00f6vl\u0259t qulluq\u00e7usuna F\u0259xri F\u0259rman v\u0259 qiym\u0259tli h\u0259diyy\u0259l\u0259r t\u0259qdim olunub.<\/p>\n<p>Toplant\u0131da \u00e7\u0131x\u0131\u015f ed\u0259n d\u00f6vl\u0259t qulluq\u00e7ular\u0131 onlar\u0131n \u0259m\u0259yin\u0259 veril\u0259n qiym\u0259t\u0259 g\u00f6r\u0259 D\u00f6vl\u0259timizin ba\u015f\u00e7\u0131s\u0131na minn\u0259tdarl\u0131q edibl\u0259r.<\/p>\n<p><span style=\"color: #0000ff;\"><b>Z\u0259rdab Rayon \u0130cra Hakimiyy\u0259ti\u00a0<\/b><\/span><\/p>\n<p><span style=\"color: #0000ff;\"><b style=\"color: #0000ff; font-size: 14px; line-height: 1.5em;\">\u00a0<\/b><\/span><\/p>\n<p><span style=\"color: #0000ff;\"><b><a href=\"http:\/\/www.zerdab.com\/wp-content\/uploads\/2014\/06\/Z\u0259rdab21.jpg\"><img loading=\"lazy\" decoding=\"async\" class=\"aligncenter size-large wp-image-16163\" alt=\"Z\u0259rdab\" src=\"http:\/\/www.zerdab.com\/wp-content\/uploads\/2014\/06\/Z\u0259rdab21-550x365.jpg\" width=\"550\" height=\"365\" \/><\/a><a href=\"http:\/\/www.zerdab.com\/wp-content\/uploads\/2014\/06\/Z\u0259rdab4.jpg\"><img loading=\"lazy\" decoding=\"async\" class=\"aligncenter size-large wp-image-16160\" alt=\"Z\u0259rdab\" src=\"http:\/\/www.zerdab.com\/wp-content\/uploads\/2014\/06\/Z\u0259rdab4-550x365.jpg\" width=\"550\" height=\"365\" \/><\/a><a href=\"http:\/\/www.zerdab.com\/wp-content\/uploads\/2014\/06\/Z\u0259rdab3.jpg\"><img loading=\"lazy\" decoding=\"async\" class=\"aligncenter size-large wp-image-16164\" alt=\"Z\u0259rdab\" src=\"http:\/\/www.zerdab.com\/wp-content\/uploads\/2014\/06\/Z\u0259rdab3-550x365.jpg\" width=\"550\" height=\"365\" \/><\/a><a href=\"http:\/\/www.zerdab.com\/wp-content\/uploads\/2014\/06\/Z\u0259rdab11.jpg\"><img loading=\"lazy\" decoding=\"async\" class=\"aligncenter size-large wp-image-16162\" alt=\"Z\u0259rdab\" src=\"http:\/\/www.zerdab.com\/wp-content\/uploads\/2014\/06\/Z\u0259rdab11-550x365.jpg\" width=\"550\" height=\"365\" \/><\/a><\/b><\/span><\/p>\n","protected":false},"excerpt":{"rendered":"<p>23 iyun &#8211; D\u00f6vl\u0259t Qulluq\u00e7ular\u0131n\u0131n pe\u015f\u0259 bayram\u0131 Z\u0259rdabda qeyd olunub. Z\u0259rdab rayonunun idar\u0259, m\u00fc\u0259ssis\u0259 v\u0259 t\u0259\u015fkilatlar\u0131nda \u00e7al\u0131\u015fan d\u00f6vl\u0259t qulluq\u00e7ular\u0131 \u00fcmummilli liderimiz Heyd\u0259r \u018fliyevin abid\u0259si \u00f6n\u00fcn\u0259 g\u00fcl-\u00e7i\u00e7\u0259k d\u0259st\u0259l\u0259ri d\u00fcz\u00fcbl\u0259r. D\u00f6vl\u0259t qulluq\u00e7ular\u0131n\u0131n pe\u015f\u0259 bayram\u0131 m\u00fcnasib\u0259til\u0259 t\u0259\u015fkil olunan toplant\u0131da Z\u0259rdab rayon icra hakimiyy\u0259tinin ba\u015f\u00e7\u0131s\u0131 L\u00fctv\u0259li Babayev \u201cXalqa v\u0259 d\u00f6vl\u0259t\u0259 layiqli xidm\u0259t n\u00fcmun\u0259si\u201d m\u00f6vzusunda m\u0259ruz\u0259 edib. Bildirib ki, d\u00f6vl\u0259tin [&hellip;]<\/p>\n","protected":false},"author":1,"featured_media":0,"comment_status":"open","ping_status":"open","sticky":false,"template":"","format":"standard","meta":{"footnotes":""},"categories":[21],"tags":[],"class_list":{"0":"post-16159","1":"post","2":"type-post","3":"status-publish","4":"format-standard","6":"category-zrdab"},"yoast_head":"<!-- This site is optimized with the Yoast SEO plugin v27.0 - https:\/\/yoast.com\/product\/yoast-seo-wordpress\/ -->\n<title>Z\u0259rdabda d\u00f6vl\u0259t qulluq\u00e7ular\u0131n\u0131n pe\u015f\u0259 bayram\u0131 qeyd olundu - Z\u0259rdab.com<\/title>\n<meta name=\"robots\" content=\"index, follow, max-snippet:-1, max-image-preview:large, max-video-preview:-1\" \/>\n<link rel=\"canonical\" href=\"https:\/\/www.zerdab.com\/?p=16159\" \/>\n<meta property=\"og:locale\" content=\"az_AZ\" \/>\n<meta property=\"og:type\" content=\"article\" \/>\n<meta property=\"og:title\" content=\"Z\u0259rdabda d\u00f6vl\u0259t qulluq\u00e7ular\u0131n\u0131n pe\u015f\u0259 bayram\u0131 qeyd olundu - Z\u0259rdab.com\" \/>\n<meta property=\"og:description\" content=\"23 iyun &#8211; D\u00f6vl\u0259t Qulluq\u00e7ular\u0131n\u0131n pe\u015f\u0259 bayram\u0131 Z\u0259rdabda qeyd olunub. Z\u0259rdab rayonunun idar\u0259, m\u00fc\u0259ssis\u0259 v\u0259 t\u0259\u015fkilatlar\u0131nda \u00e7al\u0131\u015fan d\u00f6vl\u0259t qulluq\u00e7ular\u0131 \u00fcmummilli liderimiz Heyd\u0259r \u018fliyevin abid\u0259si \u00f6n\u00fcn\u0259 g\u00fcl-\u00e7i\u00e7\u0259k d\u0259st\u0259l\u0259ri d\u00fcz\u00fcbl\u0259r. D\u00f6vl\u0259t qulluq\u00e7ular\u0131n\u0131n pe\u015f\u0259 bayram\u0131 m\u00fcnasib\u0259til\u0259 t\u0259\u015fkil olunan toplant\u0131da Z\u0259rdab rayon icra hakimiyy\u0259tinin ba\u015f\u00e7\u0131s\u0131 L\u00fctv\u0259li Babayev \u201cXalqa v\u0259 d\u00f6vl\u0259t\u0259 layiqli xidm\u0259t n\u00fcmun\u0259si\u201d m\u00f6vzusunda m\u0259ruz\u0259 edib. Bildirib ki, d\u00f6vl\u0259tin [&hellip;]\" \/>\n<meta property=\"og:url\" content=\"https:\/\/www.zerdab.com\/?p=16159\" \/>\n<meta property=\"og:site_name\" content=\"Z\u0259rdab.com\" \/>\n<meta property=\"article:published_time\" content=\"2014-06-23T07:18:44+00:00\" \/>\n<meta property=\"article:modified_time\" content=\"2014-06-25T04:51:25+00:00\" \/>\n<meta name=\"author\" content=\"admin\" \/>\n<meta name=\"twitter:card\" content=\"summary_large_image\" \/>\n<meta name=\"twitter:label1\" content=\"Written by\" \/>\n\t<meta name=\"twitter:data1\" content=\"admin\" \/>\n\t<meta name=\"twitter:label2\" content=\"Est. reading time\" \/>\n\t<meta name=\"twitter:data2\" content=\"3 minutes\" \/>\n<script type=\"application\/ld+json\" class=\"yoast-schema-graph\">{\"@context\":\"https:\/\/schema.org\",\"@graph\":[{\"@type\":\"Article\",\"@id\":\"https:\/\/www.zerdab.com\/?p=16159#article\",\"isPartOf\":{\"@id\":\"https:\/\/www.zerdab.com\/?p=16159\"},\"author\":{\"name\":\"admin\",\"@id\":\"https:\/\/www.zerdab.com\/#\/schema\/person\/97079b7570c1e89ec0d9e138c3672136\"},\"headline\":\"Z\u0259rdabda d\u00f6vl\u0259t qulluq\u00e7ular\u0131n\u0131n pe\u015f\u0259 bayram\u0131 qeyd olundu\",\"datePublished\":\"2014-06-23T07:18:44+00:00\",\"dateModified\":\"2014-06-25T04:51:25+00:00\",\"mainEntityOfPage\":{\"@id\":\"https:\/\/www.zerdab.com\/?p=16159\"},\"wordCount\":574,\"commentCount\":2,\"articleSection\":[\"C\u018fM\u0130YY\u018fT\"],\"inLanguage\":\"az\",\"potentialAction\":[{\"@type\":\"CommentAction\",\"name\":\"Comment\",\"target\":[\"https:\/\/www.zerdab.com\/?p=16159#respond\"]}]},{\"@type\":\"WebPage\",\"@id\":\"https:\/\/www.zerdab.com\/?p=16159\",\"url\":\"https:\/\/www.zerdab.com\/?p=16159\",\"name\":\"Z\u0259rdabda d\u00f6vl\u0259t qulluq\u00e7ular\u0131n\u0131n pe\u015f\u0259 bayram\u0131 qeyd olundu - Z\u0259rdab.com\",\"isPartOf\":{\"@id\":\"https:\/\/www.zerdab.com\/#website\"},\"datePublished\":\"2014-06-23T07:18:44+00:00\",\"dateModified\":\"2014-06-25T04:51:25+00:00\",\"author\":{\"@id\":\"https:\/\/www.zerdab.com\/#\/schema\/person\/97079b7570c1e89ec0d9e138c3672136\"},\"breadcrumb\":{\"@id\":\"https:\/\/www.zerdab.com\/?p=16159#breadcrumb\"},\"inLanguage\":\"az\",\"potentialAction\":[{\"@type\":\"ReadAction\",\"target\":[\"https:\/\/www.zerdab.com\/?p=16159\"]}]},{\"@type\":\"BreadcrumbList\",\"@id\":\"https:\/\/www.zerdab.com\/?p=16159#breadcrumb\",\"itemListElement\":[{\"@type\":\"ListItem\",\"position\":1,\"name\":\"Home\",\"item\":\"https:\/\/www.zerdab.com\/\"},{\"@type\":\"ListItem\",\"position\":2,\"name\":\"Z\u0259rdabda d\u00f6vl\u0259t qulluq\u00e7ular\u0131n\u0131n pe\u015f\u0259 bayram\u0131 qeyd olundu\"}]},{\"@type\":\"WebSite\",\"@id\":\"https:\/\/www.zerdab.com\/#website\",\"url\":\"https:\/\/www.zerdab.com\/\",\"name\":\"Z\u0259rdab.com\",\"description\":\"\",\"potentialAction\":[{\"@type\":\"SearchAction\",\"target\":{\"@type\":\"EntryPoint\",\"urlTemplate\":\"https:\/\/www.zerdab.com\/?s={search_term_string}\"},\"query-input\":{\"@type\":\"PropertyValueSpecification\",\"valueRequired\":true,\"valueName\":\"search_term_string\"}}],\"inLanguage\":\"az\"},{\"@type\":\"Person\",\"@id\":\"https:\/\/www.zerdab.com\/#\/schema\/person\/97079b7570c1e89ec0d9e138c3672136\",\"name\":\"admin\",\"image\":{\"@type\":\"ImageObject\",\"inLanguage\":\"az\",\"@id\":\"https:\/\/www.zerdab.com\/#\/schema\/person\/image\/\",\"url\":\"https:\/\/secure.gravatar.com\/avatar\/d9c52a9a27c32119cb6679a077fa3e2779e5f822c451cbf01098004361d466ec?s=96&d=mm&r=g\",\"contentUrl\":\"https:\/\/secure.gravatar.com\/avatar\/d9c52a9a27c32119cb6679a077fa3e2779e5f822c451cbf01098004361d466ec?s=96&d=mm&r=g\",\"caption\":\"admin\"},\"url\":\"https:\/\/www.zerdab.com\/?author=1\"}]}<\/script>\n<!-- \/ Yoast SEO plugin. -->","yoast_head_json":{"title":"Z\u0259rdabda d\u00f6vl\u0259t qulluq\u00e7ular\u0131n\u0131n pe\u015f\u0259 bayram\u0131 qeyd olundu - Z\u0259rdab.com","robots":{"index":"index","follow":"follow","max-snippet":"max-snippet:-1","max-image-preview":"max-image-preview:large","max-video-preview":"max-video-preview:-1"},"canonical":"https:\/\/www.zerdab.com\/?p=16159","og_locale":"az_AZ","og_type":"article","og_title":"Z\u0259rdabda d\u00f6vl\u0259t qulluq\u00e7ular\u0131n\u0131n pe\u015f\u0259 bayram\u0131 qeyd olundu - Z\u0259rdab.com","og_description":"23 iyun &#8211; D\u00f6vl\u0259t Qulluq\u00e7ular\u0131n\u0131n pe\u015f\u0259 bayram\u0131 Z\u0259rdabda qeyd olunub. Z\u0259rdab rayonunun idar\u0259, m\u00fc\u0259ssis\u0259 v\u0259 t\u0259\u015fkilatlar\u0131nda \u00e7al\u0131\u015fan d\u00f6vl\u0259t qulluq\u00e7ular\u0131 \u00fcmummilli liderimiz Heyd\u0259r \u018fliyevin abid\u0259si \u00f6n\u00fcn\u0259 g\u00fcl-\u00e7i\u00e7\u0259k d\u0259st\u0259l\u0259ri d\u00fcz\u00fcbl\u0259r. D\u00f6vl\u0259t qulluq\u00e7ular\u0131n\u0131n pe\u015f\u0259 bayram\u0131 m\u00fcnasib\u0259til\u0259 t\u0259\u015fkil olunan toplant\u0131da Z\u0259rdab rayon icra hakimiyy\u0259tinin ba\u015f\u00e7\u0131s\u0131 L\u00fctv\u0259li Babayev \u201cXalqa v\u0259 d\u00f6vl\u0259t\u0259 layiqli xidm\u0259t n\u00fcmun\u0259si\u201d m\u00f6vzusunda m\u0259ruz\u0259 edib. Bildirib ki, d\u00f6vl\u0259tin [&hellip;]","og_url":"https:\/\/www.zerdab.com\/?p=16159","og_site_name":"Z\u0259rdab.com","article_published_time":"2014-06-23T07:18:44+00:00","article_modified_time":"2014-06-25T04:51:25+00:00","author":"admin","twitter_card":"summary_large_image","twitter_misc":{"Written by":"admin","Est. reading time":"3 minutes"},"schema":{"@context":"https:\/\/schema.org","@graph":[{"@type":"Article","@id":"https:\/\/www.zerdab.com\/?p=16159#article","isPartOf":{"@id":"https:\/\/www.zerdab.com\/?p=16159"},"author":{"name":"admin","@id":"https:\/\/www.zerdab.com\/#\/schema\/person\/97079b7570c1e89ec0d9e138c3672136"},"headline":"Z\u0259rdabda d\u00f6vl\u0259t qulluq\u00e7ular\u0131n\u0131n pe\u015f\u0259 bayram\u0131 qeyd olundu","datePublished":"2014-06-23T07:18:44+00:00","dateModified":"2014-06-25T04:51:25+00:00","mainEntityOfPage":{"@id":"https:\/\/www.zerdab.com\/?p=16159"},"wordCount":574,"commentCount":2,"articleSection":["C\u018fM\u0130YY\u018fT"],"inLanguage":"az","potentialAction":[{"@type":"CommentAction","name":"Comment","target":["https:\/\/www.zerdab.com\/?p=16159#respond"]}]},{"@type":"WebPage","@id":"https:\/\/www.zerdab.com\/?p=16159","url":"https:\/\/www.zerdab.com\/?p=16159","name":"Z\u0259rdabda d\u00f6vl\u0259t qulluq\u00e7ular\u0131n\u0131n pe\u015f\u0259 bayram\u0131 qeyd olundu - Z\u0259rdab.com","isPartOf":{"@id":"https:\/\/www.zerdab.com\/#website"},"datePublished":"2014-06-23T07:18:44+00:00","dateModified":"2014-06-25T04:51:25+00:00","author":{"@id":"https:\/\/www.zerdab.com\/#\/schema\/person\/97079b7570c1e89ec0d9e138c3672136"},"breadcrumb":{"@id":"https:\/\/www.zerdab.com\/?p=16159#breadcrumb"},"inLanguage":"az","potentialAction":[{"@type":"ReadAction","target":["https:\/\/www.zerdab.com\/?p=16159"]}]},{"@type":"BreadcrumbList","@id":"https:\/\/www.zerdab.com\/?p=16159#breadcrumb","itemListElement":[{"@type":"ListItem","position":1,"name":"Home","item":"https:\/\/www.zerdab.com\/"},{"@type":"ListItem","position":2,"name":"Z\u0259rdabda d\u00f6vl\u0259t qulluq\u00e7ular\u0131n\u0131n pe\u015f\u0259 bayram\u0131 qeyd olundu"}]},{"@type":"WebSite","@id":"https:\/\/www.zerdab.com\/#website","url":"https:\/\/www.zerdab.com\/","name":"Z\u0259rdab.com","description":"","potentialAction":[{"@type":"SearchAction","target":{"@type":"EntryPoint","urlTemplate":"https:\/\/www.zerdab.com\/?s={search_term_string}"},"query-input":{"@type":"PropertyValueSpecification","valueRequired":true,"valueName":"search_term_string"}}],"inLanguage":"az"},{"@type":"Person","@id":"https:\/\/www.zerdab.com\/#\/schema\/person\/97079b7570c1e89ec0d9e138c3672136","name":"admin","image":{"@type":"ImageObject","inLanguage":"az","@id":"https:\/\/www.zerdab.com\/#\/schema\/person\/image\/","url":"https:\/\/secure.gravatar.com\/avatar\/d9c52a9a27c32119cb6679a077fa3e2779e5f822c451cbf01098004361d466ec?s=96&d=mm&r=g","contentUrl":"https:\/\/secure.gravatar.com\/avatar\/d9c52a9a27c32119cb6679a077fa3e2779e5f822c451cbf01098004361d466ec?s=96&d=mm&r=g","caption":"admin"},"url":"https:\/\/www.zerdab.com\/?author=1"}]}},"_links":{"self":[{"href":"https:\/\/www.zerdab.com\/index.php?rest_route=\/wp\/v2\/posts\/16159","targetHints":{"allow":["GET"]}}],"collection":[{"href":"https:\/\/www.zerdab.com\/index.php?rest_route=\/wp\/v2\/posts"}],"about":[{"href":"https:\/\/www.zerdab.com\/index.php?rest_route=\/wp\/v2\/types\/post"}],"author":[{"embeddable":true,"href":"https:\/\/www.zerdab.com\/index.php?rest_route=\/wp\/v2\/users\/1"}],"replies":[{"embeddable":true,"href":"https:\/\/www.zerdab.com\/index.php?rest_route=%2Fwp%2Fv2%2Fcomments&post=16159"}],"version-history":[{"count":3,"href":"https:\/\/www.zerdab.com\/index.php?rest_route=\/wp\/v2\/posts\/16159\/revisions"}],"predecessor-version":[{"id":16173,"href":"https:\/\/www.zerdab.com\/index.php?rest_route=\/wp\/v2\/posts\/16159\/revisions\/16173"}],"wp:attachment":[{"href":"https:\/\/www.zerdab.com\/index.php?rest_route=%2Fwp%2Fv2%2Fmedia&parent=16159"}],"wp:term":[{"taxonomy":"category","embeddable":true,"href":"https:\/\/www.zerdab.com\/index.php?rest_route=%2Fwp%2Fv2%2Fcategories&post=16159"},{"taxonomy":"post_tag","embeddable":true,"href":"https:\/\/www.zerdab.com\/index.php?rest_route=%2Fwp%2Fv2%2Ftags&post=16159"}],"curies":[{"name":"wp","href":"https:\/\/api.w.org\/{rel}","templated":true}]}}