{"id":16193,"date":"2014-06-25T16:37:25","date_gmt":"2014-06-25T11:37:25","guid":{"rendered":"http:\/\/www.zerdab.com\/?p=16193"},"modified":"2014-06-25T16:37:25","modified_gmt":"2014-06-25T11:37:25","slug":"z%c9%99rdabda-silahli-quvv%c9%99l%c9%99r-gunu-munasib%c9%99til%c9%99-yigincaq-kecirildi","status":"publish","type":"post","link":"https:\/\/www.zerdab.com\/?p=16193","title":{"rendered":"Z\u0259rdabda Silahl\u0131 Q\u00fcvv\u0259l\u0259r G\u00fcn\u00fc m\u00fcnasib\u0259til\u0259 y\u0131\u011f\u0131ncaq ke\u00e7irildi"},"content":{"rendered":"<p align=\"center\"><span style=\"font-size: 14px; line-height: 1.5em;\"><a href=\"http:\/\/www.zerdab.com\/wp-content\/uploads\/2014\/06\/silahl\u0131-q\u00fcvv\u0259l\u0259r-g\u00fcn\u00fc.jpg\"><img loading=\"lazy\" decoding=\"async\" class=\"aligncenter size-full wp-image-16194\" alt=\"Silahl\u0131 q\u00fcvv\u0259l\u0259r g\u00fcn\u00fc\" src=\"http:\/\/www.zerdab.com\/wp-content\/uploads\/2014\/06\/silahl\u0131-q\u00fcvv\u0259l\u0259r-g\u00fcn\u00fc.jpg\" width=\"540\" height=\"300\" \/><\/a>Bu g\u00fcn Z\u0259rdabda 26 iyun \u2013 Silahl\u0131 Q\u00fcvv\u0259l\u0259r G\u00fcn\u00fc m\u00fcnasib\u0259til\u0259 y\u0131\u011f\u0131ncaq ke\u00e7irilib. Y\u0131\u011f\u0131ncaq i\u015ftirak\u00e7\u0131lar\u0131 \u0259vv\u0259lc\u0259 Ulu \u00d6nd\u0259r Heyd\u0259r \u018fliyevin abid\u0259si \u00f6n\u00fcn\u0259 g\u00fcl d\u0259st\u0259l\u0259ri qoyublar.<\/span><\/p>\n<p>S\u0259f\u0259rb\u0259rlik v\u0259 H\u0259rbi Xidm\u0259t\u0259 \u00c7a\u011f\u0131r\u0131\u015f \u00fczr\u0259 D\u00f6vl\u0259t Xidm\u0259tinin rayon b\u00f6lm\u0259sinin r\u0259isi, polkovnik-leytenant El\u015f\u0259n H\u0259s\u0259nov y\u0131\u011f\u0131ncaqda \u00e7\u0131x\u0131\u015f ed\u0259r\u0259k Az\u0259rbaycan ordusunun ke\u00e7diyi \u015f\u0259r\u0259fli yoldan dan\u0131\u015f\u0131b. O, qeyd edib ki, m\u00fcst\u0259qilliyimizi qazand\u0131\u011f\u0131m\u0131z ilk ill\u0259rd\u0259 \u0259slind\u0259 m\u00fcharib\u0259 \u015f\u0259raitind\u0259 ya\u015fama\u011f\u0131m\u0131za baxmayaraq, h\u0259min d\u00f6vrd\u0259 \u00f6lk\u0259 r\u0259hb\u0259rliyi s\u0259viyy\u0259sind\u0259 ordu quruculu\u011fu bar\u0259d\u0259 d\u00fc\u015f\u00fcn\u0259n yox idi. Nizami ordu hiss\u0259l\u0259ri \u0259v\u0259zin\u0259 m\u00fcxt\u0259lif siyasi partiyalar\u0131n, ayr\u0131-ayr\u0131 adamlar\u0131n ba\u015fs\u0131z silahl\u0131 d\u0259st\u0259l\u0259ri yaran\u0131rd\u0131 ki, bu d\u0259st\u0259l\u0259r d\u0259 \u00fcmumi bir komandanl\u0131\u011fa tabe olmurdular. Bu v\u0259ziyy\u0259t is\u0259 h\u0259tta pe\u015f\u0259kar h\u0259rb\u00e7il\u0259ri d\u0259 ruhdan sal\u0131r, d\u00f6y\u00fc\u015f \u0259m\u0259liyyatlar\u0131 laz\u0131m\u0131nca t\u0259\u015fkil olunmurdu.<\/p>\n<p>Yaln\u0131z Ulu \u00d6nd\u0259rimiz Heyd\u0259r \u018fliyevin xalq\u0131n t\u0259kidli t\u0259l\u0259bi v\u0259 xahi\u015fi il\u0259 1993-c\u00fc ilin iyununda \u00f6lk\u0259nin siyasi r\u0259hb\u0259rliyin\u0259 yenid\u0259n qay\u0131d\u0131\u015f\u0131ndan sonra b\u00fct\u00fcn sah\u0259l\u0259rd\u0259 oldu\u011fu kimi Milli Ordu quruculu\u011funda da \u0259h\u0259miyy\u0259tli d\u0259yi\u015fiklikl\u0259r ba\u015f vermi\u015f, ordumuz g\u00fccl\u0259n\u0259r\u0259k inki\u015faf etmi\u015fdir.<\/p>\n<p>M\u0259hz \u00fcmummilli liderimiz Heyd\u0259r \u018fliyevin 22 may 1998-ci il tarixli F\u0259rman\u0131 il\u0259 1918-ci il iyunun 26-s\u0131 Silahl\u0131 Q\u00fcvv\u0259l\u0259rin yaranma tarixi v\u0259 h\u0259r ilin 26 iyunu Az\u0259rbaycan Respublikas\u0131 Silahl\u0131 Q\u00fcvv\u0259l\u0259ri G\u00fcn\u00fc kimi r\u0259smil\u0259\u015fdirilmi\u015fdir.<\/p>\n<p>Bu g\u00fcn ordumuza d\u00f6vl\u0259t qay\u011f\u0131s\u0131 m\u00f6ht\u0259r\u0259m Prezidentimiz, Ali Ba\u015f Komandan c\u0259nab \u0130lham \u018fliyev t\u0259r\u0259find\u0259n d\u0259 u\u011furla davam etdirilir.<\/p>\n<p>Haz\u0131rda m\u00fcharib\u0259 \u015f\u0259raitind\u0259 olan Az\u0259rbaycan d\u00f6vl\u0259ti \u00fc\u00e7\u00fcn q\u00fcdr\u0259tli orduya malik olmaq \u0259n z\u0259ruri m\u0259s\u0259l\u0259l\u0259rd\u0259n biridir. \u00d6lk\u0259 ba\u015f\u00e7\u0131s\u0131n\u0131n d\u0259f\u0259l\u0259rl\u0259 qeyd etdiyi kimi \u0259g\u0259r Da\u011fl\u0131q Qaraba\u011f, Erm\u0259nistan-Az\u0259rbaycan m\u00fcnaqi\u015f\u0259si s\u00fclh yolu il\u0259 \u00f6z h\u0259llini tapmazsa, Az\u0259rbaycan ordusu \u00f6z \u0259razi b\u00fct\u00f6vl\u00fcy\u00fcn\u00fc alternativ yollarla t\u0259min etm\u0259y\u0259 qadirdir. B\u0259li, bu g\u00fcn Az\u0259rbaycan ordusu, Silahl\u0131 Q\u00fcvv\u0259l\u0259rimiz \u00e7ox y\u00fcks\u0259k s\u0259viyy\u0259d\u0259 formala\u015fmaqla qar\u015f\u0131da duran b\u00fct\u00fcn v\u0259zif\u0259l\u0259ri h\u0259ll etm\u0259k q\u00fcdr\u0259tind\u0259dir. V\u0259 t\u0259bii olaraq xalq\u0131m\u0131z bu g\u00fcn \u00f6z ordusuna arxalan\u0131r.<\/p>\n<p>Art\u0131q 16 ildir ki, bu bayram \u2013 Az\u0259rbaycan Respublikas\u0131 Silahl\u0131 Q\u00fcvv\u0259l\u0259ri G\u00fcn\u00fc d\u00f6vl\u0259t s\u0259viyy\u0259sind\u0259 qeyd olunur. V\u0259 ordumuzun \u015f\u0259xsi hey\u0259ti hiss edir ki, \u00f6lk\u0259 r\u0259hb\u0259rliyi, Az\u0259rbaycan xalq\u0131 daim \u00f6z silahl\u0131 q\u00fcvv\u0259l\u0259ri il\u0259 birlikd\u0259dir.<\/p>\n<p>Natiq qeyd etdi ki, bu g\u00fcn Az\u0259rbaycan Respublikas\u0131 m\u00f6ht\u0259r\u0259m Prezidentimizin, Ali Ba\u015f Komandan\u0131m\u0131z\u0131n diqq\u0259t v\u0259 qay\u011f\u0131s\u0131 il\u0259 b\u00fct\u00fcn sah\u0259l\u0259rd\u0259 inamla ir\u0259lil\u0259yir. Az\u0259rbaycan ordusu da son ill\u0259rd\u0259 yeni, m\u00fcasir, h\u0259r c\u00fcr h\u0259rbi t\u0259cav\u00fcz\u00fc d\u0259f etm\u0259y\u0259 qadir bir qurum kimi tam formala\u015fm\u0131\u015fd\u0131r v\u0259 Silahl\u0131 Q\u00fcvv\u0259l\u0259rimiz daim q\u00fcdr\u0259tl\u0259nir.<\/p>\n<p>Y\u0131\u011f\u0131ncaqda \u00e7\u0131x\u0131\u015f ed\u0259n Rayon \u0130cra Hakimiyy\u0259ti Ba\u015f\u00e7\u0131s\u0131 Aparat\u0131n\u0131n h\u00fcquq \u015f\u00f6b\u0259sinin m\u00fcdiri X\u0259zri Babayev i\u015ftirak\u00e7\u0131lara Rayon \u0130cra Hakimiyy\u0259ti ba\u015f\u00e7\u0131s\u0131n\u0131n t\u0259brikl\u0259rini \u00e7atd\u0131r\u0131b.<\/p>\n<p>Sonda bir qrup h\u0259rb\u00e7il\u0259r\u0259 qiym\u0259tli h\u0259diyy\u0259l\u0259r verilib.<\/p>\n<p><b>\u00a0<\/b><span style=\"color: #0000ff;\"><b style=\"font-size: 14px; line-height: 1.5em;\">Z\u0259rdab Rayon \u0130cra Hakimiyy\u0259ti<\/b><\/span><\/p>\n<p><span style=\"color: #0000ff;\"><b>\u00a0<\/b><\/span><\/p>\n<p><b>\u00a0<\/b><\/p>\n","protected":false},"excerpt":{"rendered":"<p>Bu g\u00fcn Z\u0259rdabda 26 iyun \u2013 Silahl\u0131 Q\u00fcvv\u0259l\u0259r G\u00fcn\u00fc m\u00fcnasib\u0259til\u0259 y\u0131\u011f\u0131ncaq ke\u00e7irilib. Y\u0131\u011f\u0131ncaq i\u015ftirak\u00e7\u0131lar\u0131 \u0259vv\u0259lc\u0259 Ulu \u00d6nd\u0259r Heyd\u0259r \u018fliyevin abid\u0259si \u00f6n\u00fcn\u0259 g\u00fcl d\u0259st\u0259l\u0259ri qoyublar. S\u0259f\u0259rb\u0259rlik v\u0259 H\u0259rbi Xidm\u0259t\u0259 \u00c7a\u011f\u0131r\u0131\u015f \u00fczr\u0259 D\u00f6vl\u0259t Xidm\u0259tinin rayon b\u00f6lm\u0259sinin r\u0259isi, polkovnik-leytenant El\u015f\u0259n H\u0259s\u0259nov y\u0131\u011f\u0131ncaqda \u00e7\u0131x\u0131\u015f ed\u0259r\u0259k Az\u0259rbaycan ordusunun ke\u00e7diyi \u015f\u0259r\u0259fli yoldan dan\u0131\u015f\u0131b. O, qeyd edib ki, m\u00fcst\u0259qilliyimizi qazand\u0131\u011f\u0131m\u0131z ilk ill\u0259rd\u0259 [&hellip;]<\/p>\n","protected":false},"author":1,"featured_media":0,"comment_status":"open","ping_status":"open","sticky":false,"template":"","format":"standard","meta":{"footnotes":""},"categories":[21],"tags":[],"class_list":{"0":"post-16193","1":"post","2":"type-post","3":"status-publish","4":"format-standard","6":"category-zrdab"},"yoast_head":"<!-- This site is optimized with the Yoast SEO plugin v27.0 - https:\/\/yoast.com\/product\/yoast-seo-wordpress\/ -->\n<title>Z\u0259rdabda Silahl\u0131 Q\u00fcvv\u0259l\u0259r G\u00fcn\u00fc m\u00fcnasib\u0259til\u0259 y\u0131\u011f\u0131ncaq ke\u00e7irildi - Z\u0259rdab.com<\/title>\n<meta name=\"robots\" content=\"index, follow, max-snippet:-1, max-image-preview:large, max-video-preview:-1\" \/>\n<link rel=\"canonical\" href=\"https:\/\/www.zerdab.com\/?p=16193\" \/>\n<meta property=\"og:locale\" content=\"az_AZ\" \/>\n<meta property=\"og:type\" content=\"article\" \/>\n<meta property=\"og:title\" content=\"Z\u0259rdabda Silahl\u0131 Q\u00fcvv\u0259l\u0259r G\u00fcn\u00fc m\u00fcnasib\u0259til\u0259 y\u0131\u011f\u0131ncaq ke\u00e7irildi - Z\u0259rdab.com\" \/>\n<meta property=\"og:description\" content=\"Bu g\u00fcn Z\u0259rdabda 26 iyun \u2013 Silahl\u0131 Q\u00fcvv\u0259l\u0259r G\u00fcn\u00fc m\u00fcnasib\u0259til\u0259 y\u0131\u011f\u0131ncaq ke\u00e7irilib. Y\u0131\u011f\u0131ncaq i\u015ftirak\u00e7\u0131lar\u0131 \u0259vv\u0259lc\u0259 Ulu \u00d6nd\u0259r Heyd\u0259r \u018fliyevin abid\u0259si \u00f6n\u00fcn\u0259 g\u00fcl d\u0259st\u0259l\u0259ri qoyublar. S\u0259f\u0259rb\u0259rlik v\u0259 H\u0259rbi Xidm\u0259t\u0259 \u00c7a\u011f\u0131r\u0131\u015f \u00fczr\u0259 D\u00f6vl\u0259t Xidm\u0259tinin rayon b\u00f6lm\u0259sinin r\u0259isi, polkovnik-leytenant El\u015f\u0259n H\u0259s\u0259nov y\u0131\u011f\u0131ncaqda \u00e7\u0131x\u0131\u015f ed\u0259r\u0259k Az\u0259rbaycan ordusunun ke\u00e7diyi \u015f\u0259r\u0259fli yoldan dan\u0131\u015f\u0131b. O, qeyd edib ki, m\u00fcst\u0259qilliyimizi qazand\u0131\u011f\u0131m\u0131z ilk ill\u0259rd\u0259 [&hellip;]\" \/>\n<meta property=\"og:url\" content=\"https:\/\/www.zerdab.com\/?p=16193\" \/>\n<meta property=\"og:site_name\" content=\"Z\u0259rdab.com\" \/>\n<meta property=\"article:published_time\" content=\"2014-06-25T11:37:25+00:00\" \/>\n<meta name=\"author\" content=\"admin\" \/>\n<meta name=\"twitter:card\" content=\"summary_large_image\" \/>\n<meta name=\"twitter:label1\" content=\"Written by\" \/>\n\t<meta name=\"twitter:data1\" content=\"admin\" \/>\n\t<meta name=\"twitter:label2\" content=\"Est. reading time\" \/>\n\t<meta name=\"twitter:data2\" content=\"3 minutes\" \/>\n<script type=\"application\/ld+json\" class=\"yoast-schema-graph\">{\"@context\":\"https:\/\/schema.org\",\"@graph\":[{\"@type\":\"Article\",\"@id\":\"https:\/\/www.zerdab.com\/?p=16193#article\",\"isPartOf\":{\"@id\":\"https:\/\/www.zerdab.com\/?p=16193\"},\"author\":{\"name\":\"admin\",\"@id\":\"https:\/\/www.zerdab.com\/#\/schema\/person\/97079b7570c1e89ec0d9e138c3672136\"},\"headline\":\"Z\u0259rdabda Silahl\u0131 Q\u00fcvv\u0259l\u0259r G\u00fcn\u00fc m\u00fcnasib\u0259til\u0259 y\u0131\u011f\u0131ncaq ke\u00e7irildi\",\"datePublished\":\"2014-06-25T11:37:25+00:00\",\"mainEntityOfPage\":{\"@id\":\"https:\/\/www.zerdab.com\/?p=16193\"},\"wordCount\":677,\"commentCount\":0,\"articleSection\":[\"C\u018fM\u0130YY\u018fT\"],\"inLanguage\":\"az\",\"potentialAction\":[{\"@type\":\"CommentAction\",\"name\":\"Comment\",\"target\":[\"https:\/\/www.zerdab.com\/?p=16193#respond\"]}]},{\"@type\":\"WebPage\",\"@id\":\"https:\/\/www.zerdab.com\/?p=16193\",\"url\":\"https:\/\/www.zerdab.com\/?p=16193\",\"name\":\"Z\u0259rdabda Silahl\u0131 Q\u00fcvv\u0259l\u0259r G\u00fcn\u00fc m\u00fcnasib\u0259til\u0259 y\u0131\u011f\u0131ncaq ke\u00e7irildi - Z\u0259rdab.com\",\"isPartOf\":{\"@id\":\"https:\/\/www.zerdab.com\/#website\"},\"datePublished\":\"2014-06-25T11:37:25+00:00\",\"author\":{\"@id\":\"https:\/\/www.zerdab.com\/#\/schema\/person\/97079b7570c1e89ec0d9e138c3672136\"},\"breadcrumb\":{\"@id\":\"https:\/\/www.zerdab.com\/?p=16193#breadcrumb\"},\"inLanguage\":\"az\",\"potentialAction\":[{\"@type\":\"ReadAction\",\"target\":[\"https:\/\/www.zerdab.com\/?p=16193\"]}]},{\"@type\":\"BreadcrumbList\",\"@id\":\"https:\/\/www.zerdab.com\/?p=16193#breadcrumb\",\"itemListElement\":[{\"@type\":\"ListItem\",\"position\":1,\"name\":\"Home\",\"item\":\"https:\/\/www.zerdab.com\/\"},{\"@type\":\"ListItem\",\"position\":2,\"name\":\"Z\u0259rdabda Silahl\u0131 Q\u00fcvv\u0259l\u0259r G\u00fcn\u00fc m\u00fcnasib\u0259til\u0259 y\u0131\u011f\u0131ncaq ke\u00e7irildi\"}]},{\"@type\":\"WebSite\",\"@id\":\"https:\/\/www.zerdab.com\/#website\",\"url\":\"https:\/\/www.zerdab.com\/\",\"name\":\"Z\u0259rdab.com\",\"description\":\"\",\"potentialAction\":[{\"@type\":\"SearchAction\",\"target\":{\"@type\":\"EntryPoint\",\"urlTemplate\":\"https:\/\/www.zerdab.com\/?s={search_term_string}\"},\"query-input\":{\"@type\":\"PropertyValueSpecification\",\"valueRequired\":true,\"valueName\":\"search_term_string\"}}],\"inLanguage\":\"az\"},{\"@type\":\"Person\",\"@id\":\"https:\/\/www.zerdab.com\/#\/schema\/person\/97079b7570c1e89ec0d9e138c3672136\",\"name\":\"admin\",\"image\":{\"@type\":\"ImageObject\",\"inLanguage\":\"az\",\"@id\":\"https:\/\/www.zerdab.com\/#\/schema\/person\/image\/\",\"url\":\"https:\/\/secure.gravatar.com\/avatar\/d9c52a9a27c32119cb6679a077fa3e2779e5f822c451cbf01098004361d466ec?s=96&d=mm&r=g\",\"contentUrl\":\"https:\/\/secure.gravatar.com\/avatar\/d9c52a9a27c32119cb6679a077fa3e2779e5f822c451cbf01098004361d466ec?s=96&d=mm&r=g\",\"caption\":\"admin\"},\"url\":\"https:\/\/www.zerdab.com\/?author=1\"}]}<\/script>\n<!-- \/ Yoast SEO plugin. -->","yoast_head_json":{"title":"Z\u0259rdabda Silahl\u0131 Q\u00fcvv\u0259l\u0259r G\u00fcn\u00fc m\u00fcnasib\u0259til\u0259 y\u0131\u011f\u0131ncaq ke\u00e7irildi - Z\u0259rdab.com","robots":{"index":"index","follow":"follow","max-snippet":"max-snippet:-1","max-image-preview":"max-image-preview:large","max-video-preview":"max-video-preview:-1"},"canonical":"https:\/\/www.zerdab.com\/?p=16193","og_locale":"az_AZ","og_type":"article","og_title":"Z\u0259rdabda Silahl\u0131 Q\u00fcvv\u0259l\u0259r G\u00fcn\u00fc m\u00fcnasib\u0259til\u0259 y\u0131\u011f\u0131ncaq ke\u00e7irildi - Z\u0259rdab.com","og_description":"Bu g\u00fcn Z\u0259rdabda 26 iyun \u2013 Silahl\u0131 Q\u00fcvv\u0259l\u0259r G\u00fcn\u00fc m\u00fcnasib\u0259til\u0259 y\u0131\u011f\u0131ncaq ke\u00e7irilib. Y\u0131\u011f\u0131ncaq i\u015ftirak\u00e7\u0131lar\u0131 \u0259vv\u0259lc\u0259 Ulu \u00d6nd\u0259r Heyd\u0259r \u018fliyevin abid\u0259si \u00f6n\u00fcn\u0259 g\u00fcl d\u0259st\u0259l\u0259ri qoyublar. S\u0259f\u0259rb\u0259rlik v\u0259 H\u0259rbi Xidm\u0259t\u0259 \u00c7a\u011f\u0131r\u0131\u015f \u00fczr\u0259 D\u00f6vl\u0259t Xidm\u0259tinin rayon b\u00f6lm\u0259sinin r\u0259isi, polkovnik-leytenant El\u015f\u0259n H\u0259s\u0259nov y\u0131\u011f\u0131ncaqda \u00e7\u0131x\u0131\u015f ed\u0259r\u0259k Az\u0259rbaycan ordusunun ke\u00e7diyi \u015f\u0259r\u0259fli yoldan dan\u0131\u015f\u0131b. O, qeyd edib ki, m\u00fcst\u0259qilliyimizi qazand\u0131\u011f\u0131m\u0131z ilk ill\u0259rd\u0259 [&hellip;]","og_url":"https:\/\/www.zerdab.com\/?p=16193","og_site_name":"Z\u0259rdab.com","article_published_time":"2014-06-25T11:37:25+00:00","author":"admin","twitter_card":"summary_large_image","twitter_misc":{"Written by":"admin","Est. reading time":"3 minutes"},"schema":{"@context":"https:\/\/schema.org","@graph":[{"@type":"Article","@id":"https:\/\/www.zerdab.com\/?p=16193#article","isPartOf":{"@id":"https:\/\/www.zerdab.com\/?p=16193"},"author":{"name":"admin","@id":"https:\/\/www.zerdab.com\/#\/schema\/person\/97079b7570c1e89ec0d9e138c3672136"},"headline":"Z\u0259rdabda Silahl\u0131 Q\u00fcvv\u0259l\u0259r G\u00fcn\u00fc m\u00fcnasib\u0259til\u0259 y\u0131\u011f\u0131ncaq ke\u00e7irildi","datePublished":"2014-06-25T11:37:25+00:00","mainEntityOfPage":{"@id":"https:\/\/www.zerdab.com\/?p=16193"},"wordCount":677,"commentCount":0,"articleSection":["C\u018fM\u0130YY\u018fT"],"inLanguage":"az","potentialAction":[{"@type":"CommentAction","name":"Comment","target":["https:\/\/www.zerdab.com\/?p=16193#respond"]}]},{"@type":"WebPage","@id":"https:\/\/www.zerdab.com\/?p=16193","url":"https:\/\/www.zerdab.com\/?p=16193","name":"Z\u0259rdabda Silahl\u0131 Q\u00fcvv\u0259l\u0259r G\u00fcn\u00fc m\u00fcnasib\u0259til\u0259 y\u0131\u011f\u0131ncaq ke\u00e7irildi - Z\u0259rdab.com","isPartOf":{"@id":"https:\/\/www.zerdab.com\/#website"},"datePublished":"2014-06-25T11:37:25+00:00","author":{"@id":"https:\/\/www.zerdab.com\/#\/schema\/person\/97079b7570c1e89ec0d9e138c3672136"},"breadcrumb":{"@id":"https:\/\/www.zerdab.com\/?p=16193#breadcrumb"},"inLanguage":"az","potentialAction":[{"@type":"ReadAction","target":["https:\/\/www.zerdab.com\/?p=16193"]}]},{"@type":"BreadcrumbList","@id":"https:\/\/www.zerdab.com\/?p=16193#breadcrumb","itemListElement":[{"@type":"ListItem","position":1,"name":"Home","item":"https:\/\/www.zerdab.com\/"},{"@type":"ListItem","position":2,"name":"Z\u0259rdabda Silahl\u0131 Q\u00fcvv\u0259l\u0259r G\u00fcn\u00fc m\u00fcnasib\u0259til\u0259 y\u0131\u011f\u0131ncaq ke\u00e7irildi"}]},{"@type":"WebSite","@id":"https:\/\/www.zerdab.com\/#website","url":"https:\/\/www.zerdab.com\/","name":"Z\u0259rdab.com","description":"","potentialAction":[{"@type":"SearchAction","target":{"@type":"EntryPoint","urlTemplate":"https:\/\/www.zerdab.com\/?s={search_term_string}"},"query-input":{"@type":"PropertyValueSpecification","valueRequired":true,"valueName":"search_term_string"}}],"inLanguage":"az"},{"@type":"Person","@id":"https:\/\/www.zerdab.com\/#\/schema\/person\/97079b7570c1e89ec0d9e138c3672136","name":"admin","image":{"@type":"ImageObject","inLanguage":"az","@id":"https:\/\/www.zerdab.com\/#\/schema\/person\/image\/","url":"https:\/\/secure.gravatar.com\/avatar\/d9c52a9a27c32119cb6679a077fa3e2779e5f822c451cbf01098004361d466ec?s=96&d=mm&r=g","contentUrl":"https:\/\/secure.gravatar.com\/avatar\/d9c52a9a27c32119cb6679a077fa3e2779e5f822c451cbf01098004361d466ec?s=96&d=mm&r=g","caption":"admin"},"url":"https:\/\/www.zerdab.com\/?author=1"}]}},"_links":{"self":[{"href":"https:\/\/www.zerdab.com\/index.php?rest_route=\/wp\/v2\/posts\/16193","targetHints":{"allow":["GET"]}}],"collection":[{"href":"https:\/\/www.zerdab.com\/index.php?rest_route=\/wp\/v2\/posts"}],"about":[{"href":"https:\/\/www.zerdab.com\/index.php?rest_route=\/wp\/v2\/types\/post"}],"author":[{"embeddable":true,"href":"https:\/\/www.zerdab.com\/index.php?rest_route=\/wp\/v2\/users\/1"}],"replies":[{"embeddable":true,"href":"https:\/\/www.zerdab.com\/index.php?rest_route=%2Fwp%2Fv2%2Fcomments&post=16193"}],"version-history":[{"count":1,"href":"https:\/\/www.zerdab.com\/index.php?rest_route=\/wp\/v2\/posts\/16193\/revisions"}],"predecessor-version":[{"id":16195,"href":"https:\/\/www.zerdab.com\/index.php?rest_route=\/wp\/v2\/posts\/16193\/revisions\/16195"}],"wp:attachment":[{"href":"https:\/\/www.zerdab.com\/index.php?rest_route=%2Fwp%2Fv2%2Fmedia&parent=16193"}],"wp:term":[{"taxonomy":"category","embeddable":true,"href":"https:\/\/www.zerdab.com\/index.php?rest_route=%2Fwp%2Fv2%2Fcategories&post=16193"},{"taxonomy":"post_tag","embeddable":true,"href":"https:\/\/www.zerdab.com\/index.php?rest_route=%2Fwp%2Fv2%2Ftags&post=16193"}],"curies":[{"name":"wp","href":"https:\/\/api.w.org\/{rel}","templated":true}]}}