{"id":16196,"date":"2014-06-26T11:24:31","date_gmt":"2014-06-26T06:24:31","guid":{"rendered":"http:\/\/www.zerdab.com\/?p=16196"},"modified":"2014-06-26T11:24:31","modified_gmt":"2014-06-26T06:24:31","slug":"z%c9%99rdabda-ictimai-konulluluk-aksiyasi-keciril%c9%99c%c9%99k","status":"publish","type":"post","link":"https:\/\/www.zerdab.com\/?p=16196","title":{"rendered":"Z\u0259rdabda ictimai k\u00f6n\u00fcll\u00fcl\u00fck aksiyas\u0131 ke\u00e7iril\u0259c\u0259k"},"content":{"rendered":"<p><a href=\"http:\/\/www.zerdab.com\/wp-content\/uploads\/2014\/06\/Z\u0259rdab6.jpg\"><img loading=\"lazy\" decoding=\"async\" class=\"aligncenter size-full wp-image-16197\" alt=\"Z\u0259rdab\" src=\"http:\/\/www.zerdab.com\/wp-content\/uploads\/2014\/06\/Z\u0259rdab6.jpg\" width=\"389\" height=\"249\" \/><\/a>\u201cG\u0259ncliy\u0259 D\u0259st\u0259k\u201d \u0130ctimai Birliyi Az\u0259rbaycan Respublikas\u0131n\u0131n Prezidenti yan\u0131nda G\u0259ncl\u0259r Fondunun d\u0259st\u0259yi il\u0259 iyun-sentyabr aylar\u0131nda \u201cSosial m\u0259s\u0259l\u0259l\u0259rin h\u0259llind\u0259 region g\u0259ncl\u0259rinin rolunun art\u0131r\u0131lmas\u0131 m\u0259qs\u0259dil\u0259 k\u00f6n\u00fcll\u00fcl\u00fck f\u0259aliyy\u0259tinin t\u0259bli\u011fi\u201d adl\u0131 layih\u0259 h\u0259yata ke\u00e7ir\u0259c\u0259k. Layih\u0259 region g\u0259ncl\u0259ri aras\u0131nda k\u00f6n\u00fcll\u00fc f\u0259aliyy\u0259ti t\u0259bli\u011f etm\u0259kl\u0259 onlar\u0131n regionun sosial m\u0259s\u0259l\u0259l\u0259rinin h\u0259llin\u0259 c\u0259b edilm\u0259sind\u0259n v\u0259 g\u0259ncl\u0259rin rolunun art\u0131r\u0131lmas\u0131ndan b\u0259hs edir. Layih\u0259 zaman\u0131 Z\u0259rdab, Ucar v\u0259 G\u0259d\u0259b\u0259y rayonlar\u0131nda t\u0259liml\u0259rin ke\u00e7irilm\u0259si n\u0259z\u0259rd\u0259 tutulur. T\u0259dbirl\u0259r plan\u0131na m\u00fcvafiq olaraq Z\u0259rdab rayonunda t\u0259liml\u0259r ke\u00e7irildikd\u0259n sonra ictimai k\u00f6n\u00fcll\u00fcl\u00fck aksiyas\u0131 ke\u00e7iril\u0259c\u0259k. Bel\u0259 ki, bir qrup k\u00f6n\u00fcll\u00fc g\u0259ncl\u0259r b\u0259zi sosial m\u0259s\u0259l\u0259l\u0259rin h\u0259llin\u0259 c\u0259lb olunacaqlar. Onlar yerl\u0259rd\u0259 asud\u0259 vaxt\u0131n t\u0259\u015fkili istiqam\u0259tind\u0259 idman meydan\u00e7alar\u0131n\u0131n sal\u0131nmas\u0131 v\u0259 ya b\u0259l\u0259diyy\u0259l\u0259rin i\u015ftirak\u0131 il\u0259 dig\u0259r sosial m\u0259s\u0259l\u0259l\u0259rin h\u0259llin\u0259 \u00e7al\u0131\u015facaqlar. Konkret olaraq bu t\u0259liml\u0259rd\u0259 b\u0259l\u0259diyy\u0259l\u0259rl\u0259 birg\u0259 m\u00fczakir\u0259l\u0259rd\u0259 g\u0259ncl\u0259rd\u0259n g\u0259l\u0259n t\u0259klifl\u0259r \u0259sas\u0131nda g\u00f6r\u00fcl\u0259c\u0259k i\u015fl\u0259r m\u00fc\u0259yy\u0259nl\u0259\u015f\u0259c\u0259kdir.<\/p>\n<p>Daha sonra Ucar v\u0259 G\u0259d\u0259b\u0259y rayonlar\u0131n\u0131n h\u0259r birind\u0259 t\u0259liml\u0259r ke\u00e7iril\u0259c\u0259k v\u0259 h\u0259min t\u0259liml\u0259rd\u0259 g\u0259ncl\u0259r\u0259 ictimai k\u00f6n\u00fcll\u00fcl\u00fck aksiyas\u0131nda \u0259ld\u0259 olunmu\u015f t\u0259cr\u00fcb\u0259l\u0259r d\u0259 \u00e7atd\u0131r\u0131lacaq.<\/p>\n<p><strong>\u00a0<span style=\"color: #0000ff;\"> Eldar X\u0259lilov,\u00a0\u201cG\u0259ncliy\u0259 d\u0259st\u0259k\u201d \u0130ctimai Birliyinin\u00a0s\u0259dri \u00a0 \u00a0 \u00a0 <\/span>\u00a0<\/strong><\/p>\n","protected":false},"excerpt":{"rendered":"<p>\u201cG\u0259ncliy\u0259 D\u0259st\u0259k\u201d \u0130ctimai Birliyi Az\u0259rbaycan Respublikas\u0131n\u0131n Prezidenti yan\u0131nda G\u0259ncl\u0259r Fondunun d\u0259st\u0259yi il\u0259 iyun-sentyabr aylar\u0131nda \u201cSosial m\u0259s\u0259l\u0259l\u0259rin h\u0259llind\u0259 region g\u0259ncl\u0259rinin rolunun art\u0131r\u0131lmas\u0131 m\u0259qs\u0259dil\u0259 k\u00f6n\u00fcll\u00fcl\u00fck f\u0259aliyy\u0259tinin t\u0259bli\u011fi\u201d adl\u0131 layih\u0259 h\u0259yata ke\u00e7ir\u0259c\u0259k. Layih\u0259 region g\u0259ncl\u0259ri aras\u0131nda k\u00f6n\u00fcll\u00fc f\u0259aliyy\u0259ti t\u0259bli\u011f etm\u0259kl\u0259 onlar\u0131n regionun sosial m\u0259s\u0259l\u0259l\u0259rinin h\u0259llin\u0259 c\u0259b edilm\u0259sind\u0259n v\u0259 g\u0259ncl\u0259rin rolunun art\u0131r\u0131lmas\u0131ndan b\u0259hs edir. Layih\u0259 zaman\u0131 Z\u0259rdab, Ucar v\u0259 [&hellip;]<\/p>\n","protected":false},"author":1,"featured_media":0,"comment_status":"open","ping_status":"open","sticky":false,"template":"","format":"standard","meta":{"footnotes":""},"categories":[21],"tags":[],"class_list":{"0":"post-16196","1":"post","2":"type-post","3":"status-publish","4":"format-standard","6":"category-zrdab"},"yoast_head":"<!-- This site is optimized with the Yoast SEO plugin v27.0 - https:\/\/yoast.com\/product\/yoast-seo-wordpress\/ -->\n<title>Z\u0259rdabda ictimai k\u00f6n\u00fcll\u00fcl\u00fck aksiyas\u0131 ke\u00e7iril\u0259c\u0259k - Z\u0259rdab.com<\/title>\n<meta name=\"robots\" content=\"index, follow, max-snippet:-1, max-image-preview:large, max-video-preview:-1\" \/>\n<link rel=\"canonical\" href=\"https:\/\/www.zerdab.com\/?p=16196\" \/>\n<meta property=\"og:locale\" content=\"az_AZ\" \/>\n<meta property=\"og:type\" content=\"article\" \/>\n<meta property=\"og:title\" content=\"Z\u0259rdabda ictimai k\u00f6n\u00fcll\u00fcl\u00fck aksiyas\u0131 ke\u00e7iril\u0259c\u0259k - Z\u0259rdab.com\" \/>\n<meta property=\"og:description\" content=\"\u201cG\u0259ncliy\u0259 D\u0259st\u0259k\u201d \u0130ctimai Birliyi Az\u0259rbaycan Respublikas\u0131n\u0131n Prezidenti yan\u0131nda G\u0259ncl\u0259r Fondunun d\u0259st\u0259yi il\u0259 iyun-sentyabr aylar\u0131nda \u201cSosial m\u0259s\u0259l\u0259l\u0259rin h\u0259llind\u0259 region g\u0259ncl\u0259rinin rolunun art\u0131r\u0131lmas\u0131 m\u0259qs\u0259dil\u0259 k\u00f6n\u00fcll\u00fcl\u00fck f\u0259aliyy\u0259tinin t\u0259bli\u011fi\u201d adl\u0131 layih\u0259 h\u0259yata ke\u00e7ir\u0259c\u0259k. Layih\u0259 region g\u0259ncl\u0259ri aras\u0131nda k\u00f6n\u00fcll\u00fc f\u0259aliyy\u0259ti t\u0259bli\u011f etm\u0259kl\u0259 onlar\u0131n regionun sosial m\u0259s\u0259l\u0259l\u0259rinin h\u0259llin\u0259 c\u0259b edilm\u0259sind\u0259n v\u0259 g\u0259ncl\u0259rin rolunun art\u0131r\u0131lmas\u0131ndan b\u0259hs edir. Layih\u0259 zaman\u0131 Z\u0259rdab, Ucar v\u0259 [&hellip;]\" \/>\n<meta property=\"og:url\" content=\"https:\/\/www.zerdab.com\/?p=16196\" \/>\n<meta property=\"og:site_name\" content=\"Z\u0259rdab.com\" \/>\n<meta property=\"article:published_time\" content=\"2014-06-26T06:24:31+00:00\" \/>\n<meta name=\"author\" content=\"admin\" \/>\n<meta name=\"twitter:card\" content=\"summary_large_image\" \/>\n<meta name=\"twitter:label1\" content=\"Written by\" \/>\n\t<meta name=\"twitter:data1\" content=\"admin\" \/>\n\t<meta name=\"twitter:label2\" content=\"Est. reading time\" \/>\n\t<meta name=\"twitter:data2\" content=\"2 minutes\" \/>\n<script type=\"application\/ld+json\" class=\"yoast-schema-graph\">{\"@context\":\"https:\/\/schema.org\",\"@graph\":[{\"@type\":\"Article\",\"@id\":\"https:\/\/www.zerdab.com\/?p=16196#article\",\"isPartOf\":{\"@id\":\"https:\/\/www.zerdab.com\/?p=16196\"},\"author\":{\"name\":\"admin\",\"@id\":\"https:\/\/www.zerdab.com\/#\/schema\/person\/97079b7570c1e89ec0d9e138c3672136\"},\"headline\":\"Z\u0259rdabda ictimai k\u00f6n\u00fcll\u00fcl\u00fck aksiyas\u0131 ke\u00e7iril\u0259c\u0259k\",\"datePublished\":\"2014-06-26T06:24:31+00:00\",\"mainEntityOfPage\":{\"@id\":\"https:\/\/www.zerdab.com\/?p=16196\"},\"wordCount\":337,\"commentCount\":2,\"articleSection\":[\"C\u018fM\u0130YY\u018fT\"],\"inLanguage\":\"az\",\"potentialAction\":[{\"@type\":\"CommentAction\",\"name\":\"Comment\",\"target\":[\"https:\/\/www.zerdab.com\/?p=16196#respond\"]}]},{\"@type\":\"WebPage\",\"@id\":\"https:\/\/www.zerdab.com\/?p=16196\",\"url\":\"https:\/\/www.zerdab.com\/?p=16196\",\"name\":\"Z\u0259rdabda ictimai k\u00f6n\u00fcll\u00fcl\u00fck aksiyas\u0131 ke\u00e7iril\u0259c\u0259k - Z\u0259rdab.com\",\"isPartOf\":{\"@id\":\"https:\/\/www.zerdab.com\/#website\"},\"datePublished\":\"2014-06-26T06:24:31+00:00\",\"author\":{\"@id\":\"https:\/\/www.zerdab.com\/#\/schema\/person\/97079b7570c1e89ec0d9e138c3672136\"},\"breadcrumb\":{\"@id\":\"https:\/\/www.zerdab.com\/?p=16196#breadcrumb\"},\"inLanguage\":\"az\",\"potentialAction\":[{\"@type\":\"ReadAction\",\"target\":[\"https:\/\/www.zerdab.com\/?p=16196\"]}]},{\"@type\":\"BreadcrumbList\",\"@id\":\"https:\/\/www.zerdab.com\/?p=16196#breadcrumb\",\"itemListElement\":[{\"@type\":\"ListItem\",\"position\":1,\"name\":\"Home\",\"item\":\"https:\/\/www.zerdab.com\/\"},{\"@type\":\"ListItem\",\"position\":2,\"name\":\"Z\u0259rdabda ictimai k\u00f6n\u00fcll\u00fcl\u00fck aksiyas\u0131 ke\u00e7iril\u0259c\u0259k\"}]},{\"@type\":\"WebSite\",\"@id\":\"https:\/\/www.zerdab.com\/#website\",\"url\":\"https:\/\/www.zerdab.com\/\",\"name\":\"Z\u0259rdab.com\",\"description\":\"\",\"potentialAction\":[{\"@type\":\"SearchAction\",\"target\":{\"@type\":\"EntryPoint\",\"urlTemplate\":\"https:\/\/www.zerdab.com\/?s={search_term_string}\"},\"query-input\":{\"@type\":\"PropertyValueSpecification\",\"valueRequired\":true,\"valueName\":\"search_term_string\"}}],\"inLanguage\":\"az\"},{\"@type\":\"Person\",\"@id\":\"https:\/\/www.zerdab.com\/#\/schema\/person\/97079b7570c1e89ec0d9e138c3672136\",\"name\":\"admin\",\"image\":{\"@type\":\"ImageObject\",\"inLanguage\":\"az\",\"@id\":\"https:\/\/www.zerdab.com\/#\/schema\/person\/image\/\",\"url\":\"https:\/\/secure.gravatar.com\/avatar\/d9c52a9a27c32119cb6679a077fa3e2779e5f822c451cbf01098004361d466ec?s=96&d=mm&r=g\",\"contentUrl\":\"https:\/\/secure.gravatar.com\/avatar\/d9c52a9a27c32119cb6679a077fa3e2779e5f822c451cbf01098004361d466ec?s=96&d=mm&r=g\",\"caption\":\"admin\"},\"url\":\"https:\/\/www.zerdab.com\/?author=1\"}]}<\/script>\n<!-- \/ Yoast SEO plugin. -->","yoast_head_json":{"title":"Z\u0259rdabda ictimai k\u00f6n\u00fcll\u00fcl\u00fck aksiyas\u0131 ke\u00e7iril\u0259c\u0259k - Z\u0259rdab.com","robots":{"index":"index","follow":"follow","max-snippet":"max-snippet:-1","max-image-preview":"max-image-preview:large","max-video-preview":"max-video-preview:-1"},"canonical":"https:\/\/www.zerdab.com\/?p=16196","og_locale":"az_AZ","og_type":"article","og_title":"Z\u0259rdabda ictimai k\u00f6n\u00fcll\u00fcl\u00fck aksiyas\u0131 ke\u00e7iril\u0259c\u0259k - Z\u0259rdab.com","og_description":"\u201cG\u0259ncliy\u0259 D\u0259st\u0259k\u201d \u0130ctimai Birliyi Az\u0259rbaycan Respublikas\u0131n\u0131n Prezidenti yan\u0131nda G\u0259ncl\u0259r Fondunun d\u0259st\u0259yi il\u0259 iyun-sentyabr aylar\u0131nda \u201cSosial m\u0259s\u0259l\u0259l\u0259rin h\u0259llind\u0259 region g\u0259ncl\u0259rinin rolunun art\u0131r\u0131lmas\u0131 m\u0259qs\u0259dil\u0259 k\u00f6n\u00fcll\u00fcl\u00fck f\u0259aliyy\u0259tinin t\u0259bli\u011fi\u201d adl\u0131 layih\u0259 h\u0259yata ke\u00e7ir\u0259c\u0259k. Layih\u0259 region g\u0259ncl\u0259ri aras\u0131nda k\u00f6n\u00fcll\u00fc f\u0259aliyy\u0259ti t\u0259bli\u011f etm\u0259kl\u0259 onlar\u0131n regionun sosial m\u0259s\u0259l\u0259l\u0259rinin h\u0259llin\u0259 c\u0259b edilm\u0259sind\u0259n v\u0259 g\u0259ncl\u0259rin rolunun art\u0131r\u0131lmas\u0131ndan b\u0259hs edir. Layih\u0259 zaman\u0131 Z\u0259rdab, Ucar v\u0259 [&hellip;]","og_url":"https:\/\/www.zerdab.com\/?p=16196","og_site_name":"Z\u0259rdab.com","article_published_time":"2014-06-26T06:24:31+00:00","author":"admin","twitter_card":"summary_large_image","twitter_misc":{"Written by":"admin","Est. reading time":"2 minutes"},"schema":{"@context":"https:\/\/schema.org","@graph":[{"@type":"Article","@id":"https:\/\/www.zerdab.com\/?p=16196#article","isPartOf":{"@id":"https:\/\/www.zerdab.com\/?p=16196"},"author":{"name":"admin","@id":"https:\/\/www.zerdab.com\/#\/schema\/person\/97079b7570c1e89ec0d9e138c3672136"},"headline":"Z\u0259rdabda ictimai k\u00f6n\u00fcll\u00fcl\u00fck aksiyas\u0131 ke\u00e7iril\u0259c\u0259k","datePublished":"2014-06-26T06:24:31+00:00","mainEntityOfPage":{"@id":"https:\/\/www.zerdab.com\/?p=16196"},"wordCount":337,"commentCount":2,"articleSection":["C\u018fM\u0130YY\u018fT"],"inLanguage":"az","potentialAction":[{"@type":"CommentAction","name":"Comment","target":["https:\/\/www.zerdab.com\/?p=16196#respond"]}]},{"@type":"WebPage","@id":"https:\/\/www.zerdab.com\/?p=16196","url":"https:\/\/www.zerdab.com\/?p=16196","name":"Z\u0259rdabda ictimai k\u00f6n\u00fcll\u00fcl\u00fck aksiyas\u0131 ke\u00e7iril\u0259c\u0259k - Z\u0259rdab.com","isPartOf":{"@id":"https:\/\/www.zerdab.com\/#website"},"datePublished":"2014-06-26T06:24:31+00:00","author":{"@id":"https:\/\/www.zerdab.com\/#\/schema\/person\/97079b7570c1e89ec0d9e138c3672136"},"breadcrumb":{"@id":"https:\/\/www.zerdab.com\/?p=16196#breadcrumb"},"inLanguage":"az","potentialAction":[{"@type":"ReadAction","target":["https:\/\/www.zerdab.com\/?p=16196"]}]},{"@type":"BreadcrumbList","@id":"https:\/\/www.zerdab.com\/?p=16196#breadcrumb","itemListElement":[{"@type":"ListItem","position":1,"name":"Home","item":"https:\/\/www.zerdab.com\/"},{"@type":"ListItem","position":2,"name":"Z\u0259rdabda ictimai k\u00f6n\u00fcll\u00fcl\u00fck aksiyas\u0131 ke\u00e7iril\u0259c\u0259k"}]},{"@type":"WebSite","@id":"https:\/\/www.zerdab.com\/#website","url":"https:\/\/www.zerdab.com\/","name":"Z\u0259rdab.com","description":"","potentialAction":[{"@type":"SearchAction","target":{"@type":"EntryPoint","urlTemplate":"https:\/\/www.zerdab.com\/?s={search_term_string}"},"query-input":{"@type":"PropertyValueSpecification","valueRequired":true,"valueName":"search_term_string"}}],"inLanguage":"az"},{"@type":"Person","@id":"https:\/\/www.zerdab.com\/#\/schema\/person\/97079b7570c1e89ec0d9e138c3672136","name":"admin","image":{"@type":"ImageObject","inLanguage":"az","@id":"https:\/\/www.zerdab.com\/#\/schema\/person\/image\/","url":"https:\/\/secure.gravatar.com\/avatar\/d9c52a9a27c32119cb6679a077fa3e2779e5f822c451cbf01098004361d466ec?s=96&d=mm&r=g","contentUrl":"https:\/\/secure.gravatar.com\/avatar\/d9c52a9a27c32119cb6679a077fa3e2779e5f822c451cbf01098004361d466ec?s=96&d=mm&r=g","caption":"admin"},"url":"https:\/\/www.zerdab.com\/?author=1"}]}},"_links":{"self":[{"href":"https:\/\/www.zerdab.com\/index.php?rest_route=\/wp\/v2\/posts\/16196","targetHints":{"allow":["GET"]}}],"collection":[{"href":"https:\/\/www.zerdab.com\/index.php?rest_route=\/wp\/v2\/posts"}],"about":[{"href":"https:\/\/www.zerdab.com\/index.php?rest_route=\/wp\/v2\/types\/post"}],"author":[{"embeddable":true,"href":"https:\/\/www.zerdab.com\/index.php?rest_route=\/wp\/v2\/users\/1"}],"replies":[{"embeddable":true,"href":"https:\/\/www.zerdab.com\/index.php?rest_route=%2Fwp%2Fv2%2Fcomments&post=16196"}],"version-history":[{"count":1,"href":"https:\/\/www.zerdab.com\/index.php?rest_route=\/wp\/v2\/posts\/16196\/revisions"}],"predecessor-version":[{"id":16198,"href":"https:\/\/www.zerdab.com\/index.php?rest_route=\/wp\/v2\/posts\/16196\/revisions\/16198"}],"wp:attachment":[{"href":"https:\/\/www.zerdab.com\/index.php?rest_route=%2Fwp%2Fv2%2Fmedia&parent=16196"}],"wp:term":[{"taxonomy":"category","embeddable":true,"href":"https:\/\/www.zerdab.com\/index.php?rest_route=%2Fwp%2Fv2%2Fcategories&post=16196"},{"taxonomy":"post_tag","embeddable":true,"href":"https:\/\/www.zerdab.com\/index.php?rest_route=%2Fwp%2Fv2%2Ftags&post=16196"}],"curies":[{"name":"wp","href":"https:\/\/api.w.org\/{rel}","templated":true}]}}