{"id":16222,"date":"2014-06-29T15:12:22","date_gmt":"2014-06-29T10:12:22","guid":{"rendered":"http:\/\/www.zerdab.com\/?p=16222"},"modified":"2014-06-29T15:12:22","modified_gmt":"2014-06-29T10:12:22","slug":"16-yasli-z%c9%99rdabli-t%c9%99l%c9%99b%c9%99-goycay-rayonunda-kanalda-batib-fotolar","status":"publish","type":"post","link":"https:\/\/www.zerdab.com\/?p=16222","title":{"rendered":"16 ya\u015fl\u0131 Z\u0259rdabl\u0131 t\u0259l\u0259b\u0259 G\u00f6y\u00e7ay rayonunda kanalda bat\u0131b &#8211; FOTOLAR"},"content":{"rendered":"<p><a href=\"http:\/\/www.zerdab.com\/wp-content\/uploads\/2014\/06\/Z\u0259rdab-rayonu1.jpg\"><img loading=\"lazy\" decoding=\"async\" class=\"aligncenter size-full wp-image-16228\" alt=\"Elnar M\u0259mm\u0259dov\" src=\"http:\/\/www.zerdab.com\/wp-content\/uploads\/2014\/06\/Z\u0259rdab-rayonu1.jpg\" width=\"440\" height=\"330\" \/><\/a>Z\u0259rdab sakini kanalda bat\u0131b. <strong>Zerdab.com<\/strong> sayt\u0131 x\u0259b\u0259r verir ki, G\u00f6y\u00e7ay Rayon Polis \u015e\u00f6b\u0259sind\u0259n APA-ya veril\u0259n m\u0259lumata g\u00f6r\u0259, hadis\u0259 d\u00fcn\u0259n rayonun Potu k\u0259ndi \u0259razisind\u0259 qeyd\u0259 al\u0131n\u0131b. Z\u0259rdab rayon sakini, 16 ya\u015fl\u0131 Elnar El\u015f\u0259n o\u011flu M\u0259mm\u0259dov \u015eirvan kanal\u0131nda \u00e7im\u0259rk\u0259n bo\u011fularaq \u00f6l\u00fcb. Onun meyitini tapmaq \u00fc\u00e7\u00fcn \u0259raziy\u0259 F\u00f6vq\u0259lad\u0259 Hallar Nazirliyinin xilasedicil\u0259ri c\u0259lb edilib.<\/p>\n<p>M\u0259rhumun yax\u0131nlar\u0131n\u0131n <strong>Zerdab.com<\/strong> sayt\u0131na verdikl\u0259ri m\u0259lumata g\u00f6r\u0259, Elnar M\u0259mm\u0259dov G\u00f6y\u00e7ay D\u00f6vl\u0259t \u0130dar\u0259etm\u0259 v\u0259 Texnologiya Kollecinin Yol h\u0259r\u0259k\u0259tinin t\u0259\u015fkili fak\u00fclt\u0259sinin I kursunda t\u0259hsil al\u0131rm\u0131\u015f.<\/p>\n<p><strong>Zerdab.com<\/strong> sayt\u0131 m\u0259rhumun &#8220;facebook&#8221; sosial \u015f\u0259b\u0259k\u0259sind\u0259 yazd\u0131\u011f\u0131 son statusu oxuculara t\u0259qdim edir: <strong>&#8220;Bu g\u00fcn \u00e7ox sevincliy\u0259m &#8211; 3 \u015fey\u0259 g\u00f6r\u0259. Birincisi, niyy\u0259t gec\u0259sidir. Allah b\u00fct\u00fcn \u00fcr\u0259kd\u0259n olan dualar\u0131 q\u0259bul el\u0259sin. \u0130kincisi, ay\u0131n 6-da atam\u0131n g\u0259lm\u0259si x\u0259b\u0259rini veribl\u0259r &#8211; sa\u011f salamat g\u0259l. \u00dc\u00e7\u00fcnc\u00fcs\u00fc, \u00fcr\u0259yimin ad g\u00fcn\u00fcd\u00fcr. Ad g\u00fcn\u00fcn m\u00fcbar\u0259k&#8221;.<\/strong><\/p>\n<p><strong>Zerdab.com<\/strong> sayt\u0131 Elnar M\u0259mm\u0259dovun m\u00fcxt\u0259lif vaxtlarda \u00e7\u0259kilmi\u015f fotolar\u0131n\u0131 t\u0259qdim edir.<\/p>\n<p>Allah r\u0259hm\u0259t el\u0259sin.<\/p>\n<p><strong>Zerdab.com<a href=\"http:\/\/www.zerdab.com\/wp-content\/uploads\/2014\/06\/Zerdab-sakini5.jpg\"><img loading=\"lazy\" decoding=\"async\" class=\"aligncenter size-large wp-image-16223\" alt=\"Elnar M\u0259mm\u0259dov\" src=\"http:\/\/www.zerdab.com\/wp-content\/uploads\/2014\/06\/Zerdab-sakini5-550x491.jpg\" width=\"550\" height=\"491\" \/><\/a> <a href=\"http:\/\/www.zerdab.com\/wp-content\/uploads\/2014\/06\/Zerdab-sakini6.jpg\"><img loading=\"lazy\" decoding=\"async\" class=\"aligncenter size-large wp-image-16224\" alt=\"Elnar M\u0259mm\u0259dov\" src=\"http:\/\/www.zerdab.com\/wp-content\/uploads\/2014\/06\/Zerdab-sakini6-550x412.jpg\" width=\"550\" height=\"412\" \/><\/a> <a href=\"http:\/\/www.zerdab.com\/wp-content\/uploads\/2014\/06\/Zerdab-sakini7.jpg\"><img loading=\"lazy\" decoding=\"async\" class=\"aligncenter size-large wp-image-16225\" alt=\"Elnar M\u0259mm\u0259dov\" src=\"http:\/\/www.zerdab.com\/wp-content\/uploads\/2014\/06\/Zerdab-sakini7-403x550.jpg\" width=\"403\" height=\"550\" \/><\/a> <a href=\"http:\/\/www.zerdab.com\/wp-content\/uploads\/2014\/06\/Zerdab-sakini8.jpg\"><img loading=\"lazy\" decoding=\"async\" class=\"aligncenter size-large wp-image-16226\" alt=\"Elnar M\u0259mm\u0259dov\" src=\"http:\/\/www.zerdab.com\/wp-content\/uploads\/2014\/06\/Zerdab-sakini8-550x550.jpg\" width=\"550\" height=\"550\" \/><\/a> <a href=\"http:\/\/www.zerdab.com\/wp-content\/uploads\/2014\/06\/Z\u0259rdab-rayonu.jpg\"><img loading=\"lazy\" decoding=\"async\" class=\"aligncenter size-large wp-image-16227\" alt=\"Elnar M\u0259mm\u0259dov\" src=\"http:\/\/www.zerdab.com\/wp-content\/uploads\/2014\/06\/Z\u0259rdab-rayonu-412x550.jpg\" width=\"412\" height=\"550\" \/><\/a>\u00a0 <a href=\"http:\/\/www.zerdab.com\/wp-content\/uploads\/2014\/06\/Z\u0259rdab-rayonu2.jpg\"><img loading=\"lazy\" decoding=\"async\" class=\"aligncenter size-large wp-image-16229\" alt=\"Elnar M\u0259mm\u0259dov\" src=\"http:\/\/www.zerdab.com\/wp-content\/uploads\/2014\/06\/Z\u0259rdab-rayonu2-550x550.jpg\" width=\"550\" height=\"550\" \/><\/a> <a href=\"http:\/\/www.zerdab.com\/wp-content\/uploads\/2014\/06\/Z\u0259rdab-rayonu9.jpg\"><img loading=\"lazy\" decoding=\"async\" class=\"aligncenter size-large wp-image-16230\" alt=\"Elnar M\u0259mm\u0259dov\" src=\"http:\/\/www.zerdab.com\/wp-content\/uploads\/2014\/06\/Z\u0259rdab-rayonu9-550x330.jpg\" width=\"550\" height=\"330\" \/><\/a> <a href=\"http:\/\/www.zerdab.com\/wp-content\/uploads\/2014\/06\/Z\u0259rdab-rayonu10.jpg\"><img loading=\"lazy\" decoding=\"async\" class=\"aligncenter size-large wp-image-16231\" alt=\"Elnar M\u0259mm\u0259dov\" src=\"http:\/\/www.zerdab.com\/wp-content\/uploads\/2014\/06\/Z\u0259rdab-rayonu10-550x412.jpg\" width=\"550\" height=\"412\" \/><\/a><\/strong><\/p>\n","protected":false},"excerpt":{"rendered":"<p>Z\u0259rdab sakini kanalda bat\u0131b. Zerdab.com sayt\u0131 x\u0259b\u0259r verir ki, G\u00f6y\u00e7ay Rayon Polis \u015e\u00f6b\u0259sind\u0259n APA-ya veril\u0259n m\u0259lumata g\u00f6r\u0259, hadis\u0259 d\u00fcn\u0259n rayonun Potu k\u0259ndi \u0259razisind\u0259 qeyd\u0259 al\u0131n\u0131b. Z\u0259rdab rayon sakini, 16 ya\u015fl\u0131 Elnar El\u015f\u0259n o\u011flu M\u0259mm\u0259dov \u015eirvan kanal\u0131nda \u00e7im\u0259rk\u0259n bo\u011fularaq \u00f6l\u00fcb. Onun meyitini tapmaq \u00fc\u00e7\u00fcn \u0259raziy\u0259 F\u00f6vq\u0259lad\u0259 Hallar Nazirliyinin xilasedicil\u0259ri c\u0259lb edilib. M\u0259rhumun yax\u0131nlar\u0131n\u0131n Zerdab.com sayt\u0131na verdikl\u0259ri [&hellip;]<\/p>\n","protected":false},"author":1,"featured_media":0,"comment_status":"open","ping_status":"open","sticky":false,"template":"","format":"standard","meta":{"footnotes":""},"categories":[46],"tags":[],"class_list":{"0":"post-16222","1":"post","2":"type-post","3":"status-publish","4":"format-standard","6":"category-hadis"},"yoast_head":"<!-- This site is optimized with the Yoast SEO plugin v27.0 - https:\/\/yoast.com\/product\/yoast-seo-wordpress\/ -->\n<title>16 ya\u015fl\u0131 Z\u0259rdabl\u0131 t\u0259l\u0259b\u0259 G\u00f6y\u00e7ay rayonunda kanalda bat\u0131b - FOTOLAR - Z\u0259rdab.com<\/title>\n<meta name=\"robots\" content=\"index, follow, max-snippet:-1, max-image-preview:large, max-video-preview:-1\" \/>\n<link rel=\"canonical\" href=\"https:\/\/www.zerdab.com\/?p=16222\" \/>\n<meta property=\"og:locale\" content=\"az_AZ\" \/>\n<meta property=\"og:type\" content=\"article\" \/>\n<meta property=\"og:title\" content=\"16 ya\u015fl\u0131 Z\u0259rdabl\u0131 t\u0259l\u0259b\u0259 G\u00f6y\u00e7ay rayonunda kanalda bat\u0131b - FOTOLAR - Z\u0259rdab.com\" \/>\n<meta property=\"og:description\" content=\"Z\u0259rdab sakini kanalda bat\u0131b. Zerdab.com sayt\u0131 x\u0259b\u0259r verir ki, G\u00f6y\u00e7ay Rayon Polis \u015e\u00f6b\u0259sind\u0259n APA-ya veril\u0259n m\u0259lumata g\u00f6r\u0259, hadis\u0259 d\u00fcn\u0259n rayonun Potu k\u0259ndi \u0259razisind\u0259 qeyd\u0259 al\u0131n\u0131b. Z\u0259rdab rayon sakini, 16 ya\u015fl\u0131 Elnar El\u015f\u0259n o\u011flu M\u0259mm\u0259dov \u015eirvan kanal\u0131nda \u00e7im\u0259rk\u0259n bo\u011fularaq \u00f6l\u00fcb. Onun meyitini tapmaq \u00fc\u00e7\u00fcn \u0259raziy\u0259 F\u00f6vq\u0259lad\u0259 Hallar Nazirliyinin xilasedicil\u0259ri c\u0259lb edilib. M\u0259rhumun yax\u0131nlar\u0131n\u0131n Zerdab.com sayt\u0131na verdikl\u0259ri [&hellip;]\" \/>\n<meta property=\"og:url\" content=\"https:\/\/www.zerdab.com\/?p=16222\" \/>\n<meta property=\"og:site_name\" content=\"Z\u0259rdab.com\" \/>\n<meta property=\"article:published_time\" content=\"2014-06-29T10:12:22+00:00\" \/>\n<meta property=\"og:image\" content=\"http:\/\/www.zerdab.com\/wp-content\/uploads\/2014\/06\/Zerdab-sakini5-550x491.jpg\" \/>\n<meta name=\"author\" content=\"admin\" \/>\n<meta name=\"twitter:card\" content=\"summary_large_image\" \/>\n<meta name=\"twitter:label1\" content=\"Written by\" \/>\n\t<meta name=\"twitter:data1\" content=\"admin\" \/>\n\t<meta name=\"twitter:label2\" content=\"Est. reading time\" \/>\n\t<meta name=\"twitter:data2\" content=\"1 minute\" \/>\n<script type=\"application\/ld+json\" class=\"yoast-schema-graph\">{\"@context\":\"https:\/\/schema.org\",\"@graph\":[{\"@type\":\"Article\",\"@id\":\"https:\/\/www.zerdab.com\/?p=16222#article\",\"isPartOf\":{\"@id\":\"https:\/\/www.zerdab.com\/?p=16222\"},\"author\":{\"name\":\"admin\",\"@id\":\"https:\/\/www.zerdab.com\/#\/schema\/person\/97079b7570c1e89ec0d9e138c3672136\"},\"headline\":\"16 ya\u015fl\u0131 Z\u0259rdabl\u0131 t\u0259l\u0259b\u0259 G\u00f6y\u00e7ay rayonunda kanalda bat\u0131b &#8211; FOTOLAR\",\"datePublished\":\"2014-06-29T10:12:22+00:00\",\"mainEntityOfPage\":{\"@id\":\"https:\/\/www.zerdab.com\/?p=16222\"},\"wordCount\":249,\"commentCount\":27,\"image\":{\"@id\":\"https:\/\/www.zerdab.com\/?p=16222#primaryimage\"},\"thumbnailUrl\":\"http:\/\/www.zerdab.com\/wp-content\/uploads\/2014\/06\/Zerdab-sakini5-550x491.jpg\",\"articleSection\":[\"HAD\u0130S\u018f\"],\"inLanguage\":\"az\",\"potentialAction\":[{\"@type\":\"CommentAction\",\"name\":\"Comment\",\"target\":[\"https:\/\/www.zerdab.com\/?p=16222#respond\"]}]},{\"@type\":\"WebPage\",\"@id\":\"https:\/\/www.zerdab.com\/?p=16222\",\"url\":\"https:\/\/www.zerdab.com\/?p=16222\",\"name\":\"16 ya\u015fl\u0131 Z\u0259rdabl\u0131 t\u0259l\u0259b\u0259 G\u00f6y\u00e7ay rayonunda kanalda bat\u0131b - FOTOLAR - Z\u0259rdab.com\",\"isPartOf\":{\"@id\":\"https:\/\/www.zerdab.com\/#website\"},\"primaryImageOfPage\":{\"@id\":\"https:\/\/www.zerdab.com\/?p=16222#primaryimage\"},\"image\":{\"@id\":\"https:\/\/www.zerdab.com\/?p=16222#primaryimage\"},\"thumbnailUrl\":\"http:\/\/www.zerdab.com\/wp-content\/uploads\/2014\/06\/Zerdab-sakini5-550x491.jpg\",\"datePublished\":\"2014-06-29T10:12:22+00:00\",\"author\":{\"@id\":\"https:\/\/www.zerdab.com\/#\/schema\/person\/97079b7570c1e89ec0d9e138c3672136\"},\"breadcrumb\":{\"@id\":\"https:\/\/www.zerdab.com\/?p=16222#breadcrumb\"},\"inLanguage\":\"az\",\"potentialAction\":[{\"@type\":\"ReadAction\",\"target\":[\"https:\/\/www.zerdab.com\/?p=16222\"]}]},{\"@type\":\"ImageObject\",\"inLanguage\":\"az\",\"@id\":\"https:\/\/www.zerdab.com\/?p=16222#primaryimage\",\"url\":\"\",\"contentUrl\":\"\"},{\"@type\":\"BreadcrumbList\",\"@id\":\"https:\/\/www.zerdab.com\/?p=16222#breadcrumb\",\"itemListElement\":[{\"@type\":\"ListItem\",\"position\":1,\"name\":\"Home\",\"item\":\"https:\/\/www.zerdab.com\/\"},{\"@type\":\"ListItem\",\"position\":2,\"name\":\"16 ya\u015fl\u0131 Z\u0259rdabl\u0131 t\u0259l\u0259b\u0259 G\u00f6y\u00e7ay rayonunda kanalda bat\u0131b &#8211; FOTOLAR\"}]},{\"@type\":\"WebSite\",\"@id\":\"https:\/\/www.zerdab.com\/#website\",\"url\":\"https:\/\/www.zerdab.com\/\",\"name\":\"Z\u0259rdab.com\",\"description\":\"\",\"potentialAction\":[{\"@type\":\"SearchAction\",\"target\":{\"@type\":\"EntryPoint\",\"urlTemplate\":\"https:\/\/www.zerdab.com\/?s={search_term_string}\"},\"query-input\":{\"@type\":\"PropertyValueSpecification\",\"valueRequired\":true,\"valueName\":\"search_term_string\"}}],\"inLanguage\":\"az\"},{\"@type\":\"Person\",\"@id\":\"https:\/\/www.zerdab.com\/#\/schema\/person\/97079b7570c1e89ec0d9e138c3672136\",\"name\":\"admin\",\"image\":{\"@type\":\"ImageObject\",\"inLanguage\":\"az\",\"@id\":\"https:\/\/www.zerdab.com\/#\/schema\/person\/image\/\",\"url\":\"https:\/\/secure.gravatar.com\/avatar\/d9c52a9a27c32119cb6679a077fa3e2779e5f822c451cbf01098004361d466ec?s=96&d=mm&r=g\",\"contentUrl\":\"https:\/\/secure.gravatar.com\/avatar\/d9c52a9a27c32119cb6679a077fa3e2779e5f822c451cbf01098004361d466ec?s=96&d=mm&r=g\",\"caption\":\"admin\"},\"url\":\"https:\/\/www.zerdab.com\/?author=1\"}]}<\/script>\n<!-- \/ Yoast SEO plugin. -->","yoast_head_json":{"title":"16 ya\u015fl\u0131 Z\u0259rdabl\u0131 t\u0259l\u0259b\u0259 G\u00f6y\u00e7ay rayonunda kanalda bat\u0131b - FOTOLAR - Z\u0259rdab.com","robots":{"index":"index","follow":"follow","max-snippet":"max-snippet:-1","max-image-preview":"max-image-preview:large","max-video-preview":"max-video-preview:-1"},"canonical":"https:\/\/www.zerdab.com\/?p=16222","og_locale":"az_AZ","og_type":"article","og_title":"16 ya\u015fl\u0131 Z\u0259rdabl\u0131 t\u0259l\u0259b\u0259 G\u00f6y\u00e7ay rayonunda kanalda bat\u0131b - FOTOLAR - Z\u0259rdab.com","og_description":"Z\u0259rdab sakini kanalda bat\u0131b. Zerdab.com sayt\u0131 x\u0259b\u0259r verir ki, G\u00f6y\u00e7ay Rayon Polis \u015e\u00f6b\u0259sind\u0259n APA-ya veril\u0259n m\u0259lumata g\u00f6r\u0259, hadis\u0259 d\u00fcn\u0259n rayonun Potu k\u0259ndi \u0259razisind\u0259 qeyd\u0259 al\u0131n\u0131b. Z\u0259rdab rayon sakini, 16 ya\u015fl\u0131 Elnar El\u015f\u0259n o\u011flu M\u0259mm\u0259dov \u015eirvan kanal\u0131nda \u00e7im\u0259rk\u0259n bo\u011fularaq \u00f6l\u00fcb. Onun meyitini tapmaq \u00fc\u00e7\u00fcn \u0259raziy\u0259 F\u00f6vq\u0259lad\u0259 Hallar Nazirliyinin xilasedicil\u0259ri c\u0259lb edilib. M\u0259rhumun yax\u0131nlar\u0131n\u0131n Zerdab.com sayt\u0131na verdikl\u0259ri [&hellip;]","og_url":"https:\/\/www.zerdab.com\/?p=16222","og_site_name":"Z\u0259rdab.com","article_published_time":"2014-06-29T10:12:22+00:00","og_image":[{"url":"http:\/\/www.zerdab.com\/wp-content\/uploads\/2014\/06\/Zerdab-sakini5-550x491.jpg","type":"","width":"","height":""}],"author":"admin","twitter_card":"summary_large_image","twitter_misc":{"Written by":"admin","Est. reading time":"1 minute"},"schema":{"@context":"https:\/\/schema.org","@graph":[{"@type":"Article","@id":"https:\/\/www.zerdab.com\/?p=16222#article","isPartOf":{"@id":"https:\/\/www.zerdab.com\/?p=16222"},"author":{"name":"admin","@id":"https:\/\/www.zerdab.com\/#\/schema\/person\/97079b7570c1e89ec0d9e138c3672136"},"headline":"16 ya\u015fl\u0131 Z\u0259rdabl\u0131 t\u0259l\u0259b\u0259 G\u00f6y\u00e7ay rayonunda kanalda bat\u0131b &#8211; FOTOLAR","datePublished":"2014-06-29T10:12:22+00:00","mainEntityOfPage":{"@id":"https:\/\/www.zerdab.com\/?p=16222"},"wordCount":249,"commentCount":27,"image":{"@id":"https:\/\/www.zerdab.com\/?p=16222#primaryimage"},"thumbnailUrl":"http:\/\/www.zerdab.com\/wp-content\/uploads\/2014\/06\/Zerdab-sakini5-550x491.jpg","articleSection":["HAD\u0130S\u018f"],"inLanguage":"az","potentialAction":[{"@type":"CommentAction","name":"Comment","target":["https:\/\/www.zerdab.com\/?p=16222#respond"]}]},{"@type":"WebPage","@id":"https:\/\/www.zerdab.com\/?p=16222","url":"https:\/\/www.zerdab.com\/?p=16222","name":"16 ya\u015fl\u0131 Z\u0259rdabl\u0131 t\u0259l\u0259b\u0259 G\u00f6y\u00e7ay rayonunda kanalda bat\u0131b - FOTOLAR - Z\u0259rdab.com","isPartOf":{"@id":"https:\/\/www.zerdab.com\/#website"},"primaryImageOfPage":{"@id":"https:\/\/www.zerdab.com\/?p=16222#primaryimage"},"image":{"@id":"https:\/\/www.zerdab.com\/?p=16222#primaryimage"},"thumbnailUrl":"http:\/\/www.zerdab.com\/wp-content\/uploads\/2014\/06\/Zerdab-sakini5-550x491.jpg","datePublished":"2014-06-29T10:12:22+00:00","author":{"@id":"https:\/\/www.zerdab.com\/#\/schema\/person\/97079b7570c1e89ec0d9e138c3672136"},"breadcrumb":{"@id":"https:\/\/www.zerdab.com\/?p=16222#breadcrumb"},"inLanguage":"az","potentialAction":[{"@type":"ReadAction","target":["https:\/\/www.zerdab.com\/?p=16222"]}]},{"@type":"ImageObject","inLanguage":"az","@id":"https:\/\/www.zerdab.com\/?p=16222#primaryimage","url":"","contentUrl":""},{"@type":"BreadcrumbList","@id":"https:\/\/www.zerdab.com\/?p=16222#breadcrumb","itemListElement":[{"@type":"ListItem","position":1,"name":"Home","item":"https:\/\/www.zerdab.com\/"},{"@type":"ListItem","position":2,"name":"16 ya\u015fl\u0131 Z\u0259rdabl\u0131 t\u0259l\u0259b\u0259 G\u00f6y\u00e7ay rayonunda kanalda bat\u0131b &#8211; FOTOLAR"}]},{"@type":"WebSite","@id":"https:\/\/www.zerdab.com\/#website","url":"https:\/\/www.zerdab.com\/","name":"Z\u0259rdab.com","description":"","potentialAction":[{"@type":"SearchAction","target":{"@type":"EntryPoint","urlTemplate":"https:\/\/www.zerdab.com\/?s={search_term_string}"},"query-input":{"@type":"PropertyValueSpecification","valueRequired":true,"valueName":"search_term_string"}}],"inLanguage":"az"},{"@type":"Person","@id":"https:\/\/www.zerdab.com\/#\/schema\/person\/97079b7570c1e89ec0d9e138c3672136","name":"admin","image":{"@type":"ImageObject","inLanguage":"az","@id":"https:\/\/www.zerdab.com\/#\/schema\/person\/image\/","url":"https:\/\/secure.gravatar.com\/avatar\/d9c52a9a27c32119cb6679a077fa3e2779e5f822c451cbf01098004361d466ec?s=96&d=mm&r=g","contentUrl":"https:\/\/secure.gravatar.com\/avatar\/d9c52a9a27c32119cb6679a077fa3e2779e5f822c451cbf01098004361d466ec?s=96&d=mm&r=g","caption":"admin"},"url":"https:\/\/www.zerdab.com\/?author=1"}]}},"_links":{"self":[{"href":"https:\/\/www.zerdab.com\/index.php?rest_route=\/wp\/v2\/posts\/16222","targetHints":{"allow":["GET"]}}],"collection":[{"href":"https:\/\/www.zerdab.com\/index.php?rest_route=\/wp\/v2\/posts"}],"about":[{"href":"https:\/\/www.zerdab.com\/index.php?rest_route=\/wp\/v2\/types\/post"}],"author":[{"embeddable":true,"href":"https:\/\/www.zerdab.com\/index.php?rest_route=\/wp\/v2\/users\/1"}],"replies":[{"embeddable":true,"href":"https:\/\/www.zerdab.com\/index.php?rest_route=%2Fwp%2Fv2%2Fcomments&post=16222"}],"version-history":[{"count":2,"href":"https:\/\/www.zerdab.com\/index.php?rest_route=\/wp\/v2\/posts\/16222\/revisions"}],"predecessor-version":[{"id":16233,"href":"https:\/\/www.zerdab.com\/index.php?rest_route=\/wp\/v2\/posts\/16222\/revisions\/16233"}],"wp:attachment":[{"href":"https:\/\/www.zerdab.com\/index.php?rest_route=%2Fwp%2Fv2%2Fmedia&parent=16222"}],"wp:term":[{"taxonomy":"category","embeddable":true,"href":"https:\/\/www.zerdab.com\/index.php?rest_route=%2Fwp%2Fv2%2Fcategories&post=16222"},{"taxonomy":"post_tag","embeddable":true,"href":"https:\/\/www.zerdab.com\/index.php?rest_route=%2Fwp%2Fv2%2Ftags&post=16222"}],"curies":[{"name":"wp","href":"https:\/\/api.w.org\/{rel}","templated":true}]}}