{"id":16277,"date":"2014-07-01T05:51:51","date_gmt":"2014-07-01T00:51:51","guid":{"rendered":"http:\/\/www.zerdab.com\/?p=16277"},"modified":"2014-07-01T05:51:51","modified_gmt":"2014-07-01T00:51:51","slug":"z%c9%99rdab-yuxari-seyidl%c9%99r-sil%c9%99yli-yolu-sosial-s%c9%99b%c9%99k%c9%99l%c9%99rd%c9%99-foto","status":"publish","type":"post","link":"https:\/\/www.zerdab.com\/?p=16277","title":{"rendered":"Z\u0259rdab-Yuxar\u0131 Seyidl\u0259r-Sil\u0259yli yolu sosial \u015f\u0259b\u0259k\u0259l\u0259rd\u0259 &#8211; FOTO"},"content":{"rendered":"<p><a href=\"http:\/\/www.zerdab.com\/wp-content\/uploads\/2014\/07\/yol2.jpg\"><img loading=\"lazy\" decoding=\"async\" class=\"aligncenter size-large wp-image-16280\" alt=\"Z\u0259rdab-Yuxar\u0131 Seyidl\u0259r-Sil\u0259yli yolu\" src=\"http:\/\/www.zerdab.com\/wp-content\/uploads\/2014\/07\/yol2-550x412.jpg\" width=\"550\" height=\"412\" \/><\/a>Regionlar\u0131n sosial-iqtisadi inki\u015faf\u0131na dair D\u00f6vl\u0259t Proqram\u0131na uy\u011fun olaraq tikil\u0259n Z\u0259rdab-Yuxar\u0131 Seyidl\u0259r-Sil\u0259yli avtomobil yolunda i\u015fl\u0259rin bir m\u00fcdd\u0259t \u00f6nc\u0259 tam ba\u015fa \u00e7atd\u0131r\u0131lmas\u0131 bar\u0259d\u0259 m\u0259lumat vermi\u015fdik. Bildirmi\u015fdik ki, 8 k\u0259ndin 9 mind\u0259n \u00e7ox \u0259halisinin istifad\u0259 etdiyi, 47 kilometr uzunlu\u011fu olan bu yolun tikintisin\u0259 2012-ci ilin sentyabr ay\u0131ndan ba\u015flan\u0131lm\u0131\u015fd\u0131. 2013-c\u00fc ilin mart\u0131nda yolun Sil\u0259yli v\u0259 Yuxar\u0131 Seyidl\u0259r k\u0259ndl\u0259rinin \u0259razisind\u0259n ke\u00e7\u0259n hiss\u0259l\u0259rinin asfaltlanmas\u0131na ba\u015fland\u0131 v\u0259 may ay\u0131n\u0131n sonlar\u0131nda bu i\u015f ba\u015fa \u00e7atd\u0131r\u0131ld\u0131. Bir m\u00fcdd\u0259t \u0259vv\u0259l is\u0259 Z\u0259rdab-Yuxar\u0131 Seyidl\u0259r-Sil\u0259yli avtomobil yolunun tikintisi tamamil\u0259 ba\u015fa \u00e7atd\u0131r\u0131laraq istifad\u0259y\u0259 haz\u0131r edilib.<\/p>\n<p>Bu g\u00fcnl\u0259rd\u0259 &#8220;facebook&#8221; sosial \u015f\u0259b\u0259k\u0259sind\u0259 yolun b\u0259zi hiss\u0259l\u0259rind\u0259 \u00e7atlar\u0131n \u0259m\u0259l\u0259 g\u0259lm\u0259sini, b\u0259zi hiss\u0259l\u0259rinin is\u0259 deformasiyaya u\u011framas\u0131n\u0131 \u0259ks etdir\u0259n fotolar yay\u0131l\u0131b. Fotolar\u0131 Z\u0259rdab rayonundan olan Muxtar \u018flizad\u0259 yay\u0131b. Muxtar m\u00fc\u0259llimin yazd\u0131\u011f\u0131na g\u00f6r\u0259, bu fotolar yolun K\u00f6rp\u00fck\u0259nd, B\u0131\u00e7aq\u00e7\u0131 v\u0259 Yuxar\u0131 Seyidl\u0259r k\u0259ndl\u0259rind\u0259n ke\u00e7\u0259n hiss\u0259l\u0259rind\u0259 \u00e7\u0259kilib. M. \u018flizad\u0259 yaz\u0131r: &#8220;Bu yoldan a\u011f\u0131rtonnajl\u0131 ma\u015f\u0131nlar\u0131n dem\u0259k olar ki, istifad\u0259 etm\u0259diyini n\u0259z\u0259r\u0259 alsaq, yolun q\u0131sa m\u00fcdd\u0259td\u0259 bu v\u0259ziyy\u0259t\u0259 d\u00fc\u015fm\u0259sinin s\u0259b\u0259bini nec\u0259 a\u00e7\u0131qlamaq olar? N\u0259y\u0259 g\u00f6r\u0259 Rayon \u0130cra Hakimiyy\u0259ti yolu t\u0259mir ed\u0259n \u015firk\u0259td\u0259n hesabat t\u0259l\u0259b etmir?&#8221;.<\/p>\n<p>\u018flav\u0259 \u015f\u0259rh verm\u0259d\u0259n fotolar\u0131 oxucular\u0131m\u0131za t\u0259qdim edirik.<\/p>\n<p>Zerdab.com<\/p>\n<p><a href=\"http:\/\/www.zerdab.com\/wp-content\/uploads\/2014\/07\/yol6.jpg\"><img loading=\"lazy\" decoding=\"async\" class=\"aligncenter size-large wp-image-16284\" alt=\"Z\u0259rdab-Yuxar\u0131 Seyidl\u0259r-Sil\u0259yli yolu\" src=\"http:\/\/www.zerdab.com\/wp-content\/uploads\/2014\/07\/yol6-412x550.jpg\" width=\"412\" height=\"550\" \/><\/a><a href=\"http:\/\/www.zerdab.com\/wp-content\/uploads\/2014\/07\/yol4.jpg\"><img loading=\"lazy\" decoding=\"async\" class=\"aligncenter size-large wp-image-16282\" alt=\"Z\u0259rdab-Yuxar\u0131 Seyidl\u0259r-Sil\u0259yli yolu\" src=\"http:\/\/www.zerdab.com\/wp-content\/uploads\/2014\/07\/yol4-550x412.jpg\" width=\"550\" height=\"412\" \/><\/a><a href=\"http:\/\/www.zerdab.com\/wp-content\/uploads\/2014\/07\/yoll.jpg\"><img loading=\"lazy\" decoding=\"async\" class=\"aligncenter size-large wp-image-16286\" alt=\"yol\" src=\"http:\/\/www.zerdab.com\/wp-content\/uploads\/2014\/07\/yoll-472x550.jpg\" width=\"472\" height=\"550\" \/><\/a><\/p>\n","protected":false},"excerpt":{"rendered":"<p>Regionlar\u0131n sosial-iqtisadi inki\u015faf\u0131na dair D\u00f6vl\u0259t Proqram\u0131na uy\u011fun olaraq tikil\u0259n Z\u0259rdab-Yuxar\u0131 Seyidl\u0259r-Sil\u0259yli avtomobil yolunda i\u015fl\u0259rin bir m\u00fcdd\u0259t \u00f6nc\u0259 tam ba\u015fa \u00e7atd\u0131r\u0131lmas\u0131 bar\u0259d\u0259 m\u0259lumat vermi\u015fdik. Bildirmi\u015fdik ki, 8 k\u0259ndin 9 mind\u0259n \u00e7ox \u0259halisinin istifad\u0259 etdiyi, 47 kilometr uzunlu\u011fu olan bu yolun tikintisin\u0259 2012-ci ilin sentyabr ay\u0131ndan ba\u015flan\u0131lm\u0131\u015fd\u0131. 2013-c\u00fc ilin mart\u0131nda yolun Sil\u0259yli v\u0259 Yuxar\u0131 Seyidl\u0259r k\u0259ndl\u0259rinin \u0259razisind\u0259n [&hellip;]<\/p>\n","protected":false},"author":1,"featured_media":0,"comment_status":"open","ping_status":"open","sticky":false,"template":"","format":"standard","meta":{"footnotes":""},"categories":[21],"tags":[],"class_list":{"0":"post-16277","1":"post","2":"type-post","3":"status-publish","4":"format-standard","6":"category-zrdab"},"yoast_head":"<!-- This site is optimized with the Yoast SEO plugin v27.0 - https:\/\/yoast.com\/product\/yoast-seo-wordpress\/ -->\n<title>Z\u0259rdab-Yuxar\u0131 Seyidl\u0259r-Sil\u0259yli yolu sosial \u015f\u0259b\u0259k\u0259l\u0259rd\u0259 - FOTO - Z\u0259rdab.com<\/title>\n<meta name=\"robots\" content=\"index, follow, max-snippet:-1, max-image-preview:large, max-video-preview:-1\" \/>\n<link rel=\"canonical\" href=\"https:\/\/www.zerdab.com\/?p=16277\" \/>\n<meta property=\"og:locale\" content=\"az_AZ\" \/>\n<meta property=\"og:type\" content=\"article\" \/>\n<meta property=\"og:title\" content=\"Z\u0259rdab-Yuxar\u0131 Seyidl\u0259r-Sil\u0259yli yolu sosial \u015f\u0259b\u0259k\u0259l\u0259rd\u0259 - FOTO - Z\u0259rdab.com\" \/>\n<meta property=\"og:description\" content=\"Regionlar\u0131n sosial-iqtisadi inki\u015faf\u0131na dair D\u00f6vl\u0259t Proqram\u0131na uy\u011fun olaraq tikil\u0259n Z\u0259rdab-Yuxar\u0131 Seyidl\u0259r-Sil\u0259yli avtomobil yolunda i\u015fl\u0259rin bir m\u00fcdd\u0259t \u00f6nc\u0259 tam ba\u015fa \u00e7atd\u0131r\u0131lmas\u0131 bar\u0259d\u0259 m\u0259lumat vermi\u015fdik. Bildirmi\u015fdik ki, 8 k\u0259ndin 9 mind\u0259n \u00e7ox \u0259halisinin istifad\u0259 etdiyi, 47 kilometr uzunlu\u011fu olan bu yolun tikintisin\u0259 2012-ci ilin sentyabr ay\u0131ndan ba\u015flan\u0131lm\u0131\u015fd\u0131. 2013-c\u00fc ilin mart\u0131nda yolun Sil\u0259yli v\u0259 Yuxar\u0131 Seyidl\u0259r k\u0259ndl\u0259rinin \u0259razisind\u0259n [&hellip;]\" \/>\n<meta property=\"og:url\" content=\"https:\/\/www.zerdab.com\/?p=16277\" \/>\n<meta property=\"og:site_name\" content=\"Z\u0259rdab.com\" \/>\n<meta property=\"article:published_time\" content=\"2014-07-01T00:51:51+00:00\" \/>\n<meta property=\"og:image\" content=\"http:\/\/www.zerdab.com\/wp-content\/uploads\/2014\/07\/yol2-550x412.jpg\" \/>\n<meta name=\"author\" content=\"admin\" \/>\n<meta name=\"twitter:card\" content=\"summary_large_image\" \/>\n<meta name=\"twitter:label1\" content=\"Written by\" \/>\n\t<meta name=\"twitter:data1\" content=\"admin\" \/>\n\t<meta name=\"twitter:label2\" content=\"Est. reading time\" \/>\n\t<meta name=\"twitter:data2\" content=\"1 minute\" \/>\n<script type=\"application\/ld+json\" class=\"yoast-schema-graph\">{\"@context\":\"https:\/\/schema.org\",\"@graph\":[{\"@type\":\"Article\",\"@id\":\"https:\/\/www.zerdab.com\/?p=16277#article\",\"isPartOf\":{\"@id\":\"https:\/\/www.zerdab.com\/?p=16277\"},\"author\":{\"name\":\"admin\",\"@id\":\"https:\/\/www.zerdab.com\/#\/schema\/person\/97079b7570c1e89ec0d9e138c3672136\"},\"headline\":\"Z\u0259rdab-Yuxar\u0131 Seyidl\u0259r-Sil\u0259yli yolu sosial \u015f\u0259b\u0259k\u0259l\u0259rd\u0259 &#8211; FOTO\",\"datePublished\":\"2014-07-01T00:51:51+00:00\",\"mainEntityOfPage\":{\"@id\":\"https:\/\/www.zerdab.com\/?p=16277\"},\"wordCount\":304,\"commentCount\":0,\"image\":{\"@id\":\"https:\/\/www.zerdab.com\/?p=16277#primaryimage\"},\"thumbnailUrl\":\"http:\/\/www.zerdab.com\/wp-content\/uploads\/2014\/07\/yol2-550x412.jpg\",\"articleSection\":[\"C\u018fM\u0130YY\u018fT\"],\"inLanguage\":\"az\",\"potentialAction\":[{\"@type\":\"CommentAction\",\"name\":\"Comment\",\"target\":[\"https:\/\/www.zerdab.com\/?p=16277#respond\"]}]},{\"@type\":\"WebPage\",\"@id\":\"https:\/\/www.zerdab.com\/?p=16277\",\"url\":\"https:\/\/www.zerdab.com\/?p=16277\",\"name\":\"Z\u0259rdab-Yuxar\u0131 Seyidl\u0259r-Sil\u0259yli yolu sosial \u015f\u0259b\u0259k\u0259l\u0259rd\u0259 - FOTO - Z\u0259rdab.com\",\"isPartOf\":{\"@id\":\"https:\/\/www.zerdab.com\/#website\"},\"primaryImageOfPage\":{\"@id\":\"https:\/\/www.zerdab.com\/?p=16277#primaryimage\"},\"image\":{\"@id\":\"https:\/\/www.zerdab.com\/?p=16277#primaryimage\"},\"thumbnailUrl\":\"http:\/\/www.zerdab.com\/wp-content\/uploads\/2014\/07\/yol2-550x412.jpg\",\"datePublished\":\"2014-07-01T00:51:51+00:00\",\"author\":{\"@id\":\"https:\/\/www.zerdab.com\/#\/schema\/person\/97079b7570c1e89ec0d9e138c3672136\"},\"breadcrumb\":{\"@id\":\"https:\/\/www.zerdab.com\/?p=16277#breadcrumb\"},\"inLanguage\":\"az\",\"potentialAction\":[{\"@type\":\"ReadAction\",\"target\":[\"https:\/\/www.zerdab.com\/?p=16277\"]}]},{\"@type\":\"ImageObject\",\"inLanguage\":\"az\",\"@id\":\"https:\/\/www.zerdab.com\/?p=16277#primaryimage\",\"url\":\"\",\"contentUrl\":\"\"},{\"@type\":\"BreadcrumbList\",\"@id\":\"https:\/\/www.zerdab.com\/?p=16277#breadcrumb\",\"itemListElement\":[{\"@type\":\"ListItem\",\"position\":1,\"name\":\"Home\",\"item\":\"https:\/\/www.zerdab.com\/\"},{\"@type\":\"ListItem\",\"position\":2,\"name\":\"Z\u0259rdab-Yuxar\u0131 Seyidl\u0259r-Sil\u0259yli yolu sosial \u015f\u0259b\u0259k\u0259l\u0259rd\u0259 &#8211; FOTO\"}]},{\"@type\":\"WebSite\",\"@id\":\"https:\/\/www.zerdab.com\/#website\",\"url\":\"https:\/\/www.zerdab.com\/\",\"name\":\"Z\u0259rdab.com\",\"description\":\"\",\"potentialAction\":[{\"@type\":\"SearchAction\",\"target\":{\"@type\":\"EntryPoint\",\"urlTemplate\":\"https:\/\/www.zerdab.com\/?s={search_term_string}\"},\"query-input\":{\"@type\":\"PropertyValueSpecification\",\"valueRequired\":true,\"valueName\":\"search_term_string\"}}],\"inLanguage\":\"az\"},{\"@type\":\"Person\",\"@id\":\"https:\/\/www.zerdab.com\/#\/schema\/person\/97079b7570c1e89ec0d9e138c3672136\",\"name\":\"admin\",\"image\":{\"@type\":\"ImageObject\",\"inLanguage\":\"az\",\"@id\":\"https:\/\/www.zerdab.com\/#\/schema\/person\/image\/\",\"url\":\"https:\/\/secure.gravatar.com\/avatar\/d9c52a9a27c32119cb6679a077fa3e2779e5f822c451cbf01098004361d466ec?s=96&d=mm&r=g\",\"contentUrl\":\"https:\/\/secure.gravatar.com\/avatar\/d9c52a9a27c32119cb6679a077fa3e2779e5f822c451cbf01098004361d466ec?s=96&d=mm&r=g\",\"caption\":\"admin\"},\"url\":\"https:\/\/www.zerdab.com\/?author=1\"}]}<\/script>\n<!-- \/ Yoast SEO plugin. -->","yoast_head_json":{"title":"Z\u0259rdab-Yuxar\u0131 Seyidl\u0259r-Sil\u0259yli yolu sosial \u015f\u0259b\u0259k\u0259l\u0259rd\u0259 - FOTO - Z\u0259rdab.com","robots":{"index":"index","follow":"follow","max-snippet":"max-snippet:-1","max-image-preview":"max-image-preview:large","max-video-preview":"max-video-preview:-1"},"canonical":"https:\/\/www.zerdab.com\/?p=16277","og_locale":"az_AZ","og_type":"article","og_title":"Z\u0259rdab-Yuxar\u0131 Seyidl\u0259r-Sil\u0259yli yolu sosial \u015f\u0259b\u0259k\u0259l\u0259rd\u0259 - FOTO - Z\u0259rdab.com","og_description":"Regionlar\u0131n sosial-iqtisadi inki\u015faf\u0131na dair D\u00f6vl\u0259t Proqram\u0131na uy\u011fun olaraq tikil\u0259n Z\u0259rdab-Yuxar\u0131 Seyidl\u0259r-Sil\u0259yli avtomobil yolunda i\u015fl\u0259rin bir m\u00fcdd\u0259t \u00f6nc\u0259 tam ba\u015fa \u00e7atd\u0131r\u0131lmas\u0131 bar\u0259d\u0259 m\u0259lumat vermi\u015fdik. Bildirmi\u015fdik ki, 8 k\u0259ndin 9 mind\u0259n \u00e7ox \u0259halisinin istifad\u0259 etdiyi, 47 kilometr uzunlu\u011fu olan bu yolun tikintisin\u0259 2012-ci ilin sentyabr ay\u0131ndan ba\u015flan\u0131lm\u0131\u015fd\u0131. 2013-c\u00fc ilin mart\u0131nda yolun Sil\u0259yli v\u0259 Yuxar\u0131 Seyidl\u0259r k\u0259ndl\u0259rinin \u0259razisind\u0259n [&hellip;]","og_url":"https:\/\/www.zerdab.com\/?p=16277","og_site_name":"Z\u0259rdab.com","article_published_time":"2014-07-01T00:51:51+00:00","og_image":[{"url":"http:\/\/www.zerdab.com\/wp-content\/uploads\/2014\/07\/yol2-550x412.jpg","type":"","width":"","height":""}],"author":"admin","twitter_card":"summary_large_image","twitter_misc":{"Written by":"admin","Est. reading time":"1 minute"},"schema":{"@context":"https:\/\/schema.org","@graph":[{"@type":"Article","@id":"https:\/\/www.zerdab.com\/?p=16277#article","isPartOf":{"@id":"https:\/\/www.zerdab.com\/?p=16277"},"author":{"name":"admin","@id":"https:\/\/www.zerdab.com\/#\/schema\/person\/97079b7570c1e89ec0d9e138c3672136"},"headline":"Z\u0259rdab-Yuxar\u0131 Seyidl\u0259r-Sil\u0259yli yolu sosial \u015f\u0259b\u0259k\u0259l\u0259rd\u0259 &#8211; FOTO","datePublished":"2014-07-01T00:51:51+00:00","mainEntityOfPage":{"@id":"https:\/\/www.zerdab.com\/?p=16277"},"wordCount":304,"commentCount":0,"image":{"@id":"https:\/\/www.zerdab.com\/?p=16277#primaryimage"},"thumbnailUrl":"http:\/\/www.zerdab.com\/wp-content\/uploads\/2014\/07\/yol2-550x412.jpg","articleSection":["C\u018fM\u0130YY\u018fT"],"inLanguage":"az","potentialAction":[{"@type":"CommentAction","name":"Comment","target":["https:\/\/www.zerdab.com\/?p=16277#respond"]}]},{"@type":"WebPage","@id":"https:\/\/www.zerdab.com\/?p=16277","url":"https:\/\/www.zerdab.com\/?p=16277","name":"Z\u0259rdab-Yuxar\u0131 Seyidl\u0259r-Sil\u0259yli yolu sosial \u015f\u0259b\u0259k\u0259l\u0259rd\u0259 - FOTO - Z\u0259rdab.com","isPartOf":{"@id":"https:\/\/www.zerdab.com\/#website"},"primaryImageOfPage":{"@id":"https:\/\/www.zerdab.com\/?p=16277#primaryimage"},"image":{"@id":"https:\/\/www.zerdab.com\/?p=16277#primaryimage"},"thumbnailUrl":"http:\/\/www.zerdab.com\/wp-content\/uploads\/2014\/07\/yol2-550x412.jpg","datePublished":"2014-07-01T00:51:51+00:00","author":{"@id":"https:\/\/www.zerdab.com\/#\/schema\/person\/97079b7570c1e89ec0d9e138c3672136"},"breadcrumb":{"@id":"https:\/\/www.zerdab.com\/?p=16277#breadcrumb"},"inLanguage":"az","potentialAction":[{"@type":"ReadAction","target":["https:\/\/www.zerdab.com\/?p=16277"]}]},{"@type":"ImageObject","inLanguage":"az","@id":"https:\/\/www.zerdab.com\/?p=16277#primaryimage","url":"","contentUrl":""},{"@type":"BreadcrumbList","@id":"https:\/\/www.zerdab.com\/?p=16277#breadcrumb","itemListElement":[{"@type":"ListItem","position":1,"name":"Home","item":"https:\/\/www.zerdab.com\/"},{"@type":"ListItem","position":2,"name":"Z\u0259rdab-Yuxar\u0131 Seyidl\u0259r-Sil\u0259yli yolu sosial \u015f\u0259b\u0259k\u0259l\u0259rd\u0259 &#8211; FOTO"}]},{"@type":"WebSite","@id":"https:\/\/www.zerdab.com\/#website","url":"https:\/\/www.zerdab.com\/","name":"Z\u0259rdab.com","description":"","potentialAction":[{"@type":"SearchAction","target":{"@type":"EntryPoint","urlTemplate":"https:\/\/www.zerdab.com\/?s={search_term_string}"},"query-input":{"@type":"PropertyValueSpecification","valueRequired":true,"valueName":"search_term_string"}}],"inLanguage":"az"},{"@type":"Person","@id":"https:\/\/www.zerdab.com\/#\/schema\/person\/97079b7570c1e89ec0d9e138c3672136","name":"admin","image":{"@type":"ImageObject","inLanguage":"az","@id":"https:\/\/www.zerdab.com\/#\/schema\/person\/image\/","url":"https:\/\/secure.gravatar.com\/avatar\/d9c52a9a27c32119cb6679a077fa3e2779e5f822c451cbf01098004361d466ec?s=96&d=mm&r=g","contentUrl":"https:\/\/secure.gravatar.com\/avatar\/d9c52a9a27c32119cb6679a077fa3e2779e5f822c451cbf01098004361d466ec?s=96&d=mm&r=g","caption":"admin"},"url":"https:\/\/www.zerdab.com\/?author=1"}]}},"_links":{"self":[{"href":"https:\/\/www.zerdab.com\/index.php?rest_route=\/wp\/v2\/posts\/16277","targetHints":{"allow":["GET"]}}],"collection":[{"href":"https:\/\/www.zerdab.com\/index.php?rest_route=\/wp\/v2\/posts"}],"about":[{"href":"https:\/\/www.zerdab.com\/index.php?rest_route=\/wp\/v2\/types\/post"}],"author":[{"embeddable":true,"href":"https:\/\/www.zerdab.com\/index.php?rest_route=\/wp\/v2\/users\/1"}],"replies":[{"embeddable":true,"href":"https:\/\/www.zerdab.com\/index.php?rest_route=%2Fwp%2Fv2%2Fcomments&post=16277"}],"version-history":[{"count":1,"href":"https:\/\/www.zerdab.com\/index.php?rest_route=\/wp\/v2\/posts\/16277\/revisions"}],"predecessor-version":[{"id":16287,"href":"https:\/\/www.zerdab.com\/index.php?rest_route=\/wp\/v2\/posts\/16277\/revisions\/16287"}],"wp:attachment":[{"href":"https:\/\/www.zerdab.com\/index.php?rest_route=%2Fwp%2Fv2%2Fmedia&parent=16277"}],"wp:term":[{"taxonomy":"category","embeddable":true,"href":"https:\/\/www.zerdab.com\/index.php?rest_route=%2Fwp%2Fv2%2Fcategories&post=16277"},{"taxonomy":"post_tag","embeddable":true,"href":"https:\/\/www.zerdab.com\/index.php?rest_route=%2Fwp%2Fv2%2Ftags&post=16277"}],"curies":[{"name":"wp","href":"https:\/\/api.w.org\/{rel}","templated":true}]}}