{"id":16303,"date":"2014-07-02T12:56:45","date_gmt":"2014-07-02T07:56:45","guid":{"rendered":"http:\/\/www.zerdab.com\/?p=16303"},"modified":"2014-07-02T12:56:45","modified_gmt":"2014-07-02T07:56:45","slug":"z%c9%99rdabda-az%c9%99rbaycan-polisi-gunu-qeyd-olundu-fotolar","status":"publish","type":"post","link":"https:\/\/www.zerdab.com\/?p=16303","title":{"rendered":"Z\u0259rdabda Az\u0259rbaycan polisi g\u00fcn\u00fc qeyd olundu &#8211; FOTOLAR"},"content":{"rendered":"<p align=\"center\"><a href=\"http:\/\/www.zerdab.com\/wp-content\/uploads\/2014\/07\/Zerdab-rayonu2.jpg\"><img loading=\"lazy\" decoding=\"async\" class=\"aligncenter size-large wp-image-16307\" alt=\"Z\u0259rdab rayonu\" src=\"http:\/\/www.zerdab.com\/wp-content\/uploads\/2014\/07\/Zerdab-rayonu2-550x365.jpg\" width=\"550\" height=\"365\" \/><\/a>Z\u0259rdabda Az\u0259rbaycan polisi g\u00fcn\u00fc m\u00fcnasib\u0259til\u0259 t\u0259dbir ke\u00e7irilmi\u015fdir. T\u0259dbir i\u015ftirak\u00e7\u0131lar\u0131 \u0259vv\u0259lc\u0259 Ulu \u00d6nd\u0259r Heyd\u0259r \u018fliyevin abid\u0259sini ziyar\u0259t etmi\u015f, abid\u0259 \u00f6n\u00fcn\u0259 g\u00fcl-\u00e7i\u00e7\u0259k d\u0259st\u0259l\u0259ri d\u00fczm\u00fc\u015f, xatir\u0259sini ehtiramla yad etmi\u015fl\u0259r.<\/p>\n<p>Z\u0259rdab\u00a0Rayon Polis \u015e\u00f6b\u0259sinin inzibati binas\u0131nda davam etdiril\u0259n t\u0259dbird\u0259 Polis \u015e\u00f6b\u0259sinin r\u0259isi, polis polkovnik-leytenant\u0131 Elnur H\u0259s\u0259novun m\u0259ruz\u0259si dinl\u0259nilmi\u015fdir. O, Az\u0259rbaycan\u00a0polisinin\u00a096 il \u0259rzind\u0259 \u00e7ox \u00e7\u0259tin v\u0259 \u015f\u0259r\u0259fli bir yol ke\u00e7diyini, 16 il \u0259vv\u0259l Ulu \u00d6nd\u0259r Heyd\u0259r \u018fliyevin f\u0259rman\u0131 il\u0259 Az\u0259rbaycan Polisi G\u00fcn\u00fcn\u00fcn t\u0259sis edildiyini, \u00f6lk\u0259 Prezidenti c\u0259nab \u0130lham \u018fliyevin r\u0259hb\u0259rliyi il\u0259 daxili i\u015fl\u0259r orqanlar\u0131n\u0131n f\u0259aliyy\u0259tinin t\u0259kmill\u0259\u015fdirilm\u0259si sah\u0259sind\u0259 u\u011furlu islahatlar\u0131n apar\u0131ld\u0131\u011f\u0131n\u0131, polis\u00a0i\u015f\u00e7il\u0259rinin g\u0259rgin v\u0259 \u015f\u0259r\u0259fli \u0259m\u0259yinin\u00a0daim\u00a0y\u00fcks\u0259k qiym\u0259tl\u0259ndirildiyini\u00a0qeyd\u00a0etmi\u015fdir.<\/p>\n<p>Natiq, rayonda\u00a0ba\u015f\u00a0vermi\u015f\u00a0cinay\u0259tl\u0259rin\u00a0isti\u00a0izl\u0259rl\u0259 a\u00e7\u0131lmas\u0131nda,\u00a0ictimai\u00a0qaydan\u0131n v\u0259 t\u0259hl\u00fck\u0259sizliyin t\u0259min olunmas\u0131nda \u015f\u0259xsi hey\u0259tin\u00a0rolundan,\u00a0qazan\u0131lm\u0131\u015f u\u011furlardan dan\u0131\u015fm\u0131\u015fd\u0131r.<\/p>\n<p>Z\u0259rdab Rayon \u0130cra Hakimiyy\u0259tinin ba\u015f\u00e7\u0131s\u0131 c\u0259nab L\u00fctv\u0259li Babayev Polis \u015e\u00f6b\u0259sinin kollektivini\u00a0bayram\u00a0m\u00fcnasib\u0259til\u0259 t\u0259brik ed\u0259r\u0259k, \u00dcmummilli lider Heyd\u0259r \u018fliyevin Az\u0259rbaycan polisinin inki\u015faf\u0131na g\u00f6st\u0259rdiyi y\u00fcks\u0259k diqq\u0259t v\u0259 qay\u011f\u0131dan, m\u00f6ht\u0259r\u0259m Prezidentimiz c\u0259nab \u0130lham \u018fliyevin bu siyas\u0259ti u\u011furla davam v\u0259 inki\u015faf etdirm\u0259sind\u0259n dan\u0131\u015fm\u0131\u015fd\u0131r.<\/p>\n<p>\u0130cra\u00a0ba\u015f\u00e7\u0131s\u0131\u00a0qeyd etmi\u015fdir\u00a0ki, xalq\u0131m\u0131z Az\u0259rbaycan polisin\u0259 b\u00f6y\u00fck inam b\u0259sl\u0259yir, d\u00f6vl\u0259t\u00e7iliyin m\u00f6hk\u0259ml\u0259ndirilm\u0259sind\u0259, milli maraqlar\u0131n qorunmas\u0131nda polisin xidm\u0259tl\u0259ri b\u00f6y\u00fckd\u00fcr.<\/p>\n<p>Rayonda ictimai-siyasi sabitliyin qorunmas\u0131nda, cinay\u0259tkarl\u0131\u011fa qar\u015f\u0131 m\u00fcbariz\u0259nin g\u00fccl\u0259ndirilm\u0259sind\u0259, polis-v\u0259t\u0259nda\u015f m\u00fcnasib\u0259tl\u0259rinin sivil qaydada qurulmas\u0131nda Z\u0259rdab Rayon Polis \u015e\u00f6b\u0259sinin n\u00fcmun\u0259vi i\u015fini qeyd ed\u0259n icra ba\u015f\u00e7\u0131s\u0131 kollektiv\u0259 \u0259n s\u0259mimi v\u0259 xo\u015f arzular\u0131n\u0131 \u00e7atd\u0131rm\u0131\u015f, xidm\u0259ti v\u0259zif\u0259l\u0259rinin icras\u0131nda onlara u\u011furlar arzulam\u0131\u015fd\u0131r.<\/p>\n<p>T\u0259dbird\u0259 polis orqanlar\u0131nda s\u0259m\u0259r\u0259li f\u0259aliyy\u0259tin\u0259 g\u00f6r\u0259 \u015f\u00f6b\u0259nin bir qrup \u0259m\u0259kda\u015flar\u0131na, t\u0259qa\u00fcdd\u0259 olan veteran polisl\u0259r\u0259 Rayon \u0130cra Hakimiyy\u0259tinin F\u0259xri F\u0259rman\u0131 v\u0259 qiym\u0259tli h\u0259diyy\u0259l\u0259r t\u0259qdim olunmu\u015fdur.<\/p>\n<p><b>\u00a0<\/b><span style=\"color: #0000ff;\"><b style=\"font-size: 14px; line-height: 1.5em;\">Z\u0259rdab Rayon \u0130cra Hakimiyy\u0259ti<a href=\"http:\/\/www.zerdab.com\/wp-content\/uploads\/2014\/07\/Zerdab-rayonu.jpg\"><img loading=\"lazy\" decoding=\"async\" class=\"aligncenter size-large wp-image-16305\" alt=\"Z\u0259rdab rayonu\" src=\"http:\/\/www.zerdab.com\/wp-content\/uploads\/2014\/07\/Zerdab-rayonu-550x365.jpg\" width=\"550\" height=\"365\" \/><\/a> <a href=\"http:\/\/www.zerdab.com\/wp-content\/uploads\/2014\/07\/Zerdab-rayonu1.jpg\"><img loading=\"lazy\" decoding=\"async\" class=\"aligncenter size-large wp-image-16306\" alt=\"Zerdab rayonu1\" src=\"http:\/\/www.zerdab.com\/wp-content\/uploads\/2014\/07\/Zerdab-rayonu1-550x365.jpg\" width=\"550\" height=\"365\" \/><\/a><a href=\"http:\/\/www.zerdab.com\/wp-content\/uploads\/2014\/07\/Zerdab-rayonu3.jpg\"><img loading=\"lazy\" decoding=\"async\" class=\"aligncenter size-large wp-image-16308\" alt=\"Z\u0259rdab rayonu\" src=\"http:\/\/www.zerdab.com\/wp-content\/uploads\/2014\/07\/Zerdab-rayonu3-550x365.jpg\" width=\"550\" height=\"365\" \/><a href=\"http:\/\/www.zerdab.com\/wp-content\/uploads\/2014\/07\/Zerdab-rayonu4.jpg\"><img loading=\"lazy\" decoding=\"async\" class=\"aligncenter size-large wp-image-16304\" alt=\"Z\u0259rdab rayonu\" src=\"http:\/\/www.zerdab.com\/wp-content\/uploads\/2014\/07\/Zerdab-rayonu4-550x365.jpg\" width=\"550\" height=\"365\" \/><\/a><\/a><\/b><\/span><\/p>\n","protected":false},"excerpt":{"rendered":"<p>Z\u0259rdabda Az\u0259rbaycan polisi g\u00fcn\u00fc m\u00fcnasib\u0259til\u0259 t\u0259dbir ke\u00e7irilmi\u015fdir. T\u0259dbir i\u015ftirak\u00e7\u0131lar\u0131 \u0259vv\u0259lc\u0259 Ulu \u00d6nd\u0259r Heyd\u0259r \u018fliyevin abid\u0259sini ziyar\u0259t etmi\u015f, abid\u0259 \u00f6n\u00fcn\u0259 g\u00fcl-\u00e7i\u00e7\u0259k d\u0259st\u0259l\u0259ri d\u00fczm\u00fc\u015f, xatir\u0259sini ehtiramla yad etmi\u015fl\u0259r. Z\u0259rdab\u00a0Rayon Polis \u015e\u00f6b\u0259sinin inzibati binas\u0131nda davam etdiril\u0259n t\u0259dbird\u0259 Polis \u015e\u00f6b\u0259sinin r\u0259isi, polis polkovnik-leytenant\u0131 Elnur H\u0259s\u0259novun m\u0259ruz\u0259si dinl\u0259nilmi\u015fdir. O, Az\u0259rbaycan\u00a0polisinin\u00a096 il \u0259rzind\u0259 \u00e7ox \u00e7\u0259tin v\u0259 \u015f\u0259r\u0259fli bir yol ke\u00e7diyini, 16 [&hellip;]<\/p>\n","protected":false},"author":1,"featured_media":0,"comment_status":"open","ping_status":"open","sticky":false,"template":"","format":"standard","meta":{"footnotes":""},"categories":[21],"tags":[],"class_list":{"0":"post-16303","1":"post","2":"type-post","3":"status-publish","4":"format-standard","6":"category-zrdab"},"yoast_head":"<!-- This site is optimized with the Yoast SEO plugin v27.0 - https:\/\/yoast.com\/product\/yoast-seo-wordpress\/ -->\n<title>Z\u0259rdabda Az\u0259rbaycan polisi g\u00fcn\u00fc qeyd olundu - FOTOLAR - Z\u0259rdab.com<\/title>\n<meta name=\"robots\" content=\"index, follow, max-snippet:-1, max-image-preview:large, max-video-preview:-1\" \/>\n<link rel=\"canonical\" href=\"https:\/\/www.zerdab.com\/?p=16303\" \/>\n<meta property=\"og:locale\" content=\"az_AZ\" \/>\n<meta property=\"og:type\" content=\"article\" \/>\n<meta property=\"og:title\" content=\"Z\u0259rdabda Az\u0259rbaycan polisi g\u00fcn\u00fc qeyd olundu - FOTOLAR - Z\u0259rdab.com\" \/>\n<meta property=\"og:description\" content=\"Z\u0259rdabda Az\u0259rbaycan polisi g\u00fcn\u00fc m\u00fcnasib\u0259til\u0259 t\u0259dbir ke\u00e7irilmi\u015fdir. T\u0259dbir i\u015ftirak\u00e7\u0131lar\u0131 \u0259vv\u0259lc\u0259 Ulu \u00d6nd\u0259r Heyd\u0259r \u018fliyevin abid\u0259sini ziyar\u0259t etmi\u015f, abid\u0259 \u00f6n\u00fcn\u0259 g\u00fcl-\u00e7i\u00e7\u0259k d\u0259st\u0259l\u0259ri d\u00fczm\u00fc\u015f, xatir\u0259sini ehtiramla yad etmi\u015fl\u0259r. Z\u0259rdab\u00a0Rayon Polis \u015e\u00f6b\u0259sinin inzibati binas\u0131nda davam etdiril\u0259n t\u0259dbird\u0259 Polis \u015e\u00f6b\u0259sinin r\u0259isi, polis polkovnik-leytenant\u0131 Elnur H\u0259s\u0259novun m\u0259ruz\u0259si dinl\u0259nilmi\u015fdir. O, Az\u0259rbaycan\u00a0polisinin\u00a096 il \u0259rzind\u0259 \u00e7ox \u00e7\u0259tin v\u0259 \u015f\u0259r\u0259fli bir yol ke\u00e7diyini, 16 [&hellip;]\" \/>\n<meta property=\"og:url\" content=\"https:\/\/www.zerdab.com\/?p=16303\" \/>\n<meta property=\"og:site_name\" content=\"Z\u0259rdab.com\" \/>\n<meta property=\"article:published_time\" content=\"2014-07-02T07:56:45+00:00\" \/>\n<meta property=\"og:image\" content=\"http:\/\/www.zerdab.com\/wp-content\/uploads\/2014\/07\/Zerdab-rayonu2-550x365.jpg\" \/>\n<meta name=\"author\" content=\"admin\" \/>\n<meta name=\"twitter:card\" content=\"summary_large_image\" \/>\n<meta name=\"twitter:label1\" content=\"Written by\" \/>\n\t<meta name=\"twitter:data1\" content=\"admin\" \/>\n\t<meta name=\"twitter:label2\" content=\"Est. reading time\" \/>\n\t<meta name=\"twitter:data2\" content=\"2 minutes\" \/>\n<script type=\"application\/ld+json\" class=\"yoast-schema-graph\">{\"@context\":\"https:\/\/schema.org\",\"@graph\":[{\"@type\":\"Article\",\"@id\":\"https:\/\/www.zerdab.com\/?p=16303#article\",\"isPartOf\":{\"@id\":\"https:\/\/www.zerdab.com\/?p=16303\"},\"author\":{\"name\":\"admin\",\"@id\":\"https:\/\/www.zerdab.com\/#\/schema\/person\/97079b7570c1e89ec0d9e138c3672136\"},\"headline\":\"Z\u0259rdabda Az\u0259rbaycan polisi g\u00fcn\u00fc qeyd olundu &#8211; FOTOLAR\",\"datePublished\":\"2014-07-02T07:56:45+00:00\",\"mainEntityOfPage\":{\"@id\":\"https:\/\/www.zerdab.com\/?p=16303\"},\"wordCount\":461,\"commentCount\":1,\"image\":{\"@id\":\"https:\/\/www.zerdab.com\/?p=16303#primaryimage\"},\"thumbnailUrl\":\"http:\/\/www.zerdab.com\/wp-content\/uploads\/2014\/07\/Zerdab-rayonu2-550x365.jpg\",\"articleSection\":[\"C\u018fM\u0130YY\u018fT\"],\"inLanguage\":\"az\",\"potentialAction\":[{\"@type\":\"CommentAction\",\"name\":\"Comment\",\"target\":[\"https:\/\/www.zerdab.com\/?p=16303#respond\"]}]},{\"@type\":\"WebPage\",\"@id\":\"https:\/\/www.zerdab.com\/?p=16303\",\"url\":\"https:\/\/www.zerdab.com\/?p=16303\",\"name\":\"Z\u0259rdabda Az\u0259rbaycan polisi g\u00fcn\u00fc qeyd olundu - FOTOLAR - Z\u0259rdab.com\",\"isPartOf\":{\"@id\":\"https:\/\/www.zerdab.com\/#website\"},\"primaryImageOfPage\":{\"@id\":\"https:\/\/www.zerdab.com\/?p=16303#primaryimage\"},\"image\":{\"@id\":\"https:\/\/www.zerdab.com\/?p=16303#primaryimage\"},\"thumbnailUrl\":\"http:\/\/www.zerdab.com\/wp-content\/uploads\/2014\/07\/Zerdab-rayonu2-550x365.jpg\",\"datePublished\":\"2014-07-02T07:56:45+00:00\",\"author\":{\"@id\":\"https:\/\/www.zerdab.com\/#\/schema\/person\/97079b7570c1e89ec0d9e138c3672136\"},\"breadcrumb\":{\"@id\":\"https:\/\/www.zerdab.com\/?p=16303#breadcrumb\"},\"inLanguage\":\"az\",\"potentialAction\":[{\"@type\":\"ReadAction\",\"target\":[\"https:\/\/www.zerdab.com\/?p=16303\"]}]},{\"@type\":\"ImageObject\",\"inLanguage\":\"az\",\"@id\":\"https:\/\/www.zerdab.com\/?p=16303#primaryimage\",\"url\":\"\",\"contentUrl\":\"\"},{\"@type\":\"BreadcrumbList\",\"@id\":\"https:\/\/www.zerdab.com\/?p=16303#breadcrumb\",\"itemListElement\":[{\"@type\":\"ListItem\",\"position\":1,\"name\":\"Home\",\"item\":\"https:\/\/www.zerdab.com\/\"},{\"@type\":\"ListItem\",\"position\":2,\"name\":\"Z\u0259rdabda Az\u0259rbaycan polisi g\u00fcn\u00fc qeyd olundu &#8211; FOTOLAR\"}]},{\"@type\":\"WebSite\",\"@id\":\"https:\/\/www.zerdab.com\/#website\",\"url\":\"https:\/\/www.zerdab.com\/\",\"name\":\"Z\u0259rdab.com\",\"description\":\"\",\"potentialAction\":[{\"@type\":\"SearchAction\",\"target\":{\"@type\":\"EntryPoint\",\"urlTemplate\":\"https:\/\/www.zerdab.com\/?s={search_term_string}\"},\"query-input\":{\"@type\":\"PropertyValueSpecification\",\"valueRequired\":true,\"valueName\":\"search_term_string\"}}],\"inLanguage\":\"az\"},{\"@type\":\"Person\",\"@id\":\"https:\/\/www.zerdab.com\/#\/schema\/person\/97079b7570c1e89ec0d9e138c3672136\",\"name\":\"admin\",\"image\":{\"@type\":\"ImageObject\",\"inLanguage\":\"az\",\"@id\":\"https:\/\/www.zerdab.com\/#\/schema\/person\/image\/\",\"url\":\"https:\/\/secure.gravatar.com\/avatar\/d9c52a9a27c32119cb6679a077fa3e2779e5f822c451cbf01098004361d466ec?s=96&d=mm&r=g\",\"contentUrl\":\"https:\/\/secure.gravatar.com\/avatar\/d9c52a9a27c32119cb6679a077fa3e2779e5f822c451cbf01098004361d466ec?s=96&d=mm&r=g\",\"caption\":\"admin\"},\"url\":\"https:\/\/www.zerdab.com\/?author=1\"}]}<\/script>\n<!-- \/ Yoast SEO plugin. -->","yoast_head_json":{"title":"Z\u0259rdabda Az\u0259rbaycan polisi g\u00fcn\u00fc qeyd olundu - FOTOLAR - Z\u0259rdab.com","robots":{"index":"index","follow":"follow","max-snippet":"max-snippet:-1","max-image-preview":"max-image-preview:large","max-video-preview":"max-video-preview:-1"},"canonical":"https:\/\/www.zerdab.com\/?p=16303","og_locale":"az_AZ","og_type":"article","og_title":"Z\u0259rdabda Az\u0259rbaycan polisi g\u00fcn\u00fc qeyd olundu - FOTOLAR - Z\u0259rdab.com","og_description":"Z\u0259rdabda Az\u0259rbaycan polisi g\u00fcn\u00fc m\u00fcnasib\u0259til\u0259 t\u0259dbir ke\u00e7irilmi\u015fdir. T\u0259dbir i\u015ftirak\u00e7\u0131lar\u0131 \u0259vv\u0259lc\u0259 Ulu \u00d6nd\u0259r Heyd\u0259r \u018fliyevin abid\u0259sini ziyar\u0259t etmi\u015f, abid\u0259 \u00f6n\u00fcn\u0259 g\u00fcl-\u00e7i\u00e7\u0259k d\u0259st\u0259l\u0259ri d\u00fczm\u00fc\u015f, xatir\u0259sini ehtiramla yad etmi\u015fl\u0259r. Z\u0259rdab\u00a0Rayon Polis \u015e\u00f6b\u0259sinin inzibati binas\u0131nda davam etdiril\u0259n t\u0259dbird\u0259 Polis \u015e\u00f6b\u0259sinin r\u0259isi, polis polkovnik-leytenant\u0131 Elnur H\u0259s\u0259novun m\u0259ruz\u0259si dinl\u0259nilmi\u015fdir. O, Az\u0259rbaycan\u00a0polisinin\u00a096 il \u0259rzind\u0259 \u00e7ox \u00e7\u0259tin v\u0259 \u015f\u0259r\u0259fli bir yol ke\u00e7diyini, 16 [&hellip;]","og_url":"https:\/\/www.zerdab.com\/?p=16303","og_site_name":"Z\u0259rdab.com","article_published_time":"2014-07-02T07:56:45+00:00","og_image":[{"url":"http:\/\/www.zerdab.com\/wp-content\/uploads\/2014\/07\/Zerdab-rayonu2-550x365.jpg","type":"","width":"","height":""}],"author":"admin","twitter_card":"summary_large_image","twitter_misc":{"Written by":"admin","Est. reading time":"2 minutes"},"schema":{"@context":"https:\/\/schema.org","@graph":[{"@type":"Article","@id":"https:\/\/www.zerdab.com\/?p=16303#article","isPartOf":{"@id":"https:\/\/www.zerdab.com\/?p=16303"},"author":{"name":"admin","@id":"https:\/\/www.zerdab.com\/#\/schema\/person\/97079b7570c1e89ec0d9e138c3672136"},"headline":"Z\u0259rdabda Az\u0259rbaycan polisi g\u00fcn\u00fc qeyd olundu &#8211; FOTOLAR","datePublished":"2014-07-02T07:56:45+00:00","mainEntityOfPage":{"@id":"https:\/\/www.zerdab.com\/?p=16303"},"wordCount":461,"commentCount":1,"image":{"@id":"https:\/\/www.zerdab.com\/?p=16303#primaryimage"},"thumbnailUrl":"http:\/\/www.zerdab.com\/wp-content\/uploads\/2014\/07\/Zerdab-rayonu2-550x365.jpg","articleSection":["C\u018fM\u0130YY\u018fT"],"inLanguage":"az","potentialAction":[{"@type":"CommentAction","name":"Comment","target":["https:\/\/www.zerdab.com\/?p=16303#respond"]}]},{"@type":"WebPage","@id":"https:\/\/www.zerdab.com\/?p=16303","url":"https:\/\/www.zerdab.com\/?p=16303","name":"Z\u0259rdabda Az\u0259rbaycan polisi g\u00fcn\u00fc qeyd olundu - FOTOLAR - Z\u0259rdab.com","isPartOf":{"@id":"https:\/\/www.zerdab.com\/#website"},"primaryImageOfPage":{"@id":"https:\/\/www.zerdab.com\/?p=16303#primaryimage"},"image":{"@id":"https:\/\/www.zerdab.com\/?p=16303#primaryimage"},"thumbnailUrl":"http:\/\/www.zerdab.com\/wp-content\/uploads\/2014\/07\/Zerdab-rayonu2-550x365.jpg","datePublished":"2014-07-02T07:56:45+00:00","author":{"@id":"https:\/\/www.zerdab.com\/#\/schema\/person\/97079b7570c1e89ec0d9e138c3672136"},"breadcrumb":{"@id":"https:\/\/www.zerdab.com\/?p=16303#breadcrumb"},"inLanguage":"az","potentialAction":[{"@type":"ReadAction","target":["https:\/\/www.zerdab.com\/?p=16303"]}]},{"@type":"ImageObject","inLanguage":"az","@id":"https:\/\/www.zerdab.com\/?p=16303#primaryimage","url":"","contentUrl":""},{"@type":"BreadcrumbList","@id":"https:\/\/www.zerdab.com\/?p=16303#breadcrumb","itemListElement":[{"@type":"ListItem","position":1,"name":"Home","item":"https:\/\/www.zerdab.com\/"},{"@type":"ListItem","position":2,"name":"Z\u0259rdabda Az\u0259rbaycan polisi g\u00fcn\u00fc qeyd olundu &#8211; FOTOLAR"}]},{"@type":"WebSite","@id":"https:\/\/www.zerdab.com\/#website","url":"https:\/\/www.zerdab.com\/","name":"Z\u0259rdab.com","description":"","potentialAction":[{"@type":"SearchAction","target":{"@type":"EntryPoint","urlTemplate":"https:\/\/www.zerdab.com\/?s={search_term_string}"},"query-input":{"@type":"PropertyValueSpecification","valueRequired":true,"valueName":"search_term_string"}}],"inLanguage":"az"},{"@type":"Person","@id":"https:\/\/www.zerdab.com\/#\/schema\/person\/97079b7570c1e89ec0d9e138c3672136","name":"admin","image":{"@type":"ImageObject","inLanguage":"az","@id":"https:\/\/www.zerdab.com\/#\/schema\/person\/image\/","url":"https:\/\/secure.gravatar.com\/avatar\/d9c52a9a27c32119cb6679a077fa3e2779e5f822c451cbf01098004361d466ec?s=96&d=mm&r=g","contentUrl":"https:\/\/secure.gravatar.com\/avatar\/d9c52a9a27c32119cb6679a077fa3e2779e5f822c451cbf01098004361d466ec?s=96&d=mm&r=g","caption":"admin"},"url":"https:\/\/www.zerdab.com\/?author=1"}]}},"_links":{"self":[{"href":"https:\/\/www.zerdab.com\/index.php?rest_route=\/wp\/v2\/posts\/16303","targetHints":{"allow":["GET"]}}],"collection":[{"href":"https:\/\/www.zerdab.com\/index.php?rest_route=\/wp\/v2\/posts"}],"about":[{"href":"https:\/\/www.zerdab.com\/index.php?rest_route=\/wp\/v2\/types\/post"}],"author":[{"embeddable":true,"href":"https:\/\/www.zerdab.com\/index.php?rest_route=\/wp\/v2\/users\/1"}],"replies":[{"embeddable":true,"href":"https:\/\/www.zerdab.com\/index.php?rest_route=%2Fwp%2Fv2%2Fcomments&post=16303"}],"version-history":[{"count":2,"href":"https:\/\/www.zerdab.com\/index.php?rest_route=\/wp\/v2\/posts\/16303\/revisions"}],"predecessor-version":[{"id":16310,"href":"https:\/\/www.zerdab.com\/index.php?rest_route=\/wp\/v2\/posts\/16303\/revisions\/16310"}],"wp:attachment":[{"href":"https:\/\/www.zerdab.com\/index.php?rest_route=%2Fwp%2Fv2%2Fmedia&parent=16303"}],"wp:term":[{"taxonomy":"category","embeddable":true,"href":"https:\/\/www.zerdab.com\/index.php?rest_route=%2Fwp%2Fv2%2Fcategories&post=16303"},{"taxonomy":"post_tag","embeddable":true,"href":"https:\/\/www.zerdab.com\/index.php?rest_route=%2Fwp%2Fv2%2Ftags&post=16303"}],"curies":[{"name":"wp","href":"https:\/\/api.w.org\/{rel}","templated":true}]}}