{"id":16334,"date":"2014-07-07T08:00:31","date_gmt":"2014-07-07T03:00:31","guid":{"rendered":"http:\/\/www.zerdab.com\/?p=16334"},"modified":"2015-12-18T00:39:09","modified_gmt":"2015-12-17T20:39:09","slug":"%c9%99kincinin-h%c9%99r-sayini-sev%c9%99-sev%c9%99-oxuyurlar","status":"publish","type":"post","link":"https:\/\/www.zerdab.com\/?p=16334","title":{"rendered":"&#8220;\u018fkin\u00e7i&#8221;nin h\u0259r say\u0131n\u0131 sev\u0259-sev\u0259 oxuyurlar"},"content":{"rendered":"<p><a href=\"http:\/\/www.zerdab.com\/wp-content\/uploads\/2012\/07\/Millimet01.jpg\"><img loading=\"lazy\" decoding=\"async\" class=\"aligncenter size-full wp-image-3834\" src=\"http:\/\/www.zerdab.com\/wp-content\/uploads\/2012\/07\/Millimet01.jpg\" alt=\"\u018fkin\u00e7i q\u0259zeti\" width=\"450\" height=\"300\" srcset=\"https:\/\/www.zerdab.com\/wp-content\/uploads\/2012\/07\/Millimet01.jpg 450w, https:\/\/www.zerdab.com\/wp-content\/uploads\/2012\/07\/Millimet01-350x233.jpg 350w\" sizes=\"auto, (max-width: 450px) 100vw, 450px\" \/><\/a>G\u00f6rk\u0259mli ictimai xadim, b\u00f6y\u00fck maarifp\u0259rv\u0259r, tan\u0131nm\u0131\u015f publisist, pedaqoq v\u0259 t\u0259bi\u0259t\u015f\u00fcnas alim, Az\u0259rbaycan milli teatr\u0131n\u0131n v\u0259 milli m\u0259tbuat\u0131n\u0131n banisi H\u0259s\u0259n b\u0259y Z\u0259rdabi 22 iyul 1875 &#8211; 29 sentyabr 1877-ci ill\u0259rd\u0259 \u201c\u018fkin\u00e7i&#8221; q\u0259zetinin n\u0259\u015frin\u0259 nail olmaqla xalq\u0131na \u0259n d\u0259y\u0259rli xidm\u0259tl\u0259rind\u0259n birincisini etmi\u015f oldu. Az\u0259rbaycan\u0131n ilk parlamentinin s\u0259dri, b\u00f6y\u00fck d\u00f6vl\u0259t xadimi, g\u00f6rk\u0259mli jurnalist, \u201cKaspi\u201d q\u0259zetinin redaktoru \u018flim\u0259rdan b\u0259y Top\u00e7uba\u015fov yaz\u0131rd\u0131: &#8220;\u018fkin\u00e7i&#8221; Z\u0259rdabinin ucaltm\u0131\u015f oldu\u011fu xilasedici bir mayakd\u0131r, \u015f\u00fcca\u0259t v\u0259 q\u0259hr\u0259manl\u0131qd\u0131r&#8221;. N\u0259 yaz\u0131q ki, min bir \u0259ziyy\u0259tl\u0259 \u0259rs\u0259y\u0259 g\u0259l\u0259n bu xilasedici mayak c\u0259mi 27 ay ya\u015fad\u0131: 2il, 3 ay. Bu m\u00fcdd\u0259td\u0259 b\u0259zi u\u015faqlar he\u00e7 dil a\u00e7m\u0131r. Amma bu az vaxtda \u201c\u018fkin\u00e7i\u201d n\u0259inki \u00f6z d\u00f6vr\u00fcnd\u0259 minl\u0259rl\u0259 u\u015fa\u011fa, b\u00f6y\u00fcy\u0259, v\u0259t\u0259nda\u015fa dil \u00f6yr\u0259tdi, h\u0259m\u00e7inin nec\u0259 dan\u0131\u015fma\u011f\u0131, nec\u0259 sad\u0259, m\u0259nal\u0131, hikm\u0259tli yazma\u011f\u0131n n\u00fcmun\u0259sini g\u00f6st\u0259rdi. Deyirl\u0259r \u00f6z tarixin\u0259 qay\u011f\u0131 il\u0259 yana\u015fmaq v\u0259t\u0259np\u0259rv\u0259rliyin \u0259sas x\u00fcsusiyy\u0259tidir. Bu g\u00fcn \u201c\u018fkin\u00e7i\u201dnin m\u0259n\u0259vi d\u0259y\u0259rl\u0259rini, onun ad\u0131n\u0131 ya\u015fatma\u011f\u0131, bu xilasedici maya\u011f\u0131n q\u00fcdr\u0259tind\u0259n g\u00fcc alma\u011f\u0131 pe\u015f\u0259 taleyimiz biz\u0259 d\u0259 n\u0259sib etdi. H\u0259s\u0259n b\u0259y Z\u0259rdabinin do\u011fuldu\u011fu torpaqda, dahi h\u0259myerlimizin n\u0259\u015fr etdirdiyi eyni adl\u0131 q\u0259zetd\u0259 \u00e7al\u0131\u015fmaq, indi d\u0259 \u00f6z aktuall\u0131\u011f\u0131n\u0131 saxlayan bir \u00e7ox i\u015f\u0131ql\u0131 ideyalar\u0131n\u0131 f\u0259aliyy\u0259td\u0259 \u0259sas g\u00f6t\u00fcrm\u0259k Z\u0259rdabda \u00e7\u0131xan \u201c\u018fkin\u00e7i\u201dnin yarad\u0131c\u0131 kollektivi \u00fc\u00e7\u00fcn \u00fcmd\u0259 v\u0259zif\u0259 oldu. \u0130lk milli q\u0259zetimizin ad\u0131n\u0131 bu g\u00fcn d\u0259 uca tutmaq, onun \u0259n\u0259n\u0259l\u0259rini davam etdirm\u0259k v\u0259 \u201c\u018fkin\u00e7i\u201dnin ad\u0131na layiq y\u00fcks\u0259k ideyal\u0131, sad\u0259 v\u0259 hikm\u0259tli yaz\u0131lar haz\u0131rlamaq \u00fc\u00e7\u00fcn \u00a0ikiqat m\u0259suliyy\u0259t hiss edirik. Q\u0259zetd\u0259 rayonun ictimai, siyasi, m\u0259d\u0259ni h\u0259yat\u0131n\u0131 oxuculara h\u0259rt\u0259r\u0259fli \u00e7atd\u0131rmaqdan \u00f6tr\u00fc \u00a0potensial imkanlardan bacar\u0131qla yararlana bilirik. El\u0259 buna g\u00f6r\u0259 d\u0259 h\u0259ft\u0259d\u0259 1 d\u0259f\u0259 \u00e7\u0131xan q\u0259zetimiz h\u0259m d\u0259 \u0259traf\u0131na k\u0259nar m\u00fc\u0259llifl\u0259r toplaya bilib. Bel\u0259 k\u0259nar m\u00fc\u0259llifl\u0259r, redaksiyam\u0131zla daim \u0259laq\u0259 saxlayan yazarlar\u0131m\u0131z onlarlad\u0131r. Lakin bu yax\u015f\u0131lar\u0131n s\u0131ras\u0131nda daha yax\u015f\u0131lar da var. Onlar do\u011fma \u201c\u018fkin\u00e7i\u201dy\u0259 xo\u015f m\u00fcnasib\u0259tl\u0259rin\u0259 g\u00f6r\u0259 x\u00fcsusi diqq\u0259t\u0259 layiqdirl\u0259r. H\u0259min do\u011fma m\u00fcnasib\u0259ti n\u0259z\u0259r\u0259 alsaq onda ayd\u0131n g\u00f6r\u0259rik ki, pe\u015f\u0259 bayram\u0131m\u0131z \u0259r\u0259f\u0259sind\u0259 &#8211; milli jurnalistika g\u00fcn\u00fcn\u00fcn sevincind\u0259n onlara da x\u00fcsusi pay d\u00fc\u015f\u00fcr. H\u0259min \u0259ziz insanlar\u0131 sevimli Zerdab.com-un izl\u0259yicil\u0259rin\u0259 t\u0259qdim edirik.<\/p>\n<figure id=\"attachment_16337\" aria-describedby=\"caption-attachment-16337\" style=\"width: 550px\" class=\"wp-caption aligncenter\"><a href=\"http:\/\/www.zerdab.com\/wp-content\/uploads\/2014\/07\/Zerdab-rayonu21.jpg\"><img loading=\"lazy\" decoding=\"async\" class=\"size-large wp-image-16337\" src=\"http:\/\/www.zerdab.com\/wp-content\/uploads\/2014\/07\/Zerdab-rayonu21-550x395.jpg\" alt=\"V\u0259fa Bayramova\" width=\"550\" height=\"395\" \/><\/a><figcaption id=\"caption-attachment-16337\" class=\"wp-caption-text\"><span style=\"color: #0000ff;\"><strong>H\u0259s\u0259n B\u0259y Z\u0259rdabi muzeyinin direktoru V\u0259fa Bayramova<\/strong><\/span><\/figcaption><\/figure>\n<p>1. H.B. Z\u0259rdabi muzeyinin direktoru \u2013V\u0259fa Bayramova. V\u0259fa xan\u0131m q\u0259zetimizin \u0259n f\u0259al oxucusu olmaqla yana\u015f\u0131, h\u0259m d\u0259 H\u0259s\u0259n b\u0259y Z\u0259rdabi irsi, onun c\u0259fake\u015f \u00f6m\u00fcr-g\u00fcn yolda\u015f\u0131 H\u0259nif\u0259 xan\u0131m Abayeva-M\u0259likova, \u00f6vladlar\u0131 P\u0259ri xan\u0131m M\u0259likova, Midh\u0259t b\u0259y M\u0259likov, S\u0259ff\u0259t b\u0259y M\u0259likov, Q\u0259ribsoltan xan\u0131m M\u0259likova haqq\u0131nda \u0259n maraql\u0131 yaz\u0131larla \u00e7\u0131x\u0131\u015f edir. R\u0259hb\u0259rlik etdiyi muzey kollektivi il\u0259 birg\u0259 tez-tez dahi h\u0259myerlimizin tarixi xidm\u0259tl\u0259rini xat\u0131rladan t\u0259dbirl\u0259r ke\u00e7irir.<\/p>\n<figure id=\"attachment_16338\" aria-describedby=\"caption-attachment-16338\" style=\"width: 550px\" class=\"wp-caption aligncenter\"><a href=\"http:\/\/www.zerdab.com\/wp-content\/uploads\/2014\/07\/Rayon-MKS-39-sayl\u0131-\u015f\u0259h\u0259r-kitabxana-filial\u0131n\u0131n-kitabxana\u00e7\u0131s\u0131-G\u00fclxan\u0131m-V\u0259liyeva.jpg\"><img loading=\"lazy\" decoding=\"async\" class=\"size-large wp-image-16338\" src=\"http:\/\/www.zerdab.com\/wp-content\/uploads\/2014\/07\/Rayon-MKS-39-sayl\u0131-\u015f\u0259h\u0259r-kitabxana-filial\u0131n\u0131n-kitabxana\u00e7\u0131s\u0131-G\u00fclxan\u0131m-V\u0259liyeva-550x351.jpg\" alt=\"G\u00fclxan\u0131m V\u0259liyeva\" width=\"550\" height=\"351\" \/><\/a><figcaption id=\"caption-attachment-16338\" class=\"wp-caption-text\"><span style=\"color: #0000ff;\"><strong>Z\u0259rdab Rayon MKS 39 sayl\u0131 \u015f\u0259h\u0259r kitabxana filial\u0131n\u0131n kitabxana\u00e7\u0131s\u0131 G\u00fclxan\u0131m V\u0259liyeva<\/strong><\/span><\/figcaption><\/figure>\n<p>2. Rayon MKS 39 sayl\u0131 \u015f\u0259h\u0259r kitabxana filial\u0131n\u0131n kitabxana\u00e7\u0131s\u0131 G\u00fclxan\u0131m V\u0259liyeva. Kitabxana\u00e7\u0131 xan\u0131m \u201c\u018fkin\u00e7i\u201dnin h\u0259r say\u0131na qar\u015f\u0131 \u00e7ox diqq\u0259tlidir. N\u00f6mr\u0259l\u0259rimizi ard\u0131c\u0131ll\u0131qla y\u0131\u011faraq \u00f6z oxucular\u0131 aras\u0131nda q\u0259zetimizi geni\u015f t\u0259bli\u011f edir. M\u00fcxbirl\u0259rimizin yaz\u0131lar\u0131n\u0131 sev\u0259-sev\u0259 oxuyur. H\u0259r m\u00fcxbirin yarad\u0131c\u0131l\u0131\u011f\u0131 haqq\u0131nda onun \u00f6z qeydl\u0259ri var.<\/p>\n<figure id=\"attachment_16340\" aria-describedby=\"caption-attachment-16340\" style=\"width: 304px\" class=\"wp-caption aligncenter\"><a href=\"http:\/\/www.zerdab.com\/wp-content\/uploads\/2014\/07\/M\u00fcbariz-S\u0259fiyaro\u011flu-\u00d6m\u0259rov.jpg\"><img loading=\"lazy\" decoding=\"async\" class=\"size-full wp-image-16340\" src=\"http:\/\/www.zerdab.com\/wp-content\/uploads\/2014\/07\/M\u00fcbariz-S\u0259fiyaro\u011flu-\u00d6m\u0259rov.jpg\" alt=\"M\u00fcbariz S\u0259fiyaro\u011flu (\u00d6m\u0259rov)\" width=\"304\" height=\"384\" \/><\/a><figcaption id=\"caption-attachment-16340\" class=\"wp-caption-text\"><span style=\"color: #0000ff;\"><strong>\u018flib\u0259yli k\u0259nd sakini, m\u0259d\u0259niyy\u0259t i\u015f\u00e7isi M\u00fcbariz S\u0259fiyaro\u011flu<\/strong><\/span><\/figcaption><\/figure>\n<p>3. M\u00fcbariz S\u0259fiyaro\u011flu (\u00d6m\u0259rov). Z\u0259rdabl\u0131 oxucular aras\u0131nda rayon q\u0259zetinin k\u0259nar m\u00fc\u0259llifl\u0259rind\u0259n s\u00f6z d\u00fc\u015fd\u00fcm\u00fc, ilk olaraq M\u00fcbariz S\u0259fiyaro\u011flunun imzas\u0131 xat\u0131rlan\u0131r. \u018flib\u0259yli k\u0259nd sakini, m\u0259d\u0259niyy\u0259t i\u015f\u00e7isi M.S\u0259fiyaro\u011flu b\u00fct\u00fcn m\u00f6vzularda \u00f6z q\u0259l\u0259mini s\u0131nay\u0131b. O, h\u0259m d\u0259 h\u0259v\u0259skar \u015fairdir.<\/p>\n<figure id=\"attachment_16339\" aria-describedby=\"caption-attachment-16339\" style=\"width: 480px\" class=\"wp-caption aligncenter\"><a href=\"http:\/\/www.zerdab.com\/wp-content\/uploads\/2014\/07\/Aqil-X\u0259lilov-R\u0130TM-C-kompyuter-kursunda-m\u00fc\u0259llim.jpg\"><img loading=\"lazy\" decoding=\"async\" class=\"size-full wp-image-16339\" src=\"http:\/\/www.zerdab.com\/wp-content\/uploads\/2014\/07\/Aqil-X\u0259lilov-R\u0130TM-C-kompyuter-kursunda-m\u00fc\u0259llim.jpg\" alt=\"Aqil X\u0259lilov\" width=\"480\" height=\"360\" \/><\/a><figcaption id=\"caption-attachment-16339\" class=\"wp-caption-text\"><span style=\"color: #0000ff;\"><strong>Aqil X\u0259lilov &#8211; R\u0130TM-C kompyuter kursunda m\u00fc\u0259llim<\/strong><\/span><\/figcaption><\/figure>\n<p>4. Aqil X\u0259lilov-\u201cR\u0130TM-C\u201d kompyuter kursunda m\u00fc\u0259llim. Bak\u0131 D\u00f6vl\u0259t Universiteti mexanika riyaziyyat fak\u00fclt\u0259sinin g\u0259nc m\u0259zunu A.X\u0259lilov Respublika Prezidenti yan\u0131nda G\u0259ncl\u0259r fondunun d\u0259st\u0259yi il\u0259 h\u0259yata ke\u00e7irdiyi \u201cG\u0259ncl\u0259rin intellektual inki\u015faf\u0131na d\u0259st\u0259k\u201d layih\u0259si \u00e7\u0259r\u00e7iv\u0259sind\u0259 \u015f\u0259h\u0259rimizd\u0259ki \u201cH\u0259d\u0259f\u201d kursunda t\u0259lim kurslar\u0131n\u0131 yenic\u0259 ba\u015fa \u00e7atd\u0131rm\u0131\u015fd\u0131r. \u00dcmumiyy\u0259tl\u0259, G\u0259ncl\u0259r Fondunun d\u0259st\u0259yi il\u0259 f\u0259rdi \u015f\u0259xs X\u0259lilov Aqil Malik o\u011flunun h\u0259yata ke\u00e7irdiyi ist\u0259nil\u0259n layih\u0259d\u0259 \u0259sas m\u0259qs\u0259d g\u0259ncl\u0259rin intellektual s\u0259viyy\u0259sini, d\u00fcnyag\u00f6r\u00fc\u015f\u00fcn\u00fc art\u0131rmaq v\u0259 \u015fagirdl\u0259rin orta m\u0259kt\u0259bl\u0259rd\u0259 qazanm\u0131\u015f bilikl\u0259rini qabaqc\u0131l texnologiyalar\u0131n t\u0259tbiqi il\u0259 inki\u015faf etdirm\u0259kdir. G\u0259nc m\u00fc\u0259llim kompyuter kursunda <a href=\"http:\/\/www.ritmtest.com\/\" target=\"_blank\" rel=\"nofollow\">www.ritmtest.com <\/a>s\u0259hif\u0259si yaratm\u0131\u015fd\u0131r. Bu online imtahan s\u0259hif\u0259sinin k\u00f6m\u0259yi il\u0259 g\u0259ncl\u0259r intellektual s\u0259viyy\u0259l\u0259rini, d\u00fcnyag\u00f6r\u00fc\u015fl\u0259rini art\u0131r\u0131r v\u0259 bilikl\u0259rini qabaqc\u0131l texnologiyan\u0131n t\u0259tbiqi il\u0259 inki\u015faf etdirirl\u0259r. &#8220;\u018fkin\u00e7i\u201d q\u0259zeti il\u0259 eyni m\u0259rt\u0259b\u0259d\u0259 yerl\u0259\u015f\u0259n \u201cR\u0130TM-C\u201d kompyuter kursuna g\u0259l\u0259nl\u0259r \u201c\u018fkin\u00e7i\u201d q\u0259zetinin h\u0259r n\u00f6mr\u0259si il\u0259 yax\u0131ndan tan\u0131\u015f olurlar.<\/p>\n<figure id=\"attachment_16336\" aria-describedby=\"caption-attachment-16336\" style=\"width: 518px\" class=\"wp-caption aligncenter\"><a href=\"http:\/\/www.zerdab.com\/wp-content\/uploads\/2014\/07\/Zerdab-rayonu11.jpg\"><img loading=\"lazy\" decoding=\"async\" class=\"size-full wp-image-16336\" src=\"http:\/\/www.zerdab.com\/wp-content\/uploads\/2014\/07\/Zerdab-rayonu11.jpg\" alt=\"Samir M\u0259mm\u0259dov \" width=\"518\" height=\"346\" \/><\/a><figcaption id=\"caption-attachment-16336\" class=\"wp-caption-text\"><span style=\"color: #0000ff;\"><strong>Samir M\u0259mm\u0259dov &#8211; Siz onu Zerdab.com sayt\u0131ndan istedadl\u0131 fotoqraf kimi tan\u0131y\u0131rs\u0131n\u0131z.<\/strong><\/span><\/figcaption><\/figure>\n<p>5. Samir M\u0259mm\u0259dov &#8211; Siz onu sevimli Zerdab.com sayt\u0131ndan istedadl\u0131 bir fotoqraf kimi d\u0259 tan\u0131y\u0131rs\u0131n\u0131z. Rayon u\u015faq inc\u0259s\u0259n\u0259t m\u0259kt\u0259bind\u0259 musiqi m\u00fc\u0259llimi kimi f\u0259aliyy\u0259t g\u00f6st\u0259r\u0259n g\u0259nc oxucumuz \u201c\u018fkin\u00e7i\u201dnin h\u0259r n\u00f6mr\u0259si il\u0259 yax\u0131ndan maraqlan\u0131r, burada d\u0259rc olunan yaz\u0131lar, verilmi\u015f foto\u015f\u0259kill\u0259r haqq\u0131nda \u00f6z obyektiv fikirl\u0259rini biziml\u0259 b\u00f6l\u00fc\u015f\u00fcr.<\/p>\n<p>Biz d\u0259 \u00f6z n\u00f6vb\u0259mizd\u0259 q\u0259zetimizin bel\u0259 f\u0259al oxucular\u0131n\u0131 qar\u015f\u0131dan g\u0259l\u0259n \u0259ziz bayram\u0131m\u0131z -22 iyul milli jurnalistika g\u00fcn\u00fc m\u00fcnasib\u0259ti il\u0259 \u00fcr\u0259kd\u0259n t\u0259brik ed\u0259r\u0259k onlara olan g\u00f6z\u0259l m\u00fcnasib\u0259timizi Az\u0259rbaycanda ilk pe\u015f\u0259kar region sayt\u0131 -H\u0259s\u0259n b\u0259y Z\u0259rdabi ideyalar\u0131n\u0131 l\u0259yaq\u0259tl\u0259 t\u0259msil ed\u0259n sevimli Zerdab.com oxucular\u0131 il\u0259 b\u00f6l\u00fc\u015fm\u0259k q\u0259rar\u0131na g\u0259ldik.<\/p>\n<p><span style=\"color: #ff0000;\"><strong>BAYRAMIMIZ V\u018f BAYRAMINIZ M\u00dcBAR\u018fK!<\/strong><\/span><\/p>\n<p><span style=\"color: #0000ff;\"><strong>T\u018fRLAN ABDULLAYEVA, \u201c\u018fK\u0130N\u00c7\u0130\u201dN\u0130N M\u00dcXB\u0130R\u0130.<\/strong><\/span><\/p>\n","protected":false},"excerpt":{"rendered":"<p>G\u00f6rk\u0259mli ictimai xadim, b\u00f6y\u00fck maarifp\u0259rv\u0259r, tan\u0131nm\u0131\u015f publisist, pedaqoq v\u0259 t\u0259bi\u0259t\u015f\u00fcnas alim, Az\u0259rbaycan milli teatr\u0131n\u0131n v\u0259 milli m\u0259tbuat\u0131n\u0131n banisi H\u0259s\u0259n b\u0259y Z\u0259rdabi 22 iyul 1875 &#8211; 29 sentyabr 1877-ci ill\u0259rd\u0259 \u201c\u018fkin\u00e7i&#8221; q\u0259zetinin n\u0259\u015frin\u0259 nail olmaqla xalq\u0131na \u0259n d\u0259y\u0259rli xidm\u0259tl\u0259rind\u0259n birincisini etmi\u015f oldu. Az\u0259rbaycan\u0131n ilk parlamentinin s\u0259dri, b\u00f6y\u00fck d\u00f6vl\u0259t xadimi, g\u00f6rk\u0259mli jurnalist, \u201cKaspi\u201d q\u0259zetinin redaktoru \u018flim\u0259rdan b\u0259y [&hellip;]<\/p>\n","protected":false},"author":1,"featured_media":3834,"comment_status":"open","ping_status":"open","sticky":false,"template":"","format":"standard","meta":{"footnotes":""},"categories":[20],"tags":[],"class_list":{"0":"post-16334","1":"post","2":"type-post","3":"status-publish","4":"format-standard","5":"has-post-thumbnail","7":"category-kinci-zrdab-ziyali-qzet-tbitsunas"},"yoast_head":"<!-- This site is optimized with the Yoast SEO plugin v27.0 - https:\/\/yoast.com\/product\/yoast-seo-wordpress\/ -->\n<title>&quot;\u018fkin\u00e7i&quot;nin h\u0259r say\u0131n\u0131 sev\u0259-sev\u0259 oxuyurlar - Z\u0259rdab.com<\/title>\n<meta name=\"robots\" content=\"index, follow, max-snippet:-1, max-image-preview:large, max-video-preview:-1\" \/>\n<link rel=\"canonical\" href=\"https:\/\/www.zerdab.com\/?p=16334\" \/>\n<meta property=\"og:locale\" content=\"az_AZ\" \/>\n<meta property=\"og:type\" content=\"article\" \/>\n<meta property=\"og:title\" content=\"&quot;\u018fkin\u00e7i&quot;nin h\u0259r say\u0131n\u0131 sev\u0259-sev\u0259 oxuyurlar - Z\u0259rdab.com\" \/>\n<meta property=\"og:description\" content=\"G\u00f6rk\u0259mli ictimai xadim, b\u00f6y\u00fck maarifp\u0259rv\u0259r, tan\u0131nm\u0131\u015f publisist, pedaqoq v\u0259 t\u0259bi\u0259t\u015f\u00fcnas alim, Az\u0259rbaycan milli teatr\u0131n\u0131n v\u0259 milli m\u0259tbuat\u0131n\u0131n banisi H\u0259s\u0259n b\u0259y Z\u0259rdabi 22 iyul 1875 &#8211; 29 sentyabr 1877-ci ill\u0259rd\u0259 \u201c\u018fkin\u00e7i&#8221; q\u0259zetinin n\u0259\u015frin\u0259 nail olmaqla xalq\u0131na \u0259n d\u0259y\u0259rli xidm\u0259tl\u0259rind\u0259n birincisini etmi\u015f oldu. Az\u0259rbaycan\u0131n ilk parlamentinin s\u0259dri, b\u00f6y\u00fck d\u00f6vl\u0259t xadimi, g\u00f6rk\u0259mli jurnalist, \u201cKaspi\u201d q\u0259zetinin redaktoru \u018flim\u0259rdan b\u0259y [&hellip;]\" \/>\n<meta property=\"og:url\" content=\"https:\/\/www.zerdab.com\/?p=16334\" \/>\n<meta property=\"og:site_name\" content=\"Z\u0259rdab.com\" \/>\n<meta property=\"article:published_time\" content=\"2014-07-07T03:00:31+00:00\" \/>\n<meta property=\"article:modified_time\" content=\"2015-12-17T20:39:09+00:00\" \/>\n<meta property=\"og:image\" content=\"https:\/\/www.zerdab.com\/wp-content\/uploads\/2012\/07\/Millimet01.jpg\" \/>\n\t<meta property=\"og:image:width\" content=\"450\" \/>\n\t<meta property=\"og:image:height\" content=\"300\" \/>\n\t<meta property=\"og:image:type\" content=\"image\/jpeg\" \/>\n<meta name=\"author\" content=\"admin\" \/>\n<meta name=\"twitter:card\" content=\"summary_large_image\" \/>\n<meta name=\"twitter:label1\" content=\"Written by\" \/>\n\t<meta name=\"twitter:data1\" content=\"admin\" \/>\n\t<meta name=\"twitter:label2\" content=\"Est. reading time\" \/>\n\t<meta name=\"twitter:data2\" content=\"6 minutes\" \/>\n<script type=\"application\/ld+json\" class=\"yoast-schema-graph\">{\"@context\":\"https:\/\/schema.org\",\"@graph\":[{\"@type\":\"Article\",\"@id\":\"https:\/\/www.zerdab.com\/?p=16334#article\",\"isPartOf\":{\"@id\":\"https:\/\/www.zerdab.com\/?p=16334\"},\"author\":{\"name\":\"admin\",\"@id\":\"https:\/\/www.zerdab.com\/#\/schema\/person\/97079b7570c1e89ec0d9e138c3672136\"},\"headline\":\"&#8220;\u018fkin\u00e7i&#8221;nin h\u0259r say\u0131n\u0131 sev\u0259-sev\u0259 oxuyurlar\",\"datePublished\":\"2014-07-07T03:00:31+00:00\",\"dateModified\":\"2015-12-17T20:39:09+00:00\",\"mainEntityOfPage\":{\"@id\":\"https:\/\/www.zerdab.com\/?p=16334\"},\"wordCount\":1287,\"commentCount\":46,\"image\":{\"@id\":\"https:\/\/www.zerdab.com\/?p=16334#primaryimage\"},\"thumbnailUrl\":\"https:\/\/www.zerdab.com\/wp-content\/uploads\/2012\/07\/Millimet01.jpg\",\"articleSection\":[\"H\u018fS\u018fN B\u018fY Z\u018fRDAB\u0130\"],\"inLanguage\":\"az\",\"potentialAction\":[{\"@type\":\"CommentAction\",\"name\":\"Comment\",\"target\":[\"https:\/\/www.zerdab.com\/?p=16334#respond\"]}]},{\"@type\":\"WebPage\",\"@id\":\"https:\/\/www.zerdab.com\/?p=16334\",\"url\":\"https:\/\/www.zerdab.com\/?p=16334\",\"name\":\"\\\"\u018fkin\u00e7i\\\"nin h\u0259r say\u0131n\u0131 sev\u0259-sev\u0259 oxuyurlar - Z\u0259rdab.com\",\"isPartOf\":{\"@id\":\"https:\/\/www.zerdab.com\/#website\"},\"primaryImageOfPage\":{\"@id\":\"https:\/\/www.zerdab.com\/?p=16334#primaryimage\"},\"image\":{\"@id\":\"https:\/\/www.zerdab.com\/?p=16334#primaryimage\"},\"thumbnailUrl\":\"https:\/\/www.zerdab.com\/wp-content\/uploads\/2012\/07\/Millimet01.jpg\",\"datePublished\":\"2014-07-07T03:00:31+00:00\",\"dateModified\":\"2015-12-17T20:39:09+00:00\",\"author\":{\"@id\":\"https:\/\/www.zerdab.com\/#\/schema\/person\/97079b7570c1e89ec0d9e138c3672136\"},\"breadcrumb\":{\"@id\":\"https:\/\/www.zerdab.com\/?p=16334#breadcrumb\"},\"inLanguage\":\"az\",\"potentialAction\":[{\"@type\":\"ReadAction\",\"target\":[\"https:\/\/www.zerdab.com\/?p=16334\"]}]},{\"@type\":\"ImageObject\",\"inLanguage\":\"az\",\"@id\":\"https:\/\/www.zerdab.com\/?p=16334#primaryimage\",\"url\":\"https:\/\/www.zerdab.com\/wp-content\/uploads\/2012\/07\/Millimet01.jpg\",\"contentUrl\":\"https:\/\/www.zerdab.com\/wp-content\/uploads\/2012\/07\/Millimet01.jpg\",\"width\":\"450\",\"height\":\"300\",\"caption\":\"\u018fkin\u00e7i q\u0259zeti\"},{\"@type\":\"BreadcrumbList\",\"@id\":\"https:\/\/www.zerdab.com\/?p=16334#breadcrumb\",\"itemListElement\":[{\"@type\":\"ListItem\",\"position\":1,\"name\":\"Home\",\"item\":\"https:\/\/www.zerdab.com\/\"},{\"@type\":\"ListItem\",\"position\":2,\"name\":\"&#8220;\u018fkin\u00e7i&#8221;nin h\u0259r say\u0131n\u0131 sev\u0259-sev\u0259 oxuyurlar\"}]},{\"@type\":\"WebSite\",\"@id\":\"https:\/\/www.zerdab.com\/#website\",\"url\":\"https:\/\/www.zerdab.com\/\",\"name\":\"Z\u0259rdab.com\",\"description\":\"\",\"potentialAction\":[{\"@type\":\"SearchAction\",\"target\":{\"@type\":\"EntryPoint\",\"urlTemplate\":\"https:\/\/www.zerdab.com\/?s={search_term_string}\"},\"query-input\":{\"@type\":\"PropertyValueSpecification\",\"valueRequired\":true,\"valueName\":\"search_term_string\"}}],\"inLanguage\":\"az\"},{\"@type\":\"Person\",\"@id\":\"https:\/\/www.zerdab.com\/#\/schema\/person\/97079b7570c1e89ec0d9e138c3672136\",\"name\":\"admin\",\"image\":{\"@type\":\"ImageObject\",\"inLanguage\":\"az\",\"@id\":\"https:\/\/www.zerdab.com\/#\/schema\/person\/image\/\",\"url\":\"https:\/\/secure.gravatar.com\/avatar\/d9c52a9a27c32119cb6679a077fa3e2779e5f822c451cbf01098004361d466ec?s=96&d=mm&r=g\",\"contentUrl\":\"https:\/\/secure.gravatar.com\/avatar\/d9c52a9a27c32119cb6679a077fa3e2779e5f822c451cbf01098004361d466ec?s=96&d=mm&r=g\",\"caption\":\"admin\"},\"url\":\"https:\/\/www.zerdab.com\/?author=1\"}]}<\/script>\n<!-- \/ Yoast SEO plugin. -->","yoast_head_json":{"title":"\"\u018fkin\u00e7i\"nin h\u0259r say\u0131n\u0131 sev\u0259-sev\u0259 oxuyurlar - Z\u0259rdab.com","robots":{"index":"index","follow":"follow","max-snippet":"max-snippet:-1","max-image-preview":"max-image-preview:large","max-video-preview":"max-video-preview:-1"},"canonical":"https:\/\/www.zerdab.com\/?p=16334","og_locale":"az_AZ","og_type":"article","og_title":"\"\u018fkin\u00e7i\"nin h\u0259r say\u0131n\u0131 sev\u0259-sev\u0259 oxuyurlar - Z\u0259rdab.com","og_description":"G\u00f6rk\u0259mli ictimai xadim, b\u00f6y\u00fck maarifp\u0259rv\u0259r, tan\u0131nm\u0131\u015f publisist, pedaqoq v\u0259 t\u0259bi\u0259t\u015f\u00fcnas alim, Az\u0259rbaycan milli teatr\u0131n\u0131n v\u0259 milli m\u0259tbuat\u0131n\u0131n banisi H\u0259s\u0259n b\u0259y Z\u0259rdabi 22 iyul 1875 &#8211; 29 sentyabr 1877-ci ill\u0259rd\u0259 \u201c\u018fkin\u00e7i&#8221; q\u0259zetinin n\u0259\u015frin\u0259 nail olmaqla xalq\u0131na \u0259n d\u0259y\u0259rli xidm\u0259tl\u0259rind\u0259n birincisini etmi\u015f oldu. Az\u0259rbaycan\u0131n ilk parlamentinin s\u0259dri, b\u00f6y\u00fck d\u00f6vl\u0259t xadimi, g\u00f6rk\u0259mli jurnalist, \u201cKaspi\u201d q\u0259zetinin redaktoru \u018flim\u0259rdan b\u0259y [&hellip;]","og_url":"https:\/\/www.zerdab.com\/?p=16334","og_site_name":"Z\u0259rdab.com","article_published_time":"2014-07-07T03:00:31+00:00","article_modified_time":"2015-12-17T20:39:09+00:00","og_image":[{"width":450,"height":300,"url":"https:\/\/www.zerdab.com\/wp-content\/uploads\/2012\/07\/Millimet01.jpg","type":"image\/jpeg"}],"author":"admin","twitter_card":"summary_large_image","twitter_misc":{"Written by":"admin","Est. reading time":"6 minutes"},"schema":{"@context":"https:\/\/schema.org","@graph":[{"@type":"Article","@id":"https:\/\/www.zerdab.com\/?p=16334#article","isPartOf":{"@id":"https:\/\/www.zerdab.com\/?p=16334"},"author":{"name":"admin","@id":"https:\/\/www.zerdab.com\/#\/schema\/person\/97079b7570c1e89ec0d9e138c3672136"},"headline":"&#8220;\u018fkin\u00e7i&#8221;nin h\u0259r say\u0131n\u0131 sev\u0259-sev\u0259 oxuyurlar","datePublished":"2014-07-07T03:00:31+00:00","dateModified":"2015-12-17T20:39:09+00:00","mainEntityOfPage":{"@id":"https:\/\/www.zerdab.com\/?p=16334"},"wordCount":1287,"commentCount":46,"image":{"@id":"https:\/\/www.zerdab.com\/?p=16334#primaryimage"},"thumbnailUrl":"https:\/\/www.zerdab.com\/wp-content\/uploads\/2012\/07\/Millimet01.jpg","articleSection":["H\u018fS\u018fN B\u018fY Z\u018fRDAB\u0130"],"inLanguage":"az","potentialAction":[{"@type":"CommentAction","name":"Comment","target":["https:\/\/www.zerdab.com\/?p=16334#respond"]}]},{"@type":"WebPage","@id":"https:\/\/www.zerdab.com\/?p=16334","url":"https:\/\/www.zerdab.com\/?p=16334","name":"\"\u018fkin\u00e7i\"nin h\u0259r say\u0131n\u0131 sev\u0259-sev\u0259 oxuyurlar - Z\u0259rdab.com","isPartOf":{"@id":"https:\/\/www.zerdab.com\/#website"},"primaryImageOfPage":{"@id":"https:\/\/www.zerdab.com\/?p=16334#primaryimage"},"image":{"@id":"https:\/\/www.zerdab.com\/?p=16334#primaryimage"},"thumbnailUrl":"https:\/\/www.zerdab.com\/wp-content\/uploads\/2012\/07\/Millimet01.jpg","datePublished":"2014-07-07T03:00:31+00:00","dateModified":"2015-12-17T20:39:09+00:00","author":{"@id":"https:\/\/www.zerdab.com\/#\/schema\/person\/97079b7570c1e89ec0d9e138c3672136"},"breadcrumb":{"@id":"https:\/\/www.zerdab.com\/?p=16334#breadcrumb"},"inLanguage":"az","potentialAction":[{"@type":"ReadAction","target":["https:\/\/www.zerdab.com\/?p=16334"]}]},{"@type":"ImageObject","inLanguage":"az","@id":"https:\/\/www.zerdab.com\/?p=16334#primaryimage","url":"https:\/\/www.zerdab.com\/wp-content\/uploads\/2012\/07\/Millimet01.jpg","contentUrl":"https:\/\/www.zerdab.com\/wp-content\/uploads\/2012\/07\/Millimet01.jpg","width":"450","height":"300","caption":"\u018fkin\u00e7i q\u0259zeti"},{"@type":"BreadcrumbList","@id":"https:\/\/www.zerdab.com\/?p=16334#breadcrumb","itemListElement":[{"@type":"ListItem","position":1,"name":"Home","item":"https:\/\/www.zerdab.com\/"},{"@type":"ListItem","position":2,"name":"&#8220;\u018fkin\u00e7i&#8221;nin h\u0259r say\u0131n\u0131 sev\u0259-sev\u0259 oxuyurlar"}]},{"@type":"WebSite","@id":"https:\/\/www.zerdab.com\/#website","url":"https:\/\/www.zerdab.com\/","name":"Z\u0259rdab.com","description":"","potentialAction":[{"@type":"SearchAction","target":{"@type":"EntryPoint","urlTemplate":"https:\/\/www.zerdab.com\/?s={search_term_string}"},"query-input":{"@type":"PropertyValueSpecification","valueRequired":true,"valueName":"search_term_string"}}],"inLanguage":"az"},{"@type":"Person","@id":"https:\/\/www.zerdab.com\/#\/schema\/person\/97079b7570c1e89ec0d9e138c3672136","name":"admin","image":{"@type":"ImageObject","inLanguage":"az","@id":"https:\/\/www.zerdab.com\/#\/schema\/person\/image\/","url":"https:\/\/secure.gravatar.com\/avatar\/d9c52a9a27c32119cb6679a077fa3e2779e5f822c451cbf01098004361d466ec?s=96&d=mm&r=g","contentUrl":"https:\/\/secure.gravatar.com\/avatar\/d9c52a9a27c32119cb6679a077fa3e2779e5f822c451cbf01098004361d466ec?s=96&d=mm&r=g","caption":"admin"},"url":"https:\/\/www.zerdab.com\/?author=1"}]}},"_links":{"self":[{"href":"https:\/\/www.zerdab.com\/index.php?rest_route=\/wp\/v2\/posts\/16334","targetHints":{"allow":["GET"]}}],"collection":[{"href":"https:\/\/www.zerdab.com\/index.php?rest_route=\/wp\/v2\/posts"}],"about":[{"href":"https:\/\/www.zerdab.com\/index.php?rest_route=\/wp\/v2\/types\/post"}],"author":[{"embeddable":true,"href":"https:\/\/www.zerdab.com\/index.php?rest_route=\/wp\/v2\/users\/1"}],"replies":[{"embeddable":true,"href":"https:\/\/www.zerdab.com\/index.php?rest_route=%2Fwp%2Fv2%2Fcomments&post=16334"}],"version-history":[{"count":3,"href":"https:\/\/www.zerdab.com\/index.php?rest_route=\/wp\/v2\/posts\/16334\/revisions"}],"predecessor-version":[{"id":21769,"href":"https:\/\/www.zerdab.com\/index.php?rest_route=\/wp\/v2\/posts\/16334\/revisions\/21769"}],"wp:featuredmedia":[{"embeddable":true,"href":"https:\/\/www.zerdab.com\/index.php?rest_route=\/wp\/v2\/media\/3834"}],"wp:attachment":[{"href":"https:\/\/www.zerdab.com\/index.php?rest_route=%2Fwp%2Fv2%2Fmedia&parent=16334"}],"wp:term":[{"taxonomy":"category","embeddable":true,"href":"https:\/\/www.zerdab.com\/index.php?rest_route=%2Fwp%2Fv2%2Fcategories&post=16334"},{"taxonomy":"post_tag","embeddable":true,"href":"https:\/\/www.zerdab.com\/index.php?rest_route=%2Fwp%2Fv2%2Ftags&post=16334"}],"curies":[{"name":"wp","href":"https:\/\/api.w.org\/{rel}","templated":true}]}}