{"id":16342,"date":"2014-07-07T07:00:09","date_gmt":"2014-07-07T02:00:09","guid":{"rendered":"http:\/\/www.zerdab.com\/?p=16342"},"modified":"2014-07-06T21:31:47","modified_gmt":"2014-07-06T16:31:47","slug":"g%c9%99ncliy%c9%99-d%c9%99st%c9%99k-ictimai-birliyi-z%c9%99rdabda-t%c9%99lim-kurs-t%c9%99skil-edib","status":"publish","type":"post","link":"https:\/\/www.zerdab.com\/?p=16342","title":{"rendered":"&#8220;G\u0259ncliy\u0259 D\u0259st\u0259k&#8221; \u0130ctimai Birliyi Z\u0259rdabda t\u0259lim-kurs t\u0259\u015fkil edib"},"content":{"rendered":"<p><a href=\"http:\/\/www.zerdab.com\/wp-content\/uploads\/2014\/07\/G\u0259ncliy\u0259-D\u0259st\u0259k-\u0130ctimai-Birliyi.jpg\"><img loading=\"lazy\" decoding=\"async\" class=\"aligncenter size-large wp-image-16343\" alt=\"G\u0259ncliy\u0259 D\u0259st\u0259k \u0130ctimai Birliyi\" src=\"http:\/\/www.zerdab.com\/wp-content\/uploads\/2014\/07\/G\u0259ncliy\u0259-D\u0259st\u0259k-\u0130ctimai-Birliyi-550x412.jpg\" width=\"550\" height=\"412\" \/><\/a>&#8220;G\u0259ncliy\u0259 D\u0259st\u0259k&#8221; \u0130ctimai Birliyi Az\u0259rbaycan Respublikas\u0131n\u0131n Prezidenti yan\u0131nda G\u0259ncl\u0259r Fondunun d\u0259st\u0259yi il\u0259 iyun-sentyabr aylar\u0131nda &#8220;Sosial m\u0259s\u0259l\u0259l\u0259rin h\u0259llind\u0259 region g\u0259ncl\u0259rinin rolunun art\u0131r\u0131lmas\u0131 m\u0259qs\u0259dil\u0259 k\u00f6n\u00fcll\u00fcl\u00fck f\u0259aliyy\u0259tinin t\u0259bli\u011fi&#8221; adl\u0131 layih\u0259 h\u0259yata ke\u00e7irir. Layih\u0259 \u00e7\u0259r\u00e7iv\u0259sind\u0259 Z\u0259rdab \u015f\u0259h\u0259rind\u0259 &#8220;K\u00fcr&#8221; \u015fadl\u0131q saray\u0131nda t\u0259lim-kurs t\u0259\u015fkil olundu.<\/p>\n<p>T\u0259lim-kursda &#8220;G\u0259ncliy\u0259 D\u0259st\u0259k&#8221; \u0130ctimai Birliyinin s\u0259dri Eldar X\u0259lilov layih\u0259nin t\u0259qdimat\u0131n\u0131 etdi, birlik bar\u0259d\u0259 v\u0259 Az\u0259rbaycan Respublikas\u0131n\u0131n Prezidenti yan\u0131nda G\u0259ncl\u0259r Fondu bar\u0259d\u0259 m\u0259lumat verdi. Daha sonra \u00f6lk\u0259d\u0259 u\u011furla icra olunan d\u00f6vl\u0259t g\u0259ncl\u0259r siyas\u0259ti, &#8220;Az\u0259rbaycan g\u0259ncliyi 2011-2015-ci ill\u0259rd\u0259&#8221; D\u00f6vl\u0259t Proqram\u0131 bar\u0259d\u0259 v\u0259 K\u00f6n\u00fcll\u00fcl\u00fck F\u0259aliyy\u0259ti Haqq\u0131nda Az\u0259rbaycan Respublikas\u0131n\u0131n Qanunu haqq\u0131nda m\u0259lumatlar i\u015ftirak\u00e7\u0131lar\u0131n n\u0259z\u0259rin\u0259 \u00e7atd\u0131r\u0131ld\u0131. T\u0259lim\u00e7il\u0259r &#8211; Bab\u0259k v\u0259 \u018fl\u0259kb\u0259r k\u00f6n\u00fcll\u00fcl\u00fck n\u0259dir, k\u00f6n\u00fcll\u00fcl\u00fcy\u00fcn tarixi, k\u00f6n\u00fcll\u00fcy\u00fcn prinsip v\u0259 m\u0259qs\u0259dl\u0259ri, k\u00f6n\u00fcll\u00fcl\u00fckl\u0259 ba\u011fl\u0131 yerli v\u0259 beyn\u0259lxalq t\u0259cr\u00fcb\u0259, k\u00f6n\u00fcll\u00fcl\u00fcy\u00fcn c\u0259miyy\u0259tin inki\u015faf\u0131na t\u00f6vh\u0259si, k\u00f6n\u00fcll\u00fcl\u00fcy\u00fcn g\u0259ncl\u0259rin inki\u015faf\u0131nda v\u0259 karyeras\u0131nda u\u011furu, g\u0259ncl\u0259ri k\u00f6n\u00fcll\u00fc f\u0259aliyy\u0259tl\u0259 sosial m\u0259s\u0259l\u0259rin h\u0259llin\u0259 maraqland\u0131rmaq yollar\u0131 istiqam\u0259tl\u0259rind\u0259 \u00e7\u0131x\u0131\u015flar etdil\u0259r. Sonda g\u0259ncl\u0259rd\u0259n: Ramil, Xamiz v\u0259 ba\u015fqalar\u0131 ke\u00e7dikl\u0259ri k\u00f6n\u00fcll\u00fcl\u00fck f\u0259aliyy\u0259ti bar\u0259d\u0259 m\u0259lumat verdil\u0259r v\u0259 bunun n\u0259tic\u0259sind\u0259 qazand\u0131qlar\u0131 u\u011furlardan dan\u0131\u015fd\u0131lar.<\/p>\n<p>Layih\u0259nin m\u0259qs\u0259di k\u00f6n\u00fcll\u00fc f\u0259aliyy\u0259ti t\u0259bli\u011f etm\u0259kl\u0259, g\u0259ncl\u0259ri bu f\u0259aliy\u0259t\u0259 c\u0259lb etm\u0259k v\u0259 bununla sosial m\u0259s\u0259l\u0259l\u0259rin h\u0259llind\u0259 region g\u0259ncl\u0259rinin rolunun art\u0131r\u0131lmas\u0131na nail olmaqdan ibar\u0259tdir. Layih\u0259 zaman\u0131 13 iyul 2014-c\u00fc il tarixd\u0259 Z\u0259rdab rayonunun \u015e\u0131xba\u011f\u0131 k\u0259ndind\u0259 b\u0259l\u0259diyy\u0259y\u0259 m\u0259xsus futbol meydancas\u0131n\u0131n k\u00f6n\u00fcll\u00fcl\u0259rin i\u015ftirak\u0131 il\u0259 oyuna haz\u0131rlanmas\u0131, Ucar v\u0259 G\u0259d\u0259b\u0259y rayonlar\u0131nda t\u0259liml\u0259rin ke\u00e7irilm\u0259si n\u0259z\u0259rd\u0259 tutulur.<\/p>\n<p><span style=\"color: #0000ff;\">\u00a0<strong>&#8220;G\u0259ncliy\u0259 d\u0259st\u0259k&#8221; \u0130ctimai Birliyinin s\u0259dri Eldar X\u0259lilov<a href=\"http:\/\/www.zerdab.com\/wp-content\/uploads\/2014\/07\/G\u0259ncliy\u0259-D\u0259st\u0259k-\u0130ctimai-Birliyi1.jpg\"><img loading=\"lazy\" decoding=\"async\" class=\"aligncenter size-large wp-image-16344\" alt=\"G\u0259ncliy\u0259 D\u0259st\u0259k \u0130ctimai Birliyi\" src=\"http:\/\/www.zerdab.com\/wp-content\/uploads\/2014\/07\/G\u0259ncliy\u0259-D\u0259st\u0259k-\u0130ctimai-Birliyi1-550x412.jpg\" width=\"550\" height=\"412\" \/><\/a><a href=\"http:\/\/www.zerdab.com\/wp-content\/uploads\/2014\/07\/G\u0259ncliy\u0259-D\u0259st\u0259k-\u0130ctimai-Birliyi2.jpg\"><img loading=\"lazy\" decoding=\"async\" class=\"aligncenter size-large wp-image-16345\" alt=\"G\u0259ncliy\u0259 D\u0259st\u0259k \u0130ctimai Birliyi\" src=\"http:\/\/www.zerdab.com\/wp-content\/uploads\/2014\/07\/G\u0259ncliy\u0259-D\u0259st\u0259k-\u0130ctimai-Birliyi2-550x412.jpg\" width=\"550\" height=\"412\" \/><\/a><\/strong><\/span><\/p>\n","protected":false},"excerpt":{"rendered":"<p>&#8220;G\u0259ncliy\u0259 D\u0259st\u0259k&#8221; \u0130ctimai Birliyi Az\u0259rbaycan Respublikas\u0131n\u0131n Prezidenti yan\u0131nda G\u0259ncl\u0259r Fondunun d\u0259st\u0259yi il\u0259 iyun-sentyabr aylar\u0131nda &#8220;Sosial m\u0259s\u0259l\u0259l\u0259rin h\u0259llind\u0259 region g\u0259ncl\u0259rinin rolunun art\u0131r\u0131lmas\u0131 m\u0259qs\u0259dil\u0259 k\u00f6n\u00fcll\u00fcl\u00fck f\u0259aliyy\u0259tinin t\u0259bli\u011fi&#8221; adl\u0131 layih\u0259 h\u0259yata ke\u00e7irir. Layih\u0259 \u00e7\u0259r\u00e7iv\u0259sind\u0259 Z\u0259rdab \u015f\u0259h\u0259rind\u0259 &#8220;K\u00fcr&#8221; \u015fadl\u0131q saray\u0131nda t\u0259lim-kurs t\u0259\u015fkil olundu. T\u0259lim-kursda &#8220;G\u0259ncliy\u0259 D\u0259st\u0259k&#8221; \u0130ctimai Birliyinin s\u0259dri Eldar X\u0259lilov layih\u0259nin t\u0259qdimat\u0131n\u0131 etdi, birlik bar\u0259d\u0259 v\u0259 Az\u0259rbaycan Respublikas\u0131n\u0131n [&hellip;]<\/p>\n","protected":false},"author":1,"featured_media":0,"comment_status":"open","ping_status":"open","sticky":false,"template":"","format":"standard","meta":{"footnotes":""},"categories":[21],"tags":[],"class_list":{"0":"post-16342","1":"post","2":"type-post","3":"status-publish","4":"format-standard","6":"category-zrdab"},"yoast_head":"<!-- This site is optimized with the Yoast SEO plugin v27.0 - https:\/\/yoast.com\/product\/yoast-seo-wordpress\/ -->\n<title>&quot;G\u0259ncliy\u0259 D\u0259st\u0259k&quot; \u0130ctimai Birliyi Z\u0259rdabda t\u0259lim-kurs t\u0259\u015fkil edib - Z\u0259rdab.com<\/title>\n<meta name=\"robots\" content=\"index, follow, max-snippet:-1, max-image-preview:large, max-video-preview:-1\" \/>\n<link rel=\"canonical\" href=\"https:\/\/www.zerdab.com\/?p=16342\" \/>\n<meta property=\"og:locale\" content=\"az_AZ\" \/>\n<meta property=\"og:type\" content=\"article\" \/>\n<meta property=\"og:title\" content=\"&quot;G\u0259ncliy\u0259 D\u0259st\u0259k&quot; \u0130ctimai Birliyi Z\u0259rdabda t\u0259lim-kurs t\u0259\u015fkil edib - Z\u0259rdab.com\" \/>\n<meta property=\"og:description\" content=\"&#8220;G\u0259ncliy\u0259 D\u0259st\u0259k&#8221; \u0130ctimai Birliyi Az\u0259rbaycan Respublikas\u0131n\u0131n Prezidenti yan\u0131nda G\u0259ncl\u0259r Fondunun d\u0259st\u0259yi il\u0259 iyun-sentyabr aylar\u0131nda &#8220;Sosial m\u0259s\u0259l\u0259l\u0259rin h\u0259llind\u0259 region g\u0259ncl\u0259rinin rolunun art\u0131r\u0131lmas\u0131 m\u0259qs\u0259dil\u0259 k\u00f6n\u00fcll\u00fcl\u00fck f\u0259aliyy\u0259tinin t\u0259bli\u011fi&#8221; adl\u0131 layih\u0259 h\u0259yata ke\u00e7irir. Layih\u0259 \u00e7\u0259r\u00e7iv\u0259sind\u0259 Z\u0259rdab \u015f\u0259h\u0259rind\u0259 &#8220;K\u00fcr&#8221; \u015fadl\u0131q saray\u0131nda t\u0259lim-kurs t\u0259\u015fkil olundu. T\u0259lim-kursda &#8220;G\u0259ncliy\u0259 D\u0259st\u0259k&#8221; \u0130ctimai Birliyinin s\u0259dri Eldar X\u0259lilov layih\u0259nin t\u0259qdimat\u0131n\u0131 etdi, birlik bar\u0259d\u0259 v\u0259 Az\u0259rbaycan Respublikas\u0131n\u0131n [&hellip;]\" \/>\n<meta property=\"og:url\" content=\"https:\/\/www.zerdab.com\/?p=16342\" \/>\n<meta property=\"og:site_name\" content=\"Z\u0259rdab.com\" \/>\n<meta property=\"article:published_time\" content=\"2014-07-07T02:00:09+00:00\" \/>\n<meta name=\"author\" content=\"admin\" \/>\n<meta name=\"twitter:card\" content=\"summary_large_image\" \/>\n<meta name=\"twitter:label1\" content=\"Written by\" \/>\n\t<meta name=\"twitter:data1\" content=\"admin\" \/>\n\t<meta name=\"twitter:label2\" content=\"Est. reading time\" \/>\n\t<meta name=\"twitter:data2\" content=\"2 minutes\" \/>\n<script type=\"application\/ld+json\" class=\"yoast-schema-graph\">{\"@context\":\"https:\/\/schema.org\",\"@graph\":[{\"@type\":\"Article\",\"@id\":\"https:\/\/www.zerdab.com\/?p=16342#article\",\"isPartOf\":{\"@id\":\"https:\/\/www.zerdab.com\/?p=16342\"},\"author\":{\"name\":\"admin\",\"@id\":\"https:\/\/www.zerdab.com\/#\/schema\/person\/97079b7570c1e89ec0d9e138c3672136\"},\"headline\":\"&#8220;G\u0259ncliy\u0259 D\u0259st\u0259k&#8221; \u0130ctimai Birliyi Z\u0259rdabda t\u0259lim-kurs t\u0259\u015fkil edib\",\"datePublished\":\"2014-07-07T02:00:09+00:00\",\"mainEntityOfPage\":{\"@id\":\"https:\/\/www.zerdab.com\/?p=16342\"},\"wordCount\":456,\"commentCount\":0,\"articleSection\":[\"C\u018fM\u0130YY\u018fT\"],\"inLanguage\":\"az\",\"potentialAction\":[{\"@type\":\"CommentAction\",\"name\":\"Comment\",\"target\":[\"https:\/\/www.zerdab.com\/?p=16342#respond\"]}]},{\"@type\":\"WebPage\",\"@id\":\"https:\/\/www.zerdab.com\/?p=16342\",\"url\":\"https:\/\/www.zerdab.com\/?p=16342\",\"name\":\"\\\"G\u0259ncliy\u0259 D\u0259st\u0259k\\\" \u0130ctimai Birliyi Z\u0259rdabda t\u0259lim-kurs t\u0259\u015fkil edib - Z\u0259rdab.com\",\"isPartOf\":{\"@id\":\"https:\/\/www.zerdab.com\/#website\"},\"datePublished\":\"2014-07-07T02:00:09+00:00\",\"author\":{\"@id\":\"https:\/\/www.zerdab.com\/#\/schema\/person\/97079b7570c1e89ec0d9e138c3672136\"},\"breadcrumb\":{\"@id\":\"https:\/\/www.zerdab.com\/?p=16342#breadcrumb\"},\"inLanguage\":\"az\",\"potentialAction\":[{\"@type\":\"ReadAction\",\"target\":[\"https:\/\/www.zerdab.com\/?p=16342\"]}]},{\"@type\":\"BreadcrumbList\",\"@id\":\"https:\/\/www.zerdab.com\/?p=16342#breadcrumb\",\"itemListElement\":[{\"@type\":\"ListItem\",\"position\":1,\"name\":\"Home\",\"item\":\"https:\/\/www.zerdab.com\/\"},{\"@type\":\"ListItem\",\"position\":2,\"name\":\"&#8220;G\u0259ncliy\u0259 D\u0259st\u0259k&#8221; \u0130ctimai Birliyi Z\u0259rdabda t\u0259lim-kurs t\u0259\u015fkil edib\"}]},{\"@type\":\"WebSite\",\"@id\":\"https:\/\/www.zerdab.com\/#website\",\"url\":\"https:\/\/www.zerdab.com\/\",\"name\":\"Z\u0259rdab.com\",\"description\":\"\",\"potentialAction\":[{\"@type\":\"SearchAction\",\"target\":{\"@type\":\"EntryPoint\",\"urlTemplate\":\"https:\/\/www.zerdab.com\/?s={search_term_string}\"},\"query-input\":{\"@type\":\"PropertyValueSpecification\",\"valueRequired\":true,\"valueName\":\"search_term_string\"}}],\"inLanguage\":\"az\"},{\"@type\":\"Person\",\"@id\":\"https:\/\/www.zerdab.com\/#\/schema\/person\/97079b7570c1e89ec0d9e138c3672136\",\"name\":\"admin\",\"image\":{\"@type\":\"ImageObject\",\"inLanguage\":\"az\",\"@id\":\"https:\/\/www.zerdab.com\/#\/schema\/person\/image\/\",\"url\":\"https:\/\/secure.gravatar.com\/avatar\/d9c52a9a27c32119cb6679a077fa3e2779e5f822c451cbf01098004361d466ec?s=96&d=mm&r=g\",\"contentUrl\":\"https:\/\/secure.gravatar.com\/avatar\/d9c52a9a27c32119cb6679a077fa3e2779e5f822c451cbf01098004361d466ec?s=96&d=mm&r=g\",\"caption\":\"admin\"},\"url\":\"https:\/\/www.zerdab.com\/?author=1\"}]}<\/script>\n<!-- \/ Yoast SEO plugin. -->","yoast_head_json":{"title":"\"G\u0259ncliy\u0259 D\u0259st\u0259k\" \u0130ctimai Birliyi Z\u0259rdabda t\u0259lim-kurs t\u0259\u015fkil edib - Z\u0259rdab.com","robots":{"index":"index","follow":"follow","max-snippet":"max-snippet:-1","max-image-preview":"max-image-preview:large","max-video-preview":"max-video-preview:-1"},"canonical":"https:\/\/www.zerdab.com\/?p=16342","og_locale":"az_AZ","og_type":"article","og_title":"\"G\u0259ncliy\u0259 D\u0259st\u0259k\" \u0130ctimai Birliyi Z\u0259rdabda t\u0259lim-kurs t\u0259\u015fkil edib - Z\u0259rdab.com","og_description":"&#8220;G\u0259ncliy\u0259 D\u0259st\u0259k&#8221; \u0130ctimai Birliyi Az\u0259rbaycan Respublikas\u0131n\u0131n Prezidenti yan\u0131nda G\u0259ncl\u0259r Fondunun d\u0259st\u0259yi il\u0259 iyun-sentyabr aylar\u0131nda &#8220;Sosial m\u0259s\u0259l\u0259l\u0259rin h\u0259llind\u0259 region g\u0259ncl\u0259rinin rolunun art\u0131r\u0131lmas\u0131 m\u0259qs\u0259dil\u0259 k\u00f6n\u00fcll\u00fcl\u00fck f\u0259aliyy\u0259tinin t\u0259bli\u011fi&#8221; adl\u0131 layih\u0259 h\u0259yata ke\u00e7irir. Layih\u0259 \u00e7\u0259r\u00e7iv\u0259sind\u0259 Z\u0259rdab \u015f\u0259h\u0259rind\u0259 &#8220;K\u00fcr&#8221; \u015fadl\u0131q saray\u0131nda t\u0259lim-kurs t\u0259\u015fkil olundu. T\u0259lim-kursda &#8220;G\u0259ncliy\u0259 D\u0259st\u0259k&#8221; \u0130ctimai Birliyinin s\u0259dri Eldar X\u0259lilov layih\u0259nin t\u0259qdimat\u0131n\u0131 etdi, birlik bar\u0259d\u0259 v\u0259 Az\u0259rbaycan Respublikas\u0131n\u0131n [&hellip;]","og_url":"https:\/\/www.zerdab.com\/?p=16342","og_site_name":"Z\u0259rdab.com","article_published_time":"2014-07-07T02:00:09+00:00","author":"admin","twitter_card":"summary_large_image","twitter_misc":{"Written by":"admin","Est. reading time":"2 minutes"},"schema":{"@context":"https:\/\/schema.org","@graph":[{"@type":"Article","@id":"https:\/\/www.zerdab.com\/?p=16342#article","isPartOf":{"@id":"https:\/\/www.zerdab.com\/?p=16342"},"author":{"name":"admin","@id":"https:\/\/www.zerdab.com\/#\/schema\/person\/97079b7570c1e89ec0d9e138c3672136"},"headline":"&#8220;G\u0259ncliy\u0259 D\u0259st\u0259k&#8221; \u0130ctimai Birliyi Z\u0259rdabda t\u0259lim-kurs t\u0259\u015fkil edib","datePublished":"2014-07-07T02:00:09+00:00","mainEntityOfPage":{"@id":"https:\/\/www.zerdab.com\/?p=16342"},"wordCount":456,"commentCount":0,"articleSection":["C\u018fM\u0130YY\u018fT"],"inLanguage":"az","potentialAction":[{"@type":"CommentAction","name":"Comment","target":["https:\/\/www.zerdab.com\/?p=16342#respond"]}]},{"@type":"WebPage","@id":"https:\/\/www.zerdab.com\/?p=16342","url":"https:\/\/www.zerdab.com\/?p=16342","name":"\"G\u0259ncliy\u0259 D\u0259st\u0259k\" \u0130ctimai Birliyi Z\u0259rdabda t\u0259lim-kurs t\u0259\u015fkil edib - Z\u0259rdab.com","isPartOf":{"@id":"https:\/\/www.zerdab.com\/#website"},"datePublished":"2014-07-07T02:00:09+00:00","author":{"@id":"https:\/\/www.zerdab.com\/#\/schema\/person\/97079b7570c1e89ec0d9e138c3672136"},"breadcrumb":{"@id":"https:\/\/www.zerdab.com\/?p=16342#breadcrumb"},"inLanguage":"az","potentialAction":[{"@type":"ReadAction","target":["https:\/\/www.zerdab.com\/?p=16342"]}]},{"@type":"BreadcrumbList","@id":"https:\/\/www.zerdab.com\/?p=16342#breadcrumb","itemListElement":[{"@type":"ListItem","position":1,"name":"Home","item":"https:\/\/www.zerdab.com\/"},{"@type":"ListItem","position":2,"name":"&#8220;G\u0259ncliy\u0259 D\u0259st\u0259k&#8221; \u0130ctimai Birliyi Z\u0259rdabda t\u0259lim-kurs t\u0259\u015fkil edib"}]},{"@type":"WebSite","@id":"https:\/\/www.zerdab.com\/#website","url":"https:\/\/www.zerdab.com\/","name":"Z\u0259rdab.com","description":"","potentialAction":[{"@type":"SearchAction","target":{"@type":"EntryPoint","urlTemplate":"https:\/\/www.zerdab.com\/?s={search_term_string}"},"query-input":{"@type":"PropertyValueSpecification","valueRequired":true,"valueName":"search_term_string"}}],"inLanguage":"az"},{"@type":"Person","@id":"https:\/\/www.zerdab.com\/#\/schema\/person\/97079b7570c1e89ec0d9e138c3672136","name":"admin","image":{"@type":"ImageObject","inLanguage":"az","@id":"https:\/\/www.zerdab.com\/#\/schema\/person\/image\/","url":"https:\/\/secure.gravatar.com\/avatar\/d9c52a9a27c32119cb6679a077fa3e2779e5f822c451cbf01098004361d466ec?s=96&d=mm&r=g","contentUrl":"https:\/\/secure.gravatar.com\/avatar\/d9c52a9a27c32119cb6679a077fa3e2779e5f822c451cbf01098004361d466ec?s=96&d=mm&r=g","caption":"admin"},"url":"https:\/\/www.zerdab.com\/?author=1"}]}},"_links":{"self":[{"href":"https:\/\/www.zerdab.com\/index.php?rest_route=\/wp\/v2\/posts\/16342","targetHints":{"allow":["GET"]}}],"collection":[{"href":"https:\/\/www.zerdab.com\/index.php?rest_route=\/wp\/v2\/posts"}],"about":[{"href":"https:\/\/www.zerdab.com\/index.php?rest_route=\/wp\/v2\/types\/post"}],"author":[{"embeddable":true,"href":"https:\/\/www.zerdab.com\/index.php?rest_route=\/wp\/v2\/users\/1"}],"replies":[{"embeddable":true,"href":"https:\/\/www.zerdab.com\/index.php?rest_route=%2Fwp%2Fv2%2Fcomments&post=16342"}],"version-history":[{"count":1,"href":"https:\/\/www.zerdab.com\/index.php?rest_route=\/wp\/v2\/posts\/16342\/revisions"}],"predecessor-version":[{"id":16346,"href":"https:\/\/www.zerdab.com\/index.php?rest_route=\/wp\/v2\/posts\/16342\/revisions\/16346"}],"wp:attachment":[{"href":"https:\/\/www.zerdab.com\/index.php?rest_route=%2Fwp%2Fv2%2Fmedia&parent=16342"}],"wp:term":[{"taxonomy":"category","embeddable":true,"href":"https:\/\/www.zerdab.com\/index.php?rest_route=%2Fwp%2Fv2%2Fcategories&post=16342"},{"taxonomy":"post_tag","embeddable":true,"href":"https:\/\/www.zerdab.com\/index.php?rest_route=%2Fwp%2Fv2%2Ftags&post=16342"}],"curies":[{"name":"wp","href":"https:\/\/api.w.org\/{rel}","templated":true}]}}