{"id":16349,"date":"2014-07-07T19:22:21","date_gmt":"2014-07-07T14:22:21","guid":{"rendered":"http:\/\/www.zerdab.com\/?p=16349"},"modified":"2014-07-07T19:22:21","modified_gmt":"2014-07-07T14:22:21","slug":"nazirlik-h%c9%99myerlimiz-n%c9%99rmin-camalzad%c9%99y%c9%99-idman-ustasi-d%c9%99r%c9%99c%c9%99si-verdi","status":"publish","type":"post","link":"https:\/\/www.zerdab.com\/?p=16349","title":{"rendered":"Nazirlik h\u0259myerlimiz N\u0259rmin Camalzad\u0259y\u0259 idman ustas\u0131 d\u0259r\u0259c\u0259si verdi"},"content":{"rendered":"<figure id=\"attachment_16352\" aria-describedby=\"caption-attachment-16352\" style=\"width: 550px\" class=\"wp-caption aligncenter\"><a href=\"http:\/\/www.zerdab.com\/wp-content\/uploads\/2014\/07\/N\u0259rmin-Camal1.jpg\"><img loading=\"lazy\" decoding=\"async\" class=\"size-large wp-image-16352\" alt=\"N\u0259rmin Camalzad\u0259\" src=\"http:\/\/www.zerdab.com\/wp-content\/uploads\/2014\/07\/N\u0259rmin-Camal1-550x412.jpg\" width=\"550\" height=\"412\" \/><\/a><figcaption id=\"caption-attachment-16352\" class=\"wp-caption-text\"><span style=\"color: #0000ff;\"><strong>Z\u0259rdab Rayon G\u0259ncl\u0259r v\u0259 \u0130dman \u0130dar\u0259sinin r\u0259isi \u0130lkin \u018fliyev nazir Azad R\u0259himovun imzas\u0131 il\u0259 t\u0259sdiq olunmu\u015f Az\u0259rbaycan Respublikas\u0131n\u0131n &#8220;\u0130DMAN USTASI&#8221; v\u0259siq\u0259sini v\u0259 d\u00f6\u015f ni\u015fan\u0131n\u0131 idman\u00e7\u0131m\u0131za t\u0259qdim ed\u0259rk\u0259n.<\/strong><\/span><\/figcaption><\/figure>\n<p><span style=\"font-size: 14px; line-height: 1.5em;\">D\u0259f\u0259l\u0259rl\u0259 Avropa v\u0259 d\u00fcnya cempionu olmu\u015f, Karatenin VKC n\u00f6v\u00fc \u00fczr\u0259 idman ustal\u0131\u011f\u0131na namiz\u0259d h\u0259myerlimiz Camalzad\u0259 N\u0259rmin Akif q\u0131z\u0131na Z\u0259rdab Rayonu G\u0259ncl\u0259r v\u0259 \u0130dman \u0130dar\u0259si r\u0259isinin t\u0259qdimat\u0131na \u0259sas\u0259n, Az\u0259rbaycan Respublikas\u0131 g\u0259ncl\u0259r v\u0259 idman naziri Azad R\u0259himovun \u0259mri il\u0259 Az\u0259rbaycan Respublikas\u0131n\u0131n &#8220;\u0130DMAN USTASI&#8221; d\u0259r\u0259c\u0259si verilib. Bu m\u00fcnasib\u0259tl\u0259 07 iyul 2014-c\u00fc il tarixd\u0259 Z\u0259rdab Rayon G\u0259ncl\u0259r v\u0259 \u0130dman \u0130dar\u0259sind\u0259 N\u0259rmin Camalzad\u0259 il\u0259 g\u00f6r\u00fc\u015f kecirilib. Zerdab.com x\u0259b\u0259r verir ki, idar\u0259nin r\u0259isi \u0130lkin \u018fliyev nazir Azad R\u0259himovun imzas\u0131 il\u0259 t\u0259sdiq olunmu\u015f Az\u0259rbaycan Respublikas\u0131n\u0131n &#8220;\u0130DMAN USTASI&#8221; v\u0259siq\u0259sini v\u0259 d\u00f6\u015f ni\u015fan\u0131n\u0131 idman\u00e7\u0131m\u0131za t\u0259qdim edib.<\/span><\/p>\n<p>N. Camalzad\u0259 is\u0259 \u00f6z n\u00f6vb\u0259sind\u0259 \u00f6lk\u0259mizd\u0259 g\u0259ncl\u0259r\u0259, o c\u00fcml\u0259d\u0259n idman\u00e7\u0131lara g\u00f6st\u0259ril\u0259n qay\u011f\u0131ya g\u00f6r\u0259 c\u0259nab Prezidentimiz \u0130lham \u018fliyev\u0259 minn\u0259tdarl\u0131q hisl\u0259rini dil\u0259 g\u0259tirib, bu f\u0259xri ad\u0131n ona verilm\u0259sind\u0259 \u0259m\u0259yi olan h\u0259r k\u0259s\u0259 \u00f6z d\u0259rin t\u0259\u015f\u0259kk\u00fcr\u00fcn\u00fc bildirib.<\/p>\n<p>Zerdab.com sayt\u0131 olaraq Z\u0259rdab Rayon G\u0259ncl\u0259r v\u0259 \u0130dman \u0130dar\u0259sinin r\u0259isi \u0130lkin \u018fliyev\u0259 t\u0259\u015f\u0259kk\u00fcr edir, idman\u00e7\u0131m\u0131z\u0131 is\u0259 bu u\u011fur m\u00fcnasib\u0259ti il\u0259 t\u0259brik edirik. \u0130nan\u0131r\u0131q ki, N\u0259rmin Camal bundan sonra da ke\u00e7irdiyi d\u00f6y\u00fc\u015fl\u0259rd\u0259 \u00f6lk\u0259mizi v\u0259 rayonumuzu \u015f\u0259r\u0259fl\u0259 t\u0259msil ed\u0259c\u0259k, yeni-yeni qalibiyy\u0259tl\u0259r\u0259 imza atacaq.<\/p>\n<p>Zerdab.com<a href=\"http:\/\/www.zerdab.com\/wp-content\/uploads\/2014\/07\/N\u0259rmin-Camal.jpg\"><img loading=\"lazy\" decoding=\"async\" class=\"aligncenter size-large wp-image-16351\" alt=\"N\u0259rmin Camalzad\u0259\" src=\"http:\/\/www.zerdab.com\/wp-content\/uploads\/2014\/07\/N\u0259rmin-Camal-550x412.jpg\" width=\"550\" height=\"412\" \/><\/a><a href=\"http:\/\/www.zerdab.com\/wp-content\/uploads\/2014\/07\/N\u0259rmin-Camal2.jpg\"><img loading=\"lazy\" decoding=\"async\" class=\"aligncenter size-large wp-image-16350\" alt=\"N\u0259rmin Camalzad\u0259\" src=\"http:\/\/www.zerdab.com\/wp-content\/uploads\/2014\/07\/N\u0259rmin-Camal2-550x412.jpg\" width=\"550\" height=\"412\" \/><\/a><\/p>\n","protected":false},"excerpt":{"rendered":"<p>D\u0259f\u0259l\u0259rl\u0259 Avropa v\u0259 d\u00fcnya cempionu olmu\u015f, Karatenin VKC n\u00f6v\u00fc \u00fczr\u0259 idman ustal\u0131\u011f\u0131na namiz\u0259d h\u0259myerlimiz Camalzad\u0259 N\u0259rmin Akif q\u0131z\u0131na Z\u0259rdab Rayonu G\u0259ncl\u0259r v\u0259 \u0130dman \u0130dar\u0259si r\u0259isinin t\u0259qdimat\u0131na \u0259sas\u0259n, Az\u0259rbaycan Respublikas\u0131 g\u0259ncl\u0259r v\u0259 idman naziri Azad R\u0259himovun \u0259mri il\u0259 Az\u0259rbaycan Respublikas\u0131n\u0131n &#8220;\u0130DMAN USTASI&#8221; d\u0259r\u0259c\u0259si verilib. Bu m\u00fcnasib\u0259tl\u0259 07 iyul 2014-c\u00fc il tarixd\u0259 Z\u0259rdab Rayon G\u0259ncl\u0259r v\u0259 \u0130dman [&hellip;]<\/p>\n","protected":false},"author":1,"featured_media":0,"comment_status":"open","ping_status":"open","sticky":false,"template":"","format":"standard","meta":{"footnotes":""},"categories":[21],"tags":[],"class_list":{"0":"post-16349","1":"post","2":"type-post","3":"status-publish","4":"format-standard","6":"category-zrdab"},"yoast_head":"<!-- This site is optimized with the Yoast SEO plugin v27.0 - https:\/\/yoast.com\/product\/yoast-seo-wordpress\/ -->\n<title>Nazirlik h\u0259myerlimiz N\u0259rmin Camalzad\u0259y\u0259 idman ustas\u0131 d\u0259r\u0259c\u0259si verdi - Z\u0259rdab.com<\/title>\n<meta name=\"robots\" content=\"index, follow, max-snippet:-1, max-image-preview:large, max-video-preview:-1\" \/>\n<link rel=\"canonical\" href=\"https:\/\/www.zerdab.com\/?p=16349\" \/>\n<meta property=\"og:locale\" content=\"az_AZ\" \/>\n<meta property=\"og:type\" content=\"article\" \/>\n<meta property=\"og:title\" content=\"Nazirlik h\u0259myerlimiz N\u0259rmin Camalzad\u0259y\u0259 idman ustas\u0131 d\u0259r\u0259c\u0259si verdi - Z\u0259rdab.com\" \/>\n<meta property=\"og:description\" content=\"D\u0259f\u0259l\u0259rl\u0259 Avropa v\u0259 d\u00fcnya cempionu olmu\u015f, Karatenin VKC n\u00f6v\u00fc \u00fczr\u0259 idman ustal\u0131\u011f\u0131na namiz\u0259d h\u0259myerlimiz Camalzad\u0259 N\u0259rmin Akif q\u0131z\u0131na Z\u0259rdab Rayonu G\u0259ncl\u0259r v\u0259 \u0130dman \u0130dar\u0259si r\u0259isinin t\u0259qdimat\u0131na \u0259sas\u0259n, Az\u0259rbaycan Respublikas\u0131 g\u0259ncl\u0259r v\u0259 idman naziri Azad R\u0259himovun \u0259mri il\u0259 Az\u0259rbaycan Respublikas\u0131n\u0131n &#8220;\u0130DMAN USTASI&#8221; d\u0259r\u0259c\u0259si verilib. Bu m\u00fcnasib\u0259tl\u0259 07 iyul 2014-c\u00fc il tarixd\u0259 Z\u0259rdab Rayon G\u0259ncl\u0259r v\u0259 \u0130dman [&hellip;]\" \/>\n<meta property=\"og:url\" content=\"https:\/\/www.zerdab.com\/?p=16349\" \/>\n<meta property=\"og:site_name\" content=\"Z\u0259rdab.com\" \/>\n<meta property=\"article:published_time\" content=\"2014-07-07T14:22:21+00:00\" \/>\n<meta name=\"author\" content=\"admin\" \/>\n<meta name=\"twitter:card\" content=\"summary_large_image\" \/>\n<meta name=\"twitter:label1\" content=\"Written by\" \/>\n\t<meta name=\"twitter:data1\" content=\"admin\" \/>\n\t<meta name=\"twitter:label2\" content=\"Est. reading time\" \/>\n\t<meta name=\"twitter:data2\" content=\"2 minutes\" \/>\n<script type=\"application\/ld+json\" class=\"yoast-schema-graph\">{\"@context\":\"https:\/\/schema.org\",\"@graph\":[{\"@type\":\"Article\",\"@id\":\"https:\/\/www.zerdab.com\/?p=16349#article\",\"isPartOf\":{\"@id\":\"https:\/\/www.zerdab.com\/?p=16349\"},\"author\":{\"name\":\"admin\",\"@id\":\"https:\/\/www.zerdab.com\/#\/schema\/person\/97079b7570c1e89ec0d9e138c3672136\"},\"headline\":\"Nazirlik h\u0259myerlimiz N\u0259rmin Camalzad\u0259y\u0259 idman ustas\u0131 d\u0259r\u0259c\u0259si verdi\",\"datePublished\":\"2014-07-07T14:22:21+00:00\",\"mainEntityOfPage\":{\"@id\":\"https:\/\/www.zerdab.com\/?p=16349\"},\"wordCount\":341,\"commentCount\":7,\"articleSection\":[\"C\u018fM\u0130YY\u018fT\"],\"inLanguage\":\"az\",\"potentialAction\":[{\"@type\":\"CommentAction\",\"name\":\"Comment\",\"target\":[\"https:\/\/www.zerdab.com\/?p=16349#respond\"]}]},{\"@type\":\"WebPage\",\"@id\":\"https:\/\/www.zerdab.com\/?p=16349\",\"url\":\"https:\/\/www.zerdab.com\/?p=16349\",\"name\":\"Nazirlik h\u0259myerlimiz N\u0259rmin Camalzad\u0259y\u0259 idman ustas\u0131 d\u0259r\u0259c\u0259si verdi - Z\u0259rdab.com\",\"isPartOf\":{\"@id\":\"https:\/\/www.zerdab.com\/#website\"},\"datePublished\":\"2014-07-07T14:22:21+00:00\",\"author\":{\"@id\":\"https:\/\/www.zerdab.com\/#\/schema\/person\/97079b7570c1e89ec0d9e138c3672136\"},\"breadcrumb\":{\"@id\":\"https:\/\/www.zerdab.com\/?p=16349#breadcrumb\"},\"inLanguage\":\"az\",\"potentialAction\":[{\"@type\":\"ReadAction\",\"target\":[\"https:\/\/www.zerdab.com\/?p=16349\"]}]},{\"@type\":\"BreadcrumbList\",\"@id\":\"https:\/\/www.zerdab.com\/?p=16349#breadcrumb\",\"itemListElement\":[{\"@type\":\"ListItem\",\"position\":1,\"name\":\"Home\",\"item\":\"https:\/\/www.zerdab.com\/\"},{\"@type\":\"ListItem\",\"position\":2,\"name\":\"Nazirlik h\u0259myerlimiz N\u0259rmin Camalzad\u0259y\u0259 idman ustas\u0131 d\u0259r\u0259c\u0259si verdi\"}]},{\"@type\":\"WebSite\",\"@id\":\"https:\/\/www.zerdab.com\/#website\",\"url\":\"https:\/\/www.zerdab.com\/\",\"name\":\"Z\u0259rdab.com\",\"description\":\"\",\"potentialAction\":[{\"@type\":\"SearchAction\",\"target\":{\"@type\":\"EntryPoint\",\"urlTemplate\":\"https:\/\/www.zerdab.com\/?s={search_term_string}\"},\"query-input\":{\"@type\":\"PropertyValueSpecification\",\"valueRequired\":true,\"valueName\":\"search_term_string\"}}],\"inLanguage\":\"az\"},{\"@type\":\"Person\",\"@id\":\"https:\/\/www.zerdab.com\/#\/schema\/person\/97079b7570c1e89ec0d9e138c3672136\",\"name\":\"admin\",\"image\":{\"@type\":\"ImageObject\",\"inLanguage\":\"az\",\"@id\":\"https:\/\/www.zerdab.com\/#\/schema\/person\/image\/\",\"url\":\"https:\/\/secure.gravatar.com\/avatar\/d9c52a9a27c32119cb6679a077fa3e2779e5f822c451cbf01098004361d466ec?s=96&d=mm&r=g\",\"contentUrl\":\"https:\/\/secure.gravatar.com\/avatar\/d9c52a9a27c32119cb6679a077fa3e2779e5f822c451cbf01098004361d466ec?s=96&d=mm&r=g\",\"caption\":\"admin\"},\"url\":\"https:\/\/www.zerdab.com\/?author=1\"}]}<\/script>\n<!-- \/ Yoast SEO plugin. -->","yoast_head_json":{"title":"Nazirlik h\u0259myerlimiz N\u0259rmin Camalzad\u0259y\u0259 idman ustas\u0131 d\u0259r\u0259c\u0259si verdi - Z\u0259rdab.com","robots":{"index":"index","follow":"follow","max-snippet":"max-snippet:-1","max-image-preview":"max-image-preview:large","max-video-preview":"max-video-preview:-1"},"canonical":"https:\/\/www.zerdab.com\/?p=16349","og_locale":"az_AZ","og_type":"article","og_title":"Nazirlik h\u0259myerlimiz N\u0259rmin Camalzad\u0259y\u0259 idman ustas\u0131 d\u0259r\u0259c\u0259si verdi - Z\u0259rdab.com","og_description":"D\u0259f\u0259l\u0259rl\u0259 Avropa v\u0259 d\u00fcnya cempionu olmu\u015f, Karatenin VKC n\u00f6v\u00fc \u00fczr\u0259 idman ustal\u0131\u011f\u0131na namiz\u0259d h\u0259myerlimiz Camalzad\u0259 N\u0259rmin Akif q\u0131z\u0131na Z\u0259rdab Rayonu G\u0259ncl\u0259r v\u0259 \u0130dman \u0130dar\u0259si r\u0259isinin t\u0259qdimat\u0131na \u0259sas\u0259n, Az\u0259rbaycan Respublikas\u0131 g\u0259ncl\u0259r v\u0259 idman naziri Azad R\u0259himovun \u0259mri il\u0259 Az\u0259rbaycan Respublikas\u0131n\u0131n &#8220;\u0130DMAN USTASI&#8221; d\u0259r\u0259c\u0259si verilib. Bu m\u00fcnasib\u0259tl\u0259 07 iyul 2014-c\u00fc il tarixd\u0259 Z\u0259rdab Rayon G\u0259ncl\u0259r v\u0259 \u0130dman [&hellip;]","og_url":"https:\/\/www.zerdab.com\/?p=16349","og_site_name":"Z\u0259rdab.com","article_published_time":"2014-07-07T14:22:21+00:00","author":"admin","twitter_card":"summary_large_image","twitter_misc":{"Written by":"admin","Est. reading time":"2 minutes"},"schema":{"@context":"https:\/\/schema.org","@graph":[{"@type":"Article","@id":"https:\/\/www.zerdab.com\/?p=16349#article","isPartOf":{"@id":"https:\/\/www.zerdab.com\/?p=16349"},"author":{"name":"admin","@id":"https:\/\/www.zerdab.com\/#\/schema\/person\/97079b7570c1e89ec0d9e138c3672136"},"headline":"Nazirlik h\u0259myerlimiz N\u0259rmin Camalzad\u0259y\u0259 idman ustas\u0131 d\u0259r\u0259c\u0259si verdi","datePublished":"2014-07-07T14:22:21+00:00","mainEntityOfPage":{"@id":"https:\/\/www.zerdab.com\/?p=16349"},"wordCount":341,"commentCount":7,"articleSection":["C\u018fM\u0130YY\u018fT"],"inLanguage":"az","potentialAction":[{"@type":"CommentAction","name":"Comment","target":["https:\/\/www.zerdab.com\/?p=16349#respond"]}]},{"@type":"WebPage","@id":"https:\/\/www.zerdab.com\/?p=16349","url":"https:\/\/www.zerdab.com\/?p=16349","name":"Nazirlik h\u0259myerlimiz N\u0259rmin Camalzad\u0259y\u0259 idman ustas\u0131 d\u0259r\u0259c\u0259si verdi - Z\u0259rdab.com","isPartOf":{"@id":"https:\/\/www.zerdab.com\/#website"},"datePublished":"2014-07-07T14:22:21+00:00","author":{"@id":"https:\/\/www.zerdab.com\/#\/schema\/person\/97079b7570c1e89ec0d9e138c3672136"},"breadcrumb":{"@id":"https:\/\/www.zerdab.com\/?p=16349#breadcrumb"},"inLanguage":"az","potentialAction":[{"@type":"ReadAction","target":["https:\/\/www.zerdab.com\/?p=16349"]}]},{"@type":"BreadcrumbList","@id":"https:\/\/www.zerdab.com\/?p=16349#breadcrumb","itemListElement":[{"@type":"ListItem","position":1,"name":"Home","item":"https:\/\/www.zerdab.com\/"},{"@type":"ListItem","position":2,"name":"Nazirlik h\u0259myerlimiz N\u0259rmin Camalzad\u0259y\u0259 idman ustas\u0131 d\u0259r\u0259c\u0259si verdi"}]},{"@type":"WebSite","@id":"https:\/\/www.zerdab.com\/#website","url":"https:\/\/www.zerdab.com\/","name":"Z\u0259rdab.com","description":"","potentialAction":[{"@type":"SearchAction","target":{"@type":"EntryPoint","urlTemplate":"https:\/\/www.zerdab.com\/?s={search_term_string}"},"query-input":{"@type":"PropertyValueSpecification","valueRequired":true,"valueName":"search_term_string"}}],"inLanguage":"az"},{"@type":"Person","@id":"https:\/\/www.zerdab.com\/#\/schema\/person\/97079b7570c1e89ec0d9e138c3672136","name":"admin","image":{"@type":"ImageObject","inLanguage":"az","@id":"https:\/\/www.zerdab.com\/#\/schema\/person\/image\/","url":"https:\/\/secure.gravatar.com\/avatar\/d9c52a9a27c32119cb6679a077fa3e2779e5f822c451cbf01098004361d466ec?s=96&d=mm&r=g","contentUrl":"https:\/\/secure.gravatar.com\/avatar\/d9c52a9a27c32119cb6679a077fa3e2779e5f822c451cbf01098004361d466ec?s=96&d=mm&r=g","caption":"admin"},"url":"https:\/\/www.zerdab.com\/?author=1"}]}},"_links":{"self":[{"href":"https:\/\/www.zerdab.com\/index.php?rest_route=\/wp\/v2\/posts\/16349","targetHints":{"allow":["GET"]}}],"collection":[{"href":"https:\/\/www.zerdab.com\/index.php?rest_route=\/wp\/v2\/posts"}],"about":[{"href":"https:\/\/www.zerdab.com\/index.php?rest_route=\/wp\/v2\/types\/post"}],"author":[{"embeddable":true,"href":"https:\/\/www.zerdab.com\/index.php?rest_route=\/wp\/v2\/users\/1"}],"replies":[{"embeddable":true,"href":"https:\/\/www.zerdab.com\/index.php?rest_route=%2Fwp%2Fv2%2Fcomments&post=16349"}],"version-history":[{"count":1,"href":"https:\/\/www.zerdab.com\/index.php?rest_route=\/wp\/v2\/posts\/16349\/revisions"}],"predecessor-version":[{"id":16354,"href":"https:\/\/www.zerdab.com\/index.php?rest_route=\/wp\/v2\/posts\/16349\/revisions\/16354"}],"wp:attachment":[{"href":"https:\/\/www.zerdab.com\/index.php?rest_route=%2Fwp%2Fv2%2Fmedia&parent=16349"}],"wp:term":[{"taxonomy":"category","embeddable":true,"href":"https:\/\/www.zerdab.com\/index.php?rest_route=%2Fwp%2Fv2%2Fcategories&post=16349"},{"taxonomy":"post_tag","embeddable":true,"href":"https:\/\/www.zerdab.com\/index.php?rest_route=%2Fwp%2Fv2%2Ftags&post=16349"}],"curies":[{"name":"wp","href":"https:\/\/api.w.org\/{rel}","templated":true}]}}