{"id":16385,"date":"2014-07-11T12:45:09","date_gmt":"2014-07-11T07:45:09","guid":{"rendered":"http:\/\/www.zerdab.com\/?p=16385"},"modified":"2014-07-11T12:48:56","modified_gmt":"2014-07-11T07:48:56","slug":"z%c9%99rdabda-moht%c9%99s%c9%99m-t%c9%99dbir-kecirildi-fotolar","status":"publish","type":"post","link":"https:\/\/www.zerdab.com\/?p=16385","title":{"rendered":"Z\u0259rdabda m\u00f6ht\u0259\u015f\u0259m t\u0259dbir ke\u00e7irildi &#8211; FOTOLAR"},"content":{"rendered":"<p align=\"center\"><span style=\"color: #0000ff;\"><strong><span style=\"font-size: 14px; line-height: 1.5em;\"><a href=\"http:\/\/www.zerdab.com\/wp-content\/uploads\/2014\/07\/Z\u0259rdab6.jpg\"><img loading=\"lazy\" decoding=\"async\" class=\"aligncenter size-large wp-image-16393\" alt=\"Z\u0259rdab\" src=\"http:\/\/www.zerdab.com\/wp-content\/uploads\/2014\/07\/Z\u0259rdab6-550x365.jpg\" width=\"550\" height=\"365\" \/><\/a>M\u00fcdafi\u0259 Nazirliyi v\u0259 Z\u0259rdab Rayon \u0130cra Hakimiyy\u0259tinin birg\u0259 t\u0259\u015fkilat\u00e7\u0131l\u0131\u011f\u0131 il\u0259 t\u0259dbir ke\u00e7irildi.<\/span><\/strong><\/span><\/p>\n<p>Bu g\u00fcnl\u0259rd\u0259 respublikan\u0131n b\u00fct\u00fcn \u015f\u0259h\u0259r v\u0259 rayonlar\u0131nda, Silahl\u0131 Q\u00fcvv\u0259l\u0259rin \u018flahidd\u0259 \u00dcmumqo\u015fun Ordusu, birlik, birl\u0259\u015fm\u0259 v\u0259 h\u0259rbi hiss\u0259l\u0259rind\u0259 b\u00f6y\u00fck q\u0259l\u0259b\u0259lik vard\u0131r. Az\u0259rbaycan Respublikas\u0131 v\u0259t\u0259nda\u015flar\u0131n\u0131n 2014-c\u00fc il iyulun 1-d\u0259n 30-d\u0259k m\u00fcdd\u0259tli h\u0259qiqi h\u0259rbi xidm\u0259t\u0259 \u00e7a\u011f\u0131r\u0131lmas\u0131 v\u0259 m\u00fcdd\u0259tli h\u0259qiqi h\u0259rbi xidm\u0259t h\u0259rbi qulluq\u00e7ular\u0131n\u0131n ehtiyata burax\u0131lmas\u0131 haqq\u0131nda Az\u0259rbaycan Respublikas\u0131 Prezidentinin 2 iyun 2014-c\u00fc il tarixli s\u0259r\u0259ncam\u0131ndan ir\u0259li g\u0259l\u0259n v\u0259zif\u0259l\u0259r u\u011furla h\u0259yata ke\u00e7irilir.<\/p>\n<p>M\u00fcdafi\u0259 Nazirliyi v\u0259 Z\u0259rdab Rayon \u0130cra Hakimiyy\u0259tinin birg\u0259 t\u0259\u015fkilat\u00e7\u0131l\u0131\u011f\u0131 il\u0259 \u201cV\u0259t\u0259n\u0259 xidm\u0259t\u0259 g\u00f6r\u0259 sa\u011f ol!\u201d devizi alt\u0131nda t\u0259\u015fkil olunan t\u0259nt\u0259n\u0259li m\u0259rasim yeni \u0259n\u0259n\u0259 olmaqla yana\u015f\u0131, h\u0259m d\u0259 ordu il\u0259 xalq\u0131n monolit birliyinin t\u0259nt\u0259n\u0259sin\u0259 \u00e7evrilmi\u015fdir.<\/p>\n<p>T\u0259dbir i\u015ftirak\u00e7\u0131lar\u0131, qonaqlar, ordudan ehtiyata burax\u0131lan h\u0259rbi qulluq\u00e7ular v\u0259 m\u00fcdd\u0259tli h\u0259qiqi h\u0259rbi xidm\u0259t\u0259 \u00e7a\u011f\u0131r\u0131lan g\u0259ncl\u0259rin n\u00fcmay\u0259nd\u0259l\u0259ri \u0259vv\u0259lc\u0259 xalq\u0131m\u0131z\u0131n \u00dcmummilli lideri Heyd\u0259r \u018fliyevin m\u00f6ht\u0259\u015f\u0259m abid\u0259si \u00f6n\u00fcn\u0259 g\u00fcl d\u0259st\u0259l\u0259ri qoyaraq Ulu \u00d6nd\u0259rin xatir\u0259sini h\u00f6rm\u0259t v\u0259 ehtiramla yad etdil\u0259r. Heyd\u0259r \u018fliyev M\u0259rk\u0259zinin geni\u015f ekspozisiyas\u0131 il\u0259 tan\u0131\u015fl\u0131q oldu. 1941-1945-ci ill\u0259r B\u00f6y\u00fck V\u0259t\u0259n m\u00fcharib\u0259sind\u0259, Az\u0259rbaycan\u0131n azadl\u0131\u011f\u0131, m\u00fcst\u0259qilliyi v\u0259 \u0259razi b\u00fct\u00f6vl\u00fcy\u00fc u\u011frunda ged\u0259n d\u00f6y\u00fc\u015fl\u0259rd\u0259 \u015f\u0259hid olanlar\u0131n xatir\u0259 kompleksl\u0259ri, Sovet \u0130ttifaq\u0131 Q\u0259hr\u0259man\u0131 M\u0259lik M\u0259h\u0259rr\u0259movun abid\u0259si ziyar\u0259t edildi.<\/p>\n<p>Bayramsaya\u011f\u0131 b\u0259z\u0259dilmi\u015f Heyd\u0259r \u018fliyev park\u0131n\u0131n konsert-tama\u015fa meydan\u0131nda t\u0259nt\u0259n\u0259li m\u0259rasim a\u00e7\u0131q elan edildi. B\u00fct\u00fcn i\u015ftirak\u00e7\u0131lar C\u0259m\u015fid Nax\u00e7\u0131vanski ad\u0131na H\u0259rbi Liseyin orkestrinin m\u00fc\u015fayi\u0259ti il\u0259 Az\u0259rbaycan Respublikas\u0131n\u0131n D\u00f6vl\u0259t Himnini ifa etdil\u0259r.<\/p>\n<p>Z\u0259rdab Rayon \u0130cra Hakimiyy\u0259tinin ba\u015f\u00e7\u0131s\u0131 L\u00fctv\u0259li Babayev qonaqlar\u0131 v\u0259 t\u0259dbir i\u015ftirak\u00e7\u0131lar\u0131n\u0131 z\u0259rdabl\u0131lar ad\u0131ndan salamlayaraq qeyd etdi ki, \u00dcmummilli liderimiz Heyd\u0259r \u018fliyevin \u00f6z\u00fc q\u0259d\u0259r inand\u0131\u011f\u0131 v\u0259 g\u0259l\u0259c\u0259yin\u0259 b\u00f6y\u00fck \u00fcmidl\u0259r b\u0259sl\u0259diyi siyasi varisi m\u00f6ht\u0259r\u0259m Prezidentimiz c\u0259nab \u0130lham \u018fliyevin m\u0259qs\u0259dy\u00f6nl\u00fc r\u0259hb\u0259rliyi alt\u0131nda g\u00fcn\u00fc-g\u00fcnd\u0259n t\u0259r\u0259qqi v\u0259 inki\u015faf ed\u0259n do\u011fma Az\u0259rbaycan\u0131m\u0131z\u0131n bir par\u00e7as\u0131 olan Z\u0259rdabi yurdu da bu g\u00fcnl\u0259r \u015fadl\u0131q v\u0259 sevinc i\u00e7\u0259risind\u0259dir.<\/p>\n<p>D\u00f6vl\u0259timizin ba\u015f\u00e7\u0131s\u0131, Silahl\u0131 Q\u00fcvv\u0259l\u0259rin Ali Ba\u015f Komandan\u0131 c\u0259nab \u0130lham \u018fliyevin Fransada Avropa \u015euras\u0131 Parlament Assambleyas\u0131n\u0131n sessiyas\u0131ndak\u0131 beyn\u0259lxalq al\u0259md\u0259 m\u00fcsb\u0259t m\u0259nada b\u00f6y\u00fck rezonans yaradan, xarici \u00f6lk\u0259l\u0259rin m\u0259tbuat s\u0259hif\u0259l\u0259rind\u0259 geni\u015f yer alan son d\u0259r\u0259c\u0259 c\u0259sar\u0259tli, k\u0259s\u0259rli v\u0259 m\u00fcdrik \u00e7\u0131x\u0131\u015f\u0131 b\u00fct\u00fcn xalq\u0131m\u0131z kimi z\u0259rdabl\u0131lar\u0131n da \u00fcr\u0259yinc\u0259 olmu\u015fdur. C\u0259nab Prezidentin real h\u0259qiq\u0259ti \u0259ks etdir\u0259n \u00e7\u0131x\u0131\u015f\u0131 riyakar, b\u00f6htan\u00e7\u0131 v\u0259 m\u0259krli erm\u0259ni siyas\u0259tinin, xalq\u0131m\u0131za v\u0259 d\u00f6vl\u0259timiz\u0259 d\u00fc\u015fm\u0259n m\u00f6vqed\u0259 dayanan bir qrup q\u00fcvv\u0259l\u0259rin bel s\u00fctununu s\u0131nd\u0131rm\u0131\u015fd\u0131r.<\/p>\n<p>\u00d6lk\u0259 r\u0259hb\u0259rinin bu q\u0259tiyy\u0259tli \u00e7\u0131x\u0131\u015f\u0131 bir daha s\u00fcbut etdi ki, m\u0259hz onun r\u0259hb\u0259rliyi, Ali Ba\u015f Komandanl\u0131\u011f\u0131 il\u0259 tezlikl\u0259 \u0259dal\u0259t z\u0259f\u0259r \u00e7alacaq, i\u015f\u011falda olan torpaqlar\u0131m\u0131z azad edil\u0259c\u0259k v\u0259 bayra\u011f\u0131m\u0131z \u015eu\u015fada, Xank\u0259ndid\u0259 dal\u011falanacaqd\u0131r.<\/p>\n<p>M\u00fcharib\u0259 \u015f\u0259raitind\u0259 ya\u015fayan, torpaqlar\u0131n\u0131n bir hiss\u0259si i\u015f\u011fal edil\u0259n \u00f6lk\u0259mizin h\u0259r yerind\u0259 oldu\u011fu kimi Z\u0259rdabda da v\u0259t\u0259nda\u015flar\u0131n, x\u00fcsusil\u0259 d\u0259 g\u0259ncl\u0259rin h\u0259rbi-v\u0259t\u0259np\u0259rv\u0259rlik t\u0259rbiy\u0259sin\u0259 ciddi fikir verildiyini vur\u011fulayan icra ba\u015f\u00e7\u0131s\u0131 daha sonra bildirdi ki, z\u0259rdabl\u0131 g\u0259ncl\u0259r d\u0259 Az\u0259rbaycan Silahl\u0131 Q\u00fcvv\u0259l\u0259rind\u0259 \u00f6z \u0259sg\u0259ri borclar\u0131n\u0131 \u015f\u0259r\u0259f v\u0259 l\u0259yaq\u0259tl\u0259 yerin\u0259 yetirirl\u0259r. \u0130ndi Az\u0259rbaycan\u0131n x\u00fcsusi t\u0259yinatl\u0131 t\u0259hsil m\u00fc\u0259ssis\u0259l\u0259rind\u0259 onlarla z\u0259rdabl\u0131 g\u0259nc t\u0259hsil al\u0131r. Son vaxtlarda 100-\u0259 yax\u0131n h\u0259qiqi h\u0259rbi xidm\u0259t ke\u00e7mi\u015f g\u0259ncimiz m\u00fcdd\u0259td\u0259n art\u0131q h\u0259rbi xidm\u0259t etm\u0259k \u00fc\u00e7\u00fcn yenid\u0259n orduya qay\u0131tm\u0131\u015fd\u0131r.<\/p>\n<p>T\u0259kc\u0259 Z\u0259rdab rayonundan torpaqlar\u0131m\u0131z\u0131n azadl\u0131\u011f\u0131 u\u011frunda d\u00f6y\u00fc\u015fl\u0259rd\u0259 130-dan \u00e7ox g\u0259nc \u015f\u0259hid, 104 n\u0259f\u0259r is\u0259 \u0259lil olmu\u015fdur.<\/p>\n<p>\u00d6l\u00fcm\u00fcnd\u0259n sonra rayonun G\u00f6d\u0259kqobu k\u0259nd sakini Zeyq\u0259m Aslanov \u201cAz\u0259rbaycan bayra\u011f\u0131 ordeni\u201d v\u0259 \u201cH\u0259rbi xidm\u0259tl\u0259r\u0259 g\u00f6r\u0259 medal\u0131\u201d il\u0259, B\u0131\u00e7aq\u00e7\u0131 k\u0259nd sakini, Sovet \u0130ttifaq\u0131 Q\u0259hr\u0259man\u0131, \u0259fsan\u0259vi q\u0259hr\u0259man\u00a0 M\u0259lik M\u0259h\u0259rr\u0259movun h\u0259mk\u0259ndlisi M\u00fc\u015ffiq Hac\u0131yev v\u0259 H\u00fcseynxanl\u0131 k\u0259nd sakini Nur\u0259mir \u018fliyev \u201cH\u0259rbi Xidm\u0259tl\u0259r\u0259 g\u00f6r\u0259\u201d medal\u0131 il\u0259 t\u0259ltif olunmu\u015flar.<\/p>\n<p>Rayon r\u0259hb\u0259rliyi t\u0259r\u0259find\u0259n h\u0259m onlara, h\u0259m d\u0259 B\u00f6y\u00fck V\u0259t\u0259n m\u00fcharib\u0259si veteranlar\u0131na daim diqq\u0259t v\u0259 qay\u011f\u0131 g\u00f6st\u0259rilir. Son ill\u0259rd\u0259 60-dan \u00e7ox \u015f\u0259hid ail\u0259si v\u0259 Qaraba\u011f \u0259lili evl\u0259 t\u0259min olunmu\u015fdur. \u00d6lk\u0259 ba\u015f\u00e7\u0131s\u0131 t\u0259r\u0259find\u0259n 34 n\u0259f\u0259r\u0259 minik avtomobili verilmi\u015fdir ki, onlardan da 13 n\u0259f\u0259ri B\u00f6y\u00fck V\u0259t\u0259n m\u00fcharib\u0259si, qalanlar\u0131 is\u0259 Qaraba\u011f d\u00f6y\u00fc\u015fl\u0259rinin qazil\u0259ridir.<\/p>\n<p>G\u0259lm\u0259 k\u0259nd tam orta m\u0259kt\u0259binin \u201cC\u0259surlar\u201d komandas\u0131 2-ci d\u0259f\u0259dir ki, h\u0259rbi idman v\u0259 turizm yar\u0131\u015flar\u0131n\u0131n respublika final m\u0259rh\u0259l\u0259sind\u0259 birincilik qazan\u0131r.<\/p>\n<p>Daha sonra \u0130cra ba\u015f\u00e7\u0131s\u0131 qeyd etdi ki, B\u00f6y\u00fck V\u0259t\u0259n M\u00fcharib\u0259si ill\u0259rind\u0259 d\u0259 z\u0259rdabl\u0131lar h\u0259m \u00f6n, h\u0259m d\u0259 arxa c\u0259bh\u0259d\u0259 f\u0259all\u0131q g\u00f6st\u0259rmi\u015fl\u0259r. C\u0259bh\u0259y\u0259 ged\u0259n 3000 n\u0259f\u0259r z\u0259rdabl\u0131n\u0131n yar\u0131dan \u00e7oxu h\u0259lak olmu\u015f, itkin d\u00fc\u015fm\u00fc\u015fd\u00fcr. Y\u00fczl\u0259rl\u0259 z\u0259rdabl\u0131 ke\u00e7mi\u015f Sovetl\u0259r \u0130ttifaq\u0131n\u0131n orden-medallar\u0131 il\u0259 t\u0259ltif olunmu\u015f, M\u0259lik M\u0259h\u0259rr\u0259mov Sovet \u0130ttifaq\u0131 Q\u0259hr\u0259man\u0131, Muradal\u0131 Heyd\u0259rov is\u0259 \u201c\u015e\u00f6hr\u0259t\u201d ordeninin h\u0259r 3 d\u0259r\u0259c\u0259sin\u0259 layiq g\u00f6r\u00fclm\u00fc\u015fd\u00fcr.<\/p>\n<p>Z\u0259rdab \u0259m\u0259k\u00e7il\u0259ri qazand\u0131qlar\u0131 \u0259m\u0259k nailiyy\u0259tl\u0259rin\u0259 g\u00f6r\u0259 d\u0259f\u0259l\u0259rl\u0259 Ali Ba\u015f Komandan, Sovet \u0130ttifaq\u0131 mar\u015fal\u0131 \u0130osif Stalinin t\u0259\u015f\u0259kk\u00fcr\u00fcn\u0259 layiq g\u00f6r\u00fclm\u00fc\u015fd\u00fcr.<\/p>\n<p>Bu g\u00fcn d\u0259 z\u0259rdabl\u0131lar \u00f6z \u00f6vladlar\u0131n\u0131 v\u0259t\u0259nin m\u00fcdafi\u0259sin\u0259 b\u00f6y\u00fck h\u0259v\u0259sl\u0259 yola sal\u0131r, arxa c\u0259bh\u0259d\u0259 f\u0259dakarl\u0131qlar g\u00f6st\u0259rirl\u0259r. Z\u0259rdabl\u0131lar yax\u015f\u0131 bilirl\u0259r ki, \u00f6n c\u0259bh\u0259d\u0259 q\u0259l\u0259b\u0259nin \u0259ld\u0259 olunmas\u0131n\u0131n \u0259sas \u015f\u0259rtl\u0259rind\u0259n biri d\u0259 arxa c\u0259bh\u0259nin f\u0259all\u0131\u011f\u0131, daim \u00f6n c\u0259bh\u0259d\u0259ki \u0259sg\u0259rin qay\u011f\u0131lar\u0131 il\u0259 ya\u015famas\u0131ndad\u0131r.<\/p>\n<p>\u015eair \u00e7ox g\u00f6z\u0259l deyib: \u201c\u00c7\u00f6r\u0259k bol olarsa, bas\u0131lmaz V\u0259t\u0259n!\u201d. Bu il d\u0259 z\u0259rdabl\u0131lar bir \u00e7ox sah\u0259l\u0259rd\u0259 oldu\u011fu kimi tax\u0131l\u00e7\u0131l\u0131q sah\u0259sind\u0259 d\u0259 rekord n\u0259tic\u0259l\u0259r qazanm\u0131\u015f, h\u0259r hektardan 27 sentnerd\u0259n \u00e7ox m\u0259hsul toplam\u0131\u015flar. \u018fn f\u0259r\u0259hli hal is\u0259 odur ki, z\u0259rdabl\u0131lar bu ilin tax\u0131l\u0131ndan haz\u0131rlanm\u0131\u015f ilk \u00e7\u00f6r\u0259kl\u0259 m\u00fcdd\u0259tli h\u0259qiqi h\u0259rbi xidm\u0259tini ba\u015fa vurmu\u015f \u00f6vladlar\u0131n\u0131 qar\u015f\u0131lay\u0131rlar. Bu r\u0259mzi m\u0259nad\u0131r. \u00d6n s\u0259ng\u0259rd\u0259ki \u00f6vladlar\u0131m\u0131z V\u0259t\u0259n ke\u015fiyind\u0259 ay\u0131q-say\u0131q dayanaraq torpaqlar\u0131m\u0131z\u0131 ya\u011f\u0131lardan qoruyur, arxa c\u0259bh\u0259nin \u0259m\u0259k\u00e7il\u0259ri is\u0259 \u0259kib-bec\u0259rir, bolluq yarad\u0131rlar.<\/p>\n<p>T\u0259dbirin ideya m\u00fc\u0259llifi, M\u00fcdafi\u0259 Nazirliyi M\u0259n\u0259vi-Psixoloji Haz\u0131rl\u0131q \u0130dar\u0259si r\u0259isinin m\u00fcavini, \u018fm\u0259kdar \u0130nc\u0259s\u0259n\u0259t xadimi, polkovnik Abdulla Qurbani is\u0259 \u00f6z \u00e7\u0131x\u0131\u015f\u0131nda son vaxtlarda Silahl\u0131 Q\u00fcvv\u0259l\u0259rd\u0259 apar\u0131lan u\u011furlu islahatlardan, ordu quruculu\u011fu sah\u0259sind\u0259ki yenilikl\u0259rd\u0259n, Milli Ordumuzun maddi-texniki bazas\u0131n\u0131n daha da m\u00f6hk\u0259ml\u0259ndirilm\u0259si, \u015f\u0259xsi hey\u0259tin m\u0259n\u0259vi-psixoloji haz\u0131rl\u0131\u011f\u0131n\u0131n y\u00fcks\u0259lm\u0259si, ictimaiyy\u0259tl\u0259 \u0259laq\u0259l\u0259rin geni\u015fl\u0259ndirilm\u0259si, \u015f\u0259hid v\u0259 \u0259sg\u0259r ail\u0259l\u0259rin\u0259 diqq\u0259t v\u0259 qay\u011f\u0131dan dan\u0131\u015fd\u0131. Polkovnik qeyd etdi ki, Az\u0259rbaycan ordusu bu g\u00fcn regionun \u0259n g\u00fccl\u00fc ordusudur v\u0259 Ali Ba\u015f Komandan\u0131n h\u0259r bir \u0259mrin\u0259 h\u0259r an haz\u0131rd\u0131r. Ordu quruculu\u011fu m\u0259s\u0259l\u0259l\u0259ri Ali Ba\u015f Komandan\u0131m\u0131z\u0131n Prezident kimi f\u0259aliyy\u0259tinin \u0259sas prioritetidir. Az\u0259rbaycan ordusu c\u0259nab \u0130lham \u018fliyevin daim diqq\u0259t v\u0259 qay\u011f\u0131s\u0131 il\u0259 \u0259hat\u0259 olunmu\u015fdur. Z\u0259rdab rayonunda ke\u00e7iril\u0259n bu m\u00f6ht\u0259\u015f\u0259m t\u0259dbir\u0259 g\u0259ldikd\u0259 is\u0259, bunun \u00e7ox b\u00f6y\u00fck \u0259h\u0259miyy\u0259ti vard\u0131r. \u0130lk d\u0259f\u0259dir ki, xidm\u0259tini ba\u015fa vurmu\u015f h\u0259rbi qulluq\u00e7ular bir yer\u0259 topla\u015f\u0131r, ictimaiyy\u0259tl\u0259 g\u00f6r\u00fc\u015f\u00fcr, i\u015fl\u0259 t\u0259min edilir, onlar\u0131n \u015f\u0259r\u0259fin\u0259 t\u0259nt\u0259n\u0259 qurulur v\u0259 m\u00fckafatland\u0131r\u0131laraq onlara \u015f\u0259r\u0259fli xidm\u0259tl\u0259rin\u0259 g\u00f6r\u0259 \u00e7ox sa\u011f ol deyirl\u0259r. Bu, h\u0259m xidm\u0259td\u0259 olan, h\u0259m d\u0259 xidm\u0259t\u0259 haz\u0131rla\u015fan g\u0259ncl\u0259rimiz, el\u0259c\u0259 d\u0259 \u0259sg\u0259r valideynl\u0259ri \u00fc\u00e7\u00fcn g\u00f6z\u0259l bir minn\u0259tdarl\u0131q n\u00fcmun\u0259sidir.<\/p>\n<p>A.Qurbaninin \u015feirl\u0259ri \u0259sas\u0131nda haz\u0131rlanm\u0131\u015f \u201cV\u0259t\u0259n, s\u0259nin \u0259sg\u0259rin\u0259m\u201d \u0259d\u0259bi-etnoqrafik kompozisiyadan sonra ehtiyata burax\u0131lm\u0131\u015f h\u0259rbi qulluq\u00e7ular meydana d\u0259v\u0259t olundular. Onlar builki tax\u0131l\u0131n unundan bi\u015firilmi\u015f \u00e7\u00f6r\u0259kl\u0259 qar\u015f\u0131land\u0131. M\u00fcdafi\u0259 naziri, general-polkovnik Zakir H\u0259s\u0259novun v\u0259 \u0130cra ba\u015f\u00e7\u0131s\u0131 L\u00fctv\u0259li Babayevin ad\u0131ndan onlara h\u0259diyy\u0259 v\u0259 t\u0259\u015f\u0259kk\u00fcr m\u0259ktublar\u0131 t\u0259qdim edildi.<\/p>\n<p>T\u0259dbir\u0259 B\u00f6y\u00fck V\u0259t\u0259n m\u00fcharib\u0259si \u0259sg\u0259rinin qiyaf\u0259sind\u0259 g\u0259lmi\u015f kavaler ordenli Muradal\u0131 baba cavanl\u0131\u011f\u0131n\u0131, m\u00fcharib\u0259d\u0259n qay\u0131td\u0131\u011f\u0131 g\u00fcnl\u0259ri xat\u0131rlayaraq k\u00f6vr\u0259ldi v\u0259 \u0259sg\u0259r n\u0259v\u0259l\u0259ri t\u0259brik etdi.<\/p>\n<p>H\u0259rbi v\u0259t\u0259np\u0259rv\u0259rlik m\u00f6vzusunda mahn\u0131lar v\u0259 r\u0259qsl\u0259r bir-birini \u0259v\u0259z etdi.<\/p>\n<p>C\u0259bh\u0259 b\u00f6lg\u0259l\u0259rind\u0259ki h\u0259rbi hiss\u0259l\u0259rd\u0259 xidm\u0259t etmi\u015f Natiq Alcanov, Firudin Abdullayev, P\u0259rviz Q\u0259hr\u0259manl\u0131 v\u0259 ba\u015fqalar\u0131 f\u0259xrl\u0259 dan\u0131\u015faraq qeyd etdil\u0259r ki, biz h\u0259qiqi h\u0259rbi xidm\u0259t m\u00fcdd\u0259timizi ba\u015fa vurmu\u015fuq. Ancaq h\u0259mi\u015f\u0259 V\u0259t\u0259nin \u0259sg\u0259riyik v\u0259 h\u0259r zaman Ali Ba\u015f Komandan\u0131n \u0259mrl\u0259rin\u0259 haz\u0131r\u0131q. Qaraba\u011f u\u011frunda m\u00fcharib\u0259nin ikinci m\u0259rh\u0259l\u0259sind\u0259 biz yen\u0259 d\u0259 \u00f6n s\u0259ng\u0259rd\u0259 olacaq, \u015f\u0259hidl\u0259rimizin intiqam\u0131n\u0131 alaca\u011f\u0131q.<\/p>\n<p>\u018fsg\u0259r valideynl\u0259ri \u00e7\u0131x\u0131\u015f ed\u0259r\u0259k Az\u0259rbaycan ordusunda \u00f6vladlar\u0131n\u0131n xidm\u0259t ke\u00e7m\u0259si \u00fc\u00e7\u00fcn h\u0259r c\u00fcr \u015f\u0259rait yaratd\u0131qlar\u0131na g\u00f6r\u0259 \u00f6lk\u0259 r\u0259hb\u0259rin\u0259, M\u00fcdafi\u0259 Nazirliyinin r\u0259hb\u0259rliyin\u0259, komandir v\u0259 r\u0259isl\u0259r\u0259 minn\u0259tdarl\u0131qlar\u0131n\u0131 bildirdil\u0259r.<\/p>\n<p>\u015e\u0259hid M\u00fc\u015ffiqin atas\u0131 Zabit Hac\u0131yev \u00f6z \u00e7\u0131x\u0131\u015f\u0131nda V\u0259t\u0259n u\u011frunda \u015f\u0259hid olanlar\u0131n ail\u0259l\u0259rin\u0259 daim diqq\u0259t v\u0259 qay\u011f\u0131 g\u00f6st\u0259rildiyini vur\u011fulayaraq \u201cT\u0259ki V\u0259t\u0259n sa\u011f olsun!\u201d, &#8211; dedi.<\/p>\n<p>S\u0259f\u0259rb\u0259rlik v\u0259 H\u0259rbi Xidm\u0259t\u0259 \u00c7a\u011f\u0131r\u0131\u015f \u00fczr\u0259 D\u00f6vl\u0259t Xidm\u0259ti Z\u0259rdab rayon b\u00f6lm\u0259sinin r\u0259isi, polkovnik-leytenant El\u015f\u0259n H\u0259s\u0259nov \u00e7\u0131x\u0131\u015f\u0131nda bildirdi ki, Prezident s\u0259r\u0259ncam\u0131 il\u0259 art\u0131q 55 n\u0259f\u0259r z\u0259rdabl\u0131 ordudan ehtiyata burax\u0131lm\u0131\u015f, 50 n\u0259f\u0259r\u0259 yax\u0131n g\u0259nc m\u00fcdd\u0259tli h\u0259qiqi h\u0259rbi xidm\u0259t\u0259 yola sal\u0131nm\u0131\u015f v\u0259 \u00e7a\u011f\u0131r\u0131\u015f bu g\u00fcn d\u0259 u\u011furla davam etdirilm\u0259kd\u0259dir.<\/p>\n<p>\u201cVa\u011fzal\u0131\u201d s\u0259dalar\u0131 alt\u0131nda tama\u015fa meydan\u0131na d\u0259v\u0259t olunan h\u0259qiqi h\u0259rbi xidm\u0259tini yenic\u0259 ba\u015fa vurmu\u015f B\u0131\u00e7aq\u00e7\u0131 k\u0259nd sakini \u015e\u0131xm\u0259mm\u0259dov Q\u00fcdr\u0259tl\u0259 h\u0259mk\u0259ndlisi C\u0259mil\u0259 xan\u0131m\u0131n nikahlar\u0131n\u0131n t\u0259nt\u0259n\u0259li qeydiyyat\u0131 b\u00fct\u00fcn t\u0259dbir i\u015ftirak\u00e7\u0131lar\u0131n\u0131n b\u00f6y\u00fck mara\u011f\u0131na s\u0259b\u0259b oldu. Rayon a\u011fsaqqallar\u0131 onlara xeyir-dua ver\u0259r\u0259k, xo\u015fb\u0259xtlik arzulad\u0131lar.<\/p>\n<p>H\u0259rbi mar\u015f\u0131n s\u0259dalar\u0131 alt\u0131nda meydana daxil olan m\u00fcdd\u0259tli h\u0259qiqi h\u0259rbi xidm\u0259t\u0259 yollanacaq bir qrup g\u0259nc rayon r\u0259hb\u0259rliyi t\u0259r\u0259find\u0259n m\u00fckafatland\u0131r\u0131laraq onlara g\u0259l\u0259c\u0259k \u0259sg\u0259r h\u0259yatlar\u0131nda u\u011furlar arzuland\u0131. Orxan H\u0259s\u0259nzad\u0259, Camal \u018flizad\u0259 s\u00f6z verdil\u0259r ki, onlar h\u0259myerlil\u0259rinin etimad\u0131n\u0131 do\u011fruldaraq V\u0259t\u0259n torpaqlar\u0131n\u0131n ke\u015fiyind\u0259 ay\u0131q-say\u0131q dayanacaqlar. Onlar h\u0259rbi orkestrin ifa etdiyi mar\u015f v\u0259 t\u0259dbir i\u015ftirak\u00e7\u0131lar\u0131n\u0131n alq\u0131\u015flar\u0131 alt\u0131nda h\u0259qiqi h\u0259rbi xidm\u0259t\u0259 yola d\u00fc\u015fd\u00fcl\u0259r.<\/p>\n<p>\u201cV\u0259t\u0259n\u0259 xidm\u0259t\u0259 g\u00f6r\u0259 sa\u011f ol!\u201d devizi alt\u0131nda ke\u00e7iril\u0259n t\u0259dbir Silahl\u0131 Q\u00fcvv\u0259l\u0259rin Mahn\u0131 v\u0259 R\u0259qs Ansambl\u0131n\u0131n r\u0259ngar\u0259ng konsert proqram\u0131 il\u0259 davam etdirildi.<\/p>\n<p>M\u0259rasimin sonunda Rayon \u0130cra Hakimiyy\u0259tinin ba\u015f\u00e7\u0131s\u0131 L\u00fctv\u0259li Babayev t\u0259dbirin t\u0259\u015fkilind\u0259 g\u00f6st\u0259rdiyi k\u00f6m\u0259y\u0259 g\u00f6r\u0259 M\u00fcdafi\u0259 Nazirliyinin r\u0259hb\u0259rliyin\u0259 v\u0259 t\u0259\u015fkilat\u00e7\u0131lara rayon ictimaiyy\u0259ti ad\u0131ndan minn\u0259tdarl\u0131\u011f\u0131n\u0131 bildirdi.<\/p>\n<p><span style=\"color: #0000ff;\"><strong>\u00a0Z\u0259rdab Rayon \u0130cra Hakimiyy\u0259ti<a href=\"http:\/\/www.zerdab.com\/wp-content\/uploads\/2014\/07\/Z\u0259rdab1.jpg\"><img loading=\"lazy\" decoding=\"async\" class=\"aligncenter size-large wp-image-16387\" alt=\"Z\u0259rdab\" src=\"http:\/\/www.zerdab.com\/wp-content\/uploads\/2014\/07\/Z\u0259rdab1-550x365.jpg\" width=\"550\" height=\"365\" \/><\/a> <a href=\"http:\/\/www.zerdab.com\/wp-content\/uploads\/2014\/07\/Z\u0259rdab11.jpg\"><img loading=\"lazy\" decoding=\"async\" class=\"aligncenter size-large wp-image-16388\" alt=\"Z\u0259rdab\" src=\"http:\/\/www.zerdab.com\/wp-content\/uploads\/2014\/07\/Z\u0259rdab11-550x365.jpg\" width=\"550\" height=\"365\" \/><\/a> <a href=\"http:\/\/www.zerdab.com\/wp-content\/uploads\/2014\/07\/Z\u0259rdab2.jpg\"><img loading=\"lazy\" decoding=\"async\" class=\"aligncenter size-large wp-image-16389\" alt=\"Z\u0259rdab\" src=\"http:\/\/www.zerdab.com\/wp-content\/uploads\/2014\/07\/Z\u0259rdab2-550x365.jpg\" width=\"550\" height=\"365\" \/><\/a> <a href=\"http:\/\/www.zerdab.com\/wp-content\/uploads\/2014\/07\/Z\u0259rdab3.jpg\"><img loading=\"lazy\" decoding=\"async\" class=\"aligncenter size-large wp-image-16390\" alt=\"Z\u0259rdab\" src=\"http:\/\/www.zerdab.com\/wp-content\/uploads\/2014\/07\/Z\u0259rdab3-550x365.jpg\" width=\"550\" height=\"365\" \/><\/a> <a href=\"http:\/\/www.zerdab.com\/wp-content\/uploads\/2014\/07\/Z\u0259rdab4.jpg\"><img loading=\"lazy\" decoding=\"async\" class=\"aligncenter size-large wp-image-16391\" alt=\"Z\u0259rdab\" src=\"http:\/\/www.zerdab.com\/wp-content\/uploads\/2014\/07\/Z\u0259rdab4-550x365.jpg\" width=\"550\" height=\"365\" \/><\/a> <a href=\"http:\/\/www.zerdab.com\/wp-content\/uploads\/2014\/07\/Z\u0259rdab5.jpg\"><img loading=\"lazy\" decoding=\"async\" class=\"aligncenter size-large wp-image-16392\" alt=\"Z\u0259rdab\" src=\"http:\/\/www.zerdab.com\/wp-content\/uploads\/2014\/07\/Z\u0259rdab5-550x365.jpg\" width=\"550\" height=\"365\" \/><\/a> <a href=\"http:\/\/www.zerdab.com\/wp-content\/uploads\/2014\/07\/Z\u0259rdab6.jpg\"><img loading=\"lazy\" decoding=\"async\" class=\"aligncenter size-large wp-image-16393\" alt=\"Z\u0259rdab\" src=\"http:\/\/www.zerdab.com\/wp-content\/uploads\/2014\/07\/Z\u0259rdab6-550x365.jpg\" width=\"550\" height=\"365\" \/><\/a> <a href=\"http:\/\/www.zerdab.com\/wp-content\/uploads\/2014\/07\/Z\u0259rdab7.jpg\"><img loading=\"lazy\" decoding=\"async\" class=\"aligncenter size-large wp-image-16394\" alt=\"Z\u0259rdab\" src=\"http:\/\/www.zerdab.com\/wp-content\/uploads\/2014\/07\/Z\u0259rdab7-550x365.jpg\" width=\"550\" height=\"365\" \/><\/a> <a href=\"http:\/\/www.zerdab.com\/wp-content\/uploads\/2014\/07\/Z\u0259rdab8.jpg\"><img loading=\"lazy\" decoding=\"async\" class=\"aligncenter size-large wp-image-16395\" alt=\"Z\u0259rdab\" src=\"http:\/\/www.zerdab.com\/wp-content\/uploads\/2014\/07\/Z\u0259rdab8-550x365.jpg\" width=\"550\" height=\"365\" \/><\/a> <a href=\"http:\/\/www.zerdab.com\/wp-content\/uploads\/2014\/07\/Z\u0259rdab9.jpg\"><img loading=\"lazy\" decoding=\"async\" class=\"aligncenter size-large wp-image-16396\" alt=\"Z\u0259rdab\" src=\"http:\/\/www.zerdab.com\/wp-content\/uploads\/2014\/07\/Z\u0259rdab9-550x365.jpg\" width=\"550\" height=\"365\" \/><\/a><\/strong><\/span><\/p>\n","protected":false},"excerpt":{"rendered":"<p>M\u00fcdafi\u0259 Nazirliyi v\u0259 Z\u0259rdab Rayon \u0130cra Hakimiyy\u0259tinin birg\u0259 t\u0259\u015fkilat\u00e7\u0131l\u0131\u011f\u0131 il\u0259 t\u0259dbir ke\u00e7irildi. Bu g\u00fcnl\u0259rd\u0259 respublikan\u0131n b\u00fct\u00fcn \u015f\u0259h\u0259r v\u0259 rayonlar\u0131nda, Silahl\u0131 Q\u00fcvv\u0259l\u0259rin \u018flahidd\u0259 \u00dcmumqo\u015fun Ordusu, birlik, birl\u0259\u015fm\u0259 v\u0259 h\u0259rbi hiss\u0259l\u0259rind\u0259 b\u00f6y\u00fck q\u0259l\u0259b\u0259lik vard\u0131r. Az\u0259rbaycan Respublikas\u0131 v\u0259t\u0259nda\u015flar\u0131n\u0131n 2014-c\u00fc il iyulun 1-d\u0259n 30-d\u0259k m\u00fcdd\u0259tli h\u0259qiqi h\u0259rbi xidm\u0259t\u0259 \u00e7a\u011f\u0131r\u0131lmas\u0131 v\u0259 m\u00fcdd\u0259tli h\u0259qiqi h\u0259rbi xidm\u0259t h\u0259rbi qulluq\u00e7ular\u0131n\u0131n ehtiyata burax\u0131lmas\u0131 haqq\u0131nda [&hellip;]<\/p>\n","protected":false},"author":1,"featured_media":0,"comment_status":"open","ping_status":"open","sticky":false,"template":"","format":"standard","meta":{"footnotes":""},"categories":[21],"tags":[],"class_list":{"0":"post-16385","1":"post","2":"type-post","3":"status-publish","4":"format-standard","6":"category-zrdab"},"yoast_head":"<!-- This site is optimized with the Yoast SEO plugin v27.0 - https:\/\/yoast.com\/product\/yoast-seo-wordpress\/ -->\n<title>Z\u0259rdabda m\u00f6ht\u0259\u015f\u0259m t\u0259dbir ke\u00e7irildi - FOTOLAR - Z\u0259rdab.com<\/title>\n<meta name=\"robots\" content=\"index, follow, max-snippet:-1, max-image-preview:large, max-video-preview:-1\" \/>\n<link rel=\"canonical\" href=\"https:\/\/www.zerdab.com\/?p=16385\" \/>\n<meta property=\"og:locale\" content=\"az_AZ\" \/>\n<meta property=\"og:type\" content=\"article\" \/>\n<meta property=\"og:title\" content=\"Z\u0259rdabda m\u00f6ht\u0259\u015f\u0259m t\u0259dbir ke\u00e7irildi - FOTOLAR - Z\u0259rdab.com\" \/>\n<meta property=\"og:description\" content=\"M\u00fcdafi\u0259 Nazirliyi v\u0259 Z\u0259rdab Rayon \u0130cra Hakimiyy\u0259tinin birg\u0259 t\u0259\u015fkilat\u00e7\u0131l\u0131\u011f\u0131 il\u0259 t\u0259dbir ke\u00e7irildi. Bu g\u00fcnl\u0259rd\u0259 respublikan\u0131n b\u00fct\u00fcn \u015f\u0259h\u0259r v\u0259 rayonlar\u0131nda, Silahl\u0131 Q\u00fcvv\u0259l\u0259rin \u018flahidd\u0259 \u00dcmumqo\u015fun Ordusu, birlik, birl\u0259\u015fm\u0259 v\u0259 h\u0259rbi hiss\u0259l\u0259rind\u0259 b\u00f6y\u00fck q\u0259l\u0259b\u0259lik vard\u0131r. Az\u0259rbaycan Respublikas\u0131 v\u0259t\u0259nda\u015flar\u0131n\u0131n 2014-c\u00fc il iyulun 1-d\u0259n 30-d\u0259k m\u00fcdd\u0259tli h\u0259qiqi h\u0259rbi xidm\u0259t\u0259 \u00e7a\u011f\u0131r\u0131lmas\u0131 v\u0259 m\u00fcdd\u0259tli h\u0259qiqi h\u0259rbi xidm\u0259t h\u0259rbi qulluq\u00e7ular\u0131n\u0131n ehtiyata burax\u0131lmas\u0131 haqq\u0131nda [&hellip;]\" \/>\n<meta property=\"og:url\" content=\"https:\/\/www.zerdab.com\/?p=16385\" \/>\n<meta property=\"og:site_name\" content=\"Z\u0259rdab.com\" \/>\n<meta property=\"article:published_time\" content=\"2014-07-11T07:45:09+00:00\" \/>\n<meta property=\"article:modified_time\" content=\"2014-07-11T07:48:56+00:00\" \/>\n<meta name=\"author\" content=\"admin\" \/>\n<meta name=\"twitter:card\" content=\"summary_large_image\" \/>\n<meta name=\"twitter:label1\" content=\"Written by\" \/>\n\t<meta name=\"twitter:data1\" content=\"admin\" \/>\n\t<meta name=\"twitter:label2\" content=\"Est. reading time\" \/>\n\t<meta name=\"twitter:data2\" content=\"12 minutes\" \/>\n<script type=\"application\/ld+json\" class=\"yoast-schema-graph\">{\"@context\":\"https:\/\/schema.org\",\"@graph\":[{\"@type\":\"Article\",\"@id\":\"https:\/\/www.zerdab.com\/?p=16385#article\",\"isPartOf\":{\"@id\":\"https:\/\/www.zerdab.com\/?p=16385\"},\"author\":{\"name\":\"admin\",\"@id\":\"https:\/\/www.zerdab.com\/#\/schema\/person\/97079b7570c1e89ec0d9e138c3672136\"},\"headline\":\"Z\u0259rdabda m\u00f6ht\u0259\u015f\u0259m t\u0259dbir ke\u00e7irildi &#8211; FOTOLAR\",\"datePublished\":\"2014-07-11T07:45:09+00:00\",\"dateModified\":\"2014-07-11T07:48:56+00:00\",\"mainEntityOfPage\":{\"@id\":\"https:\/\/www.zerdab.com\/?p=16385\"},\"wordCount\":2410,\"commentCount\":0,\"articleSection\":[\"C\u018fM\u0130YY\u018fT\"],\"inLanguage\":\"az\",\"potentialAction\":[{\"@type\":\"CommentAction\",\"name\":\"Comment\",\"target\":[\"https:\/\/www.zerdab.com\/?p=16385#respond\"]}]},{\"@type\":\"WebPage\",\"@id\":\"https:\/\/www.zerdab.com\/?p=16385\",\"url\":\"https:\/\/www.zerdab.com\/?p=16385\",\"name\":\"Z\u0259rdabda m\u00f6ht\u0259\u015f\u0259m t\u0259dbir ke\u00e7irildi - FOTOLAR - Z\u0259rdab.com\",\"isPartOf\":{\"@id\":\"https:\/\/www.zerdab.com\/#website\"},\"datePublished\":\"2014-07-11T07:45:09+00:00\",\"dateModified\":\"2014-07-11T07:48:56+00:00\",\"author\":{\"@id\":\"https:\/\/www.zerdab.com\/#\/schema\/person\/97079b7570c1e89ec0d9e138c3672136\"},\"breadcrumb\":{\"@id\":\"https:\/\/www.zerdab.com\/?p=16385#breadcrumb\"},\"inLanguage\":\"az\",\"potentialAction\":[{\"@type\":\"ReadAction\",\"target\":[\"https:\/\/www.zerdab.com\/?p=16385\"]}]},{\"@type\":\"BreadcrumbList\",\"@id\":\"https:\/\/www.zerdab.com\/?p=16385#breadcrumb\",\"itemListElement\":[{\"@type\":\"ListItem\",\"position\":1,\"name\":\"Home\",\"item\":\"https:\/\/www.zerdab.com\/\"},{\"@type\":\"ListItem\",\"position\":2,\"name\":\"Z\u0259rdabda m\u00f6ht\u0259\u015f\u0259m t\u0259dbir ke\u00e7irildi &#8211; FOTOLAR\"}]},{\"@type\":\"WebSite\",\"@id\":\"https:\/\/www.zerdab.com\/#website\",\"url\":\"https:\/\/www.zerdab.com\/\",\"name\":\"Z\u0259rdab.com\",\"description\":\"\",\"potentialAction\":[{\"@type\":\"SearchAction\",\"target\":{\"@type\":\"EntryPoint\",\"urlTemplate\":\"https:\/\/www.zerdab.com\/?s={search_term_string}\"},\"query-input\":{\"@type\":\"PropertyValueSpecification\",\"valueRequired\":true,\"valueName\":\"search_term_string\"}}],\"inLanguage\":\"az\"},{\"@type\":\"Person\",\"@id\":\"https:\/\/www.zerdab.com\/#\/schema\/person\/97079b7570c1e89ec0d9e138c3672136\",\"name\":\"admin\",\"image\":{\"@type\":\"ImageObject\",\"inLanguage\":\"az\",\"@id\":\"https:\/\/www.zerdab.com\/#\/schema\/person\/image\/\",\"url\":\"https:\/\/secure.gravatar.com\/avatar\/d9c52a9a27c32119cb6679a077fa3e2779e5f822c451cbf01098004361d466ec?s=96&d=mm&r=g\",\"contentUrl\":\"https:\/\/secure.gravatar.com\/avatar\/d9c52a9a27c32119cb6679a077fa3e2779e5f822c451cbf01098004361d466ec?s=96&d=mm&r=g\",\"caption\":\"admin\"},\"url\":\"https:\/\/www.zerdab.com\/?author=1\"}]}<\/script>\n<!-- \/ Yoast SEO plugin. -->","yoast_head_json":{"title":"Z\u0259rdabda m\u00f6ht\u0259\u015f\u0259m t\u0259dbir ke\u00e7irildi - FOTOLAR - Z\u0259rdab.com","robots":{"index":"index","follow":"follow","max-snippet":"max-snippet:-1","max-image-preview":"max-image-preview:large","max-video-preview":"max-video-preview:-1"},"canonical":"https:\/\/www.zerdab.com\/?p=16385","og_locale":"az_AZ","og_type":"article","og_title":"Z\u0259rdabda m\u00f6ht\u0259\u015f\u0259m t\u0259dbir ke\u00e7irildi - FOTOLAR - Z\u0259rdab.com","og_description":"M\u00fcdafi\u0259 Nazirliyi v\u0259 Z\u0259rdab Rayon \u0130cra Hakimiyy\u0259tinin birg\u0259 t\u0259\u015fkilat\u00e7\u0131l\u0131\u011f\u0131 il\u0259 t\u0259dbir ke\u00e7irildi. Bu g\u00fcnl\u0259rd\u0259 respublikan\u0131n b\u00fct\u00fcn \u015f\u0259h\u0259r v\u0259 rayonlar\u0131nda, Silahl\u0131 Q\u00fcvv\u0259l\u0259rin \u018flahidd\u0259 \u00dcmumqo\u015fun Ordusu, birlik, birl\u0259\u015fm\u0259 v\u0259 h\u0259rbi hiss\u0259l\u0259rind\u0259 b\u00f6y\u00fck q\u0259l\u0259b\u0259lik vard\u0131r. Az\u0259rbaycan Respublikas\u0131 v\u0259t\u0259nda\u015flar\u0131n\u0131n 2014-c\u00fc il iyulun 1-d\u0259n 30-d\u0259k m\u00fcdd\u0259tli h\u0259qiqi h\u0259rbi xidm\u0259t\u0259 \u00e7a\u011f\u0131r\u0131lmas\u0131 v\u0259 m\u00fcdd\u0259tli h\u0259qiqi h\u0259rbi xidm\u0259t h\u0259rbi qulluq\u00e7ular\u0131n\u0131n ehtiyata burax\u0131lmas\u0131 haqq\u0131nda [&hellip;]","og_url":"https:\/\/www.zerdab.com\/?p=16385","og_site_name":"Z\u0259rdab.com","article_published_time":"2014-07-11T07:45:09+00:00","article_modified_time":"2014-07-11T07:48:56+00:00","author":"admin","twitter_card":"summary_large_image","twitter_misc":{"Written by":"admin","Est. reading time":"12 minutes"},"schema":{"@context":"https:\/\/schema.org","@graph":[{"@type":"Article","@id":"https:\/\/www.zerdab.com\/?p=16385#article","isPartOf":{"@id":"https:\/\/www.zerdab.com\/?p=16385"},"author":{"name":"admin","@id":"https:\/\/www.zerdab.com\/#\/schema\/person\/97079b7570c1e89ec0d9e138c3672136"},"headline":"Z\u0259rdabda m\u00f6ht\u0259\u015f\u0259m t\u0259dbir ke\u00e7irildi &#8211; FOTOLAR","datePublished":"2014-07-11T07:45:09+00:00","dateModified":"2014-07-11T07:48:56+00:00","mainEntityOfPage":{"@id":"https:\/\/www.zerdab.com\/?p=16385"},"wordCount":2410,"commentCount":0,"articleSection":["C\u018fM\u0130YY\u018fT"],"inLanguage":"az","potentialAction":[{"@type":"CommentAction","name":"Comment","target":["https:\/\/www.zerdab.com\/?p=16385#respond"]}]},{"@type":"WebPage","@id":"https:\/\/www.zerdab.com\/?p=16385","url":"https:\/\/www.zerdab.com\/?p=16385","name":"Z\u0259rdabda m\u00f6ht\u0259\u015f\u0259m t\u0259dbir ke\u00e7irildi - FOTOLAR - Z\u0259rdab.com","isPartOf":{"@id":"https:\/\/www.zerdab.com\/#website"},"datePublished":"2014-07-11T07:45:09+00:00","dateModified":"2014-07-11T07:48:56+00:00","author":{"@id":"https:\/\/www.zerdab.com\/#\/schema\/person\/97079b7570c1e89ec0d9e138c3672136"},"breadcrumb":{"@id":"https:\/\/www.zerdab.com\/?p=16385#breadcrumb"},"inLanguage":"az","potentialAction":[{"@type":"ReadAction","target":["https:\/\/www.zerdab.com\/?p=16385"]}]},{"@type":"BreadcrumbList","@id":"https:\/\/www.zerdab.com\/?p=16385#breadcrumb","itemListElement":[{"@type":"ListItem","position":1,"name":"Home","item":"https:\/\/www.zerdab.com\/"},{"@type":"ListItem","position":2,"name":"Z\u0259rdabda m\u00f6ht\u0259\u015f\u0259m t\u0259dbir ke\u00e7irildi &#8211; FOTOLAR"}]},{"@type":"WebSite","@id":"https:\/\/www.zerdab.com\/#website","url":"https:\/\/www.zerdab.com\/","name":"Z\u0259rdab.com","description":"","potentialAction":[{"@type":"SearchAction","target":{"@type":"EntryPoint","urlTemplate":"https:\/\/www.zerdab.com\/?s={search_term_string}"},"query-input":{"@type":"PropertyValueSpecification","valueRequired":true,"valueName":"search_term_string"}}],"inLanguage":"az"},{"@type":"Person","@id":"https:\/\/www.zerdab.com\/#\/schema\/person\/97079b7570c1e89ec0d9e138c3672136","name":"admin","image":{"@type":"ImageObject","inLanguage":"az","@id":"https:\/\/www.zerdab.com\/#\/schema\/person\/image\/","url":"https:\/\/secure.gravatar.com\/avatar\/d9c52a9a27c32119cb6679a077fa3e2779e5f822c451cbf01098004361d466ec?s=96&d=mm&r=g","contentUrl":"https:\/\/secure.gravatar.com\/avatar\/d9c52a9a27c32119cb6679a077fa3e2779e5f822c451cbf01098004361d466ec?s=96&d=mm&r=g","caption":"admin"},"url":"https:\/\/www.zerdab.com\/?author=1"}]}},"_links":{"self":[{"href":"https:\/\/www.zerdab.com\/index.php?rest_route=\/wp\/v2\/posts\/16385","targetHints":{"allow":["GET"]}}],"collection":[{"href":"https:\/\/www.zerdab.com\/index.php?rest_route=\/wp\/v2\/posts"}],"about":[{"href":"https:\/\/www.zerdab.com\/index.php?rest_route=\/wp\/v2\/types\/post"}],"author":[{"embeddable":true,"href":"https:\/\/www.zerdab.com\/index.php?rest_route=\/wp\/v2\/users\/1"}],"replies":[{"embeddable":true,"href":"https:\/\/www.zerdab.com\/index.php?rest_route=%2Fwp%2Fv2%2Fcomments&post=16385"}],"version-history":[{"count":2,"href":"https:\/\/www.zerdab.com\/index.php?rest_route=\/wp\/v2\/posts\/16385\/revisions"}],"predecessor-version":[{"id":16398,"href":"https:\/\/www.zerdab.com\/index.php?rest_route=\/wp\/v2\/posts\/16385\/revisions\/16398"}],"wp:attachment":[{"href":"https:\/\/www.zerdab.com\/index.php?rest_route=%2Fwp%2Fv2%2Fmedia&parent=16385"}],"wp:term":[{"taxonomy":"category","embeddable":true,"href":"https:\/\/www.zerdab.com\/index.php?rest_route=%2Fwp%2Fv2%2Fcategories&post=16385"},{"taxonomy":"post_tag","embeddable":true,"href":"https:\/\/www.zerdab.com\/index.php?rest_route=%2Fwp%2Fv2%2Ftags&post=16385"}],"curies":[{"name":"wp","href":"https:\/\/api.w.org\/{rel}","templated":true}]}}