{"id":16418,"date":"2014-07-14T12:31:43","date_gmt":"2014-07-14T07:31:43","guid":{"rendered":"http:\/\/www.zerdab.com\/?p=16418"},"modified":"2014-07-14T12:31:43","modified_gmt":"2014-07-14T07:31:43","slug":"z%c9%99rdabda-umumrayon-yigincagi-kecirildi-foto","status":"publish","type":"post","link":"https:\/\/www.zerdab.com\/?p=16418","title":{"rendered":"Z\u0259rdabda \u00fcmumrayon y\u0131\u011f\u0131nca\u011f\u0131 ke\u00e7irildi &#8211; FOTO"},"content":{"rendered":"<p align=\"center\">\n<p><span style=\"font-size: 14px; line-height: 1.5em;\"><a href=\"http:\/\/www.zerdab.com\/wp-content\/uploads\/2014\/07\/Z\u0259rdab12.jpg\"><img loading=\"lazy\" decoding=\"async\" class=\"aligncenter size-large wp-image-16420\" alt=\"Z\u0259rdab\" src=\"http:\/\/www.zerdab.com\/wp-content\/uploads\/2014\/07\/Z\u0259rdab12-550x365.jpg\" width=\"550\" height=\"365\" \/><\/a>14 iyul 2014-c\u00fc il tarixd\u0259 Z\u0259rdabda Heyd\u0259r \u018fliyev park\u0131nda \u00dcmummilli lider Heyd\u0259r \u018fliyevin \u00f6lk\u0259mizd\u0259 ilk d\u0259f\u0259 siyasi hakimiyy\u0259t\u0259 g\u0259li\u015finin 45-ci ild\u00f6n\u00fcm\u00fc m\u00fcnasib\u0259til\u0259 t\u0259nt\u0259n\u0259li \u00fcmumrayon y\u0131\u011f\u0131nca\u011f\u0131 ke\u00e7irildi. Rayon r\u0259hb\u0259rliyi, h\u00fcquq-m\u00fchafiz\u0259 orqanlar\u0131n\u0131n, idar\u0259 v\u0259 m\u00fc\u0259ssis\u0259l\u0259rin, yerli icra v\u0259 b\u0259l\u0259diyy\u0259 qurumlar\u0131n\u0131n r\u0259hb\u0259rl\u0259ri, \u0259m\u0259k kollektivl\u0259ri v\u0259 ictimaiyy\u0259tin n\u00fcmay\u0259nd\u0259l\u0259ri \u00f6nc\u0259 Ulu \u00f6nd\u0259r Heyd\u0259r \u018fliyevin abid\u0259si \u00f6n\u00fcn\u0259 g\u00fcl v\u0259\u00a0\u00e7i\u00e7\u0259k d\u0259st\u0259l\u0259ri qoydular, onun xatir\u0259sini ehtiramla yad etdil\u0259r. Daha sonra Heyd\u0259r \u018fliyev M\u0259rk\u0259zi il\u0259 tan\u0131\u015fl\u0131q oldu. M\u0259rk\u0259zd\u0259 i\u015ftirak\u00e7\u0131lara \u00dcmummilli liderin h\u0259yat v\u0259 f\u0259aliyy\u0259ti il\u0259 ba\u011fl\u0131 video\u00e7arx t\u0259qdim olundu. \u00a0<\/span><\/p>\n<p>Toplant\u0131da qeyd olundu ki, 45 il \u00f6nc\u0259 ba\u015flanan yol Heyd\u0259r \u018fliyevin xalq\u0131, mill\u0259ti il\u0259 b\u00fct\u00fcnl\u0259\u015fm\u0259si, b\u00fct\u00f6vl\u0259\u015fm\u0259si yolu olub. V\u0259 \u0259n \u0259sas\u0131 odur ki, xalq, mill\u0259t bu ill\u0259r \u0259rzind\u0259 he\u00e7 vaxt \u00f6z\u00fcn\u00fc Heyd\u0259r \u018fliyevd\u0259n, onun b\u00f6y\u00fck v\u0259 m\u00fcdrik r\u0259hb\u0259r d\u00fchas\u0131ndan ayr\u0131 g\u00f6rm\u0259yib. M\u0259hz bu s\u0259b\u0259bd\u0259ndir ki, Az\u0259rbaycan xalq\u0131 bu ill\u0259rd\u0259 \u00f6z\u00fcn\u00fc t\u0259nha, arxas\u0131z v\u0259 g\u00fcv\u0259nsiz hiss etm\u0259yib.<\/p>\n<p>Bu 45 ild\u0259 Heyd\u0259r \u018fliyev \u00a0bilavasit\u0259 hakimiyy\u0259td\u0259 olub-olmamas\u0131ndan as\u0131l\u0131 olmayaraq daim zirv\u0259d\u0259 olub. \u00c7\u00fcnki onu bu zirv\u0259y\u0259 xalq, onun etimad\u0131 v\u0259 inam\u0131 y\u00fcks\u0259ldib. \u00dcmummilli liderimiz Heyd\u0259r \u018fliyev bu ill\u0259r \u0259rzind\u0259 \u00e7ox zirv\u0259l\u0259r f\u0259th edib. Amma onun f\u0259th etdiyi \u0259n b\u00f6y\u00fck zirv\u0259 xalq\u0131n\u0131n q\u0259lbind\u0259dir. Ondan y\u00fcks\u0259k, uca zirv\u0259 yoxdur. Bu ill\u0259r \u0259rzind\u0259 Heyd\u0259r \u018fliyevin f\u0259aliyy\u0259tini, etdikl\u0259rinin mahiyy\u0259tini anlay\u0131b n\u0259tic\u0259 \u00e7\u0131xarmaq \u00fc\u00e7\u00fcn \u00f6nc\u0259 o zirv\u0259nin m\u00f6ht\u0259\u015f\u0259mliyini d\u0259rk etm\u0259k g\u0259r\u0259kdir. Heyd\u0259r \u018fliyevin Az\u0259rbaycana r\u0259hb\u0259rliy\u0259 g\u0259lm\u0259sind\u0259n \u00f6t\u0259n 45 ilin h\u0259r s\u0259hif\u0259si Az\u0259rbaycan\u0131n inki\u015faf, s\u0131naq v\u0259 \u00f6z\u00fcn\u00fct\u0259sdiq s\u0259hif\u0259sidir. \u00c7\u00fcnki bu s\u0259hif\u0259l\u0259ri v\u0259r\u0259ql\u0259m\u0259k Az\u0259rbaycan tarixinin b\u00fct\u00f6v bir q\u0259rin\u0259sin\u0259 n\u0259z\u0259r salmaq dem\u0259kdir.<\/p>\n<p>T\u0259dbir ax\u015fam saatlar\u0131nda konsert proqram\u0131 il\u0259 davam etdiril\u0259c\u0259kdir.<\/p>\n<p><strong>Z\u0259rdab Rayon \u0130cra Hakimiyy\u0259ti<a href=\"http:\/\/www.zerdab.com\/wp-content\/uploads\/2014\/07\/Z\u0259rdab41.jpg\"><img loading=\"lazy\" decoding=\"async\" class=\"aligncenter size-large wp-image-16419\" alt=\"Z\u0259rdab\" src=\"http:\/\/www.zerdab.com\/wp-content\/uploads\/2014\/07\/Z\u0259rdab41-550x365.jpg\" width=\"550\" height=\"365\" \/><\/a><a href=\"http:\/\/www.zerdab.com\/wp-content\/uploads\/2014\/07\/Z\u0259rdab13.jpg\"><img loading=\"lazy\" decoding=\"async\" class=\"aligncenter size-large wp-image-16421\" alt=\"Z\u0259rdab\" src=\"http:\/\/www.zerdab.com\/wp-content\/uploads\/2014\/07\/Z\u0259rdab13-550x365.jpg\" width=\"550\" height=\"365\" \/><\/a> <a href=\"http:\/\/www.zerdab.com\/wp-content\/uploads\/2014\/07\/Z\u0259rdab21.jpg\"><img loading=\"lazy\" decoding=\"async\" class=\"aligncenter size-large wp-image-16422\" alt=\"Z\u0259rdab2\" src=\"http:\/\/www.zerdab.com\/wp-content\/uploads\/2014\/07\/Z\u0259rdab21-550x365.jpg\" width=\"550\" height=\"365\" \/><\/a> <a href=\"http:\/\/www.zerdab.com\/wp-content\/uploads\/2014\/07\/Z\u0259rdab31.jpg\"><img loading=\"lazy\" decoding=\"async\" class=\"aligncenter size-large wp-image-16423\" alt=\"Z\u0259rdab\" src=\"http:\/\/www.zerdab.com\/wp-content\/uploads\/2014\/07\/Z\u0259rdab31-550x365.jpg\" width=\"550\" height=\"365\" \/><\/a><\/strong><\/p>\n","protected":false},"excerpt":{"rendered":"<p>14 iyul 2014-c\u00fc il tarixd\u0259 Z\u0259rdabda Heyd\u0259r \u018fliyev park\u0131nda \u00dcmummilli lider Heyd\u0259r \u018fliyevin \u00f6lk\u0259mizd\u0259 ilk d\u0259f\u0259 siyasi hakimiyy\u0259t\u0259 g\u0259li\u015finin 45-ci ild\u00f6n\u00fcm\u00fc m\u00fcnasib\u0259til\u0259 t\u0259nt\u0259n\u0259li \u00fcmumrayon y\u0131\u011f\u0131nca\u011f\u0131 ke\u00e7irildi. Rayon r\u0259hb\u0259rliyi, h\u00fcquq-m\u00fchafiz\u0259 orqanlar\u0131n\u0131n, idar\u0259 v\u0259 m\u00fc\u0259ssis\u0259l\u0259rin, yerli icra v\u0259 b\u0259l\u0259diyy\u0259 qurumlar\u0131n\u0131n r\u0259hb\u0259rl\u0259ri, \u0259m\u0259k kollektivl\u0259ri v\u0259 ictimaiyy\u0259tin n\u00fcmay\u0259nd\u0259l\u0259ri \u00f6nc\u0259 Ulu \u00f6nd\u0259r Heyd\u0259r \u018fliyevin abid\u0259si \u00f6n\u00fcn\u0259 g\u00fcl v\u0259\u00a0\u00e7i\u00e7\u0259k d\u0259st\u0259l\u0259ri qoydular, [&hellip;]<\/p>\n","protected":false},"author":1,"featured_media":0,"comment_status":"open","ping_status":"open","sticky":false,"template":"","format":"standard","meta":{"footnotes":""},"categories":[21],"tags":[],"class_list":{"0":"post-16418","1":"post","2":"type-post","3":"status-publish","4":"format-standard","6":"category-zrdab"},"yoast_head":"<!-- This site is optimized with the Yoast SEO plugin v27.0 - https:\/\/yoast.com\/product\/yoast-seo-wordpress\/ -->\n<title>Z\u0259rdabda \u00fcmumrayon y\u0131\u011f\u0131nca\u011f\u0131 ke\u00e7irildi - FOTO - Z\u0259rdab.com<\/title>\n<meta name=\"robots\" content=\"index, follow, max-snippet:-1, max-image-preview:large, max-video-preview:-1\" \/>\n<link rel=\"canonical\" href=\"https:\/\/www.zerdab.com\/?p=16418\" \/>\n<meta property=\"og:locale\" content=\"az_AZ\" \/>\n<meta property=\"og:type\" content=\"article\" \/>\n<meta property=\"og:title\" content=\"Z\u0259rdabda \u00fcmumrayon y\u0131\u011f\u0131nca\u011f\u0131 ke\u00e7irildi - FOTO - Z\u0259rdab.com\" \/>\n<meta property=\"og:description\" content=\"14 iyul 2014-c\u00fc il tarixd\u0259 Z\u0259rdabda Heyd\u0259r \u018fliyev park\u0131nda \u00dcmummilli lider Heyd\u0259r \u018fliyevin \u00f6lk\u0259mizd\u0259 ilk d\u0259f\u0259 siyasi hakimiyy\u0259t\u0259 g\u0259li\u015finin 45-ci ild\u00f6n\u00fcm\u00fc m\u00fcnasib\u0259til\u0259 t\u0259nt\u0259n\u0259li \u00fcmumrayon y\u0131\u011f\u0131nca\u011f\u0131 ke\u00e7irildi. Rayon r\u0259hb\u0259rliyi, h\u00fcquq-m\u00fchafiz\u0259 orqanlar\u0131n\u0131n, idar\u0259 v\u0259 m\u00fc\u0259ssis\u0259l\u0259rin, yerli icra v\u0259 b\u0259l\u0259diyy\u0259 qurumlar\u0131n\u0131n r\u0259hb\u0259rl\u0259ri, \u0259m\u0259k kollektivl\u0259ri v\u0259 ictimaiyy\u0259tin n\u00fcmay\u0259nd\u0259l\u0259ri \u00f6nc\u0259 Ulu \u00f6nd\u0259r Heyd\u0259r \u018fliyevin abid\u0259si \u00f6n\u00fcn\u0259 g\u00fcl v\u0259\u00a0\u00e7i\u00e7\u0259k d\u0259st\u0259l\u0259ri qoydular, [&hellip;]\" \/>\n<meta property=\"og:url\" content=\"https:\/\/www.zerdab.com\/?p=16418\" \/>\n<meta property=\"og:site_name\" content=\"Z\u0259rdab.com\" \/>\n<meta property=\"article:published_time\" content=\"2014-07-14T07:31:43+00:00\" \/>\n<meta name=\"author\" content=\"admin\" \/>\n<meta name=\"twitter:card\" content=\"summary_large_image\" \/>\n<meta name=\"twitter:label1\" content=\"Written by\" \/>\n\t<meta name=\"twitter:data1\" content=\"admin\" \/>\n\t<meta name=\"twitter:label2\" content=\"Est. reading time\" \/>\n\t<meta name=\"twitter:data2\" content=\"2 minutes\" \/>\n<script type=\"application\/ld+json\" class=\"yoast-schema-graph\">{\"@context\":\"https:\/\/schema.org\",\"@graph\":[{\"@type\":\"Article\",\"@id\":\"https:\/\/www.zerdab.com\/?p=16418#article\",\"isPartOf\":{\"@id\":\"https:\/\/www.zerdab.com\/?p=16418\"},\"author\":{\"name\":\"admin\",\"@id\":\"https:\/\/www.zerdab.com\/#\/schema\/person\/97079b7570c1e89ec0d9e138c3672136\"},\"headline\":\"Z\u0259rdabda \u00fcmumrayon y\u0131\u011f\u0131nca\u011f\u0131 ke\u00e7irildi &#8211; FOTO\",\"datePublished\":\"2014-07-14T07:31:43+00:00\",\"mainEntityOfPage\":{\"@id\":\"https:\/\/www.zerdab.com\/?p=16418\"},\"wordCount\":433,\"commentCount\":0,\"articleSection\":[\"C\u018fM\u0130YY\u018fT\"],\"inLanguage\":\"az\",\"potentialAction\":[{\"@type\":\"CommentAction\",\"name\":\"Comment\",\"target\":[\"https:\/\/www.zerdab.com\/?p=16418#respond\"]}]},{\"@type\":\"WebPage\",\"@id\":\"https:\/\/www.zerdab.com\/?p=16418\",\"url\":\"https:\/\/www.zerdab.com\/?p=16418\",\"name\":\"Z\u0259rdabda \u00fcmumrayon y\u0131\u011f\u0131nca\u011f\u0131 ke\u00e7irildi - FOTO - Z\u0259rdab.com\",\"isPartOf\":{\"@id\":\"https:\/\/www.zerdab.com\/#website\"},\"datePublished\":\"2014-07-14T07:31:43+00:00\",\"author\":{\"@id\":\"https:\/\/www.zerdab.com\/#\/schema\/person\/97079b7570c1e89ec0d9e138c3672136\"},\"breadcrumb\":{\"@id\":\"https:\/\/www.zerdab.com\/?p=16418#breadcrumb\"},\"inLanguage\":\"az\",\"potentialAction\":[{\"@type\":\"ReadAction\",\"target\":[\"https:\/\/www.zerdab.com\/?p=16418\"]}]},{\"@type\":\"BreadcrumbList\",\"@id\":\"https:\/\/www.zerdab.com\/?p=16418#breadcrumb\",\"itemListElement\":[{\"@type\":\"ListItem\",\"position\":1,\"name\":\"Home\",\"item\":\"https:\/\/www.zerdab.com\/\"},{\"@type\":\"ListItem\",\"position\":2,\"name\":\"Z\u0259rdabda \u00fcmumrayon y\u0131\u011f\u0131nca\u011f\u0131 ke\u00e7irildi &#8211; FOTO\"}]},{\"@type\":\"WebSite\",\"@id\":\"https:\/\/www.zerdab.com\/#website\",\"url\":\"https:\/\/www.zerdab.com\/\",\"name\":\"Z\u0259rdab.com\",\"description\":\"\",\"potentialAction\":[{\"@type\":\"SearchAction\",\"target\":{\"@type\":\"EntryPoint\",\"urlTemplate\":\"https:\/\/www.zerdab.com\/?s={search_term_string}\"},\"query-input\":{\"@type\":\"PropertyValueSpecification\",\"valueRequired\":true,\"valueName\":\"search_term_string\"}}],\"inLanguage\":\"az\"},{\"@type\":\"Person\",\"@id\":\"https:\/\/www.zerdab.com\/#\/schema\/person\/97079b7570c1e89ec0d9e138c3672136\",\"name\":\"admin\",\"image\":{\"@type\":\"ImageObject\",\"inLanguage\":\"az\",\"@id\":\"https:\/\/www.zerdab.com\/#\/schema\/person\/image\/\",\"url\":\"https:\/\/secure.gravatar.com\/avatar\/d9c52a9a27c32119cb6679a077fa3e2779e5f822c451cbf01098004361d466ec?s=96&d=mm&r=g\",\"contentUrl\":\"https:\/\/secure.gravatar.com\/avatar\/d9c52a9a27c32119cb6679a077fa3e2779e5f822c451cbf01098004361d466ec?s=96&d=mm&r=g\",\"caption\":\"admin\"},\"url\":\"https:\/\/www.zerdab.com\/?author=1\"}]}<\/script>\n<!-- \/ Yoast SEO plugin. -->","yoast_head_json":{"title":"Z\u0259rdabda \u00fcmumrayon y\u0131\u011f\u0131nca\u011f\u0131 ke\u00e7irildi - FOTO - Z\u0259rdab.com","robots":{"index":"index","follow":"follow","max-snippet":"max-snippet:-1","max-image-preview":"max-image-preview:large","max-video-preview":"max-video-preview:-1"},"canonical":"https:\/\/www.zerdab.com\/?p=16418","og_locale":"az_AZ","og_type":"article","og_title":"Z\u0259rdabda \u00fcmumrayon y\u0131\u011f\u0131nca\u011f\u0131 ke\u00e7irildi - FOTO - Z\u0259rdab.com","og_description":"14 iyul 2014-c\u00fc il tarixd\u0259 Z\u0259rdabda Heyd\u0259r \u018fliyev park\u0131nda \u00dcmummilli lider Heyd\u0259r \u018fliyevin \u00f6lk\u0259mizd\u0259 ilk d\u0259f\u0259 siyasi hakimiyy\u0259t\u0259 g\u0259li\u015finin 45-ci ild\u00f6n\u00fcm\u00fc m\u00fcnasib\u0259til\u0259 t\u0259nt\u0259n\u0259li \u00fcmumrayon y\u0131\u011f\u0131nca\u011f\u0131 ke\u00e7irildi. Rayon r\u0259hb\u0259rliyi, h\u00fcquq-m\u00fchafiz\u0259 orqanlar\u0131n\u0131n, idar\u0259 v\u0259 m\u00fc\u0259ssis\u0259l\u0259rin, yerli icra v\u0259 b\u0259l\u0259diyy\u0259 qurumlar\u0131n\u0131n r\u0259hb\u0259rl\u0259ri, \u0259m\u0259k kollektivl\u0259ri v\u0259 ictimaiyy\u0259tin n\u00fcmay\u0259nd\u0259l\u0259ri \u00f6nc\u0259 Ulu \u00f6nd\u0259r Heyd\u0259r \u018fliyevin abid\u0259si \u00f6n\u00fcn\u0259 g\u00fcl v\u0259\u00a0\u00e7i\u00e7\u0259k d\u0259st\u0259l\u0259ri qoydular, [&hellip;]","og_url":"https:\/\/www.zerdab.com\/?p=16418","og_site_name":"Z\u0259rdab.com","article_published_time":"2014-07-14T07:31:43+00:00","author":"admin","twitter_card":"summary_large_image","twitter_misc":{"Written by":"admin","Est. reading time":"2 minutes"},"schema":{"@context":"https:\/\/schema.org","@graph":[{"@type":"Article","@id":"https:\/\/www.zerdab.com\/?p=16418#article","isPartOf":{"@id":"https:\/\/www.zerdab.com\/?p=16418"},"author":{"name":"admin","@id":"https:\/\/www.zerdab.com\/#\/schema\/person\/97079b7570c1e89ec0d9e138c3672136"},"headline":"Z\u0259rdabda \u00fcmumrayon y\u0131\u011f\u0131nca\u011f\u0131 ke\u00e7irildi &#8211; FOTO","datePublished":"2014-07-14T07:31:43+00:00","mainEntityOfPage":{"@id":"https:\/\/www.zerdab.com\/?p=16418"},"wordCount":433,"commentCount":0,"articleSection":["C\u018fM\u0130YY\u018fT"],"inLanguage":"az","potentialAction":[{"@type":"CommentAction","name":"Comment","target":["https:\/\/www.zerdab.com\/?p=16418#respond"]}]},{"@type":"WebPage","@id":"https:\/\/www.zerdab.com\/?p=16418","url":"https:\/\/www.zerdab.com\/?p=16418","name":"Z\u0259rdabda \u00fcmumrayon y\u0131\u011f\u0131nca\u011f\u0131 ke\u00e7irildi - FOTO - Z\u0259rdab.com","isPartOf":{"@id":"https:\/\/www.zerdab.com\/#website"},"datePublished":"2014-07-14T07:31:43+00:00","author":{"@id":"https:\/\/www.zerdab.com\/#\/schema\/person\/97079b7570c1e89ec0d9e138c3672136"},"breadcrumb":{"@id":"https:\/\/www.zerdab.com\/?p=16418#breadcrumb"},"inLanguage":"az","potentialAction":[{"@type":"ReadAction","target":["https:\/\/www.zerdab.com\/?p=16418"]}]},{"@type":"BreadcrumbList","@id":"https:\/\/www.zerdab.com\/?p=16418#breadcrumb","itemListElement":[{"@type":"ListItem","position":1,"name":"Home","item":"https:\/\/www.zerdab.com\/"},{"@type":"ListItem","position":2,"name":"Z\u0259rdabda \u00fcmumrayon y\u0131\u011f\u0131nca\u011f\u0131 ke\u00e7irildi &#8211; FOTO"}]},{"@type":"WebSite","@id":"https:\/\/www.zerdab.com\/#website","url":"https:\/\/www.zerdab.com\/","name":"Z\u0259rdab.com","description":"","potentialAction":[{"@type":"SearchAction","target":{"@type":"EntryPoint","urlTemplate":"https:\/\/www.zerdab.com\/?s={search_term_string}"},"query-input":{"@type":"PropertyValueSpecification","valueRequired":true,"valueName":"search_term_string"}}],"inLanguage":"az"},{"@type":"Person","@id":"https:\/\/www.zerdab.com\/#\/schema\/person\/97079b7570c1e89ec0d9e138c3672136","name":"admin","image":{"@type":"ImageObject","inLanguage":"az","@id":"https:\/\/www.zerdab.com\/#\/schema\/person\/image\/","url":"https:\/\/secure.gravatar.com\/avatar\/d9c52a9a27c32119cb6679a077fa3e2779e5f822c451cbf01098004361d466ec?s=96&d=mm&r=g","contentUrl":"https:\/\/secure.gravatar.com\/avatar\/d9c52a9a27c32119cb6679a077fa3e2779e5f822c451cbf01098004361d466ec?s=96&d=mm&r=g","caption":"admin"},"url":"https:\/\/www.zerdab.com\/?author=1"}]}},"_links":{"self":[{"href":"https:\/\/www.zerdab.com\/index.php?rest_route=\/wp\/v2\/posts\/16418","targetHints":{"allow":["GET"]}}],"collection":[{"href":"https:\/\/www.zerdab.com\/index.php?rest_route=\/wp\/v2\/posts"}],"about":[{"href":"https:\/\/www.zerdab.com\/index.php?rest_route=\/wp\/v2\/types\/post"}],"author":[{"embeddable":true,"href":"https:\/\/www.zerdab.com\/index.php?rest_route=\/wp\/v2\/users\/1"}],"replies":[{"embeddable":true,"href":"https:\/\/www.zerdab.com\/index.php?rest_route=%2Fwp%2Fv2%2Fcomments&post=16418"}],"version-history":[{"count":2,"href":"https:\/\/www.zerdab.com\/index.php?rest_route=\/wp\/v2\/posts\/16418\/revisions"}],"predecessor-version":[{"id":16426,"href":"https:\/\/www.zerdab.com\/index.php?rest_route=\/wp\/v2\/posts\/16418\/revisions\/16426"}],"wp:attachment":[{"href":"https:\/\/www.zerdab.com\/index.php?rest_route=%2Fwp%2Fv2%2Fmedia&parent=16418"}],"wp:term":[{"taxonomy":"category","embeddable":true,"href":"https:\/\/www.zerdab.com\/index.php?rest_route=%2Fwp%2Fv2%2Fcategories&post=16418"},{"taxonomy":"post_tag","embeddable":true,"href":"https:\/\/www.zerdab.com\/index.php?rest_route=%2Fwp%2Fv2%2Ftags&post=16418"}],"curies":[{"name":"wp","href":"https:\/\/api.w.org\/{rel}","templated":true}]}}