{"id":16433,"date":"2014-07-14T23:54:57","date_gmt":"2014-07-14T18:54:57","guid":{"rendered":"http:\/\/www.zerdab.com\/?p=16433"},"modified":"2014-07-14T23:56:35","modified_gmt":"2014-07-14T18:56:35","slug":"z%c9%99rdabda-g%c9%99ncl%c9%99r%c9%99-kitab-v%c9%99-bukletl%c9%99r-paylanir-foto","status":"publish","type":"post","link":"https:\/\/www.zerdab.com\/?p=16433","title":{"rendered":"Z\u0259rdabda g\u0259ncl\u0259r\u0259 kitab v\u0259 bukletl\u0259r paylan\u0131r &#8211; FOTO"},"content":{"rendered":"<p><a href=\"http:\/\/www.zerdab.com\/wp-content\/uploads\/2014\/07\/Region-G\u0259ncl\u0259rinin-\u0130nki\u015faf\u0131na-T\u00f6hf\u0259-\u0130ctimai-Birliyi3.jpg\"><img loading=\"lazy\" decoding=\"async\" class=\"aligncenter size-large wp-image-16437\" alt=\"Region G\u0259ncl\u0259rinin \u0130nki\u015faf\u0131na T\u00f6hf\u0259 \u0130ctimai Birliyi\" src=\"http:\/\/www.zerdab.com\/wp-content\/uploads\/2014\/07\/Region-G\u0259ncl\u0259rinin-\u0130nki\u015faf\u0131na-T\u00f6hf\u0259-\u0130ctimai-Birliyi3-412x550.jpg\" width=\"412\" height=\"550\" \/><\/a>Az\u0259rbaycan Respublikas\u0131n\u0131n Prezidenti Yan\u0131nda G\u0259ncl\u0259r Fondunun maliyy\u0259 d\u0259st\u0259yi il\u0259 h\u0259yata ke\u00e7iril\u0259n &#8220;Region G\u0259ncl\u0259rinin \u0130nki\u015faf\u0131na T\u00f6hf\u0259&#8221; \u0130ctimai Birliyinin &#8220;Tariximiz, soyk\u00f6k\u00fcm\u00fcz, q\u00fcdr\u0259tli d\u00f6vl\u0259timiz&#8221; adl\u0131 layih\u0259sinin icras\u0131 davam edir. Layih\u0259 \u00e7\u0259rciv\u0259sind\u0259 g\u0259ncl\u0259r 20-22 iyun 2014-c\u00fc il tarixl\u0259rind\u0259 L\u0259nk\u0259ran \u015f\u0259h\u0259rind\u0259 t\u0259\u015fkil olunan g\u0259ncl\u0259rin v\u0259t\u0259np\u0259rv\u0259rlik d\u00fc\u015f\u0259rg\u0259sind\u0259 i\u015ftirak etdil\u0259r. Layih\u0259nin davam\u0131 olaraq Z\u0259rdab rayon \u0259razisind\u0259 g\u0259ncl\u0259rin s\u0131x topla\u015fd\u0131\u011f\u0131 yerl\u0259rd\u0259 yeniyetm\u0259 v\u0259 g\u0259ncl\u0259rd\u0259 v\u0259t\u0259np\u0259rv\u0259rlik hisl\u0259rinin daha da art\u0131r\u0131lmas\u0131 m\u0259qs\u0259di il\u0259 m\u00f6vzuya uy\u011fun \u00e7ap olunmu\u015f kitab v\u0259 bukletl\u0259rin paylan\u0131lmas\u0131 t\u0259min olunur. Layih\u0259 17 iyul 2014-c\u00fc il tarixin\u0259d\u0259k davam ed\u0259c\u0259k.<\/p>\n<p><span style=\"color: #0000ff;\"><strong>&#8220;Region G\u0259ncl\u0259rinin \u0130nki\u015faf\u0131na T\u00f6hf\u0259&#8221; \u0130ctimai Birliyi<\/strong><\/span><\/p>\n<p><a href=\"http:\/\/www.zerdab.com\/wp-content\/uploads\/2014\/07\/Region-G\u0259ncl\u0259rinin-\u0130nki\u015faf\u0131na-T\u00f6hf\u0259-\u0130ctimai-Birliyi2.jpg\"><img loading=\"lazy\" decoding=\"async\" class=\"aligncenter size-large wp-image-16436\" alt=\"Region G\u0259ncl\u0259rinin \u0130nki\u015faf\u0131na T\u00f6hf\u0259 \u0130ctimai Birliyi\" src=\"http:\/\/www.zerdab.com\/wp-content\/uploads\/2014\/07\/Region-G\u0259ncl\u0259rinin-\u0130nki\u015faf\u0131na-T\u00f6hf\u0259-\u0130ctimai-Birliyi2-550x412.jpg\" width=\"550\" height=\"412\" \/><\/a><a href=\"http:\/\/www.zerdab.com\/wp-content\/uploads\/2014\/07\/Region-G\u0259ncl\u0259rinin-\u0130nki\u015faf\u0131na-T\u00f6hf\u0259-\u0130ctimai-Birliyi1.jpg\"><img loading=\"lazy\" decoding=\"async\" class=\"aligncenter size-large wp-image-16435\" alt=\"Region G\u0259ncl\u0259rinin \u0130nki\u015faf\u0131na T\u00f6hf\u0259 \u0130ctimai Birliyi\" src=\"http:\/\/www.zerdab.com\/wp-content\/uploads\/2014\/07\/Region-G\u0259ncl\u0259rinin-\u0130nki\u015faf\u0131na-T\u00f6hf\u0259-\u0130ctimai-Birliyi1-412x550.jpg\" width=\"412\" height=\"550\" \/><\/a><a href=\"http:\/\/www.zerdab.com\/wp-content\/uploads\/2014\/07\/Region-G\u0259ncl\u0259rinin-\u0130nki\u015faf\u0131na-T\u00f6hf\u0259-\u0130ctimai-Birliyi.jpg\"><img loading=\"lazy\" decoding=\"async\" class=\"aligncenter size-large wp-image-16434\" alt=\"Region G\u0259ncl\u0259rinin \u0130nki\u015faf\u0131na T\u00f6hf\u0259 \u0130ctimai Birliyi\" src=\"http:\/\/www.zerdab.com\/wp-content\/uploads\/2014\/07\/Region-G\u0259ncl\u0259rinin-\u0130nki\u015faf\u0131na-T\u00f6hf\u0259-\u0130ctimai-Birliyi-412x550.jpg\" width=\"412\" height=\"550\" \/><\/a><\/p>\n","protected":false},"excerpt":{"rendered":"<p>Az\u0259rbaycan Respublikas\u0131n\u0131n Prezidenti Yan\u0131nda G\u0259ncl\u0259r Fondunun maliyy\u0259 d\u0259st\u0259yi il\u0259 h\u0259yata ke\u00e7iril\u0259n &#8220;Region G\u0259ncl\u0259rinin \u0130nki\u015faf\u0131na T\u00f6hf\u0259&#8221; \u0130ctimai Birliyinin &#8220;Tariximiz, soyk\u00f6k\u00fcm\u00fcz, q\u00fcdr\u0259tli d\u00f6vl\u0259timiz&#8221; adl\u0131 layih\u0259sinin icras\u0131 davam edir. Layih\u0259 \u00e7\u0259rciv\u0259sind\u0259 g\u0259ncl\u0259r 20-22 iyun 2014-c\u00fc il tarixl\u0259rind\u0259 L\u0259nk\u0259ran \u015f\u0259h\u0259rind\u0259 t\u0259\u015fkil olunan g\u0259ncl\u0259rin v\u0259t\u0259np\u0259rv\u0259rlik d\u00fc\u015f\u0259rg\u0259sind\u0259 i\u015ftirak etdil\u0259r. Layih\u0259nin davam\u0131 olaraq Z\u0259rdab rayon \u0259razisind\u0259 g\u0259ncl\u0259rin s\u0131x topla\u015fd\u0131\u011f\u0131 yerl\u0259rd\u0259 yeniyetm\u0259 v\u0259 [&hellip;]<\/p>\n","protected":false},"author":1,"featured_media":0,"comment_status":"open","ping_status":"open","sticky":false,"template":"","format":"standard","meta":{"footnotes":""},"categories":[5],"tags":[],"class_list":{"0":"post-16433","1":"post","2":"type-post","3":"status-publish","4":"format-standard","6":"category-knd"},"yoast_head":"<!-- This site is optimized with the Yoast SEO plugin v27.0 - https:\/\/yoast.com\/product\/yoast-seo-wordpress\/ -->\n<title>Z\u0259rdabda g\u0259ncl\u0259r\u0259 kitab v\u0259 bukletl\u0259r paylan\u0131r - FOTO - Z\u0259rdab.com<\/title>\n<meta name=\"robots\" content=\"index, follow, max-snippet:-1, max-image-preview:large, max-video-preview:-1\" \/>\n<link rel=\"canonical\" href=\"https:\/\/www.zerdab.com\/?p=16433\" \/>\n<meta property=\"og:locale\" content=\"az_AZ\" \/>\n<meta property=\"og:type\" content=\"article\" \/>\n<meta property=\"og:title\" content=\"Z\u0259rdabda g\u0259ncl\u0259r\u0259 kitab v\u0259 bukletl\u0259r paylan\u0131r - FOTO - Z\u0259rdab.com\" \/>\n<meta property=\"og:description\" content=\"Az\u0259rbaycan Respublikas\u0131n\u0131n Prezidenti Yan\u0131nda G\u0259ncl\u0259r Fondunun maliyy\u0259 d\u0259st\u0259yi il\u0259 h\u0259yata ke\u00e7iril\u0259n &#8220;Region G\u0259ncl\u0259rinin \u0130nki\u015faf\u0131na T\u00f6hf\u0259&#8221; \u0130ctimai Birliyinin &#8220;Tariximiz, soyk\u00f6k\u00fcm\u00fcz, q\u00fcdr\u0259tli d\u00f6vl\u0259timiz&#8221; adl\u0131 layih\u0259sinin icras\u0131 davam edir. Layih\u0259 \u00e7\u0259rciv\u0259sind\u0259 g\u0259ncl\u0259r 20-22 iyun 2014-c\u00fc il tarixl\u0259rind\u0259 L\u0259nk\u0259ran \u015f\u0259h\u0259rind\u0259 t\u0259\u015fkil olunan g\u0259ncl\u0259rin v\u0259t\u0259np\u0259rv\u0259rlik d\u00fc\u015f\u0259rg\u0259sind\u0259 i\u015ftirak etdil\u0259r. Layih\u0259nin davam\u0131 olaraq Z\u0259rdab rayon \u0259razisind\u0259 g\u0259ncl\u0259rin s\u0131x topla\u015fd\u0131\u011f\u0131 yerl\u0259rd\u0259 yeniyetm\u0259 v\u0259 [&hellip;]\" \/>\n<meta property=\"og:url\" content=\"https:\/\/www.zerdab.com\/?p=16433\" \/>\n<meta property=\"og:site_name\" content=\"Z\u0259rdab.com\" \/>\n<meta property=\"article:published_time\" content=\"2014-07-14T18:54:57+00:00\" \/>\n<meta property=\"article:modified_time\" content=\"2014-07-14T18:56:35+00:00\" \/>\n<meta name=\"author\" content=\"admin\" \/>\n<meta name=\"twitter:card\" content=\"summary_large_image\" \/>\n<meta name=\"twitter:label1\" content=\"Written by\" \/>\n\t<meta name=\"twitter:data1\" content=\"admin\" \/>\n\t<meta name=\"twitter:label2\" content=\"Est. reading time\" \/>\n\t<meta name=\"twitter:data2\" content=\"1 minute\" \/>\n<script type=\"application\/ld+json\" class=\"yoast-schema-graph\">{\"@context\":\"https:\/\/schema.org\",\"@graph\":[{\"@type\":\"Article\",\"@id\":\"https:\/\/www.zerdab.com\/?p=16433#article\",\"isPartOf\":{\"@id\":\"https:\/\/www.zerdab.com\/?p=16433\"},\"author\":{\"name\":\"admin\",\"@id\":\"https:\/\/www.zerdab.com\/#\/schema\/person\/97079b7570c1e89ec0d9e138c3672136\"},\"headline\":\"Z\u0259rdabda g\u0259ncl\u0259r\u0259 kitab v\u0259 bukletl\u0259r paylan\u0131r &#8211; FOTO\",\"datePublished\":\"2014-07-14T18:54:57+00:00\",\"dateModified\":\"2014-07-14T18:56:35+00:00\",\"mainEntityOfPage\":{\"@id\":\"https:\/\/www.zerdab.com\/?p=16433\"},\"wordCount\":173,\"commentCount\":0,\"articleSection\":[\"X\u018fB\u018fRL\u018fR\"],\"inLanguage\":\"az\",\"potentialAction\":[{\"@type\":\"CommentAction\",\"name\":\"Comment\",\"target\":[\"https:\/\/www.zerdab.com\/?p=16433#respond\"]}]},{\"@type\":\"WebPage\",\"@id\":\"https:\/\/www.zerdab.com\/?p=16433\",\"url\":\"https:\/\/www.zerdab.com\/?p=16433\",\"name\":\"Z\u0259rdabda g\u0259ncl\u0259r\u0259 kitab v\u0259 bukletl\u0259r paylan\u0131r - FOTO - Z\u0259rdab.com\",\"isPartOf\":{\"@id\":\"https:\/\/www.zerdab.com\/#website\"},\"datePublished\":\"2014-07-14T18:54:57+00:00\",\"dateModified\":\"2014-07-14T18:56:35+00:00\",\"author\":{\"@id\":\"https:\/\/www.zerdab.com\/#\/schema\/person\/97079b7570c1e89ec0d9e138c3672136\"},\"breadcrumb\":{\"@id\":\"https:\/\/www.zerdab.com\/?p=16433#breadcrumb\"},\"inLanguage\":\"az\",\"potentialAction\":[{\"@type\":\"ReadAction\",\"target\":[\"https:\/\/www.zerdab.com\/?p=16433\"]}]},{\"@type\":\"BreadcrumbList\",\"@id\":\"https:\/\/www.zerdab.com\/?p=16433#breadcrumb\",\"itemListElement\":[{\"@type\":\"ListItem\",\"position\":1,\"name\":\"Home\",\"item\":\"https:\/\/www.zerdab.com\/\"},{\"@type\":\"ListItem\",\"position\":2,\"name\":\"Z\u0259rdabda g\u0259ncl\u0259r\u0259 kitab v\u0259 bukletl\u0259r paylan\u0131r &#8211; FOTO\"}]},{\"@type\":\"WebSite\",\"@id\":\"https:\/\/www.zerdab.com\/#website\",\"url\":\"https:\/\/www.zerdab.com\/\",\"name\":\"Z\u0259rdab.com\",\"description\":\"\",\"potentialAction\":[{\"@type\":\"SearchAction\",\"target\":{\"@type\":\"EntryPoint\",\"urlTemplate\":\"https:\/\/www.zerdab.com\/?s={search_term_string}\"},\"query-input\":{\"@type\":\"PropertyValueSpecification\",\"valueRequired\":true,\"valueName\":\"search_term_string\"}}],\"inLanguage\":\"az\"},{\"@type\":\"Person\",\"@id\":\"https:\/\/www.zerdab.com\/#\/schema\/person\/97079b7570c1e89ec0d9e138c3672136\",\"name\":\"admin\",\"image\":{\"@type\":\"ImageObject\",\"inLanguage\":\"az\",\"@id\":\"https:\/\/www.zerdab.com\/#\/schema\/person\/image\/\",\"url\":\"https:\/\/secure.gravatar.com\/avatar\/d9c52a9a27c32119cb6679a077fa3e2779e5f822c451cbf01098004361d466ec?s=96&d=mm&r=g\",\"contentUrl\":\"https:\/\/secure.gravatar.com\/avatar\/d9c52a9a27c32119cb6679a077fa3e2779e5f822c451cbf01098004361d466ec?s=96&d=mm&r=g\",\"caption\":\"admin\"},\"url\":\"https:\/\/www.zerdab.com\/?author=1\"}]}<\/script>\n<!-- \/ Yoast SEO plugin. -->","yoast_head_json":{"title":"Z\u0259rdabda g\u0259ncl\u0259r\u0259 kitab v\u0259 bukletl\u0259r paylan\u0131r - FOTO - Z\u0259rdab.com","robots":{"index":"index","follow":"follow","max-snippet":"max-snippet:-1","max-image-preview":"max-image-preview:large","max-video-preview":"max-video-preview:-1"},"canonical":"https:\/\/www.zerdab.com\/?p=16433","og_locale":"az_AZ","og_type":"article","og_title":"Z\u0259rdabda g\u0259ncl\u0259r\u0259 kitab v\u0259 bukletl\u0259r paylan\u0131r - FOTO - Z\u0259rdab.com","og_description":"Az\u0259rbaycan Respublikas\u0131n\u0131n Prezidenti Yan\u0131nda G\u0259ncl\u0259r Fondunun maliyy\u0259 d\u0259st\u0259yi il\u0259 h\u0259yata ke\u00e7iril\u0259n &#8220;Region G\u0259ncl\u0259rinin \u0130nki\u015faf\u0131na T\u00f6hf\u0259&#8221; \u0130ctimai Birliyinin &#8220;Tariximiz, soyk\u00f6k\u00fcm\u00fcz, q\u00fcdr\u0259tli d\u00f6vl\u0259timiz&#8221; adl\u0131 layih\u0259sinin icras\u0131 davam edir. Layih\u0259 \u00e7\u0259rciv\u0259sind\u0259 g\u0259ncl\u0259r 20-22 iyun 2014-c\u00fc il tarixl\u0259rind\u0259 L\u0259nk\u0259ran \u015f\u0259h\u0259rind\u0259 t\u0259\u015fkil olunan g\u0259ncl\u0259rin v\u0259t\u0259np\u0259rv\u0259rlik d\u00fc\u015f\u0259rg\u0259sind\u0259 i\u015ftirak etdil\u0259r. Layih\u0259nin davam\u0131 olaraq Z\u0259rdab rayon \u0259razisind\u0259 g\u0259ncl\u0259rin s\u0131x topla\u015fd\u0131\u011f\u0131 yerl\u0259rd\u0259 yeniyetm\u0259 v\u0259 [&hellip;]","og_url":"https:\/\/www.zerdab.com\/?p=16433","og_site_name":"Z\u0259rdab.com","article_published_time":"2014-07-14T18:54:57+00:00","article_modified_time":"2014-07-14T18:56:35+00:00","author":"admin","twitter_card":"summary_large_image","twitter_misc":{"Written by":"admin","Est. reading time":"1 minute"},"schema":{"@context":"https:\/\/schema.org","@graph":[{"@type":"Article","@id":"https:\/\/www.zerdab.com\/?p=16433#article","isPartOf":{"@id":"https:\/\/www.zerdab.com\/?p=16433"},"author":{"name":"admin","@id":"https:\/\/www.zerdab.com\/#\/schema\/person\/97079b7570c1e89ec0d9e138c3672136"},"headline":"Z\u0259rdabda g\u0259ncl\u0259r\u0259 kitab v\u0259 bukletl\u0259r paylan\u0131r &#8211; FOTO","datePublished":"2014-07-14T18:54:57+00:00","dateModified":"2014-07-14T18:56:35+00:00","mainEntityOfPage":{"@id":"https:\/\/www.zerdab.com\/?p=16433"},"wordCount":173,"commentCount":0,"articleSection":["X\u018fB\u018fRL\u018fR"],"inLanguage":"az","potentialAction":[{"@type":"CommentAction","name":"Comment","target":["https:\/\/www.zerdab.com\/?p=16433#respond"]}]},{"@type":"WebPage","@id":"https:\/\/www.zerdab.com\/?p=16433","url":"https:\/\/www.zerdab.com\/?p=16433","name":"Z\u0259rdabda g\u0259ncl\u0259r\u0259 kitab v\u0259 bukletl\u0259r paylan\u0131r - FOTO - Z\u0259rdab.com","isPartOf":{"@id":"https:\/\/www.zerdab.com\/#website"},"datePublished":"2014-07-14T18:54:57+00:00","dateModified":"2014-07-14T18:56:35+00:00","author":{"@id":"https:\/\/www.zerdab.com\/#\/schema\/person\/97079b7570c1e89ec0d9e138c3672136"},"breadcrumb":{"@id":"https:\/\/www.zerdab.com\/?p=16433#breadcrumb"},"inLanguage":"az","potentialAction":[{"@type":"ReadAction","target":["https:\/\/www.zerdab.com\/?p=16433"]}]},{"@type":"BreadcrumbList","@id":"https:\/\/www.zerdab.com\/?p=16433#breadcrumb","itemListElement":[{"@type":"ListItem","position":1,"name":"Home","item":"https:\/\/www.zerdab.com\/"},{"@type":"ListItem","position":2,"name":"Z\u0259rdabda g\u0259ncl\u0259r\u0259 kitab v\u0259 bukletl\u0259r paylan\u0131r &#8211; FOTO"}]},{"@type":"WebSite","@id":"https:\/\/www.zerdab.com\/#website","url":"https:\/\/www.zerdab.com\/","name":"Z\u0259rdab.com","description":"","potentialAction":[{"@type":"SearchAction","target":{"@type":"EntryPoint","urlTemplate":"https:\/\/www.zerdab.com\/?s={search_term_string}"},"query-input":{"@type":"PropertyValueSpecification","valueRequired":true,"valueName":"search_term_string"}}],"inLanguage":"az"},{"@type":"Person","@id":"https:\/\/www.zerdab.com\/#\/schema\/person\/97079b7570c1e89ec0d9e138c3672136","name":"admin","image":{"@type":"ImageObject","inLanguage":"az","@id":"https:\/\/www.zerdab.com\/#\/schema\/person\/image\/","url":"https:\/\/secure.gravatar.com\/avatar\/d9c52a9a27c32119cb6679a077fa3e2779e5f822c451cbf01098004361d466ec?s=96&d=mm&r=g","contentUrl":"https:\/\/secure.gravatar.com\/avatar\/d9c52a9a27c32119cb6679a077fa3e2779e5f822c451cbf01098004361d466ec?s=96&d=mm&r=g","caption":"admin"},"url":"https:\/\/www.zerdab.com\/?author=1"}]}},"_links":{"self":[{"href":"https:\/\/www.zerdab.com\/index.php?rest_route=\/wp\/v2\/posts\/16433","targetHints":{"allow":["GET"]}}],"collection":[{"href":"https:\/\/www.zerdab.com\/index.php?rest_route=\/wp\/v2\/posts"}],"about":[{"href":"https:\/\/www.zerdab.com\/index.php?rest_route=\/wp\/v2\/types\/post"}],"author":[{"embeddable":true,"href":"https:\/\/www.zerdab.com\/index.php?rest_route=\/wp\/v2\/users\/1"}],"replies":[{"embeddable":true,"href":"https:\/\/www.zerdab.com\/index.php?rest_route=%2Fwp%2Fv2%2Fcomments&post=16433"}],"version-history":[{"count":2,"href":"https:\/\/www.zerdab.com\/index.php?rest_route=\/wp\/v2\/posts\/16433\/revisions"}],"predecessor-version":[{"id":16439,"href":"https:\/\/www.zerdab.com\/index.php?rest_route=\/wp\/v2\/posts\/16433\/revisions\/16439"}],"wp:attachment":[{"href":"https:\/\/www.zerdab.com\/index.php?rest_route=%2Fwp%2Fv2%2Fmedia&parent=16433"}],"wp:term":[{"taxonomy":"category","embeddable":true,"href":"https:\/\/www.zerdab.com\/index.php?rest_route=%2Fwp%2Fv2%2Fcategories&post=16433"},{"taxonomy":"post_tag","embeddable":true,"href":"https:\/\/www.zerdab.com\/index.php?rest_route=%2Fwp%2Fv2%2Ftags&post=16433"}],"curies":[{"name":"wp","href":"https:\/\/api.w.org\/{rel}","templated":true}]}}