{"id":16460,"date":"2014-07-17T10:23:18","date_gmt":"2014-07-17T05:23:18","guid":{"rendered":"http:\/\/www.zerdab.com\/?p=16460"},"modified":"2014-07-17T10:23:18","modified_gmt":"2014-07-17T05:23:18","slug":"naxcivanin-90-illik-yubileyi-z%c9%99rdabda-qeyd-olundu","status":"publish","type":"post","link":"https:\/\/www.zerdab.com\/?p=16460","title":{"rendered":"Nax\u00e7\u0131van\u0131n 90 illik yubileyi Z\u0259rdabda qeyd olundu"},"content":{"rendered":"<p><a href=\"http:\/\/www.zerdab.com\/wp-content\/uploads\/2014\/07\/Z\u0259rdab-rayonu.jpg\"><img loading=\"lazy\" decoding=\"async\" class=\"aligncenter size-large wp-image-16461\" alt=\"Z\u0259rdab rayonu\" src=\"http:\/\/www.zerdab.com\/wp-content\/uploads\/2014\/07\/Z\u0259rdab-rayonu-550x412.jpg\" width=\"550\" height=\"412\" \/><\/a>Az\u0259rbaycan Respublikas\u0131n\u0131n Prezidenti c\u0259nab \u0130lham \u018fliyev \u201cNax\u00e7\u0131van Muxtar Respublikas\u0131n\u0131n 90 illik yubileyinin ke\u00e7irilm\u0259si haqq\u0131nda\u201d s\u0259r\u0259ncam imzalay\u0131b. S\u0259r\u0259ncam\u0131n icras\u0131n\u0131 t\u0259min\u00a0 etm\u0259k\u00a0 m\u0259qs\u0259di\u00a0 il\u0259 Az\u0259rbaycan Respublikas\u0131n\u0131n\u00a0 M\u0259d\u0259niyy\u0259t\u00a0 v\u0259\u00a0 Turizm\u00a0 Nazirliyinin m\u00fcvafiq t\u0259dbirl\u0259r plan\u0131 t\u0259sdiq edilmi\u015fdir.<\/p>\n<p>Z\u0259rdab Rayon Tarix-Diyar\u015f\u00fcnasl\u0131q\u00a0 Muzeyind\u0259 Nax\u00e7\u0131van Muxtar Respublikas\u0131n\u0131n 90 illik\u00a0 yubileyin\u0259 h\u0259sr olunmu\u015f d\u0259yirmi masa ke\u00e7irildi. T\u0259dbiri giri\u015f s\u00f6z\u00fc il\u0259 muzeyin direktoru \u015eahnaz Mustafayeva a\u00e7d\u0131. Sonra muzeyin b\u0259l\u0259d\u00e7isi Sevda \u018fzizova \u201cNax\u00e7\u0131van Muxtar Respublikas\u0131n\u0131n 90 illiyi\u201d, muzeyin i\u015f\u00e7isi Ayb\u0259niz Abdullayeva \u201cNax\u00e7\u0131van\u0131n\u00a0 arxealoji abid\u0259l\u0259ri, tarixi irsimizin varislik r\u0259mzidir\u201d v\u0259 Z\u0259rdab Rayon M\u0259d\u0259niyy\u0259t v\u0259 Turizm \u015e\u00f6b\u0259si \u00fczr\u0259 Abid\u0259l\u0259rin\u00a0 m\u00fchafiz\u0259\u00e7isi Sevinc Musayeva \u201cNax\u00e7\u0131van\u0131n M\u0259d\u0259niyy\u0259t v\u0259 tarixi abid\u0259l\u0259ri\u201d adl\u0131 m\u0259ruz\u0259 il\u0259 \u00e7\u0131x\u0131\u015f etdil\u0259r. T\u0259dbird\u0259 H\u0259s\u0259n b\u0259y Z\u0259rdabi Muzeyinin, Veteranlar klubunun i\u015f\u00e7il\u0259ri i\u015ftirak edirdil\u0259r. Veteranlar klubunun m\u00fcdiri Sevinc\u00a0 M\u00fcrs\u0259liyeva v\u0259 37 sayl\u0131 M\u0259rk\u0259zl\u0259\u015fmi\u015f Kitabxana Sisteminin kitabxana\u00e7\u0131s\u0131 F\u0259rqiyy\u0259 R\u0259sulova Nax\u00e7\u0131van Muxtar\u00a0 Respublikas\u0131n\u0131n yetirdiyi tarixi \u015f\u0259siyy\u0259tl\u0259r v\u0259 siyasi xadiml\u0259r haqq\u0131nda \u0259trafl\u0131 \u00e7\u0131x\u0131\u015f etdil\u0259r.<\/p>\n<p>Sonra \u201cNax\u00e7\u0131van Muxtar Respublikas\u0131n\u0131n tarixi abid\u0259l\u0259ri\u201d adl\u0131 s\u0259rgi\u00a0 il\u0259\u00a0 tan\u0131\u015fl\u0131q oldu.<\/p>\n<p><span style=\"color: #0000ff;\"><strong>\u00a0Z\u0259rdab Rayon Tarix-Diyar\u015f\u00fcnasl\u0131q Muzeyinin direktoru \u015eahnaz Mustafayeva\u00a0\u00a0\u00a0\u00a0\u00a0\u00a0\u00a0\u00a0<\/strong> <\/span><\/p>\n","protected":false},"excerpt":{"rendered":"<p>Az\u0259rbaycan Respublikas\u0131n\u0131n Prezidenti c\u0259nab \u0130lham \u018fliyev \u201cNax\u00e7\u0131van Muxtar Respublikas\u0131n\u0131n 90 illik yubileyinin ke\u00e7irilm\u0259si haqq\u0131nda\u201d s\u0259r\u0259ncam imzalay\u0131b. S\u0259r\u0259ncam\u0131n icras\u0131n\u0131 t\u0259min\u00a0 etm\u0259k\u00a0 m\u0259qs\u0259di\u00a0 il\u0259 Az\u0259rbaycan Respublikas\u0131n\u0131n\u00a0 M\u0259d\u0259niyy\u0259t\u00a0 v\u0259\u00a0 Turizm\u00a0 Nazirliyinin m\u00fcvafiq t\u0259dbirl\u0259r plan\u0131 t\u0259sdiq edilmi\u015fdir. Z\u0259rdab Rayon Tarix-Diyar\u015f\u00fcnasl\u0131q\u00a0 Muzeyind\u0259 Nax\u00e7\u0131van Muxtar Respublikas\u0131n\u0131n 90 illik\u00a0 yubileyin\u0259 h\u0259sr olunmu\u015f d\u0259yirmi masa ke\u00e7irildi. T\u0259dbiri giri\u015f s\u00f6z\u00fc il\u0259 muzeyin direktoru \u015eahnaz [&hellip;]<\/p>\n","protected":false},"author":1,"featured_media":0,"comment_status":"open","ping_status":"open","sticky":false,"template":"","format":"standard","meta":{"footnotes":""},"categories":[21],"tags":[],"class_list":{"0":"post-16460","1":"post","2":"type-post","3":"status-publish","4":"format-standard","6":"category-zrdab"},"yoast_head":"<!-- This site is optimized with the Yoast SEO plugin v27.0 - https:\/\/yoast.com\/product\/yoast-seo-wordpress\/ -->\n<title>Nax\u00e7\u0131van\u0131n 90 illik yubileyi Z\u0259rdabda qeyd olundu - Z\u0259rdab.com<\/title>\n<meta name=\"robots\" content=\"index, follow, max-snippet:-1, max-image-preview:large, max-video-preview:-1\" \/>\n<link rel=\"canonical\" href=\"https:\/\/www.zerdab.com\/?p=16460\" \/>\n<meta property=\"og:locale\" content=\"az_AZ\" \/>\n<meta property=\"og:type\" content=\"article\" \/>\n<meta property=\"og:title\" content=\"Nax\u00e7\u0131van\u0131n 90 illik yubileyi Z\u0259rdabda qeyd olundu - Z\u0259rdab.com\" \/>\n<meta property=\"og:description\" content=\"Az\u0259rbaycan Respublikas\u0131n\u0131n Prezidenti c\u0259nab \u0130lham \u018fliyev \u201cNax\u00e7\u0131van Muxtar Respublikas\u0131n\u0131n 90 illik yubileyinin ke\u00e7irilm\u0259si haqq\u0131nda\u201d s\u0259r\u0259ncam imzalay\u0131b. S\u0259r\u0259ncam\u0131n icras\u0131n\u0131 t\u0259min\u00a0 etm\u0259k\u00a0 m\u0259qs\u0259di\u00a0 il\u0259 Az\u0259rbaycan Respublikas\u0131n\u0131n\u00a0 M\u0259d\u0259niyy\u0259t\u00a0 v\u0259\u00a0 Turizm\u00a0 Nazirliyinin m\u00fcvafiq t\u0259dbirl\u0259r plan\u0131 t\u0259sdiq edilmi\u015fdir. Z\u0259rdab Rayon Tarix-Diyar\u015f\u00fcnasl\u0131q\u00a0 Muzeyind\u0259 Nax\u00e7\u0131van Muxtar Respublikas\u0131n\u0131n 90 illik\u00a0 yubileyin\u0259 h\u0259sr olunmu\u015f d\u0259yirmi masa ke\u00e7irildi. T\u0259dbiri giri\u015f s\u00f6z\u00fc il\u0259 muzeyin direktoru \u015eahnaz [&hellip;]\" \/>\n<meta property=\"og:url\" content=\"https:\/\/www.zerdab.com\/?p=16460\" \/>\n<meta property=\"og:site_name\" content=\"Z\u0259rdab.com\" \/>\n<meta property=\"article:published_time\" content=\"2014-07-17T05:23:18+00:00\" \/>\n<meta name=\"author\" content=\"admin\" \/>\n<meta name=\"twitter:card\" content=\"summary_large_image\" \/>\n<meta name=\"twitter:label1\" content=\"Written by\" \/>\n\t<meta name=\"twitter:data1\" content=\"admin\" \/>\n\t<meta name=\"twitter:label2\" content=\"Est. reading time\" \/>\n\t<meta name=\"twitter:data2\" content=\"1 minute\" \/>\n<script type=\"application\/ld+json\" class=\"yoast-schema-graph\">{\"@context\":\"https:\/\/schema.org\",\"@graph\":[{\"@type\":\"Article\",\"@id\":\"https:\/\/www.zerdab.com\/?p=16460#article\",\"isPartOf\":{\"@id\":\"https:\/\/www.zerdab.com\/?p=16460\"},\"author\":{\"name\":\"admin\",\"@id\":\"https:\/\/www.zerdab.com\/#\/schema\/person\/97079b7570c1e89ec0d9e138c3672136\"},\"headline\":\"Nax\u00e7\u0131van\u0131n 90 illik yubileyi Z\u0259rdabda qeyd olundu\",\"datePublished\":\"2014-07-17T05:23:18+00:00\",\"mainEntityOfPage\":{\"@id\":\"https:\/\/www.zerdab.com\/?p=16460\"},\"wordCount\":272,\"commentCount\":0,\"articleSection\":[\"C\u018fM\u0130YY\u018fT\"],\"inLanguage\":\"az\",\"potentialAction\":[{\"@type\":\"CommentAction\",\"name\":\"Comment\",\"target\":[\"https:\/\/www.zerdab.com\/?p=16460#respond\"]}]},{\"@type\":\"WebPage\",\"@id\":\"https:\/\/www.zerdab.com\/?p=16460\",\"url\":\"https:\/\/www.zerdab.com\/?p=16460\",\"name\":\"Nax\u00e7\u0131van\u0131n 90 illik yubileyi Z\u0259rdabda qeyd olundu - Z\u0259rdab.com\",\"isPartOf\":{\"@id\":\"https:\/\/www.zerdab.com\/#website\"},\"datePublished\":\"2014-07-17T05:23:18+00:00\",\"author\":{\"@id\":\"https:\/\/www.zerdab.com\/#\/schema\/person\/97079b7570c1e89ec0d9e138c3672136\"},\"breadcrumb\":{\"@id\":\"https:\/\/www.zerdab.com\/?p=16460#breadcrumb\"},\"inLanguage\":\"az\",\"potentialAction\":[{\"@type\":\"ReadAction\",\"target\":[\"https:\/\/www.zerdab.com\/?p=16460\"]}]},{\"@type\":\"BreadcrumbList\",\"@id\":\"https:\/\/www.zerdab.com\/?p=16460#breadcrumb\",\"itemListElement\":[{\"@type\":\"ListItem\",\"position\":1,\"name\":\"Home\",\"item\":\"https:\/\/www.zerdab.com\/\"},{\"@type\":\"ListItem\",\"position\":2,\"name\":\"Nax\u00e7\u0131van\u0131n 90 illik yubileyi Z\u0259rdabda qeyd olundu\"}]},{\"@type\":\"WebSite\",\"@id\":\"https:\/\/www.zerdab.com\/#website\",\"url\":\"https:\/\/www.zerdab.com\/\",\"name\":\"Z\u0259rdab.com\",\"description\":\"\",\"potentialAction\":[{\"@type\":\"SearchAction\",\"target\":{\"@type\":\"EntryPoint\",\"urlTemplate\":\"https:\/\/www.zerdab.com\/?s={search_term_string}\"},\"query-input\":{\"@type\":\"PropertyValueSpecification\",\"valueRequired\":true,\"valueName\":\"search_term_string\"}}],\"inLanguage\":\"az\"},{\"@type\":\"Person\",\"@id\":\"https:\/\/www.zerdab.com\/#\/schema\/person\/97079b7570c1e89ec0d9e138c3672136\",\"name\":\"admin\",\"image\":{\"@type\":\"ImageObject\",\"inLanguage\":\"az\",\"@id\":\"https:\/\/www.zerdab.com\/#\/schema\/person\/image\/\",\"url\":\"https:\/\/secure.gravatar.com\/avatar\/d9c52a9a27c32119cb6679a077fa3e2779e5f822c451cbf01098004361d466ec?s=96&d=mm&r=g\",\"contentUrl\":\"https:\/\/secure.gravatar.com\/avatar\/d9c52a9a27c32119cb6679a077fa3e2779e5f822c451cbf01098004361d466ec?s=96&d=mm&r=g\",\"caption\":\"admin\"},\"url\":\"https:\/\/www.zerdab.com\/?author=1\"}]}<\/script>\n<!-- \/ Yoast SEO plugin. -->","yoast_head_json":{"title":"Nax\u00e7\u0131van\u0131n 90 illik yubileyi Z\u0259rdabda qeyd olundu - Z\u0259rdab.com","robots":{"index":"index","follow":"follow","max-snippet":"max-snippet:-1","max-image-preview":"max-image-preview:large","max-video-preview":"max-video-preview:-1"},"canonical":"https:\/\/www.zerdab.com\/?p=16460","og_locale":"az_AZ","og_type":"article","og_title":"Nax\u00e7\u0131van\u0131n 90 illik yubileyi Z\u0259rdabda qeyd olundu - Z\u0259rdab.com","og_description":"Az\u0259rbaycan Respublikas\u0131n\u0131n Prezidenti c\u0259nab \u0130lham \u018fliyev \u201cNax\u00e7\u0131van Muxtar Respublikas\u0131n\u0131n 90 illik yubileyinin ke\u00e7irilm\u0259si haqq\u0131nda\u201d s\u0259r\u0259ncam imzalay\u0131b. S\u0259r\u0259ncam\u0131n icras\u0131n\u0131 t\u0259min\u00a0 etm\u0259k\u00a0 m\u0259qs\u0259di\u00a0 il\u0259 Az\u0259rbaycan Respublikas\u0131n\u0131n\u00a0 M\u0259d\u0259niyy\u0259t\u00a0 v\u0259\u00a0 Turizm\u00a0 Nazirliyinin m\u00fcvafiq t\u0259dbirl\u0259r plan\u0131 t\u0259sdiq edilmi\u015fdir. Z\u0259rdab Rayon Tarix-Diyar\u015f\u00fcnasl\u0131q\u00a0 Muzeyind\u0259 Nax\u00e7\u0131van Muxtar Respublikas\u0131n\u0131n 90 illik\u00a0 yubileyin\u0259 h\u0259sr olunmu\u015f d\u0259yirmi masa ke\u00e7irildi. T\u0259dbiri giri\u015f s\u00f6z\u00fc il\u0259 muzeyin direktoru \u015eahnaz [&hellip;]","og_url":"https:\/\/www.zerdab.com\/?p=16460","og_site_name":"Z\u0259rdab.com","article_published_time":"2014-07-17T05:23:18+00:00","author":"admin","twitter_card":"summary_large_image","twitter_misc":{"Written by":"admin","Est. reading time":"1 minute"},"schema":{"@context":"https:\/\/schema.org","@graph":[{"@type":"Article","@id":"https:\/\/www.zerdab.com\/?p=16460#article","isPartOf":{"@id":"https:\/\/www.zerdab.com\/?p=16460"},"author":{"name":"admin","@id":"https:\/\/www.zerdab.com\/#\/schema\/person\/97079b7570c1e89ec0d9e138c3672136"},"headline":"Nax\u00e7\u0131van\u0131n 90 illik yubileyi Z\u0259rdabda qeyd olundu","datePublished":"2014-07-17T05:23:18+00:00","mainEntityOfPage":{"@id":"https:\/\/www.zerdab.com\/?p=16460"},"wordCount":272,"commentCount":0,"articleSection":["C\u018fM\u0130YY\u018fT"],"inLanguage":"az","potentialAction":[{"@type":"CommentAction","name":"Comment","target":["https:\/\/www.zerdab.com\/?p=16460#respond"]}]},{"@type":"WebPage","@id":"https:\/\/www.zerdab.com\/?p=16460","url":"https:\/\/www.zerdab.com\/?p=16460","name":"Nax\u00e7\u0131van\u0131n 90 illik yubileyi Z\u0259rdabda qeyd olundu - Z\u0259rdab.com","isPartOf":{"@id":"https:\/\/www.zerdab.com\/#website"},"datePublished":"2014-07-17T05:23:18+00:00","author":{"@id":"https:\/\/www.zerdab.com\/#\/schema\/person\/97079b7570c1e89ec0d9e138c3672136"},"breadcrumb":{"@id":"https:\/\/www.zerdab.com\/?p=16460#breadcrumb"},"inLanguage":"az","potentialAction":[{"@type":"ReadAction","target":["https:\/\/www.zerdab.com\/?p=16460"]}]},{"@type":"BreadcrumbList","@id":"https:\/\/www.zerdab.com\/?p=16460#breadcrumb","itemListElement":[{"@type":"ListItem","position":1,"name":"Home","item":"https:\/\/www.zerdab.com\/"},{"@type":"ListItem","position":2,"name":"Nax\u00e7\u0131van\u0131n 90 illik yubileyi Z\u0259rdabda qeyd olundu"}]},{"@type":"WebSite","@id":"https:\/\/www.zerdab.com\/#website","url":"https:\/\/www.zerdab.com\/","name":"Z\u0259rdab.com","description":"","potentialAction":[{"@type":"SearchAction","target":{"@type":"EntryPoint","urlTemplate":"https:\/\/www.zerdab.com\/?s={search_term_string}"},"query-input":{"@type":"PropertyValueSpecification","valueRequired":true,"valueName":"search_term_string"}}],"inLanguage":"az"},{"@type":"Person","@id":"https:\/\/www.zerdab.com\/#\/schema\/person\/97079b7570c1e89ec0d9e138c3672136","name":"admin","image":{"@type":"ImageObject","inLanguage":"az","@id":"https:\/\/www.zerdab.com\/#\/schema\/person\/image\/","url":"https:\/\/secure.gravatar.com\/avatar\/d9c52a9a27c32119cb6679a077fa3e2779e5f822c451cbf01098004361d466ec?s=96&d=mm&r=g","contentUrl":"https:\/\/secure.gravatar.com\/avatar\/d9c52a9a27c32119cb6679a077fa3e2779e5f822c451cbf01098004361d466ec?s=96&d=mm&r=g","caption":"admin"},"url":"https:\/\/www.zerdab.com\/?author=1"}]}},"_links":{"self":[{"href":"https:\/\/www.zerdab.com\/index.php?rest_route=\/wp\/v2\/posts\/16460","targetHints":{"allow":["GET"]}}],"collection":[{"href":"https:\/\/www.zerdab.com\/index.php?rest_route=\/wp\/v2\/posts"}],"about":[{"href":"https:\/\/www.zerdab.com\/index.php?rest_route=\/wp\/v2\/types\/post"}],"author":[{"embeddable":true,"href":"https:\/\/www.zerdab.com\/index.php?rest_route=\/wp\/v2\/users\/1"}],"replies":[{"embeddable":true,"href":"https:\/\/www.zerdab.com\/index.php?rest_route=%2Fwp%2Fv2%2Fcomments&post=16460"}],"version-history":[{"count":1,"href":"https:\/\/www.zerdab.com\/index.php?rest_route=\/wp\/v2\/posts\/16460\/revisions"}],"predecessor-version":[{"id":16462,"href":"https:\/\/www.zerdab.com\/index.php?rest_route=\/wp\/v2\/posts\/16460\/revisions\/16462"}],"wp:attachment":[{"href":"https:\/\/www.zerdab.com\/index.php?rest_route=%2Fwp%2Fv2%2Fmedia&parent=16460"}],"wp:term":[{"taxonomy":"category","embeddable":true,"href":"https:\/\/www.zerdab.com\/index.php?rest_route=%2Fwp%2Fv2%2Fcategories&post=16460"},{"taxonomy":"post_tag","embeddable":true,"href":"https:\/\/www.zerdab.com\/index.php?rest_route=%2Fwp%2Fv2%2Ftags&post=16460"}],"curies":[{"name":"wp","href":"https:\/\/api.w.org\/{rel}","templated":true}]}}