{"id":16480,"date":"2014-07-18T12:33:46","date_gmt":"2014-07-18T07:33:46","guid":{"rendered":"http:\/\/www.zerdab.com\/?p=16480"},"modified":"2014-07-18T12:33:46","modified_gmt":"2014-07-18T07:33:46","slug":"z%c9%99rdab-rayon-icra-hakimiyy%c9%99ti-6-ayin-hesabatini-verdi","status":"publish","type":"post","link":"https:\/\/www.zerdab.com\/?p=16480","title":{"rendered":"Z\u0259rdab Rayon \u0130cra Hakimiyy\u0259ti 6 ay\u0131n hesabat\u0131n\u0131 verdi"},"content":{"rendered":"<p align=\"center\"><span style=\"color: #0000ff;\"><b><a href=\"http:\/\/www.zerdab.com\/wp-content\/uploads\/2014\/07\/Z\u0259rdab-Rayon-\u0130cra-Hakimiyy\u0259ti.jpg\"><img loading=\"lazy\" decoding=\"async\" class=\"aligncenter size-large wp-image-16481\" alt=\"Z\u0259rdab Rayon \u0130cra Hakimiyy\u0259ti\" src=\"http:\/\/www.zerdab.com\/wp-content\/uploads\/2014\/07\/Z\u0259rdab-Rayon-\u0130cra-Hakimiyy\u0259ti-550x382.jpg\" width=\"550\" height=\"382\" \/><\/a>Z\u018fRDABDA 2014-C\u00dc \u0130L<\/b><b>\u0130N B\u0130R\u0130NC\u0130 YARISININ SOS\u0130AL-\u0130QT\u0130SAD\u0130 \u0130NK\u0130\u015eAFININ\u00a0<\/b><b>YEKUNLARI V\u018f QAR\u015eIDA DURAN V\u018fZ\u0130F\u018fL\u018fR M\u00dcZAK\u0130R\u018f OLUNDU<\/b><\/span><\/p>\n<p align=\"center\">\u00a018 iyul 2014-c\u00fc il tarixd\u0259 \u201cAz\u0259rbaycan Respublikas\u0131 Nazirl\u0259r Kabinetinin 2014-c\u00fc ilin birinci yar\u0131s\u0131n\u0131n sosial-iqtisadi inki\u015faf\u0131n\u0131n yekunlar\u0131na h\u0259sr olunmu\u015f iclas\u0131nda Respublika Prezidenti\u00a0 c\u0259nab \u0130lham \u018fliyevin nitql\u0259rinin t\u0259l\u0259bl\u0259ri bax\u0131m\u0131ndan cari ilin birinci yar\u0131s\u0131nda rayonda\u00a0 g\u00f6r\u00fcl\u0259n i\u015fl\u0259r v\u0259 qar\u015f\u0131da duran v\u0259zif\u0259l\u0259r haqq\u0131nda\u201d Z\u0259rdab Rayon \u0130cra Hakimiyy\u0259ti ba\u015f\u00e7\u0131s\u0131n\u0131n hesabat y\u0131\u011f\u0131nca\u011f\u0131 ke\u00e7irildi.<\/p>\n<p>Rayon \u0130cra Hakimiyy\u0259ti ba\u015f\u00e7\u0131s\u0131n\u0131n birinci m\u00fcavini Allahverdi S\u0259f\u0259rov hesabat m\u0259ruz\u0259si il\u0259 \u00e7\u0131x\u0131\u015f etdi.<\/p>\n<p>Bildirdi ki, Respublikam\u0131zda ged\u0259n s\u00fcr\u0259tli v\u0259 davaml\u0131 inki\u015faf prosesi 6 ay\u0131n n\u0259tic\u0259l\u0259rin\u0259 g\u00f6r\u0259 rayonumuzda da\u00a0 m\u00fc\u015fahid\u0259 olunub. \u00d6t\u0259n m\u00fcdd\u0259t \u0259rzind\u0259 Z\u0259rdabda xeyli i\u015fl\u0259r g\u00f6r\u00fcl\u00fcb v\u0259 bu i\u015fl\u0259r haz\u0131rda da davam etdirilir.<\/p>\n<p>Z\u0259rdabda b\u00fct\u00fcn sah\u0259l\u0259rin y\u00fcks\u0259k s\u00fcr\u0259tl\u0259 inki\u015faf etm\u0259si makroiqtisadi g\u00f6st\u0259ricil\u0259rin art\u0131m dinamikas\u0131na \u00f6z m\u00fcsb\u0259t t\u0259sirini g\u00f6st\u0259rib.<\/p>\n<p>2014-c\u00fc ilin birinci yar\u0131milind\u0259 rayon iqtisadiyyat\u0131n\u0131n \u0259sas sah\u0259l\u0259rind\u0259 48 milyon 227 min 200 manatl\u0131q m\u0259hsul istehsal edilib.<\/p>\n<p>Natiq vur\u011fulad\u0131 ki, x\u00fcsusil\u0259, son d\u00f6vrd\u0259 rayonun sosial m\u0259nz\u0259r\u0259sinin g\u00f6z\u0259ll\u0259\u015fdirilm\u0259si istiqam\u0259tind\u0259 xeyli i\u015fl\u0259r g\u00f6r\u00fcl\u00fcb, \u015f\u0259h\u0259r v\u0259 k\u0259ndl\u0259rimizd\u0259 tikinti-quruculuq i\u015fl\u0259rinin h\u0259cmi geni\u015fl\u0259ndirilib, insanlar\u0131n sosial probleml\u0259rinin h\u0259lli yolunda m\u00fch\u00fcm add\u0131mlar at\u0131l\u0131b. Rayonun k\u0259ndl\u0259rin\u0259 qaz x\u0259ttinin \u00e7\u0259kili\u015fi davam etdirilib. \u0130lin birinci 6 ay\u0131nda rayonun G\u0259lm\u0259, Salahl\u0131, \u0130saqba\u011f\u0131 v\u0259 B\u00f6y\u00fck D\u0259kk\u0259 k\u0259ndl\u0259rind\u0259 qaz x\u0259tti istifad\u0259y\u0259 verilib. Xanm\u0259mm\u0259dli, H\u00fcseynxanl\u0131, P\u0259rvanl\u0131, Yarm\u0259mm\u0259dba\u011f\u0131, L\u0259l\u0259a\u011fac\u0131, G\u00f6d\u0259kqobu, M\u0259mm\u0259dqas\u0131ml\u0131, Qoruqba\u011f\u0131 v\u0259 dig\u0259r k\u0259ndl\u0259r\u0259 qaz x\u0259ttinin \u00e7\u0259kili\u015fi davam edir. Z\u0259rdabl\u0131lar\u0131n xeyli hiss\u0259si art\u0131q ekoloji c\u0259h\u0259td\u0259n t\u0259miz i\u00e7m\u0259li sudan istifad\u0259 edirl\u0259r.<\/p>\n<p>Rayonda apar\u0131lan tikinti-quruculuq i\u015fl\u0259ri u\u011furla davam etdirilir. Milli T\u0259hl\u00fck\u0259sizlik Nazirliyinin rayon \u015f\u00f6b\u0259sinin inzibati binas\u0131nda son tamamlama i\u015fl\u0259ri g\u00f6r\u00fcl\u00fcr. M\u0259rk\u0259zi Rayon X\u0259st\u0259xanas\u0131n\u0131n binas\u0131nda \u0259sasl\u0131 t\u0259mir i\u015fl\u0259ri davam edir. K\u00fcr sahili bulvarda abadl\u0131q i\u015fl\u0259ri g\u00f6r\u00fcl\u00fcr, 15-ci m\u0259h\u0259ll\u0259d\u0259 yollar t\u0259mir olunur, Heyd\u0259r \u018fliyev park\u0131n\u0131n i\u015f\u0131qlanma sistemi yenid\u0259n qurulur. Vergil\u0259r Nazirliyinin Vergi \u00d6d\u0259yicil\u0259rin\u0259 Regional Xidm\u0259t M\u0259rk\u0259zinin tikintisin\u0259 ba\u015flan\u0131lm\u0131\u015f, yeni yarad\u0131lacaq K\u0259nd T\u0259s\u0259rr\u00fcfat\u0131 \u0130dar\u0259sinin binas\u0131n\u0131n tikintisin\u0259 haz\u0131rl\u0131q i\u015fl\u0259ri apar\u0131l\u0131r. Heyd\u0259r \u018fliyev Fondunun t\u0259\u015f\u0259bb\u00fcs\u00fc il\u0259 rayon \u0259razisind\u0259 2 \u0259d\u0259d k\u00f6rp\u0259l\u0259r evi-u\u015faq ba\u011f\u00e7as\u0131n\u0131n tikintisi davam etdirilir.<\/p>\n<p>\u00dc\u00e7\u00fcnc\u00fc D\u00f6vl\u0259t Proqram\u0131 \u00e7\u0259r\u00e7iv\u0259sind\u0259 rayonumuzda yol tikintisi davam etdiril\u0259c\u0259k, \u015f\u0259h\u0259r \u00fcmumi orta m\u0259kt\u0259bi, G\u0259lm\u0259 k\u0259nd k\u00f6rp\u0259l\u0259r evi-u\u015faq ba\u011f\u00e7as\u0131 \u00fc\u00e7\u00fcn yeni bina tikil\u0259c\u0259k, \u015f\u0259h\u0259r 1 n\u00f6mr\u0259li m\u0259kt\u0259b-liseyin binas\u0131 t\u0259mir olunacaq. Dig\u0259r \u00e7oxsayl\u0131 i\u015fl\u0259r g\u00f6r\u00fcl\u0259c\u0259k.<\/p>\n<p>\u018fsas\u0259n aqrar rayon olan Z\u0259rdabda bu il rekord s\u0259viyy\u0259d\u0259 &#8211; 50 min tona q\u0259d\u0259r m\u0259hsul v\u0259 ya adamba\u015f\u0131na 1 tona yax\u0131n bu\u011fda v\u0259 arpa istehsal olunub.<\/p>\n<p>T\u0259hsil, s\u0259hiyy\u0259, m\u0259d\u0259niyy\u0259t sah\u0259sind\u0259 i\u015fl\u0259r u\u011furla davam edir. G\u0259ncl\u0259rl\u0259 i\u015f, onlar\u0131n idmana geni\u015f c\u0259lb olunmas\u0131 daim n\u0259zar\u0259td\u0259dir.<\/p>\n<p>Qeyd edildi ki, rayonda b\u00fct\u00fcn i\u015fl\u0259r u\u011furla icra olunur. V\u0259 bunlar dem\u0259y\u0259 \u0259sas verir ki, z\u0259rdabl\u0131lar 2014-c\u00fc ild\u0259 d\u0259 \u0259vv\u0259lki ill\u0259rin \u0259n\u0259n\u0259sini qoruyub saxlayacaq, h\u0259r bir sah\u0259d\u0259 yeni u\u011furlara imza at\u0131lacaqd\u0131r. Bunun \u00fc\u00e7\u00fcn h\u0259r bir sah\u0259d\u0259 nizam-intizam y\u00fcks\u0259ldilm\u0259li, m\u0259suliyy\u0259t art\u0131r\u0131lmal\u0131, h\u0259r k\u0259s \u00fcz\u0259rin\u0259 d\u00fc\u015f\u0259n v\u0259zif\u0259ni layiqinc\u0259 yerin\u0259 yetirm\u0259lidir.<\/p>\n<p>Hesabat y\u0131\u011f\u0131nca\u011f\u0131nda dig\u0259r sah\u0259l\u0259rd\u0259 g\u00f6r\u00fcl\u0259n i\u015fl\u0259r d\u0259 \u0259trafl\u0131 t\u0259hlil olundu.<br \/>\nY\u0131\u011f\u0131ncaqda Rayon Suvarma Sisteml\u0259ri \u0130dar\u0259sinin r\u0259isi, \u201cT\u0259r\u0259qqi\u201d medall\u0131 Soltan Sad\u0131qov, \u018fhalinin Sosial M\u00fcdafi\u0259si M\u0259rk\u0259zinin direktoru Canpolad V\u0259liyev, Rayon \u0130cra Hakimiyy\u0259ti Ba\u015f\u00e7\u0131s\u0131n\u0131n G\u00f6d\u0259kqobu k\u0259nd inzibati \u0259razi dair\u0259si \u00fczr\u0259 n\u00fcmay\u0259nd\u0259si, 2014-c\u00fc ilin birinci yar\u0131s\u0131nda \u00f6lk\u0259 Prezidentinin m\u00fcvafiq s\u0259r\u0259ncam\u0131 il\u0259 \u201cD\u00f6vl\u0259t qullu\u011funda f\u0259rql\u0259nm\u0259y\u0259 g\u00f6r\u0259\u201d medal\u0131 il\u0259 t\u0259ltif olunmu\u015f M\u00fcz\u0259ff\u0259r \u0130xtiyarov \u00e7\u0131x\u0131\u015f etdil\u0259r.<\/p>\n<p>Y\u0131\u011f\u0131ncaqda qar\u015f\u0131da duran v\u0259zif\u0259l\u0259r m\u00fc\u0259yy\u0259nl\u0259\u015fdirildi, m\u00fcvafiq q\u0259rar q\u0259bul olundu.<\/p>\n<p>Sonda y\u0131\u011f\u0131ncaq i\u015ftirak\u00e7\u0131lar\u0131 ad\u0131ndan Az\u0259rbaycan Respublikas\u0131n\u0131n Prezidenti c\u0259nab \u0130lham \u018fliyev\u0259 m\u00fcraci\u0259t q\u0259bul edildi.<\/p>\n<p><span style=\"color: #0000ff;\"><strong>Z\u0259rdab Rayon \u0130cra Hakimiyy\u0259ti<\/strong><\/span><\/p>\n","protected":false},"excerpt":{"rendered":"<p>Z\u018fRDABDA 2014-C\u00dc \u0130L\u0130N B\u0130R\u0130NC\u0130 YARISININ SOS\u0130AL-\u0130QT\u0130SAD\u0130 \u0130NK\u0130\u015eAFININ\u00a0YEKUNLARI V\u018f QAR\u015eIDA DURAN V\u018fZ\u0130F\u018fL\u018fR M\u00dcZAK\u0130R\u018f OLUNDU \u00a018 iyul 2014-c\u00fc il tarixd\u0259 \u201cAz\u0259rbaycan Respublikas\u0131 Nazirl\u0259r Kabinetinin 2014-c\u00fc ilin birinci yar\u0131s\u0131n\u0131n sosial-iqtisadi inki\u015faf\u0131n\u0131n yekunlar\u0131na h\u0259sr olunmu\u015f iclas\u0131nda Respublika Prezidenti\u00a0 c\u0259nab \u0130lham \u018fliyevin nitql\u0259rinin t\u0259l\u0259bl\u0259ri bax\u0131m\u0131ndan cari ilin birinci yar\u0131s\u0131nda rayonda\u00a0 g\u00f6r\u00fcl\u0259n i\u015fl\u0259r v\u0259 qar\u015f\u0131da duran v\u0259zif\u0259l\u0259r haqq\u0131nda\u201d Z\u0259rdab Rayon \u0130cra [&hellip;]<\/p>\n","protected":false},"author":1,"featured_media":0,"comment_status":"open","ping_status":"open","sticky":false,"template":"","format":"standard","meta":{"footnotes":""},"categories":[21],"tags":[],"class_list":{"0":"post-16480","1":"post","2":"type-post","3":"status-publish","4":"format-standard","6":"category-zrdab"},"yoast_head":"<!-- This site is optimized with the Yoast SEO plugin v27.0 - https:\/\/yoast.com\/product\/yoast-seo-wordpress\/ -->\n<title>Z\u0259rdab Rayon \u0130cra Hakimiyy\u0259ti 6 ay\u0131n hesabat\u0131n\u0131 verdi  - Z\u0259rdab.com<\/title>\n<meta name=\"robots\" content=\"index, follow, max-snippet:-1, max-image-preview:large, max-video-preview:-1\" \/>\n<link rel=\"canonical\" href=\"https:\/\/www.zerdab.com\/?p=16480\" \/>\n<meta property=\"og:locale\" content=\"az_AZ\" \/>\n<meta property=\"og:type\" content=\"article\" \/>\n<meta property=\"og:title\" content=\"Z\u0259rdab Rayon \u0130cra Hakimiyy\u0259ti 6 ay\u0131n hesabat\u0131n\u0131 verdi  - Z\u0259rdab.com\" \/>\n<meta property=\"og:description\" content=\"Z\u018fRDABDA 2014-C\u00dc \u0130L\u0130N B\u0130R\u0130NC\u0130 YARISININ SOS\u0130AL-\u0130QT\u0130SAD\u0130 \u0130NK\u0130\u015eAFININ\u00a0YEKUNLARI V\u018f QAR\u015eIDA DURAN V\u018fZ\u0130F\u018fL\u018fR M\u00dcZAK\u0130R\u018f OLUNDU \u00a018 iyul 2014-c\u00fc il tarixd\u0259 \u201cAz\u0259rbaycan Respublikas\u0131 Nazirl\u0259r Kabinetinin 2014-c\u00fc ilin birinci yar\u0131s\u0131n\u0131n sosial-iqtisadi inki\u015faf\u0131n\u0131n yekunlar\u0131na h\u0259sr olunmu\u015f iclas\u0131nda Respublika Prezidenti\u00a0 c\u0259nab \u0130lham \u018fliyevin nitql\u0259rinin t\u0259l\u0259bl\u0259ri bax\u0131m\u0131ndan cari ilin birinci yar\u0131s\u0131nda rayonda\u00a0 g\u00f6r\u00fcl\u0259n i\u015fl\u0259r v\u0259 qar\u015f\u0131da duran v\u0259zif\u0259l\u0259r haqq\u0131nda\u201d Z\u0259rdab Rayon \u0130cra [&hellip;]\" \/>\n<meta property=\"og:url\" content=\"https:\/\/www.zerdab.com\/?p=16480\" \/>\n<meta property=\"og:site_name\" content=\"Z\u0259rdab.com\" \/>\n<meta property=\"article:published_time\" content=\"2014-07-18T07:33:46+00:00\" \/>\n<meta name=\"author\" content=\"admin\" \/>\n<meta name=\"twitter:card\" content=\"summary_large_image\" \/>\n<meta name=\"twitter:label1\" content=\"Written by\" \/>\n\t<meta name=\"twitter:data1\" content=\"admin\" \/>\n\t<meta name=\"twitter:label2\" content=\"Est. reading time\" \/>\n\t<meta name=\"twitter:data2\" content=\"5 minutes\" \/>\n<script type=\"application\/ld+json\" class=\"yoast-schema-graph\">{\"@context\":\"https:\/\/schema.org\",\"@graph\":[{\"@type\":\"Article\",\"@id\":\"https:\/\/www.zerdab.com\/?p=16480#article\",\"isPartOf\":{\"@id\":\"https:\/\/www.zerdab.com\/?p=16480\"},\"author\":{\"name\":\"admin\",\"@id\":\"https:\/\/www.zerdab.com\/#\/schema\/person\/97079b7570c1e89ec0d9e138c3672136\"},\"headline\":\"Z\u0259rdab Rayon \u0130cra Hakimiyy\u0259ti 6 ay\u0131n hesabat\u0131n\u0131 verdi\",\"datePublished\":\"2014-07-18T07:33:46+00:00\",\"mainEntityOfPage\":{\"@id\":\"https:\/\/www.zerdab.com\/?p=16480\"},\"wordCount\":931,\"commentCount\":1,\"articleSection\":[\"C\u018fM\u0130YY\u018fT\"],\"inLanguage\":\"az\",\"potentialAction\":[{\"@type\":\"CommentAction\",\"name\":\"Comment\",\"target\":[\"https:\/\/www.zerdab.com\/?p=16480#respond\"]}]},{\"@type\":\"WebPage\",\"@id\":\"https:\/\/www.zerdab.com\/?p=16480\",\"url\":\"https:\/\/www.zerdab.com\/?p=16480\",\"name\":\"Z\u0259rdab Rayon \u0130cra Hakimiyy\u0259ti 6 ay\u0131n hesabat\u0131n\u0131 verdi - Z\u0259rdab.com\",\"isPartOf\":{\"@id\":\"https:\/\/www.zerdab.com\/#website\"},\"datePublished\":\"2014-07-18T07:33:46+00:00\",\"author\":{\"@id\":\"https:\/\/www.zerdab.com\/#\/schema\/person\/97079b7570c1e89ec0d9e138c3672136\"},\"breadcrumb\":{\"@id\":\"https:\/\/www.zerdab.com\/?p=16480#breadcrumb\"},\"inLanguage\":\"az\",\"potentialAction\":[{\"@type\":\"ReadAction\",\"target\":[\"https:\/\/www.zerdab.com\/?p=16480\"]}]},{\"@type\":\"BreadcrumbList\",\"@id\":\"https:\/\/www.zerdab.com\/?p=16480#breadcrumb\",\"itemListElement\":[{\"@type\":\"ListItem\",\"position\":1,\"name\":\"Home\",\"item\":\"https:\/\/www.zerdab.com\/\"},{\"@type\":\"ListItem\",\"position\":2,\"name\":\"Z\u0259rdab Rayon \u0130cra Hakimiyy\u0259ti 6 ay\u0131n hesabat\u0131n\u0131 verdi\"}]},{\"@type\":\"WebSite\",\"@id\":\"https:\/\/www.zerdab.com\/#website\",\"url\":\"https:\/\/www.zerdab.com\/\",\"name\":\"Z\u0259rdab.com\",\"description\":\"\",\"potentialAction\":[{\"@type\":\"SearchAction\",\"target\":{\"@type\":\"EntryPoint\",\"urlTemplate\":\"https:\/\/www.zerdab.com\/?s={search_term_string}\"},\"query-input\":{\"@type\":\"PropertyValueSpecification\",\"valueRequired\":true,\"valueName\":\"search_term_string\"}}],\"inLanguage\":\"az\"},{\"@type\":\"Person\",\"@id\":\"https:\/\/www.zerdab.com\/#\/schema\/person\/97079b7570c1e89ec0d9e138c3672136\",\"name\":\"admin\",\"image\":{\"@type\":\"ImageObject\",\"inLanguage\":\"az\",\"@id\":\"https:\/\/www.zerdab.com\/#\/schema\/person\/image\/\",\"url\":\"https:\/\/secure.gravatar.com\/avatar\/d9c52a9a27c32119cb6679a077fa3e2779e5f822c451cbf01098004361d466ec?s=96&d=mm&r=g\",\"contentUrl\":\"https:\/\/secure.gravatar.com\/avatar\/d9c52a9a27c32119cb6679a077fa3e2779e5f822c451cbf01098004361d466ec?s=96&d=mm&r=g\",\"caption\":\"admin\"},\"url\":\"https:\/\/www.zerdab.com\/?author=1\"}]}<\/script>\n<!-- \/ Yoast SEO plugin. -->","yoast_head_json":{"title":"Z\u0259rdab Rayon \u0130cra Hakimiyy\u0259ti 6 ay\u0131n hesabat\u0131n\u0131 verdi  - Z\u0259rdab.com","robots":{"index":"index","follow":"follow","max-snippet":"max-snippet:-1","max-image-preview":"max-image-preview:large","max-video-preview":"max-video-preview:-1"},"canonical":"https:\/\/www.zerdab.com\/?p=16480","og_locale":"az_AZ","og_type":"article","og_title":"Z\u0259rdab Rayon \u0130cra Hakimiyy\u0259ti 6 ay\u0131n hesabat\u0131n\u0131 verdi  - Z\u0259rdab.com","og_description":"Z\u018fRDABDA 2014-C\u00dc \u0130L\u0130N B\u0130R\u0130NC\u0130 YARISININ SOS\u0130AL-\u0130QT\u0130SAD\u0130 \u0130NK\u0130\u015eAFININ\u00a0YEKUNLARI V\u018f QAR\u015eIDA DURAN V\u018fZ\u0130F\u018fL\u018fR M\u00dcZAK\u0130R\u018f OLUNDU \u00a018 iyul 2014-c\u00fc il tarixd\u0259 \u201cAz\u0259rbaycan Respublikas\u0131 Nazirl\u0259r Kabinetinin 2014-c\u00fc ilin birinci yar\u0131s\u0131n\u0131n sosial-iqtisadi inki\u015faf\u0131n\u0131n yekunlar\u0131na h\u0259sr olunmu\u015f iclas\u0131nda Respublika Prezidenti\u00a0 c\u0259nab \u0130lham \u018fliyevin nitql\u0259rinin t\u0259l\u0259bl\u0259ri bax\u0131m\u0131ndan cari ilin birinci yar\u0131s\u0131nda rayonda\u00a0 g\u00f6r\u00fcl\u0259n i\u015fl\u0259r v\u0259 qar\u015f\u0131da duran v\u0259zif\u0259l\u0259r haqq\u0131nda\u201d Z\u0259rdab Rayon \u0130cra [&hellip;]","og_url":"https:\/\/www.zerdab.com\/?p=16480","og_site_name":"Z\u0259rdab.com","article_published_time":"2014-07-18T07:33:46+00:00","author":"admin","twitter_card":"summary_large_image","twitter_misc":{"Written by":"admin","Est. reading time":"5 minutes"},"schema":{"@context":"https:\/\/schema.org","@graph":[{"@type":"Article","@id":"https:\/\/www.zerdab.com\/?p=16480#article","isPartOf":{"@id":"https:\/\/www.zerdab.com\/?p=16480"},"author":{"name":"admin","@id":"https:\/\/www.zerdab.com\/#\/schema\/person\/97079b7570c1e89ec0d9e138c3672136"},"headline":"Z\u0259rdab Rayon \u0130cra Hakimiyy\u0259ti 6 ay\u0131n hesabat\u0131n\u0131 verdi","datePublished":"2014-07-18T07:33:46+00:00","mainEntityOfPage":{"@id":"https:\/\/www.zerdab.com\/?p=16480"},"wordCount":931,"commentCount":1,"articleSection":["C\u018fM\u0130YY\u018fT"],"inLanguage":"az","potentialAction":[{"@type":"CommentAction","name":"Comment","target":["https:\/\/www.zerdab.com\/?p=16480#respond"]}]},{"@type":"WebPage","@id":"https:\/\/www.zerdab.com\/?p=16480","url":"https:\/\/www.zerdab.com\/?p=16480","name":"Z\u0259rdab Rayon \u0130cra Hakimiyy\u0259ti 6 ay\u0131n hesabat\u0131n\u0131 verdi - Z\u0259rdab.com","isPartOf":{"@id":"https:\/\/www.zerdab.com\/#website"},"datePublished":"2014-07-18T07:33:46+00:00","author":{"@id":"https:\/\/www.zerdab.com\/#\/schema\/person\/97079b7570c1e89ec0d9e138c3672136"},"breadcrumb":{"@id":"https:\/\/www.zerdab.com\/?p=16480#breadcrumb"},"inLanguage":"az","potentialAction":[{"@type":"ReadAction","target":["https:\/\/www.zerdab.com\/?p=16480"]}]},{"@type":"BreadcrumbList","@id":"https:\/\/www.zerdab.com\/?p=16480#breadcrumb","itemListElement":[{"@type":"ListItem","position":1,"name":"Home","item":"https:\/\/www.zerdab.com\/"},{"@type":"ListItem","position":2,"name":"Z\u0259rdab Rayon \u0130cra Hakimiyy\u0259ti 6 ay\u0131n hesabat\u0131n\u0131 verdi"}]},{"@type":"WebSite","@id":"https:\/\/www.zerdab.com\/#website","url":"https:\/\/www.zerdab.com\/","name":"Z\u0259rdab.com","description":"","potentialAction":[{"@type":"SearchAction","target":{"@type":"EntryPoint","urlTemplate":"https:\/\/www.zerdab.com\/?s={search_term_string}"},"query-input":{"@type":"PropertyValueSpecification","valueRequired":true,"valueName":"search_term_string"}}],"inLanguage":"az"},{"@type":"Person","@id":"https:\/\/www.zerdab.com\/#\/schema\/person\/97079b7570c1e89ec0d9e138c3672136","name":"admin","image":{"@type":"ImageObject","inLanguage":"az","@id":"https:\/\/www.zerdab.com\/#\/schema\/person\/image\/","url":"https:\/\/secure.gravatar.com\/avatar\/d9c52a9a27c32119cb6679a077fa3e2779e5f822c451cbf01098004361d466ec?s=96&d=mm&r=g","contentUrl":"https:\/\/secure.gravatar.com\/avatar\/d9c52a9a27c32119cb6679a077fa3e2779e5f822c451cbf01098004361d466ec?s=96&d=mm&r=g","caption":"admin"},"url":"https:\/\/www.zerdab.com\/?author=1"}]}},"_links":{"self":[{"href":"https:\/\/www.zerdab.com\/index.php?rest_route=\/wp\/v2\/posts\/16480","targetHints":{"allow":["GET"]}}],"collection":[{"href":"https:\/\/www.zerdab.com\/index.php?rest_route=\/wp\/v2\/posts"}],"about":[{"href":"https:\/\/www.zerdab.com\/index.php?rest_route=\/wp\/v2\/types\/post"}],"author":[{"embeddable":true,"href":"https:\/\/www.zerdab.com\/index.php?rest_route=\/wp\/v2\/users\/1"}],"replies":[{"embeddable":true,"href":"https:\/\/www.zerdab.com\/index.php?rest_route=%2Fwp%2Fv2%2Fcomments&post=16480"}],"version-history":[{"count":1,"href":"https:\/\/www.zerdab.com\/index.php?rest_route=\/wp\/v2\/posts\/16480\/revisions"}],"predecessor-version":[{"id":16482,"href":"https:\/\/www.zerdab.com\/index.php?rest_route=\/wp\/v2\/posts\/16480\/revisions\/16482"}],"wp:attachment":[{"href":"https:\/\/www.zerdab.com\/index.php?rest_route=%2Fwp%2Fv2%2Fmedia&parent=16480"}],"wp:term":[{"taxonomy":"category","embeddable":true,"href":"https:\/\/www.zerdab.com\/index.php?rest_route=%2Fwp%2Fv2%2Fcategories&post=16480"},{"taxonomy":"post_tag","embeddable":true,"href":"https:\/\/www.zerdab.com\/index.php?rest_route=%2Fwp%2Fv2%2Ftags&post=16480"}],"curies":[{"name":"wp","href":"https:\/\/api.w.org\/{rel}","templated":true}]}}