{"id":16485,"date":"2014-07-19T08:02:06","date_gmt":"2014-07-19T03:02:06","guid":{"rendered":"http:\/\/www.zerdab.com\/?p=16485"},"modified":"2014-07-19T12:06:40","modified_gmt":"2014-07-19T07:06:40","slug":"jal%c9%99-%c9%99liyeva-prezidentin-s%c9%99r%c9%99ncami-z%c9%99rdabiy%c9%99-layiq-oldugu-d%c9%99y%c9%99ri-verm%c9%99k-idi","status":"publish","type":"post","link":"https:\/\/www.zerdab.com\/?p=16485","title":{"rendered":"Jal\u0259 \u018fliyeva: &#8220;Prezidentin s\u0259r\u0259ncam\u0131 Z\u0259rdabiy\u0259 layiq oldu\u011fu d\u0259y\u0259ri verm\u0259k idi&#8221;"},"content":{"rendered":"<div id=\"yazilar\" align=\"justify\"><a href=\"http:\/\/www.zerdab.com\/wp-content\/uploads\/2014\/07\/Zerdabi.jpg\"><img loading=\"lazy\" decoding=\"async\" class=\"aligncenter size-large wp-image-16442\" alt=\"Zerdabi\" src=\"http:\/\/www.zerdab.com\/wp-content\/uploads\/2014\/07\/Zerdabi-550x411.jpg\" width=\"550\" height=\"411\" \/><\/a>D\u00fcn\u0259n Beyn\u0259lxalq M\u0259tbuat M\u0259rk\u0259zind\u0259 aqrar elml\u0259r \u00fczr\u0259 f\u0259ls\u0259f\u0259 doktoru, Beyn\u0259lxalq Ekoenergetika Akademiyas\u0131n\u0131n ekologiya \u00fczr\u0259 professoru, Z\u0259rdabi\u015f\u00fcnas alim Eld\u0259niz H\u0259s\u0259novun &#8220;H\u0259s\u0259n b\u0259y Z\u0259rdabi irsi: k\u0259\u015fm\u0259k\u0259\u015fli h\u0259yat yolu&#8221; adl\u0131 monoqrafiyas\u0131n\u0131n t\u0259qdimat m\u0259rasimi ke\u00e7irilib.<\/p>\n<p>M\u0259tbuat \u015euras\u0131n\u0131n s\u0259dri \u018fflatun Ama\u015fovun s\u00f6zl\u0259rin\u0259 g\u00f6r\u0259, monoqrafiya Az\u0259rbaycan milli m\u0259tbuat\u0131n\u0131n banisi, g\u00f6rk\u0259mli ictimai xadim, b\u00f6y\u00fck maarifp\u0259rv\u0259r, tan\u0131nm\u0131\u015f publisist, pedaqoq v\u0259 t\u0259bi\u0259t\u015f\u00fcnas alim H\u0259s\u0259n b\u0259y Z\u0259rdabinin anadan olmas\u0131n\u0131n 170 illiyin\u0259 h\u0259sr edilib: &#8220;\u00c7ox az insanlar var ki, onlar xalq\u0131n xalq kimi inki\u015faf\u0131nda m\u00fch\u00fcm rol oynas\u0131n. Z\u0259rdabi d\u0259 m\u0259hz bel\u0259 insanlardan idi. Bu kitab da Z\u0259rdabiy\u0259 h\u0259sr olub. Onun ail\u0259sin\u0259 v\u0259 \u015f\u0259c\u0259r\u0259sin\u0259 h\u0259sr olunub. Onun kimi \u015f\u0259xsiyy\u0259tl\u0259r h\u0259r bir xalqa h\u00f6rm\u0259t v\u0259 \u015f\u00f6hr\u0259t g\u0259tirir, m\u0259nsub oldu\u011fu mill\u0259ti d\u00fcnyada tan\u0131d\u0131r. Bu kitabda da m\u00fc\u0259llifin ill\u0259rl\u0259 apard\u0131\u011f\u0131 t\u0259dqiqatlar n\u0259tic\u0259sind\u0259 ilk d\u0259f\u0259 olaraq H\u0259s\u0259n b\u0259y Z\u0259rdabinin n\u0259sil \u015f\u0259c\u0259r\u0259si t\u0259rtib olunub&#8221;.<\/p>\n<p>Kitab\u0131n m\u00fc\u0259llifi Eld\u0259niz H\u0259s\u0259nov bu monoqrafiyan\u0131n haz\u0131rlanmas\u0131nda ona yax\u0131ndan k\u00f6m\u0259k ed\u0259n h\u0259r k\u0259s\u0259 minn\u0259tdarl\u0131\u011f\u0131n\u0131 bildir\u0259r\u0259k vur\u011fulay\u0131b ki, H\u0259s\u0259n b\u0259y Z\u0259rdabinin n\u0259slind\u0259n olan B\u00f6y\u00fckki\u015fi b\u0259y d\u0259 ilk d\u0259f\u0259 olaraq haz\u0131rlanan n\u0259sil \u015f\u0259c\u0259r\u0259sind\u0259 ona yax\u0131ndan k\u00f6m\u0259k edib: &#8220;\u0130ki il bundan \u0259vv\u0259l &#8220;Kaspi&#8221; q\u0259zetinin t\u0259sis\u00e7isi, \u0259m\u0259kdar jurnalist Sona V\u0259liyeva m\u0259n\u0259 dedi ki, siz H\u0259s\u0259n b\u0259y Z\u0259rdabi irsinin t\u0259dqiqat\u00e7\u0131lar\u0131ndans\u0131n\u0131z, amma indiy\u0259d\u0259k m\u0259n bu b\u00f6y\u00fck \u015f\u0259xsiyy\u0259tin anas\u0131 haqq\u0131nda geni\u015f bir ara\u015fd\u0131rmaya rast g\u0259lm\u0259mi\u015f\u0259m. Bu m\u0259s\u0259l\u0259 m\u0259ni daha geni\u015f formada ara\u015fd\u0131rmalar aparma\u011fa s\u00f6vq etdi. Axtar\u0131\u015flar\u0131m\u0131 n\u0259inki Az\u0259rbaycanda, h\u0259tta bir s\u0131ra \u00f6lk\u0259l\u0259rd\u0259, arxivl\u0259rd\u0259 davam etdirdim. N\u0259tic\u0259d\u0259 bel\u0259 bir \u0259s\u0259rin oxuculara t\u0259qdim edilm\u0259sin\u0259 m\u00fcv\u0259ff\u0259q oldum. Bu kitab\u0131n i\u015f\u0131q \u00fcz\u00fc g\u00f6rm\u0259sind\u0259 \u0259m\u0259yi ke\u00e7\u0259n h\u0259r k\u0259s\u0259 t\u0259\u015f\u0259kk\u00fcr etm\u0259k laz\u0131md\u0131r ki, onlar\u0131n say\u0259sind\u0259 bu g\u00fcn bel\u0259 bir kitab\u0131 Z\u0259rdabi sev\u0259rl\u0259r\u0259 t\u0259qdim ed\u0259 bilirik&#8221;.<\/p>\n<p>&#8220;Kaspi&#8221; q\u0259zetinin t\u0259sis\u00e7isi, \u0259m\u0259kdar jurnalist, kitab\u0131n r\u0259y\u00e7il\u0259rind\u0259n olan Sona V\u0259liyeva bildirib ki, zaman ke\u00e7ir, d\u00f6vr d\u0259yi\u015fir, amma H\u0259s\u0259n b\u0259y Z\u0259rdabi irsin\u0259 m\u00fcnasib\u0259t d\u0259yi\u015fmir. Ona g\u00f6r\u0259 ki, onun Az\u0259rbaycan xalq\u0131n\u0131n rifah\u0131, t\u0259r\u0259qqisi namin\u0259 g\u00f6rd\u00fcy\u00fc i\u015fl\u0259r dan\u0131lmazd\u0131r: &#8220;\u0130nsanlar bu kitabla tan\u0131\u015f olduqca \u00e7ox bilm\u0259dikl\u0259rini \u00f6yr\u0259n\u0259c\u0259kl\u0259r. Z\u0259rdabi b\u00f6y\u00fck \u015f\u0259xsiyy\u0259tdir. O h\u0259r zaman deyib ki, \u00e7\u0259kicinizi, zindan\u0131n\u0131z\u0131 saxlay\u0131n v\u0259 \u00f6vladlar\u0131n\u0131z\u0131 oxudun. O, ilk xeyriyy\u0259 c\u0259miyy\u0259ti yaradan, m\u0259kt\u0259b a\u00e7an, q\u0259zet yaradan insan olub. Maarifl\u0259nm\u0259y\u0259 b\u00f6y\u00fck \u00f6n\u0259m ver\u0259n insan haqq\u0131nda bu kitab azd\u0131r. H\u0259s\u0259n b\u0259y Z\u0259rdabi irsi n\u00f6vb\u0259ti ill\u0259rd\u0259 daha da geni\u015f \u015f\u0259kild\u0259 oxuculara t\u0259qdim olunacaq&#8221;.<\/p>\n<p>Deputat eyni zamanda kitab\u0131n redaktorlar\u0131ndan olan Jal\u0259 \u018fliyevan\u0131n s\u00f6zl\u0259rin\u0259 g\u00f6r\u0259, kitab \u0259rs\u0259y\u0259 g\u0259l\u0259n\u0259 kimi m\u00fc\u0259llifl\u0259 m\u00fczakir\u0259l\u0259r daimi olaraq davam edib v\u0259 bu kitab \u00e7ox b\u00f6y\u00fck \u0259ziyy\u0259tin b\u0259hr\u0259sidir: &#8220;Bundan 2 il \u0259vv\u0259l Z\u0259rdabinin 170 illiyinin ke\u00e7irilm\u0259si, onun ad\u0131n\u0131 da\u015f\u0131yan k\u00fc\u00e7\u0259nin, muzeyin b\u0259rpa edilm\u0259si haqq\u0131nda \u00f6lk\u0259 prezidentinin s\u0259r\u0259ncam\u0131 Z\u0259rdabiy\u0259 layiq oldu\u011fu d\u0259y\u0259ri verm\u0259k idi. Biz \u00fcmid edirik ki, bu kitab sonuncu olmas\u0131n v\u0259 \u00f6mr\u00fcn\u00fc xalq\u0131na h\u0259sr el\u0259mi\u015f insanlar haqq\u0131nda da bu c\u00fcr kitablar yaz\u0131ls\u0131n. Bu kitab sad\u0259 kitab deyil. Z\u0259rdabinin \u015f\u0259c\u0259r\u0259sini v\u0259 \u0259traf\u0131n\u0131 izah ed\u0259n v\u0259 \u00e7ox b\u00f6y\u00fck \u0259ziyy\u0259t s\u0259rf edil\u0259n kitabd\u0131r v\u0259 bu c\u00fcr kitablar\u0131n ard\u0131n\u0131n g\u0259lm\u0259sini d\u0259 \u00fcmid edirik&#8221;.<\/p>\n<p>T\u0259dbirin sonunda kitab\u0131n m\u00fc\u0259llifi Eld\u0259niz H\u0259s\u0259nova &#8220;Kaspi&#8221; q\u0259zeti v\u0259 Az\u0259rbaycan M\u0259tbuat \u015euras\u0131 t\u0259r\u0259find\u0259n H\u0259s\u0259n b\u0259y Z\u0259rdabi irsinin \u00f6yr\u0259nilm\u0259si sah\u0259sind\u0259ki \u00e7oxillik s\u0259m\u0259r\u0259li f\u0259aliyy\u0259tin\u0259 g\u00f6r\u0259 diplom t\u0259qdim edilib.<\/p>\n<p>Qeyd ed\u0259k ki, t\u0259dbird\u0259 &#8220;Kaspi&#8221; q\u0259zetinin, Az\u0259rbaycan M\u0259tbuat \u015euras\u0131n\u0131n v\u0259 Beyn\u0259lxalq M\u0259tbuat M\u0259rk\u0259zinin birg\u0259 t\u0259\u015f\u0259bb\u00fcs\u00fc il\u0259 ke\u00e7iril\u0259n t\u0259dbird\u0259 Milli M\u0259clisin deputatlar\u0131, \u00f6lk\u0259nin tan\u0131nm\u0131\u015f alim v\u0259 ziyal\u0131lar\u0131, k\u00fctl\u0259vi informasiya vasit\u0259l\u0259rinin r\u0259hb\u0259rl\u0259ri, Z\u0259rdabi n\u0259slinin Az\u0259rbaycanda v\u0259 xarici \u00f6lk\u0259l\u0259rd\u0259 ya\u015fayan n\u00fcmay\u0259nd\u0259l\u0259ri i\u015ftirak edibl\u0259r.<\/p>\n<\/div>\n<div style=\"text-align: left;\" align=\"right\"><span style=\"color: #0000ff;\"><strong>G\u00fcnay RAM\u0130ZQIZI, &#8220;Ekspress&#8221; q\u0259zeti<\/strong><\/span><\/div>\n","protected":false},"excerpt":{"rendered":"<p>D\u00fcn\u0259n Beyn\u0259lxalq M\u0259tbuat M\u0259rk\u0259zind\u0259 aqrar elml\u0259r \u00fczr\u0259 f\u0259ls\u0259f\u0259 doktoru, Beyn\u0259lxalq Ekoenergetika Akademiyas\u0131n\u0131n ekologiya \u00fczr\u0259 professoru, Z\u0259rdabi\u015f\u00fcnas alim Eld\u0259niz H\u0259s\u0259novun &#8220;H\u0259s\u0259n b\u0259y Z\u0259rdabi irsi: k\u0259\u015fm\u0259k\u0259\u015fli h\u0259yat yolu&#8221; adl\u0131 monoqrafiyas\u0131n\u0131n t\u0259qdimat m\u0259rasimi ke\u00e7irilib. M\u0259tbuat \u015euras\u0131n\u0131n s\u0259dri \u018fflatun Ama\u015fovun s\u00f6zl\u0259rin\u0259 g\u00f6r\u0259, monoqrafiya Az\u0259rbaycan milli m\u0259tbuat\u0131n\u0131n banisi, g\u00f6rk\u0259mli ictimai xadim, b\u00f6y\u00fck maarifp\u0259rv\u0259r, tan\u0131nm\u0131\u015f publisist, pedaqoq v\u0259 t\u0259bi\u0259t\u015f\u00fcnas alim H\u0259s\u0259n [&hellip;]<\/p>\n","protected":false},"author":1,"featured_media":0,"comment_status":"open","ping_status":"open","sticky":false,"template":"","format":"standard","meta":{"footnotes":""},"categories":[21],"tags":[],"class_list":{"0":"post-16485","1":"post","2":"type-post","3":"status-publish","4":"format-standard","6":"category-zrdab"},"yoast_head":"<!-- This site is optimized with the Yoast SEO plugin v27.0 - https:\/\/yoast.com\/product\/yoast-seo-wordpress\/ -->\n<title>Jal\u0259 \u018fliyeva: &quot;Prezidentin s\u0259r\u0259ncam\u0131 Z\u0259rdabiy\u0259 layiq oldu\u011fu d\u0259y\u0259ri verm\u0259k idi&quot; - Z\u0259rdab.com<\/title>\n<meta name=\"robots\" content=\"index, follow, max-snippet:-1, max-image-preview:large, max-video-preview:-1\" \/>\n<link rel=\"canonical\" href=\"https:\/\/www.zerdab.com\/?p=16485\" \/>\n<meta property=\"og:locale\" content=\"az_AZ\" \/>\n<meta property=\"og:type\" content=\"article\" \/>\n<meta property=\"og:title\" content=\"Jal\u0259 \u018fliyeva: &quot;Prezidentin s\u0259r\u0259ncam\u0131 Z\u0259rdabiy\u0259 layiq oldu\u011fu d\u0259y\u0259ri verm\u0259k idi&quot; - Z\u0259rdab.com\" \/>\n<meta property=\"og:description\" content=\"D\u00fcn\u0259n Beyn\u0259lxalq M\u0259tbuat M\u0259rk\u0259zind\u0259 aqrar elml\u0259r \u00fczr\u0259 f\u0259ls\u0259f\u0259 doktoru, Beyn\u0259lxalq Ekoenergetika Akademiyas\u0131n\u0131n ekologiya \u00fczr\u0259 professoru, Z\u0259rdabi\u015f\u00fcnas alim Eld\u0259niz H\u0259s\u0259novun &#8220;H\u0259s\u0259n b\u0259y Z\u0259rdabi irsi: k\u0259\u015fm\u0259k\u0259\u015fli h\u0259yat yolu&#8221; adl\u0131 monoqrafiyas\u0131n\u0131n t\u0259qdimat m\u0259rasimi ke\u00e7irilib. M\u0259tbuat \u015euras\u0131n\u0131n s\u0259dri \u018fflatun Ama\u015fovun s\u00f6zl\u0259rin\u0259 g\u00f6r\u0259, monoqrafiya Az\u0259rbaycan milli m\u0259tbuat\u0131n\u0131n banisi, g\u00f6rk\u0259mli ictimai xadim, b\u00f6y\u00fck maarifp\u0259rv\u0259r, tan\u0131nm\u0131\u015f publisist, pedaqoq v\u0259 t\u0259bi\u0259t\u015f\u00fcnas alim H\u0259s\u0259n [&hellip;]\" \/>\n<meta property=\"og:url\" content=\"https:\/\/www.zerdab.com\/?p=16485\" \/>\n<meta property=\"og:site_name\" content=\"Z\u0259rdab.com\" \/>\n<meta property=\"article:published_time\" content=\"2014-07-19T03:02:06+00:00\" \/>\n<meta property=\"article:modified_time\" content=\"2014-07-19T07:06:40+00:00\" \/>\n<meta property=\"og:image\" content=\"http:\/\/www.zerdab.com\/wp-content\/uploads\/2014\/07\/Zerdabi-550x411.jpg\" \/>\n<meta name=\"author\" content=\"admin\" \/>\n<meta name=\"twitter:card\" content=\"summary_large_image\" \/>\n<meta name=\"twitter:label1\" content=\"Written by\" \/>\n\t<meta name=\"twitter:data1\" content=\"admin\" \/>\n\t<meta name=\"twitter:label2\" content=\"Est. reading time\" \/>\n\t<meta name=\"twitter:data2\" content=\"5 minutes\" \/>\n<script type=\"application\/ld+json\" class=\"yoast-schema-graph\">{\"@context\":\"https:\/\/schema.org\",\"@graph\":[{\"@type\":\"Article\",\"@id\":\"https:\/\/www.zerdab.com\/?p=16485#article\",\"isPartOf\":{\"@id\":\"https:\/\/www.zerdab.com\/?p=16485\"},\"author\":{\"name\":\"admin\",\"@id\":\"https:\/\/www.zerdab.com\/#\/schema\/person\/97079b7570c1e89ec0d9e138c3672136\"},\"headline\":\"Jal\u0259 \u018fliyeva: &#8220;Prezidentin s\u0259r\u0259ncam\u0131 Z\u0259rdabiy\u0259 layiq oldu\u011fu d\u0259y\u0259ri verm\u0259k idi&#8221;\",\"datePublished\":\"2014-07-19T03:02:06+00:00\",\"dateModified\":\"2014-07-19T07:06:40+00:00\",\"mainEntityOfPage\":{\"@id\":\"https:\/\/www.zerdab.com\/?p=16485\"},\"wordCount\":934,\"commentCount\":1,\"image\":{\"@id\":\"https:\/\/www.zerdab.com\/?p=16485#primaryimage\"},\"thumbnailUrl\":\"http:\/\/www.zerdab.com\/wp-content\/uploads\/2014\/07\/Zerdabi-550x411.jpg\",\"articleSection\":[\"C\u018fM\u0130YY\u018fT\"],\"inLanguage\":\"az\",\"potentialAction\":[{\"@type\":\"CommentAction\",\"name\":\"Comment\",\"target\":[\"https:\/\/www.zerdab.com\/?p=16485#respond\"]}]},{\"@type\":\"WebPage\",\"@id\":\"https:\/\/www.zerdab.com\/?p=16485\",\"url\":\"https:\/\/www.zerdab.com\/?p=16485\",\"name\":\"Jal\u0259 \u018fliyeva: \\\"Prezidentin s\u0259r\u0259ncam\u0131 Z\u0259rdabiy\u0259 layiq oldu\u011fu d\u0259y\u0259ri verm\u0259k idi\\\" - Z\u0259rdab.com\",\"isPartOf\":{\"@id\":\"https:\/\/www.zerdab.com\/#website\"},\"primaryImageOfPage\":{\"@id\":\"https:\/\/www.zerdab.com\/?p=16485#primaryimage\"},\"image\":{\"@id\":\"https:\/\/www.zerdab.com\/?p=16485#primaryimage\"},\"thumbnailUrl\":\"http:\/\/www.zerdab.com\/wp-content\/uploads\/2014\/07\/Zerdabi-550x411.jpg\",\"datePublished\":\"2014-07-19T03:02:06+00:00\",\"dateModified\":\"2014-07-19T07:06:40+00:00\",\"author\":{\"@id\":\"https:\/\/www.zerdab.com\/#\/schema\/person\/97079b7570c1e89ec0d9e138c3672136\"},\"breadcrumb\":{\"@id\":\"https:\/\/www.zerdab.com\/?p=16485#breadcrumb\"},\"inLanguage\":\"az\",\"potentialAction\":[{\"@type\":\"ReadAction\",\"target\":[\"https:\/\/www.zerdab.com\/?p=16485\"]}]},{\"@type\":\"ImageObject\",\"inLanguage\":\"az\",\"@id\":\"https:\/\/www.zerdab.com\/?p=16485#primaryimage\",\"url\":\"\",\"contentUrl\":\"\"},{\"@type\":\"BreadcrumbList\",\"@id\":\"https:\/\/www.zerdab.com\/?p=16485#breadcrumb\",\"itemListElement\":[{\"@type\":\"ListItem\",\"position\":1,\"name\":\"Home\",\"item\":\"https:\/\/www.zerdab.com\/\"},{\"@type\":\"ListItem\",\"position\":2,\"name\":\"Jal\u0259 \u018fliyeva: &#8220;Prezidentin s\u0259r\u0259ncam\u0131 Z\u0259rdabiy\u0259 layiq oldu\u011fu d\u0259y\u0259ri verm\u0259k idi&#8221;\"}]},{\"@type\":\"WebSite\",\"@id\":\"https:\/\/www.zerdab.com\/#website\",\"url\":\"https:\/\/www.zerdab.com\/\",\"name\":\"Z\u0259rdab.com\",\"description\":\"\",\"potentialAction\":[{\"@type\":\"SearchAction\",\"target\":{\"@type\":\"EntryPoint\",\"urlTemplate\":\"https:\/\/www.zerdab.com\/?s={search_term_string}\"},\"query-input\":{\"@type\":\"PropertyValueSpecification\",\"valueRequired\":true,\"valueName\":\"search_term_string\"}}],\"inLanguage\":\"az\"},{\"@type\":\"Person\",\"@id\":\"https:\/\/www.zerdab.com\/#\/schema\/person\/97079b7570c1e89ec0d9e138c3672136\",\"name\":\"admin\",\"image\":{\"@type\":\"ImageObject\",\"inLanguage\":\"az\",\"@id\":\"https:\/\/www.zerdab.com\/#\/schema\/person\/image\/\",\"url\":\"https:\/\/secure.gravatar.com\/avatar\/d9c52a9a27c32119cb6679a077fa3e2779e5f822c451cbf01098004361d466ec?s=96&d=mm&r=g\",\"contentUrl\":\"https:\/\/secure.gravatar.com\/avatar\/d9c52a9a27c32119cb6679a077fa3e2779e5f822c451cbf01098004361d466ec?s=96&d=mm&r=g\",\"caption\":\"admin\"},\"url\":\"https:\/\/www.zerdab.com\/?author=1\"}]}<\/script>\n<!-- \/ Yoast SEO plugin. -->","yoast_head_json":{"title":"Jal\u0259 \u018fliyeva: \"Prezidentin s\u0259r\u0259ncam\u0131 Z\u0259rdabiy\u0259 layiq oldu\u011fu d\u0259y\u0259ri verm\u0259k idi\" - Z\u0259rdab.com","robots":{"index":"index","follow":"follow","max-snippet":"max-snippet:-1","max-image-preview":"max-image-preview:large","max-video-preview":"max-video-preview:-1"},"canonical":"https:\/\/www.zerdab.com\/?p=16485","og_locale":"az_AZ","og_type":"article","og_title":"Jal\u0259 \u018fliyeva: \"Prezidentin s\u0259r\u0259ncam\u0131 Z\u0259rdabiy\u0259 layiq oldu\u011fu d\u0259y\u0259ri verm\u0259k idi\" - Z\u0259rdab.com","og_description":"D\u00fcn\u0259n Beyn\u0259lxalq M\u0259tbuat M\u0259rk\u0259zind\u0259 aqrar elml\u0259r \u00fczr\u0259 f\u0259ls\u0259f\u0259 doktoru, Beyn\u0259lxalq Ekoenergetika Akademiyas\u0131n\u0131n ekologiya \u00fczr\u0259 professoru, Z\u0259rdabi\u015f\u00fcnas alim Eld\u0259niz H\u0259s\u0259novun &#8220;H\u0259s\u0259n b\u0259y Z\u0259rdabi irsi: k\u0259\u015fm\u0259k\u0259\u015fli h\u0259yat yolu&#8221; adl\u0131 monoqrafiyas\u0131n\u0131n t\u0259qdimat m\u0259rasimi ke\u00e7irilib. M\u0259tbuat \u015euras\u0131n\u0131n s\u0259dri \u018fflatun Ama\u015fovun s\u00f6zl\u0259rin\u0259 g\u00f6r\u0259, monoqrafiya Az\u0259rbaycan milli m\u0259tbuat\u0131n\u0131n banisi, g\u00f6rk\u0259mli ictimai xadim, b\u00f6y\u00fck maarifp\u0259rv\u0259r, tan\u0131nm\u0131\u015f publisist, pedaqoq v\u0259 t\u0259bi\u0259t\u015f\u00fcnas alim H\u0259s\u0259n [&hellip;]","og_url":"https:\/\/www.zerdab.com\/?p=16485","og_site_name":"Z\u0259rdab.com","article_published_time":"2014-07-19T03:02:06+00:00","article_modified_time":"2014-07-19T07:06:40+00:00","og_image":[{"url":"http:\/\/www.zerdab.com\/wp-content\/uploads\/2014\/07\/Zerdabi-550x411.jpg","type":"","width":"","height":""}],"author":"admin","twitter_card":"summary_large_image","twitter_misc":{"Written by":"admin","Est. reading time":"5 minutes"},"schema":{"@context":"https:\/\/schema.org","@graph":[{"@type":"Article","@id":"https:\/\/www.zerdab.com\/?p=16485#article","isPartOf":{"@id":"https:\/\/www.zerdab.com\/?p=16485"},"author":{"name":"admin","@id":"https:\/\/www.zerdab.com\/#\/schema\/person\/97079b7570c1e89ec0d9e138c3672136"},"headline":"Jal\u0259 \u018fliyeva: &#8220;Prezidentin s\u0259r\u0259ncam\u0131 Z\u0259rdabiy\u0259 layiq oldu\u011fu d\u0259y\u0259ri verm\u0259k idi&#8221;","datePublished":"2014-07-19T03:02:06+00:00","dateModified":"2014-07-19T07:06:40+00:00","mainEntityOfPage":{"@id":"https:\/\/www.zerdab.com\/?p=16485"},"wordCount":934,"commentCount":1,"image":{"@id":"https:\/\/www.zerdab.com\/?p=16485#primaryimage"},"thumbnailUrl":"http:\/\/www.zerdab.com\/wp-content\/uploads\/2014\/07\/Zerdabi-550x411.jpg","articleSection":["C\u018fM\u0130YY\u018fT"],"inLanguage":"az","potentialAction":[{"@type":"CommentAction","name":"Comment","target":["https:\/\/www.zerdab.com\/?p=16485#respond"]}]},{"@type":"WebPage","@id":"https:\/\/www.zerdab.com\/?p=16485","url":"https:\/\/www.zerdab.com\/?p=16485","name":"Jal\u0259 \u018fliyeva: \"Prezidentin s\u0259r\u0259ncam\u0131 Z\u0259rdabiy\u0259 layiq oldu\u011fu d\u0259y\u0259ri verm\u0259k idi\" - Z\u0259rdab.com","isPartOf":{"@id":"https:\/\/www.zerdab.com\/#website"},"primaryImageOfPage":{"@id":"https:\/\/www.zerdab.com\/?p=16485#primaryimage"},"image":{"@id":"https:\/\/www.zerdab.com\/?p=16485#primaryimage"},"thumbnailUrl":"http:\/\/www.zerdab.com\/wp-content\/uploads\/2014\/07\/Zerdabi-550x411.jpg","datePublished":"2014-07-19T03:02:06+00:00","dateModified":"2014-07-19T07:06:40+00:00","author":{"@id":"https:\/\/www.zerdab.com\/#\/schema\/person\/97079b7570c1e89ec0d9e138c3672136"},"breadcrumb":{"@id":"https:\/\/www.zerdab.com\/?p=16485#breadcrumb"},"inLanguage":"az","potentialAction":[{"@type":"ReadAction","target":["https:\/\/www.zerdab.com\/?p=16485"]}]},{"@type":"ImageObject","inLanguage":"az","@id":"https:\/\/www.zerdab.com\/?p=16485#primaryimage","url":"","contentUrl":""},{"@type":"BreadcrumbList","@id":"https:\/\/www.zerdab.com\/?p=16485#breadcrumb","itemListElement":[{"@type":"ListItem","position":1,"name":"Home","item":"https:\/\/www.zerdab.com\/"},{"@type":"ListItem","position":2,"name":"Jal\u0259 \u018fliyeva: &#8220;Prezidentin s\u0259r\u0259ncam\u0131 Z\u0259rdabiy\u0259 layiq oldu\u011fu d\u0259y\u0259ri verm\u0259k idi&#8221;"}]},{"@type":"WebSite","@id":"https:\/\/www.zerdab.com\/#website","url":"https:\/\/www.zerdab.com\/","name":"Z\u0259rdab.com","description":"","potentialAction":[{"@type":"SearchAction","target":{"@type":"EntryPoint","urlTemplate":"https:\/\/www.zerdab.com\/?s={search_term_string}"},"query-input":{"@type":"PropertyValueSpecification","valueRequired":true,"valueName":"search_term_string"}}],"inLanguage":"az"},{"@type":"Person","@id":"https:\/\/www.zerdab.com\/#\/schema\/person\/97079b7570c1e89ec0d9e138c3672136","name":"admin","image":{"@type":"ImageObject","inLanguage":"az","@id":"https:\/\/www.zerdab.com\/#\/schema\/person\/image\/","url":"https:\/\/secure.gravatar.com\/avatar\/d9c52a9a27c32119cb6679a077fa3e2779e5f822c451cbf01098004361d466ec?s=96&d=mm&r=g","contentUrl":"https:\/\/secure.gravatar.com\/avatar\/d9c52a9a27c32119cb6679a077fa3e2779e5f822c451cbf01098004361d466ec?s=96&d=mm&r=g","caption":"admin"},"url":"https:\/\/www.zerdab.com\/?author=1"}]}},"_links":{"self":[{"href":"https:\/\/www.zerdab.com\/index.php?rest_route=\/wp\/v2\/posts\/16485","targetHints":{"allow":["GET"]}}],"collection":[{"href":"https:\/\/www.zerdab.com\/index.php?rest_route=\/wp\/v2\/posts"}],"about":[{"href":"https:\/\/www.zerdab.com\/index.php?rest_route=\/wp\/v2\/types\/post"}],"author":[{"embeddable":true,"href":"https:\/\/www.zerdab.com\/index.php?rest_route=\/wp\/v2\/users\/1"}],"replies":[{"embeddable":true,"href":"https:\/\/www.zerdab.com\/index.php?rest_route=%2Fwp%2Fv2%2Fcomments&post=16485"}],"version-history":[{"count":2,"href":"https:\/\/www.zerdab.com\/index.php?rest_route=\/wp\/v2\/posts\/16485\/revisions"}],"predecessor-version":[{"id":16487,"href":"https:\/\/www.zerdab.com\/index.php?rest_route=\/wp\/v2\/posts\/16485\/revisions\/16487"}],"wp:attachment":[{"href":"https:\/\/www.zerdab.com\/index.php?rest_route=%2Fwp%2Fv2%2Fmedia&parent=16485"}],"wp:term":[{"taxonomy":"category","embeddable":true,"href":"https:\/\/www.zerdab.com\/index.php?rest_route=%2Fwp%2Fv2%2Fcategories&post=16485"},{"taxonomy":"post_tag","embeddable":true,"href":"https:\/\/www.zerdab.com\/index.php?rest_route=%2Fwp%2Fv2%2Ftags&post=16485"}],"curies":[{"name":"wp","href":"https:\/\/api.w.org\/{rel}","templated":true}]}}