{"id":16503,"date":"2014-07-19T20:13:18","date_gmt":"2014-07-19T15:13:18","guid":{"rendered":"http:\/\/www.zerdab.com\/?p=16503"},"modified":"2014-07-19T20:13:18","modified_gmt":"2014-07-19T15:13:18","slug":"tarixi-h%c9%99qiq%c9%99tl%c9%99rimiz-dunyaya-catdirilir-foto","status":"publish","type":"post","link":"https:\/\/www.zerdab.com\/?p=16503","title":{"rendered":"Tarixi h\u0259qiq\u0259tl\u0259rimiz d\u00fcnyaya \u00e7atd\u0131r\u0131l\u0131r &#8211; FOTO"},"content":{"rendered":"<p><span style=\"line-height: 1.5em;\"><a href=\"http:\/\/www.zerdab.com\/wp-content\/uploads\/2014\/07\/Rad\u0259-Abbas.jpg\"><img loading=\"lazy\" decoding=\"async\" class=\"aligncenter size-large wp-image-16504\" alt=\"Rad\u0259 Abbas\" src=\"http:\/\/www.zerdab.com\/wp-content\/uploads\/2014\/07\/Rad\u0259-Abbas-550x366.jpg\" width=\"550\" height=\"366\" \/><\/a>M\u00fcharib\u0259 Veteran\u0131 Qad\u0131nlar\u0131na Sosial Yard\u0131m \u0130ctimai Birliyinin Az\u0259rbaycan Respublikas\u0131n\u0131n Prezidenti yan\u0131nda Qeyri H\u00f6kum\u0259t T\u0259\u015fkilatlar\u0131na D\u00f6vl\u0259t D\u0259st\u0259yi \u015euras\u0131n\u0131n maliyy\u0259 d\u0259st\u0259yi il\u0259 h\u0259yata ke\u00e7irdiyi layih\u0259 ba\u015fa \u00e7at\u0131b. &#8220;\u0130sve\u00e7in Stokholm v\u0259 T\u00fcrkiy\u0259 Respublikas\u0131n\u0131n Ankara \u015f\u0259h\u0259rl\u0259rind\u0259ki universitetl\u0259rd\u0259 Qaraba\u011f informasiya gu\u015f\u0259sinin yarad\u0131lmas\u0131&#8221; adl\u0131 layh\u0259 \u00e7\u0259r\u00e7iv\u0259sind\u0259 bir s\u0131ra g\u00f6r\u00fc\u015fl\u0259r, t\u0259dbirl\u0259r t\u0259\u015fkil olunub, konfranslar ke\u00e7irilib. M\u00fcharib\u0259 Veteran\u0131 Qad\u0131nlar\u0131na Sosial Yard\u0131m \u0130ctimai Birliyinin s\u0259dri Rad\u0259 Abbas\u0131n Zerdab.com-a verdiyi m\u0259lumata g\u00f6r\u0259, layih\u0259nin h\u0259yata ke\u00e7irilm\u0259sind\u0259 m\u0259qs\u0259d xarici \u00f6lk\u0259l\u0259rin g\u0259ncl\u0259ri il\u0259 canl\u0131 t\u0259mas quraraq Az\u0259rbaycan v\u0259 T\u00fcrk d\u00fcnyas\u0131n\u0131n uzun ill\u0259rdir ba\u015f\u0131na g\u0259tiril\u0259n m\u00fcsib\u0259tl\u0259rin onlara \u00e7atd\u0131r\u0131lmas\u0131 v\u0259 h\u0259r bir \u00f6lk\u0259d\u0259 Qaraba\u011f\u0131n azadl\u0131\u011f\u0131 \u00fc\u00e7\u00fcn sad\u0259 v\u0259t\u0259nda\u015flardan ibar\u0259t dayaq n\u00f6qt\u0259si yaratmaqd\u0131r: &#8220;Bu m\u0259qs\u0259dl\u0259 T\u00fcrkiy\u0259d\u0259 v\u0259 dig\u0259r xarici \u00f6lk\u0259l\u0259rd\u0259 Az\u0259rbaycan h\u0259qiq\u0259tl\u0259rinin Qaraba\u011f\u0131n tarixini \u0259ks etdir\u0259n konfranslar v\u0259 tarixi s\u0259rgil\u0259r ke\u00e7irilm\u0259si \u0259sas m\u0259qs\u0259dimizdir. Qaraba\u011f\u0131n q\u0259dim Az\u0259rbaycan torpa\u011f\u0131 oldu\u011funu s\u00fcbut ed\u0259c\u0259k minl\u0259rl\u0259 faktlar\u0131n h\u0259r yerd\u0259 n\u00fcmayi\u015f etdirilm\u0259si \u00e7ox vacibdir. Bu m\u0259qs\u0259dl\u0259 biz Kayseri \u015f\u0259h\u0259rind\u0259 Erciyes Universitetind\u0259 g\u00f6r\u00fc\u015f ke\u00e7irdik, Qaraba\u011fla, Az\u0259rbaycan tarixi il\u0259 ba\u011fl\u0131 gu\u015f\u0259nin a\u00e7\u0131l\u0131\u015f\u0131 oldu&#8221;.<\/span><\/p>\n<p>R. Abbas\u0131n s\u00f6zl\u0259rin\u0259 g\u00f6r\u0259, bu m\u00f6vzu il\u0259 ba\u011fl\u0131 T\u00fcrkiy\u0259 telekanallar\u0131nda yay\u0131mlanan verili\u015fl\u0259rin d\u0259 qona\u011f\u0131 olublar. Bundan ba\u015fqa, T\u00fcrkiy\u0259 B\u00f6y\u00fck Mill\u0259t M\u0259clisinin \u00fczvl\u0259ri &#8211; mill\u0259t v\u0259kill\u0259ri\u00a0 Koray Ayd\u0131n, Sinan O\u011fan, Ruhsar D\u0259mir\u0259l\u00a0 v\u0259 Yusuf Halaco\u011flu il\u0259 d\u0259 g\u00f6r\u00fc\u015f olub: &#8220;G\u00f6r\u00fc\u015fd\u0259 Az\u0259rbaycan v\u0259 Qaraba\u011f h\u0259qiq\u0259tl\u0259ri il\u0259 ba\u011fl\u0131 beyn\u0259lxalq konfras\u0131n, tarixi s\u0259rgil\u0259rin Avropada ke\u00e7irilm\u0259si v\u0259 dig\u0259r layih\u0259l\u0259rin h\u0259yata ke\u00e7irilm\u0259si haqda dan\u0131\u015f\u0131qlar apar\u0131ld\u0131&#8221;.<\/p>\n<p>Layih\u0259 \u00e7\u0259r\u00e7iv\u0259sind\u0259 h\u0259m\u00e7inin T\u00fcrkiy\u0259nin Ankara \u015f\u0259h\u0259rind\u0259 T\u00fcrkiy\u0259 Orta \u015e\u0259rq \u0130dar\u0259\u00e7ilik \u0130nstitutunda Az\u0259rbaycan\u0131n Milli Qurtulu\u015f G\u00fcn\u00fcn\u0259 h\u0259sr edilmi\u015f &#8220;Az\u0259rbaycan\u0131n i\u015f\u011fal alt\u0131nda saxlanan torpaqlar\u0131&#8221; adl\u0131 elmi konfrans v\u0259 tarixi materiallardan ibar\u0259t s\u0259rgi t\u0259\u015fkil edilib.<\/p>\n<p>Zerdab.com<\/p>\n<p><a href=\"http:\/\/www.zerdab.com\/wp-content\/uploads\/2014\/07\/Rad\u0259-Abbas1.jpg\"><img loading=\"lazy\" decoding=\"async\" class=\"aligncenter size-large wp-image-16505\" alt=\"Rad\u0259 Abbas\" src=\"http:\/\/www.zerdab.com\/wp-content\/uploads\/2014\/07\/Rad\u0259-Abbas1-550x329.jpg\" width=\"550\" height=\"329\" \/><\/a><\/p>\n","protected":false},"excerpt":{"rendered":"<p>M\u00fcharib\u0259 Veteran\u0131 Qad\u0131nlar\u0131na Sosial Yard\u0131m \u0130ctimai Birliyinin Az\u0259rbaycan Respublikas\u0131n\u0131n Prezidenti yan\u0131nda Qeyri H\u00f6kum\u0259t T\u0259\u015fkilatlar\u0131na D\u00f6vl\u0259t D\u0259st\u0259yi \u015euras\u0131n\u0131n maliyy\u0259 d\u0259st\u0259yi il\u0259 h\u0259yata ke\u00e7irdiyi layih\u0259 ba\u015fa \u00e7at\u0131b. &#8220;\u0130sve\u00e7in Stokholm v\u0259 T\u00fcrkiy\u0259 Respublikas\u0131n\u0131n Ankara \u015f\u0259h\u0259rl\u0259rind\u0259ki universitetl\u0259rd\u0259 Qaraba\u011f informasiya gu\u015f\u0259sinin yarad\u0131lmas\u0131&#8221; adl\u0131 layh\u0259 \u00e7\u0259r\u00e7iv\u0259sind\u0259 bir s\u0131ra g\u00f6r\u00fc\u015fl\u0259r, t\u0259dbirl\u0259r t\u0259\u015fkil olunub, konfranslar ke\u00e7irilib. M\u00fcharib\u0259 Veteran\u0131 Qad\u0131nlar\u0131na Sosial Yard\u0131m \u0130ctimai Birliyinin [&hellip;]<\/p>\n","protected":false},"author":1,"featured_media":0,"comment_status":"open","ping_status":"open","sticky":false,"template":"","format":"standard","meta":{"footnotes":""},"categories":[21],"tags":[],"class_list":{"0":"post-16503","1":"post","2":"type-post","3":"status-publish","4":"format-standard","6":"category-zrdab"},"yoast_head":"<!-- This site is optimized with the Yoast SEO plugin v27.0 - https:\/\/yoast.com\/product\/yoast-seo-wordpress\/ -->\n<title>Tarixi h\u0259qiq\u0259tl\u0259rimiz d\u00fcnyaya \u00e7atd\u0131r\u0131l\u0131r - FOTO - Z\u0259rdab.com<\/title>\n<meta name=\"robots\" content=\"index, follow, max-snippet:-1, max-image-preview:large, max-video-preview:-1\" \/>\n<link rel=\"canonical\" href=\"https:\/\/www.zerdab.com\/?p=16503\" \/>\n<meta property=\"og:locale\" content=\"az_AZ\" \/>\n<meta property=\"og:type\" content=\"article\" \/>\n<meta property=\"og:title\" content=\"Tarixi h\u0259qiq\u0259tl\u0259rimiz d\u00fcnyaya \u00e7atd\u0131r\u0131l\u0131r - FOTO - Z\u0259rdab.com\" \/>\n<meta property=\"og:description\" content=\"M\u00fcharib\u0259 Veteran\u0131 Qad\u0131nlar\u0131na Sosial Yard\u0131m \u0130ctimai Birliyinin Az\u0259rbaycan Respublikas\u0131n\u0131n Prezidenti yan\u0131nda Qeyri H\u00f6kum\u0259t T\u0259\u015fkilatlar\u0131na D\u00f6vl\u0259t D\u0259st\u0259yi \u015euras\u0131n\u0131n maliyy\u0259 d\u0259st\u0259yi il\u0259 h\u0259yata ke\u00e7irdiyi layih\u0259 ba\u015fa \u00e7at\u0131b. &#8220;\u0130sve\u00e7in Stokholm v\u0259 T\u00fcrkiy\u0259 Respublikas\u0131n\u0131n Ankara \u015f\u0259h\u0259rl\u0259rind\u0259ki universitetl\u0259rd\u0259 Qaraba\u011f informasiya gu\u015f\u0259sinin yarad\u0131lmas\u0131&#8221; adl\u0131 layh\u0259 \u00e7\u0259r\u00e7iv\u0259sind\u0259 bir s\u0131ra g\u00f6r\u00fc\u015fl\u0259r, t\u0259dbirl\u0259r t\u0259\u015fkil olunub, konfranslar ke\u00e7irilib. M\u00fcharib\u0259 Veteran\u0131 Qad\u0131nlar\u0131na Sosial Yard\u0131m \u0130ctimai Birliyinin [&hellip;]\" \/>\n<meta property=\"og:url\" content=\"https:\/\/www.zerdab.com\/?p=16503\" \/>\n<meta property=\"og:site_name\" content=\"Z\u0259rdab.com\" \/>\n<meta property=\"article:published_time\" content=\"2014-07-19T15:13:18+00:00\" \/>\n<meta name=\"author\" content=\"admin\" \/>\n<meta name=\"twitter:card\" content=\"summary_large_image\" \/>\n<meta name=\"twitter:label1\" content=\"Written by\" \/>\n\t<meta name=\"twitter:data1\" content=\"admin\" \/>\n\t<meta name=\"twitter:label2\" content=\"Est. reading time\" \/>\n\t<meta name=\"twitter:data2\" content=\"2 minutes\" \/>\n<script type=\"application\/ld+json\" class=\"yoast-schema-graph\">{\"@context\":\"https:\/\/schema.org\",\"@graph\":[{\"@type\":\"Article\",\"@id\":\"https:\/\/www.zerdab.com\/?p=16503#article\",\"isPartOf\":{\"@id\":\"https:\/\/www.zerdab.com\/?p=16503\"},\"author\":{\"name\":\"admin\",\"@id\":\"https:\/\/www.zerdab.com\/#\/schema\/person\/97079b7570c1e89ec0d9e138c3672136\"},\"headline\":\"Tarixi h\u0259qiq\u0259tl\u0259rimiz d\u00fcnyaya \u00e7atd\u0131r\u0131l\u0131r &#8211; FOTO\",\"datePublished\":\"2014-07-19T15:13:18+00:00\",\"mainEntityOfPage\":{\"@id\":\"https:\/\/www.zerdab.com\/?p=16503\"},\"wordCount\":453,\"commentCount\":0,\"articleSection\":[\"C\u018fM\u0130YY\u018fT\"],\"inLanguage\":\"az\",\"potentialAction\":[{\"@type\":\"CommentAction\",\"name\":\"Comment\",\"target\":[\"https:\/\/www.zerdab.com\/?p=16503#respond\"]}]},{\"@type\":\"WebPage\",\"@id\":\"https:\/\/www.zerdab.com\/?p=16503\",\"url\":\"https:\/\/www.zerdab.com\/?p=16503\",\"name\":\"Tarixi h\u0259qiq\u0259tl\u0259rimiz d\u00fcnyaya \u00e7atd\u0131r\u0131l\u0131r - FOTO - Z\u0259rdab.com\",\"isPartOf\":{\"@id\":\"https:\/\/www.zerdab.com\/#website\"},\"datePublished\":\"2014-07-19T15:13:18+00:00\",\"author\":{\"@id\":\"https:\/\/www.zerdab.com\/#\/schema\/person\/97079b7570c1e89ec0d9e138c3672136\"},\"breadcrumb\":{\"@id\":\"https:\/\/www.zerdab.com\/?p=16503#breadcrumb\"},\"inLanguage\":\"az\",\"potentialAction\":[{\"@type\":\"ReadAction\",\"target\":[\"https:\/\/www.zerdab.com\/?p=16503\"]}]},{\"@type\":\"BreadcrumbList\",\"@id\":\"https:\/\/www.zerdab.com\/?p=16503#breadcrumb\",\"itemListElement\":[{\"@type\":\"ListItem\",\"position\":1,\"name\":\"Home\",\"item\":\"https:\/\/www.zerdab.com\/\"},{\"@type\":\"ListItem\",\"position\":2,\"name\":\"Tarixi h\u0259qiq\u0259tl\u0259rimiz d\u00fcnyaya \u00e7atd\u0131r\u0131l\u0131r &#8211; FOTO\"}]},{\"@type\":\"WebSite\",\"@id\":\"https:\/\/www.zerdab.com\/#website\",\"url\":\"https:\/\/www.zerdab.com\/\",\"name\":\"Z\u0259rdab.com\",\"description\":\"\",\"potentialAction\":[{\"@type\":\"SearchAction\",\"target\":{\"@type\":\"EntryPoint\",\"urlTemplate\":\"https:\/\/www.zerdab.com\/?s={search_term_string}\"},\"query-input\":{\"@type\":\"PropertyValueSpecification\",\"valueRequired\":true,\"valueName\":\"search_term_string\"}}],\"inLanguage\":\"az\"},{\"@type\":\"Person\",\"@id\":\"https:\/\/www.zerdab.com\/#\/schema\/person\/97079b7570c1e89ec0d9e138c3672136\",\"name\":\"admin\",\"image\":{\"@type\":\"ImageObject\",\"inLanguage\":\"az\",\"@id\":\"https:\/\/www.zerdab.com\/#\/schema\/person\/image\/\",\"url\":\"https:\/\/secure.gravatar.com\/avatar\/d9c52a9a27c32119cb6679a077fa3e2779e5f822c451cbf01098004361d466ec?s=96&d=mm&r=g\",\"contentUrl\":\"https:\/\/secure.gravatar.com\/avatar\/d9c52a9a27c32119cb6679a077fa3e2779e5f822c451cbf01098004361d466ec?s=96&d=mm&r=g\",\"caption\":\"admin\"},\"url\":\"https:\/\/www.zerdab.com\/?author=1\"}]}<\/script>\n<!-- \/ Yoast SEO plugin. -->","yoast_head_json":{"title":"Tarixi h\u0259qiq\u0259tl\u0259rimiz d\u00fcnyaya \u00e7atd\u0131r\u0131l\u0131r - FOTO - Z\u0259rdab.com","robots":{"index":"index","follow":"follow","max-snippet":"max-snippet:-1","max-image-preview":"max-image-preview:large","max-video-preview":"max-video-preview:-1"},"canonical":"https:\/\/www.zerdab.com\/?p=16503","og_locale":"az_AZ","og_type":"article","og_title":"Tarixi h\u0259qiq\u0259tl\u0259rimiz d\u00fcnyaya \u00e7atd\u0131r\u0131l\u0131r - FOTO - Z\u0259rdab.com","og_description":"M\u00fcharib\u0259 Veteran\u0131 Qad\u0131nlar\u0131na Sosial Yard\u0131m \u0130ctimai Birliyinin Az\u0259rbaycan Respublikas\u0131n\u0131n Prezidenti yan\u0131nda Qeyri H\u00f6kum\u0259t T\u0259\u015fkilatlar\u0131na D\u00f6vl\u0259t D\u0259st\u0259yi \u015euras\u0131n\u0131n maliyy\u0259 d\u0259st\u0259yi il\u0259 h\u0259yata ke\u00e7irdiyi layih\u0259 ba\u015fa \u00e7at\u0131b. &#8220;\u0130sve\u00e7in Stokholm v\u0259 T\u00fcrkiy\u0259 Respublikas\u0131n\u0131n Ankara \u015f\u0259h\u0259rl\u0259rind\u0259ki universitetl\u0259rd\u0259 Qaraba\u011f informasiya gu\u015f\u0259sinin yarad\u0131lmas\u0131&#8221; adl\u0131 layh\u0259 \u00e7\u0259r\u00e7iv\u0259sind\u0259 bir s\u0131ra g\u00f6r\u00fc\u015fl\u0259r, t\u0259dbirl\u0259r t\u0259\u015fkil olunub, konfranslar ke\u00e7irilib. M\u00fcharib\u0259 Veteran\u0131 Qad\u0131nlar\u0131na Sosial Yard\u0131m \u0130ctimai Birliyinin [&hellip;]","og_url":"https:\/\/www.zerdab.com\/?p=16503","og_site_name":"Z\u0259rdab.com","article_published_time":"2014-07-19T15:13:18+00:00","author":"admin","twitter_card":"summary_large_image","twitter_misc":{"Written by":"admin","Est. reading time":"2 minutes"},"schema":{"@context":"https:\/\/schema.org","@graph":[{"@type":"Article","@id":"https:\/\/www.zerdab.com\/?p=16503#article","isPartOf":{"@id":"https:\/\/www.zerdab.com\/?p=16503"},"author":{"name":"admin","@id":"https:\/\/www.zerdab.com\/#\/schema\/person\/97079b7570c1e89ec0d9e138c3672136"},"headline":"Tarixi h\u0259qiq\u0259tl\u0259rimiz d\u00fcnyaya \u00e7atd\u0131r\u0131l\u0131r &#8211; FOTO","datePublished":"2014-07-19T15:13:18+00:00","mainEntityOfPage":{"@id":"https:\/\/www.zerdab.com\/?p=16503"},"wordCount":453,"commentCount":0,"articleSection":["C\u018fM\u0130YY\u018fT"],"inLanguage":"az","potentialAction":[{"@type":"CommentAction","name":"Comment","target":["https:\/\/www.zerdab.com\/?p=16503#respond"]}]},{"@type":"WebPage","@id":"https:\/\/www.zerdab.com\/?p=16503","url":"https:\/\/www.zerdab.com\/?p=16503","name":"Tarixi h\u0259qiq\u0259tl\u0259rimiz d\u00fcnyaya \u00e7atd\u0131r\u0131l\u0131r - FOTO - Z\u0259rdab.com","isPartOf":{"@id":"https:\/\/www.zerdab.com\/#website"},"datePublished":"2014-07-19T15:13:18+00:00","author":{"@id":"https:\/\/www.zerdab.com\/#\/schema\/person\/97079b7570c1e89ec0d9e138c3672136"},"breadcrumb":{"@id":"https:\/\/www.zerdab.com\/?p=16503#breadcrumb"},"inLanguage":"az","potentialAction":[{"@type":"ReadAction","target":["https:\/\/www.zerdab.com\/?p=16503"]}]},{"@type":"BreadcrumbList","@id":"https:\/\/www.zerdab.com\/?p=16503#breadcrumb","itemListElement":[{"@type":"ListItem","position":1,"name":"Home","item":"https:\/\/www.zerdab.com\/"},{"@type":"ListItem","position":2,"name":"Tarixi h\u0259qiq\u0259tl\u0259rimiz d\u00fcnyaya \u00e7atd\u0131r\u0131l\u0131r &#8211; FOTO"}]},{"@type":"WebSite","@id":"https:\/\/www.zerdab.com\/#website","url":"https:\/\/www.zerdab.com\/","name":"Z\u0259rdab.com","description":"","potentialAction":[{"@type":"SearchAction","target":{"@type":"EntryPoint","urlTemplate":"https:\/\/www.zerdab.com\/?s={search_term_string}"},"query-input":{"@type":"PropertyValueSpecification","valueRequired":true,"valueName":"search_term_string"}}],"inLanguage":"az"},{"@type":"Person","@id":"https:\/\/www.zerdab.com\/#\/schema\/person\/97079b7570c1e89ec0d9e138c3672136","name":"admin","image":{"@type":"ImageObject","inLanguage":"az","@id":"https:\/\/www.zerdab.com\/#\/schema\/person\/image\/","url":"https:\/\/secure.gravatar.com\/avatar\/d9c52a9a27c32119cb6679a077fa3e2779e5f822c451cbf01098004361d466ec?s=96&d=mm&r=g","contentUrl":"https:\/\/secure.gravatar.com\/avatar\/d9c52a9a27c32119cb6679a077fa3e2779e5f822c451cbf01098004361d466ec?s=96&d=mm&r=g","caption":"admin"},"url":"https:\/\/www.zerdab.com\/?author=1"}]}},"_links":{"self":[{"href":"https:\/\/www.zerdab.com\/index.php?rest_route=\/wp\/v2\/posts\/16503","targetHints":{"allow":["GET"]}}],"collection":[{"href":"https:\/\/www.zerdab.com\/index.php?rest_route=\/wp\/v2\/posts"}],"about":[{"href":"https:\/\/www.zerdab.com\/index.php?rest_route=\/wp\/v2\/types\/post"}],"author":[{"embeddable":true,"href":"https:\/\/www.zerdab.com\/index.php?rest_route=\/wp\/v2\/users\/1"}],"replies":[{"embeddable":true,"href":"https:\/\/www.zerdab.com\/index.php?rest_route=%2Fwp%2Fv2%2Fcomments&post=16503"}],"version-history":[{"count":1,"href":"https:\/\/www.zerdab.com\/index.php?rest_route=\/wp\/v2\/posts\/16503\/revisions"}],"predecessor-version":[{"id":16506,"href":"https:\/\/www.zerdab.com\/index.php?rest_route=\/wp\/v2\/posts\/16503\/revisions\/16506"}],"wp:attachment":[{"href":"https:\/\/www.zerdab.com\/index.php?rest_route=%2Fwp%2Fv2%2Fmedia&parent=16503"}],"wp:term":[{"taxonomy":"category","embeddable":true,"href":"https:\/\/www.zerdab.com\/index.php?rest_route=%2Fwp%2Fv2%2Fcategories&post=16503"},{"taxonomy":"post_tag","embeddable":true,"href":"https:\/\/www.zerdab.com\/index.php?rest_route=%2Fwp%2Fv2%2Ftags&post=16503"}],"curies":[{"name":"wp","href":"https:\/\/api.w.org\/{rel}","templated":true}]}}