{"id":16519,"date":"2014-07-21T13:51:36","date_gmt":"2014-07-21T08:51:36","guid":{"rendered":"http:\/\/www.zerdab.com\/?p=16519"},"modified":"2014-07-21T13:51:36","modified_gmt":"2014-07-21T08:51:36","slug":"h%c9%99s%c9%99n-b%c9%99y-z%c9%99rdabinin-oglu-1965-ci-il%c9%99-q%c9%99d%c9%99r-yasayib","status":"publish","type":"post","link":"https:\/\/www.zerdab.com\/?p=16519","title":{"rendered":"&#8220;H\u0259s\u0259n b\u0259y Z\u0259rdabinin o\u011flu 1965-ci il\u0259 q\u0259d\u0259r ya\u015fay\u0131b&#8221;"},"content":{"rendered":"<p><b><span style=\"font-size: medium;\"><a href=\"http:\/\/www.zerdab.com\/wp-content\/uploads\/2014\/07\/hesen-bey-zerdabi.jpg\"><img loading=\"lazy\" decoding=\"async\" class=\"aligncenter size-full wp-image-16520\" alt=\"hesen-bey-zerdabi\" src=\"http:\/\/www.zerdab.com\/wp-content\/uploads\/2014\/07\/hesen-bey-zerdabi.jpg\" width=\"400\" height=\"427\" \/><\/a>Az\u0259rbaycan m\u0259tbuat tarixinin gizli qalan m\u00fc\u0259llifl\u0259ri<\/span><\/b><\/p>\n<p>Sabah Az\u0259rbaycan\u00a0 jurnalistika tarixinin\u00a0 ilk qaranqu\u015fu olan \u201c\u018fkin\u00e7i \u201c q\u0259zetinin ilk say\u0131n\u0131n \u00e7ap\u0131ndan 139 il \u00f6t\u00fcr. Bu tarix h\u0259m d\u0259 Az\u0259rbaycan maarif\u00e7ilik h\u0259r\u0259kat\u0131n\u0131n da ba\u015flan\u011f\u0131c\u0131 olub.\u00a0 Az\u0259rbaycan Milli Azadl\u0131q H\u0259r\u0259kat\u0131 1918-ci ild\u0259 q\u0259d\u0259r davam edib. O ilin may\u0131n 28-d\u0259 is\u0259 Xalq C\u00fcmhuriyy\u0259tinin yaranmas\u0131 il\u0259 \u00f6z\u00fcn\u00fcn m\u0259ntiqi h\u0259llini tapd\u0131. O ild\u0259n indiy\u0259d\u0259k xeyli sayda maarif\u00e7il\u0259r bu \u201cbeyin v\u0259\u00a0 ruh\u201d h\u0259r\u0259kat\u0131n\u0131n \u00f6n\u00fcnd\u0259 gedibl\u0259r. Onlar\u0131n bir qismi bu g\u00fcn \u00e7ox tan\u0131n\u0131r. T\u0259bii ki, H\u0259s\u0259n b\u0259y Z\u0259rdabi, \u018flim\u0259rdan b\u0259y Top\u00e7uba\u015fov, \u018fli b\u0259y H\u00fcseynzad\u0259, \u018fhm\u0259d A\u011fao\u011flu, Mirz\u0259 C\u0259lil, \u00dczeyir Hac\u0131b\u0259ylini \u00e7oxlar\u0131 tan\u0131y\u0131r. Amma el\u0259 \u015f\u0259xsiyy\u0259tl\u0259r var ki, onlar az qala adlar\u0131 \u00e7\u0259kil\u0259nl\u0259r q\u0259d\u0259r i\u015f g\u00f6rm\u0259l\u0259rin\u0259 baxmayaraq, onlar\u0131 bu g\u00fcn\u00fcn he\u00e7 ziyal\u0131lar\u0131 da tan\u0131nm\u0131r.\u00a0<strong>Modern.az<\/strong>\u00a0sayt\u0131 m\u0259tbuat tarixinin ara\u015fd\u0131r\u0131c\u0131lar\u0131 aras\u0131nda bu istiqam\u0259td\u0259 sor\u011fu ke\u00e7irib. M\u0259tbuat tariximizin geni\u015f ara\u015fd\u0131r\u0131lmas\u0131na baxmayaraq, bu g\u00fcn \u00fc\u00e7\u00fcn nam\u0259lum qalan imzalar kiml\u0259rdir:<\/p>\n<p><strong>Akif A\u015f\u0131rl\u0131, ara\u015fd\u0131rma\u00e7\u0131-jurnalist:<\/strong>\u00a0\u201c\u0130lk n\u00f6vb\u0259d\u0259 F\u0259rhad A\u011fazad\u0259ni qeyd etm\u0259liyik. O, Az\u0259rbaycan m\u0259tbuat tarixind\u0259 m\u0259hsuldar v\u0259 vacib f\u0259aliyy\u0259tin\u0259 baxmayaraq, ara\u015fd\u0131rma\u00e7\u0131lar t\u0259r\u0259find\u0259n m\u0259nb\u0259 olaraq t\u0259dqiq edilm\u0259yib. Onun bir \u00e7ox m\u00f6vzularda yazd\u0131\u011f\u0131 yaz\u0131lar bu g\u00fcn \u00fc\u00e7\u00fcn d\u0259 \u00f6z \u0259h\u0259miyy\u0259tini qoruyub saxlay\u0131r. Onun soyad\u00a0 m\u0259s\u0259l\u0259si il\u0259 \u0259laq\u0259li yazd\u0131\u011f\u0131 yaz\u0131larda d\u00fcnyada \u00f6z\u00fcm\u00fcz\u00fc hans\u0131 m\u0259nsubiyy\u0259tl\u0259, hans\u0131 soyadla tan\u0131tmaq fakt\u0131 dururdu. Eyni zamanda, F. A\u011fazad\u0259 m\u0259tbuat\u0131n tarixin\u0259 aid be\u015f-alt\u0131 m\u0259qal\u0259 d\u0259\u00a0 yaz\u0131b. M\u0259n onlar\u0131 \u0259r\u0259b qrafikas\u0131ndan \u00e7evirmi\u015f\u0259m.\u00a0 F\u0259rhad A\u011fazad\u0259nin se\u00e7ilmi\u015f \u0259s\u0259rl\u0259rind\u0259n ibar\u0259t kitab\u0131 yoxdur. Ola bil\u0259r, kiml\u0259rs\u0259 onun maarif\u00e7ilik f\u0259aliyy\u0259tin\u0259 q\u0131saca olaraq n\u0259z\u0259r sal\u0131b, amma b\u00fct\u00fcn bunlara baxmayaraq, o haqq\u0131n\u0131 almam\u0131\u015f insand\u0131r.\u00a0 Az\u0259rbaycanda \u0259lifba islahat\u0131n\u0131n, \u0259r\u0259bd\u0259n lat\u0131na ke\u00e7m\u0259yin ilk t\u0259r\u0259fdarlar\u0131ndan biri olan F. A\u011fazad\u0259 \u0259n m\u00fcbariz ziyal\u0131lar\u0131m\u0131zdan biridir. \u00a0X\u0259lil \u0130brahimin d\u0259 ad\u0131n\u0131 \u00e7\u0259km\u0259liyik. Onun da \u00e7ox geni\u015f f\u0259aliyy\u0259ti var. O h\u0259m \u201cA\u00e7\u0131q s\u00f6z\u201d, \u00a0\u00a0h\u0259m d\u0259 \u201cAz\u0259rbaycan\u201d q\u0259zetl\u0259rind\u0259 \u00e7al\u0131\u015f\u0131b. Onun haqq\u0131nda Az\u0259rbaycan publisistikas\u0131nda dem\u0259k olar he\u00e7 n\u0259 yaz\u0131lmay\u0131b. Halbuki onun h\u0259l\u0259 o zaman yazd\u0131\u011f\u0131 v\u0259 bu g\u00fcn \u00fc\u00e7\u00fcn d\u0259 \u0259v\u0259zsiz say\u0131lacaq Qaraba\u011fla ba\u011fl\u0131 yaz\u0131lar\u0131n\u0131n tay\u0131-b\u0259rab\u0259ri yoxdur. Bu insan m\u00fctl\u0259q ara\u015fd\u0131r\u0131lmal\u0131d\u0131r. Daha sonra \u015e\u0259fi b\u0259y R\u00fcst\u0259mb\u0259ylini qeyd etm\u0259liyik. \u201cAz\u0259rbaycan\u201d q\u0259zetinin rus n\u0259\u015frinin ba\u015f redaktoru olub. \u201cM\u0259tbuat Nizamnam\u0259sinin \u201d\u00a0 haz\u0131rlanmas\u0131 v\u0259 q\u0259bul olunmas\u0131nda onun b\u00f6y\u00fck z\u0259hm\u0259ti olub. Bu insan da \u00f6yr\u0259nilm\u0259mi\u015f qal\u0131b. H\u0259s\u0259n b\u0259y Z\u0259rdabinin o\u011flu S\u0259ttar Z\u0259rdabi d\u0259 bu q\u0259bild\u0259ndir. Onun m\u00fchacir\u0259td\u0259 yazd\u0131\u011f\u0131 xeyli sayda yaz\u0131lar\u0131 var. M\u0259n onlar\u0131n bir hiss\u0259sini \u0259ld\u0259 etmi\u015f\u0259m. Bu imza da Az\u0259rbaycan m\u0259tbuat tarixind\u0259 nam\u0259lum qal\u0131b. T\u00fcrkiy\u0259d\u0259 m\u00fchacir\u0259td\u0259 olark\u0259n h\u0259m \u201cT\u00fcrk eli \u201c jurnal\u0131nda, h\u0259m d\u0259 ba\u015fqa m\u0259tbu orqanlarda xeyli sayda m\u0259qal\u0259l\u0259ri \u00e7ap olunub. Bol\u015fevizm\u0259 qar\u015f\u0131 m\u00fcbariz\u0259, m\u00fchacirl\u0259rin \u00fcmumi birliyi, birg\u0259 milli m\u00fcbariz\u0259 bu yaz\u0131lar\u0131n \u0259sas m\u00f6vzusudur. Onun eyni zamanda islamiyy\u0259tl\u0259 ba\u011fl\u0131 \u00e7ox sayl\u0131 yaz\u0131lar var. \u00c7ox t\u0259\u0259ss\u00fcf olsun ki, H\u0259s\u0259n b\u0259y Z\u0259rdabini ara\u015fd\u0131rark\u0259n m\u0259lumats\u0131zl\u0131qdan o\u011flunun yaln\u0131z ad\u0131 \u00e7\u0259kilirdi. T\u0259vaz\u00f6karl\u0131qdan uzaq olsa da onun haqq\u0131nda m\u0259lumat bo\u015flu\u011funu m\u0259n doldurdum. Bu g\u00fcn d\u0259 o publisist bizim \u00fc\u00e7\u00fcn nam\u0259lumdur. \u00d6l\u00fcm\u00fc il\u0259 ba\u011fl\u0131 deyirdil\u0259r ki, 1936-c\u0131 ild\u0259 v\u0259fat edib, amma ara\u015fd\u0131rd\u0131m, m\u0259lum oldu ki, S. Z\u0259rdabi 1965-ci il\u0259 q\u0259d\u0259r ya\u015fay\u0131b\u201d.<\/p>\n<p><strong>Q\u0259r\u0259nfil D\u00fcnyaminq\u0131z\u0131,\u00a0 ara\u015fd\u0131rma\u00e7\u0131, BDU-nun jurnalistika fak\u00fclt\u0259sinin dosenti:\u00a0<\/strong>\u201cBu c\u00fcr nam\u0259lum qalan imzalara \u0259n \u00e7ox c\u00fcmhuriyy\u0259t d\u00f6vr\u00fc m\u0259tbuat\u0131nda rast g\u0259linir. Do\u011frudur, onlar\u0131n aras\u0131nda el\u0259l\u0259ri var ki, m\u0259tbuat tarixinin \u00fczd\u0259 olan simalar\u0131 il\u0259 m\u00fcqayis\u0259d\u0259 \u00e7ox az f\u0259aliyy\u0259td\u0259 olublar. Amma el\u0259 xadiml\u0259r d\u0259 var ki, onlar az qala klassikl\u0259r q\u0259d\u0259r i\u015f g\u00f6r\u00fcbl\u0259r. \u00c7ox t\u0259\u0259ss\u00fcfl\u0259r olsun ki, onlar\u0131n ad\u0131 bu g\u00fcn o q\u0259d\u0259r d\u0259 \u00e7ox hallanm\u0131r. F\u0259rhad A\u011fazad\u0259, M\u0259mm\u0259dta\u011f\u0131 Sidqi, el\u0259 \u00d6m\u0259r Faiqin \u00f6z\u00fcn\u00fc bu s\u0131raya daxil ed\u0259 bil\u0259rik\u201d.<\/p>\n<p><strong><\/strong><strong>Tahir Ayd\u0131no\u011flu, ara\u015fd\u0131rma\u00e7\u0131-jurnalist:\u00a0<\/strong>\u201cT\u0259\u0259ss\u00fcf ki, m\u0259tbuat tariximiz\u0259 n\u0259z\u0259r salanda bir \u00e7ox unudulmu\u015f, k\u00f6lg\u0259d\u0259 qalm\u0131\u015f, xidm\u0259tl\u0259ri h\u0259l\u0259 d\u0259 \u00fcz\u0259 \u00e7\u0131xar\u0131lmam\u0131\u015f adlara rast g\u0259lirik. El\u0259 ilk q\u0259zetimiz \u201c\u018fkini\u00e7i\u201dni g\u00f6t\u00fcr\u00fcr\u00fcks\u0259, H\u0259s\u0259n b\u0259y Z\u0259rdabiy\u0259 bu q\u0259zetin \u00e7ap\u0131nda, yay\u0131lmas\u0131nda k\u00f6m\u0259k ed\u0259n insanlar olub. Onlardan ikisinin ad\u0131 m\u0259tbuat tariximiz\u0259 bir c\u00fcml\u0259 il\u0259 d\u00fc\u015f\u00fcr: N\u0259c\u0259f b\u0259y V\u0259zirov v\u0259 \u018fsg\u0259r a\u011fa Gorani. Onlar h\u0259r ikisi Bak\u0131 realn\u0131 gimnaziyas\u0131nda Z\u0259rdabinin sevimli t\u0259l\u0259b\u0259l\u0259ri idi. H\u0259r ikisi \u201c\u018fkin\u00e7i\u201d q\u0259zetind\u0259 bir s\u0131ra maraql\u0131 yaz\u0131larla \u00e7\u0131x\u0131\u015f edib, H\u0259s\u0259n b\u0259y Z\u0259rdabinin amal\u0131n\u0131, m\u0259sl\u0259kini d\u0259rind\u0259n anlay\u0131blar. Q\u0259zetinin po\u00e7tla yola sal\u0131nmas\u0131na q\u0259d\u0259r \u00f6z m\u00fc\u0259lliml\u0259rin\u0259 k\u00f6m\u0259k edibl\u0259r. H\u0259s\u0259n b\u0259y Z\u0259rdabinin xan\u0131m\u0131, bizim milli ziyal\u0131 xan\u0131mlar\u0131m\u0131z\u0131n anas\u0131 adland\u0131rd\u0131\u011f\u0131m\u0131z H\u0259nif\u0259 xan\u0131m da q\u0259zetin haz\u0131rlanmas\u0131nda H\u0259s\u0259n b\u0259y\u0259 k\u00f6m\u0259klik edib. \u201c\u018fkin\u00e7i\u201d ba\u011fland\u0131qdan sonra \u0259rs\u0259y\u0259 g\u0259l\u0259n \u201cZiyayi Qafqaziy\u0259\u201d, \u201cK\u0259\u015fk\u00fcl\u201d, \u00dcnsizad\u0259 qarda\u015flar\u0131, Kamal, C\u0259lal, S\u0259id qarda\u015flar\u0131n\u0131n xidm\u0259tl\u0259ri bir c\u00fcml\u0259 il\u0259 m\u0259tbuat tarixin\u0259 yaz\u0131l\u0131b. Onlar\u0131n f\u0259aliyy\u0259ti, q\u0259zetl\u0259ri ortaya \u00e7\u0131xarmaq prosesi kifay\u0259t q\u0259d\u0259r \u00f6yr\u0259nilm\u0259yib\u201d.<\/p>\n<p><strong><\/strong><strong>Ayg\u00fcn \u018fzimova, ara\u015fd\u0131rma\u00e7\u0131, BDU-nun jurnalistika fak\u00fclt\u0259sinin ba\u015f m\u00fc\u0259llimi:\u00a0<\/strong>\u201c\u0130lk n\u00f6vb\u0259d\u0259 c\u00fcmhuriyy\u0259t d\u00f6vr\u00fcn\u00fcn b\u00f6y\u00fck \u015fairi v\u0259 publisisti \u018fli Yusifi g\u00f6st\u0259r\u0259 bil\u0259rik. \u00a0Mirz\u0259bala M\u0259mm\u0259dzad\u0259 ara\u015fd\u0131r\u0131lsa da, onun publisistik f\u0259aliyy\u0259ti o q\u0259d\u0259r d\u0259 qabard\u0131lmay\u0131b. M. M\u0259mm\u0259dzad\u0259nin m\u0259qal\u0259l\u0259rinin c\u0259mi bir ne\u00e7\u0259si bizl\u0259r\u0259 tan\u0131\u015fd\u0131r. Onun haqq\u0131nda bildikl\u0259rimiz \u0259sas\u0259n m\u00fchacir\u0259t zaman\u0131 milli-maarifl\u0259ndirici m\u00fcbariz\u0259 v\u0259 ictimai t\u0259\u015fkilati i\u015fl\u0259rdir. \u018fn az \u00f6yr\u0259nil\u0259n vacib \u015f\u0259xsiyy\u0259tl\u0259rd\u0259n biri d\u0259 X\u0259lil \u0130brahimdir. Onun haqq\u0131nda dem\u0259k olar he\u00e7 n\u0259 yaz\u0131lmay\u0131b\u201d.<\/p>\n<p><strong><\/strong><strong>Elmin Nuri<\/strong>\u00a0, modern.az<\/p>\n","protected":false},"excerpt":{"rendered":"<p>Az\u0259rbaycan m\u0259tbuat tarixinin gizli qalan m\u00fc\u0259llifl\u0259ri Sabah Az\u0259rbaycan\u00a0 jurnalistika tarixinin\u00a0 ilk qaranqu\u015fu olan \u201c\u018fkin\u00e7i \u201c q\u0259zetinin ilk say\u0131n\u0131n \u00e7ap\u0131ndan 139 il \u00f6t\u00fcr. Bu tarix h\u0259m d\u0259 Az\u0259rbaycan maarif\u00e7ilik h\u0259r\u0259kat\u0131n\u0131n da ba\u015flan\u011f\u0131c\u0131 olub.\u00a0 Az\u0259rbaycan Milli Azadl\u0131q H\u0259r\u0259kat\u0131 1918-ci ild\u0259 q\u0259d\u0259r davam edib. O ilin may\u0131n 28-d\u0259 is\u0259 Xalq C\u00fcmhuriyy\u0259tinin yaranmas\u0131 il\u0259 \u00f6z\u00fcn\u00fcn m\u0259ntiqi h\u0259llini tapd\u0131. O [&hellip;]<\/p>\n","protected":false},"author":1,"featured_media":0,"comment_status":"open","ping_status":"open","sticky":false,"template":"","format":"standard","meta":{"footnotes":""},"categories":[20],"tags":[],"class_list":{"0":"post-16519","1":"post","2":"type-post","3":"status-publish","4":"format-standard","6":"category-kinci-zrdab-ziyali-qzet-tbitsunas"},"yoast_head":"<!-- This site is optimized with the Yoast SEO plugin v27.0 - https:\/\/yoast.com\/product\/yoast-seo-wordpress\/ -->\n<title>&quot;H\u0259s\u0259n b\u0259y Z\u0259rdabinin o\u011flu 1965-ci il\u0259 q\u0259d\u0259r ya\u015fay\u0131b&quot; - Z\u0259rdab.com<\/title>\n<meta name=\"robots\" content=\"index, follow, max-snippet:-1, max-image-preview:large, max-video-preview:-1\" \/>\n<link rel=\"canonical\" href=\"https:\/\/www.zerdab.com\/?p=16519\" \/>\n<meta property=\"og:locale\" content=\"az_AZ\" \/>\n<meta property=\"og:type\" content=\"article\" \/>\n<meta property=\"og:title\" content=\"&quot;H\u0259s\u0259n b\u0259y Z\u0259rdabinin o\u011flu 1965-ci il\u0259 q\u0259d\u0259r ya\u015fay\u0131b&quot; - Z\u0259rdab.com\" \/>\n<meta property=\"og:description\" content=\"Az\u0259rbaycan m\u0259tbuat tarixinin gizli qalan m\u00fc\u0259llifl\u0259ri Sabah Az\u0259rbaycan\u00a0 jurnalistika tarixinin\u00a0 ilk qaranqu\u015fu olan \u201c\u018fkin\u00e7i \u201c q\u0259zetinin ilk say\u0131n\u0131n \u00e7ap\u0131ndan 139 il \u00f6t\u00fcr. Bu tarix h\u0259m d\u0259 Az\u0259rbaycan maarif\u00e7ilik h\u0259r\u0259kat\u0131n\u0131n da ba\u015flan\u011f\u0131c\u0131 olub.\u00a0 Az\u0259rbaycan Milli Azadl\u0131q H\u0259r\u0259kat\u0131 1918-ci ild\u0259 q\u0259d\u0259r davam edib. O ilin may\u0131n 28-d\u0259 is\u0259 Xalq C\u00fcmhuriyy\u0259tinin yaranmas\u0131 il\u0259 \u00f6z\u00fcn\u00fcn m\u0259ntiqi h\u0259llini tapd\u0131. O [&hellip;]\" \/>\n<meta property=\"og:url\" content=\"https:\/\/www.zerdab.com\/?p=16519\" \/>\n<meta property=\"og:site_name\" content=\"Z\u0259rdab.com\" \/>\n<meta property=\"article:published_time\" content=\"2014-07-21T08:51:36+00:00\" \/>\n<meta property=\"og:image\" content=\"http:\/\/www.zerdab.com\/wp-content\/uploads\/2014\/07\/hesen-bey-zerdabi.jpg\" \/>\n<meta name=\"author\" content=\"admin\" \/>\n<meta name=\"twitter:card\" content=\"summary_large_image\" \/>\n<meta name=\"twitter:label1\" content=\"Written by\" \/>\n\t<meta name=\"twitter:data1\" content=\"admin\" \/>\n\t<meta name=\"twitter:label2\" content=\"Est. reading time\" \/>\n\t<meta name=\"twitter:data2\" content=\"6 minutes\" \/>\n<script type=\"application\/ld+json\" class=\"yoast-schema-graph\">{\"@context\":\"https:\/\/schema.org\",\"@graph\":[{\"@type\":\"Article\",\"@id\":\"https:\/\/www.zerdab.com\/?p=16519#article\",\"isPartOf\":{\"@id\":\"https:\/\/www.zerdab.com\/?p=16519\"},\"author\":{\"name\":\"admin\",\"@id\":\"https:\/\/www.zerdab.com\/#\/schema\/person\/97079b7570c1e89ec0d9e138c3672136\"},\"headline\":\"&#8220;H\u0259s\u0259n b\u0259y Z\u0259rdabinin o\u011flu 1965-ci il\u0259 q\u0259d\u0259r ya\u015fay\u0131b&#8221;\",\"datePublished\":\"2014-07-21T08:51:36+00:00\",\"mainEntityOfPage\":{\"@id\":\"https:\/\/www.zerdab.com\/?p=16519\"},\"wordCount\":1314,\"commentCount\":1,\"image\":{\"@id\":\"https:\/\/www.zerdab.com\/?p=16519#primaryimage\"},\"thumbnailUrl\":\"http:\/\/www.zerdab.com\/wp-content\/uploads\/2014\/07\/hesen-bey-zerdabi.jpg\",\"articleSection\":[\"H\u018fS\u018fN B\u018fY Z\u018fRDAB\u0130\"],\"inLanguage\":\"az\",\"potentialAction\":[{\"@type\":\"CommentAction\",\"name\":\"Comment\",\"target\":[\"https:\/\/www.zerdab.com\/?p=16519#respond\"]}]},{\"@type\":\"WebPage\",\"@id\":\"https:\/\/www.zerdab.com\/?p=16519\",\"url\":\"https:\/\/www.zerdab.com\/?p=16519\",\"name\":\"\\\"H\u0259s\u0259n b\u0259y Z\u0259rdabinin o\u011flu 1965-ci il\u0259 q\u0259d\u0259r ya\u015fay\u0131b\\\" - Z\u0259rdab.com\",\"isPartOf\":{\"@id\":\"https:\/\/www.zerdab.com\/#website\"},\"primaryImageOfPage\":{\"@id\":\"https:\/\/www.zerdab.com\/?p=16519#primaryimage\"},\"image\":{\"@id\":\"https:\/\/www.zerdab.com\/?p=16519#primaryimage\"},\"thumbnailUrl\":\"http:\/\/www.zerdab.com\/wp-content\/uploads\/2014\/07\/hesen-bey-zerdabi.jpg\",\"datePublished\":\"2014-07-21T08:51:36+00:00\",\"author\":{\"@id\":\"https:\/\/www.zerdab.com\/#\/schema\/person\/97079b7570c1e89ec0d9e138c3672136\"},\"breadcrumb\":{\"@id\":\"https:\/\/www.zerdab.com\/?p=16519#breadcrumb\"},\"inLanguage\":\"az\",\"potentialAction\":[{\"@type\":\"ReadAction\",\"target\":[\"https:\/\/www.zerdab.com\/?p=16519\"]}]},{\"@type\":\"ImageObject\",\"inLanguage\":\"az\",\"@id\":\"https:\/\/www.zerdab.com\/?p=16519#primaryimage\",\"url\":\"http:\/\/www.zerdab.com\/wp-content\/uploads\/2014\/07\/hesen-bey-zerdabi.jpg\",\"contentUrl\":\"http:\/\/www.zerdab.com\/wp-content\/uploads\/2014\/07\/hesen-bey-zerdabi.jpg\"},{\"@type\":\"BreadcrumbList\",\"@id\":\"https:\/\/www.zerdab.com\/?p=16519#breadcrumb\",\"itemListElement\":[{\"@type\":\"ListItem\",\"position\":1,\"name\":\"Home\",\"item\":\"https:\/\/www.zerdab.com\/\"},{\"@type\":\"ListItem\",\"position\":2,\"name\":\"&#8220;H\u0259s\u0259n b\u0259y Z\u0259rdabinin o\u011flu 1965-ci il\u0259 q\u0259d\u0259r ya\u015fay\u0131b&#8221;\"}]},{\"@type\":\"WebSite\",\"@id\":\"https:\/\/www.zerdab.com\/#website\",\"url\":\"https:\/\/www.zerdab.com\/\",\"name\":\"Z\u0259rdab.com\",\"description\":\"\",\"potentialAction\":[{\"@type\":\"SearchAction\",\"target\":{\"@type\":\"EntryPoint\",\"urlTemplate\":\"https:\/\/www.zerdab.com\/?s={search_term_string}\"},\"query-input\":{\"@type\":\"PropertyValueSpecification\",\"valueRequired\":true,\"valueName\":\"search_term_string\"}}],\"inLanguage\":\"az\"},{\"@type\":\"Person\",\"@id\":\"https:\/\/www.zerdab.com\/#\/schema\/person\/97079b7570c1e89ec0d9e138c3672136\",\"name\":\"admin\",\"image\":{\"@type\":\"ImageObject\",\"inLanguage\":\"az\",\"@id\":\"https:\/\/www.zerdab.com\/#\/schema\/person\/image\/\",\"url\":\"https:\/\/secure.gravatar.com\/avatar\/d9c52a9a27c32119cb6679a077fa3e2779e5f822c451cbf01098004361d466ec?s=96&d=mm&r=g\",\"contentUrl\":\"https:\/\/secure.gravatar.com\/avatar\/d9c52a9a27c32119cb6679a077fa3e2779e5f822c451cbf01098004361d466ec?s=96&d=mm&r=g\",\"caption\":\"admin\"},\"url\":\"https:\/\/www.zerdab.com\/?author=1\"}]}<\/script>\n<!-- \/ Yoast SEO plugin. -->","yoast_head_json":{"title":"\"H\u0259s\u0259n b\u0259y Z\u0259rdabinin o\u011flu 1965-ci il\u0259 q\u0259d\u0259r ya\u015fay\u0131b\" - Z\u0259rdab.com","robots":{"index":"index","follow":"follow","max-snippet":"max-snippet:-1","max-image-preview":"max-image-preview:large","max-video-preview":"max-video-preview:-1"},"canonical":"https:\/\/www.zerdab.com\/?p=16519","og_locale":"az_AZ","og_type":"article","og_title":"\"H\u0259s\u0259n b\u0259y Z\u0259rdabinin o\u011flu 1965-ci il\u0259 q\u0259d\u0259r ya\u015fay\u0131b\" - Z\u0259rdab.com","og_description":"Az\u0259rbaycan m\u0259tbuat tarixinin gizli qalan m\u00fc\u0259llifl\u0259ri Sabah Az\u0259rbaycan\u00a0 jurnalistika tarixinin\u00a0 ilk qaranqu\u015fu olan \u201c\u018fkin\u00e7i \u201c q\u0259zetinin ilk say\u0131n\u0131n \u00e7ap\u0131ndan 139 il \u00f6t\u00fcr. Bu tarix h\u0259m d\u0259 Az\u0259rbaycan maarif\u00e7ilik h\u0259r\u0259kat\u0131n\u0131n da ba\u015flan\u011f\u0131c\u0131 olub.\u00a0 Az\u0259rbaycan Milli Azadl\u0131q H\u0259r\u0259kat\u0131 1918-ci ild\u0259 q\u0259d\u0259r davam edib. O ilin may\u0131n 28-d\u0259 is\u0259 Xalq C\u00fcmhuriyy\u0259tinin yaranmas\u0131 il\u0259 \u00f6z\u00fcn\u00fcn m\u0259ntiqi h\u0259llini tapd\u0131. O [&hellip;]","og_url":"https:\/\/www.zerdab.com\/?p=16519","og_site_name":"Z\u0259rdab.com","article_published_time":"2014-07-21T08:51:36+00:00","og_image":[{"url":"http:\/\/www.zerdab.com\/wp-content\/uploads\/2014\/07\/hesen-bey-zerdabi.jpg","type":"","width":"","height":""}],"author":"admin","twitter_card":"summary_large_image","twitter_misc":{"Written by":"admin","Est. reading time":"6 minutes"},"schema":{"@context":"https:\/\/schema.org","@graph":[{"@type":"Article","@id":"https:\/\/www.zerdab.com\/?p=16519#article","isPartOf":{"@id":"https:\/\/www.zerdab.com\/?p=16519"},"author":{"name":"admin","@id":"https:\/\/www.zerdab.com\/#\/schema\/person\/97079b7570c1e89ec0d9e138c3672136"},"headline":"&#8220;H\u0259s\u0259n b\u0259y Z\u0259rdabinin o\u011flu 1965-ci il\u0259 q\u0259d\u0259r ya\u015fay\u0131b&#8221;","datePublished":"2014-07-21T08:51:36+00:00","mainEntityOfPage":{"@id":"https:\/\/www.zerdab.com\/?p=16519"},"wordCount":1314,"commentCount":1,"image":{"@id":"https:\/\/www.zerdab.com\/?p=16519#primaryimage"},"thumbnailUrl":"http:\/\/www.zerdab.com\/wp-content\/uploads\/2014\/07\/hesen-bey-zerdabi.jpg","articleSection":["H\u018fS\u018fN B\u018fY Z\u018fRDAB\u0130"],"inLanguage":"az","potentialAction":[{"@type":"CommentAction","name":"Comment","target":["https:\/\/www.zerdab.com\/?p=16519#respond"]}]},{"@type":"WebPage","@id":"https:\/\/www.zerdab.com\/?p=16519","url":"https:\/\/www.zerdab.com\/?p=16519","name":"\"H\u0259s\u0259n b\u0259y Z\u0259rdabinin o\u011flu 1965-ci il\u0259 q\u0259d\u0259r ya\u015fay\u0131b\" - Z\u0259rdab.com","isPartOf":{"@id":"https:\/\/www.zerdab.com\/#website"},"primaryImageOfPage":{"@id":"https:\/\/www.zerdab.com\/?p=16519#primaryimage"},"image":{"@id":"https:\/\/www.zerdab.com\/?p=16519#primaryimage"},"thumbnailUrl":"http:\/\/www.zerdab.com\/wp-content\/uploads\/2014\/07\/hesen-bey-zerdabi.jpg","datePublished":"2014-07-21T08:51:36+00:00","author":{"@id":"https:\/\/www.zerdab.com\/#\/schema\/person\/97079b7570c1e89ec0d9e138c3672136"},"breadcrumb":{"@id":"https:\/\/www.zerdab.com\/?p=16519#breadcrumb"},"inLanguage":"az","potentialAction":[{"@type":"ReadAction","target":["https:\/\/www.zerdab.com\/?p=16519"]}]},{"@type":"ImageObject","inLanguage":"az","@id":"https:\/\/www.zerdab.com\/?p=16519#primaryimage","url":"http:\/\/www.zerdab.com\/wp-content\/uploads\/2014\/07\/hesen-bey-zerdabi.jpg","contentUrl":"http:\/\/www.zerdab.com\/wp-content\/uploads\/2014\/07\/hesen-bey-zerdabi.jpg"},{"@type":"BreadcrumbList","@id":"https:\/\/www.zerdab.com\/?p=16519#breadcrumb","itemListElement":[{"@type":"ListItem","position":1,"name":"Home","item":"https:\/\/www.zerdab.com\/"},{"@type":"ListItem","position":2,"name":"&#8220;H\u0259s\u0259n b\u0259y Z\u0259rdabinin o\u011flu 1965-ci il\u0259 q\u0259d\u0259r ya\u015fay\u0131b&#8221;"}]},{"@type":"WebSite","@id":"https:\/\/www.zerdab.com\/#website","url":"https:\/\/www.zerdab.com\/","name":"Z\u0259rdab.com","description":"","potentialAction":[{"@type":"SearchAction","target":{"@type":"EntryPoint","urlTemplate":"https:\/\/www.zerdab.com\/?s={search_term_string}"},"query-input":{"@type":"PropertyValueSpecification","valueRequired":true,"valueName":"search_term_string"}}],"inLanguage":"az"},{"@type":"Person","@id":"https:\/\/www.zerdab.com\/#\/schema\/person\/97079b7570c1e89ec0d9e138c3672136","name":"admin","image":{"@type":"ImageObject","inLanguage":"az","@id":"https:\/\/www.zerdab.com\/#\/schema\/person\/image\/","url":"https:\/\/secure.gravatar.com\/avatar\/d9c52a9a27c32119cb6679a077fa3e2779e5f822c451cbf01098004361d466ec?s=96&d=mm&r=g","contentUrl":"https:\/\/secure.gravatar.com\/avatar\/d9c52a9a27c32119cb6679a077fa3e2779e5f822c451cbf01098004361d466ec?s=96&d=mm&r=g","caption":"admin"},"url":"https:\/\/www.zerdab.com\/?author=1"}]}},"_links":{"self":[{"href":"https:\/\/www.zerdab.com\/index.php?rest_route=\/wp\/v2\/posts\/16519","targetHints":{"allow":["GET"]}}],"collection":[{"href":"https:\/\/www.zerdab.com\/index.php?rest_route=\/wp\/v2\/posts"}],"about":[{"href":"https:\/\/www.zerdab.com\/index.php?rest_route=\/wp\/v2\/types\/post"}],"author":[{"embeddable":true,"href":"https:\/\/www.zerdab.com\/index.php?rest_route=\/wp\/v2\/users\/1"}],"replies":[{"embeddable":true,"href":"https:\/\/www.zerdab.com\/index.php?rest_route=%2Fwp%2Fv2%2Fcomments&post=16519"}],"version-history":[{"count":2,"href":"https:\/\/www.zerdab.com\/index.php?rest_route=\/wp\/v2\/posts\/16519\/revisions"}],"predecessor-version":[{"id":16522,"href":"https:\/\/www.zerdab.com\/index.php?rest_route=\/wp\/v2\/posts\/16519\/revisions\/16522"}],"wp:attachment":[{"href":"https:\/\/www.zerdab.com\/index.php?rest_route=%2Fwp%2Fv2%2Fmedia&parent=16519"}],"wp:term":[{"taxonomy":"category","embeddable":true,"href":"https:\/\/www.zerdab.com\/index.php?rest_route=%2Fwp%2Fv2%2Fcategories&post=16519"},{"taxonomy":"post_tag","embeddable":true,"href":"https:\/\/www.zerdab.com\/index.php?rest_route=%2Fwp%2Fv2%2Ftags&post=16519"}],"curies":[{"name":"wp","href":"https:\/\/api.w.org\/{rel}","templated":true}]}}