{"id":16533,"date":"2014-07-22T12:54:54","date_gmt":"2014-07-22T07:54:54","guid":{"rendered":"http:\/\/www.zerdab.com\/?p=16533"},"modified":"2014-07-22T12:54:54","modified_gmt":"2014-07-22T07:54:54","slug":"jurnalistl%c9%99r-z%c9%99rdab-rayon-heyd%c9%99r-%c9%99liyev-m%c9%99rk%c9%99zind%c9%99-foto","status":"publish","type":"post","link":"https:\/\/www.zerdab.com\/?p=16533","title":{"rendered":"Jurnalistl\u0259r Z\u0259rdab rayon Heyd\u0259r \u018fliyev M\u0259rk\u0259zind\u0259 &#8211; FOTO"},"content":{"rendered":"<p><a href=\"http:\/\/www.zerdab.com\/wp-content\/uploads\/2014\/07\/Milli-Metbuat-.jpg\"><img loading=\"lazy\" decoding=\"async\" class=\"aligncenter size-large wp-image-16534\" alt=\"Milli Metbuat\" src=\"http:\/\/www.zerdab.com\/wp-content\/uploads\/2014\/07\/Milli-Metbuat--550x365.jpg\" width=\"550\" height=\"365\" \/><\/a>Z\u0259rdab rayon Heyd\u0259r \u018fliyev M\u0259rk\u0259zind\u0259 22 iyul Milli M\u0259tbuat G\u00fcn\u00fcn\u0259 h\u0259sr olunmu\u015f\u00a0 \u201cAZ\u018fRBAYCAN M\u0130LL\u0130 M\u018fTBUATI V\u018f HEYD\u018fR \u018fL\u0130YEV- O, JURNAL\u0130STL\u018fR\u0130N DOSTU \u0130D\u0130\u201d m\u00f6vzusunda\u00a0 d\u0259yirmi masa ke\u00e7irildi.<\/p>\n<p>D\u0259yirmi masada rayon \u201c\u018fK\u0130N\u00c7\u0130\u201d q\u0259zetinin kollektivi i\u015ftirak etdi.<\/p>\n<p>D\u0259yirmi masan\u0131 M\u0259rk\u0259zin direktoru K\u00f6n\u00fcl R\u0259himova a\u00e7araq \u201c\u018fkin\u00e7i\u201dq\u0259zetinin yaranma tarixind\u0259n dan\u0131\u015fd\u0131.\u201cHe\u00e7 olmaz ki, do\u011fru s\u00f6z yerd\u0259 qals\u0131n\u201d dey\u0259n H\u0259s\u0259n b\u0259y Z\u0259rdabi el-oban\u0131n z\u00fclm\u0259t i\u00e7ind\u0259 bo\u011fuldu\u011fu bir vaxtda ona \u0259l uzatmaq, onun yolunu elm, maarif \u00e7\u0131ra\u011f\u0131 il\u0259 i\u015f\u0131qland\u0131rmaq, do\u011fru yol g\u00f6st\u0259rm\u0259k \u00fc\u00e7\u00fcn \u201c\u018fkin\u00e7i\u201dni yaratd\u0131. \u201c\u018fkin\u00e7i\u201d Az\u0259rbaycan dilind\u0259 \u0259sl milli demokratik v\u0259 xalq m\u0259tbuat\u0131n\u0131n ilk t\u0259m\u0259l da\u015f\u0131n\u0131 qoydu. 1875-ci il iyulun 22-d\u0259n 1877-ci ilin sentyabr\u0131nad\u0259k c\u0259mi 56 n\u00f6mr\u0259si \u00e7\u0131xan \u018fkin\u00e7i\u201d mill\u0259tin aynas\u0131 oldu, Az\u0259rbaycan jurnalistikas\u0131n\u0131n bayraqdar\u0131na \u00e7evrildi .<\/p>\n<p>Daha sonra natiq \u00dcmummilli lider Heyd\u0259r \u018fliyevin Milli M\u0259tbuata v\u0259 jurnalistikaya diqq\u0259t v\u0259 qay\u011f\u0131s\u0131ndan\u00a0 dan\u0131\u015faraq qeyd etdi ki, \u00f6t\u0259n d\u00f6vrd\u0259 z\u0259ngin v\u0259 \u015f\u0259r\u0259fli yol ke\u00e7\u0259n Az\u0259rbaycan m\u0259tbuat\u0131 indi \u00f6z\u00fcn\u00fcn y\u00fcks\u0259li\u015f m\u0259rh\u0259l\u0259sini ya\u015fay\u0131r. Bu yeni inki\u015faf d\u00f6vr\u00fcn\u00fcn t\u0259m\u0259lini qoyan ulu \u00f6nd\u0259r Heyd\u0259r \u018fliyev h\u0259r zaman m\u0259tbuat\u0131n c\u0259miyy\u0259t\u0259 t\u0259sir g\u00fcc\u00fcn\u00fc y\u00fcks\u0259k qiym\u0259tl\u0259ndirib, m\u0259tbuat v\u0259 s\u00f6z azadl\u0131\u011f\u0131, k\u00fctl\u0259vi informasiya vasit\u0259l\u0259rinin maddi-texniki bazas\u0131n\u0131n m\u00f6hk\u0259ml\u0259ndirilm\u0259si istiqam\u0259tind\u0259 ard\u0131c\u0131l t\u0259dbirl\u0259r h\u0259yata ke\u00e7irib. M\u00fcst\u0259qillik d\u00f6vr\u00fcnd\u0259 Az\u0259rbaycan m\u0259tbuat\u0131 il\u0259 ba\u011fl\u0131 ilk F\u0259rman da Heyd\u0259r \u018fliyev t\u0259r\u0259find\u0259n imzalan\u0131b. 2000-ci il mart\u0131n 27-d\u0259 imzalanan \u201cAz\u0259rbaycanda milli m\u0259tbuat\u0131n yarad\u0131lmas\u0131n\u0131n 125 illiyi\u201d haqq\u0131nda F\u0259rmanla \u00f6lk\u0259mizd\u0259 demokratik m\u0259tbuat\u0131n yarad\u0131lmas\u0131n\u0131n 125 illiyi t\u0259nt\u0259n\u0259li \u015f\u0259kild\u0259 qeyd olunub. \u00dcmumilikd\u0259, Ulu \u00d6nd\u0259r m\u0259tbuat\u0131n probleml\u0259rinin h\u0259lli il\u0259 ba\u011fl\u0131 ondan \u00e7ox s\u0259r\u0259ncam v\u0259 f\u0259rman imzalay\u0131b.<\/p>\n<p>D\u0259yirmi masada \u00e7\u0131x\u0131\u015f ed\u0259n jurnalistl\u0259r bu g\u00fcn m\u00fcst\u0259qil m\u0259tbuat\u0131n formala\u015fmas\u0131 v\u0259 inki\u015faf\u0131na xidm\u0259t ed\u0259n siyas\u0259t Prezident \u0130lham \u018fliyev t\u0259r\u0259find\u0259n u\u011furla davam etdirildiyini, \u00f6lk\u0259mizd\u0259 s\u00f6z v\u0259 m\u0259tbuat azadl\u0131\u011f\u0131na, k\u00fctl\u0259vi informasiya vasit\u0259l\u0259rin\u0259 \u0259n y\u00fcks\u0259k s\u0259viyy\u0259d\u0259 diqq\u0259t v\u0259 qay\u011f\u0131 g\u00f6st\u0259rildiyini,\u00a0 Az\u0259rbaycan\u0131n artan iqtisadi imkanlar\u0131 m\u0259tbuat\u0131n inki\u015faf\u0131 yolundak\u0131 \u00e7\u0259tinlikl\u0259rin aradan qald\u0131r\u0131lmas\u0131na, onun aktual probleml\u0259rinin h\u0259llin\u0259 \u015f\u0259rait yarad\u0131rmas\u0131n\u0131 x\u00fcsusi olaraq qeyd etdil\u0259r.<\/p>\n<p>Sonda K\u00f6n\u00fcl xan\u0131m Heyd\u0259r \u018fliyev M\u0259rk\u0259zi kollektivi ad\u0131ndan Milli M\u0259tbuat g\u00fcn\u00fc m\u00fcnasib\u0259til\u0259 \u201c\u018fK\u0130N\u00c7\u0130\u201d q\u0259zetinin kollektivini v\u0259 b\u00fct\u00fcnl\u00fckd\u0259 c\u0259miyy\u0259timizin azad s\u00f6z sahibl\u0259rini, iti q\u0259l\u0259m, k\u0259s\u0259rli yazarlar\u0131 t\u0259brik etdi.<\/p>\n<p><span style=\"color: #0000ff;\"><strong>Z\u0259rdab rayon Heyd\u0259r \u018fliyev M\u0259rk\u0259zi<\/strong><\/span><\/p>\n","protected":false},"excerpt":{"rendered":"<p>Z\u0259rdab rayon Heyd\u0259r \u018fliyev M\u0259rk\u0259zind\u0259 22 iyul Milli M\u0259tbuat G\u00fcn\u00fcn\u0259 h\u0259sr olunmu\u015f\u00a0 \u201cAZ\u018fRBAYCAN M\u0130LL\u0130 M\u018fTBUATI V\u018f HEYD\u018fR \u018fL\u0130YEV- O, JURNAL\u0130STL\u018fR\u0130N DOSTU \u0130D\u0130\u201d m\u00f6vzusunda\u00a0 d\u0259yirmi masa ke\u00e7irildi. D\u0259yirmi masada rayon \u201c\u018fK\u0130N\u00c7\u0130\u201d q\u0259zetinin kollektivi i\u015ftirak etdi. D\u0259yirmi masan\u0131 M\u0259rk\u0259zin direktoru K\u00f6n\u00fcl R\u0259himova a\u00e7araq \u201c\u018fkin\u00e7i\u201dq\u0259zetinin yaranma tarixind\u0259n dan\u0131\u015fd\u0131.\u201cHe\u00e7 olmaz ki, do\u011fru s\u00f6z yerd\u0259 qals\u0131n\u201d dey\u0259n H\u0259s\u0259n b\u0259y Z\u0259rdabi [&hellip;]<\/p>\n","protected":false},"author":1,"featured_media":0,"comment_status":"open","ping_status":"open","sticky":false,"template":"","format":"standard","meta":{"footnotes":""},"categories":[21],"tags":[],"class_list":{"0":"post-16533","1":"post","2":"type-post","3":"status-publish","4":"format-standard","6":"category-zrdab"},"yoast_head":"<!-- This site is optimized with the Yoast SEO plugin v27.0 - https:\/\/yoast.com\/product\/yoast-seo-wordpress\/ -->\n<title>Jurnalistl\u0259r Z\u0259rdab rayon Heyd\u0259r \u018fliyev M\u0259rk\u0259zind\u0259 - FOTO - Z\u0259rdab.com<\/title>\n<meta name=\"robots\" content=\"index, follow, max-snippet:-1, max-image-preview:large, max-video-preview:-1\" \/>\n<link rel=\"canonical\" href=\"https:\/\/www.zerdab.com\/?p=16533\" \/>\n<meta property=\"og:locale\" content=\"az_AZ\" \/>\n<meta property=\"og:type\" content=\"article\" \/>\n<meta property=\"og:title\" content=\"Jurnalistl\u0259r Z\u0259rdab rayon Heyd\u0259r \u018fliyev M\u0259rk\u0259zind\u0259 - FOTO - Z\u0259rdab.com\" \/>\n<meta property=\"og:description\" content=\"Z\u0259rdab rayon Heyd\u0259r \u018fliyev M\u0259rk\u0259zind\u0259 22 iyul Milli M\u0259tbuat G\u00fcn\u00fcn\u0259 h\u0259sr olunmu\u015f\u00a0 \u201cAZ\u018fRBAYCAN M\u0130LL\u0130 M\u018fTBUATI V\u018f HEYD\u018fR \u018fL\u0130YEV- O, JURNAL\u0130STL\u018fR\u0130N DOSTU \u0130D\u0130\u201d m\u00f6vzusunda\u00a0 d\u0259yirmi masa ke\u00e7irildi. D\u0259yirmi masada rayon \u201c\u018fK\u0130N\u00c7\u0130\u201d q\u0259zetinin kollektivi i\u015ftirak etdi. D\u0259yirmi masan\u0131 M\u0259rk\u0259zin direktoru K\u00f6n\u00fcl R\u0259himova a\u00e7araq \u201c\u018fkin\u00e7i\u201dq\u0259zetinin yaranma tarixind\u0259n dan\u0131\u015fd\u0131.\u201cHe\u00e7 olmaz ki, do\u011fru s\u00f6z yerd\u0259 qals\u0131n\u201d dey\u0259n H\u0259s\u0259n b\u0259y Z\u0259rdabi [&hellip;]\" \/>\n<meta property=\"og:url\" content=\"https:\/\/www.zerdab.com\/?p=16533\" \/>\n<meta property=\"og:site_name\" content=\"Z\u0259rdab.com\" \/>\n<meta property=\"article:published_time\" content=\"2014-07-22T07:54:54+00:00\" \/>\n<meta property=\"og:image\" content=\"http:\/\/www.zerdab.com\/wp-content\/uploads\/2014\/07\/Milli-Metbuat--550x365.jpg\" \/>\n<meta name=\"author\" content=\"admin\" \/>\n<meta name=\"twitter:card\" content=\"summary_large_image\" \/>\n<meta name=\"twitter:label1\" content=\"Written by\" \/>\n\t<meta name=\"twitter:data1\" content=\"admin\" \/>\n\t<meta name=\"twitter:label2\" content=\"Est. reading time\" \/>\n\t<meta name=\"twitter:data2\" content=\"3 minutes\" \/>\n<script type=\"application\/ld+json\" class=\"yoast-schema-graph\">{\"@context\":\"https:\/\/schema.org\",\"@graph\":[{\"@type\":\"Article\",\"@id\":\"https:\/\/www.zerdab.com\/?p=16533#article\",\"isPartOf\":{\"@id\":\"https:\/\/www.zerdab.com\/?p=16533\"},\"author\":{\"name\":\"admin\",\"@id\":\"https:\/\/www.zerdab.com\/#\/schema\/person\/97079b7570c1e89ec0d9e138c3672136\"},\"headline\":\"Jurnalistl\u0259r Z\u0259rdab rayon Heyd\u0259r \u018fliyev M\u0259rk\u0259zind\u0259 &#8211; FOTO\",\"datePublished\":\"2014-07-22T07:54:54+00:00\",\"mainEntityOfPage\":{\"@id\":\"https:\/\/www.zerdab.com\/?p=16533\"},\"wordCount\":579,\"commentCount\":0,\"image\":{\"@id\":\"https:\/\/www.zerdab.com\/?p=16533#primaryimage\"},\"thumbnailUrl\":\"http:\/\/www.zerdab.com\/wp-content\/uploads\/2014\/07\/Milli-Metbuat--550x365.jpg\",\"articleSection\":[\"C\u018fM\u0130YY\u018fT\"],\"inLanguage\":\"az\",\"potentialAction\":[{\"@type\":\"CommentAction\",\"name\":\"Comment\",\"target\":[\"https:\/\/www.zerdab.com\/?p=16533#respond\"]}]},{\"@type\":\"WebPage\",\"@id\":\"https:\/\/www.zerdab.com\/?p=16533\",\"url\":\"https:\/\/www.zerdab.com\/?p=16533\",\"name\":\"Jurnalistl\u0259r Z\u0259rdab rayon Heyd\u0259r \u018fliyev M\u0259rk\u0259zind\u0259 - FOTO - Z\u0259rdab.com\",\"isPartOf\":{\"@id\":\"https:\/\/www.zerdab.com\/#website\"},\"primaryImageOfPage\":{\"@id\":\"https:\/\/www.zerdab.com\/?p=16533#primaryimage\"},\"image\":{\"@id\":\"https:\/\/www.zerdab.com\/?p=16533#primaryimage\"},\"thumbnailUrl\":\"http:\/\/www.zerdab.com\/wp-content\/uploads\/2014\/07\/Milli-Metbuat--550x365.jpg\",\"datePublished\":\"2014-07-22T07:54:54+00:00\",\"author\":{\"@id\":\"https:\/\/www.zerdab.com\/#\/schema\/person\/97079b7570c1e89ec0d9e138c3672136\"},\"breadcrumb\":{\"@id\":\"https:\/\/www.zerdab.com\/?p=16533#breadcrumb\"},\"inLanguage\":\"az\",\"potentialAction\":[{\"@type\":\"ReadAction\",\"target\":[\"https:\/\/www.zerdab.com\/?p=16533\"]}]},{\"@type\":\"ImageObject\",\"inLanguage\":\"az\",\"@id\":\"https:\/\/www.zerdab.com\/?p=16533#primaryimage\",\"url\":\"\",\"contentUrl\":\"\"},{\"@type\":\"BreadcrumbList\",\"@id\":\"https:\/\/www.zerdab.com\/?p=16533#breadcrumb\",\"itemListElement\":[{\"@type\":\"ListItem\",\"position\":1,\"name\":\"Home\",\"item\":\"https:\/\/www.zerdab.com\/\"},{\"@type\":\"ListItem\",\"position\":2,\"name\":\"Jurnalistl\u0259r Z\u0259rdab rayon Heyd\u0259r \u018fliyev M\u0259rk\u0259zind\u0259 &#8211; FOTO\"}]},{\"@type\":\"WebSite\",\"@id\":\"https:\/\/www.zerdab.com\/#website\",\"url\":\"https:\/\/www.zerdab.com\/\",\"name\":\"Z\u0259rdab.com\",\"description\":\"\",\"potentialAction\":[{\"@type\":\"SearchAction\",\"target\":{\"@type\":\"EntryPoint\",\"urlTemplate\":\"https:\/\/www.zerdab.com\/?s={search_term_string}\"},\"query-input\":{\"@type\":\"PropertyValueSpecification\",\"valueRequired\":true,\"valueName\":\"search_term_string\"}}],\"inLanguage\":\"az\"},{\"@type\":\"Person\",\"@id\":\"https:\/\/www.zerdab.com\/#\/schema\/person\/97079b7570c1e89ec0d9e138c3672136\",\"name\":\"admin\",\"image\":{\"@type\":\"ImageObject\",\"inLanguage\":\"az\",\"@id\":\"https:\/\/www.zerdab.com\/#\/schema\/person\/image\/\",\"url\":\"https:\/\/secure.gravatar.com\/avatar\/d9c52a9a27c32119cb6679a077fa3e2779e5f822c451cbf01098004361d466ec?s=96&d=mm&r=g\",\"contentUrl\":\"https:\/\/secure.gravatar.com\/avatar\/d9c52a9a27c32119cb6679a077fa3e2779e5f822c451cbf01098004361d466ec?s=96&d=mm&r=g\",\"caption\":\"admin\"},\"url\":\"https:\/\/www.zerdab.com\/?author=1\"}]}<\/script>\n<!-- \/ Yoast SEO plugin. -->","yoast_head_json":{"title":"Jurnalistl\u0259r Z\u0259rdab rayon Heyd\u0259r \u018fliyev M\u0259rk\u0259zind\u0259 - FOTO - Z\u0259rdab.com","robots":{"index":"index","follow":"follow","max-snippet":"max-snippet:-1","max-image-preview":"max-image-preview:large","max-video-preview":"max-video-preview:-1"},"canonical":"https:\/\/www.zerdab.com\/?p=16533","og_locale":"az_AZ","og_type":"article","og_title":"Jurnalistl\u0259r Z\u0259rdab rayon Heyd\u0259r \u018fliyev M\u0259rk\u0259zind\u0259 - FOTO - Z\u0259rdab.com","og_description":"Z\u0259rdab rayon Heyd\u0259r \u018fliyev M\u0259rk\u0259zind\u0259 22 iyul Milli M\u0259tbuat G\u00fcn\u00fcn\u0259 h\u0259sr olunmu\u015f\u00a0 \u201cAZ\u018fRBAYCAN M\u0130LL\u0130 M\u018fTBUATI V\u018f HEYD\u018fR \u018fL\u0130YEV- O, JURNAL\u0130STL\u018fR\u0130N DOSTU \u0130D\u0130\u201d m\u00f6vzusunda\u00a0 d\u0259yirmi masa ke\u00e7irildi. D\u0259yirmi masada rayon \u201c\u018fK\u0130N\u00c7\u0130\u201d q\u0259zetinin kollektivi i\u015ftirak etdi. D\u0259yirmi masan\u0131 M\u0259rk\u0259zin direktoru K\u00f6n\u00fcl R\u0259himova a\u00e7araq \u201c\u018fkin\u00e7i\u201dq\u0259zetinin yaranma tarixind\u0259n dan\u0131\u015fd\u0131.\u201cHe\u00e7 olmaz ki, do\u011fru s\u00f6z yerd\u0259 qals\u0131n\u201d dey\u0259n H\u0259s\u0259n b\u0259y Z\u0259rdabi [&hellip;]","og_url":"https:\/\/www.zerdab.com\/?p=16533","og_site_name":"Z\u0259rdab.com","article_published_time":"2014-07-22T07:54:54+00:00","og_image":[{"url":"http:\/\/www.zerdab.com\/wp-content\/uploads\/2014\/07\/Milli-Metbuat--550x365.jpg","type":"","width":"","height":""}],"author":"admin","twitter_card":"summary_large_image","twitter_misc":{"Written by":"admin","Est. reading time":"3 minutes"},"schema":{"@context":"https:\/\/schema.org","@graph":[{"@type":"Article","@id":"https:\/\/www.zerdab.com\/?p=16533#article","isPartOf":{"@id":"https:\/\/www.zerdab.com\/?p=16533"},"author":{"name":"admin","@id":"https:\/\/www.zerdab.com\/#\/schema\/person\/97079b7570c1e89ec0d9e138c3672136"},"headline":"Jurnalistl\u0259r Z\u0259rdab rayon Heyd\u0259r \u018fliyev M\u0259rk\u0259zind\u0259 &#8211; FOTO","datePublished":"2014-07-22T07:54:54+00:00","mainEntityOfPage":{"@id":"https:\/\/www.zerdab.com\/?p=16533"},"wordCount":579,"commentCount":0,"image":{"@id":"https:\/\/www.zerdab.com\/?p=16533#primaryimage"},"thumbnailUrl":"http:\/\/www.zerdab.com\/wp-content\/uploads\/2014\/07\/Milli-Metbuat--550x365.jpg","articleSection":["C\u018fM\u0130YY\u018fT"],"inLanguage":"az","potentialAction":[{"@type":"CommentAction","name":"Comment","target":["https:\/\/www.zerdab.com\/?p=16533#respond"]}]},{"@type":"WebPage","@id":"https:\/\/www.zerdab.com\/?p=16533","url":"https:\/\/www.zerdab.com\/?p=16533","name":"Jurnalistl\u0259r Z\u0259rdab rayon Heyd\u0259r \u018fliyev M\u0259rk\u0259zind\u0259 - FOTO - Z\u0259rdab.com","isPartOf":{"@id":"https:\/\/www.zerdab.com\/#website"},"primaryImageOfPage":{"@id":"https:\/\/www.zerdab.com\/?p=16533#primaryimage"},"image":{"@id":"https:\/\/www.zerdab.com\/?p=16533#primaryimage"},"thumbnailUrl":"http:\/\/www.zerdab.com\/wp-content\/uploads\/2014\/07\/Milli-Metbuat--550x365.jpg","datePublished":"2014-07-22T07:54:54+00:00","author":{"@id":"https:\/\/www.zerdab.com\/#\/schema\/person\/97079b7570c1e89ec0d9e138c3672136"},"breadcrumb":{"@id":"https:\/\/www.zerdab.com\/?p=16533#breadcrumb"},"inLanguage":"az","potentialAction":[{"@type":"ReadAction","target":["https:\/\/www.zerdab.com\/?p=16533"]}]},{"@type":"ImageObject","inLanguage":"az","@id":"https:\/\/www.zerdab.com\/?p=16533#primaryimage","url":"","contentUrl":""},{"@type":"BreadcrumbList","@id":"https:\/\/www.zerdab.com\/?p=16533#breadcrumb","itemListElement":[{"@type":"ListItem","position":1,"name":"Home","item":"https:\/\/www.zerdab.com\/"},{"@type":"ListItem","position":2,"name":"Jurnalistl\u0259r Z\u0259rdab rayon Heyd\u0259r \u018fliyev M\u0259rk\u0259zind\u0259 &#8211; FOTO"}]},{"@type":"WebSite","@id":"https:\/\/www.zerdab.com\/#website","url":"https:\/\/www.zerdab.com\/","name":"Z\u0259rdab.com","description":"","potentialAction":[{"@type":"SearchAction","target":{"@type":"EntryPoint","urlTemplate":"https:\/\/www.zerdab.com\/?s={search_term_string}"},"query-input":{"@type":"PropertyValueSpecification","valueRequired":true,"valueName":"search_term_string"}}],"inLanguage":"az"},{"@type":"Person","@id":"https:\/\/www.zerdab.com\/#\/schema\/person\/97079b7570c1e89ec0d9e138c3672136","name":"admin","image":{"@type":"ImageObject","inLanguage":"az","@id":"https:\/\/www.zerdab.com\/#\/schema\/person\/image\/","url":"https:\/\/secure.gravatar.com\/avatar\/d9c52a9a27c32119cb6679a077fa3e2779e5f822c451cbf01098004361d466ec?s=96&d=mm&r=g","contentUrl":"https:\/\/secure.gravatar.com\/avatar\/d9c52a9a27c32119cb6679a077fa3e2779e5f822c451cbf01098004361d466ec?s=96&d=mm&r=g","caption":"admin"},"url":"https:\/\/www.zerdab.com\/?author=1"}]}},"_links":{"self":[{"href":"https:\/\/www.zerdab.com\/index.php?rest_route=\/wp\/v2\/posts\/16533","targetHints":{"allow":["GET"]}}],"collection":[{"href":"https:\/\/www.zerdab.com\/index.php?rest_route=\/wp\/v2\/posts"}],"about":[{"href":"https:\/\/www.zerdab.com\/index.php?rest_route=\/wp\/v2\/types\/post"}],"author":[{"embeddable":true,"href":"https:\/\/www.zerdab.com\/index.php?rest_route=\/wp\/v2\/users\/1"}],"replies":[{"embeddable":true,"href":"https:\/\/www.zerdab.com\/index.php?rest_route=%2Fwp%2Fv2%2Fcomments&post=16533"}],"version-history":[{"count":1,"href":"https:\/\/www.zerdab.com\/index.php?rest_route=\/wp\/v2\/posts\/16533\/revisions"}],"predecessor-version":[{"id":16535,"href":"https:\/\/www.zerdab.com\/index.php?rest_route=\/wp\/v2\/posts\/16533\/revisions\/16535"}],"wp:attachment":[{"href":"https:\/\/www.zerdab.com\/index.php?rest_route=%2Fwp%2Fv2%2Fmedia&parent=16533"}],"wp:term":[{"taxonomy":"category","embeddable":true,"href":"https:\/\/www.zerdab.com\/index.php?rest_route=%2Fwp%2Fv2%2Fcategories&post=16533"},{"taxonomy":"post_tag","embeddable":true,"href":"https:\/\/www.zerdab.com\/index.php?rest_route=%2Fwp%2Fv2%2Ftags&post=16533"}],"curies":[{"name":"wp","href":"https:\/\/api.w.org\/{rel}","templated":true}]}}