{"id":16552,"date":"2014-07-23T23:48:34","date_gmt":"2014-07-23T18:48:34","guid":{"rendered":"http:\/\/www.zerdab.com\/?p=16552"},"modified":"2014-07-23T23:56:04","modified_gmt":"2014-07-23T18:56:04","slug":"z%c9%99rdabisunas-alim-eld%c9%99niz-h%c9%99s%c9%99nova-ali-media-mukafati-verildi","status":"publish","type":"post","link":"https:\/\/www.zerdab.com\/?p=16552","title":{"rendered":"Z\u0259rdabi\u015f\u00fcnas alim Eld\u0259niz H\u0259s\u0259nova &#8220;Ali media m\u00fckafat\u0131&#8221; verildi"},"content":{"rendered":"<p><a href=\"http:\/\/www.zerdab.com\/wp-content\/uploads\/2014\/07\/Ali-Media-M\u00fckafat\u0131.jpg\"><img loading=\"lazy\" decoding=\"async\" class=\"aligncenter size-full wp-image-16553\" alt=\"Ali Media M\u00fckafat\u0131\" src=\"http:\/\/www.zerdab.com\/wp-content\/uploads\/2014\/07\/Ali-Media-M\u00fckafat\u0131.jpg\" width=\"440\" height=\"330\" \/><\/a>Az\u0259rbaycan Respublikas\u0131 Prezidenti yan\u0131nda K\u00fctl\u0259vi \u0130nformasiya Vasit\u0259l\u0259rinin \u0130nki\u015faf\u0131na D\u00f6vl\u0259t D\u0259st\u0259yi Fondunun (K\u0130VDF) v\u0259 Az\u0259rbaycan M\u0259tbuat \u015euras\u0131n\u0131n birg\u0259 t\u0259\u015fkilat\u00e7\u0131l\u0131\u011f\u0131 il\u0259 iyulun 22-d\u0259 &#8220;Altun Saray&#8221; istirah\u0259t m\u0259rk\u0259zind\u0259 Az\u0259rbaycan milli m\u0259tbuat\u0131n\u0131n yaranmas\u0131n\u0131n 139-cu ild\u00f6n\u00fcm\u00fcn\u0259 h\u0259sr olunmu\u015f t\u0259nt\u0259n\u0259li t\u0259dbir ke\u00e7irildi. T\u0259dbir \u00e7\u0259r\u00e7iv\u0259sind\u0259 Fondun milli m\u0259tbuat g\u00fcn\u00fc il\u0259 ba\u011fl\u0131 ke\u00e7irdiyi f\u0259rdi jurnalist yaz\u0131lar\u0131 m\u00fcsabiq\u0259sinin qalibl\u0259rinin v\u0259 Az\u0259rbaycan M\u0259tbuat \u015euras\u0131n\u0131n Ali Media M\u00fckafat\u0131n\u0131n laueratlar\u0131n\u0131n m\u00fckafatland\u0131r\u0131lmas\u0131 m\u0259rasimi t\u0259\u015fkil edildi.<\/p>\n<p>K\u00fctl\u0259vi \u0130nformasiya Vasit\u0259l\u0259rinin \u0130nki\u015faf\u0131na D\u00f6vl\u0259t D\u0259st\u0259yi Fondunun icras\u0131 direktoru V\u00fcqar S\u0259f\u0259rli t\u0259dbiri giri\u015f s\u00f6z\u00fc il\u0259 a\u00e7araq media n\u00fcmay\u0259nd\u0259l\u0259rini 22 iyul &#8211; Milli M\u0259tbuat G\u00fcn\u00fc m\u00fcnasib\u0259til\u0259 t\u0259brik etdi, onlara yeni-yeni yarad\u0131c\u0131l\u0131q u\u011furlar\u0131 arzulad\u0131. \u00d6lk\u0259 m\u0259tbuat\u0131n\u0131n tarixi inki\u015faf m\u0259rh\u0259l\u0259l\u0259rind\u0259n s\u00f6z a\u00e7an Fondun icra\u00e7\u0131 direktoru x\u00fcsus\u0259n d\u0259 son ill\u0259rd\u0259 d\u00f6vl\u0259tin y\u00fcks\u0259k qay\u011f\u0131s\u0131 il\u0259 s\u00f6z v\u0259 m\u0259tbuat azadl\u0131qlar\u0131n\u0131n t\u0259mini sah\u0259sind\u0259 m\u00fch\u00fcm u\u011furlar\u0131n \u0259ld\u0259 olundu\u011funu diqq\u0259t\u0259 \u00e7atd\u0131rd\u0131. Sonra s\u00f6z Az\u0259rbaycan Respublikas\u0131 Prezidenti Administrasiyas\u0131n\u0131n ictimai-siyasi m\u0259s\u0259l\u0259l\u0259r \u015f\u00f6b\u0259sinin m\u00fcdiri \u018fli H\u0259s\u0259nova verildi. \u00d6lk\u0259 jurnalistl\u0259rini \u0259lam\u0259tdar bayram m\u00fcnasib\u0259til\u0259 t\u0259brik ed\u0259n \u018fli H\u0259s\u0259nov haz\u0131rk\u0131 informasiya \u0259srind\u0259 onlar\u0131n f\u0259aliyy\u0259tinin c\u0259miyy\u0259t \u00fc\u00e7\u00fcn son d\u0259r\u0259c\u0259 \u0259h\u0259miyy\u0259tli oldu\u011funu bildirdi.<\/p>\n<p>Qeyd olundu ki, 1993-c\u00fc ild\u0259 xalq\u0131n t\u0259l\u0259bi il\u0259 hakimiyy\u0259t\u0259 qay\u0131dan \u00fcmummilli lider Heyd\u0259r \u018fliyev Az\u0259rbaycanda demokratik, h\u00fcquqi, d\u00fcny\u0259vi d\u00f6vl\u0259t quruculu\u011funun m\u00fch\u00fcm t\u0259rkib hiss\u0259si kimi s\u00f6z v\u0259 m\u0259lumat azadl\u0131\u011f\u0131n\u0131n t\u0259min olunmas\u0131n\u0131, onun h\u00fcquqi-normativ bazas\u0131n\u0131n yarad\u0131lmas\u0131n\u0131, iqtisadi m\u00fcst\u0259qilliyinin t\u0259min edilm\u0259sini d\u00f6vl\u0259tin m\u0259tbuat siyas\u0259ti qar\u015f\u0131s\u0131nda dayanan \u0259sas v\u0259zif\u0259l\u0259ri kimi m\u00fc\u0259yy\u0259n edib.<\/p>\n<p>\u018fli H\u0259s\u0259nov dedi ki, \u0259sas\u0131 \u00fcmummilli lider Heyd\u0259r \u018fliyev t\u0259r\u0259find\u0259n qoyulmu\u015f bu siyas\u0259t son 10 ild\u0259 Az\u0259rbaycan Respublikas\u0131n\u0131n Prezidenti \u0130lham \u018fliyev t\u0259r\u0259ifnd\u0259n konseptual \u015f\u0259kild\u0259, m\u00fcasir d\u00f6vr\u00fcn reall\u0131qlar\u0131 n\u0259z\u0259r\u0259 al\u0131nmaqla davam etdirilir.<\/p>\n<p>M\u0259rasimd\u0259 \u00e7\u0131x\u0131\u015f ed\u0259n M\u0259tbuat \u015euras\u0131n\u0131n s\u0259dri \u018fflatun Ama\u015fov Az\u0259rbaycan milli m\u0259tbuat\u0131n\u0131n ke\u00e7diyi \u00e7\u0259tin v\u0259 \u015f\u0259r\u0259fli tarixi yola n\u0259z\u0259r sal\u0131b, &#8220;\u018fkin\u00e7i&#8221; q\u0259zetinin xalq\u0131m\u0131z\u0131n h\u0259yat\u0131nda oynad\u0131\u011f\u0131 rolu x\u00fcsusi vur\u011fulay\u0131b. Sonda M\u0259tbuat \u015euras\u0131n\u0131n t\u0259sis etdiyi &#8220;Ali media m\u00fckafat\u0131&#8221; t\u0259qdim olunub.<\/p>\n<p>Qeyd ed\u0259k ki, &#8220;Ali media m\u00fckafat\u0131&#8221;na layiq g\u00f6r\u00fcl\u0259nl\u0259r aras\u0131nda h\u0259myerlimiz, k\u0259nd t\u0259s\u0259rr\u00fcfat\u0131 \u00fczr\u0259 f\u0259ls\u0259f\u0259 doktoru, Beyn\u0259lxalq Ekoenergetika Akademiyas\u0131n\u0131n ekologiya \u00fczr\u0259 professoru, Z\u0259rdabi\u015f\u00fcnas alim Eld\u0259niz H\u0259s\u0259nov da var. Ona m\u00fckafat\u0131 Prezident Administrasiyas\u0131n\u0131n ictimai-siyasi m\u0259s\u0259l\u0259l\u0259r \u015f\u00f6b\u0259sinin m\u00fcdiri \u018fli H\u0259s\u0259nov t\u0259qdim edib.<\/p>\n<p>Xat\u0131rladaq ki, bu g\u00fcnl\u0259rd\u0259 Eld\u0259niz H\u0259s\u0259nova &#8220;Kaspi&#8221; q\u0259zeti v\u0259 Az\u0259rbaycan M\u0259tbuat \u015euras\u0131 t\u0259r\u0259find\u0259n H\u0259s\u0259n b\u0259y Z\u0259rdabi irsinin \u00f6yr\u0259nilm\u0259si sah\u0259sind\u0259ki \u00e7oxillik s\u0259m\u0259r\u0259li f\u0259aliyy\u0259tin\u0259 g\u00f6r\u0259 d\u0259 diplom t\u0259qdim edilmi\u015fdi.<\/p>\n<p>Biz d\u0259 \u00f6z n\u00f6vb\u0259mizd\u0259 Eld\u0259niz m\u00fc\u0259llimi bu m\u00fcnasib\u0259tl\u0259 t\u0259brik edir, ona \u015f\u0259xsi v\u0259 i\u015f h\u0259yat\u0131nda yeni-yeni u\u011furlar arzulay\u0131r\u0131q.<\/p>\n<p>Zerdab.com<\/p>\n","protected":false},"excerpt":{"rendered":"<p>Az\u0259rbaycan Respublikas\u0131 Prezidenti yan\u0131nda K\u00fctl\u0259vi \u0130nformasiya Vasit\u0259l\u0259rinin \u0130nki\u015faf\u0131na D\u00f6vl\u0259t D\u0259st\u0259yi Fondunun (K\u0130VDF) v\u0259 Az\u0259rbaycan M\u0259tbuat \u015euras\u0131n\u0131n birg\u0259 t\u0259\u015fkilat\u00e7\u0131l\u0131\u011f\u0131 il\u0259 iyulun 22-d\u0259 &#8220;Altun Saray&#8221; istirah\u0259t m\u0259rk\u0259zind\u0259 Az\u0259rbaycan milli m\u0259tbuat\u0131n\u0131n yaranmas\u0131n\u0131n 139-cu ild\u00f6n\u00fcm\u00fcn\u0259 h\u0259sr olunmu\u015f t\u0259nt\u0259n\u0259li t\u0259dbir ke\u00e7irildi. T\u0259dbir \u00e7\u0259r\u00e7iv\u0259sind\u0259 Fondun milli m\u0259tbuat g\u00fcn\u00fc il\u0259 ba\u011fl\u0131 ke\u00e7irdiyi f\u0259rdi jurnalist yaz\u0131lar\u0131 m\u00fcsabiq\u0259sinin qalibl\u0259rinin v\u0259 Az\u0259rbaycan M\u0259tbuat \u015euras\u0131n\u0131n Ali [&hellip;]<\/p>\n","protected":false},"author":1,"featured_media":0,"comment_status":"open","ping_status":"open","sticky":false,"template":"","format":"standard","meta":{"footnotes":""},"categories":[21],"tags":[],"class_list":{"0":"post-16552","1":"post","2":"type-post","3":"status-publish","4":"format-standard","6":"category-zrdab"},"yoast_head":"<!-- This site is optimized with the Yoast SEO plugin v27.0 - https:\/\/yoast.com\/product\/yoast-seo-wordpress\/ -->\n<title>Z\u0259rdabi\u015f\u00fcnas alim Eld\u0259niz H\u0259s\u0259nova &quot;Ali media m\u00fckafat\u0131&quot; verildi - Z\u0259rdab.com<\/title>\n<meta name=\"robots\" content=\"index, follow, max-snippet:-1, max-image-preview:large, max-video-preview:-1\" \/>\n<link rel=\"canonical\" href=\"https:\/\/www.zerdab.com\/?p=16552\" \/>\n<meta property=\"og:locale\" content=\"az_AZ\" \/>\n<meta property=\"og:type\" content=\"article\" \/>\n<meta property=\"og:title\" content=\"Z\u0259rdabi\u015f\u00fcnas alim Eld\u0259niz H\u0259s\u0259nova &quot;Ali media m\u00fckafat\u0131&quot; verildi - Z\u0259rdab.com\" \/>\n<meta property=\"og:description\" content=\"Az\u0259rbaycan Respublikas\u0131 Prezidenti yan\u0131nda K\u00fctl\u0259vi \u0130nformasiya Vasit\u0259l\u0259rinin \u0130nki\u015faf\u0131na D\u00f6vl\u0259t D\u0259st\u0259yi Fondunun (K\u0130VDF) v\u0259 Az\u0259rbaycan M\u0259tbuat \u015euras\u0131n\u0131n birg\u0259 t\u0259\u015fkilat\u00e7\u0131l\u0131\u011f\u0131 il\u0259 iyulun 22-d\u0259 &#8220;Altun Saray&#8221; istirah\u0259t m\u0259rk\u0259zind\u0259 Az\u0259rbaycan milli m\u0259tbuat\u0131n\u0131n yaranmas\u0131n\u0131n 139-cu ild\u00f6n\u00fcm\u00fcn\u0259 h\u0259sr olunmu\u015f t\u0259nt\u0259n\u0259li t\u0259dbir ke\u00e7irildi. T\u0259dbir \u00e7\u0259r\u00e7iv\u0259sind\u0259 Fondun milli m\u0259tbuat g\u00fcn\u00fc il\u0259 ba\u011fl\u0131 ke\u00e7irdiyi f\u0259rdi jurnalist yaz\u0131lar\u0131 m\u00fcsabiq\u0259sinin qalibl\u0259rinin v\u0259 Az\u0259rbaycan M\u0259tbuat \u015euras\u0131n\u0131n Ali [&hellip;]\" \/>\n<meta property=\"og:url\" content=\"https:\/\/www.zerdab.com\/?p=16552\" \/>\n<meta property=\"og:site_name\" content=\"Z\u0259rdab.com\" \/>\n<meta property=\"article:published_time\" content=\"2014-07-23T18:48:34+00:00\" \/>\n<meta property=\"article:modified_time\" content=\"2014-07-23T18:56:04+00:00\" \/>\n<meta name=\"author\" content=\"admin\" \/>\n<meta name=\"twitter:card\" content=\"summary_large_image\" \/>\n<meta name=\"twitter:label1\" content=\"Written by\" \/>\n\t<meta name=\"twitter:data1\" content=\"admin\" \/>\n\t<meta name=\"twitter:label2\" content=\"Est. reading time\" \/>\n\t<meta name=\"twitter:data2\" content=\"3 minutes\" \/>\n<script type=\"application\/ld+json\" class=\"yoast-schema-graph\">{\"@context\":\"https:\/\/schema.org\",\"@graph\":[{\"@type\":\"Article\",\"@id\":\"https:\/\/www.zerdab.com\/?p=16552#article\",\"isPartOf\":{\"@id\":\"https:\/\/www.zerdab.com\/?p=16552\"},\"author\":{\"name\":\"admin\",\"@id\":\"https:\/\/www.zerdab.com\/#\/schema\/person\/97079b7570c1e89ec0d9e138c3672136\"},\"headline\":\"Z\u0259rdabi\u015f\u00fcnas alim Eld\u0259niz H\u0259s\u0259nova &#8220;Ali media m\u00fckafat\u0131&#8221; verildi\",\"datePublished\":\"2014-07-23T18:48:34+00:00\",\"dateModified\":\"2014-07-23T18:56:04+00:00\",\"mainEntityOfPage\":{\"@id\":\"https:\/\/www.zerdab.com\/?p=16552\"},\"wordCount\":698,\"commentCount\":5,\"articleSection\":[\"C\u018fM\u0130YY\u018fT\"],\"inLanguage\":\"az\",\"potentialAction\":[{\"@type\":\"CommentAction\",\"name\":\"Comment\",\"target\":[\"https:\/\/www.zerdab.com\/?p=16552#respond\"]}]},{\"@type\":\"WebPage\",\"@id\":\"https:\/\/www.zerdab.com\/?p=16552\",\"url\":\"https:\/\/www.zerdab.com\/?p=16552\",\"name\":\"Z\u0259rdabi\u015f\u00fcnas alim Eld\u0259niz H\u0259s\u0259nova \\\"Ali media m\u00fckafat\u0131\\\" verildi - Z\u0259rdab.com\",\"isPartOf\":{\"@id\":\"https:\/\/www.zerdab.com\/#website\"},\"datePublished\":\"2014-07-23T18:48:34+00:00\",\"dateModified\":\"2014-07-23T18:56:04+00:00\",\"author\":{\"@id\":\"https:\/\/www.zerdab.com\/#\/schema\/person\/97079b7570c1e89ec0d9e138c3672136\"},\"breadcrumb\":{\"@id\":\"https:\/\/www.zerdab.com\/?p=16552#breadcrumb\"},\"inLanguage\":\"az\",\"potentialAction\":[{\"@type\":\"ReadAction\",\"target\":[\"https:\/\/www.zerdab.com\/?p=16552\"]}]},{\"@type\":\"BreadcrumbList\",\"@id\":\"https:\/\/www.zerdab.com\/?p=16552#breadcrumb\",\"itemListElement\":[{\"@type\":\"ListItem\",\"position\":1,\"name\":\"Home\",\"item\":\"https:\/\/www.zerdab.com\/\"},{\"@type\":\"ListItem\",\"position\":2,\"name\":\"Z\u0259rdabi\u015f\u00fcnas alim Eld\u0259niz H\u0259s\u0259nova &#8220;Ali media m\u00fckafat\u0131&#8221; verildi\"}]},{\"@type\":\"WebSite\",\"@id\":\"https:\/\/www.zerdab.com\/#website\",\"url\":\"https:\/\/www.zerdab.com\/\",\"name\":\"Z\u0259rdab.com\",\"description\":\"\",\"potentialAction\":[{\"@type\":\"SearchAction\",\"target\":{\"@type\":\"EntryPoint\",\"urlTemplate\":\"https:\/\/www.zerdab.com\/?s={search_term_string}\"},\"query-input\":{\"@type\":\"PropertyValueSpecification\",\"valueRequired\":true,\"valueName\":\"search_term_string\"}}],\"inLanguage\":\"az\"},{\"@type\":\"Person\",\"@id\":\"https:\/\/www.zerdab.com\/#\/schema\/person\/97079b7570c1e89ec0d9e138c3672136\",\"name\":\"admin\",\"image\":{\"@type\":\"ImageObject\",\"inLanguage\":\"az\",\"@id\":\"https:\/\/www.zerdab.com\/#\/schema\/person\/image\/\",\"url\":\"https:\/\/secure.gravatar.com\/avatar\/d9c52a9a27c32119cb6679a077fa3e2779e5f822c451cbf01098004361d466ec?s=96&d=mm&r=g\",\"contentUrl\":\"https:\/\/secure.gravatar.com\/avatar\/d9c52a9a27c32119cb6679a077fa3e2779e5f822c451cbf01098004361d466ec?s=96&d=mm&r=g\",\"caption\":\"admin\"},\"url\":\"https:\/\/www.zerdab.com\/?author=1\"}]}<\/script>\n<!-- \/ Yoast SEO plugin. -->","yoast_head_json":{"title":"Z\u0259rdabi\u015f\u00fcnas alim Eld\u0259niz H\u0259s\u0259nova \"Ali media m\u00fckafat\u0131\" verildi - Z\u0259rdab.com","robots":{"index":"index","follow":"follow","max-snippet":"max-snippet:-1","max-image-preview":"max-image-preview:large","max-video-preview":"max-video-preview:-1"},"canonical":"https:\/\/www.zerdab.com\/?p=16552","og_locale":"az_AZ","og_type":"article","og_title":"Z\u0259rdabi\u015f\u00fcnas alim Eld\u0259niz H\u0259s\u0259nova \"Ali media m\u00fckafat\u0131\" verildi - Z\u0259rdab.com","og_description":"Az\u0259rbaycan Respublikas\u0131 Prezidenti yan\u0131nda K\u00fctl\u0259vi \u0130nformasiya Vasit\u0259l\u0259rinin \u0130nki\u015faf\u0131na D\u00f6vl\u0259t D\u0259st\u0259yi Fondunun (K\u0130VDF) v\u0259 Az\u0259rbaycan M\u0259tbuat \u015euras\u0131n\u0131n birg\u0259 t\u0259\u015fkilat\u00e7\u0131l\u0131\u011f\u0131 il\u0259 iyulun 22-d\u0259 &#8220;Altun Saray&#8221; istirah\u0259t m\u0259rk\u0259zind\u0259 Az\u0259rbaycan milli m\u0259tbuat\u0131n\u0131n yaranmas\u0131n\u0131n 139-cu ild\u00f6n\u00fcm\u00fcn\u0259 h\u0259sr olunmu\u015f t\u0259nt\u0259n\u0259li t\u0259dbir ke\u00e7irildi. T\u0259dbir \u00e7\u0259r\u00e7iv\u0259sind\u0259 Fondun milli m\u0259tbuat g\u00fcn\u00fc il\u0259 ba\u011fl\u0131 ke\u00e7irdiyi f\u0259rdi jurnalist yaz\u0131lar\u0131 m\u00fcsabiq\u0259sinin qalibl\u0259rinin v\u0259 Az\u0259rbaycan M\u0259tbuat \u015euras\u0131n\u0131n Ali [&hellip;]","og_url":"https:\/\/www.zerdab.com\/?p=16552","og_site_name":"Z\u0259rdab.com","article_published_time":"2014-07-23T18:48:34+00:00","article_modified_time":"2014-07-23T18:56:04+00:00","author":"admin","twitter_card":"summary_large_image","twitter_misc":{"Written by":"admin","Est. reading time":"3 minutes"},"schema":{"@context":"https:\/\/schema.org","@graph":[{"@type":"Article","@id":"https:\/\/www.zerdab.com\/?p=16552#article","isPartOf":{"@id":"https:\/\/www.zerdab.com\/?p=16552"},"author":{"name":"admin","@id":"https:\/\/www.zerdab.com\/#\/schema\/person\/97079b7570c1e89ec0d9e138c3672136"},"headline":"Z\u0259rdabi\u015f\u00fcnas alim Eld\u0259niz H\u0259s\u0259nova &#8220;Ali media m\u00fckafat\u0131&#8221; verildi","datePublished":"2014-07-23T18:48:34+00:00","dateModified":"2014-07-23T18:56:04+00:00","mainEntityOfPage":{"@id":"https:\/\/www.zerdab.com\/?p=16552"},"wordCount":698,"commentCount":5,"articleSection":["C\u018fM\u0130YY\u018fT"],"inLanguage":"az","potentialAction":[{"@type":"CommentAction","name":"Comment","target":["https:\/\/www.zerdab.com\/?p=16552#respond"]}]},{"@type":"WebPage","@id":"https:\/\/www.zerdab.com\/?p=16552","url":"https:\/\/www.zerdab.com\/?p=16552","name":"Z\u0259rdabi\u015f\u00fcnas alim Eld\u0259niz H\u0259s\u0259nova \"Ali media m\u00fckafat\u0131\" verildi - Z\u0259rdab.com","isPartOf":{"@id":"https:\/\/www.zerdab.com\/#website"},"datePublished":"2014-07-23T18:48:34+00:00","dateModified":"2014-07-23T18:56:04+00:00","author":{"@id":"https:\/\/www.zerdab.com\/#\/schema\/person\/97079b7570c1e89ec0d9e138c3672136"},"breadcrumb":{"@id":"https:\/\/www.zerdab.com\/?p=16552#breadcrumb"},"inLanguage":"az","potentialAction":[{"@type":"ReadAction","target":["https:\/\/www.zerdab.com\/?p=16552"]}]},{"@type":"BreadcrumbList","@id":"https:\/\/www.zerdab.com\/?p=16552#breadcrumb","itemListElement":[{"@type":"ListItem","position":1,"name":"Home","item":"https:\/\/www.zerdab.com\/"},{"@type":"ListItem","position":2,"name":"Z\u0259rdabi\u015f\u00fcnas alim Eld\u0259niz H\u0259s\u0259nova &#8220;Ali media m\u00fckafat\u0131&#8221; verildi"}]},{"@type":"WebSite","@id":"https:\/\/www.zerdab.com\/#website","url":"https:\/\/www.zerdab.com\/","name":"Z\u0259rdab.com","description":"","potentialAction":[{"@type":"SearchAction","target":{"@type":"EntryPoint","urlTemplate":"https:\/\/www.zerdab.com\/?s={search_term_string}"},"query-input":{"@type":"PropertyValueSpecification","valueRequired":true,"valueName":"search_term_string"}}],"inLanguage":"az"},{"@type":"Person","@id":"https:\/\/www.zerdab.com\/#\/schema\/person\/97079b7570c1e89ec0d9e138c3672136","name":"admin","image":{"@type":"ImageObject","inLanguage":"az","@id":"https:\/\/www.zerdab.com\/#\/schema\/person\/image\/","url":"https:\/\/secure.gravatar.com\/avatar\/d9c52a9a27c32119cb6679a077fa3e2779e5f822c451cbf01098004361d466ec?s=96&d=mm&r=g","contentUrl":"https:\/\/secure.gravatar.com\/avatar\/d9c52a9a27c32119cb6679a077fa3e2779e5f822c451cbf01098004361d466ec?s=96&d=mm&r=g","caption":"admin"},"url":"https:\/\/www.zerdab.com\/?author=1"}]}},"_links":{"self":[{"href":"https:\/\/www.zerdab.com\/index.php?rest_route=\/wp\/v2\/posts\/16552","targetHints":{"allow":["GET"]}}],"collection":[{"href":"https:\/\/www.zerdab.com\/index.php?rest_route=\/wp\/v2\/posts"}],"about":[{"href":"https:\/\/www.zerdab.com\/index.php?rest_route=\/wp\/v2\/types\/post"}],"author":[{"embeddable":true,"href":"https:\/\/www.zerdab.com\/index.php?rest_route=\/wp\/v2\/users\/1"}],"replies":[{"embeddable":true,"href":"https:\/\/www.zerdab.com\/index.php?rest_route=%2Fwp%2Fv2%2Fcomments&post=16552"}],"version-history":[{"count":3,"href":"https:\/\/www.zerdab.com\/index.php?rest_route=\/wp\/v2\/posts\/16552\/revisions"}],"predecessor-version":[{"id":16556,"href":"https:\/\/www.zerdab.com\/index.php?rest_route=\/wp\/v2\/posts\/16552\/revisions\/16556"}],"wp:attachment":[{"href":"https:\/\/www.zerdab.com\/index.php?rest_route=%2Fwp%2Fv2%2Fmedia&parent=16552"}],"wp:term":[{"taxonomy":"category","embeddable":true,"href":"https:\/\/www.zerdab.com\/index.php?rest_route=%2Fwp%2Fv2%2Fcategories&post=16552"},{"taxonomy":"post_tag","embeddable":true,"href":"https:\/\/www.zerdab.com\/index.php?rest_route=%2Fwp%2Fv2%2Ftags&post=16552"}],"curies":[{"name":"wp","href":"https:\/\/api.w.org\/{rel}","templated":true}]}}