{"id":16595,"date":"2014-07-31T08:00:52","date_gmt":"2014-07-31T03:00:52","guid":{"rendered":"http:\/\/www.zerdab.com\/?p=16595"},"modified":"2014-07-30T22:52:42","modified_gmt":"2014-07-30T17:52:42","slug":"rayon-t%c9%99hsil-sob%c9%99l%c9%99rinin-l%c9%99gvinin-s%c9%99b%c9%99bi-b%c9%99lli-oldu","status":"publish","type":"post","link":"https:\/\/www.zerdab.com\/?p=16595","title":{"rendered":"Rayon t\u0259hsil \u015f\u00f6b\u0259l\u0259rinin l\u0259\u011fvinin s\u0259b\u0259bi b\u0259lli oldu"},"content":{"rendered":"<figure id=\"attachment_16596\" aria-describedby=\"caption-attachment-16596\" style=\"width: 259px\" class=\"wp-caption aligncenter\"><a href=\"http:\/\/www.zerdab.com\/wp-content\/uploads\/2014\/07\/Ceyhun-Bayramov.jpg\"><img loading=\"lazy\" decoding=\"async\" class=\"size-full wp-image-16596\" alt=\"Ceyhun Bayramov\" src=\"http:\/\/www.zerdab.com\/wp-content\/uploads\/2014\/07\/Ceyhun-Bayramov.jpg\" width=\"259\" height=\"194\" \/><\/a><figcaption id=\"caption-attachment-16596\" class=\"wp-caption-text\">T\u0259hsil nazirinin m\u00fcavini Ceyhun Bayramov<\/figcaption><\/figure>\n<p>Zerdab.com sayt\u0131 t\u0259hsil nazirinin m\u00fcavini Ceyhun Bayramovun\u00a0<a href=\"http:\/\/apa.az\/\">APA<\/a>-ya m\u00fcsahib\u0259sini t\u0259qdim edir.<\/p>\n<p><strong>&#8211; Az\u0259rbaycan Prezidentinin s\u0259r\u0259ncam\u0131 il\u0259 T\u0259hsil Nazirliyinin strukturunda d\u0259yi\u015fiklikl\u0259r edilib, rayon (\u015f\u0259h\u0259r) t\u0259hsil \u015f\u00f6b\u0259l\u0259ri bazas\u0131nda regional t\u0259hsil idar\u0259l\u0259ri yarad\u0131l\u0131b. Bel\u0259 q\u0259rar\u0131n q\u0259bul olunmas\u0131 hans\u0131 z\u0259rur\u0259td\u0259n qaynaqlan\u0131rd\u0131?<\/strong><\/p>\n<p>&#8211; M\u0259lum oldu\u011fu kimi, 2013-c\u00fc il oktyabr\u0131n 24-d\u0259 Az\u0259rbaycan prezidenti t\u0259hsil sah\u0259sind\u0259 m\u00fct\u0259r\u0259qqi islahatlar\u0131 n\u0259z\u0259rd\u0259 tutan &#8220;Az\u0259rbaycan Respublikas\u0131nda t\u0259hsilin inki\u015faf\u0131 \u00fczr\u0259 D\u00f6vl\u0259t Strategiyas\u0131&#8221;n\u0131 t\u0259sdiq edib. Strategiyada islahatlar\u0131n apar\u0131laca\u011f\u0131 5 \u0259sas f\u0259aliyy\u0259t istiqam\u0259tl\u0259rind\u0259n biri \u2013 idar\u0259etm\u0259dir. T\u0259hsil islahatlar\u0131n\u0131 sistemli \u015f\u0259kild\u0259 aparmaq v\u0259 t\u0259hsilin inki\u015faf\u0131na daha y\u00fcks\u0259k t\u00f6hf\u0259l\u0259r verm\u0259k \u00fc\u00e7\u00fcn t\u0259hsilin idar\u0259etm\u0259 sistemi yenid\u0259n qurulmal\u0131d\u0131r.<\/p>\n<p>Burada \u0259sas m\u0259qs\u0259d kimi t\u0259hsild\u0259 n\u0259tic\u0259l\u0259r\u0259 g\u00f6r\u0259 cavabdeh, \u015f\u0259ffaf v\u0259 s\u0259m\u0259r\u0259li idar\u0259etm\u0259 mexanizml\u0259rinin yarad\u0131lmas\u0131 \u00e7\u0131x\u0131\u015f edir. M\u00fcasir t\u0259hsili idar\u0259etm\u0259 strukturu f\u0259aliyy\u0259tin n\u0259tic\u0259l\u0259rin\u0259 g\u00f6r\u0259 cavabdehlik da\u015f\u0131yan inzibati orqanlar\u0131n formala\u015fd\u0131r\u0131lmas\u0131, regionlar\u0131n sosial-iqtisadi inki\u015faf\u0131 \u00fc\u00e7\u00fcn t\u0259l\u0259b olunan kadr haz\u0131rl\u0131\u011f\u0131n\u0131n t\u0259min edilm\u0259si, t\u0259nziml\u0259m\u0259 v\u0259 \u0259m\u0259liyyat funksiyalar\u0131n\u0131n bir-birind\u0259n ayr\u0131lmas\u0131, akkreditasiya, sertifikatla\u015fd\u0131rma v\u0259 pe\u015f\u0259 t\u0259hsili \u00fczr\u0259 yeni idar\u0259etm\u0259 strukturlar\u0131n\u0131n yarad\u0131lmas\u0131, t\u0259hsil m\u00fc\u0259ssis\u0259l\u0259rinin say v\u0259 n\u00f6vl\u0259rinin rasionalla\u015fd\u0131r\u0131lmas\u0131, pill\u0259l\u0259r v\u0259 s\u0259viyy\u0259l\u0259r \u00fczr\u0259 t\u0259hsilin strukturunun t\u0259kmill\u0259\u015fdirilm\u0259sini ehtiva edir. Ona g\u00f6r\u0259 d\u0259 prezidentin iyulun 24-d\u0259 imzalad\u0131\u011f\u0131 S\u0259r\u0259ncam idar\u0259etm\u0259 sah\u0259sind\u0259 apar\u0131lacaq islahatlar\u0131n ba\u015flan\u011f\u0131c\u0131 kimi d\u0259y\u0259rl\u0259ndirilm\u0259lidir.<\/p>\n<p>Sirr deyil ki, bir \u00e7ox hallarda yerli t\u0259hsil qurumlar\u0131 daha \u00e7ox passiv m\u00fc\u015fahid\u0259\u00e7i rolunda \u00e7\u0131x\u0131\u015f ed\u0259r\u0259k maliyy\u0259 v\u0259 inzibati resurslar\u0131n\u0131n yet\u0259rsizliyi s\u0259b\u0259bind\u0259n q\u0259bul olunmu\u015f q\u0259rarlar\u0131n tam v\u0259 vaxtl\u0131-vaxt\u0131nda icras\u0131n\u0131 \u00e7\u0259tinlikl\u0259rl\u0259 h\u0259yata ke\u00e7irir, m\u0259kt\u0259bl\u0259rd\u0259ki v\u0259ziyy\u0259t\u0259, kadrlar\u0131n yerl\u0259\u015fdirilm\u0259sin\u0259, t\u0259dris prosesinin d\u00fczg\u00fcn t\u0259\u015fkil olunmas\u0131na laz\u0131mi d\u0259st\u0259k g\u00f6st\u0259r\u0259 bilmirdil\u0259r. D\u00fc\u015f\u00fcn\u00fcr\u00fck ki, t\u0259hsil \u015f\u00f6b\u0259l\u0259rinin bazas\u0131nda T\u0259hsil Nazirliyinin regional strukturlar\u0131n\u0131n yarad\u0131lmas\u0131, onlara geni\u015f s\u0259lahiyy\u0259tl\u0259rin verilm\u0259si il\u0259 yana\u015f\u0131 m\u0259suliyy\u0259tl\u0259rinin art\u0131r\u0131lmas\u0131 t\u0259kc\u0259 \u00fcmumi t\u0259hsilin idar\u0259etm\u0259 strukturunun optimalla\u015fd\u0131r\u0131lmas\u0131 n\u00f6qteyi-n\u0259z\u0259rd\u0259n deyil, h\u0259m\u00e7inin dig\u0259r t\u0259hsil pill\u0259l\u0259rinin inki\u015faf\u0131 \u00fc\u00e7\u00fcn yerl\u0259rd\u0259 z\u0259ruri imkanlar\u0131n formala\u015fd\u0131r\u0131lmas\u0131nda b\u00f6y\u00fck \u0259h\u0259miyy\u0259t\u0259 malik olacaq. N\u0259tic\u0259 etibaril\u0259 m\u00fcasir idar\u0259etm\u0259, hesabatl\u0131l\u0131q v\u0259 m\u0259suliyy\u0259tin b\u00f6l\u00fc\u015fd\u00fcr\u00fclm\u0259si prinsipl\u0259rinin t\u0259tbiq edilm\u0259si yolu il\u0259 yerl\u0259rd\u0259 t\u0259hsilin idar\u0259 edilm\u0259sind\u0259 \u015f\u0259ffafl\u0131\u011f\u0131n v\u0259 a\u015fkarl\u0131\u011f\u0131n art\u0131r\u0131lmas\u0131n\u0131 t\u0259min etmi\u015f olaca\u011f\u0131q.<\/p>\n<p><strong>&#8211; D\u0259yi\u015fiklikl\u0259r n\u0259tic\u0259sind\u0259 yerli t\u0259hsil \u015f\u00f6b\u0259l\u0259ri tamamil\u0259 l\u0259\u011fv olunacaqsa, rayonda cari t\u0259hsil m\u0259s\u0259l\u0259l\u0259ri hans\u0131 s\u0259viyy\u0259d\u0259 v\u0259 nec\u0259 h\u0259ll edil\u0259c\u0259k?<\/strong><\/p>\n<p>&#8211; S\u0259r\u0259ncamda regional t\u0259hsil idar\u0259l\u0259rinin, bel\u0259 des\u0259k, \u201cs\u0131f\u0131rdan\u201d yarad\u0131lmas\u0131 n\u0259z\u0259rd\u0259 tutulmur. \u018fksin\u0259, onlar 2015-ci ilin yanvar\u0131n 1-d\u0259k f\u0259aliyy\u0259tini davam etdir\u0259c\u0259k rayon (\u015f\u0259h\u0259r) t\u0259hsil \u015f\u00f6b\u0259l\u0259rinin bazas\u0131nda, sonuncular\u0131n transformasiyas\u0131 yolu il\u0259 yarad\u0131lacaq. T\u0259bii ki, h\u0259r bir rayonda t\u0259hsil m\u0259s\u0259l\u0259l\u0259rin\u0259 cavabdeh regional idar\u0259l\u0259rin n\u00fcmay\u0259nd\u0259l\u0259ri olacaq ki, onlar da \u00f6z s\u0259lahiyy\u0259tl\u0259ri \u00e7\u0259r\u00e7iv\u0259sind\u0259 m\u00fcvafiq m\u0259s\u0259l\u0259l\u0259rin operativ h\u0259lli il\u0259 m\u0259\u015f\u011ful olacaq, \u0259vv\u0259lki funksiyalar\u0131n\u0131 davam etdir\u0259c\u0259kl\u0259r.<\/p>\n<p>Burada bir m\u00fch\u00fcm m\u0259s\u0259l\u0259y\u0259 d\u0259 toxunmaq ist\u0259rdim. T\u0259hsil sah\u0259si geni\u015f m\u0259nada t\u0259kc\u0259 T\u0259hsil Nazirliyinin m\u00fcst\u0259sna xidm\u0259t dair\u0259sin\u0259 aid olan sah\u0259 kimi q\u0259bul edilm\u0259m\u0259lidir. B\u00fct\u00fcn d\u00f6vrl\u0259rd\u0259 d\u00f6vl\u0259t strukturlar\u0131 \u0259l-\u0259l\u0259 verib bu v\u0259zif\u0259ni m\u00fcv\u0259ff\u0259qiyy\u0259tl\u0259 h\u0259yata ke\u00e7irm\u0259y\u0259 \u00e7al\u0131\u015f\u0131blar. Ona g\u00f6r\u0259 T\u0259hsil Nazirliyi d\u0259 yerli icra hakimiyy\u0259ti orqanlar\u0131 il\u0259 s\u0131x \u0259laq\u0259d\u0259 bu f\u0259aliyy\u0259ti davam etdir\u0259c\u0259k v\u0259 \u0259halinin \u00fcmumi rifah\u0131 bax\u0131m\u0131ndan \u00f6z t\u00f6hf\u0259sini verm\u0259y\u0259 \u00e7al\u0131\u015facaq.<\/p>\n<p><strong>&#8211; L\u0259\u011fv olunan \u015f\u00f6b\u0259l\u0259rd\u0259 \u00e7al\u0131\u015fan i\u015f\u00e7il\u0259rin aqib\u0259ti nec\u0259 olacaq, onlar\u0131n yeni strukturlarda yerl\u0259\u015fdirilm\u0259si n\u0259z\u0259rd\u0259 tutulurmu?<\/strong><\/p>\n<p>&#8211; Yuxar\u0131da s\u00f6yl\u0259diyim kimi, yeni qurumlar \u0259vv\u0259lki t\u0259hsil \u015f\u00f6b\u0259l\u0259rinin bazas\u0131nda yarad\u0131lacaq. T\u0259bii ki, haz\u0131rda RT\u015e-l\u0259rd\u0259 \u00e7al\u0131\u015fan t\u0259cr\u00fcb\u0259li v\u0259 pe\u015f\u0259kar kadrlar bu strukturlarda i\u015fl\u0259 t\u0259min olunacaqlar. D\u00f6vl\u0259t ba\u015f\u00e7\u0131s\u0131n\u0131n s\u0259r\u0259ncam\u0131ndan ir\u0259li g\u0259l\u0259n v\u0259zif\u0259l\u0259rin h\u0259yata ke\u00e7irilm\u0259si il\u0259 ba\u011fl\u0131 n\u00f6vb\u0259ti h\u0259ft\u0259 \u0259rzind\u0259 nazir Mikay\u0131l Cabbarovun s\u0259drliyi il\u0259 b\u00fct\u00fcn yerli t\u0259hsil \u015f\u00f6b\u0259l\u0259rinin i\u015ftirak\u0131 il\u0259 geni\u015f m\u00fc\u015favir\u0259 ke\u00e7iril\u0259c\u0259k. M\u00fc\u015favir\u0259d\u0259 o c\u00fcml\u0259d\u0259n, regional idar\u0259l\u0259rin f\u0259aliyy\u0259t istiqam\u0259tl\u0259ri, v\u0259zif\u0259l\u0259ri, struktur qurulu\u015fu, \u015ftat say\u0131 v\u0259 dig\u0259r m\u0259s\u0259l\u0259l\u0259r \u0259trafl\u0131 m\u00fczakir\u0259 olunacaq. S\u0259r\u0259ncam\u0131n icras\u0131 \u00fc\u00e7\u00fcn ayr\u0131lm\u0131\u015f m\u00fcdd\u0259t \u0259rzind\u0259 b\u00fct\u00fcn m\u0259s\u0259l\u0259l\u0259r \u00f6z h\u0259llini tapacaq.<\/p>\n","protected":false},"excerpt":{"rendered":"<p>Zerdab.com sayt\u0131 t\u0259hsil nazirinin m\u00fcavini Ceyhun Bayramovun\u00a0APA-ya m\u00fcsahib\u0259sini t\u0259qdim edir. &#8211; Az\u0259rbaycan Prezidentinin s\u0259r\u0259ncam\u0131 il\u0259 T\u0259hsil Nazirliyinin strukturunda d\u0259yi\u015fiklikl\u0259r edilib, rayon (\u015f\u0259h\u0259r) t\u0259hsil \u015f\u00f6b\u0259l\u0259ri bazas\u0131nda regional t\u0259hsil idar\u0259l\u0259ri yarad\u0131l\u0131b. Bel\u0259 q\u0259rar\u0131n q\u0259bul olunmas\u0131 hans\u0131 z\u0259rur\u0259td\u0259n qaynaqlan\u0131rd\u0131? &#8211; M\u0259lum oldu\u011fu kimi, 2013-c\u00fc il oktyabr\u0131n 24-d\u0259 Az\u0259rbaycan prezidenti t\u0259hsil sah\u0259sind\u0259 m\u00fct\u0259r\u0259qqi islahatlar\u0131 n\u0259z\u0259rd\u0259 tutan &#8220;Az\u0259rbaycan Respublikas\u0131nda t\u0259hsilin [&hellip;]<\/p>\n","protected":false},"author":1,"featured_media":0,"comment_status":"open","ping_status":"open","sticky":false,"template":"","format":"standard","meta":{"footnotes":""},"categories":[21],"tags":[],"class_list":{"0":"post-16595","1":"post","2":"type-post","3":"status-publish","4":"format-standard","6":"category-zrdab"},"yoast_head":"<!-- This site is optimized with the Yoast SEO plugin v27.0 - https:\/\/yoast.com\/product\/yoast-seo-wordpress\/ -->\n<title>Rayon t\u0259hsil \u015f\u00f6b\u0259l\u0259rinin l\u0259\u011fvinin s\u0259b\u0259bi b\u0259lli oldu - Z\u0259rdab.com<\/title>\n<meta name=\"robots\" content=\"index, follow, max-snippet:-1, max-image-preview:large, max-video-preview:-1\" \/>\n<link rel=\"canonical\" href=\"https:\/\/www.zerdab.com\/?p=16595\" \/>\n<meta property=\"og:locale\" content=\"az_AZ\" \/>\n<meta property=\"og:type\" content=\"article\" \/>\n<meta property=\"og:title\" content=\"Rayon t\u0259hsil \u015f\u00f6b\u0259l\u0259rinin l\u0259\u011fvinin s\u0259b\u0259bi b\u0259lli oldu - Z\u0259rdab.com\" \/>\n<meta property=\"og:description\" content=\"Zerdab.com sayt\u0131 t\u0259hsil nazirinin m\u00fcavini Ceyhun Bayramovun\u00a0APA-ya m\u00fcsahib\u0259sini t\u0259qdim edir. &#8211; Az\u0259rbaycan Prezidentinin s\u0259r\u0259ncam\u0131 il\u0259 T\u0259hsil Nazirliyinin strukturunda d\u0259yi\u015fiklikl\u0259r edilib, rayon (\u015f\u0259h\u0259r) t\u0259hsil \u015f\u00f6b\u0259l\u0259ri bazas\u0131nda regional t\u0259hsil idar\u0259l\u0259ri yarad\u0131l\u0131b. Bel\u0259 q\u0259rar\u0131n q\u0259bul olunmas\u0131 hans\u0131 z\u0259rur\u0259td\u0259n qaynaqlan\u0131rd\u0131? &#8211; M\u0259lum oldu\u011fu kimi, 2013-c\u00fc il oktyabr\u0131n 24-d\u0259 Az\u0259rbaycan prezidenti t\u0259hsil sah\u0259sind\u0259 m\u00fct\u0259r\u0259qqi islahatlar\u0131 n\u0259z\u0259rd\u0259 tutan &#8220;Az\u0259rbaycan Respublikas\u0131nda t\u0259hsilin [&hellip;]\" \/>\n<meta property=\"og:url\" content=\"https:\/\/www.zerdab.com\/?p=16595\" \/>\n<meta property=\"og:site_name\" content=\"Z\u0259rdab.com\" \/>\n<meta property=\"article:published_time\" content=\"2014-07-31T03:00:52+00:00\" \/>\n<meta property=\"og:image\" content=\"http:\/\/www.zerdab.com\/wp-content\/uploads\/2014\/07\/Ceyhun-Bayramov.jpg\" \/>\n<meta name=\"author\" content=\"admin\" \/>\n<meta name=\"twitter:card\" content=\"summary_large_image\" \/>\n<meta name=\"twitter:label1\" content=\"Written by\" \/>\n\t<meta name=\"twitter:data1\" content=\"admin\" \/>\n\t<meta name=\"twitter:label2\" content=\"Est. reading time\" \/>\n\t<meta name=\"twitter:data2\" content=\"5 minutes\" \/>\n<script type=\"application\/ld+json\" class=\"yoast-schema-graph\">{\"@context\":\"https:\/\/schema.org\",\"@graph\":[{\"@type\":\"Article\",\"@id\":\"https:\/\/www.zerdab.com\/?p=16595#article\",\"isPartOf\":{\"@id\":\"https:\/\/www.zerdab.com\/?p=16595\"},\"author\":{\"name\":\"admin\",\"@id\":\"https:\/\/www.zerdab.com\/#\/schema\/person\/97079b7570c1e89ec0d9e138c3672136\"},\"headline\":\"Rayon t\u0259hsil \u015f\u00f6b\u0259l\u0259rinin l\u0259\u011fvinin s\u0259b\u0259bi b\u0259lli oldu\",\"datePublished\":\"2014-07-31T03:00:52+00:00\",\"mainEntityOfPage\":{\"@id\":\"https:\/\/www.zerdab.com\/?p=16595\"},\"wordCount\":1034,\"commentCount\":1,\"image\":{\"@id\":\"https:\/\/www.zerdab.com\/?p=16595#primaryimage\"},\"thumbnailUrl\":\"http:\/\/www.zerdab.com\/wp-content\/uploads\/2014\/07\/Ceyhun-Bayramov.jpg\",\"articleSection\":[\"C\u018fM\u0130YY\u018fT\"],\"inLanguage\":\"az\",\"potentialAction\":[{\"@type\":\"CommentAction\",\"name\":\"Comment\",\"target\":[\"https:\/\/www.zerdab.com\/?p=16595#respond\"]}]},{\"@type\":\"WebPage\",\"@id\":\"https:\/\/www.zerdab.com\/?p=16595\",\"url\":\"https:\/\/www.zerdab.com\/?p=16595\",\"name\":\"Rayon t\u0259hsil \u015f\u00f6b\u0259l\u0259rinin l\u0259\u011fvinin s\u0259b\u0259bi b\u0259lli oldu - Z\u0259rdab.com\",\"isPartOf\":{\"@id\":\"https:\/\/www.zerdab.com\/#website\"},\"primaryImageOfPage\":{\"@id\":\"https:\/\/www.zerdab.com\/?p=16595#primaryimage\"},\"image\":{\"@id\":\"https:\/\/www.zerdab.com\/?p=16595#primaryimage\"},\"thumbnailUrl\":\"http:\/\/www.zerdab.com\/wp-content\/uploads\/2014\/07\/Ceyhun-Bayramov.jpg\",\"datePublished\":\"2014-07-31T03:00:52+00:00\",\"author\":{\"@id\":\"https:\/\/www.zerdab.com\/#\/schema\/person\/97079b7570c1e89ec0d9e138c3672136\"},\"breadcrumb\":{\"@id\":\"https:\/\/www.zerdab.com\/?p=16595#breadcrumb\"},\"inLanguage\":\"az\",\"potentialAction\":[{\"@type\":\"ReadAction\",\"target\":[\"https:\/\/www.zerdab.com\/?p=16595\"]}]},{\"@type\":\"ImageObject\",\"inLanguage\":\"az\",\"@id\":\"https:\/\/www.zerdab.com\/?p=16595#primaryimage\",\"url\":\"http:\/\/www.zerdab.com\/wp-content\/uploads\/2014\/07\/Ceyhun-Bayramov.jpg\",\"contentUrl\":\"http:\/\/www.zerdab.com\/wp-content\/uploads\/2014\/07\/Ceyhun-Bayramov.jpg\"},{\"@type\":\"BreadcrumbList\",\"@id\":\"https:\/\/www.zerdab.com\/?p=16595#breadcrumb\",\"itemListElement\":[{\"@type\":\"ListItem\",\"position\":1,\"name\":\"Home\",\"item\":\"https:\/\/www.zerdab.com\/\"},{\"@type\":\"ListItem\",\"position\":2,\"name\":\"Rayon t\u0259hsil \u015f\u00f6b\u0259l\u0259rinin l\u0259\u011fvinin s\u0259b\u0259bi b\u0259lli oldu\"}]},{\"@type\":\"WebSite\",\"@id\":\"https:\/\/www.zerdab.com\/#website\",\"url\":\"https:\/\/www.zerdab.com\/\",\"name\":\"Z\u0259rdab.com\",\"description\":\"\",\"potentialAction\":[{\"@type\":\"SearchAction\",\"target\":{\"@type\":\"EntryPoint\",\"urlTemplate\":\"https:\/\/www.zerdab.com\/?s={search_term_string}\"},\"query-input\":{\"@type\":\"PropertyValueSpecification\",\"valueRequired\":true,\"valueName\":\"search_term_string\"}}],\"inLanguage\":\"az\"},{\"@type\":\"Person\",\"@id\":\"https:\/\/www.zerdab.com\/#\/schema\/person\/97079b7570c1e89ec0d9e138c3672136\",\"name\":\"admin\",\"image\":{\"@type\":\"ImageObject\",\"inLanguage\":\"az\",\"@id\":\"https:\/\/www.zerdab.com\/#\/schema\/person\/image\/\",\"url\":\"https:\/\/secure.gravatar.com\/avatar\/d9c52a9a27c32119cb6679a077fa3e2779e5f822c451cbf01098004361d466ec?s=96&d=mm&r=g\",\"contentUrl\":\"https:\/\/secure.gravatar.com\/avatar\/d9c52a9a27c32119cb6679a077fa3e2779e5f822c451cbf01098004361d466ec?s=96&d=mm&r=g\",\"caption\":\"admin\"},\"url\":\"https:\/\/www.zerdab.com\/?author=1\"}]}<\/script>\n<!-- \/ Yoast SEO plugin. -->","yoast_head_json":{"title":"Rayon t\u0259hsil \u015f\u00f6b\u0259l\u0259rinin l\u0259\u011fvinin s\u0259b\u0259bi b\u0259lli oldu - Z\u0259rdab.com","robots":{"index":"index","follow":"follow","max-snippet":"max-snippet:-1","max-image-preview":"max-image-preview:large","max-video-preview":"max-video-preview:-1"},"canonical":"https:\/\/www.zerdab.com\/?p=16595","og_locale":"az_AZ","og_type":"article","og_title":"Rayon t\u0259hsil \u015f\u00f6b\u0259l\u0259rinin l\u0259\u011fvinin s\u0259b\u0259bi b\u0259lli oldu - Z\u0259rdab.com","og_description":"Zerdab.com sayt\u0131 t\u0259hsil nazirinin m\u00fcavini Ceyhun Bayramovun\u00a0APA-ya m\u00fcsahib\u0259sini t\u0259qdim edir. &#8211; Az\u0259rbaycan Prezidentinin s\u0259r\u0259ncam\u0131 il\u0259 T\u0259hsil Nazirliyinin strukturunda d\u0259yi\u015fiklikl\u0259r edilib, rayon (\u015f\u0259h\u0259r) t\u0259hsil \u015f\u00f6b\u0259l\u0259ri bazas\u0131nda regional t\u0259hsil idar\u0259l\u0259ri yarad\u0131l\u0131b. Bel\u0259 q\u0259rar\u0131n q\u0259bul olunmas\u0131 hans\u0131 z\u0259rur\u0259td\u0259n qaynaqlan\u0131rd\u0131? &#8211; M\u0259lum oldu\u011fu kimi, 2013-c\u00fc il oktyabr\u0131n 24-d\u0259 Az\u0259rbaycan prezidenti t\u0259hsil sah\u0259sind\u0259 m\u00fct\u0259r\u0259qqi islahatlar\u0131 n\u0259z\u0259rd\u0259 tutan &#8220;Az\u0259rbaycan Respublikas\u0131nda t\u0259hsilin [&hellip;]","og_url":"https:\/\/www.zerdab.com\/?p=16595","og_site_name":"Z\u0259rdab.com","article_published_time":"2014-07-31T03:00:52+00:00","og_image":[{"url":"http:\/\/www.zerdab.com\/wp-content\/uploads\/2014\/07\/Ceyhun-Bayramov.jpg","type":"","width":"","height":""}],"author":"admin","twitter_card":"summary_large_image","twitter_misc":{"Written by":"admin","Est. reading time":"5 minutes"},"schema":{"@context":"https:\/\/schema.org","@graph":[{"@type":"Article","@id":"https:\/\/www.zerdab.com\/?p=16595#article","isPartOf":{"@id":"https:\/\/www.zerdab.com\/?p=16595"},"author":{"name":"admin","@id":"https:\/\/www.zerdab.com\/#\/schema\/person\/97079b7570c1e89ec0d9e138c3672136"},"headline":"Rayon t\u0259hsil \u015f\u00f6b\u0259l\u0259rinin l\u0259\u011fvinin s\u0259b\u0259bi b\u0259lli oldu","datePublished":"2014-07-31T03:00:52+00:00","mainEntityOfPage":{"@id":"https:\/\/www.zerdab.com\/?p=16595"},"wordCount":1034,"commentCount":1,"image":{"@id":"https:\/\/www.zerdab.com\/?p=16595#primaryimage"},"thumbnailUrl":"http:\/\/www.zerdab.com\/wp-content\/uploads\/2014\/07\/Ceyhun-Bayramov.jpg","articleSection":["C\u018fM\u0130YY\u018fT"],"inLanguage":"az","potentialAction":[{"@type":"CommentAction","name":"Comment","target":["https:\/\/www.zerdab.com\/?p=16595#respond"]}]},{"@type":"WebPage","@id":"https:\/\/www.zerdab.com\/?p=16595","url":"https:\/\/www.zerdab.com\/?p=16595","name":"Rayon t\u0259hsil \u015f\u00f6b\u0259l\u0259rinin l\u0259\u011fvinin s\u0259b\u0259bi b\u0259lli oldu - Z\u0259rdab.com","isPartOf":{"@id":"https:\/\/www.zerdab.com\/#website"},"primaryImageOfPage":{"@id":"https:\/\/www.zerdab.com\/?p=16595#primaryimage"},"image":{"@id":"https:\/\/www.zerdab.com\/?p=16595#primaryimage"},"thumbnailUrl":"http:\/\/www.zerdab.com\/wp-content\/uploads\/2014\/07\/Ceyhun-Bayramov.jpg","datePublished":"2014-07-31T03:00:52+00:00","author":{"@id":"https:\/\/www.zerdab.com\/#\/schema\/person\/97079b7570c1e89ec0d9e138c3672136"},"breadcrumb":{"@id":"https:\/\/www.zerdab.com\/?p=16595#breadcrumb"},"inLanguage":"az","potentialAction":[{"@type":"ReadAction","target":["https:\/\/www.zerdab.com\/?p=16595"]}]},{"@type":"ImageObject","inLanguage":"az","@id":"https:\/\/www.zerdab.com\/?p=16595#primaryimage","url":"http:\/\/www.zerdab.com\/wp-content\/uploads\/2014\/07\/Ceyhun-Bayramov.jpg","contentUrl":"http:\/\/www.zerdab.com\/wp-content\/uploads\/2014\/07\/Ceyhun-Bayramov.jpg"},{"@type":"BreadcrumbList","@id":"https:\/\/www.zerdab.com\/?p=16595#breadcrumb","itemListElement":[{"@type":"ListItem","position":1,"name":"Home","item":"https:\/\/www.zerdab.com\/"},{"@type":"ListItem","position":2,"name":"Rayon t\u0259hsil \u015f\u00f6b\u0259l\u0259rinin l\u0259\u011fvinin s\u0259b\u0259bi b\u0259lli oldu"}]},{"@type":"WebSite","@id":"https:\/\/www.zerdab.com\/#website","url":"https:\/\/www.zerdab.com\/","name":"Z\u0259rdab.com","description":"","potentialAction":[{"@type":"SearchAction","target":{"@type":"EntryPoint","urlTemplate":"https:\/\/www.zerdab.com\/?s={search_term_string}"},"query-input":{"@type":"PropertyValueSpecification","valueRequired":true,"valueName":"search_term_string"}}],"inLanguage":"az"},{"@type":"Person","@id":"https:\/\/www.zerdab.com\/#\/schema\/person\/97079b7570c1e89ec0d9e138c3672136","name":"admin","image":{"@type":"ImageObject","inLanguage":"az","@id":"https:\/\/www.zerdab.com\/#\/schema\/person\/image\/","url":"https:\/\/secure.gravatar.com\/avatar\/d9c52a9a27c32119cb6679a077fa3e2779e5f822c451cbf01098004361d466ec?s=96&d=mm&r=g","contentUrl":"https:\/\/secure.gravatar.com\/avatar\/d9c52a9a27c32119cb6679a077fa3e2779e5f822c451cbf01098004361d466ec?s=96&d=mm&r=g","caption":"admin"},"url":"https:\/\/www.zerdab.com\/?author=1"}]}},"_links":{"self":[{"href":"https:\/\/www.zerdab.com\/index.php?rest_route=\/wp\/v2\/posts\/16595","targetHints":{"allow":["GET"]}}],"collection":[{"href":"https:\/\/www.zerdab.com\/index.php?rest_route=\/wp\/v2\/posts"}],"about":[{"href":"https:\/\/www.zerdab.com\/index.php?rest_route=\/wp\/v2\/types\/post"}],"author":[{"embeddable":true,"href":"https:\/\/www.zerdab.com\/index.php?rest_route=\/wp\/v2\/users\/1"}],"replies":[{"embeddable":true,"href":"https:\/\/www.zerdab.com\/index.php?rest_route=%2Fwp%2Fv2%2Fcomments&post=16595"}],"version-history":[{"count":1,"href":"https:\/\/www.zerdab.com\/index.php?rest_route=\/wp\/v2\/posts\/16595\/revisions"}],"predecessor-version":[{"id":16597,"href":"https:\/\/www.zerdab.com\/index.php?rest_route=\/wp\/v2\/posts\/16595\/revisions\/16597"}],"wp:attachment":[{"href":"https:\/\/www.zerdab.com\/index.php?rest_route=%2Fwp%2Fv2%2Fmedia&parent=16595"}],"wp:term":[{"taxonomy":"category","embeddable":true,"href":"https:\/\/www.zerdab.com\/index.php?rest_route=%2Fwp%2Fv2%2Fcategories&post=16595"},{"taxonomy":"post_tag","embeddable":true,"href":"https:\/\/www.zerdab.com\/index.php?rest_route=%2Fwp%2Fv2%2Ftags&post=16595"}],"curies":[{"name":"wp","href":"https:\/\/api.w.org\/{rel}","templated":true}]}}