{"id":16616,"date":"2014-08-02T12:26:28","date_gmt":"2014-08-02T07:26:28","guid":{"rendered":"http:\/\/www.zerdab.com\/?p=16616"},"modified":"2014-08-02T12:26:28","modified_gmt":"2014-08-02T07:26:28","slug":"az%c9%99rbaycan-ii-qarabag-muharib%c9%99sin%c9%99-t%c9%99hrik-edilir-s%c9%99rh","status":"publish","type":"post","link":"https:\/\/www.zerdab.com\/?p=16616","title":{"rendered":"Az\u0259rbaycan II Qaraba\u011f m\u00fcharib\u0259sin\u0259 t\u0259hrik edilir &#8211; \u015e\u018fRH"},"content":{"rendered":"<div><a href=\"http:\/\/www.zerdab.com\/wp-content\/uploads\/2014\/08\/M\u00fcharib\u0259.jpg\"><img loading=\"lazy\" decoding=\"async\" class=\"aligncenter size-full wp-image-16617\" alt=\"M\u00fcharib\u0259\" src=\"http:\/\/www.zerdab.com\/wp-content\/uploads\/2014\/08\/M\u00fcharib\u0259.jpg\" width=\"440\" height=\"330\" \/><\/a>\u0130yulun 31-d\u0259n avqustun 1-n\u0259 ke\u00e7\u0259n gec\u0259 c\u0259bh\u0259nin A\u011fdam v\u0259 T\u0259rt\u0259r rayonlar\u0131 istiqam\u0259tind\u0259 ba\u015f ver\u0259n qanl\u0131 d\u00f6y\u00fc\u015fl\u0259rd\u0259 Az\u0259rbaycan ordusunun 8 \u015f\u0259hid verm\u0259si (b\u0259zi m\u0259nb\u0259l\u0259rd\u0259 bu r\u0259q\u0259m 11 g\u00f6st\u0259rilir-red.) \u00f6lk\u0259nin g\u00fcnd\u0259mini d\u0259yi\u015fdi. Bir m\u00fcdd\u0259tdir ki, c\u0259bh\u0259nin x\u00fcsusil\u0259 Tovuz v\u0259 T\u0259rt\u0259r istiqam\u0259tind\u0259 lokal d\u00f6y\u00fc\u015fl\u0259r gedir v\u0259 dem\u0259k olar ki, h\u0259r g\u00fcn h\u0259r iki t\u0259r\u0259fd\u0259n itkil\u0259rl\u0259 ba\u011fl\u0131 x\u0259b\u0259rl\u0259r g\u0259lir. Birm\u0259nal\u0131 olaraq \u201cat\u0259\u015fk\u0259s rejiminin davam etm\u0259si\u201d yaln\u0131z AT\u018fT h\u0259ms\u0259drl\u0259rinin \u00f6zl\u0259ri il\u0259 da\u015f\u0131d\u0131qlar\u0131 qovluqlar\u0131nda v\u0259 ka\u011f\u0131z \u00fcz\u0259rind\u0259 qal\u0131b&#8230;<\/div>\n<div><\/div>\n<div>Rusiyan\u0131n Q\u0259rbl\u0259 m\u00fcnasib\u0259tl\u0259rinin pisl\u0259\u015fm\u0259si il\u0259 Erm\u0259nistan\u0131n c\u0259bh\u0259 b\u00f6lg\u0259sind\u0259 az\u011f\u0131nla\u015fmas\u0131n\u0131n eyni vaxta t\u0259sad\u00fcf etm\u0259si haql\u0131 suallar do\u011furur. Bu zamanlaman\u0131n t\u0259sad\u00fcfi olmad\u0131\u011f\u0131n\u0131 iddia ed\u0259nl\u0259rin arqumenti d\u0259 olduqca m\u0259ntiqlidir: Rusiya d\u00fcnya meydan\u0131nda t\u0259kl\u0259ndikc\u0259 Q\u0259rbin siyasi v\u0259 iqtisadi maraqlar\u0131n\u0131n oldu\u011fu \u00f6lk\u0259l\u0259rd\u0259 v\u0259ziyy\u0259ti g\u0259rginl\u0259\u015fdirm\u0259y\u0259 \u00e7al\u0131\u015f\u0131r. Bu siyah\u0131da Az\u0259rbaycan ilk yerd\u0259 g\u0259lir. Az\u0259rbaycan\u0131n i\u00e7\u0259risin\u0259 od salmaq is\u0259 yaln\u0131z bir yerd\u0259n daha t\u0259hl\u00fck\u0259lidir: Qaraba\u011f c\u0259bh\u0259sind\u0259n.<\/div>\n<div><a href=\"http:\/\/www.zerdab.com\/wp-content\/uploads\/2014\/08\/M\u00fcharib\u02591.jpg\"><img loading=\"lazy\" decoding=\"async\" class=\"aligncenter size-full wp-image-16618\" alt=\"M\u00fcharib\u02591\" src=\"http:\/\/www.zerdab.com\/wp-content\/uploads\/2014\/08\/M\u00fcharib\u02591.jpg\" width=\"440\" height=\"330\" \/><\/a><\/div>\n<div>Kremlin m\u00fcharib\u0259 generaliteti yax\u015f\u0131 ba\u015fa d\u00fc\u015f\u00fcr ki, Az\u0259rbaycan\u0131 indilikd\u0259 ikinci Qaraba\u011f sava\u015f\u0131na s\u00fcr\u00fckl\u0259m\u0259kl\u0259 h\u0259m Avrasiya \u0130ttifaq\u0131na qo\u015fulmayaca\u011f\u0131n\u0131 b\u0259yan ed\u0259n r\u0259smi Bak\u0131n\u0131n g\u00f6z\u00fcn\u00fc q\u0131ra v\u0259 Q\u0259rbin \u00f6lk\u0259mizd\u0259ki x\u00fcsusil\u0259 iqtisadi maraqlar\u0131na ciddi z\u0259rb\u0259 vura bil\u0259r. Ke\u00e7mi\u015f d\u00f6vl\u0259t m\u00fc\u015faviri politoloq V\u0259fa Quluzad\u0259 d\u0259 c\u0259bh\u0259nin t\u0259mas x\u0259ttind\u0259 ba\u015f ver\u0259nl\u0259ri Rusiya amili il\u0259 izah edib. Politoloq deyib ki, Moskva bununla Az\u0259rbaycana s\u0259rt mesaj g\u00f6nd\u0259rib: \u201cBuna he\u00e7 bir \u015f\u00fcbh\u0259niz olmas\u0131n ki, c\u0259bh\u0259d\u0259 at\u0131lan h\u0259r bir g\u00fcll\u0259nin \u0259mri Rusiyadan g\u0259lir. Moskva des\u0259 ki, dayan, erm\u0259nil\u0259r sakitl\u0259\u015f\u0259c\u0259kl\u0259r. Bir d\u0259f\u0259 Moskvas\u0131z 1999-cu ild\u0259 b\u00f6y\u00fck hay-k\u00fcy qalxm\u0131\u015fd\u0131 ki, Erm\u0259nistanla Az\u0259rbaycan art\u0131q Qaraba\u011f\u0131 h\u0259ll edibl\u0259r. Onda at\u0259\u015fk\u0259s x\u0259ttind\u0259 at\u0131\u015fman\u0131n dayand\u0131r\u0131lmas\u0131, snayperl\u0259rin f\u0259aliyy\u0259tsizliyi haqq\u0131nda q\u0259rar q\u0259bul etmi\u015fdik. Erm\u0259nil\u0259r d\u0259 buna raz\u0131l\u0131q vermi\u015fdil\u0259r.<\/div>\n<div>\n<div>Bir adam\u0131n ba\u015f\u0131ndan t\u00fck \u0259skik olmurdu. Rusiya Erm\u0259nistan parlamentini g\u00fcll\u0259baran edib \u0130r\u0259van\u0131 c\u0259zaland\u0131rd\u0131 v\u0259 yenid\u0259n bu hadis\u0259l\u0259r ba\u015flad\u0131. Jirinovskinin v\u0259 dig\u0259rl\u0259rinin Az\u0259rbaycan\u0131 t\u0259rifl\u0259m\u0259l\u0259ri m\u0259s\u0259l\u0259si d\u0259 a\u00e7\u0131q-ayd\u0131nd\u0131r. Onlar bir t\u0259r\u0259fd\u0259n mesaj g\u00f6nd\u0259rirl\u0259r ki, biziml\u0259 raz\u0131la\u015fsan\u0131z, sizinl\u0259 dostluq ed\u0259c\u0259yik. \u018fg\u0259r bizim tabeliyimiz\u0259 girs\u0259niz, G\u00f6mr\u00fck \u0130ttifaq\u0131n\u0131n \u00fczv\u00fc olsan\u0131z, m\u00fcnasib\u0259tl\u0259rimiz yax\u015f\u0131la\u015facaq. \u018fks t\u0259qdird\u0259 is\u0259 v\u0259ziyy\u0259t g\u0259rginl\u0259\u015f\u0259c\u0259k\u201d.<a href=\"http:\/\/www.zerdab.com\/wp-content\/uploads\/2014\/08\/M\u00fcharib\u02592.jpg\"><img loading=\"lazy\" decoding=\"async\" class=\"aligncenter size-full wp-image-16620\" alt=\"M\u00fcharib\u0259\" src=\"http:\/\/www.zerdab.com\/wp-content\/uploads\/2014\/08\/M\u00fcharib\u02592.jpg\" width=\"640\" height=\"480\" \/><\/a>Az\u0259rbaycan hakimiyy\u0259ti d\u0259 indiki h\u0259ssas m\u0259qam\u0131 yax\u015f\u0131 analiz ed\u0259r\u0259k m\u00fcharib\u0259 ritorikas\u0131n\u0131 son vaxtlar xeyli azald\u0131b v\u0259 Erm\u0259nistana \u0259lav\u0259 b\u0259han\u0259l\u0259r verm\u0259m\u0259y\u0259 \u00e7al\u0131\u015f\u0131r. Bu s\u0259b\u0259bd\u0259n d\u0259 son vaxtlar Erm\u0259nistan\u0131n guya Az\u0259rbaycan t\u0259r\u0259finin c\u0259bh\u0259 b\u00f6lg\u0259sind\u0259 diversiya \u0259m\u0259liyyatlar\u0131 ke\u00e7irm\u0259si bar\u0259d\u0259 iddialar\u0131 h\u0259qiq\u0259ti \u0259ks etdirmir. H\u0259rbi m\u0259nb\u0259l\u0259rd\u0259n ald\u0131\u011f\u0131m\u0131z m\u0259lumatlarda ordumuzun yaln\u0131z d\u00fc\u015fm\u0259n h\u00fccuma ke\u00e7\u0259rs\u0259 cavab z\u0259rb\u0259si vurmas\u0131 bar\u0259d\u0259 \u0259mr verildiyini t\u0259sdiql\u0259yir. Y\u0259ni Erm\u0259nistan\u0131n arxas\u0131nda dayan\u0131b, onu Az\u0259rbaycan\u0131n \u00fcst\u00fcn\u0259 q\u0131sq\u0131rdan Rusiyaya \u0259lav\u0259 b\u0259han\u0259l\u0259r verm\u0259m\u0259k \u00fc\u00e7\u00fcn ordumuz faktiki m\u00fcdafi\u0259 taktikas\u0131na \u00fcst\u00fcnl\u00fck verir. Avqustun 1-n\u0259 ke\u00e7\u0259n gec\u0259 c\u0259bh\u0259 b\u00f6lg\u0259sind\u0259 ba\u015f ver\u0259nl\u0259rin m\u0259hz Erm\u0259nistan\u0131n t\u0259xribat\u0131 oldu\u011fu \u015f\u00fcbh\u0259sizdir. M\u00fcdafi\u0259 Nazirliyinin r\u0259smi m\u0259lumat\u0131nda da erm\u0259nil\u0259rin qo\u015funlar\u0131n t\u0259mas x\u0259ttini ke\u00e7m\u0259y\u0259 c\u0259hd g\u00f6st\u0259rdiyi t\u0259sdiql\u0259nib.<\/div>\n<div>\n<div>M\u0259lumatda deyilir ki, Az\u0259rbaycan Silahl\u0131 Q\u00fcvv\u0259l\u0259ri b\u00f6lm\u0259l\u0259rinin say\u0131ql\u0131\u011f\u0131 n\u0259tic\u0259sind\u0259 d\u00fc\u015fm\u0259nin s\u0259ng\u0259rl\u0259rimiz\u0259 yax\u0131nla\u015fmas\u0131 qabaqcadan a\u015fkar edil\u0259r\u0259k t\u0259xribat\u0131n qar\u015f\u0131s\u0131 al\u0131n\u0131b.<\/div>\n<div><\/div>\n<div>\u015eidd\u0259tli at\u0131\u015fmadan sonra erm\u0259ni b\u00f6lm\u0259l\u0259ri xeyli itki ver\u0259r\u0259k geri \u00e7\u0259kilm\u0259y\u0259 m\u0259cbur edilib.<\/div>\n<div>\u015e\u0259hid olan \u0259sg\u0259rl\u0259rimizin orduya yeni \u00e7a\u011f\u0131r\u0131lmas\u0131 fakt\u0131 da t\u0259sdiq edir ki, bu xain pusqunun g\u00fcnahkar\u0131 Erm\u0259nistand\u0131r. \u018fg\u0259r Az\u0259rbaycan t\u0259r\u0259fi ciddi h\u0259rbi \u0259m\u0259liyyat planla\u015fd\u0131rsayd\u0131, he\u00e7 vaxt orduya yeni \u00e7a\u011f\u0131r\u0131lm\u0131\u015f \u0259sg\u0259rl\u0259rl\u0259 h\u00fccuma ke\u00e7m\u0259z v\u0259 bel\u0259 a\u011f\u0131r itkil\u0259r verm\u0259zdi. Yeri g\u0259lmi\u015fk\u0259n, son g\u00fcnl\u0259r c\u0259bh\u0259 x\u0259ttind\u0259 xeyli itkil\u0259r ver\u0259n Erm\u0259nistanda da daxili v\u0259ziyy\u0259t g\u0259rginl\u0259\u015fib, S\u0259rkisyan hakimiyy\u0259tind\u0259n naraz\u0131l\u0131q daha da art\u0131b. 1 avqust h\u00fccumu zaman\u0131 xeyli sayda erm\u0259ni \u0259sg\u0259rinin \u00f6ld\u00fcy\u00fc bar\u0259d\u0259 d\u0259 m\u0259lumatlar var. Sosial-iqtisadi probleml\u0259rd\u0259n cana y\u0131\u011f\u0131lan, \u00fcst\u0259lik d\u0259 bu c\u00fcr hadis\u0259l\u0259rd\u0259n daha da q\u0259z\u0259bl\u0259n\u0259n Erm\u0259nistan c\u0259miyy\u0259ti S\u0259rkisyan hakimiyy\u0259tini par\u00e7alama\u011fa haz\u0131rd\u0131r. M\u0259lumatlara g\u00f6r\u0259, yerli erm\u0259nistanl\u0131lar\u0131n Qaraba\u011fda \u00f6lm\u0259si h\u0259r d\u0259f\u0259 lokal etirazlar do\u011furur, x\u00fcsusil\u0259 sosial \u015f\u0259b\u0259k\u0259l\u0259rd\u0259 r\u0259smi \u0130r\u0259van s\u0259rt t\u0259nqid edilir.<\/div>\n<div><\/div>\n<div>Son h\u00fccum zaman\u0131 itkil\u0259rin olmas\u0131 da erm\u0259nil\u0259ri aya\u011fa qald\u0131r\u0131b.<\/div>\n<div>Erm\u0259nil\u0259r haz\u0131rk\u0131 iqtidar\u0131n apard\u0131\u011f\u0131 siyas\u0259ti n\u0259tic\u0259sind\u0259 \u00f6lk\u0259l\u0259rinin blokada \u015f\u0259raitind\u0259 qald\u0131\u011f\u0131n\u0131 v\u0259 Az\u0259rbaycanla m\u00fcharib\u0259nin erm\u0259ni xalq\u0131na b\u00f6y\u00fck ziyan vurdu\u011funu bildiribl\u0259r.<\/div>\n<div>\u201cBiz 20 ild\u0259n \u00e7oxdur ki, blokada \u015f\u0259raitind\u0259yik, bu vaxt \u0259rzind\u0259 Erm\u0259nistan yaln\u0131z geriy\u0259 add\u0131mlay\u0131r. Qaraba\u011f\u0131 tutduq, \u0259v\u0259zind\u0259 n\u0259 oldu? Han\u0131 veril\u0259n o v\u0259dl\u0259r? Qaraba\u011f Az\u0259rbaycan\u0131n \u0259razisi olaraq qalsayd\u0131, Erm\u0259nistan \u0259halisi bu g\u00fcn bel\u0259 ac\u0131nacaql\u0131 durumda ya\u015famazd\u0131\u201d dey\u0259, erm\u0259nil\u0259r m\u0259yusluqlar\u0131n\u0131 gizl\u0259tmirl\u0259r.\u00a0<a href=\"http:\/\/www.zerdab.com\/wp-content\/uploads\/2014\/08\/M\u00fcharib\u02593.jpg\"><img loading=\"lazy\" decoding=\"async\" class=\"aligncenter size-full wp-image-16619\" alt=\"M\u00fcharib\u0259\" src=\"http:\/\/www.zerdab.com\/wp-content\/uploads\/2014\/08\/M\u00fcharib\u02593.jpg\" width=\"424\" height=\"262\" \/><\/a><\/div>\n<div>\n<div>B\u0259s Erm\u0259nistan hakimiyy\u0259ti indilikd\u0259 Rusiyan\u0131n bu oyununda i\u015ftirak ed\u0259r\u0259k \u0259sg\u0259rl\u0259rini niy\u0259 g\u00fcdaza verir? Bu sual\u0131n da cavab\u0131n\u0131 h\u0259tta Erm\u0259nistan\u0131 da i\u015f\u011fal ed\u0259n \u201cQaraba\u011f klan\u0131\u201dn\u0131n hakimiyy\u0259t h\u0259risliyind\u0259 axtarmaq laz\u0131m g\u0259lir. M\u0259lumatlara g\u00f6r\u0259, k\u0259lb\u0259c\u0259rlil\u0259rin i\u015f\u011fal olunmu\u015f ata-baba yurdlar\u0131na tez-tez ba\u015f \u00e7\u0259km\u0259l\u0259ri fakt\u0131 \u00fcz\u0259 \u00e7\u0131xd\u0131qdan sonra Erm\u0259nistanda hakimiyy\u0259t\u0259 m\u00fcnasib\u0259t daha da s\u0259rtl\u0259\u015fib. Erm\u0259ni medias\u0131na n\u0259z\u0259r sald\u0131qda da g\u00f6r\u00fcn\u00fcr ki, S\u0259rkisyan hakimiyy\u0259ti i\u015f\u011fal olunmu\u015f \u0259razil\u0259r\u0259 faktiki n\u0259zar\u0259t etm\u0259k g\u00fcc\u00fcnd\u0259 deyil. Erm\u0259nistan\u0131n n\u0259 buna ordu g\u00fcc\u00fc, n\u0259 d\u0259 mara\u011f\u0131 var. K\u0259lb\u0259c\u0259rlil\u0259rin \u00f6z do\u011fma torpaqlar\u0131na rahat g\u0259lib-getm\u0259l\u0259ri bar\u0259d\u0259 m\u0259lumatlardan sonra i\u015f\u011fal zonas\u0131nda zorla m\u0259skunla\u015fd\u0131r\u0131lanlar sanki yenid\u0259n ay\u0131l\u0131blar: \u201cErm\u0259nistan hakimiyy\u0259tind\u0259kil\u0259r yaln\u0131z \u00f6z villalar\u0131n\u0131 qoruyurlar v\u0259 bizim h\u0259yat\u0131m\u0131z t\u0259hl\u00fck\u0259d\u0259dir\u201d, &#8211; deyib dad edirl\u0259r. S\u0259rkisyan is\u0259 bu biab\u0131r\u00e7\u0131l\u0131qlar\u0131 \u00f6rt-basd\u0131r etm\u0259k \u00fc\u00e7\u00fcn indi Rusiyan\u0131n \u00e7ald\u0131\u011f\u0131 h\u0259r bir \u00a0havaya oynama\u011fa daha h\u0259v\u0259slidir. \u0130kinci bir t\u0259r\u0259fd\u0259n, Erm\u0259nistan r\u0259hb\u0259rliyi d\u0259 Kremlin aqressiyas\u0131ndan istifad\u0259 ed\u0259r\u0259k Az\u0259rbaycana m\u00fcmk\u00fcn q\u0259d\u0259r daha \u00e7ox ziyan vurma\u011fa \u00e7al\u0131\u015f\u0131r&#8230;<\/div>\n<div><\/div>\n<div>Q\u0259rb-Rusiya qar\u015f\u0131durmas\u0131 ba\u015flayandan sonra d\u00fcnya qaynar qazan kimi qaynay\u0131r. Ukrayna v\u0259 Yax\u0131n \u015e\u0259rq od i\u00e7\u0259risind\u0259dir. \u0130ndi Rusiya da Erm\u0259nistan\u0131n \u0259li il\u0259 Qaraba\u011fda m\u00fcharib\u0259 ba\u015flatmaq niyy\u0259tind\u0259 oldu\u011funu g\u00f6st\u0259rir. Az\u0259rbaycan ikinci Qaraba\u011f sava\u015f\u0131n\u0131 m\u00fctl\u0259q ba\u015flayacaq v\u0259 onu qazanacaqd\u0131r. \u00a0Amma indi d\u00fcnyan\u0131n Ukrayna bataql\u0131\u011f\u0131nda ili\u015fib qald\u0131\u011f\u0131 bir vaxtda Az\u0259rbaycan\u0131n m\u00fcharib\u0259y\u0259 c\u0259lb edilm\u0259si \u00f6lk\u0259miz \u00fc\u00e7\u00fcn a\u011f\u0131r n\u0259tic\u0259l\u0259r ver\u0259 bil\u0259r. Unutmayaq ki, Az\u0259rbaycan torpaqlar\u0131n\u0131n i\u015f\u011fal\u0131 da m\u0259hz d\u00fcnyan\u0131n ba\u015f\u0131 Balkan m\u00fcharib\u0259sin\u0259 qar\u0131\u015fd\u0131\u011f\u0131 vaxta t\u0259sad\u00fcf edirdi&#8230;<\/div>\n<div><\/div>\n<div><span style=\"color: #0000ff;\"><strong>&#8220;Yeni M\u00fcsavat&#8221;<\/strong><\/span><\/div>\n<\/div>\n<\/div>\n<\/div>\n","protected":false},"excerpt":{"rendered":"<p>\u0130yulun 31-d\u0259n avqustun 1-n\u0259 ke\u00e7\u0259n gec\u0259 c\u0259bh\u0259nin A\u011fdam v\u0259 T\u0259rt\u0259r rayonlar\u0131 istiqam\u0259tind\u0259 ba\u015f ver\u0259n qanl\u0131 d\u00f6y\u00fc\u015fl\u0259rd\u0259 Az\u0259rbaycan ordusunun 8 \u015f\u0259hid verm\u0259si (b\u0259zi m\u0259nb\u0259l\u0259rd\u0259 bu r\u0259q\u0259m 11 g\u00f6st\u0259rilir-red.) \u00f6lk\u0259nin g\u00fcnd\u0259mini d\u0259yi\u015fdi. Bir m\u00fcdd\u0259tdir ki, c\u0259bh\u0259nin x\u00fcsusil\u0259 Tovuz v\u0259 T\u0259rt\u0259r istiqam\u0259tind\u0259 lokal d\u00f6y\u00fc\u015fl\u0259r gedir v\u0259 dem\u0259k olar ki, h\u0259r g\u00fcn h\u0259r iki t\u0259r\u0259fd\u0259n itkil\u0259rl\u0259 ba\u011fl\u0131 x\u0259b\u0259rl\u0259r g\u0259lir. [&hellip;]<\/p>\n","protected":false},"author":1,"featured_media":0,"comment_status":"open","ping_status":"open","sticky":false,"template":"","format":"standard","meta":{"footnotes":""},"categories":[21],"tags":[],"class_list":{"0":"post-16616","1":"post","2":"type-post","3":"status-publish","4":"format-standard","6":"category-zrdab"},"yoast_head":"<!-- This site is optimized with the Yoast SEO plugin v27.0 - https:\/\/yoast.com\/product\/yoast-seo-wordpress\/ -->\n<title>Az\u0259rbaycan II Qaraba\u011f m\u00fcharib\u0259sin\u0259 t\u0259hrik edilir - \u015e\u018fRH - Z\u0259rdab.com<\/title>\n<meta name=\"robots\" content=\"index, follow, max-snippet:-1, max-image-preview:large, max-video-preview:-1\" \/>\n<link rel=\"canonical\" href=\"https:\/\/www.zerdab.com\/?p=16616\" \/>\n<meta property=\"og:locale\" content=\"az_AZ\" \/>\n<meta property=\"og:type\" content=\"article\" \/>\n<meta property=\"og:title\" content=\"Az\u0259rbaycan II Qaraba\u011f m\u00fcharib\u0259sin\u0259 t\u0259hrik edilir - \u015e\u018fRH - Z\u0259rdab.com\" \/>\n<meta property=\"og:description\" content=\"\u0130yulun 31-d\u0259n avqustun 1-n\u0259 ke\u00e7\u0259n gec\u0259 c\u0259bh\u0259nin A\u011fdam v\u0259 T\u0259rt\u0259r rayonlar\u0131 istiqam\u0259tind\u0259 ba\u015f ver\u0259n qanl\u0131 d\u00f6y\u00fc\u015fl\u0259rd\u0259 Az\u0259rbaycan ordusunun 8 \u015f\u0259hid verm\u0259si (b\u0259zi m\u0259nb\u0259l\u0259rd\u0259 bu r\u0259q\u0259m 11 g\u00f6st\u0259rilir-red.) \u00f6lk\u0259nin g\u00fcnd\u0259mini d\u0259yi\u015fdi. Bir m\u00fcdd\u0259tdir ki, c\u0259bh\u0259nin x\u00fcsusil\u0259 Tovuz v\u0259 T\u0259rt\u0259r istiqam\u0259tind\u0259 lokal d\u00f6y\u00fc\u015fl\u0259r gedir v\u0259 dem\u0259k olar ki, h\u0259r g\u00fcn h\u0259r iki t\u0259r\u0259fd\u0259n itkil\u0259rl\u0259 ba\u011fl\u0131 x\u0259b\u0259rl\u0259r g\u0259lir. [&hellip;]\" \/>\n<meta property=\"og:url\" content=\"https:\/\/www.zerdab.com\/?p=16616\" \/>\n<meta property=\"og:site_name\" content=\"Z\u0259rdab.com\" \/>\n<meta property=\"article:published_time\" content=\"2014-08-02T07:26:28+00:00\" \/>\n<meta name=\"author\" content=\"admin\" \/>\n<meta name=\"twitter:card\" content=\"summary_large_image\" \/>\n<meta name=\"twitter:label1\" content=\"Written by\" \/>\n\t<meta name=\"twitter:data1\" content=\"admin\" \/>\n\t<meta name=\"twitter:label2\" content=\"Est. reading time\" \/>\n\t<meta name=\"twitter:data2\" content=\"8 minutes\" \/>\n<script type=\"application\/ld+json\" class=\"yoast-schema-graph\">{\"@context\":\"https:\/\/schema.org\",\"@graph\":[{\"@type\":\"Article\",\"@id\":\"https:\/\/www.zerdab.com\/?p=16616#article\",\"isPartOf\":{\"@id\":\"https:\/\/www.zerdab.com\/?p=16616\"},\"author\":{\"name\":\"admin\",\"@id\":\"https:\/\/www.zerdab.com\/#\/schema\/person\/97079b7570c1e89ec0d9e138c3672136\"},\"headline\":\"Az\u0259rbaycan II Qaraba\u011f m\u00fcharib\u0259sin\u0259 t\u0259hrik edilir &#8211; \u015e\u018fRH\",\"datePublished\":\"2014-08-02T07:26:28+00:00\",\"mainEntityOfPage\":{\"@id\":\"https:\/\/www.zerdab.com\/?p=16616\"},\"wordCount\":1529,\"commentCount\":0,\"articleSection\":[\"C\u018fM\u0130YY\u018fT\"],\"inLanguage\":\"az\",\"potentialAction\":[{\"@type\":\"CommentAction\",\"name\":\"Comment\",\"target\":[\"https:\/\/www.zerdab.com\/?p=16616#respond\"]}]},{\"@type\":\"WebPage\",\"@id\":\"https:\/\/www.zerdab.com\/?p=16616\",\"url\":\"https:\/\/www.zerdab.com\/?p=16616\",\"name\":\"Az\u0259rbaycan II Qaraba\u011f m\u00fcharib\u0259sin\u0259 t\u0259hrik edilir - \u015e\u018fRH - Z\u0259rdab.com\",\"isPartOf\":{\"@id\":\"https:\/\/www.zerdab.com\/#website\"},\"datePublished\":\"2014-08-02T07:26:28+00:00\",\"author\":{\"@id\":\"https:\/\/www.zerdab.com\/#\/schema\/person\/97079b7570c1e89ec0d9e138c3672136\"},\"breadcrumb\":{\"@id\":\"https:\/\/www.zerdab.com\/?p=16616#breadcrumb\"},\"inLanguage\":\"az\",\"potentialAction\":[{\"@type\":\"ReadAction\",\"target\":[\"https:\/\/www.zerdab.com\/?p=16616\"]}]},{\"@type\":\"BreadcrumbList\",\"@id\":\"https:\/\/www.zerdab.com\/?p=16616#breadcrumb\",\"itemListElement\":[{\"@type\":\"ListItem\",\"position\":1,\"name\":\"Home\",\"item\":\"https:\/\/www.zerdab.com\/\"},{\"@type\":\"ListItem\",\"position\":2,\"name\":\"Az\u0259rbaycan II Qaraba\u011f m\u00fcharib\u0259sin\u0259 t\u0259hrik edilir &#8211; \u015e\u018fRH\"}]},{\"@type\":\"WebSite\",\"@id\":\"https:\/\/www.zerdab.com\/#website\",\"url\":\"https:\/\/www.zerdab.com\/\",\"name\":\"Z\u0259rdab.com\",\"description\":\"\",\"potentialAction\":[{\"@type\":\"SearchAction\",\"target\":{\"@type\":\"EntryPoint\",\"urlTemplate\":\"https:\/\/www.zerdab.com\/?s={search_term_string}\"},\"query-input\":{\"@type\":\"PropertyValueSpecification\",\"valueRequired\":true,\"valueName\":\"search_term_string\"}}],\"inLanguage\":\"az\"},{\"@type\":\"Person\",\"@id\":\"https:\/\/www.zerdab.com\/#\/schema\/person\/97079b7570c1e89ec0d9e138c3672136\",\"name\":\"admin\",\"image\":{\"@type\":\"ImageObject\",\"inLanguage\":\"az\",\"@id\":\"https:\/\/www.zerdab.com\/#\/schema\/person\/image\/\",\"url\":\"https:\/\/secure.gravatar.com\/avatar\/d9c52a9a27c32119cb6679a077fa3e2779e5f822c451cbf01098004361d466ec?s=96&d=mm&r=g\",\"contentUrl\":\"https:\/\/secure.gravatar.com\/avatar\/d9c52a9a27c32119cb6679a077fa3e2779e5f822c451cbf01098004361d466ec?s=96&d=mm&r=g\",\"caption\":\"admin\"},\"url\":\"https:\/\/www.zerdab.com\/?author=1\"}]}<\/script>\n<!-- \/ Yoast SEO plugin. -->","yoast_head_json":{"title":"Az\u0259rbaycan II Qaraba\u011f m\u00fcharib\u0259sin\u0259 t\u0259hrik edilir - \u015e\u018fRH - Z\u0259rdab.com","robots":{"index":"index","follow":"follow","max-snippet":"max-snippet:-1","max-image-preview":"max-image-preview:large","max-video-preview":"max-video-preview:-1"},"canonical":"https:\/\/www.zerdab.com\/?p=16616","og_locale":"az_AZ","og_type":"article","og_title":"Az\u0259rbaycan II Qaraba\u011f m\u00fcharib\u0259sin\u0259 t\u0259hrik edilir - \u015e\u018fRH - Z\u0259rdab.com","og_description":"\u0130yulun 31-d\u0259n avqustun 1-n\u0259 ke\u00e7\u0259n gec\u0259 c\u0259bh\u0259nin A\u011fdam v\u0259 T\u0259rt\u0259r rayonlar\u0131 istiqam\u0259tind\u0259 ba\u015f ver\u0259n qanl\u0131 d\u00f6y\u00fc\u015fl\u0259rd\u0259 Az\u0259rbaycan ordusunun 8 \u015f\u0259hid verm\u0259si (b\u0259zi m\u0259nb\u0259l\u0259rd\u0259 bu r\u0259q\u0259m 11 g\u00f6st\u0259rilir-red.) \u00f6lk\u0259nin g\u00fcnd\u0259mini d\u0259yi\u015fdi. Bir m\u00fcdd\u0259tdir ki, c\u0259bh\u0259nin x\u00fcsusil\u0259 Tovuz v\u0259 T\u0259rt\u0259r istiqam\u0259tind\u0259 lokal d\u00f6y\u00fc\u015fl\u0259r gedir v\u0259 dem\u0259k olar ki, h\u0259r g\u00fcn h\u0259r iki t\u0259r\u0259fd\u0259n itkil\u0259rl\u0259 ba\u011fl\u0131 x\u0259b\u0259rl\u0259r g\u0259lir. [&hellip;]","og_url":"https:\/\/www.zerdab.com\/?p=16616","og_site_name":"Z\u0259rdab.com","article_published_time":"2014-08-02T07:26:28+00:00","author":"admin","twitter_card":"summary_large_image","twitter_misc":{"Written by":"admin","Est. reading time":"8 minutes"},"schema":{"@context":"https:\/\/schema.org","@graph":[{"@type":"Article","@id":"https:\/\/www.zerdab.com\/?p=16616#article","isPartOf":{"@id":"https:\/\/www.zerdab.com\/?p=16616"},"author":{"name":"admin","@id":"https:\/\/www.zerdab.com\/#\/schema\/person\/97079b7570c1e89ec0d9e138c3672136"},"headline":"Az\u0259rbaycan II Qaraba\u011f m\u00fcharib\u0259sin\u0259 t\u0259hrik edilir &#8211; \u015e\u018fRH","datePublished":"2014-08-02T07:26:28+00:00","mainEntityOfPage":{"@id":"https:\/\/www.zerdab.com\/?p=16616"},"wordCount":1529,"commentCount":0,"articleSection":["C\u018fM\u0130YY\u018fT"],"inLanguage":"az","potentialAction":[{"@type":"CommentAction","name":"Comment","target":["https:\/\/www.zerdab.com\/?p=16616#respond"]}]},{"@type":"WebPage","@id":"https:\/\/www.zerdab.com\/?p=16616","url":"https:\/\/www.zerdab.com\/?p=16616","name":"Az\u0259rbaycan II Qaraba\u011f m\u00fcharib\u0259sin\u0259 t\u0259hrik edilir - \u015e\u018fRH - Z\u0259rdab.com","isPartOf":{"@id":"https:\/\/www.zerdab.com\/#website"},"datePublished":"2014-08-02T07:26:28+00:00","author":{"@id":"https:\/\/www.zerdab.com\/#\/schema\/person\/97079b7570c1e89ec0d9e138c3672136"},"breadcrumb":{"@id":"https:\/\/www.zerdab.com\/?p=16616#breadcrumb"},"inLanguage":"az","potentialAction":[{"@type":"ReadAction","target":["https:\/\/www.zerdab.com\/?p=16616"]}]},{"@type":"BreadcrumbList","@id":"https:\/\/www.zerdab.com\/?p=16616#breadcrumb","itemListElement":[{"@type":"ListItem","position":1,"name":"Home","item":"https:\/\/www.zerdab.com\/"},{"@type":"ListItem","position":2,"name":"Az\u0259rbaycan II Qaraba\u011f m\u00fcharib\u0259sin\u0259 t\u0259hrik edilir &#8211; \u015e\u018fRH"}]},{"@type":"WebSite","@id":"https:\/\/www.zerdab.com\/#website","url":"https:\/\/www.zerdab.com\/","name":"Z\u0259rdab.com","description":"","potentialAction":[{"@type":"SearchAction","target":{"@type":"EntryPoint","urlTemplate":"https:\/\/www.zerdab.com\/?s={search_term_string}"},"query-input":{"@type":"PropertyValueSpecification","valueRequired":true,"valueName":"search_term_string"}}],"inLanguage":"az"},{"@type":"Person","@id":"https:\/\/www.zerdab.com\/#\/schema\/person\/97079b7570c1e89ec0d9e138c3672136","name":"admin","image":{"@type":"ImageObject","inLanguage":"az","@id":"https:\/\/www.zerdab.com\/#\/schema\/person\/image\/","url":"https:\/\/secure.gravatar.com\/avatar\/d9c52a9a27c32119cb6679a077fa3e2779e5f822c451cbf01098004361d466ec?s=96&d=mm&r=g","contentUrl":"https:\/\/secure.gravatar.com\/avatar\/d9c52a9a27c32119cb6679a077fa3e2779e5f822c451cbf01098004361d466ec?s=96&d=mm&r=g","caption":"admin"},"url":"https:\/\/www.zerdab.com\/?author=1"}]}},"_links":{"self":[{"href":"https:\/\/www.zerdab.com\/index.php?rest_route=\/wp\/v2\/posts\/16616","targetHints":{"allow":["GET"]}}],"collection":[{"href":"https:\/\/www.zerdab.com\/index.php?rest_route=\/wp\/v2\/posts"}],"about":[{"href":"https:\/\/www.zerdab.com\/index.php?rest_route=\/wp\/v2\/types\/post"}],"author":[{"embeddable":true,"href":"https:\/\/www.zerdab.com\/index.php?rest_route=\/wp\/v2\/users\/1"}],"replies":[{"embeddable":true,"href":"https:\/\/www.zerdab.com\/index.php?rest_route=%2Fwp%2Fv2%2Fcomments&post=16616"}],"version-history":[{"count":1,"href":"https:\/\/www.zerdab.com\/index.php?rest_route=\/wp\/v2\/posts\/16616\/revisions"}],"predecessor-version":[{"id":16621,"href":"https:\/\/www.zerdab.com\/index.php?rest_route=\/wp\/v2\/posts\/16616\/revisions\/16621"}],"wp:attachment":[{"href":"https:\/\/www.zerdab.com\/index.php?rest_route=%2Fwp%2Fv2%2Fmedia&parent=16616"}],"wp:term":[{"taxonomy":"category","embeddable":true,"href":"https:\/\/www.zerdab.com\/index.php?rest_route=%2Fwp%2Fv2%2Fcategories&post=16616"},{"taxonomy":"post_tag","embeddable":true,"href":"https:\/\/www.zerdab.com\/index.php?rest_route=%2Fwp%2Fv2%2Ftags&post=16616"}],"curies":[{"name":"wp","href":"https:\/\/api.w.org\/{rel}","templated":true}]}}