{"id":16680,"date":"2014-08-09T14:09:29","date_gmt":"2014-08-09T09:09:29","guid":{"rendered":"http:\/\/www.zerdab.com\/?p=16680"},"modified":"2014-08-09T14:13:46","modified_gmt":"2014-08-09T09:13:46","slug":"z%c9%99rdabin-bir-k%c9%99ndi-yasdadir-eyni-gund%c9%99-iki-meyit-g%c9%99tirildi","status":"publish","type":"post","link":"https:\/\/www.zerdab.com\/?p=16680","title":{"rendered":"Z\u0259rdab\u0131n bir k\u0259ndi yasdad\u0131r: eyni g\u00fcnd\u0259 iki meyit g\u0259tirildi"},"content":{"rendered":"<figure id=\"attachment_16684\" aria-describedby=\"caption-attachment-16684\" style=\"width: 550px\" class=\"wp-caption aligncenter\"><a href=\"http:\/\/www.zerdab.com\/wp-content\/uploads\/2014\/08\/per2.jpg\"><img loading=\"lazy\" decoding=\"async\" class=\"size-large wp-image-16684\" alt=\"Faiq \u018fl\u00f6vs\u0259tli\" src=\"http:\/\/www.zerdab.com\/wp-content\/uploads\/2014\/08\/per2-550x412.jpg\" width=\"550\" height=\"412\" \/><\/a><figcaption id=\"caption-attachment-16684\" class=\"wp-caption-text\"><span style=\"color: #0000ff;\"><strong>Faiq \u018fl\u00f6vs\u0259tli<\/strong><\/span><\/figcaption><\/figure>\n<p><span style=\"line-height: 1.5em;\">Z\u0259rdab rayonunun P\u0259rvanl\u0131 k\u0259ndi yasdad\u0131r. Zerdab.com sayt\u0131n\u0131n x\u0259b\u0259rin\u0259 g\u00f6r\u0259,\u00a0bu k\u0259nd haz\u0131rda iki g\u0259ncin yas\u0131n\u0131 saxlay\u0131r. Bunlardan biri &#8211; k\u0259nd sakini Asim \u018fh\u0259dovun Rusiyada q\u0259tl\u0259 yetirilm\u0259si bar\u0259d\u0259 x\u0259b\u0259r vermi\u015fdik. Bildirmi\u015fdik ki, Rusiyan\u0131n Voloq \u015f\u0259h\u0259rind\u0259 \u00fcr\u0259k nahiy\u0259sind\u0259n b\u0131\u00e7aqlanan Asim \u018fh\u0259dov x\u0259st\u0259xanaya yerl\u0259\u015fdirils\u0259 d\u0259, bir ne\u00e7\u0259 saat sonra d\u00fcnyas\u0131n\u0131 d\u0259yi\u015fib. Onun \u0259misi o\u011flu &#8211; eyni hadis\u0259d\u0259 b\u0131\u00e7aqlanan \u015e\u00fck\u00fcr \u018fh\u0259dov is\u0259 haz\u0131rda x\u0259st\u0259xanadad\u0131r v\u0259 v\u0259ziyy\u0259ti a\u011f\u0131rd\u0131r.<\/span><\/p>\n<p>Asim \u018fh\u0259dovun c\u0259s\u0259di do\u011fuldu\u011fu P\u0259rvanl\u0131ya g\u0259tirilib v\u0259 k\u0259nd q\u0259biristanl\u0131\u011f\u0131nda d\u0259fn olunub. M\u0259rhumun 1 q\u0131z \u00f6vlad\u0131 var idi.<\/p>\n<p>Eyni g\u00fcnd\u0259 P\u0259rvanl\u0131 k\u0259ndin\u0259 daha bir g\u0259ncin meyiti g\u0259tirilib. Bu d\u0259f\u0259 is\u0259 T\u00fcrkiy\u0259d\u0259n. Bel\u0259 ki, bu k\u0259ndd\u0259n olan v\u0259 haz\u0131rda Rusiyada ya\u015fayan tan\u0131nm\u0131\u015f i\u015f adam\u0131 M\u00fcst\u0259c\u0259b \u018fl\u00f6vs\u0259tlinin o\u011flu Faiq \u018fl\u00f6vs\u0259tli uzun m\u00fcdd\u0259t idi ki, a\u011f\u0131r x\u0259st\u0259likd\u0259n \u0259ziyy\u0259t \u00e7\u0259kirdi. M\u00fcalic\u0259si Az\u0259rbaycanda m\u00fcmk\u00fcn olmad\u0131\u011f\u0131ndan onu\u00a0T\u00fcrkiy\u0259d\u0259 G\u00fclhan\u0259 Tibb Akademiyas\u0131na aparm\u0131\u015fd\u0131lar. Amma h\u0259kiml\u0259rin s\u0259yin\u0259 baxmayaraq, onun h\u0259yat\u0131n\u0131 xilas etm\u0259k m\u00fcmk\u00fcn olmay\u0131b.<\/p>\n<p>Onun da c\u0259s\u0259di P\u0259rvanl\u0131ya g\u0259tirilib v\u0259 k\u0259nd q\u0259biristanl\u0131\u011f\u0131nda d\u0259fn olunub. H\u0259r iki g\u0259ncin ail\u0259sin\u0259 ba\u015fsa\u011fl\u0131\u011f\u0131 verir, s\u0259bir dil\u0259yir, Allah r\u0259hm\u0259t el\u0259sin deyirik.<\/p>\n<p>Zerdab.com<a href=\"http:\/\/www.zerdab.com\/wp-content\/uploads\/2014\/08\/per1.jpg\"><img loading=\"lazy\" decoding=\"async\" class=\"aligncenter size-large wp-image-16683\" alt=\"Faiq \u018fl\u00f6vs\u0259tli\" src=\"http:\/\/www.zerdab.com\/wp-content\/uploads\/2014\/08\/per1-412x550.jpg\" width=\"412\" height=\"550\" \/><\/a><a href=\"http:\/\/www.zerdab.com\/wp-content\/uploads\/2014\/08\/per.jpg\"><img loading=\"lazy\" decoding=\"async\" class=\"aligncenter size-large wp-image-16682\" alt=\"Faiq \u018fl\u00f6vs\u0259tli\" src=\"http:\/\/www.zerdab.com\/wp-content\/uploads\/2014\/08\/per-550x412.jpg\" width=\"550\" height=\"412\" \/><\/a><a href=\"http:\/\/www.zerdab.com\/wp-content\/uploads\/2014\/08\/Asim-\u018fh\u0259dov.jpg\"><img loading=\"lazy\" decoding=\"async\" class=\"aligncenter size-full wp-image-16685\" alt=\"Asim \u018fh\u0259dov\" src=\"http:\/\/www.zerdab.com\/wp-content\/uploads\/2014\/08\/Asim-\u018fh\u0259dov.jpg\" width=\"550\" height=\"412\" \/><\/a><\/p>\n","protected":false},"excerpt":{"rendered":"<p>Z\u0259rdab rayonunun P\u0259rvanl\u0131 k\u0259ndi yasdad\u0131r. Zerdab.com sayt\u0131n\u0131n x\u0259b\u0259rin\u0259 g\u00f6r\u0259,\u00a0bu k\u0259nd haz\u0131rda iki g\u0259ncin yas\u0131n\u0131 saxlay\u0131r. Bunlardan biri &#8211; k\u0259nd sakini Asim \u018fh\u0259dovun Rusiyada q\u0259tl\u0259 yetirilm\u0259si bar\u0259d\u0259 x\u0259b\u0259r vermi\u015fdik. Bildirmi\u015fdik ki, Rusiyan\u0131n Voloq \u015f\u0259h\u0259rind\u0259 \u00fcr\u0259k nahiy\u0259sind\u0259n b\u0131\u00e7aqlanan Asim \u018fh\u0259dov x\u0259st\u0259xanaya yerl\u0259\u015fdirils\u0259 d\u0259, bir ne\u00e7\u0259 saat sonra d\u00fcnyas\u0131n\u0131 d\u0259yi\u015fib. Onun \u0259misi o\u011flu &#8211; eyni hadis\u0259d\u0259 b\u0131\u00e7aqlanan \u015e\u00fck\u00fcr [&hellip;]<\/p>\n","protected":false},"author":1,"featured_media":0,"comment_status":"open","ping_status":"open","sticky":false,"template":"","format":"standard","meta":{"footnotes":""},"categories":[46],"tags":[],"class_list":{"0":"post-16680","1":"post","2":"type-post","3":"status-publish","4":"format-standard","6":"category-hadis"},"yoast_head":"<!-- This site is optimized with the Yoast SEO plugin v27.0 - https:\/\/yoast.com\/product\/yoast-seo-wordpress\/ -->\n<title>Z\u0259rdab\u0131n bir k\u0259ndi yasdad\u0131r: eyni g\u00fcnd\u0259 iki meyit g\u0259tirildi   - Z\u0259rdab.com<\/title>\n<meta name=\"robots\" content=\"index, follow, max-snippet:-1, max-image-preview:large, max-video-preview:-1\" \/>\n<link rel=\"canonical\" href=\"https:\/\/www.zerdab.com\/?p=16680\" \/>\n<meta property=\"og:locale\" content=\"az_AZ\" \/>\n<meta property=\"og:type\" content=\"article\" \/>\n<meta property=\"og:title\" content=\"Z\u0259rdab\u0131n bir k\u0259ndi yasdad\u0131r: eyni g\u00fcnd\u0259 iki meyit g\u0259tirildi   - Z\u0259rdab.com\" \/>\n<meta property=\"og:description\" content=\"Z\u0259rdab rayonunun P\u0259rvanl\u0131 k\u0259ndi yasdad\u0131r. Zerdab.com sayt\u0131n\u0131n x\u0259b\u0259rin\u0259 g\u00f6r\u0259,\u00a0bu k\u0259nd haz\u0131rda iki g\u0259ncin yas\u0131n\u0131 saxlay\u0131r. Bunlardan biri &#8211; k\u0259nd sakini Asim \u018fh\u0259dovun Rusiyada q\u0259tl\u0259 yetirilm\u0259si bar\u0259d\u0259 x\u0259b\u0259r vermi\u015fdik. Bildirmi\u015fdik ki, Rusiyan\u0131n Voloq \u015f\u0259h\u0259rind\u0259 \u00fcr\u0259k nahiy\u0259sind\u0259n b\u0131\u00e7aqlanan Asim \u018fh\u0259dov x\u0259st\u0259xanaya yerl\u0259\u015fdirils\u0259 d\u0259, bir ne\u00e7\u0259 saat sonra d\u00fcnyas\u0131n\u0131 d\u0259yi\u015fib. Onun \u0259misi o\u011flu &#8211; eyni hadis\u0259d\u0259 b\u0131\u00e7aqlanan \u015e\u00fck\u00fcr [&hellip;]\" \/>\n<meta property=\"og:url\" content=\"https:\/\/www.zerdab.com\/?p=16680\" \/>\n<meta property=\"og:site_name\" content=\"Z\u0259rdab.com\" \/>\n<meta property=\"article:published_time\" content=\"2014-08-09T09:09:29+00:00\" \/>\n<meta property=\"article:modified_time\" content=\"2014-08-09T09:13:46+00:00\" \/>\n<meta property=\"og:image\" content=\"http:\/\/www.zerdab.com\/wp-content\/uploads\/2014\/08\/per2-550x412.jpg\" \/>\n<meta name=\"author\" content=\"admin\" \/>\n<meta name=\"twitter:card\" content=\"summary_large_image\" \/>\n<meta name=\"twitter:label1\" content=\"Written by\" \/>\n\t<meta name=\"twitter:data1\" content=\"admin\" \/>\n\t<meta name=\"twitter:label2\" content=\"Est. reading time\" \/>\n\t<meta name=\"twitter:data2\" content=\"2 minutes\" \/>\n<script type=\"application\/ld+json\" class=\"yoast-schema-graph\">{\"@context\":\"https:\/\/schema.org\",\"@graph\":[{\"@type\":\"Article\",\"@id\":\"https:\/\/www.zerdab.com\/?p=16680#article\",\"isPartOf\":{\"@id\":\"https:\/\/www.zerdab.com\/?p=16680\"},\"author\":{\"name\":\"admin\",\"@id\":\"https:\/\/www.zerdab.com\/#\/schema\/person\/97079b7570c1e89ec0d9e138c3672136\"},\"headline\":\"Z\u0259rdab\u0131n bir k\u0259ndi yasdad\u0131r: eyni g\u00fcnd\u0259 iki meyit g\u0259tirildi\",\"datePublished\":\"2014-08-09T09:09:29+00:00\",\"dateModified\":\"2014-08-09T09:13:46+00:00\",\"mainEntityOfPage\":{\"@id\":\"https:\/\/www.zerdab.com\/?p=16680\"},\"wordCount\":321,\"commentCount\":7,\"image\":{\"@id\":\"https:\/\/www.zerdab.com\/?p=16680#primaryimage\"},\"thumbnailUrl\":\"http:\/\/www.zerdab.com\/wp-content\/uploads\/2014\/08\/per2-550x412.jpg\",\"articleSection\":[\"HAD\u0130S\u018f\"],\"inLanguage\":\"az\",\"potentialAction\":[{\"@type\":\"CommentAction\",\"name\":\"Comment\",\"target\":[\"https:\/\/www.zerdab.com\/?p=16680#respond\"]}]},{\"@type\":\"WebPage\",\"@id\":\"https:\/\/www.zerdab.com\/?p=16680\",\"url\":\"https:\/\/www.zerdab.com\/?p=16680\",\"name\":\"Z\u0259rdab\u0131n bir k\u0259ndi yasdad\u0131r: eyni g\u00fcnd\u0259 iki meyit g\u0259tirildi - Z\u0259rdab.com\",\"isPartOf\":{\"@id\":\"https:\/\/www.zerdab.com\/#website\"},\"primaryImageOfPage\":{\"@id\":\"https:\/\/www.zerdab.com\/?p=16680#primaryimage\"},\"image\":{\"@id\":\"https:\/\/www.zerdab.com\/?p=16680#primaryimage\"},\"thumbnailUrl\":\"http:\/\/www.zerdab.com\/wp-content\/uploads\/2014\/08\/per2-550x412.jpg\",\"datePublished\":\"2014-08-09T09:09:29+00:00\",\"dateModified\":\"2014-08-09T09:13:46+00:00\",\"author\":{\"@id\":\"https:\/\/www.zerdab.com\/#\/schema\/person\/97079b7570c1e89ec0d9e138c3672136\"},\"breadcrumb\":{\"@id\":\"https:\/\/www.zerdab.com\/?p=16680#breadcrumb\"},\"inLanguage\":\"az\",\"potentialAction\":[{\"@type\":\"ReadAction\",\"target\":[\"https:\/\/www.zerdab.com\/?p=16680\"]}]},{\"@type\":\"ImageObject\",\"inLanguage\":\"az\",\"@id\":\"https:\/\/www.zerdab.com\/?p=16680#primaryimage\",\"url\":\"\",\"contentUrl\":\"\"},{\"@type\":\"BreadcrumbList\",\"@id\":\"https:\/\/www.zerdab.com\/?p=16680#breadcrumb\",\"itemListElement\":[{\"@type\":\"ListItem\",\"position\":1,\"name\":\"Home\",\"item\":\"https:\/\/www.zerdab.com\/\"},{\"@type\":\"ListItem\",\"position\":2,\"name\":\"Z\u0259rdab\u0131n bir k\u0259ndi yasdad\u0131r: eyni g\u00fcnd\u0259 iki meyit g\u0259tirildi\"}]},{\"@type\":\"WebSite\",\"@id\":\"https:\/\/www.zerdab.com\/#website\",\"url\":\"https:\/\/www.zerdab.com\/\",\"name\":\"Z\u0259rdab.com\",\"description\":\"\",\"potentialAction\":[{\"@type\":\"SearchAction\",\"target\":{\"@type\":\"EntryPoint\",\"urlTemplate\":\"https:\/\/www.zerdab.com\/?s={search_term_string}\"},\"query-input\":{\"@type\":\"PropertyValueSpecification\",\"valueRequired\":true,\"valueName\":\"search_term_string\"}}],\"inLanguage\":\"az\"},{\"@type\":\"Person\",\"@id\":\"https:\/\/www.zerdab.com\/#\/schema\/person\/97079b7570c1e89ec0d9e138c3672136\",\"name\":\"admin\",\"image\":{\"@type\":\"ImageObject\",\"inLanguage\":\"az\",\"@id\":\"https:\/\/www.zerdab.com\/#\/schema\/person\/image\/\",\"url\":\"https:\/\/secure.gravatar.com\/avatar\/d9c52a9a27c32119cb6679a077fa3e2779e5f822c451cbf01098004361d466ec?s=96&d=mm&r=g\",\"contentUrl\":\"https:\/\/secure.gravatar.com\/avatar\/d9c52a9a27c32119cb6679a077fa3e2779e5f822c451cbf01098004361d466ec?s=96&d=mm&r=g\",\"caption\":\"admin\"},\"url\":\"https:\/\/www.zerdab.com\/?author=1\"}]}<\/script>\n<!-- \/ Yoast SEO plugin. -->","yoast_head_json":{"title":"Z\u0259rdab\u0131n bir k\u0259ndi yasdad\u0131r: eyni g\u00fcnd\u0259 iki meyit g\u0259tirildi   - Z\u0259rdab.com","robots":{"index":"index","follow":"follow","max-snippet":"max-snippet:-1","max-image-preview":"max-image-preview:large","max-video-preview":"max-video-preview:-1"},"canonical":"https:\/\/www.zerdab.com\/?p=16680","og_locale":"az_AZ","og_type":"article","og_title":"Z\u0259rdab\u0131n bir k\u0259ndi yasdad\u0131r: eyni g\u00fcnd\u0259 iki meyit g\u0259tirildi   - Z\u0259rdab.com","og_description":"Z\u0259rdab rayonunun P\u0259rvanl\u0131 k\u0259ndi yasdad\u0131r. Zerdab.com sayt\u0131n\u0131n x\u0259b\u0259rin\u0259 g\u00f6r\u0259,\u00a0bu k\u0259nd haz\u0131rda iki g\u0259ncin yas\u0131n\u0131 saxlay\u0131r. Bunlardan biri &#8211; k\u0259nd sakini Asim \u018fh\u0259dovun Rusiyada q\u0259tl\u0259 yetirilm\u0259si bar\u0259d\u0259 x\u0259b\u0259r vermi\u015fdik. Bildirmi\u015fdik ki, Rusiyan\u0131n Voloq \u015f\u0259h\u0259rind\u0259 \u00fcr\u0259k nahiy\u0259sind\u0259n b\u0131\u00e7aqlanan Asim \u018fh\u0259dov x\u0259st\u0259xanaya yerl\u0259\u015fdirils\u0259 d\u0259, bir ne\u00e7\u0259 saat sonra d\u00fcnyas\u0131n\u0131 d\u0259yi\u015fib. Onun \u0259misi o\u011flu &#8211; eyni hadis\u0259d\u0259 b\u0131\u00e7aqlanan \u015e\u00fck\u00fcr [&hellip;]","og_url":"https:\/\/www.zerdab.com\/?p=16680","og_site_name":"Z\u0259rdab.com","article_published_time":"2014-08-09T09:09:29+00:00","article_modified_time":"2014-08-09T09:13:46+00:00","og_image":[{"url":"http:\/\/www.zerdab.com\/wp-content\/uploads\/2014\/08\/per2-550x412.jpg","type":"","width":"","height":""}],"author":"admin","twitter_card":"summary_large_image","twitter_misc":{"Written by":"admin","Est. reading time":"2 minutes"},"schema":{"@context":"https:\/\/schema.org","@graph":[{"@type":"Article","@id":"https:\/\/www.zerdab.com\/?p=16680#article","isPartOf":{"@id":"https:\/\/www.zerdab.com\/?p=16680"},"author":{"name":"admin","@id":"https:\/\/www.zerdab.com\/#\/schema\/person\/97079b7570c1e89ec0d9e138c3672136"},"headline":"Z\u0259rdab\u0131n bir k\u0259ndi yasdad\u0131r: eyni g\u00fcnd\u0259 iki meyit g\u0259tirildi","datePublished":"2014-08-09T09:09:29+00:00","dateModified":"2014-08-09T09:13:46+00:00","mainEntityOfPage":{"@id":"https:\/\/www.zerdab.com\/?p=16680"},"wordCount":321,"commentCount":7,"image":{"@id":"https:\/\/www.zerdab.com\/?p=16680#primaryimage"},"thumbnailUrl":"http:\/\/www.zerdab.com\/wp-content\/uploads\/2014\/08\/per2-550x412.jpg","articleSection":["HAD\u0130S\u018f"],"inLanguage":"az","potentialAction":[{"@type":"CommentAction","name":"Comment","target":["https:\/\/www.zerdab.com\/?p=16680#respond"]}]},{"@type":"WebPage","@id":"https:\/\/www.zerdab.com\/?p=16680","url":"https:\/\/www.zerdab.com\/?p=16680","name":"Z\u0259rdab\u0131n bir k\u0259ndi yasdad\u0131r: eyni g\u00fcnd\u0259 iki meyit g\u0259tirildi - Z\u0259rdab.com","isPartOf":{"@id":"https:\/\/www.zerdab.com\/#website"},"primaryImageOfPage":{"@id":"https:\/\/www.zerdab.com\/?p=16680#primaryimage"},"image":{"@id":"https:\/\/www.zerdab.com\/?p=16680#primaryimage"},"thumbnailUrl":"http:\/\/www.zerdab.com\/wp-content\/uploads\/2014\/08\/per2-550x412.jpg","datePublished":"2014-08-09T09:09:29+00:00","dateModified":"2014-08-09T09:13:46+00:00","author":{"@id":"https:\/\/www.zerdab.com\/#\/schema\/person\/97079b7570c1e89ec0d9e138c3672136"},"breadcrumb":{"@id":"https:\/\/www.zerdab.com\/?p=16680#breadcrumb"},"inLanguage":"az","potentialAction":[{"@type":"ReadAction","target":["https:\/\/www.zerdab.com\/?p=16680"]}]},{"@type":"ImageObject","inLanguage":"az","@id":"https:\/\/www.zerdab.com\/?p=16680#primaryimage","url":"","contentUrl":""},{"@type":"BreadcrumbList","@id":"https:\/\/www.zerdab.com\/?p=16680#breadcrumb","itemListElement":[{"@type":"ListItem","position":1,"name":"Home","item":"https:\/\/www.zerdab.com\/"},{"@type":"ListItem","position":2,"name":"Z\u0259rdab\u0131n bir k\u0259ndi yasdad\u0131r: eyni g\u00fcnd\u0259 iki meyit g\u0259tirildi"}]},{"@type":"WebSite","@id":"https:\/\/www.zerdab.com\/#website","url":"https:\/\/www.zerdab.com\/","name":"Z\u0259rdab.com","description":"","potentialAction":[{"@type":"SearchAction","target":{"@type":"EntryPoint","urlTemplate":"https:\/\/www.zerdab.com\/?s={search_term_string}"},"query-input":{"@type":"PropertyValueSpecification","valueRequired":true,"valueName":"search_term_string"}}],"inLanguage":"az"},{"@type":"Person","@id":"https:\/\/www.zerdab.com\/#\/schema\/person\/97079b7570c1e89ec0d9e138c3672136","name":"admin","image":{"@type":"ImageObject","inLanguage":"az","@id":"https:\/\/www.zerdab.com\/#\/schema\/person\/image\/","url":"https:\/\/secure.gravatar.com\/avatar\/d9c52a9a27c32119cb6679a077fa3e2779e5f822c451cbf01098004361d466ec?s=96&d=mm&r=g","contentUrl":"https:\/\/secure.gravatar.com\/avatar\/d9c52a9a27c32119cb6679a077fa3e2779e5f822c451cbf01098004361d466ec?s=96&d=mm&r=g","caption":"admin"},"url":"https:\/\/www.zerdab.com\/?author=1"}]}},"_links":{"self":[{"href":"https:\/\/www.zerdab.com\/index.php?rest_route=\/wp\/v2\/posts\/16680","targetHints":{"allow":["GET"]}}],"collection":[{"href":"https:\/\/www.zerdab.com\/index.php?rest_route=\/wp\/v2\/posts"}],"about":[{"href":"https:\/\/www.zerdab.com\/index.php?rest_route=\/wp\/v2\/types\/post"}],"author":[{"embeddable":true,"href":"https:\/\/www.zerdab.com\/index.php?rest_route=\/wp\/v2\/users\/1"}],"replies":[{"embeddable":true,"href":"https:\/\/www.zerdab.com\/index.php?rest_route=%2Fwp%2Fv2%2Fcomments&post=16680"}],"version-history":[{"count":4,"href":"https:\/\/www.zerdab.com\/index.php?rest_route=\/wp\/v2\/posts\/16680\/revisions"}],"predecessor-version":[{"id":16689,"href":"https:\/\/www.zerdab.com\/index.php?rest_route=\/wp\/v2\/posts\/16680\/revisions\/16689"}],"wp:attachment":[{"href":"https:\/\/www.zerdab.com\/index.php?rest_route=%2Fwp%2Fv2%2Fmedia&parent=16680"}],"wp:term":[{"taxonomy":"category","embeddable":true,"href":"https:\/\/www.zerdab.com\/index.php?rest_route=%2Fwp%2Fv2%2Fcategories&post=16680"},{"taxonomy":"post_tag","embeddable":true,"href":"https:\/\/www.zerdab.com\/index.php?rest_route=%2Fwp%2Fv2%2Ftags&post=16680"}],"curies":[{"name":"wp","href":"https:\/\/api.w.org\/{rel}","templated":true}]}}