{"id":16755,"date":"2014-08-19T18:06:20","date_gmt":"2014-08-19T13:06:20","guid":{"rendered":"http:\/\/www.zerdab.com\/?p=16755"},"modified":"2014-08-19T18:21:53","modified_gmt":"2014-08-19T13:21:53","slug":"z%c9%99rdab-rayonunun-bir-qrup-%c9%99laci-sagirdi-ekskursiyaya-yola-dusdu","status":"publish","type":"post","link":"https:\/\/www.zerdab.com\/?p=16755","title":{"rendered":"Z\u0259rdab rayonunun bir qrup \u0259la\u00e7\u0131 \u015fagirdi ekskursiyaya yola d\u00fc\u015fd\u00fc"},"content":{"rendered":"<p><span style=\"line-height: 1.5em;\"><a href=\"http:\/\/www.zerdab.com\/wp-content\/uploads\/2014\/08\/Z\u0259rdab-rayonu11.jpg\"><img loading=\"lazy\" decoding=\"async\" class=\"aligncenter size-large wp-image-16758\" alt=\"Z\u0259rdab rayonu\" src=\"http:\/\/www.zerdab.com\/wp-content\/uploads\/2014\/08\/Z\u0259rdab-rayonu11-550x365.jpg\" width=\"550\" height=\"365\" \/><\/a>Az\u0259rbaycan Respublikas\u0131 Prezidenti Administrasiyas\u0131n\u0131n t\u00f6vsiy\u0259sin\u0259 uy\u011fun olaraq Respublikam\u0131z\u0131n \u015f\u0259h\u0259r v\u0259 rayonlar\u0131n\u0131n \u0259la\u00e7\u0131 \u015fagirdl\u0259rinin \u201c\u00d6lk\u0259mizi tan\u0131yaq\u201d devizi alt\u0131nda \u00f6lk\u0259mizin g\u00f6rm\u0259li v\u0259 tarixi yerl\u0259rin\u0259 ekskursiyalar\u0131 t\u0259\u015fkil edilir.\u00a0<\/span><span style=\"line-height: 1.5em;\">H\u0259min t\u0259dbirl\u0259r \u00e7\u0259r\u00e7iv\u0259sind\u0259 19.08.2014-c\u00fc il tarixd\u0259 Z\u0259rdab rayonunun \u00fcmumt\u0259hsil m\u0259kt\u0259bl\u0259rinin 40 n\u0259f\u0259r \u0259la\u00e7\u0131 v\u0259 n\u00fcmun\u0259vi \u015fagirdl\u0259ri onlar\u0131 m\u00fc\u015fayi\u0259t ed\u0259n 4 n\u0259f\u0259r (iki m\u00fc\u0259llim, bir h\u0259kim, bir b\u0259l\u0259d\u00e7i) Heyd\u0259r \u018fliyev M\u0259rk\u0259zinin qar\u015f\u0131s\u0131ndan yola sal\u0131nm\u0131\u015fd\u0131r. Ekskursiyaya ged\u0259n m\u0259kt\u0259blil\u0259rin yola sal\u0131nma m\u0259rasimi t\u0259nt\u0259n\u0259li sur\u0259td\u0259 t\u0259\u015fkil edilmi\u015f, m\u0259rasimd\u0259 rayon r\u0259hb\u0259rliyi, t\u0259\u015fkilat r\u0259hb\u0259rl\u0259ri, m\u0259kt\u0259b direktorlar\u0131, valideynl\u0259r v\u0259 ictimaiyy\u0259t n\u00fcmay\u0259nd\u0259l\u0259ri i\u015ftirak etmi\u015fdir.\u00a0<\/span><\/p>\n<p>Yolasalma m\u0259rasimind\u0259 Rayon \u0130cra Hakimiyy\u0259tinin ba\u015f\u00e7\u0131s\u0131 L\u00fctv\u0259li Babayev \u00e7\u0131x\u0131\u015f ed\u0259r\u0259k t\u0259dbir i\u015ftirak\u00e7\u0131lar\u0131n\u0131 salamlam\u0131\u015f, son ill\u0259rd\u0259 Respublikam\u0131zda v\u0259 rayonumuzda apar\u0131lan quruculuq abadl\u0131q i\u015fl\u0259rind\u0259n, t\u0259hsilin inki\u015faf\u0131na g\u00f6st\u0259ril\u0259n d\u00f6vl\u0259t qay\u011f\u0131s\u0131ndan \u0259trafl\u0131 dan\u0131\u015fm\u0131\u015f, c\u0259nab Prezidentimiz \u0130lham \u018fliyevin u\u015faq v\u0259 g\u0259ncl\u0259rin asud\u0259 vaxtlar\u0131n\u0131n s\u0259m\u0259r\u0259li t\u0259\u015fkilin\u0259 g\u00f6st\u0259rdiyi bu b\u00f6y\u00fck diqq\u0259t v\u0259 qay\u011f\u0131ya g\u00f6r\u0259 rayon ictimaiyy\u0259ti ad\u0131ndan \u00f6lk\u0259 ba\u015f\u00e7\u0131s\u0131na \u00f6z minn\u0259tdarl\u0131\u011f\u0131n\u0131 bildirmi\u015fdir.<br \/>\nT\u0259dbird\u0259 \u00e7\u0131x\u0131\u015f ed\u0259n m\u00fc\u0259lliml\u0259r, valideynl\u0259r, m\u0259kt\u0259blil\u0259r d\u0259 \u00f6lk\u0259 ba\u015f\u00e7\u0131s\u0131n\u0131n v\u0259 Az\u0259rbaycan\u0131n birinci xan\u0131m\u0131, mill\u0259t v\u0259kili, Heyd\u0259r \u018fliyev Fondunun Prezidenti Mehriban xan\u0131m \u018fliyevan\u0131n onlara g\u00f6st\u0259ril\u0259n diqq\u0259t v\u0259 qay\u011f\u0131s\u0131ndan m\u0259mnun olduqlar\u0131n\u0131 bildirm\u0259kl\u0259 bel\u0259 t\u0259dbirl\u0259rin m\u0259kt\u0259blil\u0259rin d\u00fcnya g\u00f6r\u00fc\u015f\u00fcn\u00fcn formala\u015fmas\u0131nda b\u00f6y\u00fck rol oynayaca\u011f\u0131n\u0131 qeyd etmi\u015fl\u0259r.<br \/>\nM\u0259kt\u0259blil\u0259rin ekskursiyas\u0131 22.08.2014-c\u00fc il tarix\u0259d\u0259k davam ed\u0259c\u0259k. Onlar bu m\u00fcdd\u0259td\u0259 respublikam\u0131z\u0131n \u0130smay\u0131ll\u0131, Q\u0259b\u0259l\u0259 v\u0259 \u015e\u0259ki rayonlar\u0131n\u0131n \u0259n g\u00f6rm\u0259li v\u0259 tarixi yerl\u0259ri il\u0259 tan\u0131\u015f olacaqlar.<\/p>\n<p><span style=\"color: #0000ff;\"><strong>Z\u0259rdab\u00a0Rayon \u0130cra Hakimiyy\u0259ti<\/strong><\/span><\/p>\n<p><a href=\"http:\/\/www.zerdab.com\/wp-content\/uploads\/2014\/08\/Z\u0259rdab-rayonu21.jpg\"><img loading=\"lazy\" decoding=\"async\" class=\"aligncenter size-large wp-image-16760\" alt=\"Z\u0259rdab rayonu\" src=\"http:\/\/www.zerdab.com\/wp-content\/uploads\/2014\/08\/Z\u0259rdab-rayonu21-550x365.jpg\" width=\"550\" height=\"365\" \/><\/a><a href=\"http:\/\/www.zerdab.com\/wp-content\/uploads\/2014\/08\/Z\u0259rdab-rayonu3.jpg\"><img loading=\"lazy\" decoding=\"async\" class=\"aligncenter size-large wp-image-16757\" alt=\"Z\u0259rdab rayonu\" src=\"http:\/\/www.zerdab.com\/wp-content\/uploads\/2014\/08\/Z\u0259rdab-rayonu3-550x365.jpg\" width=\"550\" height=\"365\" \/><a href=\"http:\/\/www.zerdab.com\/wp-content\/uploads\/2014\/08\/Z\u0259rdab-rayonu31.jpg\"><img loading=\"lazy\" decoding=\"async\" class=\"aligncenter size-large wp-image-16765\" alt=\"Z\u0259rdab rayonu\" src=\"http:\/\/www.zerdab.com\/wp-content\/uploads\/2014\/08\/Z\u0259rdab-rayonu31-550x365.jpg\" width=\"550\" height=\"365\" \/><\/a><\/a><a href=\"http:\/\/www.zerdab.com\/wp-content\/uploads\/2014\/08\/Z\u0259rdab-rayonu4.jpg\"><img loading=\"lazy\" decoding=\"async\" class=\"aligncenter size-large wp-image-16756\" alt=\"Z\u0259rdab rayonu\" src=\"http:\/\/www.zerdab.com\/wp-content\/uploads\/2014\/08\/Z\u0259rdab-rayonu4-550x365.jpg\" width=\"550\" height=\"365\" \/><\/a><\/p>\n","protected":false},"excerpt":{"rendered":"<p>Az\u0259rbaycan Respublikas\u0131 Prezidenti Administrasiyas\u0131n\u0131n t\u00f6vsiy\u0259sin\u0259 uy\u011fun olaraq Respublikam\u0131z\u0131n \u015f\u0259h\u0259r v\u0259 rayonlar\u0131n\u0131n \u0259la\u00e7\u0131 \u015fagirdl\u0259rinin \u201c\u00d6lk\u0259mizi tan\u0131yaq\u201d devizi alt\u0131nda \u00f6lk\u0259mizin g\u00f6rm\u0259li v\u0259 tarixi yerl\u0259rin\u0259 ekskursiyalar\u0131 t\u0259\u015fkil edilir.\u00a0H\u0259min t\u0259dbirl\u0259r \u00e7\u0259r\u00e7iv\u0259sind\u0259 19.08.2014-c\u00fc il tarixd\u0259 Z\u0259rdab rayonunun \u00fcmumt\u0259hsil m\u0259kt\u0259bl\u0259rinin 40 n\u0259f\u0259r \u0259la\u00e7\u0131 v\u0259 n\u00fcmun\u0259vi \u015fagirdl\u0259ri onlar\u0131 m\u00fc\u015fayi\u0259t ed\u0259n 4 n\u0259f\u0259r (iki m\u00fc\u0259llim, bir h\u0259kim, bir b\u0259l\u0259d\u00e7i) Heyd\u0259r \u018fliyev M\u0259rk\u0259zinin qar\u015f\u0131s\u0131ndan [&hellip;]<\/p>\n","protected":false},"author":1,"featured_media":0,"comment_status":"open","ping_status":"open","sticky":false,"template":"","format":"standard","meta":{"footnotes":""},"categories":[5],"tags":[],"class_list":{"0":"post-16755","1":"post","2":"type-post","3":"status-publish","4":"format-standard","6":"category-knd"},"yoast_head":"<!-- This site is optimized with the Yoast SEO plugin v27.0 - https:\/\/yoast.com\/product\/yoast-seo-wordpress\/ -->\n<title>Z\u0259rdab rayonunun bir qrup \u0259la\u00e7\u0131 \u015fagirdi ekskursiyaya yola d\u00fc\u015fd\u00fc - Z\u0259rdab.com<\/title>\n<meta name=\"robots\" content=\"index, follow, max-snippet:-1, max-image-preview:large, max-video-preview:-1\" \/>\n<link rel=\"canonical\" href=\"https:\/\/www.zerdab.com\/?p=16755\" \/>\n<meta property=\"og:locale\" content=\"az_AZ\" \/>\n<meta property=\"og:type\" content=\"article\" \/>\n<meta property=\"og:title\" content=\"Z\u0259rdab rayonunun bir qrup \u0259la\u00e7\u0131 \u015fagirdi ekskursiyaya yola d\u00fc\u015fd\u00fc - Z\u0259rdab.com\" \/>\n<meta property=\"og:description\" content=\"Az\u0259rbaycan Respublikas\u0131 Prezidenti Administrasiyas\u0131n\u0131n t\u00f6vsiy\u0259sin\u0259 uy\u011fun olaraq Respublikam\u0131z\u0131n \u015f\u0259h\u0259r v\u0259 rayonlar\u0131n\u0131n \u0259la\u00e7\u0131 \u015fagirdl\u0259rinin \u201c\u00d6lk\u0259mizi tan\u0131yaq\u201d devizi alt\u0131nda \u00f6lk\u0259mizin g\u00f6rm\u0259li v\u0259 tarixi yerl\u0259rin\u0259 ekskursiyalar\u0131 t\u0259\u015fkil edilir.\u00a0H\u0259min t\u0259dbirl\u0259r \u00e7\u0259r\u00e7iv\u0259sind\u0259 19.08.2014-c\u00fc il tarixd\u0259 Z\u0259rdab rayonunun \u00fcmumt\u0259hsil m\u0259kt\u0259bl\u0259rinin 40 n\u0259f\u0259r \u0259la\u00e7\u0131 v\u0259 n\u00fcmun\u0259vi \u015fagirdl\u0259ri onlar\u0131 m\u00fc\u015fayi\u0259t ed\u0259n 4 n\u0259f\u0259r (iki m\u00fc\u0259llim, bir h\u0259kim, bir b\u0259l\u0259d\u00e7i) Heyd\u0259r \u018fliyev M\u0259rk\u0259zinin qar\u015f\u0131s\u0131ndan [&hellip;]\" \/>\n<meta property=\"og:url\" content=\"https:\/\/www.zerdab.com\/?p=16755\" \/>\n<meta property=\"og:site_name\" content=\"Z\u0259rdab.com\" \/>\n<meta property=\"article:published_time\" content=\"2014-08-19T13:06:20+00:00\" \/>\n<meta property=\"article:modified_time\" content=\"2014-08-19T13:21:53+00:00\" \/>\n<meta name=\"author\" content=\"admin\" \/>\n<meta name=\"twitter:card\" content=\"summary_large_image\" \/>\n<meta name=\"twitter:label1\" content=\"Written by\" \/>\n\t<meta name=\"twitter:data1\" content=\"admin\" \/>\n\t<meta name=\"twitter:label2\" content=\"Est. reading time\" \/>\n\t<meta name=\"twitter:data2\" content=\"2 minutes\" \/>\n<script type=\"application\/ld+json\" class=\"yoast-schema-graph\">{\"@context\":\"https:\/\/schema.org\",\"@graph\":[{\"@type\":\"Article\",\"@id\":\"https:\/\/www.zerdab.com\/?p=16755#article\",\"isPartOf\":{\"@id\":\"https:\/\/www.zerdab.com\/?p=16755\"},\"author\":{\"name\":\"admin\",\"@id\":\"https:\/\/www.zerdab.com\/#\/schema\/person\/97079b7570c1e89ec0d9e138c3672136\"},\"headline\":\"Z\u0259rdab rayonunun bir qrup \u0259la\u00e7\u0131 \u015fagirdi ekskursiyaya yola d\u00fc\u015fd\u00fc\",\"datePublished\":\"2014-08-19T13:06:20+00:00\",\"dateModified\":\"2014-08-19T13:21:53+00:00\",\"mainEntityOfPage\":{\"@id\":\"https:\/\/www.zerdab.com\/?p=16755\"},\"wordCount\":413,\"commentCount\":1,\"articleSection\":[\"X\u018fB\u018fRL\u018fR\"],\"inLanguage\":\"az\",\"potentialAction\":[{\"@type\":\"CommentAction\",\"name\":\"Comment\",\"target\":[\"https:\/\/www.zerdab.com\/?p=16755#respond\"]}]},{\"@type\":\"WebPage\",\"@id\":\"https:\/\/www.zerdab.com\/?p=16755\",\"url\":\"https:\/\/www.zerdab.com\/?p=16755\",\"name\":\"Z\u0259rdab rayonunun bir qrup \u0259la\u00e7\u0131 \u015fagirdi ekskursiyaya yola d\u00fc\u015fd\u00fc - Z\u0259rdab.com\",\"isPartOf\":{\"@id\":\"https:\/\/www.zerdab.com\/#website\"},\"datePublished\":\"2014-08-19T13:06:20+00:00\",\"dateModified\":\"2014-08-19T13:21:53+00:00\",\"author\":{\"@id\":\"https:\/\/www.zerdab.com\/#\/schema\/person\/97079b7570c1e89ec0d9e138c3672136\"},\"breadcrumb\":{\"@id\":\"https:\/\/www.zerdab.com\/?p=16755#breadcrumb\"},\"inLanguage\":\"az\",\"potentialAction\":[{\"@type\":\"ReadAction\",\"target\":[\"https:\/\/www.zerdab.com\/?p=16755\"]}]},{\"@type\":\"BreadcrumbList\",\"@id\":\"https:\/\/www.zerdab.com\/?p=16755#breadcrumb\",\"itemListElement\":[{\"@type\":\"ListItem\",\"position\":1,\"name\":\"Home\",\"item\":\"https:\/\/www.zerdab.com\/\"},{\"@type\":\"ListItem\",\"position\":2,\"name\":\"Z\u0259rdab rayonunun bir qrup \u0259la\u00e7\u0131 \u015fagirdi ekskursiyaya yola d\u00fc\u015fd\u00fc\"}]},{\"@type\":\"WebSite\",\"@id\":\"https:\/\/www.zerdab.com\/#website\",\"url\":\"https:\/\/www.zerdab.com\/\",\"name\":\"Z\u0259rdab.com\",\"description\":\"\",\"potentialAction\":[{\"@type\":\"SearchAction\",\"target\":{\"@type\":\"EntryPoint\",\"urlTemplate\":\"https:\/\/www.zerdab.com\/?s={search_term_string}\"},\"query-input\":{\"@type\":\"PropertyValueSpecification\",\"valueRequired\":true,\"valueName\":\"search_term_string\"}}],\"inLanguage\":\"az\"},{\"@type\":\"Person\",\"@id\":\"https:\/\/www.zerdab.com\/#\/schema\/person\/97079b7570c1e89ec0d9e138c3672136\",\"name\":\"admin\",\"image\":{\"@type\":\"ImageObject\",\"inLanguage\":\"az\",\"@id\":\"https:\/\/www.zerdab.com\/#\/schema\/person\/image\/\",\"url\":\"https:\/\/secure.gravatar.com\/avatar\/d9c52a9a27c32119cb6679a077fa3e2779e5f822c451cbf01098004361d466ec?s=96&d=mm&r=g\",\"contentUrl\":\"https:\/\/secure.gravatar.com\/avatar\/d9c52a9a27c32119cb6679a077fa3e2779e5f822c451cbf01098004361d466ec?s=96&d=mm&r=g\",\"caption\":\"admin\"},\"url\":\"https:\/\/www.zerdab.com\/?author=1\"}]}<\/script>\n<!-- \/ Yoast SEO plugin. -->","yoast_head_json":{"title":"Z\u0259rdab rayonunun bir qrup \u0259la\u00e7\u0131 \u015fagirdi ekskursiyaya yola d\u00fc\u015fd\u00fc - Z\u0259rdab.com","robots":{"index":"index","follow":"follow","max-snippet":"max-snippet:-1","max-image-preview":"max-image-preview:large","max-video-preview":"max-video-preview:-1"},"canonical":"https:\/\/www.zerdab.com\/?p=16755","og_locale":"az_AZ","og_type":"article","og_title":"Z\u0259rdab rayonunun bir qrup \u0259la\u00e7\u0131 \u015fagirdi ekskursiyaya yola d\u00fc\u015fd\u00fc - Z\u0259rdab.com","og_description":"Az\u0259rbaycan Respublikas\u0131 Prezidenti Administrasiyas\u0131n\u0131n t\u00f6vsiy\u0259sin\u0259 uy\u011fun olaraq Respublikam\u0131z\u0131n \u015f\u0259h\u0259r v\u0259 rayonlar\u0131n\u0131n \u0259la\u00e7\u0131 \u015fagirdl\u0259rinin \u201c\u00d6lk\u0259mizi tan\u0131yaq\u201d devizi alt\u0131nda \u00f6lk\u0259mizin g\u00f6rm\u0259li v\u0259 tarixi yerl\u0259rin\u0259 ekskursiyalar\u0131 t\u0259\u015fkil edilir.\u00a0H\u0259min t\u0259dbirl\u0259r \u00e7\u0259r\u00e7iv\u0259sind\u0259 19.08.2014-c\u00fc il tarixd\u0259 Z\u0259rdab rayonunun \u00fcmumt\u0259hsil m\u0259kt\u0259bl\u0259rinin 40 n\u0259f\u0259r \u0259la\u00e7\u0131 v\u0259 n\u00fcmun\u0259vi \u015fagirdl\u0259ri onlar\u0131 m\u00fc\u015fayi\u0259t ed\u0259n 4 n\u0259f\u0259r (iki m\u00fc\u0259llim, bir h\u0259kim, bir b\u0259l\u0259d\u00e7i) Heyd\u0259r \u018fliyev M\u0259rk\u0259zinin qar\u015f\u0131s\u0131ndan [&hellip;]","og_url":"https:\/\/www.zerdab.com\/?p=16755","og_site_name":"Z\u0259rdab.com","article_published_time":"2014-08-19T13:06:20+00:00","article_modified_time":"2014-08-19T13:21:53+00:00","author":"admin","twitter_card":"summary_large_image","twitter_misc":{"Written by":"admin","Est. reading time":"2 minutes"},"schema":{"@context":"https:\/\/schema.org","@graph":[{"@type":"Article","@id":"https:\/\/www.zerdab.com\/?p=16755#article","isPartOf":{"@id":"https:\/\/www.zerdab.com\/?p=16755"},"author":{"name":"admin","@id":"https:\/\/www.zerdab.com\/#\/schema\/person\/97079b7570c1e89ec0d9e138c3672136"},"headline":"Z\u0259rdab rayonunun bir qrup \u0259la\u00e7\u0131 \u015fagirdi ekskursiyaya yola d\u00fc\u015fd\u00fc","datePublished":"2014-08-19T13:06:20+00:00","dateModified":"2014-08-19T13:21:53+00:00","mainEntityOfPage":{"@id":"https:\/\/www.zerdab.com\/?p=16755"},"wordCount":413,"commentCount":1,"articleSection":["X\u018fB\u018fRL\u018fR"],"inLanguage":"az","potentialAction":[{"@type":"CommentAction","name":"Comment","target":["https:\/\/www.zerdab.com\/?p=16755#respond"]}]},{"@type":"WebPage","@id":"https:\/\/www.zerdab.com\/?p=16755","url":"https:\/\/www.zerdab.com\/?p=16755","name":"Z\u0259rdab rayonunun bir qrup \u0259la\u00e7\u0131 \u015fagirdi ekskursiyaya yola d\u00fc\u015fd\u00fc - Z\u0259rdab.com","isPartOf":{"@id":"https:\/\/www.zerdab.com\/#website"},"datePublished":"2014-08-19T13:06:20+00:00","dateModified":"2014-08-19T13:21:53+00:00","author":{"@id":"https:\/\/www.zerdab.com\/#\/schema\/person\/97079b7570c1e89ec0d9e138c3672136"},"breadcrumb":{"@id":"https:\/\/www.zerdab.com\/?p=16755#breadcrumb"},"inLanguage":"az","potentialAction":[{"@type":"ReadAction","target":["https:\/\/www.zerdab.com\/?p=16755"]}]},{"@type":"BreadcrumbList","@id":"https:\/\/www.zerdab.com\/?p=16755#breadcrumb","itemListElement":[{"@type":"ListItem","position":1,"name":"Home","item":"https:\/\/www.zerdab.com\/"},{"@type":"ListItem","position":2,"name":"Z\u0259rdab rayonunun bir qrup \u0259la\u00e7\u0131 \u015fagirdi ekskursiyaya yola d\u00fc\u015fd\u00fc"}]},{"@type":"WebSite","@id":"https:\/\/www.zerdab.com\/#website","url":"https:\/\/www.zerdab.com\/","name":"Z\u0259rdab.com","description":"","potentialAction":[{"@type":"SearchAction","target":{"@type":"EntryPoint","urlTemplate":"https:\/\/www.zerdab.com\/?s={search_term_string}"},"query-input":{"@type":"PropertyValueSpecification","valueRequired":true,"valueName":"search_term_string"}}],"inLanguage":"az"},{"@type":"Person","@id":"https:\/\/www.zerdab.com\/#\/schema\/person\/97079b7570c1e89ec0d9e138c3672136","name":"admin","image":{"@type":"ImageObject","inLanguage":"az","@id":"https:\/\/www.zerdab.com\/#\/schema\/person\/image\/","url":"https:\/\/secure.gravatar.com\/avatar\/d9c52a9a27c32119cb6679a077fa3e2779e5f822c451cbf01098004361d466ec?s=96&d=mm&r=g","contentUrl":"https:\/\/secure.gravatar.com\/avatar\/d9c52a9a27c32119cb6679a077fa3e2779e5f822c451cbf01098004361d466ec?s=96&d=mm&r=g","caption":"admin"},"url":"https:\/\/www.zerdab.com\/?author=1"}]}},"_links":{"self":[{"href":"https:\/\/www.zerdab.com\/index.php?rest_route=\/wp\/v2\/posts\/16755","targetHints":{"allow":["GET"]}}],"collection":[{"href":"https:\/\/www.zerdab.com\/index.php?rest_route=\/wp\/v2\/posts"}],"about":[{"href":"https:\/\/www.zerdab.com\/index.php?rest_route=\/wp\/v2\/types\/post"}],"author":[{"embeddable":true,"href":"https:\/\/www.zerdab.com\/index.php?rest_route=\/wp\/v2\/users\/1"}],"replies":[{"embeddable":true,"href":"https:\/\/www.zerdab.com\/index.php?rest_route=%2Fwp%2Fv2%2Fcomments&post=16755"}],"version-history":[{"count":6,"href":"https:\/\/www.zerdab.com\/index.php?rest_route=\/wp\/v2\/posts\/16755\/revisions"}],"predecessor-version":[{"id":16766,"href":"https:\/\/www.zerdab.com\/index.php?rest_route=\/wp\/v2\/posts\/16755\/revisions\/16766"}],"wp:attachment":[{"href":"https:\/\/www.zerdab.com\/index.php?rest_route=%2Fwp%2Fv2%2Fmedia&parent=16755"}],"wp:term":[{"taxonomy":"category","embeddable":true,"href":"https:\/\/www.zerdab.com\/index.php?rest_route=%2Fwp%2Fv2%2Fcategories&post=16755"},{"taxonomy":"post_tag","embeddable":true,"href":"https:\/\/www.zerdab.com\/index.php?rest_route=%2Fwp%2Fv2%2Ftags&post=16755"}],"curies":[{"name":"wp","href":"https:\/\/api.w.org\/{rel}","templated":true}]}}