{"id":16794,"date":"2014-08-22T09:00:34","date_gmt":"2014-08-22T04:00:34","guid":{"rendered":"http:\/\/www.zerdab.com\/?p=16794"},"modified":"2014-08-21T19:25:38","modified_gmt":"2014-08-21T14:25:38","slug":"z%c9%99rdabli-sagirdl%c9%99r-s%c9%99kid%c9%99-fotolar","status":"publish","type":"post","link":"https:\/\/www.zerdab.com\/?p=16794","title":{"rendered":"Z\u0259rdabl\u0131 \u015fagirdl\u0259r \u015e\u0259kid\u0259 &#8211; FOTOLAR"},"content":{"rendered":"<p><a href=\"http:\/\/www.zerdab.com\/wp-content\/uploads\/2014\/08\/Zerdab11.jpg\"><img loading=\"lazy\" decoding=\"async\" class=\"aligncenter size-full wp-image-16796\" alt=\"Zerdab\" src=\"http:\/\/www.zerdab.com\/wp-content\/uploads\/2014\/08\/Zerdab11.jpg\" width=\"460\" height=\"330\" \/><\/a>\u201c\u00d6lk\u0259mizi tan\u0131yaq\u201d devizi il\u0259 ke\u00e7iril\u0259n tur-aksiya \u00e7\u0259r\u00e7iv\u0259sind\u0259 \u0130smay\u0131ll\u0131-Q\u0259b\u0259l\u0259-\u015e\u0259ki mar\u015frutu il\u0259 h\u0259r\u0259k\u0259t ed\u0259n Z\u0259rdab rayonunun m\u0259kt\u0259blil\u0259ri avqustun 21-d\u0259 q\u0259dim \u015e\u0259kinin tarixi m\u0259kanlar\u0131 v\u0259 g\u00f6rm\u0259li yerl\u0259ri il\u0259 tan\u0131\u015f oldular. Zerdab.com-a veril\u0259n x\u0259b\u0259r\u0259 g\u00f6r\u0259,\u00a0s\u0259f\u0259r proqram\u0131na uy\u011fun olaraq m\u0259kt\u0259blil\u0259r onlar \u00fc\u00e7\u00fcn ayr\u0131lm\u0131\u015f x\u00fcsusi avtobuslarla \u015f\u0259h\u0259rin yuxar\u0131 hiss\u0259sin\u0259 &#8211; \u201cYuxar\u0131ba\u015f\u201d D\u00f6vl\u0259t Tarix-Memarl\u0131q Qoru\u011funun \u0259razisin\u0259 g\u0259ldil\u0259r. Qoru\u011fu \u0259hat\u0259l\u0259y\u0259n \u0259z\u0259m\u0259tli qala divarlar\u0131- Nar\u0131nqala m\u0259kt\u0259blil\u0259rin b\u00f6y\u00fck mara\u011f\u0131na s\u0259b\u0259b oldu.<br \/>\nM\u0259lumat verildi ki, qala divarlar\u0131n\u0131n \u00c7\u0259l\u0259bi xan\u0131n d\u00f6vr\u00fcnd\u0259, t\u0259xmin\u0259n 1743-1755-ci ill\u0259rd\u0259 tikildiyi ehtimal olunur.<br \/>\nTur-aksiyan\u0131n i\u015ftirak\u00e7\u0131lar\u0131 qala divarlar\u0131n\u0131n qar\u015f\u0131s\u0131nda xatir\u0259 \u015f\u0259kill\u0259ri \u00e7\u0259kdirdil\u0259r.<br \/>\nQoru\u011fun \u0259razisind\u0259 yerl\u0259\u015f\u0259n v\u0259 Az\u0259rbaycan memarl\u0131\u011f\u0131n\u0131n nadir incil\u0259rind\u0259n olan \u015e\u0259ki xanlar\u0131n\u0131n saray\u0131 il\u0259 tan\u0131\u015fl\u0131q zaman\u0131 m\u0259kt\u0259blil\u0259rin diqq\u0259tin\u0259 \u00e7atd\u0131r\u0131ld\u0131 ki, bu saray XVIII \u0259sr\u0259 aid nadir tarix-memarl\u0131q abid\u0259sidir. 1761-1762-ci ill\u0259rd\u0259 in\u015fa edil\u0259n saray\u0131n tikintisind\u0259 mismar v\u0259 yap\u0131\u015fqandan istifad\u0259 olunmay\u0131b.<br \/>\nSaray\u0131n h\u0259y\u0259tind\u0259ki ya\u015f\u0131 500-\u0259 \u00e7atan qo\u015fa Xan \u00e7inarlar\u0131 m\u0259kt\u0259blil\u0259rin b\u00f6y\u00fck mara\u011f\u0131na s\u0259b\u0259b oldu. Bildirildi ki, bu \u00e7inarlardan \u0259n b\u00f6y\u00fcy\u00fcn\u00fcn h\u00fcnd\u00fcrl\u00fcy\u00fc 42, g\u00f6vd\u0259sinin diametri is\u0259 13,5 metrdir.<br \/>\nR\u0259\u015fid b\u0259y \u018ff\u0259ndiyev ad\u0131na \u015e\u0259ki Tarix-Diyar\u015f\u00fcnasl\u0131q Muzeyi il\u0259 tan\u0131\u015fl\u0131qdan sonra tur-aksiya i\u015ftirak\u00e7\u0131lar\u0131 bu \u0259razid\u0259 yerl\u0259\u015f\u0259n Yay teatr\u0131na g\u0259ldil\u0259r. \u015e\u0259h\u0259r m\u0259d\u0259niyy\u0259t v\u0259 turizm \u015f\u00f6b\u0259sinin t\u0259\u015fkil etdiyi maraql\u0131 konsert proqram\u0131 m\u0259kt\u0259blil\u0259rd\u0259 xo\u015f \u0259hval-ruhiyy\u0259 yaratd\u0131. Onlar doyunca r\u0259qs edib \u0259yl\u0259ndil\u0259r.<br \/>\nS\u0259f\u0259r proqram\u0131na uy\u011fun olaraq Z\u0259rdab m\u0259kt\u0259blil\u0259ri daha sonra XVIII \u0259sr\u0259 aid tarixi-memarl\u0131q abid\u0259si \u201cYuxar\u0131 Karvansaray\u201d mehmanxana kompleksi il\u0259 tan\u0131\u015f oldular, \u015e\u0259kinin dig\u0259r tarixi m\u0259kanlar\u0131na ba\u015f \u00e7\u0259kdil\u0259r, g\u00f6rm\u0259li yerl\u0259rini g\u0259zdil\u0259r.<br \/>\nQ\u0259dim v\u0259 m\u00fcasir \u015e\u0259ki il\u0259 tan\u0131\u015fl\u0131q tur-aksiya i\u015ftirak\u00e7\u0131lar\u0131nda z\u0259ngin t\u0259\u0259ss\u00fcrat yaratd\u0131.<\/p>\n<p>Zerdab.com<a href=\"http:\/\/www.zerdab.com\/wp-content\/uploads\/2014\/08\/Zerdab4.jpg\"><img loading=\"lazy\" decoding=\"async\" class=\"aligncenter size-full wp-image-16795\" alt=\"Zerdab\" src=\"http:\/\/www.zerdab.com\/wp-content\/uploads\/2014\/08\/Zerdab4.jpg\" width=\"460\" height=\"345\" \/><\/a><a href=\"http:\/\/www.zerdab.com\/wp-content\/uploads\/2014\/08\/Zerdab21.jpg\"><img loading=\"lazy\" decoding=\"async\" class=\"aligncenter size-full wp-image-16797\" alt=\"Zerdab\" src=\"http:\/\/www.zerdab.com\/wp-content\/uploads\/2014\/08\/Zerdab21.jpg\" width=\"460\" height=\"345\" \/><\/a><a href=\"http:\/\/www.zerdab.com\/wp-content\/uploads\/2014\/08\/Zerdab3.jpg\"><img loading=\"lazy\" decoding=\"async\" class=\"aligncenter size-full wp-image-16798\" alt=\"Zerdab\" src=\"http:\/\/www.zerdab.com\/wp-content\/uploads\/2014\/08\/Zerdab3.jpg\" width=\"460\" height=\"345\" \/><\/a><\/p>\n","protected":false},"excerpt":{"rendered":"<p>\u201c\u00d6lk\u0259mizi tan\u0131yaq\u201d devizi il\u0259 ke\u00e7iril\u0259n tur-aksiya \u00e7\u0259r\u00e7iv\u0259sind\u0259 \u0130smay\u0131ll\u0131-Q\u0259b\u0259l\u0259-\u015e\u0259ki mar\u015frutu il\u0259 h\u0259r\u0259k\u0259t ed\u0259n Z\u0259rdab rayonunun m\u0259kt\u0259blil\u0259ri avqustun 21-d\u0259 q\u0259dim \u015e\u0259kinin tarixi m\u0259kanlar\u0131 v\u0259 g\u00f6rm\u0259li yerl\u0259ri il\u0259 tan\u0131\u015f oldular. Zerdab.com-a veril\u0259n x\u0259b\u0259r\u0259 g\u00f6r\u0259,\u00a0s\u0259f\u0259r proqram\u0131na uy\u011fun olaraq m\u0259kt\u0259blil\u0259r onlar \u00fc\u00e7\u00fcn ayr\u0131lm\u0131\u015f x\u00fcsusi avtobuslarla \u015f\u0259h\u0259rin yuxar\u0131 hiss\u0259sin\u0259 &#8211; \u201cYuxar\u0131ba\u015f\u201d D\u00f6vl\u0259t Tarix-Memarl\u0131q Qoru\u011funun \u0259razisin\u0259 g\u0259ldil\u0259r. Qoru\u011fu \u0259hat\u0259l\u0259y\u0259n \u0259z\u0259m\u0259tli qala divarlar\u0131- [&hellip;]<\/p>\n","protected":false},"author":1,"featured_media":0,"comment_status":"open","ping_status":"open","sticky":false,"template":"","format":"standard","meta":{"footnotes":""},"categories":[21],"tags":[],"class_list":{"0":"post-16794","1":"post","2":"type-post","3":"status-publish","4":"format-standard","6":"category-zrdab"},"yoast_head":"<!-- This site is optimized with the Yoast SEO plugin v27.0 - https:\/\/yoast.com\/product\/yoast-seo-wordpress\/ -->\n<title>Z\u0259rdabl\u0131 \u015fagirdl\u0259r \u015e\u0259kid\u0259 - FOTOLAR - Z\u0259rdab.com<\/title>\n<meta name=\"robots\" content=\"index, follow, max-snippet:-1, max-image-preview:large, max-video-preview:-1\" \/>\n<link rel=\"canonical\" href=\"https:\/\/www.zerdab.com\/?p=16794\" \/>\n<meta property=\"og:locale\" content=\"az_AZ\" \/>\n<meta property=\"og:type\" content=\"article\" \/>\n<meta property=\"og:title\" content=\"Z\u0259rdabl\u0131 \u015fagirdl\u0259r \u015e\u0259kid\u0259 - FOTOLAR - Z\u0259rdab.com\" \/>\n<meta property=\"og:description\" content=\"\u201c\u00d6lk\u0259mizi tan\u0131yaq\u201d devizi il\u0259 ke\u00e7iril\u0259n tur-aksiya \u00e7\u0259r\u00e7iv\u0259sind\u0259 \u0130smay\u0131ll\u0131-Q\u0259b\u0259l\u0259-\u015e\u0259ki mar\u015frutu il\u0259 h\u0259r\u0259k\u0259t ed\u0259n Z\u0259rdab rayonunun m\u0259kt\u0259blil\u0259ri avqustun 21-d\u0259 q\u0259dim \u015e\u0259kinin tarixi m\u0259kanlar\u0131 v\u0259 g\u00f6rm\u0259li yerl\u0259ri il\u0259 tan\u0131\u015f oldular. Zerdab.com-a veril\u0259n x\u0259b\u0259r\u0259 g\u00f6r\u0259,\u00a0s\u0259f\u0259r proqram\u0131na uy\u011fun olaraq m\u0259kt\u0259blil\u0259r onlar \u00fc\u00e7\u00fcn ayr\u0131lm\u0131\u015f x\u00fcsusi avtobuslarla \u015f\u0259h\u0259rin yuxar\u0131 hiss\u0259sin\u0259 &#8211; \u201cYuxar\u0131ba\u015f\u201d D\u00f6vl\u0259t Tarix-Memarl\u0131q Qoru\u011funun \u0259razisin\u0259 g\u0259ldil\u0259r. Qoru\u011fu \u0259hat\u0259l\u0259y\u0259n \u0259z\u0259m\u0259tli qala divarlar\u0131- [&hellip;]\" \/>\n<meta property=\"og:url\" content=\"https:\/\/www.zerdab.com\/?p=16794\" \/>\n<meta property=\"og:site_name\" content=\"Z\u0259rdab.com\" \/>\n<meta property=\"article:published_time\" content=\"2014-08-22T04:00:34+00:00\" \/>\n<meta property=\"og:image\" content=\"http:\/\/www.zerdab.com\/wp-content\/uploads\/2014\/08\/Zerdab11.jpg\" \/>\n<meta name=\"author\" content=\"admin\" \/>\n<meta name=\"twitter:card\" content=\"summary_large_image\" \/>\n<meta name=\"twitter:label1\" content=\"Written by\" \/>\n\t<meta name=\"twitter:data1\" content=\"admin\" \/>\n\t<meta name=\"twitter:label2\" content=\"Est. reading time\" \/>\n\t<meta name=\"twitter:data2\" content=\"2 minutes\" \/>\n<script type=\"application\/ld+json\" class=\"yoast-schema-graph\">{\"@context\":\"https:\/\/schema.org\",\"@graph\":[{\"@type\":\"Article\",\"@id\":\"https:\/\/www.zerdab.com\/?p=16794#article\",\"isPartOf\":{\"@id\":\"https:\/\/www.zerdab.com\/?p=16794\"},\"author\":{\"name\":\"admin\",\"@id\":\"https:\/\/www.zerdab.com\/#\/schema\/person\/97079b7570c1e89ec0d9e138c3672136\"},\"headline\":\"Z\u0259rdabl\u0131 \u015fagirdl\u0259r \u015e\u0259kid\u0259 &#8211; FOTOLAR\",\"datePublished\":\"2014-08-22T04:00:34+00:00\",\"mainEntityOfPage\":{\"@id\":\"https:\/\/www.zerdab.com\/?p=16794\"},\"wordCount\":420,\"commentCount\":10,\"image\":{\"@id\":\"https:\/\/www.zerdab.com\/?p=16794#primaryimage\"},\"thumbnailUrl\":\"http:\/\/www.zerdab.com\/wp-content\/uploads\/2014\/08\/Zerdab11.jpg\",\"articleSection\":[\"C\u018fM\u0130YY\u018fT\"],\"inLanguage\":\"az\",\"potentialAction\":[{\"@type\":\"CommentAction\",\"name\":\"Comment\",\"target\":[\"https:\/\/www.zerdab.com\/?p=16794#respond\"]}]},{\"@type\":\"WebPage\",\"@id\":\"https:\/\/www.zerdab.com\/?p=16794\",\"url\":\"https:\/\/www.zerdab.com\/?p=16794\",\"name\":\"Z\u0259rdabl\u0131 \u015fagirdl\u0259r \u015e\u0259kid\u0259 - FOTOLAR - Z\u0259rdab.com\",\"isPartOf\":{\"@id\":\"https:\/\/www.zerdab.com\/#website\"},\"primaryImageOfPage\":{\"@id\":\"https:\/\/www.zerdab.com\/?p=16794#primaryimage\"},\"image\":{\"@id\":\"https:\/\/www.zerdab.com\/?p=16794#primaryimage\"},\"thumbnailUrl\":\"http:\/\/www.zerdab.com\/wp-content\/uploads\/2014\/08\/Zerdab11.jpg\",\"datePublished\":\"2014-08-22T04:00:34+00:00\",\"author\":{\"@id\":\"https:\/\/www.zerdab.com\/#\/schema\/person\/97079b7570c1e89ec0d9e138c3672136\"},\"breadcrumb\":{\"@id\":\"https:\/\/www.zerdab.com\/?p=16794#breadcrumb\"},\"inLanguage\":\"az\",\"potentialAction\":[{\"@type\":\"ReadAction\",\"target\":[\"https:\/\/www.zerdab.com\/?p=16794\"]}]},{\"@type\":\"ImageObject\",\"inLanguage\":\"az\",\"@id\":\"https:\/\/www.zerdab.com\/?p=16794#primaryimage\",\"url\":\"http:\/\/www.zerdab.com\/wp-content\/uploads\/2014\/08\/Zerdab11.jpg\",\"contentUrl\":\"http:\/\/www.zerdab.com\/wp-content\/uploads\/2014\/08\/Zerdab11.jpg\"},{\"@type\":\"BreadcrumbList\",\"@id\":\"https:\/\/www.zerdab.com\/?p=16794#breadcrumb\",\"itemListElement\":[{\"@type\":\"ListItem\",\"position\":1,\"name\":\"Home\",\"item\":\"https:\/\/www.zerdab.com\/\"},{\"@type\":\"ListItem\",\"position\":2,\"name\":\"Z\u0259rdabl\u0131 \u015fagirdl\u0259r \u015e\u0259kid\u0259 &#8211; FOTOLAR\"}]},{\"@type\":\"WebSite\",\"@id\":\"https:\/\/www.zerdab.com\/#website\",\"url\":\"https:\/\/www.zerdab.com\/\",\"name\":\"Z\u0259rdab.com\",\"description\":\"\",\"potentialAction\":[{\"@type\":\"SearchAction\",\"target\":{\"@type\":\"EntryPoint\",\"urlTemplate\":\"https:\/\/www.zerdab.com\/?s={search_term_string}\"},\"query-input\":{\"@type\":\"PropertyValueSpecification\",\"valueRequired\":true,\"valueName\":\"search_term_string\"}}],\"inLanguage\":\"az\"},{\"@type\":\"Person\",\"@id\":\"https:\/\/www.zerdab.com\/#\/schema\/person\/97079b7570c1e89ec0d9e138c3672136\",\"name\":\"admin\",\"image\":{\"@type\":\"ImageObject\",\"inLanguage\":\"az\",\"@id\":\"https:\/\/www.zerdab.com\/#\/schema\/person\/image\/\",\"url\":\"https:\/\/secure.gravatar.com\/avatar\/d9c52a9a27c32119cb6679a077fa3e2779e5f822c451cbf01098004361d466ec?s=96&d=mm&r=g\",\"contentUrl\":\"https:\/\/secure.gravatar.com\/avatar\/d9c52a9a27c32119cb6679a077fa3e2779e5f822c451cbf01098004361d466ec?s=96&d=mm&r=g\",\"caption\":\"admin\"},\"url\":\"https:\/\/www.zerdab.com\/?author=1\"}]}<\/script>\n<!-- \/ Yoast SEO plugin. -->","yoast_head_json":{"title":"Z\u0259rdabl\u0131 \u015fagirdl\u0259r \u015e\u0259kid\u0259 - FOTOLAR - Z\u0259rdab.com","robots":{"index":"index","follow":"follow","max-snippet":"max-snippet:-1","max-image-preview":"max-image-preview:large","max-video-preview":"max-video-preview:-1"},"canonical":"https:\/\/www.zerdab.com\/?p=16794","og_locale":"az_AZ","og_type":"article","og_title":"Z\u0259rdabl\u0131 \u015fagirdl\u0259r \u015e\u0259kid\u0259 - FOTOLAR - Z\u0259rdab.com","og_description":"\u201c\u00d6lk\u0259mizi tan\u0131yaq\u201d devizi il\u0259 ke\u00e7iril\u0259n tur-aksiya \u00e7\u0259r\u00e7iv\u0259sind\u0259 \u0130smay\u0131ll\u0131-Q\u0259b\u0259l\u0259-\u015e\u0259ki mar\u015frutu il\u0259 h\u0259r\u0259k\u0259t ed\u0259n Z\u0259rdab rayonunun m\u0259kt\u0259blil\u0259ri avqustun 21-d\u0259 q\u0259dim \u015e\u0259kinin tarixi m\u0259kanlar\u0131 v\u0259 g\u00f6rm\u0259li yerl\u0259ri il\u0259 tan\u0131\u015f oldular. Zerdab.com-a veril\u0259n x\u0259b\u0259r\u0259 g\u00f6r\u0259,\u00a0s\u0259f\u0259r proqram\u0131na uy\u011fun olaraq m\u0259kt\u0259blil\u0259r onlar \u00fc\u00e7\u00fcn ayr\u0131lm\u0131\u015f x\u00fcsusi avtobuslarla \u015f\u0259h\u0259rin yuxar\u0131 hiss\u0259sin\u0259 &#8211; \u201cYuxar\u0131ba\u015f\u201d D\u00f6vl\u0259t Tarix-Memarl\u0131q Qoru\u011funun \u0259razisin\u0259 g\u0259ldil\u0259r. Qoru\u011fu \u0259hat\u0259l\u0259y\u0259n \u0259z\u0259m\u0259tli qala divarlar\u0131- [&hellip;]","og_url":"https:\/\/www.zerdab.com\/?p=16794","og_site_name":"Z\u0259rdab.com","article_published_time":"2014-08-22T04:00:34+00:00","og_image":[{"url":"http:\/\/www.zerdab.com\/wp-content\/uploads\/2014\/08\/Zerdab11.jpg","type":"","width":"","height":""}],"author":"admin","twitter_card":"summary_large_image","twitter_misc":{"Written by":"admin","Est. reading time":"2 minutes"},"schema":{"@context":"https:\/\/schema.org","@graph":[{"@type":"Article","@id":"https:\/\/www.zerdab.com\/?p=16794#article","isPartOf":{"@id":"https:\/\/www.zerdab.com\/?p=16794"},"author":{"name":"admin","@id":"https:\/\/www.zerdab.com\/#\/schema\/person\/97079b7570c1e89ec0d9e138c3672136"},"headline":"Z\u0259rdabl\u0131 \u015fagirdl\u0259r \u015e\u0259kid\u0259 &#8211; FOTOLAR","datePublished":"2014-08-22T04:00:34+00:00","mainEntityOfPage":{"@id":"https:\/\/www.zerdab.com\/?p=16794"},"wordCount":420,"commentCount":10,"image":{"@id":"https:\/\/www.zerdab.com\/?p=16794#primaryimage"},"thumbnailUrl":"http:\/\/www.zerdab.com\/wp-content\/uploads\/2014\/08\/Zerdab11.jpg","articleSection":["C\u018fM\u0130YY\u018fT"],"inLanguage":"az","potentialAction":[{"@type":"CommentAction","name":"Comment","target":["https:\/\/www.zerdab.com\/?p=16794#respond"]}]},{"@type":"WebPage","@id":"https:\/\/www.zerdab.com\/?p=16794","url":"https:\/\/www.zerdab.com\/?p=16794","name":"Z\u0259rdabl\u0131 \u015fagirdl\u0259r \u015e\u0259kid\u0259 - FOTOLAR - Z\u0259rdab.com","isPartOf":{"@id":"https:\/\/www.zerdab.com\/#website"},"primaryImageOfPage":{"@id":"https:\/\/www.zerdab.com\/?p=16794#primaryimage"},"image":{"@id":"https:\/\/www.zerdab.com\/?p=16794#primaryimage"},"thumbnailUrl":"http:\/\/www.zerdab.com\/wp-content\/uploads\/2014\/08\/Zerdab11.jpg","datePublished":"2014-08-22T04:00:34+00:00","author":{"@id":"https:\/\/www.zerdab.com\/#\/schema\/person\/97079b7570c1e89ec0d9e138c3672136"},"breadcrumb":{"@id":"https:\/\/www.zerdab.com\/?p=16794#breadcrumb"},"inLanguage":"az","potentialAction":[{"@type":"ReadAction","target":["https:\/\/www.zerdab.com\/?p=16794"]}]},{"@type":"ImageObject","inLanguage":"az","@id":"https:\/\/www.zerdab.com\/?p=16794#primaryimage","url":"http:\/\/www.zerdab.com\/wp-content\/uploads\/2014\/08\/Zerdab11.jpg","contentUrl":"http:\/\/www.zerdab.com\/wp-content\/uploads\/2014\/08\/Zerdab11.jpg"},{"@type":"BreadcrumbList","@id":"https:\/\/www.zerdab.com\/?p=16794#breadcrumb","itemListElement":[{"@type":"ListItem","position":1,"name":"Home","item":"https:\/\/www.zerdab.com\/"},{"@type":"ListItem","position":2,"name":"Z\u0259rdabl\u0131 \u015fagirdl\u0259r \u015e\u0259kid\u0259 &#8211; FOTOLAR"}]},{"@type":"WebSite","@id":"https:\/\/www.zerdab.com\/#website","url":"https:\/\/www.zerdab.com\/","name":"Z\u0259rdab.com","description":"","potentialAction":[{"@type":"SearchAction","target":{"@type":"EntryPoint","urlTemplate":"https:\/\/www.zerdab.com\/?s={search_term_string}"},"query-input":{"@type":"PropertyValueSpecification","valueRequired":true,"valueName":"search_term_string"}}],"inLanguage":"az"},{"@type":"Person","@id":"https:\/\/www.zerdab.com\/#\/schema\/person\/97079b7570c1e89ec0d9e138c3672136","name":"admin","image":{"@type":"ImageObject","inLanguage":"az","@id":"https:\/\/www.zerdab.com\/#\/schema\/person\/image\/","url":"https:\/\/secure.gravatar.com\/avatar\/d9c52a9a27c32119cb6679a077fa3e2779e5f822c451cbf01098004361d466ec?s=96&d=mm&r=g","contentUrl":"https:\/\/secure.gravatar.com\/avatar\/d9c52a9a27c32119cb6679a077fa3e2779e5f822c451cbf01098004361d466ec?s=96&d=mm&r=g","caption":"admin"},"url":"https:\/\/www.zerdab.com\/?author=1"}]}},"_links":{"self":[{"href":"https:\/\/www.zerdab.com\/index.php?rest_route=\/wp\/v2\/posts\/16794","targetHints":{"allow":["GET"]}}],"collection":[{"href":"https:\/\/www.zerdab.com\/index.php?rest_route=\/wp\/v2\/posts"}],"about":[{"href":"https:\/\/www.zerdab.com\/index.php?rest_route=\/wp\/v2\/types\/post"}],"author":[{"embeddable":true,"href":"https:\/\/www.zerdab.com\/index.php?rest_route=\/wp\/v2\/users\/1"}],"replies":[{"embeddable":true,"href":"https:\/\/www.zerdab.com\/index.php?rest_route=%2Fwp%2Fv2%2Fcomments&post=16794"}],"version-history":[{"count":1,"href":"https:\/\/www.zerdab.com\/index.php?rest_route=\/wp\/v2\/posts\/16794\/revisions"}],"predecessor-version":[{"id":16799,"href":"https:\/\/www.zerdab.com\/index.php?rest_route=\/wp\/v2\/posts\/16794\/revisions\/16799"}],"wp:attachment":[{"href":"https:\/\/www.zerdab.com\/index.php?rest_route=%2Fwp%2Fv2%2Fmedia&parent=16794"}],"wp:term":[{"taxonomy":"category","embeddable":true,"href":"https:\/\/www.zerdab.com\/index.php?rest_route=%2Fwp%2Fv2%2Fcategories&post=16794"},{"taxonomy":"post_tag","embeddable":true,"href":"https:\/\/www.zerdab.com\/index.php?rest_route=%2Fwp%2Fv2%2Ftags&post=16794"}],"curies":[{"name":"wp","href":"https:\/\/api.w.org\/{rel}","templated":true}]}}