{"id":16842,"date":"2014-08-26T08:00:33","date_gmt":"2014-08-26T03:00:33","guid":{"rendered":"http:\/\/www.zerdab.com\/?p=16842"},"modified":"2014-08-25T22:37:50","modified_gmt":"2014-08-25T17:37:50","slug":"z%c9%99rdabi-festivalda-layiqinc%c9%99-t%c9%99msil-etdil%c9%99r-fotolar","status":"publish","type":"post","link":"https:\/\/www.zerdab.com\/?p=16842","title":{"rendered":"Z\u0259rdab\u0131 festivalda layiqinc\u0259 t\u0259msil etdil\u0259r &#8211; FOTOLAR"},"content":{"rendered":"<p><a href=\"http:\/\/www.zerdab.com\/wp-content\/uploads\/2014\/08\/Z\u0259rdab-3.jpg\"><img loading=\"lazy\" decoding=\"async\" class=\"aligncenter size-large wp-image-16846\" alt=\"Z\u0259rdab rayonu\" src=\"http:\/\/www.zerdab.com\/wp-content\/uploads\/2014\/08\/Z\u0259rdab-3-550x412.jpg\" width=\"550\" height=\"412\" \/><\/a>Q\u0259b\u0259l\u0259 \u015f\u0259h\u0259rind\u0259 n\u00f6vb\u0259ti d\u0259f\u0259 m\u00fcr\u0259bb\u0259 festival\u0131 ke\u00e7irildi. Festivalda Z\u0259rdab Rayon M\u0259d\u0259niyy\u0259t v\u0259 Turizm \u015e\u00f6b\u0259sinin\u00a0 kollektivi d\u0259 i\u015ftirak etdi. Q\u0259b\u0259l\u0259 rayon \u0130cra Hakimiyy\u0259tinin, M\u0259d\u0259niyy\u0259t v\u0259 Turizm Nazirliyinin Milli Kulinariya M\u0259rk\u0259zinin, Az\u0259rbaycan Milli Kulinariya Assosiasiyas\u0131n\u0131n birg\u0259 t\u0259\u015fkil etdiyi festival Q\u0259b\u0259l\u0259 \u015f\u0259h\u0259rind\u0259ki &#8220;Qafqaz Karvansaray&#8221; otelind\u0259 realla\u015fd\u0131r\u0131ld\u0131. Respublikan\u0131n 21 rayonunun i\u015ftirak etdiyi festivalda 8 \u00e7e\u015fidd\u0259 m\u00fcr\u0259bb\u0259l\u0259ri 8 kulinar t\u0259msil edirdi.\u00a0 Festival\u0131n ke\u00e7irilm\u0259sind\u0259 m\u0259qs\u0259d milli m\u0259tb\u0259x irsimizin bir hiss\u0259si olan m\u00fcr\u0259bb\u0259l\u0259ri tan\u0131tmaq v\u0259 h\u0259m xalq yarad\u0131c\u0131l\u0131\u011f\u0131 kimi, h\u0259m d\u0259 milli m\u0259tb\u0259x irsimiz kimi toplanmas\u0131n\u0131 v\u0259 t\u0259bli\u011fini t\u0259\u015fkil etm\u0259kdir. Z\u0259rdab Rayon M\u0259d\u0259niyy\u0259t v\u0259 Turizm\u00a0 \u015e\u00f6b\u0259sinin kollektivi Q\u0259b\u0259l\u0259 rayon \u0130cra Hakimiyy\u0259tinin v\u0259 Az\u0259rbaycan Milli Kulinariya Assosiasiyas\u0131n\u0131n diplomuna layiq\u00a0 g\u00f6r\u00fcld\u00fc.<\/p>\n<p><span style=\"color: #0000ff;\"><strong>Z\u0259rdab Rayon M\u0259d\u0259niyy\u0259t v\u0259 Turizm \u015e\u00f6b\u0259si<a href=\"http:\/\/www.zerdab.com\/wp-content\/uploads\/2014\/08\/Z\u0259rdab-2.jpg\"><img loading=\"lazy\" decoding=\"async\" class=\"aligncenter size-large wp-image-16845\" alt=\"Z\u0259rdab rayonu\" src=\"http:\/\/www.zerdab.com\/wp-content\/uploads\/2014\/08\/Z\u0259rdab-2-550x412.jpg\" width=\"550\" height=\"412\" \/><\/a><a href=\"http:\/\/www.zerdab.com\/wp-content\/uploads\/2014\/08\/Z\u0259rdab-1.jpg\"><img loading=\"lazy\" decoding=\"async\" class=\"aligncenter size-large wp-image-16844\" alt=\"Z\u0259rdab rayonu\" src=\"http:\/\/www.zerdab.com\/wp-content\/uploads\/2014\/08\/Z\u0259rdab-1-550x550.jpg\" width=\"550\" height=\"550\" \/><\/a><a href=\"http:\/\/www.zerdab.com\/wp-content\/uploads\/2014\/08\/Z\u0259rdab-.jpg\"><img loading=\"lazy\" decoding=\"async\" class=\"aligncenter size-large wp-image-16843\" alt=\"Z\u0259rdab rayonu\" src=\"http:\/\/www.zerdab.com\/wp-content\/uploads\/2014\/08\/Z\u0259rdab--550x550.jpg\" width=\"550\" height=\"550\" \/><\/a><a href=\"http:\/\/www.zerdab.com\/wp-content\/uploads\/2014\/08\/Z\u0259rdab-4.jpg\"><img loading=\"lazy\" decoding=\"async\" class=\"aligncenter size-large wp-image-16847\" alt=\"Z\u0259rdab rayonu\" src=\"http:\/\/www.zerdab.com\/wp-content\/uploads\/2014\/08\/Z\u0259rdab-4-550x550.jpg\" width=\"550\" height=\"550\" \/><\/a><\/strong><\/span><\/p>\n","protected":false},"excerpt":{"rendered":"<p>Q\u0259b\u0259l\u0259 \u015f\u0259h\u0259rind\u0259 n\u00f6vb\u0259ti d\u0259f\u0259 m\u00fcr\u0259bb\u0259 festival\u0131 ke\u00e7irildi. Festivalda Z\u0259rdab Rayon M\u0259d\u0259niyy\u0259t v\u0259 Turizm \u015e\u00f6b\u0259sinin\u00a0 kollektivi d\u0259 i\u015ftirak etdi. Q\u0259b\u0259l\u0259 rayon \u0130cra Hakimiyy\u0259tinin, M\u0259d\u0259niyy\u0259t v\u0259 Turizm Nazirliyinin Milli Kulinariya M\u0259rk\u0259zinin, Az\u0259rbaycan Milli Kulinariya Assosiasiyas\u0131n\u0131n birg\u0259 t\u0259\u015fkil etdiyi festival Q\u0259b\u0259l\u0259 \u015f\u0259h\u0259rind\u0259ki &#8220;Qafqaz Karvansaray&#8221; otelind\u0259 realla\u015fd\u0131r\u0131ld\u0131. Respublikan\u0131n 21 rayonunun i\u015ftirak etdiyi festivalda 8 \u00e7e\u015fidd\u0259 m\u00fcr\u0259bb\u0259l\u0259ri 8 kulinar t\u0259msil [&hellip;]<\/p>\n","protected":false},"author":1,"featured_media":0,"comment_status":"open","ping_status":"open","sticky":false,"template":"","format":"standard","meta":{"footnotes":""},"categories":[21],"tags":[],"class_list":{"0":"post-16842","1":"post","2":"type-post","3":"status-publish","4":"format-standard","6":"category-zrdab"},"yoast_head":"<!-- This site is optimized with the Yoast SEO plugin v27.0 - https:\/\/yoast.com\/product\/yoast-seo-wordpress\/ -->\n<title>Z\u0259rdab\u0131 festivalda layiqinc\u0259 t\u0259msil etdil\u0259r - FOTOLAR - Z\u0259rdab.com<\/title>\n<meta name=\"robots\" content=\"index, follow, max-snippet:-1, max-image-preview:large, max-video-preview:-1\" \/>\n<link rel=\"canonical\" href=\"https:\/\/www.zerdab.com\/?p=16842\" \/>\n<meta property=\"og:locale\" content=\"az_AZ\" \/>\n<meta property=\"og:type\" content=\"article\" \/>\n<meta property=\"og:title\" content=\"Z\u0259rdab\u0131 festivalda layiqinc\u0259 t\u0259msil etdil\u0259r - FOTOLAR - Z\u0259rdab.com\" \/>\n<meta property=\"og:description\" content=\"Q\u0259b\u0259l\u0259 \u015f\u0259h\u0259rind\u0259 n\u00f6vb\u0259ti d\u0259f\u0259 m\u00fcr\u0259bb\u0259 festival\u0131 ke\u00e7irildi. Festivalda Z\u0259rdab Rayon M\u0259d\u0259niyy\u0259t v\u0259 Turizm \u015e\u00f6b\u0259sinin\u00a0 kollektivi d\u0259 i\u015ftirak etdi. Q\u0259b\u0259l\u0259 rayon \u0130cra Hakimiyy\u0259tinin, M\u0259d\u0259niyy\u0259t v\u0259 Turizm Nazirliyinin Milli Kulinariya M\u0259rk\u0259zinin, Az\u0259rbaycan Milli Kulinariya Assosiasiyas\u0131n\u0131n birg\u0259 t\u0259\u015fkil etdiyi festival Q\u0259b\u0259l\u0259 \u015f\u0259h\u0259rind\u0259ki &#8220;Qafqaz Karvansaray&#8221; otelind\u0259 realla\u015fd\u0131r\u0131ld\u0131. Respublikan\u0131n 21 rayonunun i\u015ftirak etdiyi festivalda 8 \u00e7e\u015fidd\u0259 m\u00fcr\u0259bb\u0259l\u0259ri 8 kulinar t\u0259msil [&hellip;]\" \/>\n<meta property=\"og:url\" content=\"https:\/\/www.zerdab.com\/?p=16842\" \/>\n<meta property=\"og:site_name\" content=\"Z\u0259rdab.com\" \/>\n<meta property=\"article:published_time\" content=\"2014-08-26T03:00:33+00:00\" \/>\n<meta name=\"author\" content=\"admin\" \/>\n<meta name=\"twitter:card\" content=\"summary_large_image\" \/>\n<meta name=\"twitter:label1\" content=\"Written by\" \/>\n\t<meta name=\"twitter:data1\" content=\"admin\" \/>\n\t<meta name=\"twitter:label2\" content=\"Est. reading time\" \/>\n\t<meta name=\"twitter:data2\" content=\"1 minute\" \/>\n<script type=\"application\/ld+json\" class=\"yoast-schema-graph\">{\"@context\":\"https:\/\/schema.org\",\"@graph\":[{\"@type\":\"Article\",\"@id\":\"https:\/\/www.zerdab.com\/?p=16842#article\",\"isPartOf\":{\"@id\":\"https:\/\/www.zerdab.com\/?p=16842\"},\"author\":{\"name\":\"admin\",\"@id\":\"https:\/\/www.zerdab.com\/#\/schema\/person\/97079b7570c1e89ec0d9e138c3672136\"},\"headline\":\"Z\u0259rdab\u0131 festivalda layiqinc\u0259 t\u0259msil etdil\u0259r &#8211; FOTOLAR\",\"datePublished\":\"2014-08-26T03:00:33+00:00\",\"mainEntityOfPage\":{\"@id\":\"https:\/\/www.zerdab.com\/?p=16842\"},\"wordCount\":199,\"commentCount\":9,\"articleSection\":[\"C\u018fM\u0130YY\u018fT\"],\"inLanguage\":\"az\",\"potentialAction\":[{\"@type\":\"CommentAction\",\"name\":\"Comment\",\"target\":[\"https:\/\/www.zerdab.com\/?p=16842#respond\"]}]},{\"@type\":\"WebPage\",\"@id\":\"https:\/\/www.zerdab.com\/?p=16842\",\"url\":\"https:\/\/www.zerdab.com\/?p=16842\",\"name\":\"Z\u0259rdab\u0131 festivalda layiqinc\u0259 t\u0259msil etdil\u0259r - FOTOLAR - Z\u0259rdab.com\",\"isPartOf\":{\"@id\":\"https:\/\/www.zerdab.com\/#website\"},\"datePublished\":\"2014-08-26T03:00:33+00:00\",\"author\":{\"@id\":\"https:\/\/www.zerdab.com\/#\/schema\/person\/97079b7570c1e89ec0d9e138c3672136\"},\"breadcrumb\":{\"@id\":\"https:\/\/www.zerdab.com\/?p=16842#breadcrumb\"},\"inLanguage\":\"az\",\"potentialAction\":[{\"@type\":\"ReadAction\",\"target\":[\"https:\/\/www.zerdab.com\/?p=16842\"]}]},{\"@type\":\"BreadcrumbList\",\"@id\":\"https:\/\/www.zerdab.com\/?p=16842#breadcrumb\",\"itemListElement\":[{\"@type\":\"ListItem\",\"position\":1,\"name\":\"Home\",\"item\":\"https:\/\/www.zerdab.com\/\"},{\"@type\":\"ListItem\",\"position\":2,\"name\":\"Z\u0259rdab\u0131 festivalda layiqinc\u0259 t\u0259msil etdil\u0259r &#8211; FOTOLAR\"}]},{\"@type\":\"WebSite\",\"@id\":\"https:\/\/www.zerdab.com\/#website\",\"url\":\"https:\/\/www.zerdab.com\/\",\"name\":\"Z\u0259rdab.com\",\"description\":\"\",\"potentialAction\":[{\"@type\":\"SearchAction\",\"target\":{\"@type\":\"EntryPoint\",\"urlTemplate\":\"https:\/\/www.zerdab.com\/?s={search_term_string}\"},\"query-input\":{\"@type\":\"PropertyValueSpecification\",\"valueRequired\":true,\"valueName\":\"search_term_string\"}}],\"inLanguage\":\"az\"},{\"@type\":\"Person\",\"@id\":\"https:\/\/www.zerdab.com\/#\/schema\/person\/97079b7570c1e89ec0d9e138c3672136\",\"name\":\"admin\",\"image\":{\"@type\":\"ImageObject\",\"inLanguage\":\"az\",\"@id\":\"https:\/\/www.zerdab.com\/#\/schema\/person\/image\/\",\"url\":\"https:\/\/secure.gravatar.com\/avatar\/d9c52a9a27c32119cb6679a077fa3e2779e5f822c451cbf01098004361d466ec?s=96&d=mm&r=g\",\"contentUrl\":\"https:\/\/secure.gravatar.com\/avatar\/d9c52a9a27c32119cb6679a077fa3e2779e5f822c451cbf01098004361d466ec?s=96&d=mm&r=g\",\"caption\":\"admin\"},\"url\":\"https:\/\/www.zerdab.com\/?author=1\"}]}<\/script>\n<!-- \/ Yoast SEO plugin. -->","yoast_head_json":{"title":"Z\u0259rdab\u0131 festivalda layiqinc\u0259 t\u0259msil etdil\u0259r - FOTOLAR - Z\u0259rdab.com","robots":{"index":"index","follow":"follow","max-snippet":"max-snippet:-1","max-image-preview":"max-image-preview:large","max-video-preview":"max-video-preview:-1"},"canonical":"https:\/\/www.zerdab.com\/?p=16842","og_locale":"az_AZ","og_type":"article","og_title":"Z\u0259rdab\u0131 festivalda layiqinc\u0259 t\u0259msil etdil\u0259r - FOTOLAR - Z\u0259rdab.com","og_description":"Q\u0259b\u0259l\u0259 \u015f\u0259h\u0259rind\u0259 n\u00f6vb\u0259ti d\u0259f\u0259 m\u00fcr\u0259bb\u0259 festival\u0131 ke\u00e7irildi. Festivalda Z\u0259rdab Rayon M\u0259d\u0259niyy\u0259t v\u0259 Turizm \u015e\u00f6b\u0259sinin\u00a0 kollektivi d\u0259 i\u015ftirak etdi. Q\u0259b\u0259l\u0259 rayon \u0130cra Hakimiyy\u0259tinin, M\u0259d\u0259niyy\u0259t v\u0259 Turizm Nazirliyinin Milli Kulinariya M\u0259rk\u0259zinin, Az\u0259rbaycan Milli Kulinariya Assosiasiyas\u0131n\u0131n birg\u0259 t\u0259\u015fkil etdiyi festival Q\u0259b\u0259l\u0259 \u015f\u0259h\u0259rind\u0259ki &#8220;Qafqaz Karvansaray&#8221; otelind\u0259 realla\u015fd\u0131r\u0131ld\u0131. Respublikan\u0131n 21 rayonunun i\u015ftirak etdiyi festivalda 8 \u00e7e\u015fidd\u0259 m\u00fcr\u0259bb\u0259l\u0259ri 8 kulinar t\u0259msil [&hellip;]","og_url":"https:\/\/www.zerdab.com\/?p=16842","og_site_name":"Z\u0259rdab.com","article_published_time":"2014-08-26T03:00:33+00:00","author":"admin","twitter_card":"summary_large_image","twitter_misc":{"Written by":"admin","Est. reading time":"1 minute"},"schema":{"@context":"https:\/\/schema.org","@graph":[{"@type":"Article","@id":"https:\/\/www.zerdab.com\/?p=16842#article","isPartOf":{"@id":"https:\/\/www.zerdab.com\/?p=16842"},"author":{"name":"admin","@id":"https:\/\/www.zerdab.com\/#\/schema\/person\/97079b7570c1e89ec0d9e138c3672136"},"headline":"Z\u0259rdab\u0131 festivalda layiqinc\u0259 t\u0259msil etdil\u0259r &#8211; FOTOLAR","datePublished":"2014-08-26T03:00:33+00:00","mainEntityOfPage":{"@id":"https:\/\/www.zerdab.com\/?p=16842"},"wordCount":199,"commentCount":9,"articleSection":["C\u018fM\u0130YY\u018fT"],"inLanguage":"az","potentialAction":[{"@type":"CommentAction","name":"Comment","target":["https:\/\/www.zerdab.com\/?p=16842#respond"]}]},{"@type":"WebPage","@id":"https:\/\/www.zerdab.com\/?p=16842","url":"https:\/\/www.zerdab.com\/?p=16842","name":"Z\u0259rdab\u0131 festivalda layiqinc\u0259 t\u0259msil etdil\u0259r - FOTOLAR - Z\u0259rdab.com","isPartOf":{"@id":"https:\/\/www.zerdab.com\/#website"},"datePublished":"2014-08-26T03:00:33+00:00","author":{"@id":"https:\/\/www.zerdab.com\/#\/schema\/person\/97079b7570c1e89ec0d9e138c3672136"},"breadcrumb":{"@id":"https:\/\/www.zerdab.com\/?p=16842#breadcrumb"},"inLanguage":"az","potentialAction":[{"@type":"ReadAction","target":["https:\/\/www.zerdab.com\/?p=16842"]}]},{"@type":"BreadcrumbList","@id":"https:\/\/www.zerdab.com\/?p=16842#breadcrumb","itemListElement":[{"@type":"ListItem","position":1,"name":"Home","item":"https:\/\/www.zerdab.com\/"},{"@type":"ListItem","position":2,"name":"Z\u0259rdab\u0131 festivalda layiqinc\u0259 t\u0259msil etdil\u0259r &#8211; FOTOLAR"}]},{"@type":"WebSite","@id":"https:\/\/www.zerdab.com\/#website","url":"https:\/\/www.zerdab.com\/","name":"Z\u0259rdab.com","description":"","potentialAction":[{"@type":"SearchAction","target":{"@type":"EntryPoint","urlTemplate":"https:\/\/www.zerdab.com\/?s={search_term_string}"},"query-input":{"@type":"PropertyValueSpecification","valueRequired":true,"valueName":"search_term_string"}}],"inLanguage":"az"},{"@type":"Person","@id":"https:\/\/www.zerdab.com\/#\/schema\/person\/97079b7570c1e89ec0d9e138c3672136","name":"admin","image":{"@type":"ImageObject","inLanguage":"az","@id":"https:\/\/www.zerdab.com\/#\/schema\/person\/image\/","url":"https:\/\/secure.gravatar.com\/avatar\/d9c52a9a27c32119cb6679a077fa3e2779e5f822c451cbf01098004361d466ec?s=96&d=mm&r=g","contentUrl":"https:\/\/secure.gravatar.com\/avatar\/d9c52a9a27c32119cb6679a077fa3e2779e5f822c451cbf01098004361d466ec?s=96&d=mm&r=g","caption":"admin"},"url":"https:\/\/www.zerdab.com\/?author=1"}]}},"_links":{"self":[{"href":"https:\/\/www.zerdab.com\/index.php?rest_route=\/wp\/v2\/posts\/16842","targetHints":{"allow":["GET"]}}],"collection":[{"href":"https:\/\/www.zerdab.com\/index.php?rest_route=\/wp\/v2\/posts"}],"about":[{"href":"https:\/\/www.zerdab.com\/index.php?rest_route=\/wp\/v2\/types\/post"}],"author":[{"embeddable":true,"href":"https:\/\/www.zerdab.com\/index.php?rest_route=\/wp\/v2\/users\/1"}],"replies":[{"embeddable":true,"href":"https:\/\/www.zerdab.com\/index.php?rest_route=%2Fwp%2Fv2%2Fcomments&post=16842"}],"version-history":[{"count":1,"href":"https:\/\/www.zerdab.com\/index.php?rest_route=\/wp\/v2\/posts\/16842\/revisions"}],"predecessor-version":[{"id":16848,"href":"https:\/\/www.zerdab.com\/index.php?rest_route=\/wp\/v2\/posts\/16842\/revisions\/16848"}],"wp:attachment":[{"href":"https:\/\/www.zerdab.com\/index.php?rest_route=%2Fwp%2Fv2%2Fmedia&parent=16842"}],"wp:term":[{"taxonomy":"category","embeddable":true,"href":"https:\/\/www.zerdab.com\/index.php?rest_route=%2Fwp%2Fv2%2Fcategories&post=16842"},{"taxonomy":"post_tag","embeddable":true,"href":"https:\/\/www.zerdab.com\/index.php?rest_route=%2Fwp%2Fv2%2Ftags&post=16842"}],"curies":[{"name":"wp","href":"https:\/\/api.w.org\/{rel}","templated":true}]}}