{"id":16932,"date":"2014-10-05T18:31:24","date_gmt":"2014-10-05T13:31:24","guid":{"rendered":"http:\/\/www.zerdab.com\/?p=16932"},"modified":"2014-10-05T18:34:35","modified_gmt":"2014-10-05T13:34:35","slug":"z%c9%99rdabda-qurban-bayrami-qeyd-edildi-fotolar","status":"publish","type":"post","link":"https:\/\/www.zerdab.com\/?p=16932","title":{"rendered":"Z\u0259rdabda Qurban bayram\u0131 qeyd edildi &#8211; FOTOLAR"},"content":{"rendered":"<figure id=\"attachment_16933\" aria-describedby=\"caption-attachment-16933\" style=\"width: 550px\" class=\"wp-caption aligncenter\"><a href=\"http:\/\/www.zerdab.com\/wp-content\/uploads\/2014\/10\/Qurban-bayrami.jpg\"><img loading=\"lazy\" decoding=\"async\" class=\"size-large wp-image-16933\" alt=\"Qurban bayrami\" src=\"http:\/\/www.zerdab.com\/wp-content\/uploads\/2014\/10\/Qurban-bayrami-550x365.jpg\" width=\"550\" height=\"365\" \/><\/a><figcaption id=\"caption-attachment-16933\" class=\"wp-caption-text\"><span style=\"color: #0000ff;\"><strong>Z\u0259rdab Rayon \u0130cra Hakimiyy\u0259tinin ba\u015f\u00e7\u0131s\u0131 L\u00fctv\u0259li Babayev Qurban bayram\u0131 m\u00fcnasib\u0259til\u0259 t\u0259\u015fkil olunan \u00fcmumrayon m\u0259rasimind\u0259 \u00e7\u0131x\u0131\u015f ed\u0259r\u0259k i\u015ftirak\u00e7\u0131lar\u0131 bayram m\u00fcnasib\u0259til\u0259 t\u0259brik edib.<\/strong><\/span><\/figcaption><\/figure>\n<p>Z\u0259rdabda qurban bayram\u0131 m\u00fcnasib\u0259til\u0259 \u00fcmumrayon t\u0259dbiri ke\u00e7irilib. Bu bar\u0259d\u0259 Zerdab.com sayt\u0131na Z\u0259rdab Rayon \u0130cra Hakimiyy\u0259tind\u0259n m\u0259lumat verilib. M\u0259lumatda deyilir: &#8220;\u0130cra Hakimiyy\u0259tinin r\u0259hb\u0259rliyi alt\u0131nda \u00e7oxsayl\u0131 iri v\u0259 x\u0131rdabuynuzlu heyvan k\u0259sil\u0259r\u0259k imtiyazl\u0131 ail\u0259l\u0259r\u0259, t\u0259nha v\u0259 imkans\u0131zlara paylan\u0131l\u0131b. \u00dcmumilikd\u0259 300 n\u0259f\u0259r Qurban pay\u0131 il\u0259 t\u0259min olunub.<\/p>\n<p>Z\u0259rdab Rayon \u0130cra Hakimiyy\u0259tinin ba\u015f\u00e7\u0131s\u0131 L\u00fctv\u0259li Babayev Qurban bayram\u0131 m\u00fcnasib\u0259til\u0259 t\u0259\u015fkil olunan \u00fcmumrayon m\u0259rasimind\u0259 \u00e7\u0131x\u0131\u015f ed\u0259r\u0259k i\u015ftirak\u00e7\u0131lar\u0131 bayram m\u00fcnasib\u0259til\u0259 t\u0259brik edib. Milli-m\u0259n\u0259vi d\u0259y\u0259rl\u0259rimiz\u0259 g\u00f6st\u0259ril\u0259n d\u00f6vl\u0259t qay\u011f\u0131s\u0131ndan s\u00f6hb\u0259t a\u00e7\u0131b. M\u00fcq\u0259dd\u0259s Qurban bayram\u0131n\u0131n mahiyy\u0259ti haqq\u0131nda geni\u015f m\u0259lumat verib.<\/p>\n<p>T\u0259dbir i\u015ftirak\u00e7\u0131lar\u0131 d\u00f6vl\u0259timizin milli m\u0259n\u0259vi d\u0259y\u0259rl\u0259rimiz\u0259 sadiqliyin\u0259, onlara g\u00f6st\u0259ril\u0259n diqq\u0259t v\u0259 qay\u011f\u0131ya g\u00f6r\u0259 m\u00f6ht\u0259r\u0259m prezidentimiz c\u0259nab \u0130lham \u018fliyev\u0259 minn\u0259tdarl\u0131q edibl\u0259r&#8221;.<\/p>\n<p><b><a href=\"http:\/\/www.zerdab.com\/wp-content\/uploads\/2014\/10\/Qurban-bayrami3.jpg\"><img loading=\"lazy\" decoding=\"async\" class=\"aligncenter size-large wp-image-16936\" alt=\"Qurban bayrami\" src=\"http:\/\/www.zerdab.com\/wp-content\/uploads\/2014\/10\/Qurban-bayrami3-550x365.jpg\" width=\"550\" height=\"365\" \/><\/a><a href=\"http:\/\/www.zerdab.com\/wp-content\/uploads\/2014\/10\/Qurban-bayrami2.jpg\"><img loading=\"lazy\" decoding=\"async\" class=\"aligncenter size-large wp-image-16935\" alt=\"Qurban bayrami\" src=\"http:\/\/www.zerdab.com\/wp-content\/uploads\/2014\/10\/Qurban-bayrami2-550x365.jpg\" width=\"550\" height=\"365\" \/><\/a><a href=\"http:\/\/www.zerdab.com\/wp-content\/uploads\/2014\/10\/Qurban-bayrami1.jpg\"><img loading=\"lazy\" decoding=\"async\" class=\"aligncenter size-large wp-image-16934\" alt=\"Qurban bayrami\" src=\"http:\/\/www.zerdab.com\/wp-content\/uploads\/2014\/10\/Qurban-bayrami1-550x365.jpg\" width=\"550\" height=\"365\" \/><\/a><\/b><\/p>\n","protected":false},"excerpt":{"rendered":"<p>Z\u0259rdabda qurban bayram\u0131 m\u00fcnasib\u0259til\u0259 \u00fcmumrayon t\u0259dbiri ke\u00e7irilib. Bu bar\u0259d\u0259 Zerdab.com sayt\u0131na Z\u0259rdab Rayon \u0130cra Hakimiyy\u0259tind\u0259n m\u0259lumat verilib. M\u0259lumatda deyilir: &#8220;\u0130cra Hakimiyy\u0259tinin r\u0259hb\u0259rliyi alt\u0131nda \u00e7oxsayl\u0131 iri v\u0259 x\u0131rdabuynuzlu heyvan k\u0259sil\u0259r\u0259k imtiyazl\u0131 ail\u0259l\u0259r\u0259, t\u0259nha v\u0259 imkans\u0131zlara paylan\u0131l\u0131b. \u00dcmumilikd\u0259 300 n\u0259f\u0259r Qurban pay\u0131 il\u0259 t\u0259min olunub. Z\u0259rdab Rayon \u0130cra Hakimiyy\u0259tinin ba\u015f\u00e7\u0131s\u0131 L\u00fctv\u0259li Babayev Qurban bayram\u0131 m\u00fcnasib\u0259til\u0259 t\u0259\u015fkil olunan [&hellip;]<\/p>\n","protected":false},"author":1,"featured_media":0,"comment_status":"open","ping_status":"open","sticky":false,"template":"","format":"standard","meta":{"footnotes":""},"categories":[21],"tags":[],"class_list":{"0":"post-16932","1":"post","2":"type-post","3":"status-publish","4":"format-standard","6":"category-zrdab"},"yoast_head":"<!-- This site is optimized with the Yoast SEO plugin v27.0 - https:\/\/yoast.com\/product\/yoast-seo-wordpress\/ -->\n<title>Z\u0259rdabda Qurban bayram\u0131 qeyd edildi - FOTOLAR - Z\u0259rdab.com<\/title>\n<meta name=\"robots\" content=\"index, follow, max-snippet:-1, max-image-preview:large, max-video-preview:-1\" \/>\n<link rel=\"canonical\" href=\"https:\/\/www.zerdab.com\/?p=16932\" \/>\n<meta property=\"og:locale\" content=\"az_AZ\" \/>\n<meta property=\"og:type\" content=\"article\" \/>\n<meta property=\"og:title\" content=\"Z\u0259rdabda Qurban bayram\u0131 qeyd edildi - FOTOLAR - Z\u0259rdab.com\" \/>\n<meta property=\"og:description\" content=\"Z\u0259rdabda qurban bayram\u0131 m\u00fcnasib\u0259til\u0259 \u00fcmumrayon t\u0259dbiri ke\u00e7irilib. Bu bar\u0259d\u0259 Zerdab.com sayt\u0131na Z\u0259rdab Rayon \u0130cra Hakimiyy\u0259tind\u0259n m\u0259lumat verilib. M\u0259lumatda deyilir: &#8220;\u0130cra Hakimiyy\u0259tinin r\u0259hb\u0259rliyi alt\u0131nda \u00e7oxsayl\u0131 iri v\u0259 x\u0131rdabuynuzlu heyvan k\u0259sil\u0259r\u0259k imtiyazl\u0131 ail\u0259l\u0259r\u0259, t\u0259nha v\u0259 imkans\u0131zlara paylan\u0131l\u0131b. \u00dcmumilikd\u0259 300 n\u0259f\u0259r Qurban pay\u0131 il\u0259 t\u0259min olunub. Z\u0259rdab Rayon \u0130cra Hakimiyy\u0259tinin ba\u015f\u00e7\u0131s\u0131 L\u00fctv\u0259li Babayev Qurban bayram\u0131 m\u00fcnasib\u0259til\u0259 t\u0259\u015fkil olunan [&hellip;]\" \/>\n<meta property=\"og:url\" content=\"https:\/\/www.zerdab.com\/?p=16932\" \/>\n<meta property=\"og:site_name\" content=\"Z\u0259rdab.com\" \/>\n<meta property=\"article:published_time\" content=\"2014-10-05T13:31:24+00:00\" \/>\n<meta property=\"article:modified_time\" content=\"2014-10-05T13:34:35+00:00\" \/>\n<meta property=\"og:image\" content=\"http:\/\/www.zerdab.com\/wp-content\/uploads\/2014\/10\/Qurban-bayrami-550x365.jpg\" \/>\n<meta name=\"author\" content=\"admin\" \/>\n<meta name=\"twitter:card\" content=\"summary_large_image\" \/>\n<meta name=\"twitter:label1\" content=\"Written by\" \/>\n\t<meta name=\"twitter:data1\" content=\"admin\" \/>\n\t<meta name=\"twitter:label2\" content=\"Est. reading time\" \/>\n\t<meta name=\"twitter:data2\" content=\"1 minute\" \/>\n<script type=\"application\/ld+json\" class=\"yoast-schema-graph\">{\"@context\":\"https:\/\/schema.org\",\"@graph\":[{\"@type\":\"Article\",\"@id\":\"https:\/\/www.zerdab.com\/?p=16932#article\",\"isPartOf\":{\"@id\":\"https:\/\/www.zerdab.com\/?p=16932\"},\"author\":{\"name\":\"admin\",\"@id\":\"https:\/\/www.zerdab.com\/#\/schema\/person\/97079b7570c1e89ec0d9e138c3672136\"},\"headline\":\"Z\u0259rdabda Qurban bayram\u0131 qeyd edildi &#8211; FOTOLAR\",\"datePublished\":\"2014-10-05T13:31:24+00:00\",\"dateModified\":\"2014-10-05T13:34:35+00:00\",\"mainEntityOfPage\":{\"@id\":\"https:\/\/www.zerdab.com\/?p=16932\"},\"wordCount\":242,\"commentCount\":4,\"image\":{\"@id\":\"https:\/\/www.zerdab.com\/?p=16932#primaryimage\"},\"thumbnailUrl\":\"http:\/\/www.zerdab.com\/wp-content\/uploads\/2014\/10\/Qurban-bayrami-550x365.jpg\",\"articleSection\":[\"C\u018fM\u0130YY\u018fT\"],\"inLanguage\":\"az\",\"potentialAction\":[{\"@type\":\"CommentAction\",\"name\":\"Comment\",\"target\":[\"https:\/\/www.zerdab.com\/?p=16932#respond\"]}]},{\"@type\":\"WebPage\",\"@id\":\"https:\/\/www.zerdab.com\/?p=16932\",\"url\":\"https:\/\/www.zerdab.com\/?p=16932\",\"name\":\"Z\u0259rdabda Qurban bayram\u0131 qeyd edildi - FOTOLAR - Z\u0259rdab.com\",\"isPartOf\":{\"@id\":\"https:\/\/www.zerdab.com\/#website\"},\"primaryImageOfPage\":{\"@id\":\"https:\/\/www.zerdab.com\/?p=16932#primaryimage\"},\"image\":{\"@id\":\"https:\/\/www.zerdab.com\/?p=16932#primaryimage\"},\"thumbnailUrl\":\"http:\/\/www.zerdab.com\/wp-content\/uploads\/2014\/10\/Qurban-bayrami-550x365.jpg\",\"datePublished\":\"2014-10-05T13:31:24+00:00\",\"dateModified\":\"2014-10-05T13:34:35+00:00\",\"author\":{\"@id\":\"https:\/\/www.zerdab.com\/#\/schema\/person\/97079b7570c1e89ec0d9e138c3672136\"},\"breadcrumb\":{\"@id\":\"https:\/\/www.zerdab.com\/?p=16932#breadcrumb\"},\"inLanguage\":\"az\",\"potentialAction\":[{\"@type\":\"ReadAction\",\"target\":[\"https:\/\/www.zerdab.com\/?p=16932\"]}]},{\"@type\":\"ImageObject\",\"inLanguage\":\"az\",\"@id\":\"https:\/\/www.zerdab.com\/?p=16932#primaryimage\",\"url\":\"\",\"contentUrl\":\"\"},{\"@type\":\"BreadcrumbList\",\"@id\":\"https:\/\/www.zerdab.com\/?p=16932#breadcrumb\",\"itemListElement\":[{\"@type\":\"ListItem\",\"position\":1,\"name\":\"Home\",\"item\":\"https:\/\/www.zerdab.com\/\"},{\"@type\":\"ListItem\",\"position\":2,\"name\":\"Z\u0259rdabda Qurban bayram\u0131 qeyd edildi &#8211; FOTOLAR\"}]},{\"@type\":\"WebSite\",\"@id\":\"https:\/\/www.zerdab.com\/#website\",\"url\":\"https:\/\/www.zerdab.com\/\",\"name\":\"Z\u0259rdab.com\",\"description\":\"\",\"potentialAction\":[{\"@type\":\"SearchAction\",\"target\":{\"@type\":\"EntryPoint\",\"urlTemplate\":\"https:\/\/www.zerdab.com\/?s={search_term_string}\"},\"query-input\":{\"@type\":\"PropertyValueSpecification\",\"valueRequired\":true,\"valueName\":\"search_term_string\"}}],\"inLanguage\":\"az\"},{\"@type\":\"Person\",\"@id\":\"https:\/\/www.zerdab.com\/#\/schema\/person\/97079b7570c1e89ec0d9e138c3672136\",\"name\":\"admin\",\"image\":{\"@type\":\"ImageObject\",\"inLanguage\":\"az\",\"@id\":\"https:\/\/www.zerdab.com\/#\/schema\/person\/image\/\",\"url\":\"https:\/\/secure.gravatar.com\/avatar\/d9c52a9a27c32119cb6679a077fa3e2779e5f822c451cbf01098004361d466ec?s=96&d=mm&r=g\",\"contentUrl\":\"https:\/\/secure.gravatar.com\/avatar\/d9c52a9a27c32119cb6679a077fa3e2779e5f822c451cbf01098004361d466ec?s=96&d=mm&r=g\",\"caption\":\"admin\"},\"url\":\"https:\/\/www.zerdab.com\/?author=1\"}]}<\/script>\n<!-- \/ Yoast SEO plugin. -->","yoast_head_json":{"title":"Z\u0259rdabda Qurban bayram\u0131 qeyd edildi - FOTOLAR - Z\u0259rdab.com","robots":{"index":"index","follow":"follow","max-snippet":"max-snippet:-1","max-image-preview":"max-image-preview:large","max-video-preview":"max-video-preview:-1"},"canonical":"https:\/\/www.zerdab.com\/?p=16932","og_locale":"az_AZ","og_type":"article","og_title":"Z\u0259rdabda Qurban bayram\u0131 qeyd edildi - FOTOLAR - Z\u0259rdab.com","og_description":"Z\u0259rdabda qurban bayram\u0131 m\u00fcnasib\u0259til\u0259 \u00fcmumrayon t\u0259dbiri ke\u00e7irilib. Bu bar\u0259d\u0259 Zerdab.com sayt\u0131na Z\u0259rdab Rayon \u0130cra Hakimiyy\u0259tind\u0259n m\u0259lumat verilib. M\u0259lumatda deyilir: &#8220;\u0130cra Hakimiyy\u0259tinin r\u0259hb\u0259rliyi alt\u0131nda \u00e7oxsayl\u0131 iri v\u0259 x\u0131rdabuynuzlu heyvan k\u0259sil\u0259r\u0259k imtiyazl\u0131 ail\u0259l\u0259r\u0259, t\u0259nha v\u0259 imkans\u0131zlara paylan\u0131l\u0131b. \u00dcmumilikd\u0259 300 n\u0259f\u0259r Qurban pay\u0131 il\u0259 t\u0259min olunub. Z\u0259rdab Rayon \u0130cra Hakimiyy\u0259tinin ba\u015f\u00e7\u0131s\u0131 L\u00fctv\u0259li Babayev Qurban bayram\u0131 m\u00fcnasib\u0259til\u0259 t\u0259\u015fkil olunan [&hellip;]","og_url":"https:\/\/www.zerdab.com\/?p=16932","og_site_name":"Z\u0259rdab.com","article_published_time":"2014-10-05T13:31:24+00:00","article_modified_time":"2014-10-05T13:34:35+00:00","og_image":[{"url":"http:\/\/www.zerdab.com\/wp-content\/uploads\/2014\/10\/Qurban-bayrami-550x365.jpg","type":"","width":"","height":""}],"author":"admin","twitter_card":"summary_large_image","twitter_misc":{"Written by":"admin","Est. reading time":"1 minute"},"schema":{"@context":"https:\/\/schema.org","@graph":[{"@type":"Article","@id":"https:\/\/www.zerdab.com\/?p=16932#article","isPartOf":{"@id":"https:\/\/www.zerdab.com\/?p=16932"},"author":{"name":"admin","@id":"https:\/\/www.zerdab.com\/#\/schema\/person\/97079b7570c1e89ec0d9e138c3672136"},"headline":"Z\u0259rdabda Qurban bayram\u0131 qeyd edildi &#8211; FOTOLAR","datePublished":"2014-10-05T13:31:24+00:00","dateModified":"2014-10-05T13:34:35+00:00","mainEntityOfPage":{"@id":"https:\/\/www.zerdab.com\/?p=16932"},"wordCount":242,"commentCount":4,"image":{"@id":"https:\/\/www.zerdab.com\/?p=16932#primaryimage"},"thumbnailUrl":"http:\/\/www.zerdab.com\/wp-content\/uploads\/2014\/10\/Qurban-bayrami-550x365.jpg","articleSection":["C\u018fM\u0130YY\u018fT"],"inLanguage":"az","potentialAction":[{"@type":"CommentAction","name":"Comment","target":["https:\/\/www.zerdab.com\/?p=16932#respond"]}]},{"@type":"WebPage","@id":"https:\/\/www.zerdab.com\/?p=16932","url":"https:\/\/www.zerdab.com\/?p=16932","name":"Z\u0259rdabda Qurban bayram\u0131 qeyd edildi - FOTOLAR - Z\u0259rdab.com","isPartOf":{"@id":"https:\/\/www.zerdab.com\/#website"},"primaryImageOfPage":{"@id":"https:\/\/www.zerdab.com\/?p=16932#primaryimage"},"image":{"@id":"https:\/\/www.zerdab.com\/?p=16932#primaryimage"},"thumbnailUrl":"http:\/\/www.zerdab.com\/wp-content\/uploads\/2014\/10\/Qurban-bayrami-550x365.jpg","datePublished":"2014-10-05T13:31:24+00:00","dateModified":"2014-10-05T13:34:35+00:00","author":{"@id":"https:\/\/www.zerdab.com\/#\/schema\/person\/97079b7570c1e89ec0d9e138c3672136"},"breadcrumb":{"@id":"https:\/\/www.zerdab.com\/?p=16932#breadcrumb"},"inLanguage":"az","potentialAction":[{"@type":"ReadAction","target":["https:\/\/www.zerdab.com\/?p=16932"]}]},{"@type":"ImageObject","inLanguage":"az","@id":"https:\/\/www.zerdab.com\/?p=16932#primaryimage","url":"","contentUrl":""},{"@type":"BreadcrumbList","@id":"https:\/\/www.zerdab.com\/?p=16932#breadcrumb","itemListElement":[{"@type":"ListItem","position":1,"name":"Home","item":"https:\/\/www.zerdab.com\/"},{"@type":"ListItem","position":2,"name":"Z\u0259rdabda Qurban bayram\u0131 qeyd edildi &#8211; FOTOLAR"}]},{"@type":"WebSite","@id":"https:\/\/www.zerdab.com\/#website","url":"https:\/\/www.zerdab.com\/","name":"Z\u0259rdab.com","description":"","potentialAction":[{"@type":"SearchAction","target":{"@type":"EntryPoint","urlTemplate":"https:\/\/www.zerdab.com\/?s={search_term_string}"},"query-input":{"@type":"PropertyValueSpecification","valueRequired":true,"valueName":"search_term_string"}}],"inLanguage":"az"},{"@type":"Person","@id":"https:\/\/www.zerdab.com\/#\/schema\/person\/97079b7570c1e89ec0d9e138c3672136","name":"admin","image":{"@type":"ImageObject","inLanguage":"az","@id":"https:\/\/www.zerdab.com\/#\/schema\/person\/image\/","url":"https:\/\/secure.gravatar.com\/avatar\/d9c52a9a27c32119cb6679a077fa3e2779e5f822c451cbf01098004361d466ec?s=96&d=mm&r=g","contentUrl":"https:\/\/secure.gravatar.com\/avatar\/d9c52a9a27c32119cb6679a077fa3e2779e5f822c451cbf01098004361d466ec?s=96&d=mm&r=g","caption":"admin"},"url":"https:\/\/www.zerdab.com\/?author=1"}]}},"_links":{"self":[{"href":"https:\/\/www.zerdab.com\/index.php?rest_route=\/wp\/v2\/posts\/16932","targetHints":{"allow":["GET"]}}],"collection":[{"href":"https:\/\/www.zerdab.com\/index.php?rest_route=\/wp\/v2\/posts"}],"about":[{"href":"https:\/\/www.zerdab.com\/index.php?rest_route=\/wp\/v2\/types\/post"}],"author":[{"embeddable":true,"href":"https:\/\/www.zerdab.com\/index.php?rest_route=\/wp\/v2\/users\/1"}],"replies":[{"embeddable":true,"href":"https:\/\/www.zerdab.com\/index.php?rest_route=%2Fwp%2Fv2%2Fcomments&post=16932"}],"version-history":[{"count":4,"href":"https:\/\/www.zerdab.com\/index.php?rest_route=\/wp\/v2\/posts\/16932\/revisions"}],"predecessor-version":[{"id":16940,"href":"https:\/\/www.zerdab.com\/index.php?rest_route=\/wp\/v2\/posts\/16932\/revisions\/16940"}],"wp:attachment":[{"href":"https:\/\/www.zerdab.com\/index.php?rest_route=%2Fwp%2Fv2%2Fmedia&parent=16932"}],"wp:term":[{"taxonomy":"category","embeddable":true,"href":"https:\/\/www.zerdab.com\/index.php?rest_route=%2Fwp%2Fv2%2Fcategories&post=16932"},{"taxonomy":"post_tag","embeddable":true,"href":"https:\/\/www.zerdab.com\/index.php?rest_route=%2Fwp%2Fv2%2Ftags&post=16932"}],"curies":[{"name":"wp","href":"https:\/\/api.w.org\/{rel}","templated":true}]}}