{"id":16967,"date":"2014-10-13T08:00:09","date_gmt":"2014-10-13T03:00:09","guid":{"rendered":"http:\/\/www.zerdab.com\/?p=16967"},"modified":"2014-10-12T22:03:54","modified_gmt":"2014-10-12T17:03:54","slug":"almaniyada-yasayan-h%c9%99myerlimizin-iki-kitabi-capdan-cixib-foto","status":"publish","type":"post","link":"https:\/\/www.zerdab.com\/?p=16967","title":{"rendered":"Almaniyada ya\u015fayan h\u0259myerlimizin iki kitab\u0131 \u00e7apdan \u00e7\u0131x\u0131b &#8211; FOTO"},"content":{"rendered":"<p><strong><a href=\"http:\/\/www.zerdab.com\/wp-content\/uploads\/2014\/10\/\u018fzim\u0259-A\u011falarova1.jpg\"><img loading=\"lazy\" decoding=\"async\" class=\"aligncenter size-large wp-image-16969\" alt=\"\u018fzim\u0259 A\u011falarova\" src=\"http:\/\/www.zerdab.com\/wp-content\/uploads\/2014\/10\/\u018fzim\u0259-A\u011falarova1-412x550.jpg\" width=\"412\" height=\"550\" \/><\/a>\u201cElm v\u0259 t\u0259hsil\u201d n\u0259\u015friyyat\u0131nda Almaniyada ya\u015fayan az\u0259rbaycanl\u0131 yaz\u0131\u00e7\u0131-publisist \u018fzim\u0259 A\u011falarovan\u0131n iki kitab\u0131 \u00e7apdan \u00e7\u0131x\u0131b. Zerdab.com sayt\u0131na veril\u0259n m\u0259lumata g\u00f6r\u0259, bu b\u0259dii \u0259s\u0259rl\u0259rd\u0259n biri \u201cGec\u0259l\u0259rd\u0259 gizli qald\u0131m\u201d, dig\u0259ri is\u0259 \u201cBak\u0131dan Qahir\u0259y\u0259 v\u0259 Stokholma uzanan yol\u201d adlan\u0131r.<\/strong><\/p>\n<p>Birinci kitaba \u00f6n s\u00f6z\u00fc filologiya elml\u0259ri doktoru, professor Adil Babayev, ikinci kitaba \u00f6n s\u00f6z\u00fc is\u0259 Az\u0259rbaycan Yaz\u0131\u00e7\u0131lar Birliyinin katibi \u0130lqar F\u0259hmi yaz\u0131b.<\/p>\n<p>Qeyd ed\u0259k ki, <strong>\u018fzim\u0259 Xaspolad q\u0131z\u0131 A\u011falarova 1959-cu ild\u0259 Z\u0259rdab rayonunda anadan olub.<\/strong> 1976-c\u0131 ild\u0259 Z\u0259rdab rayonundak\u0131 S.Qurbanov ad\u0131na orta m\u0259kt\u0259bi, daha sonra is\u0259 Az\u0259rbaycan Xarici Dill\u0259r \u0130nstitutunu (indiki Dill\u0259r Universitetini) bitirib. \u018fm\u0259k f\u0259aliyy\u0259tin\u0259 1984-c\u00fc ild\u0259 Daxili \u0130\u015fl\u0259r Nazirliyind\u0259 ba\u015flay\u0131b. 1993-c\u00fc ild\u0259n Almaniyada ya\u015fay\u0131r.<\/p>\n<p>Zerdab.com<a href=\"http:\/\/www.zerdab.com\/wp-content\/uploads\/2014\/10\/\u018fzim\u0259-A\u011falarova.jpg\"><img loading=\"lazy\" decoding=\"async\" class=\"aligncenter size-large wp-image-16968\" alt=\"\u018fzim\u0259 A\u011falarova\" src=\"http:\/\/www.zerdab.com\/wp-content\/uploads\/2014\/10\/\u018fzim\u0259-A\u011falarova-412x550.jpg\" width=\"412\" height=\"550\" \/><\/a><\/p>\n","protected":false},"excerpt":{"rendered":"<p>\u201cElm v\u0259 t\u0259hsil\u201d n\u0259\u015friyyat\u0131nda Almaniyada ya\u015fayan az\u0259rbaycanl\u0131 yaz\u0131\u00e7\u0131-publisist \u018fzim\u0259 A\u011falarovan\u0131n iki kitab\u0131 \u00e7apdan \u00e7\u0131x\u0131b. Zerdab.com sayt\u0131na veril\u0259n m\u0259lumata g\u00f6r\u0259, bu b\u0259dii \u0259s\u0259rl\u0259rd\u0259n biri \u201cGec\u0259l\u0259rd\u0259 gizli qald\u0131m\u201d, dig\u0259ri is\u0259 \u201cBak\u0131dan Qahir\u0259y\u0259 v\u0259 Stokholma uzanan yol\u201d adlan\u0131r. Birinci kitaba \u00f6n s\u00f6z\u00fc filologiya elml\u0259ri doktoru, professor Adil Babayev, ikinci kitaba \u00f6n s\u00f6z\u00fc is\u0259 Az\u0259rbaycan Yaz\u0131\u00e7\u0131lar Birliyinin katibi \u0130lqar [&hellip;]<\/p>\n","protected":false},"author":1,"featured_media":0,"comment_status":"open","ping_status":"open","sticky":false,"template":"","format":"standard","meta":{"footnotes":""},"categories":[5],"tags":[],"class_list":{"0":"post-16967","1":"post","2":"type-post","3":"status-publish","4":"format-standard","6":"category-knd"},"yoast_head":"<!-- This site is optimized with the Yoast SEO plugin v27.0 - https:\/\/yoast.com\/product\/yoast-seo-wordpress\/ -->\n<title>Almaniyada ya\u015fayan h\u0259myerlimizin iki kitab\u0131 \u00e7apdan \u00e7\u0131x\u0131b - FOTO  - Z\u0259rdab.com<\/title>\n<meta name=\"robots\" content=\"index, follow, max-snippet:-1, max-image-preview:large, max-video-preview:-1\" \/>\n<link rel=\"canonical\" href=\"https:\/\/www.zerdab.com\/?p=16967\" \/>\n<meta property=\"og:locale\" content=\"az_AZ\" \/>\n<meta property=\"og:type\" content=\"article\" \/>\n<meta property=\"og:title\" content=\"Almaniyada ya\u015fayan h\u0259myerlimizin iki kitab\u0131 \u00e7apdan \u00e7\u0131x\u0131b - FOTO  - Z\u0259rdab.com\" \/>\n<meta property=\"og:description\" content=\"\u201cElm v\u0259 t\u0259hsil\u201d n\u0259\u015friyyat\u0131nda Almaniyada ya\u015fayan az\u0259rbaycanl\u0131 yaz\u0131\u00e7\u0131-publisist \u018fzim\u0259 A\u011falarovan\u0131n iki kitab\u0131 \u00e7apdan \u00e7\u0131x\u0131b. Zerdab.com sayt\u0131na veril\u0259n m\u0259lumata g\u00f6r\u0259, bu b\u0259dii \u0259s\u0259rl\u0259rd\u0259n biri \u201cGec\u0259l\u0259rd\u0259 gizli qald\u0131m\u201d, dig\u0259ri is\u0259 \u201cBak\u0131dan Qahir\u0259y\u0259 v\u0259 Stokholma uzanan yol\u201d adlan\u0131r. Birinci kitaba \u00f6n s\u00f6z\u00fc filologiya elml\u0259ri doktoru, professor Adil Babayev, ikinci kitaba \u00f6n s\u00f6z\u00fc is\u0259 Az\u0259rbaycan Yaz\u0131\u00e7\u0131lar Birliyinin katibi \u0130lqar [&hellip;]\" \/>\n<meta property=\"og:url\" content=\"https:\/\/www.zerdab.com\/?p=16967\" \/>\n<meta property=\"og:site_name\" content=\"Z\u0259rdab.com\" \/>\n<meta property=\"article:published_time\" content=\"2014-10-13T03:00:09+00:00\" \/>\n<meta name=\"author\" content=\"admin\" \/>\n<meta name=\"twitter:card\" content=\"summary_large_image\" \/>\n<meta name=\"twitter:label1\" content=\"Written by\" \/>\n\t<meta name=\"twitter:data1\" content=\"admin\" \/>\n\t<meta name=\"twitter:label2\" content=\"Est. reading time\" \/>\n\t<meta name=\"twitter:data2\" content=\"1 minute\" \/>\n<script type=\"application\/ld+json\" class=\"yoast-schema-graph\">{\"@context\":\"https:\/\/schema.org\",\"@graph\":[{\"@type\":\"Article\",\"@id\":\"https:\/\/www.zerdab.com\/?p=16967#article\",\"isPartOf\":{\"@id\":\"https:\/\/www.zerdab.com\/?p=16967\"},\"author\":{\"name\":\"admin\",\"@id\":\"https:\/\/www.zerdab.com\/#\/schema\/person\/97079b7570c1e89ec0d9e138c3672136\"},\"headline\":\"Almaniyada ya\u015fayan h\u0259myerlimizin iki kitab\u0131 \u00e7apdan \u00e7\u0131x\u0131b &#8211; FOTO\",\"datePublished\":\"2014-10-13T03:00:09+00:00\",\"mainEntityOfPage\":{\"@id\":\"https:\/\/www.zerdab.com\/?p=16967\"},\"wordCount\":168,\"commentCount\":1,\"articleSection\":[\"X\u018fB\u018fRL\u018fR\"],\"inLanguage\":\"az\",\"potentialAction\":[{\"@type\":\"CommentAction\",\"name\":\"Comment\",\"target\":[\"https:\/\/www.zerdab.com\/?p=16967#respond\"]}]},{\"@type\":\"WebPage\",\"@id\":\"https:\/\/www.zerdab.com\/?p=16967\",\"url\":\"https:\/\/www.zerdab.com\/?p=16967\",\"name\":\"Almaniyada ya\u015fayan h\u0259myerlimizin iki kitab\u0131 \u00e7apdan \u00e7\u0131x\u0131b - FOTO - Z\u0259rdab.com\",\"isPartOf\":{\"@id\":\"https:\/\/www.zerdab.com\/#website\"},\"datePublished\":\"2014-10-13T03:00:09+00:00\",\"author\":{\"@id\":\"https:\/\/www.zerdab.com\/#\/schema\/person\/97079b7570c1e89ec0d9e138c3672136\"},\"breadcrumb\":{\"@id\":\"https:\/\/www.zerdab.com\/?p=16967#breadcrumb\"},\"inLanguage\":\"az\",\"potentialAction\":[{\"@type\":\"ReadAction\",\"target\":[\"https:\/\/www.zerdab.com\/?p=16967\"]}]},{\"@type\":\"BreadcrumbList\",\"@id\":\"https:\/\/www.zerdab.com\/?p=16967#breadcrumb\",\"itemListElement\":[{\"@type\":\"ListItem\",\"position\":1,\"name\":\"Home\",\"item\":\"https:\/\/www.zerdab.com\/\"},{\"@type\":\"ListItem\",\"position\":2,\"name\":\"Almaniyada ya\u015fayan h\u0259myerlimizin iki kitab\u0131 \u00e7apdan \u00e7\u0131x\u0131b &#8211; FOTO\"}]},{\"@type\":\"WebSite\",\"@id\":\"https:\/\/www.zerdab.com\/#website\",\"url\":\"https:\/\/www.zerdab.com\/\",\"name\":\"Z\u0259rdab.com\",\"description\":\"\",\"potentialAction\":[{\"@type\":\"SearchAction\",\"target\":{\"@type\":\"EntryPoint\",\"urlTemplate\":\"https:\/\/www.zerdab.com\/?s={search_term_string}\"},\"query-input\":{\"@type\":\"PropertyValueSpecification\",\"valueRequired\":true,\"valueName\":\"search_term_string\"}}],\"inLanguage\":\"az\"},{\"@type\":\"Person\",\"@id\":\"https:\/\/www.zerdab.com\/#\/schema\/person\/97079b7570c1e89ec0d9e138c3672136\",\"name\":\"admin\",\"image\":{\"@type\":\"ImageObject\",\"inLanguage\":\"az\",\"@id\":\"https:\/\/www.zerdab.com\/#\/schema\/person\/image\/\",\"url\":\"https:\/\/secure.gravatar.com\/avatar\/d9c52a9a27c32119cb6679a077fa3e2779e5f822c451cbf01098004361d466ec?s=96&d=mm&r=g\",\"contentUrl\":\"https:\/\/secure.gravatar.com\/avatar\/d9c52a9a27c32119cb6679a077fa3e2779e5f822c451cbf01098004361d466ec?s=96&d=mm&r=g\",\"caption\":\"admin\"},\"url\":\"https:\/\/www.zerdab.com\/?author=1\"}]}<\/script>\n<!-- \/ Yoast SEO plugin. -->","yoast_head_json":{"title":"Almaniyada ya\u015fayan h\u0259myerlimizin iki kitab\u0131 \u00e7apdan \u00e7\u0131x\u0131b - FOTO  - Z\u0259rdab.com","robots":{"index":"index","follow":"follow","max-snippet":"max-snippet:-1","max-image-preview":"max-image-preview:large","max-video-preview":"max-video-preview:-1"},"canonical":"https:\/\/www.zerdab.com\/?p=16967","og_locale":"az_AZ","og_type":"article","og_title":"Almaniyada ya\u015fayan h\u0259myerlimizin iki kitab\u0131 \u00e7apdan \u00e7\u0131x\u0131b - FOTO  - Z\u0259rdab.com","og_description":"\u201cElm v\u0259 t\u0259hsil\u201d n\u0259\u015friyyat\u0131nda Almaniyada ya\u015fayan az\u0259rbaycanl\u0131 yaz\u0131\u00e7\u0131-publisist \u018fzim\u0259 A\u011falarovan\u0131n iki kitab\u0131 \u00e7apdan \u00e7\u0131x\u0131b. Zerdab.com sayt\u0131na veril\u0259n m\u0259lumata g\u00f6r\u0259, bu b\u0259dii \u0259s\u0259rl\u0259rd\u0259n biri \u201cGec\u0259l\u0259rd\u0259 gizli qald\u0131m\u201d, dig\u0259ri is\u0259 \u201cBak\u0131dan Qahir\u0259y\u0259 v\u0259 Stokholma uzanan yol\u201d adlan\u0131r. Birinci kitaba \u00f6n s\u00f6z\u00fc filologiya elml\u0259ri doktoru, professor Adil Babayev, ikinci kitaba \u00f6n s\u00f6z\u00fc is\u0259 Az\u0259rbaycan Yaz\u0131\u00e7\u0131lar Birliyinin katibi \u0130lqar [&hellip;]","og_url":"https:\/\/www.zerdab.com\/?p=16967","og_site_name":"Z\u0259rdab.com","article_published_time":"2014-10-13T03:00:09+00:00","author":"admin","twitter_card":"summary_large_image","twitter_misc":{"Written by":"admin","Est. reading time":"1 minute"},"schema":{"@context":"https:\/\/schema.org","@graph":[{"@type":"Article","@id":"https:\/\/www.zerdab.com\/?p=16967#article","isPartOf":{"@id":"https:\/\/www.zerdab.com\/?p=16967"},"author":{"name":"admin","@id":"https:\/\/www.zerdab.com\/#\/schema\/person\/97079b7570c1e89ec0d9e138c3672136"},"headline":"Almaniyada ya\u015fayan h\u0259myerlimizin iki kitab\u0131 \u00e7apdan \u00e7\u0131x\u0131b &#8211; FOTO","datePublished":"2014-10-13T03:00:09+00:00","mainEntityOfPage":{"@id":"https:\/\/www.zerdab.com\/?p=16967"},"wordCount":168,"commentCount":1,"articleSection":["X\u018fB\u018fRL\u018fR"],"inLanguage":"az","potentialAction":[{"@type":"CommentAction","name":"Comment","target":["https:\/\/www.zerdab.com\/?p=16967#respond"]}]},{"@type":"WebPage","@id":"https:\/\/www.zerdab.com\/?p=16967","url":"https:\/\/www.zerdab.com\/?p=16967","name":"Almaniyada ya\u015fayan h\u0259myerlimizin iki kitab\u0131 \u00e7apdan \u00e7\u0131x\u0131b - FOTO - Z\u0259rdab.com","isPartOf":{"@id":"https:\/\/www.zerdab.com\/#website"},"datePublished":"2014-10-13T03:00:09+00:00","author":{"@id":"https:\/\/www.zerdab.com\/#\/schema\/person\/97079b7570c1e89ec0d9e138c3672136"},"breadcrumb":{"@id":"https:\/\/www.zerdab.com\/?p=16967#breadcrumb"},"inLanguage":"az","potentialAction":[{"@type":"ReadAction","target":["https:\/\/www.zerdab.com\/?p=16967"]}]},{"@type":"BreadcrumbList","@id":"https:\/\/www.zerdab.com\/?p=16967#breadcrumb","itemListElement":[{"@type":"ListItem","position":1,"name":"Home","item":"https:\/\/www.zerdab.com\/"},{"@type":"ListItem","position":2,"name":"Almaniyada ya\u015fayan h\u0259myerlimizin iki kitab\u0131 \u00e7apdan \u00e7\u0131x\u0131b &#8211; FOTO"}]},{"@type":"WebSite","@id":"https:\/\/www.zerdab.com\/#website","url":"https:\/\/www.zerdab.com\/","name":"Z\u0259rdab.com","description":"","potentialAction":[{"@type":"SearchAction","target":{"@type":"EntryPoint","urlTemplate":"https:\/\/www.zerdab.com\/?s={search_term_string}"},"query-input":{"@type":"PropertyValueSpecification","valueRequired":true,"valueName":"search_term_string"}}],"inLanguage":"az"},{"@type":"Person","@id":"https:\/\/www.zerdab.com\/#\/schema\/person\/97079b7570c1e89ec0d9e138c3672136","name":"admin","image":{"@type":"ImageObject","inLanguage":"az","@id":"https:\/\/www.zerdab.com\/#\/schema\/person\/image\/","url":"https:\/\/secure.gravatar.com\/avatar\/d9c52a9a27c32119cb6679a077fa3e2779e5f822c451cbf01098004361d466ec?s=96&d=mm&r=g","contentUrl":"https:\/\/secure.gravatar.com\/avatar\/d9c52a9a27c32119cb6679a077fa3e2779e5f822c451cbf01098004361d466ec?s=96&d=mm&r=g","caption":"admin"},"url":"https:\/\/www.zerdab.com\/?author=1"}]}},"_links":{"self":[{"href":"https:\/\/www.zerdab.com\/index.php?rest_route=\/wp\/v2\/posts\/16967","targetHints":{"allow":["GET"]}}],"collection":[{"href":"https:\/\/www.zerdab.com\/index.php?rest_route=\/wp\/v2\/posts"}],"about":[{"href":"https:\/\/www.zerdab.com\/index.php?rest_route=\/wp\/v2\/types\/post"}],"author":[{"embeddable":true,"href":"https:\/\/www.zerdab.com\/index.php?rest_route=\/wp\/v2\/users\/1"}],"replies":[{"embeddable":true,"href":"https:\/\/www.zerdab.com\/index.php?rest_route=%2Fwp%2Fv2%2Fcomments&post=16967"}],"version-history":[{"count":1,"href":"https:\/\/www.zerdab.com\/index.php?rest_route=\/wp\/v2\/posts\/16967\/revisions"}],"predecessor-version":[{"id":16970,"href":"https:\/\/www.zerdab.com\/index.php?rest_route=\/wp\/v2\/posts\/16967\/revisions\/16970"}],"wp:attachment":[{"href":"https:\/\/www.zerdab.com\/index.php?rest_route=%2Fwp%2Fv2%2Fmedia&parent=16967"}],"wp:term":[{"taxonomy":"category","embeddable":true,"href":"https:\/\/www.zerdab.com\/index.php?rest_route=%2Fwp%2Fv2%2Fcategories&post=16967"},{"taxonomy":"post_tag","embeddable":true,"href":"https:\/\/www.zerdab.com\/index.php?rest_route=%2Fwp%2Fv2%2Ftags&post=16967"}],"curies":[{"name":"wp","href":"https:\/\/api.w.org\/{rel}","templated":true}]}}