{"id":17016,"date":"2014-10-17T10:23:11","date_gmt":"2014-10-17T05:23:11","guid":{"rendered":"http:\/\/www.zerdab.com\/?p=17016"},"modified":"2014-10-17T10:23:11","modified_gmt":"2014-10-17T05:23:11","slug":"z%c9%99rdabda-9-ayin-yekunlari-v%c9%99-gorul%c9%99c%c9%99k-isl%c9%99r-muzakir%c9%99-edildi","status":"publish","type":"post","link":"https:\/\/www.zerdab.com\/?p=17016","title":{"rendered":"Z\u0259rdabda 9 ay\u0131n yekunlar\u0131 v\u0259 g\u00f6r\u00fcl\u0259c\u0259k i\u015fl\u0259r m\u00fczakir\u0259 edildi"},"content":{"rendered":"<p><span style=\"color: #0000ff;\"><b><a href=\"http:\/\/www.zerdab.com\/wp-content\/uploads\/2014\/10\/L\u00fctv\u0259li-Babayev.jpg\"><img loading=\"lazy\" decoding=\"async\" class=\"aligncenter size-large wp-image-17017\" alt=\"L\u00fctv\u0259li Babayev\" src=\"http:\/\/www.zerdab.com\/wp-content\/uploads\/2014\/10\/L\u00fctv\u0259li-Babayev-550x488.jpg\" width=\"550\" height=\"488\" \/><\/a> <\/b><\/span>Z\u0259rdab Rayon Heyd\u0259r \u018fliyev M\u0259rk\u0259zind\u0259 cari ilin 9 ay\u0131nda Z\u0259rdab rayonunda\u00a0 g\u00f6r\u00fcl\u0259n i\u015fl\u0259r v\u0259 qar\u015f\u0131da duran v\u0259zif\u0259l\u0259r bar\u0259d\u0259 Z\u0259rdab Rayon \u0130cra Hakimiyy\u0259tinin ba\u015f\u00e7\u0131s\u0131 L\u00fctv\u0259li Babayevin hesabat y\u0131\u011f\u0131nca\u011f\u0131 ke\u00e7irilib. Bu bar\u0259d\u0259 <strong>Zerdab.com<\/strong> sayt\u0131na Z\u0259rdab Rayon \u0130cra Hakimiyy\u0259tind\u0259n m\u0259lumat verilib. M\u0259lumatda deyilir: &#8220;Hesabat y\u0131\u011f\u0131nca\u011f\u0131nda \u00f6nc\u0259 ilin 9 ay\u0131 \u0259rzind\u0259 rayonda g\u00f6r\u00fcl\u0259n i\u015fl\u0259ri \u0259ks etdir\u0259n video\u00e7arx n\u00fcmayi\u015f etdirilib. Hesabat m\u0259ruz\u0259si il\u0259 \u00e7\u0131x\u0131\u015f ed\u0259n \u0130cra Hakimiyy\u0259tinin ba\u015f\u00e7\u0131s\u0131 L\u00fctv\u0259li Babayev qeyd edib ki, \u00f6lk\u0259 Prezidentinin h\u0259yata ke\u00e7irdiyi m\u0259qs\u0259dy\u00f6nl\u00fc siyas\u0259t n\u0259tic\u0259sind\u0259 respublikan\u0131n dig\u0259r \u015f\u0259h\u0259r v\u0259 rayonlar\u0131nda oldu\u011fu kimi, Z\u0259rdabda da sosial-infrastruktur layih\u0259l\u0259r icra olunub. Cari ilin yanvar-sentyabr aylar\u0131 \u0259rzind\u0259 rayonda 82 milyon 78 min 500 manatl\u0131q m\u0259hsul istehsal edilib. Bu g\u00f6st\u0259rici \u0259vv\u0259lki ilin m\u00fcvafiq d\u00f6vr\u00fcn\u0259 nisb\u0259t\u0259n 2 milyon manat \u00e7oxdur. Hesabat d\u00f6vr\u00fc \u0259rzind\u0259 h\u0259yata ke\u00e7iril\u0259n t\u0259dbirl\u0259r n\u0259tic\u0259sind\u0259 Z\u0259rdabda 246 daimi i\u015f yeri yarad\u0131l\u0131b. Rayon r\u0259hb\u0259ri m\u0259lumat verib ki, t\u0259hsil v\u0259 s\u0259hiyy\u0259 m\u00fc\u0259ssis\u0259l\u0259rinin maddi-texniki bazalar\u0131n\u0131n m\u00f6hk\u0259ml\u0259ndirilm\u0259si d\u0259 diqq\u0259t m\u0259rk\u0259zind\u0259 saxlan\u0131l\u0131b. Bel\u0259 ki, Otmanoba v\u0259 K\u00f6rp\u00fck\u0259nd ya\u015fay\u0131\u015f m\u0259nt\u0259q\u0259l\u0259rind\u0259ki m\u0259kt\u0259b binalar\u0131, B\u00f6y\u00fck D\u0259kk\u0259 v\u0259 D\u0259kk\u0259oba k\u0259ndl\u0259rind\u0259ki u\u015faq ba\u011f\u00e7alar\u0131 \u0259sasl\u0131 \u015f\u0259kild\u0259 t\u0259mir edilib. Heyd\u0259r \u018fliyev Fondunun m\u0259kt\u0259b\u0259q\u0259d\u0259r t\u0259rbiy\u0259 m\u00fc\u0259ssis\u0259l\u0259rinin inki\u015faf\u0131 proqram\u0131 \u00e7\u0259r\u00e7iv\u0259sind\u0259 h\u0259r biri 50 yerlik olmaqla 2 k\u00f6rp\u0259l\u0259r evinin tikintisi davam etdirilib. Rayon M\u0259rk\u0259zi X\u0259st\u0259xanas\u0131n\u0131n yenid\u0259n qurulmas\u0131nda l\u0259ngim\u0259l\u0259r\u0259 yol verilm\u0259yib. Rayonun m\u0259rk\u0259zi k\u00fc\u00e7\u0259l\u0259rind\u0259, Heyd\u0259r \u018fliyev park\u0131nda v\u0259 prospektind\u0259 quruculuq, abadl\u0131q, t\u0259mir-b\u0259rpa t\u0259dbirl\u0259ri apar\u0131l\u0131b. Yollara asfalt \u00f6rt\u00fcy\u00fc d\u00f6\u015f\u0259nib. Uzunlu\u011fu 2 kilometr\u0259 q\u0259d\u0259r olan R\u0259him B\u0259y M\u0259likov k\u00fc\u00e7\u0259sind\u0259 yol asfaltlan\u0131b. Milli T\u0259hl\u00fck\u0259sizlik Nazirliyinin Z\u0259rdab rayon \u015f\u00f6b\u0259sinin inzibati binas\u0131nda son tamamlama i\u015fl\u0259ri apar\u0131l\u0131r. Vergil\u0259r Nazirliyinin Vergi \u00d6d\u0259yicil\u0259rin\u0259 Regional Xidm\u0259t M\u0259rk\u0259zinin v\u0259 K\u0259nd T\u0259s\u0259rr\u00fcfat\u0131 Nazirliyinin Z\u0259rdabda yarad\u0131lacaq idar\u0259si \u00fc\u00e7\u00fcn yeni inzibati binan\u0131n in\u015fas\u0131na ba\u015flan\u0131l\u0131b. Rayon \u0259halisinin i\u00e7m\u0259li suya olan t\u0259l\u0259bat\u0131n\u0131 \u00f6d\u0259m\u0259k \u00fc\u00e7\u00fcn 17 \u0259d\u0259d modul tipli sut\u0259mizl\u0259yici qur\u011fu, 194 \u0259d\u0259d bulaq istifad\u0259y\u0259 verilib. Bununla bel\u0259 528 abonent mavi yanacaqla t\u0259min olunub. 2014-c\u00fc ilin yanvar-sentyabr aylar\u0131 \u0259rzind\u0259 magistral yol k\u0259narlar\u0131nda, pay torpaqlar\u0131nda v\u0259 dig\u0259r \u0259razil\u0259rd\u0259 25 min\u0259 yax\u0131n \u015fam, k\u00fcknar, iyd\u0259, t\u00fcrk qova\u011f\u0131 v\u0259 dig\u0259r a\u011fac n\u00f6vl\u0259ri \u0259kilib.<\/p>\n<p>Hesabat d\u00f6vr\u00fcnd\u0259 \u00fcmumilikd\u0259 18031 hektar tax\u0131l sah\u0259sind\u0259n 49732 ton tax\u0131l m\u0259hsulu istehsal olunub. Bu da \u00f6t\u0259n ild\u0259kind\u0259n 2700 ton \u00e7oxdur.<\/p>\n<p>Y\u0131\u011f\u0131ncaqda Suvarma Sisteml\u0259ri \u0130dar\u0259sinin r\u0259isi, \u201cT\u0259r\u0259qqi\u201d medall\u0131 Soltan Sad\u0131qov, Rayon \u0130cra Hakimiyy\u0259ti ba\u015f\u00e7\u0131s\u0131n\u0131n \u00c7all\u0131 k\u0259nd inzibati \u0259razi dair\u0259si \u00fczr\u0259 n\u00fcmay\u0259nd\u0259si, \u201cD\u00f6vl\u0259t qullu\u011funda f\u0259rql\u0259nm\u0259y\u0259 g\u00f6r\u0259 medal\u0131\u201d il\u0259 t\u0259ltif olunmu\u015f Ramiz M\u0259mm\u0259dov v\u0259 dig\u0259rl\u0259ri \u00e7\u0131x\u0131\u015f edibl\u0259r.<\/p>\n<p>Sonda m\u00fcvafiq q\u0259rar v\u0259 \u00f6lk\u0259 Prezidentin\u0259 m\u00fcraci\u0259t q\u0259bul olunub.<\/p>\n<p><span style=\"color: #0000ff;\"><strong>Sevinc Vaqifq\u0131z\u0131<\/strong><\/span><\/p>\n<p><a href=\"http:\/\/www.zerdab.com\/wp-content\/uploads\/2014\/10\/L\u00fctv\u0259li-Babayev-.jpg\"><img loading=\"lazy\" decoding=\"async\" class=\"aligncenter size-large wp-image-17018\" alt=\"L\u00fctv\u0259li Babayev\" src=\"http:\/\/www.zerdab.com\/wp-content\/uploads\/2014\/10\/L\u00fctv\u0259li-Babayev--550x365.jpg\" width=\"550\" height=\"365\" \/><\/a><\/p>\n<p>&nbsp;<\/p>\n","protected":false},"excerpt":{"rendered":"<p>Z\u0259rdab Rayon Heyd\u0259r \u018fliyev M\u0259rk\u0259zind\u0259 cari ilin 9 ay\u0131nda Z\u0259rdab rayonunda\u00a0 g\u00f6r\u00fcl\u0259n i\u015fl\u0259r v\u0259 qar\u015f\u0131da duran v\u0259zif\u0259l\u0259r bar\u0259d\u0259 Z\u0259rdab Rayon \u0130cra Hakimiyy\u0259tinin ba\u015f\u00e7\u0131s\u0131 L\u00fctv\u0259li Babayevin hesabat y\u0131\u011f\u0131nca\u011f\u0131 ke\u00e7irilib. Bu bar\u0259d\u0259 Zerdab.com sayt\u0131na Z\u0259rdab Rayon \u0130cra Hakimiyy\u0259tind\u0259n m\u0259lumat verilib. M\u0259lumatda deyilir: &#8220;Hesabat y\u0131\u011f\u0131nca\u011f\u0131nda \u00f6nc\u0259 ilin 9 ay\u0131 \u0259rzind\u0259 rayonda g\u00f6r\u00fcl\u0259n i\u015fl\u0259ri \u0259ks etdir\u0259n video\u00e7arx n\u00fcmayi\u015f etdirilib. [&hellip;]<\/p>\n","protected":false},"author":1,"featured_media":0,"comment_status":"open","ping_status":"open","sticky":false,"template":"","format":"standard","meta":{"footnotes":""},"categories":[5],"tags":[],"class_list":{"0":"post-17016","1":"post","2":"type-post","3":"status-publish","4":"format-standard","6":"category-knd"},"yoast_head":"<!-- This site is optimized with the Yoast SEO plugin v27.0 - https:\/\/yoast.com\/product\/yoast-seo-wordpress\/ -->\n<title>Z\u0259rdabda 9 ay\u0131n yekunlar\u0131 v\u0259 g\u00f6r\u00fcl\u0259c\u0259k i\u015fl\u0259r m\u00fczakir\u0259 edildi - Z\u0259rdab.com<\/title>\n<meta name=\"robots\" content=\"index, follow, max-snippet:-1, max-image-preview:large, max-video-preview:-1\" \/>\n<link rel=\"canonical\" href=\"https:\/\/www.zerdab.com\/?p=17016\" \/>\n<meta property=\"og:locale\" content=\"az_AZ\" \/>\n<meta property=\"og:type\" content=\"article\" \/>\n<meta property=\"og:title\" content=\"Z\u0259rdabda 9 ay\u0131n yekunlar\u0131 v\u0259 g\u00f6r\u00fcl\u0259c\u0259k i\u015fl\u0259r m\u00fczakir\u0259 edildi - Z\u0259rdab.com\" \/>\n<meta property=\"og:description\" content=\"Z\u0259rdab Rayon Heyd\u0259r \u018fliyev M\u0259rk\u0259zind\u0259 cari ilin 9 ay\u0131nda Z\u0259rdab rayonunda\u00a0 g\u00f6r\u00fcl\u0259n i\u015fl\u0259r v\u0259 qar\u015f\u0131da duran v\u0259zif\u0259l\u0259r bar\u0259d\u0259 Z\u0259rdab Rayon \u0130cra Hakimiyy\u0259tinin ba\u015f\u00e7\u0131s\u0131 L\u00fctv\u0259li Babayevin hesabat y\u0131\u011f\u0131nca\u011f\u0131 ke\u00e7irilib. Bu bar\u0259d\u0259 Zerdab.com sayt\u0131na Z\u0259rdab Rayon \u0130cra Hakimiyy\u0259tind\u0259n m\u0259lumat verilib. M\u0259lumatda deyilir: &#8220;Hesabat y\u0131\u011f\u0131nca\u011f\u0131nda \u00f6nc\u0259 ilin 9 ay\u0131 \u0259rzind\u0259 rayonda g\u00f6r\u00fcl\u0259n i\u015fl\u0259ri \u0259ks etdir\u0259n video\u00e7arx n\u00fcmayi\u015f etdirilib. [&hellip;]\" \/>\n<meta property=\"og:url\" content=\"https:\/\/www.zerdab.com\/?p=17016\" \/>\n<meta property=\"og:site_name\" content=\"Z\u0259rdab.com\" \/>\n<meta property=\"article:published_time\" content=\"2014-10-17T05:23:11+00:00\" \/>\n<meta name=\"author\" content=\"admin\" \/>\n<meta name=\"twitter:card\" content=\"summary_large_image\" \/>\n<meta name=\"twitter:label1\" content=\"Written by\" \/>\n\t<meta name=\"twitter:data1\" content=\"admin\" \/>\n\t<meta name=\"twitter:label2\" content=\"Est. reading time\" \/>\n\t<meta name=\"twitter:data2\" content=\"3 minutes\" \/>\n<script type=\"application\/ld+json\" class=\"yoast-schema-graph\">{\"@context\":\"https:\/\/schema.org\",\"@graph\":[{\"@type\":\"Article\",\"@id\":\"https:\/\/www.zerdab.com\/?p=17016#article\",\"isPartOf\":{\"@id\":\"https:\/\/www.zerdab.com\/?p=17016\"},\"author\":{\"name\":\"admin\",\"@id\":\"https:\/\/www.zerdab.com\/#\/schema\/person\/97079b7570c1e89ec0d9e138c3672136\"},\"headline\":\"Z\u0259rdabda 9 ay\u0131n yekunlar\u0131 v\u0259 g\u00f6r\u00fcl\u0259c\u0259k i\u015fl\u0259r m\u00fczakir\u0259 edildi\",\"datePublished\":\"2014-10-17T05:23:11+00:00\",\"mainEntityOfPage\":{\"@id\":\"https:\/\/www.zerdab.com\/?p=17016\"},\"wordCount\":648,\"commentCount\":0,\"articleSection\":[\"X\u018fB\u018fRL\u018fR\"],\"inLanguage\":\"az\",\"potentialAction\":[{\"@type\":\"CommentAction\",\"name\":\"Comment\",\"target\":[\"https:\/\/www.zerdab.com\/?p=17016#respond\"]}]},{\"@type\":\"WebPage\",\"@id\":\"https:\/\/www.zerdab.com\/?p=17016\",\"url\":\"https:\/\/www.zerdab.com\/?p=17016\",\"name\":\"Z\u0259rdabda 9 ay\u0131n yekunlar\u0131 v\u0259 g\u00f6r\u00fcl\u0259c\u0259k i\u015fl\u0259r m\u00fczakir\u0259 edildi - Z\u0259rdab.com\",\"isPartOf\":{\"@id\":\"https:\/\/www.zerdab.com\/#website\"},\"datePublished\":\"2014-10-17T05:23:11+00:00\",\"author\":{\"@id\":\"https:\/\/www.zerdab.com\/#\/schema\/person\/97079b7570c1e89ec0d9e138c3672136\"},\"breadcrumb\":{\"@id\":\"https:\/\/www.zerdab.com\/?p=17016#breadcrumb\"},\"inLanguage\":\"az\",\"potentialAction\":[{\"@type\":\"ReadAction\",\"target\":[\"https:\/\/www.zerdab.com\/?p=17016\"]}]},{\"@type\":\"BreadcrumbList\",\"@id\":\"https:\/\/www.zerdab.com\/?p=17016#breadcrumb\",\"itemListElement\":[{\"@type\":\"ListItem\",\"position\":1,\"name\":\"Home\",\"item\":\"https:\/\/www.zerdab.com\/\"},{\"@type\":\"ListItem\",\"position\":2,\"name\":\"Z\u0259rdabda 9 ay\u0131n yekunlar\u0131 v\u0259 g\u00f6r\u00fcl\u0259c\u0259k i\u015fl\u0259r m\u00fczakir\u0259 edildi\"}]},{\"@type\":\"WebSite\",\"@id\":\"https:\/\/www.zerdab.com\/#website\",\"url\":\"https:\/\/www.zerdab.com\/\",\"name\":\"Z\u0259rdab.com\",\"description\":\"\",\"potentialAction\":[{\"@type\":\"SearchAction\",\"target\":{\"@type\":\"EntryPoint\",\"urlTemplate\":\"https:\/\/www.zerdab.com\/?s={search_term_string}\"},\"query-input\":{\"@type\":\"PropertyValueSpecification\",\"valueRequired\":true,\"valueName\":\"search_term_string\"}}],\"inLanguage\":\"az\"},{\"@type\":\"Person\",\"@id\":\"https:\/\/www.zerdab.com\/#\/schema\/person\/97079b7570c1e89ec0d9e138c3672136\",\"name\":\"admin\",\"image\":{\"@type\":\"ImageObject\",\"inLanguage\":\"az\",\"@id\":\"https:\/\/www.zerdab.com\/#\/schema\/person\/image\/\",\"url\":\"https:\/\/secure.gravatar.com\/avatar\/d9c52a9a27c32119cb6679a077fa3e2779e5f822c451cbf01098004361d466ec?s=96&d=mm&r=g\",\"contentUrl\":\"https:\/\/secure.gravatar.com\/avatar\/d9c52a9a27c32119cb6679a077fa3e2779e5f822c451cbf01098004361d466ec?s=96&d=mm&r=g\",\"caption\":\"admin\"},\"url\":\"https:\/\/www.zerdab.com\/?author=1\"}]}<\/script>\n<!-- \/ Yoast SEO plugin. -->","yoast_head_json":{"title":"Z\u0259rdabda 9 ay\u0131n yekunlar\u0131 v\u0259 g\u00f6r\u00fcl\u0259c\u0259k i\u015fl\u0259r m\u00fczakir\u0259 edildi - Z\u0259rdab.com","robots":{"index":"index","follow":"follow","max-snippet":"max-snippet:-1","max-image-preview":"max-image-preview:large","max-video-preview":"max-video-preview:-1"},"canonical":"https:\/\/www.zerdab.com\/?p=17016","og_locale":"az_AZ","og_type":"article","og_title":"Z\u0259rdabda 9 ay\u0131n yekunlar\u0131 v\u0259 g\u00f6r\u00fcl\u0259c\u0259k i\u015fl\u0259r m\u00fczakir\u0259 edildi - Z\u0259rdab.com","og_description":"Z\u0259rdab Rayon Heyd\u0259r \u018fliyev M\u0259rk\u0259zind\u0259 cari ilin 9 ay\u0131nda Z\u0259rdab rayonunda\u00a0 g\u00f6r\u00fcl\u0259n i\u015fl\u0259r v\u0259 qar\u015f\u0131da duran v\u0259zif\u0259l\u0259r bar\u0259d\u0259 Z\u0259rdab Rayon \u0130cra Hakimiyy\u0259tinin ba\u015f\u00e7\u0131s\u0131 L\u00fctv\u0259li Babayevin hesabat y\u0131\u011f\u0131nca\u011f\u0131 ke\u00e7irilib. Bu bar\u0259d\u0259 Zerdab.com sayt\u0131na Z\u0259rdab Rayon \u0130cra Hakimiyy\u0259tind\u0259n m\u0259lumat verilib. M\u0259lumatda deyilir: &#8220;Hesabat y\u0131\u011f\u0131nca\u011f\u0131nda \u00f6nc\u0259 ilin 9 ay\u0131 \u0259rzind\u0259 rayonda g\u00f6r\u00fcl\u0259n i\u015fl\u0259ri \u0259ks etdir\u0259n video\u00e7arx n\u00fcmayi\u015f etdirilib. [&hellip;]","og_url":"https:\/\/www.zerdab.com\/?p=17016","og_site_name":"Z\u0259rdab.com","article_published_time":"2014-10-17T05:23:11+00:00","author":"admin","twitter_card":"summary_large_image","twitter_misc":{"Written by":"admin","Est. reading time":"3 minutes"},"schema":{"@context":"https:\/\/schema.org","@graph":[{"@type":"Article","@id":"https:\/\/www.zerdab.com\/?p=17016#article","isPartOf":{"@id":"https:\/\/www.zerdab.com\/?p=17016"},"author":{"name":"admin","@id":"https:\/\/www.zerdab.com\/#\/schema\/person\/97079b7570c1e89ec0d9e138c3672136"},"headline":"Z\u0259rdabda 9 ay\u0131n yekunlar\u0131 v\u0259 g\u00f6r\u00fcl\u0259c\u0259k i\u015fl\u0259r m\u00fczakir\u0259 edildi","datePublished":"2014-10-17T05:23:11+00:00","mainEntityOfPage":{"@id":"https:\/\/www.zerdab.com\/?p=17016"},"wordCount":648,"commentCount":0,"articleSection":["X\u018fB\u018fRL\u018fR"],"inLanguage":"az","potentialAction":[{"@type":"CommentAction","name":"Comment","target":["https:\/\/www.zerdab.com\/?p=17016#respond"]}]},{"@type":"WebPage","@id":"https:\/\/www.zerdab.com\/?p=17016","url":"https:\/\/www.zerdab.com\/?p=17016","name":"Z\u0259rdabda 9 ay\u0131n yekunlar\u0131 v\u0259 g\u00f6r\u00fcl\u0259c\u0259k i\u015fl\u0259r m\u00fczakir\u0259 edildi - Z\u0259rdab.com","isPartOf":{"@id":"https:\/\/www.zerdab.com\/#website"},"datePublished":"2014-10-17T05:23:11+00:00","author":{"@id":"https:\/\/www.zerdab.com\/#\/schema\/person\/97079b7570c1e89ec0d9e138c3672136"},"breadcrumb":{"@id":"https:\/\/www.zerdab.com\/?p=17016#breadcrumb"},"inLanguage":"az","potentialAction":[{"@type":"ReadAction","target":["https:\/\/www.zerdab.com\/?p=17016"]}]},{"@type":"BreadcrumbList","@id":"https:\/\/www.zerdab.com\/?p=17016#breadcrumb","itemListElement":[{"@type":"ListItem","position":1,"name":"Home","item":"https:\/\/www.zerdab.com\/"},{"@type":"ListItem","position":2,"name":"Z\u0259rdabda 9 ay\u0131n yekunlar\u0131 v\u0259 g\u00f6r\u00fcl\u0259c\u0259k i\u015fl\u0259r m\u00fczakir\u0259 edildi"}]},{"@type":"WebSite","@id":"https:\/\/www.zerdab.com\/#website","url":"https:\/\/www.zerdab.com\/","name":"Z\u0259rdab.com","description":"","potentialAction":[{"@type":"SearchAction","target":{"@type":"EntryPoint","urlTemplate":"https:\/\/www.zerdab.com\/?s={search_term_string}"},"query-input":{"@type":"PropertyValueSpecification","valueRequired":true,"valueName":"search_term_string"}}],"inLanguage":"az"},{"@type":"Person","@id":"https:\/\/www.zerdab.com\/#\/schema\/person\/97079b7570c1e89ec0d9e138c3672136","name":"admin","image":{"@type":"ImageObject","inLanguage":"az","@id":"https:\/\/www.zerdab.com\/#\/schema\/person\/image\/","url":"https:\/\/secure.gravatar.com\/avatar\/d9c52a9a27c32119cb6679a077fa3e2779e5f822c451cbf01098004361d466ec?s=96&d=mm&r=g","contentUrl":"https:\/\/secure.gravatar.com\/avatar\/d9c52a9a27c32119cb6679a077fa3e2779e5f822c451cbf01098004361d466ec?s=96&d=mm&r=g","caption":"admin"},"url":"https:\/\/www.zerdab.com\/?author=1"}]}},"_links":{"self":[{"href":"https:\/\/www.zerdab.com\/index.php?rest_route=\/wp\/v2\/posts\/17016","targetHints":{"allow":["GET"]}}],"collection":[{"href":"https:\/\/www.zerdab.com\/index.php?rest_route=\/wp\/v2\/posts"}],"about":[{"href":"https:\/\/www.zerdab.com\/index.php?rest_route=\/wp\/v2\/types\/post"}],"author":[{"embeddable":true,"href":"https:\/\/www.zerdab.com\/index.php?rest_route=\/wp\/v2\/users\/1"}],"replies":[{"embeddable":true,"href":"https:\/\/www.zerdab.com\/index.php?rest_route=%2Fwp%2Fv2%2Fcomments&post=17016"}],"version-history":[{"count":1,"href":"https:\/\/www.zerdab.com\/index.php?rest_route=\/wp\/v2\/posts\/17016\/revisions"}],"predecessor-version":[{"id":17019,"href":"https:\/\/www.zerdab.com\/index.php?rest_route=\/wp\/v2\/posts\/17016\/revisions\/17019"}],"wp:attachment":[{"href":"https:\/\/www.zerdab.com\/index.php?rest_route=%2Fwp%2Fv2%2Fmedia&parent=17016"}],"wp:term":[{"taxonomy":"category","embeddable":true,"href":"https:\/\/www.zerdab.com\/index.php?rest_route=%2Fwp%2Fv2%2Fcategories&post=17016"},{"taxonomy":"post_tag","embeddable":true,"href":"https:\/\/www.zerdab.com\/index.php?rest_route=%2Fwp%2Fv2%2Ftags&post=17016"}],"curies":[{"name":"wp","href":"https:\/\/api.w.org\/{rel}","templated":true}]}}