{"id":17024,"date":"2014-10-18T16:05:53","date_gmt":"2014-10-18T11:05:53","guid":{"rendered":"http:\/\/www.zerdab.com\/?p=17024"},"modified":"2014-10-18T16:05:53","modified_gmt":"2014-10-18T11:05:53","slug":"z%c9%99rdabda-dovl%c9%99t-must%c9%99qilliyi-gunu-qeyd-olundu-fotolar","status":"publish","type":"post","link":"https:\/\/www.zerdab.com\/?p=17024","title":{"rendered":"Z\u0259rdabda D\u00f6vl\u0259t M\u00fcst\u0259qilliyi G\u00fcn\u00fc qeyd olundu &#8211; FOTOLAR"},"content":{"rendered":"<p><a href=\"http:\/\/www.zerdab.com\/wp-content\/uploads\/2014\/10\/Zerdab4.jpg\"><img loading=\"lazy\" decoding=\"async\" class=\"aligncenter size-full wp-image-17026\" alt=\"Z\u0259rdab\" src=\"http:\/\/www.zerdab.com\/wp-content\/uploads\/2014\/10\/Zerdab4.jpg\" width=\"526\" height=\"349\" \/><\/a>Z\u0259rdab rayonunda\u00a0D\u00f6vl\u0259t M\u00fcst\u0259qilliyi G\u00fcn\u00fc<span style=\"line-height: 1.5em;\">n\u0259 h\u0259sr olunmu\u015f \u00fcmumrayon t\u0259dbiri ke\u00e7irilib. Bu bar\u0259d\u0259<strong> Zerdab.com<\/strong> sayt\u0131na Z\u0259rdab Rayon \u0130cra Hakimiyy\u0259tind\u0259n m\u0259lumat verilib: &#8220;<\/span><span style=\"line-height: 1.5em;\">T\u0259dbir i\u015ftirak\u00e7\u0131lar\u0131 \u0259vv\u0259lc\u0259 Ulu \u00d6nd\u0259r Heyd\u0259r \u018fliyevin abid\u0259si \u00f6n\u00fcn\u0259 g\u00fcl d\u0259st\u0259l\u0259ri qoyublar. Daha sonra Heyd\u0259r \u018fliyev M\u0259rk\u0259zi il\u0259 tan\u0131\u015fl\u0131q olub. B<\/span>ildirilib ki, Az\u0259rbaycan Respublikas\u0131 Ali Sovetinin xalq\u0131n t\u0259l\u0259bi il\u0259 \u00e7a\u011f\u0131r\u0131lm\u0131\u015f n\u00f6vb\u0259d\u0259nk\u0259nar sessiyas\u0131nda 1991-ci il avqustun 30-da Az\u0259rbaycan Respublikas\u0131n\u0131n d\u00f6vl\u0259t m\u00fcst\u0259qilliyini b\u0259rpa etm\u0259k haqq\u0131nda b\u0259yannam\u0259 q\u0259bul edilib. Ali Sovetin h\u0259min ilin 18 oktyabr tarixli sessiyas\u0131nda is\u0259 \u201cAz\u0259rbaycan Respublikas\u0131n\u0131n D\u00f6vl\u0259t m\u00fcst\u0259qilliyi haqq\u0131nda\u201d Konstitusiya Akt\u0131 yekdillikl\u0259 q\u0259bul edilib.\u00a0Y\u0131\u011f\u0131ncaqda \u00e7\u0131x\u0131\u015f ed\u0259nl\u0259r qeyd edibl\u0259r ki, bu g\u00fcn Az\u0259rbaycan iqtisadi c\u0259h\u0259td\u0259n d\u00fcnyan\u0131n \u0259n s\u00fcr\u0259tl\u0259 inki\u015faf ed\u0259n \u00f6lk\u0259l\u0259rind\u0259ndir. B\u00fct\u00fcn bunlar m\u00fcst\u0259qil Az\u0259rbaycan\u0131n tarixi nailiyy\u0259tl\u0259ridir. Vaxtil\u0259 Ulu \u00d6nd\u0259r Heyd\u0259r \u018fliyev t\u0259r\u0259find\u0259n qorunub saxlan\u0131lan m\u00fcst\u0259qilliyimiz bu g\u00fcn Prezident \u0130lham \u018fliyevin r\u0259hb\u0259rliyi il\u0259 daha da m\u00f6hk\u0259ml\u0259ndirilir v\u0259 onun \u0259b\u0259diliyi t\u0259min edilir. M\u00fcst\u0259qillik xalq\u0131m\u0131z\u0131n b\u00f6y\u00fck tarixi nailiyy\u0259ti v\u0259 milli s\u0259rv\u0259tidir. Bizim d\u0259 \u0259sas v\u0259zif\u0259miz bu tarixi nailiyy\u0259ti qoruyub saxlamaq, daha da g\u00fccl\u0259ndirm\u0259kdir&#8221;.<\/p>\n<p><strong>G\u00fcnel\u00a0<a href=\"http:\/\/www.zerdab.com\/wp-content\/uploads\/2014\/10\/Zerdab11.jpg\"><img loading=\"lazy\" decoding=\"async\" class=\"aligncenter size-large wp-image-17027\" alt=\"Z\u0259rdab\" src=\"http:\/\/www.zerdab.com\/wp-content\/uploads\/2014\/10\/Zerdab11-550x365.jpg\" width=\"550\" height=\"365\" \/><\/a><a href=\"http:\/\/www.zerdab.com\/wp-content\/uploads\/2014\/10\/Zerdab21.jpg\"><img loading=\"lazy\" decoding=\"async\" class=\"aligncenter size-full wp-image-17025\" alt=\"Z\u0259rdab\" src=\"http:\/\/www.zerdab.com\/wp-content\/uploads\/2014\/10\/Zerdab21.jpg\" width=\"391\" height=\"260\" \/><\/a><\/strong><\/p>\n","protected":false},"excerpt":{"rendered":"<p>Z\u0259rdab rayonunda\u00a0D\u00f6vl\u0259t M\u00fcst\u0259qilliyi G\u00fcn\u00fcn\u0259 h\u0259sr olunmu\u015f \u00fcmumrayon t\u0259dbiri ke\u00e7irilib. Bu bar\u0259d\u0259 Zerdab.com sayt\u0131na Z\u0259rdab Rayon \u0130cra Hakimiyy\u0259tind\u0259n m\u0259lumat verilib: &#8220;T\u0259dbir i\u015ftirak\u00e7\u0131lar\u0131 \u0259vv\u0259lc\u0259 Ulu \u00d6nd\u0259r Heyd\u0259r \u018fliyevin abid\u0259si \u00f6n\u00fcn\u0259 g\u00fcl d\u0259st\u0259l\u0259ri qoyublar. Daha sonra Heyd\u0259r \u018fliyev M\u0259rk\u0259zi il\u0259 tan\u0131\u015fl\u0131q olub. Bildirilib ki, Az\u0259rbaycan Respublikas\u0131 Ali Sovetinin xalq\u0131n t\u0259l\u0259bi il\u0259 \u00e7a\u011f\u0131r\u0131lm\u0131\u015f n\u00f6vb\u0259d\u0259nk\u0259nar sessiyas\u0131nda 1991-ci il avqustun 30-da [&hellip;]<\/p>\n","protected":false},"author":1,"featured_media":0,"comment_status":"open","ping_status":"open","sticky":false,"template":"","format":"standard","meta":{"footnotes":""},"categories":[21],"tags":[],"class_list":{"0":"post-17024","1":"post","2":"type-post","3":"status-publish","4":"format-standard","6":"category-zrdab"},"yoast_head":"<!-- This site is optimized with the Yoast SEO plugin v27.0 - https:\/\/yoast.com\/product\/yoast-seo-wordpress\/ -->\n<title>Z\u0259rdabda D\u00f6vl\u0259t M\u00fcst\u0259qilliyi G\u00fcn\u00fc qeyd olundu - FOTOLAR - Z\u0259rdab.com<\/title>\n<meta name=\"robots\" content=\"index, follow, max-snippet:-1, max-image-preview:large, max-video-preview:-1\" \/>\n<link rel=\"canonical\" href=\"https:\/\/www.zerdab.com\/?p=17024\" \/>\n<meta property=\"og:locale\" content=\"az_AZ\" \/>\n<meta property=\"og:type\" content=\"article\" \/>\n<meta property=\"og:title\" content=\"Z\u0259rdabda D\u00f6vl\u0259t M\u00fcst\u0259qilliyi G\u00fcn\u00fc qeyd olundu - FOTOLAR - Z\u0259rdab.com\" \/>\n<meta property=\"og:description\" content=\"Z\u0259rdab rayonunda\u00a0D\u00f6vl\u0259t M\u00fcst\u0259qilliyi G\u00fcn\u00fcn\u0259 h\u0259sr olunmu\u015f \u00fcmumrayon t\u0259dbiri ke\u00e7irilib. Bu bar\u0259d\u0259 Zerdab.com sayt\u0131na Z\u0259rdab Rayon \u0130cra Hakimiyy\u0259tind\u0259n m\u0259lumat verilib: &#8220;T\u0259dbir i\u015ftirak\u00e7\u0131lar\u0131 \u0259vv\u0259lc\u0259 Ulu \u00d6nd\u0259r Heyd\u0259r \u018fliyevin abid\u0259si \u00f6n\u00fcn\u0259 g\u00fcl d\u0259st\u0259l\u0259ri qoyublar. Daha sonra Heyd\u0259r \u018fliyev M\u0259rk\u0259zi il\u0259 tan\u0131\u015fl\u0131q olub. Bildirilib ki, Az\u0259rbaycan Respublikas\u0131 Ali Sovetinin xalq\u0131n t\u0259l\u0259bi il\u0259 \u00e7a\u011f\u0131r\u0131lm\u0131\u015f n\u00f6vb\u0259d\u0259nk\u0259nar sessiyas\u0131nda 1991-ci il avqustun 30-da [&hellip;]\" \/>\n<meta property=\"og:url\" content=\"https:\/\/www.zerdab.com\/?p=17024\" \/>\n<meta property=\"og:site_name\" content=\"Z\u0259rdab.com\" \/>\n<meta property=\"article:published_time\" content=\"2014-10-18T11:05:53+00:00\" \/>\n<meta property=\"og:image\" content=\"http:\/\/www.zerdab.com\/wp-content\/uploads\/2014\/10\/Zerdab4.jpg\" \/>\n<meta name=\"author\" content=\"admin\" \/>\n<meta name=\"twitter:card\" content=\"summary_large_image\" \/>\n<meta name=\"twitter:label1\" content=\"Written by\" \/>\n\t<meta name=\"twitter:data1\" content=\"admin\" \/>\n\t<meta name=\"twitter:label2\" content=\"Est. reading time\" \/>\n\t<meta name=\"twitter:data2\" content=\"1 minute\" \/>\n<script type=\"application\/ld+json\" class=\"yoast-schema-graph\">{\"@context\":\"https:\/\/schema.org\",\"@graph\":[{\"@type\":\"Article\",\"@id\":\"https:\/\/www.zerdab.com\/?p=17024#article\",\"isPartOf\":{\"@id\":\"https:\/\/www.zerdab.com\/?p=17024\"},\"author\":{\"name\":\"admin\",\"@id\":\"https:\/\/www.zerdab.com\/#\/schema\/person\/97079b7570c1e89ec0d9e138c3672136\"},\"headline\":\"Z\u0259rdabda D\u00f6vl\u0259t M\u00fcst\u0259qilliyi G\u00fcn\u00fc qeyd olundu &#8211; FOTOLAR\",\"datePublished\":\"2014-10-18T11:05:53+00:00\",\"mainEntityOfPage\":{\"@id\":\"https:\/\/www.zerdab.com\/?p=17024\"},\"wordCount\":293,\"commentCount\":0,\"image\":{\"@id\":\"https:\/\/www.zerdab.com\/?p=17024#primaryimage\"},\"thumbnailUrl\":\"http:\/\/www.zerdab.com\/wp-content\/uploads\/2014\/10\/Zerdab4.jpg\",\"articleSection\":[\"C\u018fM\u0130YY\u018fT\"],\"inLanguage\":\"az\",\"potentialAction\":[{\"@type\":\"CommentAction\",\"name\":\"Comment\",\"target\":[\"https:\/\/www.zerdab.com\/?p=17024#respond\"]}]},{\"@type\":\"WebPage\",\"@id\":\"https:\/\/www.zerdab.com\/?p=17024\",\"url\":\"https:\/\/www.zerdab.com\/?p=17024\",\"name\":\"Z\u0259rdabda D\u00f6vl\u0259t M\u00fcst\u0259qilliyi G\u00fcn\u00fc qeyd olundu - FOTOLAR - Z\u0259rdab.com\",\"isPartOf\":{\"@id\":\"https:\/\/www.zerdab.com\/#website\"},\"primaryImageOfPage\":{\"@id\":\"https:\/\/www.zerdab.com\/?p=17024#primaryimage\"},\"image\":{\"@id\":\"https:\/\/www.zerdab.com\/?p=17024#primaryimage\"},\"thumbnailUrl\":\"http:\/\/www.zerdab.com\/wp-content\/uploads\/2014\/10\/Zerdab4.jpg\",\"datePublished\":\"2014-10-18T11:05:53+00:00\",\"author\":{\"@id\":\"https:\/\/www.zerdab.com\/#\/schema\/person\/97079b7570c1e89ec0d9e138c3672136\"},\"breadcrumb\":{\"@id\":\"https:\/\/www.zerdab.com\/?p=17024#breadcrumb\"},\"inLanguage\":\"az\",\"potentialAction\":[{\"@type\":\"ReadAction\",\"target\":[\"https:\/\/www.zerdab.com\/?p=17024\"]}]},{\"@type\":\"ImageObject\",\"inLanguage\":\"az\",\"@id\":\"https:\/\/www.zerdab.com\/?p=17024#primaryimage\",\"url\":\"http:\/\/www.zerdab.com\/wp-content\/uploads\/2014\/10\/Zerdab4.jpg\",\"contentUrl\":\"http:\/\/www.zerdab.com\/wp-content\/uploads\/2014\/10\/Zerdab4.jpg\"},{\"@type\":\"BreadcrumbList\",\"@id\":\"https:\/\/www.zerdab.com\/?p=17024#breadcrumb\",\"itemListElement\":[{\"@type\":\"ListItem\",\"position\":1,\"name\":\"Home\",\"item\":\"https:\/\/www.zerdab.com\/\"},{\"@type\":\"ListItem\",\"position\":2,\"name\":\"Z\u0259rdabda D\u00f6vl\u0259t M\u00fcst\u0259qilliyi G\u00fcn\u00fc qeyd olundu &#8211; FOTOLAR\"}]},{\"@type\":\"WebSite\",\"@id\":\"https:\/\/www.zerdab.com\/#website\",\"url\":\"https:\/\/www.zerdab.com\/\",\"name\":\"Z\u0259rdab.com\",\"description\":\"\",\"potentialAction\":[{\"@type\":\"SearchAction\",\"target\":{\"@type\":\"EntryPoint\",\"urlTemplate\":\"https:\/\/www.zerdab.com\/?s={search_term_string}\"},\"query-input\":{\"@type\":\"PropertyValueSpecification\",\"valueRequired\":true,\"valueName\":\"search_term_string\"}}],\"inLanguage\":\"az\"},{\"@type\":\"Person\",\"@id\":\"https:\/\/www.zerdab.com\/#\/schema\/person\/97079b7570c1e89ec0d9e138c3672136\",\"name\":\"admin\",\"image\":{\"@type\":\"ImageObject\",\"inLanguage\":\"az\",\"@id\":\"https:\/\/www.zerdab.com\/#\/schema\/person\/image\/\",\"url\":\"https:\/\/secure.gravatar.com\/avatar\/d9c52a9a27c32119cb6679a077fa3e2779e5f822c451cbf01098004361d466ec?s=96&d=mm&r=g\",\"contentUrl\":\"https:\/\/secure.gravatar.com\/avatar\/d9c52a9a27c32119cb6679a077fa3e2779e5f822c451cbf01098004361d466ec?s=96&d=mm&r=g\",\"caption\":\"admin\"},\"url\":\"https:\/\/www.zerdab.com\/?author=1\"}]}<\/script>\n<!-- \/ Yoast SEO plugin. -->","yoast_head_json":{"title":"Z\u0259rdabda D\u00f6vl\u0259t M\u00fcst\u0259qilliyi G\u00fcn\u00fc qeyd olundu - FOTOLAR - Z\u0259rdab.com","robots":{"index":"index","follow":"follow","max-snippet":"max-snippet:-1","max-image-preview":"max-image-preview:large","max-video-preview":"max-video-preview:-1"},"canonical":"https:\/\/www.zerdab.com\/?p=17024","og_locale":"az_AZ","og_type":"article","og_title":"Z\u0259rdabda D\u00f6vl\u0259t M\u00fcst\u0259qilliyi G\u00fcn\u00fc qeyd olundu - FOTOLAR - Z\u0259rdab.com","og_description":"Z\u0259rdab rayonunda\u00a0D\u00f6vl\u0259t M\u00fcst\u0259qilliyi G\u00fcn\u00fcn\u0259 h\u0259sr olunmu\u015f \u00fcmumrayon t\u0259dbiri ke\u00e7irilib. Bu bar\u0259d\u0259 Zerdab.com sayt\u0131na Z\u0259rdab Rayon \u0130cra Hakimiyy\u0259tind\u0259n m\u0259lumat verilib: &#8220;T\u0259dbir i\u015ftirak\u00e7\u0131lar\u0131 \u0259vv\u0259lc\u0259 Ulu \u00d6nd\u0259r Heyd\u0259r \u018fliyevin abid\u0259si \u00f6n\u00fcn\u0259 g\u00fcl d\u0259st\u0259l\u0259ri qoyublar. Daha sonra Heyd\u0259r \u018fliyev M\u0259rk\u0259zi il\u0259 tan\u0131\u015fl\u0131q olub. Bildirilib ki, Az\u0259rbaycan Respublikas\u0131 Ali Sovetinin xalq\u0131n t\u0259l\u0259bi il\u0259 \u00e7a\u011f\u0131r\u0131lm\u0131\u015f n\u00f6vb\u0259d\u0259nk\u0259nar sessiyas\u0131nda 1991-ci il avqustun 30-da [&hellip;]","og_url":"https:\/\/www.zerdab.com\/?p=17024","og_site_name":"Z\u0259rdab.com","article_published_time":"2014-10-18T11:05:53+00:00","og_image":[{"url":"http:\/\/www.zerdab.com\/wp-content\/uploads\/2014\/10\/Zerdab4.jpg","type":"","width":"","height":""}],"author":"admin","twitter_card":"summary_large_image","twitter_misc":{"Written by":"admin","Est. reading time":"1 minute"},"schema":{"@context":"https:\/\/schema.org","@graph":[{"@type":"Article","@id":"https:\/\/www.zerdab.com\/?p=17024#article","isPartOf":{"@id":"https:\/\/www.zerdab.com\/?p=17024"},"author":{"name":"admin","@id":"https:\/\/www.zerdab.com\/#\/schema\/person\/97079b7570c1e89ec0d9e138c3672136"},"headline":"Z\u0259rdabda D\u00f6vl\u0259t M\u00fcst\u0259qilliyi G\u00fcn\u00fc qeyd olundu &#8211; FOTOLAR","datePublished":"2014-10-18T11:05:53+00:00","mainEntityOfPage":{"@id":"https:\/\/www.zerdab.com\/?p=17024"},"wordCount":293,"commentCount":0,"image":{"@id":"https:\/\/www.zerdab.com\/?p=17024#primaryimage"},"thumbnailUrl":"http:\/\/www.zerdab.com\/wp-content\/uploads\/2014\/10\/Zerdab4.jpg","articleSection":["C\u018fM\u0130YY\u018fT"],"inLanguage":"az","potentialAction":[{"@type":"CommentAction","name":"Comment","target":["https:\/\/www.zerdab.com\/?p=17024#respond"]}]},{"@type":"WebPage","@id":"https:\/\/www.zerdab.com\/?p=17024","url":"https:\/\/www.zerdab.com\/?p=17024","name":"Z\u0259rdabda D\u00f6vl\u0259t M\u00fcst\u0259qilliyi G\u00fcn\u00fc qeyd olundu - FOTOLAR - Z\u0259rdab.com","isPartOf":{"@id":"https:\/\/www.zerdab.com\/#website"},"primaryImageOfPage":{"@id":"https:\/\/www.zerdab.com\/?p=17024#primaryimage"},"image":{"@id":"https:\/\/www.zerdab.com\/?p=17024#primaryimage"},"thumbnailUrl":"http:\/\/www.zerdab.com\/wp-content\/uploads\/2014\/10\/Zerdab4.jpg","datePublished":"2014-10-18T11:05:53+00:00","author":{"@id":"https:\/\/www.zerdab.com\/#\/schema\/person\/97079b7570c1e89ec0d9e138c3672136"},"breadcrumb":{"@id":"https:\/\/www.zerdab.com\/?p=17024#breadcrumb"},"inLanguage":"az","potentialAction":[{"@type":"ReadAction","target":["https:\/\/www.zerdab.com\/?p=17024"]}]},{"@type":"ImageObject","inLanguage":"az","@id":"https:\/\/www.zerdab.com\/?p=17024#primaryimage","url":"http:\/\/www.zerdab.com\/wp-content\/uploads\/2014\/10\/Zerdab4.jpg","contentUrl":"http:\/\/www.zerdab.com\/wp-content\/uploads\/2014\/10\/Zerdab4.jpg"},{"@type":"BreadcrumbList","@id":"https:\/\/www.zerdab.com\/?p=17024#breadcrumb","itemListElement":[{"@type":"ListItem","position":1,"name":"Home","item":"https:\/\/www.zerdab.com\/"},{"@type":"ListItem","position":2,"name":"Z\u0259rdabda D\u00f6vl\u0259t M\u00fcst\u0259qilliyi G\u00fcn\u00fc qeyd olundu &#8211; FOTOLAR"}]},{"@type":"WebSite","@id":"https:\/\/www.zerdab.com\/#website","url":"https:\/\/www.zerdab.com\/","name":"Z\u0259rdab.com","description":"","potentialAction":[{"@type":"SearchAction","target":{"@type":"EntryPoint","urlTemplate":"https:\/\/www.zerdab.com\/?s={search_term_string}"},"query-input":{"@type":"PropertyValueSpecification","valueRequired":true,"valueName":"search_term_string"}}],"inLanguage":"az"},{"@type":"Person","@id":"https:\/\/www.zerdab.com\/#\/schema\/person\/97079b7570c1e89ec0d9e138c3672136","name":"admin","image":{"@type":"ImageObject","inLanguage":"az","@id":"https:\/\/www.zerdab.com\/#\/schema\/person\/image\/","url":"https:\/\/secure.gravatar.com\/avatar\/d9c52a9a27c32119cb6679a077fa3e2779e5f822c451cbf01098004361d466ec?s=96&d=mm&r=g","contentUrl":"https:\/\/secure.gravatar.com\/avatar\/d9c52a9a27c32119cb6679a077fa3e2779e5f822c451cbf01098004361d466ec?s=96&d=mm&r=g","caption":"admin"},"url":"https:\/\/www.zerdab.com\/?author=1"}]}},"_links":{"self":[{"href":"https:\/\/www.zerdab.com\/index.php?rest_route=\/wp\/v2\/posts\/17024","targetHints":{"allow":["GET"]}}],"collection":[{"href":"https:\/\/www.zerdab.com\/index.php?rest_route=\/wp\/v2\/posts"}],"about":[{"href":"https:\/\/www.zerdab.com\/index.php?rest_route=\/wp\/v2\/types\/post"}],"author":[{"embeddable":true,"href":"https:\/\/www.zerdab.com\/index.php?rest_route=\/wp\/v2\/users\/1"}],"replies":[{"embeddable":true,"href":"https:\/\/www.zerdab.com\/index.php?rest_route=%2Fwp%2Fv2%2Fcomments&post=17024"}],"version-history":[{"count":1,"href":"https:\/\/www.zerdab.com\/index.php?rest_route=\/wp\/v2\/posts\/17024\/revisions"}],"predecessor-version":[{"id":17028,"href":"https:\/\/www.zerdab.com\/index.php?rest_route=\/wp\/v2\/posts\/17024\/revisions\/17028"}],"wp:attachment":[{"href":"https:\/\/www.zerdab.com\/index.php?rest_route=%2Fwp%2Fv2%2Fmedia&parent=17024"}],"wp:term":[{"taxonomy":"category","embeddable":true,"href":"https:\/\/www.zerdab.com\/index.php?rest_route=%2Fwp%2Fv2%2Fcategories&post=17024"},{"taxonomy":"post_tag","embeddable":true,"href":"https:\/\/www.zerdab.com\/index.php?rest_route=%2Fwp%2Fv2%2Ftags&post=17024"}],"curies":[{"name":"wp","href":"https:\/\/api.w.org\/{rel}","templated":true}]}}