{"id":17104,"date":"2014-10-28T19:27:14","date_gmt":"2014-10-28T15:27:14","guid":{"rendered":"http:\/\/www.zerdab.com\/?p=17104"},"modified":"2014-10-28T19:27:14","modified_gmt":"2014-10-28T15:27:14","slug":"ramiz-mehdiyev-icra-hakimiyy%c9%99ti-bascilarinin-muavinl%c9%99ri-il%c9%99-gorusdu","status":"publish","type":"post","link":"https:\/\/www.zerdab.com\/?p=17104","title":{"rendered":"Ramiz Mehdiyev \u0130cra Hakimiyy\u0259ti ba\u015f\u00e7\u0131lar\u0131n\u0131n m\u00fcavinl\u0259ri il\u0259 g\u00f6r\u00fc\u015fd\u00fc"},"content":{"rendered":"<p><a href=\"http:\/\/www.zerdab.com\/wp-content\/uploads\/2014\/10\/T\u0259dbir-.jpg\"><img loading=\"lazy\" decoding=\"async\" class=\"aligncenter size-large wp-image-17106\" alt=\"Ramiz Medhiyev\" src=\"http:\/\/www.zerdab.com\/wp-content\/uploads\/2014\/10\/T\u0259dbir--550x349.jpg\" width=\"550\" height=\"349\" \/><\/a>Az\u0259rbaycan Respublikas\u0131n\u0131n Prezidenti \u0130lham \u018fliyevin tap\u015f\u0131r\u0131\u011f\u0131na \u0259sas\u0259n \u015f\u0259h\u0259r, rayon icra hakimiyy\u0259ti ba\u015f\u00e7\u0131lar\u0131n\u0131n ictimai-siyasi v\u0259 humanitar m\u0259s\u0259l\u0259l\u0259r \u00fczr\u0259 m\u00fcavinl\u0259rinin oktyabr\u0131n 28-d\u0259 Prezident yan\u0131nda D\u00f6vl\u0259t \u0130dar\u0259\u00e7ilik Akademiyas\u0131nda seminar-m\u00fc\u015favir\u0259si i\u015f\u0259 ba\u015flay\u0131b.<br \/>\nZerdab.sayt\u0131\u00a0<a href=\"http:\/\/azertag.az\/\" target=\"_blank\">Az\u0259rTAc<\/a>-a istinad\u0259n\u00a0x\u0259b\u0259r verir ki, t\u0259dbir i\u015ftirak\u00e7\u0131lar\u0131 \u0259vv\u0259lc\u0259 F\u0259xri xiyabana g\u0259l\u0259r\u0259k \u00fcmummilli lider Heyd\u0259r \u018fliyevin xatir\u0259sini d\u0259rin ehtiramla yad edib m\u0259zar\u0131 \u00f6n\u00fcn\u0259 g\u00fcl d\u0259st\u0259l\u0259ri qoyublar.<br \/>\nG\u00f6rk\u0259mli oftalmoloq alim, akademik Z\u0259rif\u0259 xan\u0131m \u018fliyevan\u0131n da xatir\u0259si d\u0259rin ehtiramla an\u0131l\u0131b, m\u0259zar\u0131 \u00fcz\u0259rin\u0259 t\u0259r \u00e7i\u00e7\u0259kl\u0259r d\u00fcz\u00fcl\u00fcb.<br \/>\nAz\u0259rbaycan Prezidenti Administrasiyas\u0131n\u0131n r\u0259hb\u0259ri, akademik Ramiz Mehdiyev geni\u015f m\u0259ruz\u0259 il\u0259 \u00e7\u0131x\u0131\u015f ed\u0259r\u0259k bu seminar-m\u00fc\u015favir\u0259nin \u00f6lk\u0259mizd\u0259 idar\u0259\u00e7ilik sisteminin t\u0259kmill\u0259\u015fdirilm\u0259sin\u0259 v\u0259 humanitar sah\u0259d\u0259 d\u00f6vl\u0259t siyas\u0259tinin daha dinamik h\u0259yata ke\u00e7irilm\u0259si prosesin\u0259 layiqli t\u00f6hf\u0259 ver\u0259c\u0259yini bildirib.<br \/>\n\u015e\u0259h\u0259r, rayon icra hakimiyy\u0259ti ba\u015f\u00e7\u0131lar\u0131n\u0131n humanitar m\u0259s\u0259l\u0259l\u0259r \u00fczr\u0259 m\u00fcavinl\u0259ri il\u0259 yana\u015f\u0131, Prezident Administrasiyas\u0131n\u0131n struktur b\u00f6lm\u0259l\u0259rinin, aidiyy\u0259ti m\u0259rk\u0259zi icra hakimiyy\u0259ti orqanlar\u0131n\u0131n r\u0259hb\u0259rl\u0259rinin, \u015f\u0259h\u0259r v\u0259 rayon icra hakimiyy\u0259tl\u0259ri ba\u015f\u00e7\u0131lar\u0131n\u0131n da i\u015ftirak etdikl\u0259ri seminar-m\u00fc\u015favir\u0259nin ke\u00e7irilm\u0259sind\u0259 \u0259sas m\u0259qs\u0259d humanitar siyas\u0259tin realla\u015fd\u0131r\u0131lmas\u0131nda yerli v\u0259 m\u00fcvafiq m\u0259rk\u0259zi icra hakimiyy\u0259tl\u0259ri orqanlar\u0131n\u0131n birg\u0259 f\u0259aliyy\u0259tinin haz\u0131rk\u0131 v\u0259ziyy\u0259tinin m\u00fczakir\u0259 edilm\u0259si, qar\u015f\u0131da duran yeni v\u0259zif\u0259l\u0259rin m\u00fc\u0259yy\u0259nl\u0259\u015fdirilm\u0259sidir. Yerl\u0259rd\u0259 v\u0259t\u0259nda\u015flarla m\u00fcnt\u0259z\u0259m \u0259laq\u0259nin saxlanmas\u0131, d\u00fczg\u00fcn kadr se\u00e7imi, internet resurslar\u0131nda v\u0259 sosial \u015f\u0259b\u0259k\u0259l\u0259rd\u0259 yer alan x\u0259b\u0259rl\u0259rin izl\u0259nm\u0259si v\u0259 t\u0259hlil olunmas\u0131, ideoloji i\u015fin y\u00fcks\u0259k s\u0259viyy\u0259d\u0259 qurulmas\u0131, t\u0259hsil infrastrukturunun v\u0259 m\u00fchitinin yax\u015f\u0131la\u015fd\u0131r\u0131lmas\u0131, ekologiya, turizm, \u0259halinin asud\u0259 vaxt\u0131n\u0131n s\u0259m\u0259r\u0259li t\u0259\u015fkili, c\u0259miyy\u0259tin h\u0259yat\u0131nda qad\u0131nlar\u0131n f\u0259all\u0131\u011f\u0131n\u0131n art\u0131r\u0131lmas\u0131, s\u0259hiyy\u0259nin, b\u0259d\u0259n t\u0259rbiy\u0259sinin, idman\u0131n inki\u015faf\u0131, g\u0259ncl\u0259r v\u0259 u\u015faq siyas\u0259ti, din v\u0259 s. m\u0259s\u0259l\u0259l\u0259r bar\u0259d\u0259 d\u0259 seminar-m\u00fc\u015favir\u0259d\u0259 \u0259trafl\u0131 m\u00fczakir\u0259l\u0259r apar\u0131l\u0131b, m\u00fcvafiq t\u00f6vsiy\u0259 v\u0259 tap\u015f\u0131r\u0131qlar verilib.<br \/>\nSonra akademik Ramiz Mehdiyev Az\u0259rbaycan Prezidenti \u0130lham \u018fliyevin s\u0259r\u0259ncamlar\u0131na \u0259sas\u0259n, d\u00f6vl\u0259t qullu\u011funda s\u0259m\u0259r\u0259li f\u0259aliyy\u0259tl\u0259rin\u0259 g\u00f6r\u0259 t\u0259ltif olunmu\u015f icra hakimiyy\u0259ti ba\u015f\u00e7\u0131lar\u0131n\u0131n bir qrupuna \u201c\u015e\u00f6hr\u0259t\u201d v\u0259 \u201c3-c\u00fc d\u0259r\u0259c\u0259li V\u0259t\u0259n\u0259 xidm\u0259t\u0259 g\u00f6r\u0259\u201d ordenl\u0259rini t\u0259qdim edib.<br \/>\nDaha sonra seminar-m\u00fc\u015favir\u0259d\u0259 Prezident Administrasiyas\u0131 humanitar siyas\u0259t m\u0259s\u0259l\u0259l\u0259ri \u015f\u00f6b\u0259sinin m\u00fcdiri Fatma Abdullazad\u0259 v\u0259 t\u0259hsil naziri Mikay\u0131l Cabbarov \u00e7\u0131x\u0131\u015f edibl\u0259r.<br \/>\nSeminar-m\u00fc\u015favir\u0259 oktyabr\u0131n 29-30-da \u00f6z i\u015fini davam etdir\u0259c\u0259k.<\/p>\n<p><a href=\"http:\/\/www.zerdab.com\/wp-content\/uploads\/2014\/10\/Ramiz-Medhiyev.jpg\"><img loading=\"lazy\" decoding=\"async\" class=\"aligncenter size-large wp-image-17105\" alt=\"Ramiz Medhiyev\" src=\"http:\/\/www.zerdab.com\/wp-content\/uploads\/2014\/10\/Ramiz-Medhiyev-550x394.jpg\" width=\"550\" height=\"394\" \/><\/a><a href=\"http:\/\/www.zerdab.com\/wp-content\/uploads\/2014\/10\/T\u0259dbir.jpg\"><img loading=\"lazy\" decoding=\"async\" class=\"aligncenter size-large wp-image-17107\" alt=\"Ramiz Medhiyev\" src=\"http:\/\/www.zerdab.com\/wp-content\/uploads\/2014\/10\/T\u0259dbir-550x363.jpg\" width=\"550\" height=\"363\" \/><\/a> <a href=\"http:\/\/www.zerdab.com\/wp-content\/uploads\/2014\/10\/T\u0259dbir1.jpg\"><img loading=\"lazy\" decoding=\"async\" class=\"aligncenter size-large wp-image-17108\" alt=\"Ramiz Medhiyev\" src=\"http:\/\/www.zerdab.com\/wp-content\/uploads\/2014\/10\/T\u0259dbir1-550x381.jpg\" width=\"550\" height=\"381\" \/><\/a><\/p>\n","protected":false},"excerpt":{"rendered":"<p>Az\u0259rbaycan Respublikas\u0131n\u0131n Prezidenti \u0130lham \u018fliyevin tap\u015f\u0131r\u0131\u011f\u0131na \u0259sas\u0259n \u015f\u0259h\u0259r, rayon icra hakimiyy\u0259ti ba\u015f\u00e7\u0131lar\u0131n\u0131n ictimai-siyasi v\u0259 humanitar m\u0259s\u0259l\u0259l\u0259r \u00fczr\u0259 m\u00fcavinl\u0259rinin oktyabr\u0131n 28-d\u0259 Prezident yan\u0131nda D\u00f6vl\u0259t \u0130dar\u0259\u00e7ilik Akademiyas\u0131nda seminar-m\u00fc\u015favir\u0259si i\u015f\u0259 ba\u015flay\u0131b. Zerdab.sayt\u0131\u00a0Az\u0259rTAc-a istinad\u0259n\u00a0x\u0259b\u0259r verir ki, t\u0259dbir i\u015ftirak\u00e7\u0131lar\u0131 \u0259vv\u0259lc\u0259 F\u0259xri xiyabana g\u0259l\u0259r\u0259k \u00fcmummilli lider Heyd\u0259r \u018fliyevin xatir\u0259sini d\u0259rin ehtiramla yad edib m\u0259zar\u0131 \u00f6n\u00fcn\u0259 g\u00fcl d\u0259st\u0259l\u0259ri qoyublar. G\u00f6rk\u0259mli oftalmoloq alim, [&hellip;]<\/p>\n","protected":false},"author":1,"featured_media":0,"comment_status":"open","ping_status":"open","sticky":false,"template":"","format":"standard","meta":{"footnotes":""},"categories":[5],"tags":[],"class_list":{"0":"post-17104","1":"post","2":"type-post","3":"status-publish","4":"format-standard","6":"category-knd"},"yoast_head":"<!-- This site is optimized with the Yoast SEO plugin v27.0 - https:\/\/yoast.com\/product\/yoast-seo-wordpress\/ -->\n<title>Ramiz Mehdiyev \u0130cra Hakimiyy\u0259ti ba\u015f\u00e7\u0131lar\u0131n\u0131n m\u00fcavinl\u0259ri il\u0259 g\u00f6r\u00fc\u015fd\u00fc - Z\u0259rdab.com<\/title>\n<meta name=\"robots\" content=\"index, follow, max-snippet:-1, max-image-preview:large, max-video-preview:-1\" \/>\n<link rel=\"canonical\" href=\"https:\/\/www.zerdab.com\/?p=17104\" \/>\n<meta property=\"og:locale\" content=\"az_AZ\" \/>\n<meta property=\"og:type\" content=\"article\" \/>\n<meta property=\"og:title\" content=\"Ramiz Mehdiyev \u0130cra Hakimiyy\u0259ti ba\u015f\u00e7\u0131lar\u0131n\u0131n m\u00fcavinl\u0259ri il\u0259 g\u00f6r\u00fc\u015fd\u00fc - Z\u0259rdab.com\" \/>\n<meta property=\"og:description\" content=\"Az\u0259rbaycan Respublikas\u0131n\u0131n Prezidenti \u0130lham \u018fliyevin tap\u015f\u0131r\u0131\u011f\u0131na \u0259sas\u0259n \u015f\u0259h\u0259r, rayon icra hakimiyy\u0259ti ba\u015f\u00e7\u0131lar\u0131n\u0131n ictimai-siyasi v\u0259 humanitar m\u0259s\u0259l\u0259l\u0259r \u00fczr\u0259 m\u00fcavinl\u0259rinin oktyabr\u0131n 28-d\u0259 Prezident yan\u0131nda D\u00f6vl\u0259t \u0130dar\u0259\u00e7ilik Akademiyas\u0131nda seminar-m\u00fc\u015favir\u0259si i\u015f\u0259 ba\u015flay\u0131b. Zerdab.sayt\u0131\u00a0Az\u0259rTAc-a istinad\u0259n\u00a0x\u0259b\u0259r verir ki, t\u0259dbir i\u015ftirak\u00e7\u0131lar\u0131 \u0259vv\u0259lc\u0259 F\u0259xri xiyabana g\u0259l\u0259r\u0259k \u00fcmummilli lider Heyd\u0259r \u018fliyevin xatir\u0259sini d\u0259rin ehtiramla yad edib m\u0259zar\u0131 \u00f6n\u00fcn\u0259 g\u00fcl d\u0259st\u0259l\u0259ri qoyublar. G\u00f6rk\u0259mli oftalmoloq alim, [&hellip;]\" \/>\n<meta property=\"og:url\" content=\"https:\/\/www.zerdab.com\/?p=17104\" \/>\n<meta property=\"og:site_name\" content=\"Z\u0259rdab.com\" \/>\n<meta property=\"article:published_time\" content=\"2014-10-28T15:27:14+00:00\" \/>\n<meta property=\"og:image\" content=\"http:\/\/www.zerdab.com\/wp-content\/uploads\/2014\/10\/Ramiz-Medhiyev-550x394.jpg\" \/>\n<meta name=\"author\" content=\"admin\" \/>\n<meta name=\"twitter:card\" content=\"summary_large_image\" \/>\n<meta name=\"twitter:label1\" content=\"Written by\" \/>\n\t<meta name=\"twitter:data1\" content=\"admin\" \/>\n\t<meta name=\"twitter:label2\" content=\"Est. reading time\" \/>\n\t<meta name=\"twitter:data2\" content=\"3 minutes\" \/>\n<script type=\"application\/ld+json\" class=\"yoast-schema-graph\">{\"@context\":\"https:\/\/schema.org\",\"@graph\":[{\"@type\":\"Article\",\"@id\":\"https:\/\/www.zerdab.com\/?p=17104#article\",\"isPartOf\":{\"@id\":\"https:\/\/www.zerdab.com\/?p=17104\"},\"author\":{\"name\":\"admin\",\"@id\":\"https:\/\/www.zerdab.com\/#\/schema\/person\/97079b7570c1e89ec0d9e138c3672136\"},\"headline\":\"Ramiz Mehdiyev \u0130cra Hakimiyy\u0259ti ba\u015f\u00e7\u0131lar\u0131n\u0131n m\u00fcavinl\u0259ri il\u0259 g\u00f6r\u00fc\u015fd\u00fc\",\"datePublished\":\"2014-10-28T15:27:14+00:00\",\"mainEntityOfPage\":{\"@id\":\"https:\/\/www.zerdab.com\/?p=17104\"},\"wordCount\":580,\"commentCount\":0,\"image\":{\"@id\":\"https:\/\/www.zerdab.com\/?p=17104#primaryimage\"},\"thumbnailUrl\":\"http:\/\/www.zerdab.com\/wp-content\/uploads\/2014\/10\/Ramiz-Medhiyev-550x394.jpg\",\"articleSection\":[\"X\u018fB\u018fRL\u018fR\"],\"inLanguage\":\"az\",\"potentialAction\":[{\"@type\":\"CommentAction\",\"name\":\"Comment\",\"target\":[\"https:\/\/www.zerdab.com\/?p=17104#respond\"]}]},{\"@type\":\"WebPage\",\"@id\":\"https:\/\/www.zerdab.com\/?p=17104\",\"url\":\"https:\/\/www.zerdab.com\/?p=17104\",\"name\":\"Ramiz Mehdiyev \u0130cra Hakimiyy\u0259ti ba\u015f\u00e7\u0131lar\u0131n\u0131n m\u00fcavinl\u0259ri il\u0259 g\u00f6r\u00fc\u015fd\u00fc - Z\u0259rdab.com\",\"isPartOf\":{\"@id\":\"https:\/\/www.zerdab.com\/#website\"},\"primaryImageOfPage\":{\"@id\":\"https:\/\/www.zerdab.com\/?p=17104#primaryimage\"},\"image\":{\"@id\":\"https:\/\/www.zerdab.com\/?p=17104#primaryimage\"},\"thumbnailUrl\":\"http:\/\/www.zerdab.com\/wp-content\/uploads\/2014\/10\/Ramiz-Medhiyev-550x394.jpg\",\"datePublished\":\"2014-10-28T15:27:14+00:00\",\"author\":{\"@id\":\"https:\/\/www.zerdab.com\/#\/schema\/person\/97079b7570c1e89ec0d9e138c3672136\"},\"breadcrumb\":{\"@id\":\"https:\/\/www.zerdab.com\/?p=17104#breadcrumb\"},\"inLanguage\":\"az\",\"potentialAction\":[{\"@type\":\"ReadAction\",\"target\":[\"https:\/\/www.zerdab.com\/?p=17104\"]}]},{\"@type\":\"ImageObject\",\"inLanguage\":\"az\",\"@id\":\"https:\/\/www.zerdab.com\/?p=17104#primaryimage\",\"url\":\"\",\"contentUrl\":\"\"},{\"@type\":\"BreadcrumbList\",\"@id\":\"https:\/\/www.zerdab.com\/?p=17104#breadcrumb\",\"itemListElement\":[{\"@type\":\"ListItem\",\"position\":1,\"name\":\"Home\",\"item\":\"https:\/\/www.zerdab.com\/\"},{\"@type\":\"ListItem\",\"position\":2,\"name\":\"Ramiz Mehdiyev \u0130cra Hakimiyy\u0259ti ba\u015f\u00e7\u0131lar\u0131n\u0131n m\u00fcavinl\u0259ri il\u0259 g\u00f6r\u00fc\u015fd\u00fc\"}]},{\"@type\":\"WebSite\",\"@id\":\"https:\/\/www.zerdab.com\/#website\",\"url\":\"https:\/\/www.zerdab.com\/\",\"name\":\"Z\u0259rdab.com\",\"description\":\"\",\"potentialAction\":[{\"@type\":\"SearchAction\",\"target\":{\"@type\":\"EntryPoint\",\"urlTemplate\":\"https:\/\/www.zerdab.com\/?s={search_term_string}\"},\"query-input\":{\"@type\":\"PropertyValueSpecification\",\"valueRequired\":true,\"valueName\":\"search_term_string\"}}],\"inLanguage\":\"az\"},{\"@type\":\"Person\",\"@id\":\"https:\/\/www.zerdab.com\/#\/schema\/person\/97079b7570c1e89ec0d9e138c3672136\",\"name\":\"admin\",\"image\":{\"@type\":\"ImageObject\",\"inLanguage\":\"az\",\"@id\":\"https:\/\/www.zerdab.com\/#\/schema\/person\/image\/\",\"url\":\"https:\/\/secure.gravatar.com\/avatar\/d9c52a9a27c32119cb6679a077fa3e2779e5f822c451cbf01098004361d466ec?s=96&d=mm&r=g\",\"contentUrl\":\"https:\/\/secure.gravatar.com\/avatar\/d9c52a9a27c32119cb6679a077fa3e2779e5f822c451cbf01098004361d466ec?s=96&d=mm&r=g\",\"caption\":\"admin\"},\"url\":\"https:\/\/www.zerdab.com\/?author=1\"}]}<\/script>\n<!-- \/ Yoast SEO plugin. -->","yoast_head_json":{"title":"Ramiz Mehdiyev \u0130cra Hakimiyy\u0259ti ba\u015f\u00e7\u0131lar\u0131n\u0131n m\u00fcavinl\u0259ri il\u0259 g\u00f6r\u00fc\u015fd\u00fc - Z\u0259rdab.com","robots":{"index":"index","follow":"follow","max-snippet":"max-snippet:-1","max-image-preview":"max-image-preview:large","max-video-preview":"max-video-preview:-1"},"canonical":"https:\/\/www.zerdab.com\/?p=17104","og_locale":"az_AZ","og_type":"article","og_title":"Ramiz Mehdiyev \u0130cra Hakimiyy\u0259ti ba\u015f\u00e7\u0131lar\u0131n\u0131n m\u00fcavinl\u0259ri il\u0259 g\u00f6r\u00fc\u015fd\u00fc - Z\u0259rdab.com","og_description":"Az\u0259rbaycan Respublikas\u0131n\u0131n Prezidenti \u0130lham \u018fliyevin tap\u015f\u0131r\u0131\u011f\u0131na \u0259sas\u0259n \u015f\u0259h\u0259r, rayon icra hakimiyy\u0259ti ba\u015f\u00e7\u0131lar\u0131n\u0131n ictimai-siyasi v\u0259 humanitar m\u0259s\u0259l\u0259l\u0259r \u00fczr\u0259 m\u00fcavinl\u0259rinin oktyabr\u0131n 28-d\u0259 Prezident yan\u0131nda D\u00f6vl\u0259t \u0130dar\u0259\u00e7ilik Akademiyas\u0131nda seminar-m\u00fc\u015favir\u0259si i\u015f\u0259 ba\u015flay\u0131b. Zerdab.sayt\u0131\u00a0Az\u0259rTAc-a istinad\u0259n\u00a0x\u0259b\u0259r verir ki, t\u0259dbir i\u015ftirak\u00e7\u0131lar\u0131 \u0259vv\u0259lc\u0259 F\u0259xri xiyabana g\u0259l\u0259r\u0259k \u00fcmummilli lider Heyd\u0259r \u018fliyevin xatir\u0259sini d\u0259rin ehtiramla yad edib m\u0259zar\u0131 \u00f6n\u00fcn\u0259 g\u00fcl d\u0259st\u0259l\u0259ri qoyublar. G\u00f6rk\u0259mli oftalmoloq alim, [&hellip;]","og_url":"https:\/\/www.zerdab.com\/?p=17104","og_site_name":"Z\u0259rdab.com","article_published_time":"2014-10-28T15:27:14+00:00","og_image":[{"url":"http:\/\/www.zerdab.com\/wp-content\/uploads\/2014\/10\/Ramiz-Medhiyev-550x394.jpg","type":"","width":"","height":""}],"author":"admin","twitter_card":"summary_large_image","twitter_misc":{"Written by":"admin","Est. reading time":"3 minutes"},"schema":{"@context":"https:\/\/schema.org","@graph":[{"@type":"Article","@id":"https:\/\/www.zerdab.com\/?p=17104#article","isPartOf":{"@id":"https:\/\/www.zerdab.com\/?p=17104"},"author":{"name":"admin","@id":"https:\/\/www.zerdab.com\/#\/schema\/person\/97079b7570c1e89ec0d9e138c3672136"},"headline":"Ramiz Mehdiyev \u0130cra Hakimiyy\u0259ti ba\u015f\u00e7\u0131lar\u0131n\u0131n m\u00fcavinl\u0259ri il\u0259 g\u00f6r\u00fc\u015fd\u00fc","datePublished":"2014-10-28T15:27:14+00:00","mainEntityOfPage":{"@id":"https:\/\/www.zerdab.com\/?p=17104"},"wordCount":580,"commentCount":0,"image":{"@id":"https:\/\/www.zerdab.com\/?p=17104#primaryimage"},"thumbnailUrl":"http:\/\/www.zerdab.com\/wp-content\/uploads\/2014\/10\/Ramiz-Medhiyev-550x394.jpg","articleSection":["X\u018fB\u018fRL\u018fR"],"inLanguage":"az","potentialAction":[{"@type":"CommentAction","name":"Comment","target":["https:\/\/www.zerdab.com\/?p=17104#respond"]}]},{"@type":"WebPage","@id":"https:\/\/www.zerdab.com\/?p=17104","url":"https:\/\/www.zerdab.com\/?p=17104","name":"Ramiz Mehdiyev \u0130cra Hakimiyy\u0259ti ba\u015f\u00e7\u0131lar\u0131n\u0131n m\u00fcavinl\u0259ri il\u0259 g\u00f6r\u00fc\u015fd\u00fc - Z\u0259rdab.com","isPartOf":{"@id":"https:\/\/www.zerdab.com\/#website"},"primaryImageOfPage":{"@id":"https:\/\/www.zerdab.com\/?p=17104#primaryimage"},"image":{"@id":"https:\/\/www.zerdab.com\/?p=17104#primaryimage"},"thumbnailUrl":"http:\/\/www.zerdab.com\/wp-content\/uploads\/2014\/10\/Ramiz-Medhiyev-550x394.jpg","datePublished":"2014-10-28T15:27:14+00:00","author":{"@id":"https:\/\/www.zerdab.com\/#\/schema\/person\/97079b7570c1e89ec0d9e138c3672136"},"breadcrumb":{"@id":"https:\/\/www.zerdab.com\/?p=17104#breadcrumb"},"inLanguage":"az","potentialAction":[{"@type":"ReadAction","target":["https:\/\/www.zerdab.com\/?p=17104"]}]},{"@type":"ImageObject","inLanguage":"az","@id":"https:\/\/www.zerdab.com\/?p=17104#primaryimage","url":"","contentUrl":""},{"@type":"BreadcrumbList","@id":"https:\/\/www.zerdab.com\/?p=17104#breadcrumb","itemListElement":[{"@type":"ListItem","position":1,"name":"Home","item":"https:\/\/www.zerdab.com\/"},{"@type":"ListItem","position":2,"name":"Ramiz Mehdiyev \u0130cra Hakimiyy\u0259ti ba\u015f\u00e7\u0131lar\u0131n\u0131n m\u00fcavinl\u0259ri il\u0259 g\u00f6r\u00fc\u015fd\u00fc"}]},{"@type":"WebSite","@id":"https:\/\/www.zerdab.com\/#website","url":"https:\/\/www.zerdab.com\/","name":"Z\u0259rdab.com","description":"","potentialAction":[{"@type":"SearchAction","target":{"@type":"EntryPoint","urlTemplate":"https:\/\/www.zerdab.com\/?s={search_term_string}"},"query-input":{"@type":"PropertyValueSpecification","valueRequired":true,"valueName":"search_term_string"}}],"inLanguage":"az"},{"@type":"Person","@id":"https:\/\/www.zerdab.com\/#\/schema\/person\/97079b7570c1e89ec0d9e138c3672136","name":"admin","image":{"@type":"ImageObject","inLanguage":"az","@id":"https:\/\/www.zerdab.com\/#\/schema\/person\/image\/","url":"https:\/\/secure.gravatar.com\/avatar\/d9c52a9a27c32119cb6679a077fa3e2779e5f822c451cbf01098004361d466ec?s=96&d=mm&r=g","contentUrl":"https:\/\/secure.gravatar.com\/avatar\/d9c52a9a27c32119cb6679a077fa3e2779e5f822c451cbf01098004361d466ec?s=96&d=mm&r=g","caption":"admin"},"url":"https:\/\/www.zerdab.com\/?author=1"}]}},"_links":{"self":[{"href":"https:\/\/www.zerdab.com\/index.php?rest_route=\/wp\/v2\/posts\/17104","targetHints":{"allow":["GET"]}}],"collection":[{"href":"https:\/\/www.zerdab.com\/index.php?rest_route=\/wp\/v2\/posts"}],"about":[{"href":"https:\/\/www.zerdab.com\/index.php?rest_route=\/wp\/v2\/types\/post"}],"author":[{"embeddable":true,"href":"https:\/\/www.zerdab.com\/index.php?rest_route=\/wp\/v2\/users\/1"}],"replies":[{"embeddable":true,"href":"https:\/\/www.zerdab.com\/index.php?rest_route=%2Fwp%2Fv2%2Fcomments&post=17104"}],"version-history":[{"count":1,"href":"https:\/\/www.zerdab.com\/index.php?rest_route=\/wp\/v2\/posts\/17104\/revisions"}],"predecessor-version":[{"id":17109,"href":"https:\/\/www.zerdab.com\/index.php?rest_route=\/wp\/v2\/posts\/17104\/revisions\/17109"}],"wp:attachment":[{"href":"https:\/\/www.zerdab.com\/index.php?rest_route=%2Fwp%2Fv2%2Fmedia&parent=17104"}],"wp:term":[{"taxonomy":"category","embeddable":true,"href":"https:\/\/www.zerdab.com\/index.php?rest_route=%2Fwp%2Fv2%2Fcategories&post=17104"},{"taxonomy":"post_tag","embeddable":true,"href":"https:\/\/www.zerdab.com\/index.php?rest_route=%2Fwp%2Fv2%2Ftags&post=17104"}],"curies":[{"name":"wp","href":"https:\/\/api.w.org\/{rel}","templated":true}]}}