{"id":17131,"date":"2014-10-30T08:20:57","date_gmt":"2014-10-30T04:20:57","guid":{"rendered":"http:\/\/www.zerdab.com\/?p=17131"},"modified":"2014-10-30T00:33:42","modified_gmt":"2014-10-29T20:33:42","slug":"z%c9%99rdabda-bir-nec%c9%99-yeni-inzibati-bina-insa-olunur","status":"publish","type":"post","link":"https:\/\/www.zerdab.com\/?p=17131","title":{"rendered":"Z\u0259rdabda bir ne\u00e7\u0259 yeni inzibati bina in\u015fa olunur"},"content":{"rendered":"<p><a href=\"http:\/\/www.zerdab.com\/wp-content\/uploads\/2014\/10\/bina.jpg\"><img loading=\"lazy\" decoding=\"async\" class=\"aligncenter size-full wp-image-17132\" alt=\"bina\" src=\"http:\/\/www.zerdab.com\/wp-content\/uploads\/2014\/10\/bina.jpg\" width=\"358\" height=\"266\" \/><\/a>Z\u0259rdab rayonunda yeni sosial v\u0259 ictimai \u0259h\u0259miyy\u0259tli obyektl\u0259rin in\u015fas\u0131 davam edir. Zerdab.com sayt\u0131na veril\u0259n m\u0259lumata g\u00f6r\u0259, haz\u0131rda rayonumuzda bir ne\u00e7\u0259 d\u00f6vl\u0259t \u0259h\u0259miyy\u0259tli inzibati bina in\u015fa olunmaqdad\u0131r. Bel\u0259 ki, Milli T\u0259hl\u00fck\u0259sizlik Nazirliyinin Z\u0259rdab Rayon \u015e\u00f6b\u0259sinin inzibati binas\u0131n\u0131n tikintisind\u0259 son tamamlama i\u015fl\u0259ri apar\u0131l\u0131r. Bundan ba\u015fqa, Vergil\u0259r Nazirliyinin Vergi \u00d6d\u0259yicil\u0259rin\u0259 Regional Xidm\u0259t M\u0259rk\u0259zinin v\u0259 K\u0259nd T\u0259s\u0259rr\u00fcfat\u0131 Nazirliyinin Z\u0259rdabda \u0130dar\u0259si yarad\u0131lacaq. H\u0259min idar\u0259 \u00fc\u00e7\u00fcn d\u0259 yeni inzibati binan\u0131n in\u015fas\u0131na ba\u015flan\u0131l\u0131b. Bu bina da m\u00fcasir standartlara tam cavab ver\u0259c\u0259k, b\u00fct\u00fcn otaqlar\u0131 z\u0259ruri avadanl\u0131q, inventar v\u0259 kommunikasiya il\u0259 t\u0259chiz edil\u0259c\u0259k.<\/p>\n<p>Zerdab.com<\/p>\n","protected":false},"excerpt":{"rendered":"<p>Z\u0259rdab rayonunda yeni sosial v\u0259 ictimai \u0259h\u0259miyy\u0259tli obyektl\u0259rin in\u015fas\u0131 davam edir. Zerdab.com sayt\u0131na veril\u0259n m\u0259lumata g\u00f6r\u0259, haz\u0131rda rayonumuzda bir ne\u00e7\u0259 d\u00f6vl\u0259t \u0259h\u0259miyy\u0259tli inzibati bina in\u015fa olunmaqdad\u0131r. Bel\u0259 ki, Milli T\u0259hl\u00fck\u0259sizlik Nazirliyinin Z\u0259rdab Rayon \u015e\u00f6b\u0259sinin inzibati binas\u0131n\u0131n tikintisind\u0259 son tamamlama i\u015fl\u0259ri apar\u0131l\u0131r. Bundan ba\u015fqa, Vergil\u0259r Nazirliyinin Vergi \u00d6d\u0259yicil\u0259rin\u0259 Regional Xidm\u0259t M\u0259rk\u0259zinin v\u0259 K\u0259nd T\u0259s\u0259rr\u00fcfat\u0131 Nazirliyinin Z\u0259rdabda [&hellip;]<\/p>\n","protected":false},"author":1,"featured_media":0,"comment_status":"open","ping_status":"open","sticky":false,"template":"","format":"standard","meta":{"footnotes":""},"categories":[21],"tags":[],"class_list":{"0":"post-17131","1":"post","2":"type-post","3":"status-publish","4":"format-standard","6":"category-zrdab"},"yoast_head":"<!-- This site is optimized with the Yoast SEO plugin v27.0 - https:\/\/yoast.com\/product\/yoast-seo-wordpress\/ -->\n<title>Z\u0259rdabda bir ne\u00e7\u0259 yeni inzibati bina in\u015fa olunur - Z\u0259rdab.com<\/title>\n<meta name=\"robots\" content=\"index, follow, max-snippet:-1, max-image-preview:large, max-video-preview:-1\" \/>\n<link rel=\"canonical\" href=\"https:\/\/www.zerdab.com\/?p=17131\" \/>\n<meta property=\"og:locale\" content=\"az_AZ\" \/>\n<meta property=\"og:type\" content=\"article\" \/>\n<meta property=\"og:title\" content=\"Z\u0259rdabda bir ne\u00e7\u0259 yeni inzibati bina in\u015fa olunur - Z\u0259rdab.com\" \/>\n<meta property=\"og:description\" content=\"Z\u0259rdab rayonunda yeni sosial v\u0259 ictimai \u0259h\u0259miyy\u0259tli obyektl\u0259rin in\u015fas\u0131 davam edir. Zerdab.com sayt\u0131na veril\u0259n m\u0259lumata g\u00f6r\u0259, haz\u0131rda rayonumuzda bir ne\u00e7\u0259 d\u00f6vl\u0259t \u0259h\u0259miyy\u0259tli inzibati bina in\u015fa olunmaqdad\u0131r. Bel\u0259 ki, Milli T\u0259hl\u00fck\u0259sizlik Nazirliyinin Z\u0259rdab Rayon \u015e\u00f6b\u0259sinin inzibati binas\u0131n\u0131n tikintisind\u0259 son tamamlama i\u015fl\u0259ri apar\u0131l\u0131r. Bundan ba\u015fqa, Vergil\u0259r Nazirliyinin Vergi \u00d6d\u0259yicil\u0259rin\u0259 Regional Xidm\u0259t M\u0259rk\u0259zinin v\u0259 K\u0259nd T\u0259s\u0259rr\u00fcfat\u0131 Nazirliyinin Z\u0259rdabda [&hellip;]\" \/>\n<meta property=\"og:url\" content=\"https:\/\/www.zerdab.com\/?p=17131\" \/>\n<meta property=\"og:site_name\" content=\"Z\u0259rdab.com\" \/>\n<meta property=\"article:published_time\" content=\"2014-10-30T04:20:57+00:00\" \/>\n<meta property=\"og:image\" content=\"http:\/\/www.zerdab.com\/wp-content\/uploads\/2014\/10\/bina.jpg\" \/>\n<meta name=\"author\" content=\"admin\" \/>\n<meta name=\"twitter:card\" content=\"summary_large_image\" \/>\n<meta name=\"twitter:label1\" content=\"Written by\" \/>\n\t<meta name=\"twitter:data1\" content=\"admin\" \/>\n\t<meta name=\"twitter:label2\" content=\"Est. reading time\" \/>\n\t<meta name=\"twitter:data2\" content=\"1 minute\" \/>\n<script type=\"application\/ld+json\" class=\"yoast-schema-graph\">{\"@context\":\"https:\/\/schema.org\",\"@graph\":[{\"@type\":\"Article\",\"@id\":\"https:\/\/www.zerdab.com\/?p=17131#article\",\"isPartOf\":{\"@id\":\"https:\/\/www.zerdab.com\/?p=17131\"},\"author\":{\"name\":\"admin\",\"@id\":\"https:\/\/www.zerdab.com\/#\/schema\/person\/97079b7570c1e89ec0d9e138c3672136\"},\"headline\":\"Z\u0259rdabda bir ne\u00e7\u0259 yeni inzibati bina in\u015fa olunur\",\"datePublished\":\"2014-10-30T04:20:57+00:00\",\"mainEntityOfPage\":{\"@id\":\"https:\/\/www.zerdab.com\/?p=17131\"},\"wordCount\":155,\"commentCount\":0,\"image\":{\"@id\":\"https:\/\/www.zerdab.com\/?p=17131#primaryimage\"},\"thumbnailUrl\":\"http:\/\/www.zerdab.com\/wp-content\/uploads\/2014\/10\/bina.jpg\",\"articleSection\":[\"C\u018fM\u0130YY\u018fT\"],\"inLanguage\":\"az\",\"potentialAction\":[{\"@type\":\"CommentAction\",\"name\":\"Comment\",\"target\":[\"https:\/\/www.zerdab.com\/?p=17131#respond\"]}]},{\"@type\":\"WebPage\",\"@id\":\"https:\/\/www.zerdab.com\/?p=17131\",\"url\":\"https:\/\/www.zerdab.com\/?p=17131\",\"name\":\"Z\u0259rdabda bir ne\u00e7\u0259 yeni inzibati bina in\u015fa olunur - Z\u0259rdab.com\",\"isPartOf\":{\"@id\":\"https:\/\/www.zerdab.com\/#website\"},\"primaryImageOfPage\":{\"@id\":\"https:\/\/www.zerdab.com\/?p=17131#primaryimage\"},\"image\":{\"@id\":\"https:\/\/www.zerdab.com\/?p=17131#primaryimage\"},\"thumbnailUrl\":\"http:\/\/www.zerdab.com\/wp-content\/uploads\/2014\/10\/bina.jpg\",\"datePublished\":\"2014-10-30T04:20:57+00:00\",\"author\":{\"@id\":\"https:\/\/www.zerdab.com\/#\/schema\/person\/97079b7570c1e89ec0d9e138c3672136\"},\"breadcrumb\":{\"@id\":\"https:\/\/www.zerdab.com\/?p=17131#breadcrumb\"},\"inLanguage\":\"az\",\"potentialAction\":[{\"@type\":\"ReadAction\",\"target\":[\"https:\/\/www.zerdab.com\/?p=17131\"]}]},{\"@type\":\"ImageObject\",\"inLanguage\":\"az\",\"@id\":\"https:\/\/www.zerdab.com\/?p=17131#primaryimage\",\"url\":\"http:\/\/www.zerdab.com\/wp-content\/uploads\/2014\/10\/bina.jpg\",\"contentUrl\":\"http:\/\/www.zerdab.com\/wp-content\/uploads\/2014\/10\/bina.jpg\"},{\"@type\":\"BreadcrumbList\",\"@id\":\"https:\/\/www.zerdab.com\/?p=17131#breadcrumb\",\"itemListElement\":[{\"@type\":\"ListItem\",\"position\":1,\"name\":\"Home\",\"item\":\"https:\/\/www.zerdab.com\/\"},{\"@type\":\"ListItem\",\"position\":2,\"name\":\"Z\u0259rdabda bir ne\u00e7\u0259 yeni inzibati bina in\u015fa olunur\"}]},{\"@type\":\"WebSite\",\"@id\":\"https:\/\/www.zerdab.com\/#website\",\"url\":\"https:\/\/www.zerdab.com\/\",\"name\":\"Z\u0259rdab.com\",\"description\":\"\",\"potentialAction\":[{\"@type\":\"SearchAction\",\"target\":{\"@type\":\"EntryPoint\",\"urlTemplate\":\"https:\/\/www.zerdab.com\/?s={search_term_string}\"},\"query-input\":{\"@type\":\"PropertyValueSpecification\",\"valueRequired\":true,\"valueName\":\"search_term_string\"}}],\"inLanguage\":\"az\"},{\"@type\":\"Person\",\"@id\":\"https:\/\/www.zerdab.com\/#\/schema\/person\/97079b7570c1e89ec0d9e138c3672136\",\"name\":\"admin\",\"image\":{\"@type\":\"ImageObject\",\"inLanguage\":\"az\",\"@id\":\"https:\/\/www.zerdab.com\/#\/schema\/person\/image\/\",\"url\":\"https:\/\/secure.gravatar.com\/avatar\/d9c52a9a27c32119cb6679a077fa3e2779e5f822c451cbf01098004361d466ec?s=96&d=mm&r=g\",\"contentUrl\":\"https:\/\/secure.gravatar.com\/avatar\/d9c52a9a27c32119cb6679a077fa3e2779e5f822c451cbf01098004361d466ec?s=96&d=mm&r=g\",\"caption\":\"admin\"},\"url\":\"https:\/\/www.zerdab.com\/?author=1\"}]}<\/script>\n<!-- \/ Yoast SEO plugin. -->","yoast_head_json":{"title":"Z\u0259rdabda bir ne\u00e7\u0259 yeni inzibati bina in\u015fa olunur - Z\u0259rdab.com","robots":{"index":"index","follow":"follow","max-snippet":"max-snippet:-1","max-image-preview":"max-image-preview:large","max-video-preview":"max-video-preview:-1"},"canonical":"https:\/\/www.zerdab.com\/?p=17131","og_locale":"az_AZ","og_type":"article","og_title":"Z\u0259rdabda bir ne\u00e7\u0259 yeni inzibati bina in\u015fa olunur - Z\u0259rdab.com","og_description":"Z\u0259rdab rayonunda yeni sosial v\u0259 ictimai \u0259h\u0259miyy\u0259tli obyektl\u0259rin in\u015fas\u0131 davam edir. Zerdab.com sayt\u0131na veril\u0259n m\u0259lumata g\u00f6r\u0259, haz\u0131rda rayonumuzda bir ne\u00e7\u0259 d\u00f6vl\u0259t \u0259h\u0259miyy\u0259tli inzibati bina in\u015fa olunmaqdad\u0131r. Bel\u0259 ki, Milli T\u0259hl\u00fck\u0259sizlik Nazirliyinin Z\u0259rdab Rayon \u015e\u00f6b\u0259sinin inzibati binas\u0131n\u0131n tikintisind\u0259 son tamamlama i\u015fl\u0259ri apar\u0131l\u0131r. Bundan ba\u015fqa, Vergil\u0259r Nazirliyinin Vergi \u00d6d\u0259yicil\u0259rin\u0259 Regional Xidm\u0259t M\u0259rk\u0259zinin v\u0259 K\u0259nd T\u0259s\u0259rr\u00fcfat\u0131 Nazirliyinin Z\u0259rdabda [&hellip;]","og_url":"https:\/\/www.zerdab.com\/?p=17131","og_site_name":"Z\u0259rdab.com","article_published_time":"2014-10-30T04:20:57+00:00","og_image":[{"url":"http:\/\/www.zerdab.com\/wp-content\/uploads\/2014\/10\/bina.jpg","type":"","width":"","height":""}],"author":"admin","twitter_card":"summary_large_image","twitter_misc":{"Written by":"admin","Est. reading time":"1 minute"},"schema":{"@context":"https:\/\/schema.org","@graph":[{"@type":"Article","@id":"https:\/\/www.zerdab.com\/?p=17131#article","isPartOf":{"@id":"https:\/\/www.zerdab.com\/?p=17131"},"author":{"name":"admin","@id":"https:\/\/www.zerdab.com\/#\/schema\/person\/97079b7570c1e89ec0d9e138c3672136"},"headline":"Z\u0259rdabda bir ne\u00e7\u0259 yeni inzibati bina in\u015fa olunur","datePublished":"2014-10-30T04:20:57+00:00","mainEntityOfPage":{"@id":"https:\/\/www.zerdab.com\/?p=17131"},"wordCount":155,"commentCount":0,"image":{"@id":"https:\/\/www.zerdab.com\/?p=17131#primaryimage"},"thumbnailUrl":"http:\/\/www.zerdab.com\/wp-content\/uploads\/2014\/10\/bina.jpg","articleSection":["C\u018fM\u0130YY\u018fT"],"inLanguage":"az","potentialAction":[{"@type":"CommentAction","name":"Comment","target":["https:\/\/www.zerdab.com\/?p=17131#respond"]}]},{"@type":"WebPage","@id":"https:\/\/www.zerdab.com\/?p=17131","url":"https:\/\/www.zerdab.com\/?p=17131","name":"Z\u0259rdabda bir ne\u00e7\u0259 yeni inzibati bina in\u015fa olunur - Z\u0259rdab.com","isPartOf":{"@id":"https:\/\/www.zerdab.com\/#website"},"primaryImageOfPage":{"@id":"https:\/\/www.zerdab.com\/?p=17131#primaryimage"},"image":{"@id":"https:\/\/www.zerdab.com\/?p=17131#primaryimage"},"thumbnailUrl":"http:\/\/www.zerdab.com\/wp-content\/uploads\/2014\/10\/bina.jpg","datePublished":"2014-10-30T04:20:57+00:00","author":{"@id":"https:\/\/www.zerdab.com\/#\/schema\/person\/97079b7570c1e89ec0d9e138c3672136"},"breadcrumb":{"@id":"https:\/\/www.zerdab.com\/?p=17131#breadcrumb"},"inLanguage":"az","potentialAction":[{"@type":"ReadAction","target":["https:\/\/www.zerdab.com\/?p=17131"]}]},{"@type":"ImageObject","inLanguage":"az","@id":"https:\/\/www.zerdab.com\/?p=17131#primaryimage","url":"http:\/\/www.zerdab.com\/wp-content\/uploads\/2014\/10\/bina.jpg","contentUrl":"http:\/\/www.zerdab.com\/wp-content\/uploads\/2014\/10\/bina.jpg"},{"@type":"BreadcrumbList","@id":"https:\/\/www.zerdab.com\/?p=17131#breadcrumb","itemListElement":[{"@type":"ListItem","position":1,"name":"Home","item":"https:\/\/www.zerdab.com\/"},{"@type":"ListItem","position":2,"name":"Z\u0259rdabda bir ne\u00e7\u0259 yeni inzibati bina in\u015fa olunur"}]},{"@type":"WebSite","@id":"https:\/\/www.zerdab.com\/#website","url":"https:\/\/www.zerdab.com\/","name":"Z\u0259rdab.com","description":"","potentialAction":[{"@type":"SearchAction","target":{"@type":"EntryPoint","urlTemplate":"https:\/\/www.zerdab.com\/?s={search_term_string}"},"query-input":{"@type":"PropertyValueSpecification","valueRequired":true,"valueName":"search_term_string"}}],"inLanguage":"az"},{"@type":"Person","@id":"https:\/\/www.zerdab.com\/#\/schema\/person\/97079b7570c1e89ec0d9e138c3672136","name":"admin","image":{"@type":"ImageObject","inLanguage":"az","@id":"https:\/\/www.zerdab.com\/#\/schema\/person\/image\/","url":"https:\/\/secure.gravatar.com\/avatar\/d9c52a9a27c32119cb6679a077fa3e2779e5f822c451cbf01098004361d466ec?s=96&d=mm&r=g","contentUrl":"https:\/\/secure.gravatar.com\/avatar\/d9c52a9a27c32119cb6679a077fa3e2779e5f822c451cbf01098004361d466ec?s=96&d=mm&r=g","caption":"admin"},"url":"https:\/\/www.zerdab.com\/?author=1"}]}},"_links":{"self":[{"href":"https:\/\/www.zerdab.com\/index.php?rest_route=\/wp\/v2\/posts\/17131","targetHints":{"allow":["GET"]}}],"collection":[{"href":"https:\/\/www.zerdab.com\/index.php?rest_route=\/wp\/v2\/posts"}],"about":[{"href":"https:\/\/www.zerdab.com\/index.php?rest_route=\/wp\/v2\/types\/post"}],"author":[{"embeddable":true,"href":"https:\/\/www.zerdab.com\/index.php?rest_route=\/wp\/v2\/users\/1"}],"replies":[{"embeddable":true,"href":"https:\/\/www.zerdab.com\/index.php?rest_route=%2Fwp%2Fv2%2Fcomments&post=17131"}],"version-history":[{"count":1,"href":"https:\/\/www.zerdab.com\/index.php?rest_route=\/wp\/v2\/posts\/17131\/revisions"}],"predecessor-version":[{"id":17133,"href":"https:\/\/www.zerdab.com\/index.php?rest_route=\/wp\/v2\/posts\/17131\/revisions\/17133"}],"wp:attachment":[{"href":"https:\/\/www.zerdab.com\/index.php?rest_route=%2Fwp%2Fv2%2Fmedia&parent=17131"}],"wp:term":[{"taxonomy":"category","embeddable":true,"href":"https:\/\/www.zerdab.com\/index.php?rest_route=%2Fwp%2Fv2%2Fcategories&post=17131"},{"taxonomy":"post_tag","embeddable":true,"href":"https:\/\/www.zerdab.com\/index.php?rest_route=%2Fwp%2Fv2%2Ftags&post=17131"}],"curies":[{"name":"wp","href":"https:\/\/api.w.org\/{rel}","templated":true}]}}