{"id":1717,"date":"2012-05-11T09:25:10","date_gmt":"2012-05-11T04:25:10","guid":{"rendered":"http:\/\/www.zerdab.com\/?p=1717"},"modified":"2012-05-11T09:26:21","modified_gmt":"2012-05-11T04:26:21","slug":"insanin-hissl%c9%99ri-daxili-duyumu-cox-muhum-amildir","status":"publish","type":"post","link":"https:\/\/www.zerdab.com\/?p=1717","title":{"rendered":"&#8220;\u0130nsan\u0131n hissl\u0259ri, daxili duyumu \u00e7ox m\u00fch\u00fcm amildir&#8221;"},"content":{"rendered":"<p><a href=\"http:\/\/www.zerdab.com\/?attachment_id=1722\" rel=\"attachment wp-att-1722\"><img loading=\"lazy\" decoding=\"async\" class=\"alignleft size-full wp-image-1722\" title=\"5c07b20dae28\" src=\"http:\/\/www.zerdab.com\/wp-content\/uploads\/2012\/05\/5c07b20dae281.jpg\" alt=\"\" width=\"200\" height=\"211\" \/><\/a>N\u00fcfuzlu \u201cBusiness-year\u201d jurnal\u0131n\u0131n Az\u0259rbaycana h\u0259sr olunmu\u015f 2012-ci il tarixli x\u00fcsusi burax\u0131l\u0131\u015f\u0131nda birinci xan\u0131m, Heyd\u0259r \u018fliyev Fondunun prezidenti, Milli M\u0259clisin deputat\u0131 Mehriban \u018fliyevan\u0131n m\u00fcsahib\u0259si d\u0259rc olunub. <strong>www.zerdab.com sayt\u0131<\/strong> q\u0131sa ixtisarla Az\u0259rTAc-a istinad\u0259n h\u0259min m\u00fcsahib\u0259ni t\u0259qdim edir.<\/p>\n<p><strong>-Siz d\u00fcnyada \u0259n i\u015fg\u00fczar birinci xan\u0131m kimi tan\u0131n\u0131rs\u0131n\u0131z. Siz Heyd\u0259r \u018fliyev Fondunun, Az\u0259rbaycan M\u0259d\u0259niyy\u0259tinin Dostlar\u0131 Fondunun, Az\u0259rbaycan Gimnastika Federasiyas\u0131n\u0131n r\u0259hb\u0259ri, eyni zamanda, Az\u0259rbaycan Milli M\u0259clisinin deputat\u0131s\u0131n\u0131z. Bel\u0259 b\u00f6y\u00fck v\u0259 \u00e7ox\u015fax\u0259li f\u0259aliyy\u0259t Sizin \u00fc\u00e7\u00fcn n\u0259 dem\u0259kdir?<\/strong><\/p>\n<p>-U\u011fur xatirin\u0259 u\u011fur, hakimiyy\u0259t xatirin\u0259 hakimiyy\u0259t v\u0259 ambisiya m\u0259nim \u00fc\u00e7\u00fcn he\u00e7 vaxt apar\u0131c\u0131 motiv olmay\u0131b. \u018fsas m\u0259s\u0259l\u0259 odur ki, ehtiyac\u0131 olan insanlara k\u00f6m\u0259k ed\u0259s\u0259n. Bu k\u00f6m\u0259k m\u00fcxt\u0259lif c\u00fcr ola bil\u0259r. B\u0259zil\u0259ri itirdiyi sa\u011flaml\u0131\u011f\u0131n\u0131 qaytarma\u011fa \u00e7al\u0131\u015f\u0131r, b\u0259zisi t\u0259hsil almaq, dig\u0259ri muzey yaratmaq ist\u0259yir, biri is\u0259 g\u0259l\u0259c\u0259k n\u0259sill\u0259r \u00fc\u00e7\u00fcn abid\u0259l\u0259ri qorumaq ist\u0259yir. B\u0259z\u0259n infrastruktur d\u0259yi\u015fiklikl\u0259rini m\u00fcdafi\u0259 etm\u0259k z\u0259rur\u0259ti yaran\u0131r, b\u0259z\u0259n d\u0259 maraql\u0131 layih\u0259l\u0259rin t\u0259\u015fkilati d\u0259st\u0259y\u0259 ehtiyac\u0131 olur. \u018fn \u0259h\u0259miyy\u0259tlisi odur ki, biz h\u0259m b\u00f6y\u00fck layih\u0259l\u0259rin h\u0259yata ke\u00e7irilm\u0259si il\u0259, h\u0259m d\u0259 insanlara k\u00f6m\u0259k etm\u0259kl\u0259 m\u0259\u015f\u011fuluq.<\/p>\n<p><strong>-Heyd\u0259r \u018fliyev Fondu 2004-c\u00fc ild\u0259 yaran\u0131b. Yarand\u0131\u011f\u0131 g\u00fcnd\u0259n b\u0259ri Fond bir s\u0131ra m\u0259d\u0259ni, t\u0259hsil v\u0259 s\u0259hiyy\u0259 layih\u0259l\u0259rini h\u0259yata ke\u00e7irib. Fondun f\u0259aliyy\u0259tini nec\u0259 qiym\u0259tl\u0259ndirirsiniz?<\/strong><\/p>\n<p>-Bizim f\u0259aliyy\u0259timizin, layih\u0259 v\u0259 proqramlar\u0131m\u0131z\u0131n t\u0259snifat\u0131n\u0131 verm\u0259k \u00e7\u0259tindir. \u018fvv\u0259ld\u0259n ba\u015flayaraq f\u0259aliyy\u0259timizin \u0259sas istiqam\u0259tl\u0259rini m\u00fc\u0259yy\u0259nl\u0259\u015fdirdik. Buraya t\u0259hsil, m\u0259d\u0259niyy\u0259t, s\u0259hiyy\u0259, idman v\u0259 sosial sah\u0259l\u0259r daxil idi. S\u0259kkiz il \u0259rzind\u0259 Heyd\u0259r \u018fliyev Fondu h\u0259min sah\u0259l\u0259rd\u0259 u\u011furlu layih\u0259l\u0259r h\u0259yata ke\u00e7irib. Biz beyn\u0259lxalq t\u0259\u015fkilatlarla \u0259m\u0259kda\u015fl\u0131q ed\u0259r\u0259k, Bak\u0131da y\u00fcks\u0259k s\u0259viyy\u0259li konfranslar v\u0259 festivallar ke\u00e7irdik. Fond t\u0259hsil sistemini t\u0259kmill\u0259\u015fdirm\u0259k v\u0259 onun d\u00fcnya t\u0259hsil sistemin\u0259 inteqrasiyas\u0131n\u0131 t\u0259min etm\u0259k, qay\u011f\u0131ya ehtiyac\u0131 olanlara k\u00f6m\u0259k g\u00f6st\u0259rm\u0259k, milli-\u0259xlaqi d\u0259y\u0259rl\u0259ri qorumaq, h\u0259m\u00e7inin d\u00fcnya ictimaiyy\u0259tinin diqq\u0259tini Az\u0259rbaycan h\u0259qiq\u0259tl\u0259rin\u0259 c\u0259lb etm\u0259k \u00fc\u00e7\u00fcn f\u0259aliyy\u0259tini davam etdirir. Bel\u0259 bir anlay\u0131\u015f var: humanist meyar. Bizim Fond bu aspektd\u0259 i\u015fl\u0259yir. F\u0259rql\u0259ndirm\u0259k \u00e7\u0259tindir ki, dey\u0259s\u0259n, bu t\u0259cilidir, bu is\u0259 g\u00f6zl\u0259y\u0259 bil\u0259r. M\u0259s\u0259l\u0259n, Fondun layih\u0259l\u0259ri \u00e7\u0259r\u00e7iv\u0259sind\u0259 y\u00fczl\u0259rl\u0259 m\u0259kt\u0259b, onlarla u\u015faq ba\u011f\u00e7as\u0131 v\u0259 ixtisasla\u015fd\u0131r\u0131lm\u0131\u015f u\u015faq m\u0259kt\u0259bl\u0259ri tikilib, t\u0259mir olunub, y\u00fcks\u0259k standartlar s\u0259viyy\u0259sind\u0259 t\u0259chiz olunub. Bel\u0259 m\u00fcasir m\u0259kt\u0259bl\u0259r yeni \u00fcf\u00fcql\u0259r a\u00e7\u0131r, \u015fagirdl\u0259r \u00fc\u00e7\u00fcn yeni imkanlar yarad\u0131r. Bu is\u0259 on minl\u0259rl\u0259 o\u011flan v\u0259 q\u0131z\u0131 layih\u0259y\u0259 c\u0259lb etm\u0259k dem\u0259kdir. Fondun t\u0259\u015f\u0259bb\u00fcs\u00fc il\u0259 y\u0259hudi t\u0259hsil m\u0259rk\u0259zi, frans\u0131z m\u0259kt\u0259bi yarad\u0131l\u0131b. \u00c7ox m\u00fch\u00fcm i\u015fdir, qoyulan s\u0259rmay\u0259nin \u00f6z\u00fcn\u00fc do\u011fruldaca\u011f\u0131 \u015f\u00fcbh\u0259sizdir. Eyni zamanda, Fondumuz geni\u015fmiqyasl\u0131 s\u0259hiyy\u0259 layih\u0259l\u0259ri h\u0259yata ke\u00e7irir. Buraya x\u0259st\u0259xanalar, klinikalar tikilm\u0259si, m\u00fcasir avadanl\u0131q al\u0131nmas\u0131, diabet v\u0259 tallassemiya x\u0259st\u0259likl\u0259rinin m\u00fcalic\u0259si daxildir. Bu layih\u0259l\u0259rin h\u0259r biri ne\u00e7\u0259 h\u0259yat\u0131n qorunmas\u0131 v\u0259 sa\u011flaml\u0131\u011f\u0131 dem\u0259kdir.<\/p>\n<p><a href=\"http:\/\/www.zerdab.com\/?attachment_id=1719\" rel=\"attachment wp-att-1719\"><img loading=\"lazy\" decoding=\"async\" class=\"alignleft size-full wp-image-1719\" title=\"thumb300_20100718055842197\" src=\"http:\/\/www.zerdab.com\/wp-content\/uploads\/2012\/05\/thumb300_20100718055842197.jpg\" alt=\"\" width=\"300\" height=\"239\" \/><\/a>M\u0259d\u0259niyy\u0259tin, m\u0259d\u0259ni irsin qorunmas\u0131 Fondun f\u0259aliyy\u0259tind\u0259 ba\u015fqa bir istiqam\u0259tdir. Fondun d\u0259st\u0259yi il\u0259 musiqi t\u0259dbirl\u0259ri, \u0259n\u0259n\u0259vi mu\u011fam festival\u0131, Q\u0259b\u0259l\u0259 beyn\u0259lxalq musiqi festival\u0131 v\u0259 Rostropovi\u00e7 klassik musiqi festival\u0131 ke\u00e7irilir. Bak\u0131da Beyn\u0259lxalq Mu\u011fam M\u0259rk\u0259zi tikilib, regionlarda yeni muzey v\u0259 musiqi m\u0259kt\u0259bl\u0259ri yarad\u0131l\u0131b. Biz beyn\u0259lxalq t\u0259\u015fkilatlarla, o c\u00fcml\u0259d\u0259n, UNESCO, \u0130SESCO v\u0259 UN\u0130SEF il\u0259 f\u0259al \u0259m\u0259kda\u015fl\u0131q edirik. Buna baxmayaraq, el\u0259 bilir\u0259m ki, Fondun f\u0259aliyy\u0259tinin \u0259n b\u00f6y\u00fck n\u0259tic\u0259si Az\u0259rbaycanda xeyriyy\u0259 f\u0259aliyy\u0259tini canland\u0131rmaq olub. \u00d6lk\u0259mizd\u0259 xeyriyy\u0259 f\u0259aliyy\u0259tinin uzun tarixi var. \u0130lk neft bumu d\u00f6vr\u00fcnd\u0259 neft maqnatlar\u0131 Hac\u0131 Zeynalabdin Ta\u011f\u0131yev, Musa Na\u011f\u0131yev bu \u0259n\u0259n\u0259l\u0259rin yaranmas\u0131na b\u00f6y\u00fck t\u00f6hf\u0259 veribl\u0259r. \u0130yirminci \u0259srin \u0259vv\u0259ll\u0259rind\u0259 Hac\u0131 Zeynalabdin Ta\u011f\u0131yev q\u0131zlar \u00fc\u00e7\u00fcn ilk d\u00fcny\u0259vi m\u0259kt\u0259bin tikintisini, ilk milli teatr\u0131n a\u00e7\u0131lmas\u0131n\u0131 maliyy\u0259l\u0259\u015fdirib. O, az\u0259rbaycanl\u0131 g\u0259ncl\u0259rin Rusiyada v\u0259 Avropada t\u0259hsil almas\u0131na da yard\u0131m edib. Musa Na\u011f\u0131yevin tikdirdiyi g\u00f6z\u0259l binalar Bak\u0131n\u0131n memarl\u0131q incil\u0259ri s\u0131ras\u0131ndad\u0131r. Yax\u015f\u0131 hald\u0131r ki, bu \u0259n\u0259n\u0259l\u0259r q\u0259dim tarixi olan, \u015e\u0259rq il\u0259 Q\u0259rbin k\u0259si\u015fdiyi yerd\u0259 q\u0259rar tutan tolerant v\u0259 d\u00fcny\u0259vi Az\u0259rbaycanda indi d\u0259 ya\u015fay\u0131r. Burada ke\u00e7mi\u015fl\u0259 indiki zaman h\u0259mah\u0259ng olaraq ya\u015fay\u0131r.<\/p>\n<p><strong>-Heyd\u0259r \u018fliyev Fondu t\u0259kc\u0259 Az\u0259rbaycanda deyil, h\u0259m d\u0259 xarici \u00f6lk\u0259l\u0259rd\u0259 nadir m\u0259d\u0259ni irsin qorunmas\u0131na ciddi t\u00f6hf\u0259l\u0259r verm\u0259kd\u0259dir. M\u0259s\u0259l\u0259n, Fond Parisd\u0259 Notr-Dam, Strasburq Kafedral kils\u0259l\u0259rinin b\u0259rpas\u0131na da yard\u0131m edib. Sizc\u0259, bu i\u015fl\u0259rin \u0259h\u0259miyy\u0259ti n\u0259d\u0259dir?<\/strong><\/p>\n<p>-Q\u0259dim v\u0259 z\u0259ngin m\u0259d\u0259ni irs xalq\u0131m\u0131z\u0131n iftixar\u0131d\u0131r. Buraya \u0259srl\u0259rl\u0259 ya\u015f\u0131 olan xal\u00e7a\u00e7\u0131l\u0131q s\u0259n\u0259ti, \u0259d\u0259biyyat, \u015e\u0259rq-Q\u0259rb musiqisinin f\u00fcsunkar harmoniyas\u0131n\u0131 t\u0259qdim ed\u0259n musiqi, h\u0259m\u00e7inin \u201cdonmu\u015f tarix\u201d adlanan Az\u0259rbaycan memarl\u0131q abid\u0259l\u0259ri daxildir. Az\u0259rbaycan mu\u011fam\u0131, Novruz bayram\u0131, a\u015f\u0131q s\u0259n\u0259ti, xal\u00e7a\u00e7\u0131l\u0131q UNESCO-nun maddi-m\u0259d\u0259ni irs siyah\u0131s\u0131na daxil edilib. Tarixi-m\u0259d\u0259ni irs m\u00fcnt\u0259z\u0259m qay\u011f\u0131 t\u0259l\u0259b edir. \u0130tmi\u015f h\u0259r hans\u0131 maddi d\u0259y\u0259r \u0259v\u0259zedilm\u0259zdir v\u0259 inamla dey\u0259 bil\u0259r\u0259m ki, bu, g\u0259l\u0259c\u0259k n\u0259sill\u0259r\u0259 qar\u015f\u0131 cinay\u0259tdir. Ona g\u00f6r\u0259 d\u0259, h\u0259m \u00f6lk\u0259mizd\u0259, h\u0259m d\u0259 s\u0259rh\u0259dl\u0259rimizd\u0259n k\u0259narda m\u0259d\u0259ni irsin qorunmas\u0131 \u00fc\u00e7\u00fcn \u0259limizd\u0259n g\u0259l\u0259ni edirik. Heyd\u0259r \u018fliyev Fondu bir s\u0131ra memarl\u0131q abid\u0259l\u0259rini, o c\u00fcml\u0259d\u0259n D\u00fcnya M\u0259d\u0259ni \u0130rs siyah\u0131s\u0131na daxil edilmi\u015f Versal saray\u0131n\u0131 b\u0259rpa edib. Fondumuz Parisd\u0259 on d\u00f6rd\u00fcnc\u00fc \u0259sr\u0259 aid Notr-Dam, Strasburq Kafedral kils\u0259l\u0259rinin, \u0130kinci D\u00fcnya m\u00fcharib\u0259sind\u0259 da\u011f\u0131lm\u0131\u015f Berlin \u015f\u0259h\u0259r Saray\u0131n\u0131n, h\u0259m\u00e7inin Vatikan arxivl\u0259rind\u0259 saxlan\u0131lan Az\u0259rbaycan orta \u0259srl\u0259r \u0259lyazmalar\u0131n\u0131n b\u0259rpa olunmas\u0131na k\u00f6m\u0259k edib. Fond bu istiqam\u0259td\u0259 f\u0259aliyy\u0259tini davam etdir\u0259c\u0259k. Haz\u0131rda biz Vatikanda m\u0259d\u0259ni abid\u0259l\u0259rin b\u0259rpas\u0131 \u00fc\u00e7\u00fcn dan\u0131\u015f\u0131qlar apar\u0131r\u0131q. M\u0259d\u0259ni v\u0259 humanitar \u0259laq\u0259l\u0259rin qurulmas\u0131 \u00f6lk\u0259miz \u00fc\u00e7\u00fcn b\u00f6y\u00fck \u0259h\u0259miyy\u0259t\u0259 malikdir. M\u0259d\u0259ni \u0259m\u0259kda\u015fl\u0131q bir-birimizi nec\u0259 tan\u0131d\u0131\u011f\u0131m\u0131z\u0131 \u00fcz\u0259 \u00e7\u0131xar\u0131r, bir-birimizin tarixini, m\u0259d\u0259niyy\u0259tini, \u0259n\u0259n\u0259l\u0259rini nec\u0259 bildiyimizi g\u00f6st\u0259rir. 2011-ci ild\u0259 Fond m\u00fcst\u0259qilliyimizin 20-ci ild\u00f6n\u00fcm\u00fc m\u00fcnasib\u0259til\u0259 m\u00fcxt\u0259lif \u00f6lk\u0259l\u0259rd\u0259 b\u00f6y\u00fck t\u0259dbirl\u0259r ke\u00e7irdi. El\u0259 bilir\u0259m ki, bu t\u0259dbirl\u0259r bir \u00e7ox insanlar\u0131n bizi tan\u0131mas\u0131na yol a\u00e7d\u0131, onlar musiqimizi, m\u0259d\u0259niyy\u0259timizi, inc\u0259s\u0259n\u0259timizi sevdil\u0259r. Yanvar ay\u0131nda Londonda \u201cBak\u0131ya u\u00e7u\u015f: Az\u0259rbaycan\u0131n m\u00fcasir inc\u0259s\u0259n\u0259ti\u201d s\u0259rgisini t\u0259\u015fkil etdik. S\u0259rgid\u0259 \u0259n m\u00fcxt\u0259lif janrlarda bir-birind\u0259n maraql\u0131 \u0259s\u0259rl\u0259r, boyakarl\u0131q, qrafika, foto v\u0259 video n\u00fcmun\u0259l\u0259ri n\u00fcmayi\u015f etdirildi. Bel\u0259 s\u0259rgil\u0259r tezlikl\u0259 Berlind\u0259, Nyu-Yorkda, Parisd\u0259 v\u0259 Romada da ke\u00e7iril\u0259c\u0259k.<\/p>\n<p>Qeyd etm\u0259k ist\u0259rdim ki, Fondun beyn\u0259lxalq f\u0259aliyy\u0259ti yaln\u0131z m\u0259d\u0259ni t\u0259dbirl\u0259 m\u0259hdudla\u015fm\u0131r. Fond Pakistan\u0131n M\u00fcz\u0259ff\u0259rabad \u015f\u0259h\u0259rind\u0259 q\u0131zlar \u00fc\u00e7\u00fcn yeni m\u0259kt\u0259b tikib. K\u00f6hn\u0259 m\u0259kt\u0259bi z\u0259lz\u0259l\u0259 da\u011f\u0131tm\u0131\u015fd\u0131. Hollandiya, G\u00fcrc\u00fcstan, Misir, Rusiya v\u0259 Rum\u0131niyada m\u0259kt\u0259bl\u0259r tikilib v\u0259 ya t\u0259mir edilib. Haiti z\u0259lz\u0259l\u0259sind\u0259n, Rum\u0131niya da\u015fq\u0131nlar\u0131ndan \u0259ziyy\u0259t \u00e7\u0259kmi\u015f insanlara yard\u0131m etmi\u015fik. Heyd\u0259r \u018fliyev Fondu Az\u0259rbaycan\u0131n dig\u0259r \u00f6lk\u0259l\u0259rl\u0259 dialoqunun geni\u015fl\u0259ndirilm\u0259sin\u0259 \u00f6z t\u00f6hf\u0259sini verir. Fondumuz beyn\u0259lxalq \u0259m\u0259kda\u015fl\u0131q \u00fc\u00e7\u00fcn g\u00f6z\u0259l imkanlar yarad\u0131r.<\/p>\n<p><strong>-D\u00fcnya iqtisadiyyat\u0131n\u0131n b\u00f6hran i\u00e7ind\u0259 oldu\u011fu bir vaxtda Az\u0259rbaycan iqtisadiyyat\u0131 s\u00fcr\u0259tl\u0259 inki\u015faf edir. Az\u0259rbaycanda xeyriyy\u0259 f\u0259aliyy\u0259tini inki\u015faf etdirm\u0259yin \u0259h\u0259miyy\u0259ti n\u0259dir?<\/strong><\/p>\n<p>-Az\u0259rbaycan\u0131n u\u011furlar\u0131 a\u015fkard\u0131r. D\u00f6vl\u0259t b\u00fcdc\u0259si 16 d\u0259f\u0259 art\u0131b, minl\u0259rl\u0259 m\u0259kt\u0259b, y\u00fczl\u0259rl\u0259 s\u0259hiyy\u0259 m\u00fc\u0259ssis\u0259si, onlarla idman qur\u011fusu tikilib. Yoxsullu\u011fun s\u0259viyy\u0259si be\u015f d\u0259f\u0259 azalaraq 49 faizd\u0259n 9 faiz\u0259 enib. Sevimli Bak\u0131m\u0131z \u00e7ox d\u0259yi\u015fib, Az\u0259rbaycan\u0131n rayonlar\u0131 da d\u0259yi\u015fib. Bu, \u00f6lk\u0259d\u0259 inki\u015faf\u0131n miqyas\u0131n\u0131 v\u0259 d\u0259r\u0259c\u0259sini ayd\u0131n g\u00f6st\u0259rir. Buna baxmayaraq, qeyri-kommersiya sah\u0259sind\u0259 xeyli i\u015f g\u00f6r\u00fclm\u0259lidir. H\u0259r \u015feyd\u0259n \u0259vv\u0259l, m\u0259d\u0259niyy\u0259t sah\u0259sind\u0259. Bu g\u00fcn Az\u0259rbaycan daha \u00e7ox neft v\u0259 qaz ixracat\u00e7\u0131s\u0131 kimi tan\u0131n\u0131r. Amma bizim tariximiz, m\u0259d\u0259niyy\u0259timiz d\u0259 \u0259h\u0259miyy\u0259tli milli irsdir. Z\u0259ruri sosial layih\u0259l\u0259r d\u0259 bizi g\u00f6zl\u0259yir, amma sosial-iqtisadi inki\u015faf h\u0259l\u0259 o s\u0259viyy\u0259d\u0259 deyil.<\/p>\n<p>Z\u0259nnimc\u0259, insan\u0131n hissl\u0259ri, daxili duyumu \u00e7ox m\u00fch\u00fcm amildir. \u0130qtisadi b\u00f6hran davam edirs\u0259, xeyriyy\u0259 \u0259n\u0259n\u0259l\u0259rini v\u0259 sosial m\u0259suliyy\u0259ti art\u0131rmaq h\u0259yati z\u0259rur\u0259t\u0259 \u00e7evrilir, bu, insana ba\u015fqas\u0131n\u0131n d\u0259rdin\u0259 yanmaq v\u0259 onu ba\u015fa d\u00fc\u015fm\u0259k qabiliyy\u0259ti a\u015f\u0131lay\u0131r. Bu, h\u0259yat\u0131m\u0131z\u0131n bir par\u00e7as\u0131na \u00e7evrilm\u0259lidir.<\/p>\n<p><strong>-Bir il \u0259vv\u0259l Az\u0259rbaycan Ell v\u0259 Nikki duetinin timsal\u0131nda D\u00fcsseldorfda \u201cEurovision\u201d mahn\u0131 yar\u0131\u015fmas\u0131nda q\u0259l\u0259b\u0259 qazand\u0131. \u201cEurovision-2012\u201d yar\u0131\u015fmas\u0131n\u0131n T\u0259\u015fkilat Komit\u0259sinin s\u0259dri kimi dey\u0259 bil\u0259rsinizmi, Az\u0259rbaycan bel\u0259 m\u00fch\u00fcm bir t\u0259dbir\u0259 ev sahibliyi etm\u0259y\u0259 nec\u0259 haz\u0131rla\u015f\u0131r?<\/strong><\/p>\n<p>-Dem\u0259liy\u0259m ki, \u201cEurovision\u201d mahn\u0131 yar\u0131\u015fmas\u0131nda t\u0259msil\u00e7il\u0259rimizin q\u0259l\u0259b\u0259sini xalq\u0131m\u0131z \u00e7ox b\u00f6y\u00fck co\u015fqu il\u0259 qar\u015f\u0131lad\u0131. Bir az\u0259rbaycanl\u0131, \u00f6lk\u0259min bir v\u0259t\u0259nda\u015f\u0131 kimi bu hadis\u0259 m\u0259n\u0259 h\u0259dsiz t\u0259sir etdi. Bu, h\u0259m i\u015ftirak\u00e7\u0131lar\u0131n, h\u0259m d\u0259 onlar\u0131n \u00e7\u0131x\u0131\u015f\u0131n\u0131 haz\u0131rlayanlar\u0131n b\u00f6y\u00fck u\u011furudur. \u201cEurovision\u201dda q\u0259l\u0259b\u0259 onu g\u00f6st\u0259rir ki, h\u0259yatda u\u011fur v\u0259 m\u0259suliyy\u0259t yana\u015f\u0131d\u0131r. Bel\u0259 irimiqyasl\u0131 yar\u0131\u015fmaya haz\u0131rl\u0131q bir \u00e7ox aspektl\u0259rd\u0259n as\u0131l\u0131d\u0131r: konsert zal\u0131, otell\u0259r, \u015f\u0259h\u0259r t\u0259chizat\u0131, infrastruktur. Bizim haz\u0131rl\u0131\u011f\u0131m\u0131z art\u0131q sona \u00e7at\u0131r. \u00dcmid edir\u0259m ki, haz\u0131rl\u0131\u011f\u0131m\u0131z\u0131n n\u0259tic\u0259l\u0259rini aprel ay\u0131nda yekunla\u015fd\u0131ra bil\u0259rik. Ba\u015fqa bir m\u0259s\u0259l\u0259ni qeyd etm\u0259k ist\u0259rdim. \u201cEurovision\u201d m\u00fcxt\u0259lif \u00f6lk\u0259l\u0259rin, m\u00fcxt\u0259lif xalqlar\u0131n v\u0259 m\u00fcxt\u0259lif m\u0259d\u0259niyy\u0259tl\u0259rin \u00fcmumi t\u0259nt\u0259n\u0259sidir. Az\u0259rbaycanda \u0259srl\u0259r boyu m\u00fcxt\u0259lif mill\u0259tl\u0259rin v\u0259 dinl\u0259rin n\u00fcmay\u0259nd\u0259l\u0259ri s\u00fclh v\u0259 harmoniya i\u00e7ind\u0259 dinc yana\u015f\u0131 ya\u015fay\u0131blar. Qit\u0259l\u0259rin v\u0259 sivilizasiyalar\u0131n qovu\u015fu\u011funda yerl\u0259\u015f\u0259n bir \u00f6lk\u0259 kimi, biz m\u00fcxt\u0259lif dinl\u0259rl\u0259, m\u00fcxt\u0259lif m\u0259d\u0259ni d\u0259y\u0259rl\u0259rl\u0259, ad\u0259t v\u0259 \u0259n\u0259n\u0259l\u0259rl\u0259 tan\u0131\u015f\u0131q. Bizim tolerantl\u0131q \u0259n\u0259n\u0259miz el\u0259 bir parlaq t\u0259m\u0259l yarad\u0131b ki, Az\u0259rbaycana g\u0259l\u0259n h\u0259r bir t\u0259\u015fkilat\u00e7\u0131, m\u00fc\u015fahid\u0259\u00e7i, yaxud adi tama\u015fa\u00e7\u0131 \u00fc\u00e7\u00fcn h\u0259r c\u00fcr \u015f\u0259rait yarada bil\u0259rik. \u00dcmid edir\u0259m ki, \u015e\u0259rq memarl\u0131q \u00fcslubu il\u0259 m\u00fcasir Avropa \u00fcslubunu \u00f6z\u00fcnd\u0259 birl\u0259\u015fdir\u0259n Bak\u0131n\u0131n g\u00f6z\u0259lliyi \u00f6z\u00fcn\u00fcn \u00e7e\u015fidli auras\u0131, mehribanl\u0131\u011f\u0131 v\u0259 qonaqp\u0259rv\u0259rliyi il\u0259 h\u0259tta \u0259n t\u0259l\u0259bkar qonaqlar\u0131n da ist\u0259yin\u0259 cavab ver\u0259c\u0259k. \u201cEurovision-2012\u201d mahn\u0131 yar\u0131\u015fmas\u0131 il\u0259 ba\u011fl\u0131 on minl\u0259rl\u0259 insan Bak\u0131ya g\u0259l\u0259c\u0259k. Biz onlar\u0131 q\u0259bul etm\u0259kd\u0259n m\u0259mnunuq.<\/p>\n","protected":false},"excerpt":{"rendered":"<p>N\u00fcfuzlu \u201cBusiness-year\u201d jurnal\u0131n\u0131n Az\u0259rbaycana h\u0259sr olunmu\u015f 2012-ci il tarixli x\u00fcsusi burax\u0131l\u0131\u015f\u0131nda birinci xan\u0131m, Heyd\u0259r \u018fliyev Fondunun prezidenti, Milli M\u0259clisin deputat\u0131 Mehriban \u018fliyevan\u0131n m\u00fcsahib\u0259si d\u0259rc olunub. www.zerdab.com sayt\u0131 q\u0131sa ixtisarla Az\u0259rTAc-a istinad\u0259n h\u0259min m\u00fcsahib\u0259ni t\u0259qdim edir. -Siz d\u00fcnyada \u0259n i\u015fg\u00fczar birinci xan\u0131m kimi tan\u0131n\u0131rs\u0131n\u0131z. Siz Heyd\u0259r \u018fliyev Fondunun, Az\u0259rbaycan M\u0259d\u0259niyy\u0259tinin Dostlar\u0131 Fondunun, Az\u0259rbaycan Gimnastika Federasiyas\u0131n\u0131n r\u0259hb\u0259ri, [&hellip;]<\/p>\n","protected":false},"author":1,"featured_media":0,"comment_status":"open","ping_status":"open","sticky":false,"template":"","format":"standard","meta":{"footnotes":""},"categories":[5],"tags":[],"class_list":{"0":"post-1717","1":"post","2":"type-post","3":"status-publish","4":"format-standard","6":"category-knd"},"yoast_head":"<!-- This site is optimized with the Yoast SEO plugin v27.0 - https:\/\/yoast.com\/product\/yoast-seo-wordpress\/ -->\n<title>&quot;\u0130nsan\u0131n hissl\u0259ri, daxili duyumu \u00e7ox m\u00fch\u00fcm amildir&quot; - Z\u0259rdab.com<\/title>\n<meta name=\"robots\" content=\"index, follow, max-snippet:-1, max-image-preview:large, max-video-preview:-1\" \/>\n<link rel=\"canonical\" href=\"https:\/\/www.zerdab.com\/?p=1717\" \/>\n<meta property=\"og:locale\" content=\"az_AZ\" \/>\n<meta property=\"og:type\" content=\"article\" \/>\n<meta property=\"og:title\" content=\"&quot;\u0130nsan\u0131n hissl\u0259ri, daxili duyumu \u00e7ox m\u00fch\u00fcm amildir&quot; - Z\u0259rdab.com\" \/>\n<meta property=\"og:description\" content=\"N\u00fcfuzlu \u201cBusiness-year\u201d jurnal\u0131n\u0131n Az\u0259rbaycana h\u0259sr olunmu\u015f 2012-ci il tarixli x\u00fcsusi burax\u0131l\u0131\u015f\u0131nda birinci xan\u0131m, Heyd\u0259r \u018fliyev Fondunun prezidenti, Milli M\u0259clisin deputat\u0131 Mehriban \u018fliyevan\u0131n m\u00fcsahib\u0259si d\u0259rc olunub. www.zerdab.com sayt\u0131 q\u0131sa ixtisarla Az\u0259rTAc-a istinad\u0259n h\u0259min m\u00fcsahib\u0259ni t\u0259qdim edir. -Siz d\u00fcnyada \u0259n i\u015fg\u00fczar birinci xan\u0131m kimi tan\u0131n\u0131rs\u0131n\u0131z. Siz Heyd\u0259r \u018fliyev Fondunun, Az\u0259rbaycan M\u0259d\u0259niyy\u0259tinin Dostlar\u0131 Fondunun, Az\u0259rbaycan Gimnastika Federasiyas\u0131n\u0131n r\u0259hb\u0259ri, [&hellip;]\" \/>\n<meta property=\"og:url\" content=\"https:\/\/www.zerdab.com\/?p=1717\" \/>\n<meta property=\"og:site_name\" content=\"Z\u0259rdab.com\" \/>\n<meta property=\"article:published_time\" content=\"2012-05-11T04:25:10+00:00\" \/>\n<meta property=\"article:modified_time\" content=\"2012-05-11T04:26:21+00:00\" \/>\n<meta property=\"og:image\" content=\"http:\/\/www.zerdab.com\/wp-content\/uploads\/2012\/05\/5c07b20dae281.jpg\" \/>\n<meta name=\"author\" content=\"admin\" \/>\n<meta name=\"twitter:card\" content=\"summary_large_image\" \/>\n<meta name=\"twitter:label1\" content=\"Written by\" \/>\n\t<meta name=\"twitter:data1\" content=\"admin\" \/>\n\t<meta name=\"twitter:label2\" content=\"Est. reading time\" \/>\n\t<meta name=\"twitter:data2\" content=\"11 minutes\" \/>\n<script type=\"application\/ld+json\" class=\"yoast-schema-graph\">{\"@context\":\"https:\/\/schema.org\",\"@graph\":[{\"@type\":\"Article\",\"@id\":\"https:\/\/www.zerdab.com\/?p=1717#article\",\"isPartOf\":{\"@id\":\"https:\/\/www.zerdab.com\/?p=1717\"},\"author\":{\"name\":\"admin\",\"@id\":\"https:\/\/www.zerdab.com\/#\/schema\/person\/97079b7570c1e89ec0d9e138c3672136\"},\"headline\":\"&#8220;\u0130nsan\u0131n hissl\u0259ri, daxili duyumu \u00e7ox m\u00fch\u00fcm amildir&#8221;\",\"datePublished\":\"2012-05-11T04:25:10+00:00\",\"dateModified\":\"2012-05-11T04:26:21+00:00\",\"mainEntityOfPage\":{\"@id\":\"https:\/\/www.zerdab.com\/?p=1717\"},\"wordCount\":2282,\"commentCount\":0,\"image\":{\"@id\":\"https:\/\/www.zerdab.com\/?p=1717#primaryimage\"},\"thumbnailUrl\":\"http:\/\/www.zerdab.com\/wp-content\/uploads\/2012\/05\/5c07b20dae281.jpg\",\"articleSection\":[\"X\u018fB\u018fRL\u018fR\"],\"inLanguage\":\"az\",\"potentialAction\":[{\"@type\":\"CommentAction\",\"name\":\"Comment\",\"target\":[\"https:\/\/www.zerdab.com\/?p=1717#respond\"]}]},{\"@type\":\"WebPage\",\"@id\":\"https:\/\/www.zerdab.com\/?p=1717\",\"url\":\"https:\/\/www.zerdab.com\/?p=1717\",\"name\":\"\\\"\u0130nsan\u0131n hissl\u0259ri, daxili duyumu \u00e7ox m\u00fch\u00fcm amildir\\\" - Z\u0259rdab.com\",\"isPartOf\":{\"@id\":\"https:\/\/www.zerdab.com\/#website\"},\"primaryImageOfPage\":{\"@id\":\"https:\/\/www.zerdab.com\/?p=1717#primaryimage\"},\"image\":{\"@id\":\"https:\/\/www.zerdab.com\/?p=1717#primaryimage\"},\"thumbnailUrl\":\"http:\/\/www.zerdab.com\/wp-content\/uploads\/2012\/05\/5c07b20dae281.jpg\",\"datePublished\":\"2012-05-11T04:25:10+00:00\",\"dateModified\":\"2012-05-11T04:26:21+00:00\",\"author\":{\"@id\":\"https:\/\/www.zerdab.com\/#\/schema\/person\/97079b7570c1e89ec0d9e138c3672136\"},\"breadcrumb\":{\"@id\":\"https:\/\/www.zerdab.com\/?p=1717#breadcrumb\"},\"inLanguage\":\"az\",\"potentialAction\":[{\"@type\":\"ReadAction\",\"target\":[\"https:\/\/www.zerdab.com\/?p=1717\"]}]},{\"@type\":\"ImageObject\",\"inLanguage\":\"az\",\"@id\":\"https:\/\/www.zerdab.com\/?p=1717#primaryimage\",\"url\":\"\",\"contentUrl\":\"\"},{\"@type\":\"BreadcrumbList\",\"@id\":\"https:\/\/www.zerdab.com\/?p=1717#breadcrumb\",\"itemListElement\":[{\"@type\":\"ListItem\",\"position\":1,\"name\":\"Home\",\"item\":\"https:\/\/www.zerdab.com\/\"},{\"@type\":\"ListItem\",\"position\":2,\"name\":\"&#8220;\u0130nsan\u0131n hissl\u0259ri, daxili duyumu \u00e7ox m\u00fch\u00fcm amildir&#8221;\"}]},{\"@type\":\"WebSite\",\"@id\":\"https:\/\/www.zerdab.com\/#website\",\"url\":\"https:\/\/www.zerdab.com\/\",\"name\":\"Z\u0259rdab.com\",\"description\":\"\",\"potentialAction\":[{\"@type\":\"SearchAction\",\"target\":{\"@type\":\"EntryPoint\",\"urlTemplate\":\"https:\/\/www.zerdab.com\/?s={search_term_string}\"},\"query-input\":{\"@type\":\"PropertyValueSpecification\",\"valueRequired\":true,\"valueName\":\"search_term_string\"}}],\"inLanguage\":\"az\"},{\"@type\":\"Person\",\"@id\":\"https:\/\/www.zerdab.com\/#\/schema\/person\/97079b7570c1e89ec0d9e138c3672136\",\"name\":\"admin\",\"image\":{\"@type\":\"ImageObject\",\"inLanguage\":\"az\",\"@id\":\"https:\/\/www.zerdab.com\/#\/schema\/person\/image\/\",\"url\":\"https:\/\/secure.gravatar.com\/avatar\/d9c52a9a27c32119cb6679a077fa3e2779e5f822c451cbf01098004361d466ec?s=96&d=mm&r=g\",\"contentUrl\":\"https:\/\/secure.gravatar.com\/avatar\/d9c52a9a27c32119cb6679a077fa3e2779e5f822c451cbf01098004361d466ec?s=96&d=mm&r=g\",\"caption\":\"admin\"},\"url\":\"https:\/\/www.zerdab.com\/?author=1\"}]}<\/script>\n<!-- \/ Yoast SEO plugin. -->","yoast_head_json":{"title":"\"\u0130nsan\u0131n hissl\u0259ri, daxili duyumu \u00e7ox m\u00fch\u00fcm amildir\" - Z\u0259rdab.com","robots":{"index":"index","follow":"follow","max-snippet":"max-snippet:-1","max-image-preview":"max-image-preview:large","max-video-preview":"max-video-preview:-1"},"canonical":"https:\/\/www.zerdab.com\/?p=1717","og_locale":"az_AZ","og_type":"article","og_title":"\"\u0130nsan\u0131n hissl\u0259ri, daxili duyumu \u00e7ox m\u00fch\u00fcm amildir\" - Z\u0259rdab.com","og_description":"N\u00fcfuzlu \u201cBusiness-year\u201d jurnal\u0131n\u0131n Az\u0259rbaycana h\u0259sr olunmu\u015f 2012-ci il tarixli x\u00fcsusi burax\u0131l\u0131\u015f\u0131nda birinci xan\u0131m, Heyd\u0259r \u018fliyev Fondunun prezidenti, Milli M\u0259clisin deputat\u0131 Mehriban \u018fliyevan\u0131n m\u00fcsahib\u0259si d\u0259rc olunub. www.zerdab.com sayt\u0131 q\u0131sa ixtisarla Az\u0259rTAc-a istinad\u0259n h\u0259min m\u00fcsahib\u0259ni t\u0259qdim edir. -Siz d\u00fcnyada \u0259n i\u015fg\u00fczar birinci xan\u0131m kimi tan\u0131n\u0131rs\u0131n\u0131z. Siz Heyd\u0259r \u018fliyev Fondunun, Az\u0259rbaycan M\u0259d\u0259niyy\u0259tinin Dostlar\u0131 Fondunun, Az\u0259rbaycan Gimnastika Federasiyas\u0131n\u0131n r\u0259hb\u0259ri, [&hellip;]","og_url":"https:\/\/www.zerdab.com\/?p=1717","og_site_name":"Z\u0259rdab.com","article_published_time":"2012-05-11T04:25:10+00:00","article_modified_time":"2012-05-11T04:26:21+00:00","og_image":[{"url":"http:\/\/www.zerdab.com\/wp-content\/uploads\/2012\/05\/5c07b20dae281.jpg","type":"","width":"","height":""}],"author":"admin","twitter_card":"summary_large_image","twitter_misc":{"Written by":"admin","Est. reading time":"11 minutes"},"schema":{"@context":"https:\/\/schema.org","@graph":[{"@type":"Article","@id":"https:\/\/www.zerdab.com\/?p=1717#article","isPartOf":{"@id":"https:\/\/www.zerdab.com\/?p=1717"},"author":{"name":"admin","@id":"https:\/\/www.zerdab.com\/#\/schema\/person\/97079b7570c1e89ec0d9e138c3672136"},"headline":"&#8220;\u0130nsan\u0131n hissl\u0259ri, daxili duyumu \u00e7ox m\u00fch\u00fcm amildir&#8221;","datePublished":"2012-05-11T04:25:10+00:00","dateModified":"2012-05-11T04:26:21+00:00","mainEntityOfPage":{"@id":"https:\/\/www.zerdab.com\/?p=1717"},"wordCount":2282,"commentCount":0,"image":{"@id":"https:\/\/www.zerdab.com\/?p=1717#primaryimage"},"thumbnailUrl":"http:\/\/www.zerdab.com\/wp-content\/uploads\/2012\/05\/5c07b20dae281.jpg","articleSection":["X\u018fB\u018fRL\u018fR"],"inLanguage":"az","potentialAction":[{"@type":"CommentAction","name":"Comment","target":["https:\/\/www.zerdab.com\/?p=1717#respond"]}]},{"@type":"WebPage","@id":"https:\/\/www.zerdab.com\/?p=1717","url":"https:\/\/www.zerdab.com\/?p=1717","name":"\"\u0130nsan\u0131n hissl\u0259ri, daxili duyumu \u00e7ox m\u00fch\u00fcm amildir\" - Z\u0259rdab.com","isPartOf":{"@id":"https:\/\/www.zerdab.com\/#website"},"primaryImageOfPage":{"@id":"https:\/\/www.zerdab.com\/?p=1717#primaryimage"},"image":{"@id":"https:\/\/www.zerdab.com\/?p=1717#primaryimage"},"thumbnailUrl":"http:\/\/www.zerdab.com\/wp-content\/uploads\/2012\/05\/5c07b20dae281.jpg","datePublished":"2012-05-11T04:25:10+00:00","dateModified":"2012-05-11T04:26:21+00:00","author":{"@id":"https:\/\/www.zerdab.com\/#\/schema\/person\/97079b7570c1e89ec0d9e138c3672136"},"breadcrumb":{"@id":"https:\/\/www.zerdab.com\/?p=1717#breadcrumb"},"inLanguage":"az","potentialAction":[{"@type":"ReadAction","target":["https:\/\/www.zerdab.com\/?p=1717"]}]},{"@type":"ImageObject","inLanguage":"az","@id":"https:\/\/www.zerdab.com\/?p=1717#primaryimage","url":"","contentUrl":""},{"@type":"BreadcrumbList","@id":"https:\/\/www.zerdab.com\/?p=1717#breadcrumb","itemListElement":[{"@type":"ListItem","position":1,"name":"Home","item":"https:\/\/www.zerdab.com\/"},{"@type":"ListItem","position":2,"name":"&#8220;\u0130nsan\u0131n hissl\u0259ri, daxili duyumu \u00e7ox m\u00fch\u00fcm amildir&#8221;"}]},{"@type":"WebSite","@id":"https:\/\/www.zerdab.com\/#website","url":"https:\/\/www.zerdab.com\/","name":"Z\u0259rdab.com","description":"","potentialAction":[{"@type":"SearchAction","target":{"@type":"EntryPoint","urlTemplate":"https:\/\/www.zerdab.com\/?s={search_term_string}"},"query-input":{"@type":"PropertyValueSpecification","valueRequired":true,"valueName":"search_term_string"}}],"inLanguage":"az"},{"@type":"Person","@id":"https:\/\/www.zerdab.com\/#\/schema\/person\/97079b7570c1e89ec0d9e138c3672136","name":"admin","image":{"@type":"ImageObject","inLanguage":"az","@id":"https:\/\/www.zerdab.com\/#\/schema\/person\/image\/","url":"https:\/\/secure.gravatar.com\/avatar\/d9c52a9a27c32119cb6679a077fa3e2779e5f822c451cbf01098004361d466ec?s=96&d=mm&r=g","contentUrl":"https:\/\/secure.gravatar.com\/avatar\/d9c52a9a27c32119cb6679a077fa3e2779e5f822c451cbf01098004361d466ec?s=96&d=mm&r=g","caption":"admin"},"url":"https:\/\/www.zerdab.com\/?author=1"}]}},"_links":{"self":[{"href":"https:\/\/www.zerdab.com\/index.php?rest_route=\/wp\/v2\/posts\/1717","targetHints":{"allow":["GET"]}}],"collection":[{"href":"https:\/\/www.zerdab.com\/index.php?rest_route=\/wp\/v2\/posts"}],"about":[{"href":"https:\/\/www.zerdab.com\/index.php?rest_route=\/wp\/v2\/types\/post"}],"author":[{"embeddable":true,"href":"https:\/\/www.zerdab.com\/index.php?rest_route=\/wp\/v2\/users\/1"}],"replies":[{"embeddable":true,"href":"https:\/\/www.zerdab.com\/index.php?rest_route=%2Fwp%2Fv2%2Fcomments&post=1717"}],"version-history":[{"count":4,"href":"https:\/\/www.zerdab.com\/index.php?rest_route=\/wp\/v2\/posts\/1717\/revisions"}],"predecessor-version":[{"id":1724,"href":"https:\/\/www.zerdab.com\/index.php?rest_route=\/wp\/v2\/posts\/1717\/revisions\/1724"}],"wp:attachment":[{"href":"https:\/\/www.zerdab.com\/index.php?rest_route=%2Fwp%2Fv2%2Fmedia&parent=1717"}],"wp:term":[{"taxonomy":"category","embeddable":true,"href":"https:\/\/www.zerdab.com\/index.php?rest_route=%2Fwp%2Fv2%2Fcategories&post=1717"},{"taxonomy":"post_tag","embeddable":true,"href":"https:\/\/www.zerdab.com\/index.php?rest_route=%2Fwp%2Fv2%2Ftags&post=1717"}],"curies":[{"name":"wp","href":"https:\/\/api.w.org\/{rel}","templated":true}]}}